{"id":40,"date":"2018-01-26T15:03:38","date_gmt":"2018-01-26T13:03:38","guid":{"rendered":"https:\/\/blogit.gradia.fi\/yhdessaenemman\/?p=40"},"modified":"2018-02-28T11:44:53","modified_gmt":"2018-02-28T09:44:53","slug":"yhdessa-enemman-tyoelama-ja-yrityspalvelut-gradiassa","status":"publish","type":"post","link":"https:\/\/blogit.gradia.fi\/yhdessaenemman\/2018\/01\/26\/yhdessa-enemman-tyoelama-ja-yrityspalvelut-gradiassa\/","title":{"rendered":"Yhdess\u00e4 enemm\u00e4n &#8211; Ty\u00f6el\u00e4m\u00e4- ja yrityspalvelut Gradiassa"},"content":{"rendered":"<p><span style=\"color: #000000;font-family: Calibri\">Mihin ihmeeseen ottaa yhteytt\u00e4 kun oman yrityksen kasvu vaatisi osaamisen p\u00e4ivityst\u00e4, r\u00e4\u00e4t\u00e4l\u00f6ity\u00e4 kurssia tai vaikkapa oppisopimuskoulutusta?<\/span><\/p>\n<p><span style=\"color: #000000;font-family: Calibri\">Kaikki koulutus n\u00e4ytt\u00e4isi olevan nyt yhdess\u00e4 ja samassa paikassa; nuoret ja aikuiset, lukio ja ammatillinen, oppisopimus ja yritysten tarpeisiin r\u00e4\u00e4t\u00e4l\u00f6it\u00e4v\u00e4 koulutus, lasten ja nuorten musiikin ja tanssin harrastusmahdollisuudet. Gradia- yhdess\u00e4 enemm\u00e4n, astetta paremmin. Mist\u00e4 ihmeest\u00e4 on kysymys? N\u00e4ihin kysymyksiin t\u00f6rm\u00e4simme vuodenvaihteessa ja edelleen. Elet\u00e4\u00e4nh\u00e4n nyt vasta\u00a0tammikuuta ja lainmuutokset ja nimiuudistus ovat viel\u00e4 tuoreita.<\/span><\/p>\n<p><span style=\"color: #000000;font-family: Calibri\">N\u00e4kyvimpi\u00e4 uudistuksia ovat keskitetyt opiskelijapalvelut sek\u00e4 ty\u00f6el\u00e4m\u00e4- ja yrityspalvelut. Johtaja Vesa Saarikoski kertoo Gradian nettisivuilla organisaation uudistuksen tarkoituksen olevan pyrki\u00e4 my\u00f6s uudistamaan toimintaa rohkeasti asiakkaan hyv\u00e4ksi. <\/span><\/p>\n<p><em><img loading=\"lazy\" decoding=\"async\" class=\"alignnone size-medium wp-image-19\" src=\"https:\/\/blogit.gradia.fi\/yhdessaenemman\/wp-content\/uploads\/sites\/17\/2018\/01\/cropped-G_TPA_kuva3-300x300.jpg\" alt=\"\" width=\"300\" height=\"300\" srcset=\"https:\/\/blogit.gradia.fi\/yhdessaenemman\/wp-content\/uploads\/sites\/17\/2018\/01\/cropped-G_TPA_kuva3-300x300.jpg 300w, https:\/\/blogit.gradia.fi\/yhdessaenemman\/wp-content\/uploads\/sites\/17\/2018\/01\/cropped-G_TPA_kuva3-150x150.jpg 150w, https:\/\/blogit.gradia.fi\/yhdessaenemman\/wp-content\/uploads\/sites\/17\/2018\/01\/cropped-G_TPA_kuva3-270x270.jpg 270w, https:\/\/blogit.gradia.fi\/yhdessaenemman\/wp-content\/uploads\/sites\/17\/2018\/01\/cropped-G_TPA_kuva3-192x192.jpg 192w, https:\/\/blogit.gradia.fi\/yhdessaenemman\/wp-content\/uploads\/sites\/17\/2018\/01\/cropped-G_TPA_kuva3-180x180.jpg 180w, https:\/\/blogit.gradia.fi\/yhdessaenemman\/wp-content\/uploads\/sites\/17\/2018\/01\/cropped-G_TPA_kuva3-32x32.jpg 32w, https:\/\/blogit.gradia.fi\/yhdessaenemman\/wp-content\/uploads\/sites\/17\/2018\/01\/cropped-G_TPA_kuva3.jpg 512w\" sizes=\"auto, (max-width: 300px) 100vw, 300px\" \/><\/em><\/p>\n<p><em>Gradian Ty\u00f6el\u00e4m\u00e4- ja yrityspalvelut esitt\u00e4ytyi Kasvu Open karnevaaleilla lokakuussa 2017 uudistuneella ilmeell\u00e4. Kuvassa yksik\u00f6njohtaja Kaija Haapasaari, asiakkuusp\u00e4\u00e4llik\u00f6t Marleena Tuuri, Petra Lepp\u00e4harju-Lipits\u00e4, Marko Saaranen ja Pauliina Holm.<\/em><\/p>\n<p><span style=\"color: #000000;font-family: Calibri\">Ty\u00f6el\u00e4m\u00e4- ja yrityspalveluiden tavoitteena on toimia osaamisen kehitt\u00e4misen kumppanina erityisesti t\u00e4\u00e4ll\u00e4 Keski-Suomessa. My\u00f6s koulutusvienti on yksi osa toimintaa. Koulutusta ja r\u00e4\u00e4t\u00e4l\u00f6ityj\u00e4 palveluita kehit\u00e4mme tiiviiss\u00e4 yhteisty\u00f6ss\u00e4 alojemme asiantuntijoiden, opettajien ja kouluttajien kanssa. <\/span><\/p>\n<p><span style=\"color: #000000;font-family: Calibri\">Ota meihin rohkeasti yhteytt\u00e4! <\/span><\/p>\n","protected":false},"excerpt":{"rendered":"<p>Mihin ihmeeseen ottaa yhteytt\u00e4 kun oman yrityksen kasvu vaatisi osaamisen p\u00e4ivityst\u00e4, r\u00e4\u00e4t\u00e4l\u00f6ity\u00e4 kurssia tai vaikkapa oppisopimuskoulutusta? Kaikki koulutus n\u00e4ytt\u00e4isi olevan nyt yhdess\u00e4 ja samassa paikassa; nuoret ja aikuiset, lukio ja ammatillinen, oppisopimus ja yritysten tarpeisiin r\u00e4\u00e4t\u00e4l\u00f6it\u00e4v\u00e4 koulutus, lasten ja nuorten musiikin ja tanssin harrastusmahdollisuudet. Gradia- yhdess\u00e4 enemm\u00e4n, astetta paremmin. Mist\u00e4 ihmeest\u00e4 on kysymys? N\u00e4ihin kysymyksiin &hellip; <a href=\"https:\/\/blogit.gradia.fi\/yhdessaenemman\/2018\/01\/26\/yhdessa-enemman-tyoelama-ja-yrityspalvelut-gradiassa\/\" class=\"more-link\">Jatka lukemista <span class=\"screen-reader-text\">Yhdess\u00e4 enemm\u00e4n &#8211; Ty\u00f6el\u00e4m\u00e4- ja yrityspalvelut Gradiassa<\/span> <span class=\"meta-nav\">&rarr;<\/span><\/a><\/p>\n","protected":false},"author":109,"featured_media":0,"comment_status":"open","ping_status":"open","sticky":false,"template":"","format":"standard","meta":{"_uag_custom_page_level_css":"","footnotes":""},"categories":[1],"tags":[14,8,10,9,4,2,12,3,11,13,7,5,6],"class_list":["post-40","post","type-post","status-publish","format-standard","hentry","category-yleinen","tag-aikuiskoulutus","tag-asiakas","tag-asiantuntija","tag-elinkeino","tag-koulutuspalvelut","tag-kumppani","tag-oppisopimus","tag-tyoelama","tag-tyoelamalahtoisyys","tag-tyopaikalla-tapahtuva-oppiminen","tag-tyopaikka","tag-yrittajyys","tag-yritys"],"yoast_head":"<!-- This site is optimized with the Yoast SEO plugin v27.5 - https:\/\/yoast.com\/product\/yoast-seo-wordpress\/ -->\n<title>Yhdess\u00e4 enemm\u00e4n - Ty\u00f6el\u00e4m\u00e4- ja yrityspalvelut Gradiassa - Yhdess\u00e4 enemm\u00e4n<\/title>\n<meta name=\"robots\" content=\"index, follow, max-snippet:-1, max-image-preview:large, max-video-preview:-1\" \/>\n<link rel=\"canonical\" href=\"https:\/\/blogit.gradia.fi\/yhdessaenemman\/2018\/01\/26\/yhdessa-enemman-tyoelama-ja-yrityspalvelut-gradiassa\/\" \/>\n<meta property=\"og:locale\" content=\"fi_FI\" \/>\n<meta property=\"og:type\" content=\"article\" \/>\n<meta property=\"og:title\" content=\"Yhdess\u00e4 enemm\u00e4n - Ty\u00f6el\u00e4m\u00e4- ja yrityspalvelut Gradiassa - Yhdess\u00e4 enemm\u00e4n\" \/>\n<meta property=\"og:description\" content=\"Mihin ihmeeseen ottaa yhteytt\u00e4 kun oman yrityksen kasvu vaatisi osaamisen p\u00e4ivityst\u00e4, r\u00e4\u00e4t\u00e4l\u00f6ity\u00e4 kurssia tai vaikkapa oppisopimuskoulutusta? Kaikki koulutus n\u00e4ytt\u00e4isi olevan nyt yhdess\u00e4 ja samassa paikassa; nuoret ja aikuiset, lukio ja ammatillinen, oppisopimus ja yritysten tarpeisiin r\u00e4\u00e4t\u00e4l\u00f6it\u00e4v\u00e4 koulutus, lasten ja nuorten musiikin ja tanssin harrastusmahdollisuudet. Gradia- yhdess\u00e4 enemm\u00e4n, astetta paremmin. Mist\u00e4 ihmeest\u00e4 on kysymys? N\u00e4ihin kysymyksiin &hellip; Jatka lukemista Yhdess\u00e4 enemm\u00e4n &#8211; Ty\u00f6el\u00e4m\u00e4- ja yrityspalvelut Gradiassa &rarr;\" \/>\n<meta property=\"og:url\" content=\"https:\/\/blogit.gradia.fi\/yhdessaenemman\/2018\/01\/26\/yhdessa-enemman-tyoelama-ja-yrityspalvelut-gradiassa\/\" \/>\n<meta property=\"og:site_name\" content=\"Yhdess\u00e4 enemm\u00e4n\" \/>\n<meta property=\"article:published_time\" content=\"2018-01-26T13:03:38+00:00\" \/>\n<meta property=\"article:modified_time\" content=\"2018-02-28T09:44:53+00:00\" \/>\n<meta property=\"og:image\" content=\"https:\/\/blogit.gradia.fi\/yhdessaenemman\/wp-content\/uploads\/sites\/17\/2018\/01\/cropped-G_TPA_kuva3-300x300.jpg\" \/>\n<meta name=\"author\" content=\"Riikka \u00c5lander\" \/>\n<meta name=\"twitter:card\" content=\"summary_large_image\" \/>\n<meta name=\"twitter:label1\" content=\"Kirjoittanut\" \/>\n\t<meta name=\"twitter:data1\" content=\"Riikka \u00c5lander\" \/>\n\t<meta name=\"twitter:label2\" content=\"Arvioitu lukuaika\" \/>\n\t<meta name=\"twitter:data2\" content=\"1 minuutti\" \/>\n<script type=\"application\/ld+json\" class=\"yoast-schema-graph\">{\"@context\":\"https:\\\/\\\/schema.org\",\"@graph\":[{\"@type\":\"Article\",\"@id\":\"https:\\\/\\\/blogit.gradia.fi\\\/yhdessaenemman\\\/2018\\\/01\\\/26\\\/yhdessa-enemman-tyoelama-ja-yrityspalvelut-gradiassa\\\/#article\",\"isPartOf\":{\"@id\":\"https:\\\/\\\/blogit.gradia.fi\\\/yhdessaenemman\\\/2018\\\/01\\\/26\\\/yhdessa-enemman-tyoelama-ja-yrityspalvelut-gradiassa\\\/\"},\"author\":{\"name\":\"Riikka \u00c5lander\",\"@id\":\"https:\\\/\\\/blogit.gradia.fi\\\/yhdessaenemman\\\/#\\\/schema\\\/person\\\/898fea106153ba30853346fccfef3aea\"},\"headline\":\"Yhdess\u00e4 enemm\u00e4n &#8211; Ty\u00f6el\u00e4m\u00e4- ja yrityspalvelut Gradiassa\",\"datePublished\":\"2018-01-26T13:03:38+00:00\",\"dateModified\":\"2018-02-28T09:44:53+00:00\",\"mainEntityOfPage\":{\"@id\":\"https:\\\/\\\/blogit.gradia.fi\\\/yhdessaenemman\\\/2018\\\/01\\\/26\\\/yhdessa-enemman-tyoelama-ja-yrityspalvelut-gradiassa\\\/\"},\"wordCount\":208,\"commentCount\":0,\"image\":{\"@id\":\"https:\\\/\\\/blogit.gradia.fi\\\/yhdessaenemman\\\/2018\\\/01\\\/26\\\/yhdessa-enemman-tyoelama-ja-yrityspalvelut-gradiassa\\\/#primaryimage\"},\"thumbnailUrl\":\"https:\\\/\\\/blogit.gradia.fi\\\/yhdessaenemman\\\/wp-content\\\/uploads\\\/sites\\\/17\\\/2018\\\/01\\\/cropped-G_TPA_kuva3-300x300.jpg\",\"keywords\":[\"Aikuiskoulutus\",\"Asiakas\",\"Asiantuntija\",\"Elinkeino\",\"Koulutuspalvelut\",\"Kumppani\",\"Oppisopimus\",\"Ty\u00f6el\u00e4m\u00e4\",\"Ty\u00f6el\u00e4m\u00e4l\u00e4ht\u00f6isyys\",\"Ty\u00f6paikalla tapahtuva oppiminen\",\"Ty\u00f6paikka\",\"Yritt\u00e4jyys\",\"Yritys\"],\"inLanguage\":\"fi\",\"potentialAction\":[{\"@type\":\"CommentAction\",\"name\":\"Comment\",\"target\":[\"https:\\\/\\\/blogit.gradia.fi\\\/yhdessaenemman\\\/2018\\\/01\\\/26\\\/yhdessa-enemman-tyoelama-ja-yrityspalvelut-gradiassa\\\/#respond\"]}]},{\"@type\":\"WebPage\",\"@id\":\"https:\\\/\\\/blogit.gradia.fi\\\/yhdessaenemman\\\/2018\\\/01\\\/26\\\/yhdessa-enemman-tyoelama-ja-yrityspalvelut-gradiassa\\\/\",\"url\":\"https:\\\/\\\/blogit.gradia.fi\\\/yhdessaenemman\\\/2018\\\/01\\\/26\\\/yhdessa-enemman-tyoelama-ja-yrityspalvelut-gradiassa\\\/\",\"name\":\"Yhdess\u00e4 enemm\u00e4n - Ty\u00f6el\u00e4m\u00e4- ja yrityspalvelut Gradiassa - Yhdess\u00e4 enemm\u00e4n\",\"isPartOf\":{\"@id\":\"https:\\\/\\\/blogit.gradia.fi\\\/yhdessaenemman\\\/#website\"},\"primaryImageOfPage\":{\"@id\":\"https:\\\/\\\/blogit.gradia.fi\\\/yhdessaenemman\\\/2018\\\/01\\\/26\\\/yhdessa-enemman-tyoelama-ja-yrityspalvelut-gradiassa\\\/#primaryimage\"},\"image\":{\"@id\":\"https:\\\/\\\/blogit.gradia.fi\\\/yhdessaenemman\\\/2018\\\/01\\\/26\\\/yhdessa-enemman-tyoelama-ja-yrityspalvelut-gradiassa\\\/#primaryimage\"},\"thumbnailUrl\":\"https:\\\/\\\/blogit.gradia.fi\\\/yhdessaenemman\\\/wp-content\\\/uploads\\\/sites\\\/17\\\/2018\\\/01\\\/cropped-G_TPA_kuva3-300x300.jpg\",\"datePublished\":\"2018-01-26T13:03:38+00:00\",\"dateModified\":\"2018-02-28T09:44:53+00:00\",\"author\":{\"@id\":\"https:\\\/\\\/blogit.gradia.fi\\\/yhdessaenemman\\\/#\\\/schema\\\/person\\\/898fea106153ba30853346fccfef3aea\"},\"breadcrumb\":{\"@id\":\"https:\\\/\\\/blogit.gradia.fi\\\/yhdessaenemman\\\/2018\\\/01\\\/26\\\/yhdessa-enemman-tyoelama-ja-yrityspalvelut-gradiassa\\\/#breadcrumb\"},\"inLanguage\":\"fi\",\"potentialAction\":[{\"@type\":\"ReadAction\",\"target\":[\"https:\\\/\\\/blogit.gradia.fi\\\/yhdessaenemman\\\/2018\\\/01\\\/26\\\/yhdessa-enemman-tyoelama-ja-yrityspalvelut-gradiassa\\\/\"]}]},{\"@type\":\"ImageObject\",\"inLanguage\":\"fi\",\"@id\":\"https:\\\/\\\/blogit.gradia.fi\\\/yhdessaenemman\\\/2018\\\/01\\\/26\\\/yhdessa-enemman-tyoelama-ja-yrityspalvelut-gradiassa\\\/#primaryimage\",\"url\":\"https:\\\/\\\/blogit.gradia.fi\\\/yhdessaenemman\\\/wp-content\\\/uploads\\\/sites\\\/17\\\/2018\\\/01\\\/cropped-G_TPA_kuva3.jpg\",\"contentUrl\":\"https:\\\/\\\/blogit.gradia.fi\\\/yhdessaenemman\\\/wp-content\\\/uploads\\\/sites\\\/17\\\/2018\\\/01\\\/cropped-G_TPA_kuva3.jpg\",\"width\":512,\"height\":512},{\"@type\":\"BreadcrumbList\",\"@id\":\"https:\\\/\\\/blogit.gradia.fi\\\/yhdessaenemman\\\/2018\\\/01\\\/26\\\/yhdessa-enemman-tyoelama-ja-yrityspalvelut-gradiassa\\\/#breadcrumb\",\"itemListElement\":[{\"@type\":\"ListItem\",\"position\":1,\"name\":\"Home\",\"item\":\"https:\\\/\\\/blogit.gradia.fi\\\/yhdessaenemman\\\/\"},{\"@type\":\"ListItem\",\"position\":2,\"name\":\"Yhdess\u00e4 enemm\u00e4n &#8211; Ty\u00f6el\u00e4m\u00e4- ja yrityspalvelut Gradiassa\"}]},{\"@type\":\"WebSite\",\"@id\":\"https:\\\/\\\/blogit.gradia.fi\\\/yhdessaenemman\\\/#website\",\"url\":\"https:\\\/\\\/blogit.gradia.fi\\\/yhdessaenemman\\\/\",\"name\":\"Yhdess\u00e4 enemm\u00e4n\",\"description\":\"Gradia Ty\u00f6el\u00e4m\u00e4- ja yrityspalvelut kumppaninasi\",\"potentialAction\":[{\"@type\":\"SearchAction\",\"target\":{\"@type\":\"EntryPoint\",\"urlTemplate\":\"https:\\\/\\\/blogit.gradia.fi\\\/yhdessaenemman\\\/?s={search_term_string}\"},\"query-input\":{\"@type\":\"PropertyValueSpecification\",\"valueRequired\":true,\"valueName\":\"search_term_string\"}}],\"inLanguage\":\"fi\"},{\"@type\":\"Person\",\"@id\":\"https:\\\/\\\/blogit.gradia.fi\\\/yhdessaenemman\\\/#\\\/schema\\\/person\\\/898fea106153ba30853346fccfef3aea\",\"name\":\"Riikka \u00c5lander\",\"image\":{\"@type\":\"ImageObject\",\"inLanguage\":\"fi\",\"@id\":\"https:\\\/\\\/secure.gravatar.com\\\/avatar\\\/5486c91ccf1c06076ad774dca1dd3ceeed9f25f72a7e37122a1a79bfabe0ab73?s=96&d=mm&r=g\",\"url\":\"https:\\\/\\\/secure.gravatar.com\\\/avatar\\\/5486c91ccf1c06076ad774dca1dd3ceeed9f25f72a7e37122a1a79bfabe0ab73?s=96&d=mm&r=g\",\"contentUrl\":\"https:\\\/\\\/secure.gravatar.com\\\/avatar\\\/5486c91ccf1c06076ad774dca1dd3ceeed9f25f72a7e37122a1a79bfabe0ab73?s=96&d=mm&r=g\",\"caption\":\"Riikka \u00c5lander\"},\"url\":\"https:\\\/\\\/blogit.gradia.fi\\\/yhdessaenemman\\\/author\\\/ao184244\\\/\"}]}<\/script>\n<!-- \/ Yoast SEO plugin. -->","yoast_head_json":{"title":"Yhdess\u00e4 enemm\u00e4n - Ty\u00f6el\u00e4m\u00e4- ja yrityspalvelut Gradiassa - Yhdess\u00e4 enemm\u00e4n","robots":{"index":"index","follow":"follow","max-snippet":"max-snippet:-1","max-image-preview":"max-image-preview:large","max-video-preview":"max-video-preview:-1"},"canonical":"https:\/\/blogit.gradia.fi\/yhdessaenemman\/2018\/01\/26\/yhdessa-enemman-tyoelama-ja-yrityspalvelut-gradiassa\/","og_locale":"fi_FI","og_type":"article","og_title":"Yhdess\u00e4 enemm\u00e4n - Ty\u00f6el\u00e4m\u00e4- ja yrityspalvelut Gradiassa - Yhdess\u00e4 enemm\u00e4n","og_description":"Mihin ihmeeseen ottaa yhteytt\u00e4 kun oman yrityksen kasvu vaatisi osaamisen p\u00e4ivityst\u00e4, r\u00e4\u00e4t\u00e4l\u00f6ity\u00e4 kurssia tai vaikkapa oppisopimuskoulutusta? Kaikki koulutus n\u00e4ytt\u00e4isi olevan nyt yhdess\u00e4 ja samassa paikassa; nuoret ja aikuiset, lukio ja ammatillinen, oppisopimus ja yritysten tarpeisiin r\u00e4\u00e4t\u00e4l\u00f6it\u00e4v\u00e4 koulutus, lasten ja nuorten musiikin ja tanssin harrastusmahdollisuudet. Gradia- yhdess\u00e4 enemm\u00e4n, astetta paremmin. Mist\u00e4 ihmeest\u00e4 on kysymys? N\u00e4ihin kysymyksiin &hellip; Jatka lukemista Yhdess\u00e4 enemm\u00e4n &#8211; Ty\u00f6el\u00e4m\u00e4- ja yrityspalvelut Gradiassa &rarr;","og_url":"https:\/\/blogit.gradia.fi\/yhdessaenemman\/2018\/01\/26\/yhdessa-enemman-tyoelama-ja-yrityspalvelut-gradiassa\/","og_site_name":"Yhdess\u00e4 enemm\u00e4n","article_published_time":"2018-01-26T13:03:38+00:00","article_modified_time":"2018-02-28T09:44:53+00:00","og_image":[{"url":"https:\/\/blogit.gradia.fi\/yhdessaenemman\/wp-content\/uploads\/sites\/17\/2018\/01\/cropped-G_TPA_kuva3-300x300.jpg","type":"","width":"","height":""}],"author":"Riikka \u00c5lander","twitter_card":"summary_large_image","twitter_misc":{"Kirjoittanut":"Riikka \u00c5lander","Arvioitu lukuaika":"1 minuutti"},"schema":{"@context":"https:\/\/schema.org","@graph":[{"@type":"Article","@id":"https:\/\/blogit.gradia.fi\/yhdessaenemman\/2018\/01\/26\/yhdessa-enemman-tyoelama-ja-yrityspalvelut-gradiassa\/#article","isPartOf":{"@id":"https:\/\/blogit.gradia.fi\/yhdessaenemman\/2018\/01\/26\/yhdessa-enemman-tyoelama-ja-yrityspalvelut-gradiassa\/"},"author":{"name":"Riikka \u00c5lander","@id":"https:\/\/blogit.gradia.fi\/yhdessaenemman\/#\/schema\/person\/898fea106153ba30853346fccfef3aea"},"headline":"Yhdess\u00e4 enemm\u00e4n &#8211; Ty\u00f6el\u00e4m\u00e4- ja yrityspalvelut Gradiassa","datePublished":"2018-01-26T13:03:38+00:00","dateModified":"2018-02-28T09:44:53+00:00","mainEntityOfPage":{"@id":"https:\/\/blogit.gradia.fi\/yhdessaenemman\/2018\/01\/26\/yhdessa-enemman-tyoelama-ja-yrityspalvelut-gradiassa\/"},"wordCount":208,"commentCount":0,"image":{"@id":"https:\/\/blogit.gradia.fi\/yhdessaenemman\/2018\/01\/26\/yhdessa-enemman-tyoelama-ja-yrityspalvelut-gradiassa\/#primaryimage"},"thumbnailUrl":"https:\/\/blogit.gradia.fi\/yhdessaenemman\/wp-content\/uploads\/sites\/17\/2018\/01\/cropped-G_TPA_kuva3-300x300.jpg","keywords":["Aikuiskoulutus","Asiakas","Asiantuntija","Elinkeino","Koulutuspalvelut","Kumppani","Oppisopimus","Ty\u00f6el\u00e4m\u00e4","Ty\u00f6el\u00e4m\u00e4l\u00e4ht\u00f6isyys","Ty\u00f6paikalla tapahtuva oppiminen","Ty\u00f6paikka","Yritt\u00e4jyys","Yritys"],"inLanguage":"fi","potentialAction":[{"@type":"CommentAction","name":"Comment","target":["https:\/\/blogit.gradia.fi\/yhdessaenemman\/2018\/01\/26\/yhdessa-enemman-tyoelama-ja-yrityspalvelut-gradiassa\/#respond"]}]},{"@type":"WebPage","@id":"https:\/\/blogit.gradia.fi\/yhdessaenemman\/2018\/01\/26\/yhdessa-enemman-tyoelama-ja-yrityspalvelut-gradiassa\/","url":"https:\/\/blogit.gradia.fi\/yhdessaenemman\/2018\/01\/26\/yhdessa-enemman-tyoelama-ja-yrityspalvelut-gradiassa\/","name":"Yhdess\u00e4 enemm\u00e4n - Ty\u00f6el\u00e4m\u00e4- ja yrityspalvelut Gradiassa - Yhdess\u00e4 enemm\u00e4n","isPartOf":{"@id":"https:\/\/blogit.gradia.fi\/yhdessaenemman\/#website"},"primaryImageOfPage":{"@id":"https:\/\/blogit.gradia.fi\/yhdessaenemman\/2018\/01\/26\/yhdessa-enemman-tyoelama-ja-yrityspalvelut-gradiassa\/#primaryimage"},"image":{"@id":"https:\/\/blogit.gradia.fi\/yhdessaenemman\/2018\/01\/26\/yhdessa-enemman-tyoelama-ja-yrityspalvelut-gradiassa\/#primaryimage"},"thumbnailUrl":"https:\/\/blogit.gradia.fi\/yhdessaenemman\/wp-content\/uploads\/sites\/17\/2018\/01\/cropped-G_TPA_kuva3-300x300.jpg","datePublished":"2018-01-26T13:03:38+00:00","dateModified":"2018-02-28T09:44:53+00:00","author":{"@id":"https:\/\/blogit.gradia.fi\/yhdessaenemman\/#\/schema\/person\/898fea106153ba30853346fccfef3aea"},"breadcrumb":{"@id":"https:\/\/blogit.gradia.fi\/yhdessaenemman\/2018\/01\/26\/yhdessa-enemman-tyoelama-ja-yrityspalvelut-gradiassa\/#breadcrumb"},"inLanguage":"fi","potentialAction":[{"@type":"ReadAction","target":["https:\/\/blogit.gradia.fi\/yhdessaenemman\/2018\/01\/26\/yhdessa-enemman-tyoelama-ja-yrityspalvelut-gradiassa\/"]}]},{"@type":"ImageObject","inLanguage":"fi","@id":"https:\/\/blogit.gradia.fi\/yhdessaenemman\/2018\/01\/26\/yhdessa-enemman-tyoelama-ja-yrityspalvelut-gradiassa\/#primaryimage","url":"https:\/\/blogit.gradia.fi\/yhdessaenemman\/wp-content\/uploads\/sites\/17\/2018\/01\/cropped-G_TPA_kuva3.jpg","contentUrl":"https:\/\/blogit.gradia.fi\/yhdessaenemman\/wp-content\/uploads\/sites\/17\/2018\/01\/cropped-G_TPA_kuva3.jpg","width":512,"height":512},{"@type":"BreadcrumbList","@id":"https:\/\/blogit.gradia.fi\/yhdessaenemman\/2018\/01\/26\/yhdessa-enemman-tyoelama-ja-yrityspalvelut-gradiassa\/#breadcrumb","itemListElement":[{"@type":"ListItem","position":1,"name":"Home","item":"https:\/\/blogit.gradia.fi\/yhdessaenemman\/"},{"@type":"ListItem","position":2,"name":"Yhdess\u00e4 enemm\u00e4n &#8211; Ty\u00f6el\u00e4m\u00e4- ja yrityspalvelut Gradiassa"}]},{"@type":"WebSite","@id":"https:\/\/blogit.gradia.fi\/yhdessaenemman\/#website","url":"https:\/\/blogit.gradia.fi\/yhdessaenemman\/","name":"Yhdess\u00e4 enemm\u00e4n","description":"Gradia Ty\u00f6el\u00e4m\u00e4- ja yrityspalvelut kumppaninasi","potentialAction":[{"@type":"SearchAction","target":{"@type":"EntryPoint","urlTemplate":"https:\/\/blogit.gradia.fi\/yhdessaenemman\/?s={search_term_string}"},"query-input":{"@type":"PropertyValueSpecification","valueRequired":true,"valueName":"search_term_string"}}],"inLanguage":"fi"},{"@type":"Person","@id":"https:\/\/blogit.gradia.fi\/yhdessaenemman\/#\/schema\/person\/898fea106153ba30853346fccfef3aea","name":"Riikka \u00c5lander","image":{"@type":"ImageObject","inLanguage":"fi","@id":"https:\/\/secure.gravatar.com\/avatar\/5486c91ccf1c06076ad774dca1dd3ceeed9f25f72a7e37122a1a79bfabe0ab73?s=96&d=mm&r=g","url":"https:\/\/secure.gravatar.com\/avatar\/5486c91ccf1c06076ad774dca1dd3ceeed9f25f72a7e37122a1a79bfabe0ab73?s=96&d=mm&r=g","contentUrl":"https:\/\/secure.gravatar.com\/avatar\/5486c91ccf1c06076ad774dca1dd3ceeed9f25f72a7e37122a1a79bfabe0ab73?s=96&d=mm&r=g","caption":"Riikka \u00c5lander"},"url":"https:\/\/blogit.gradia.fi\/yhdessaenemman\/author\/ao184244\/"}]}},"uagb_featured_image_src":{"full":false,"thumbnail":false,"medium":false,"medium_large":false,"large":false,"1536x1536":false,"2048x2048":false,"post-thumbnail":false,"twentyfourteen-full-width":false},"uagb_author_info":{"display_name":"Riikka \u00c5lander","author_link":"https:\/\/blogit.gradia.fi\/yhdessaenemman\/author\/ao184244\/"},"uagb_comment_info":2,"uagb_excerpt":"Mihin ihmeeseen ottaa yhteytt\u00e4 kun oman yrityksen kasvu vaatisi osaamisen p\u00e4ivityst\u00e4, r\u00e4\u00e4t\u00e4l\u00f6ity\u00e4 kurssia tai vaikkapa oppisopimuskoulutusta? Kaikki koulutus n\u00e4ytt\u00e4isi olevan nyt yhdess\u00e4 ja samassa paikassa; nuoret ja aikuiset, lukio ja ammatillinen, oppisopimus ja yritysten tarpeisiin r\u00e4\u00e4t\u00e4l\u00f6it\u00e4v\u00e4 koulutus, lasten ja nuorten musiikin ja tanssin harrastusmahdollisuudet. Gradia- yhdess\u00e4 enemm\u00e4n, astetta paremmin. Mist\u00e4 ihmeest\u00e4 on kysymys? N\u00e4ihin kysymyksiin&hellip;","_links":{"self":[{"href":"https:\/\/blogit.gradia.fi\/yhdessaenemman\/wp-json\/wp\/v2\/posts\/40","targetHints":{"allow":["GET"]}}],"collection":[{"href":"https:\/\/blogit.gradia.fi\/yhdessaenemman\/wp-json\/wp\/v2\/posts"}],"about":[{"href":"https:\/\/blogit.gradia.fi\/yhdessaenemman\/wp-json\/wp\/v2\/types\/post"}],"author":[{"embeddable":true,"href":"https:\/\/blogit.gradia.fi\/yhdessaenemman\/wp-json\/wp\/v2\/users\/109"}],"replies":[{"embeddable":true,"href":"https:\/\/blogit.gradia.fi\/yhdessaenemman\/wp-json\/wp\/v2\/comments?post=40"}],"version-history":[{"count":0,"href":"https:\/\/blogit.gradia.fi\/yhdessaenemman\/wp-json\/wp\/v2\/posts\/40\/revisions"}],"wp:attachment":[{"href":"https:\/\/blogit.gradia.fi\/yhdessaenemman\/wp-json\/wp\/v2\/media?parent=40"}],"wp:term":[{"taxonomy":"category","embeddable":true,"href":"https:\/\/blogit.gradia.fi\/yhdessaenemman\/wp-json\/wp\/v2\/categories?post=40"},{"taxonomy":"post_tag","embeddable":true,"href":"https:\/\/blogit.gradia.fi\/yhdessaenemman\/wp-json\/wp\/v2\/tags?post=40"}],"curies":[{"name":"wp","href":"https:\/\/api.w.org\/{rel}","templated":true}]}}