{"id":187,"date":"2018-06-13T18:30:58","date_gmt":"2018-06-13T15:30:58","guid":{"rendered":"https:\/\/blogit.gradia.fi\/yhdessaenemman\/?p=187"},"modified":"2018-06-13T18:30:58","modified_gmt":"2018-06-13T15:30:58","slug":"deepening-educational-co-operation-with-china","status":"publish","type":"post","link":"https:\/\/blogit.gradia.fi\/yhdessaenemman\/2018\/06\/13\/deepening-educational-co-operation-with-china\/","title":{"rendered":"Deepening Educational Co-operation with China"},"content":{"rendered":"<p><span lang=\"EN-US\"><span style=\"color: #000000;font-family: Times New Roman\">In the beginning of June Jyv\u00e4skyl\u00e4 Education Consortium Gradia was happy to host the prestigious guests from Vocational Education Association of China.<\/span><span style=\"color: #000000;font-family: Times New Roman\">\u00a0 <\/span><\/span><\/p>\n<p><a href=\"https:\/\/www.facebook.com\/gradiafiyrityksille\/photos\/a.897359897093046.1073741828.884446201717749\/988179434677758\/?type=3&#038;theater\">https:\/\/www.facebook.com\/gradiafiyrityksille\/photos\/a.897359897093046.1073741828.884446201717749\/988179434677758\/?type=3&amp;theater<\/a><\/p>\n<p><span lang=\"EN-US\"><span style=\"color: #000000;font-family: Times New Roman\">This visit was a good continuation of our co-operation between China and Finland. Just a couple of days ago two teachers from Shanghai Industrial and Foreign Language School returned back home from a month-long Job Shadowing period.<\/span><\/span><\/p>\n<p><a href=\"https:\/\/www.instagram.com\/p\/BjKEwEHAzzV\/?taken-by=gradiafiyrityksille\">https:\/\/www.instagram.com\/p\/BjKEwEHAzzV\/?taken-by=gradiafiyrityksille<\/a><\/p>\n<p><span lang=\"EN-US\"><span style=\"color: #000000;font-family: Times New Roman\">\u00a0<span lang=\"EN\">Education exports is a long-term cooperation that benefits both\u00a0the customers\u00a0and\u00a0service providers know-how. A tailor-made vocational qualification or models of vocational qualifications requires mutual planning and implementing.\u00a0Our Job Shadowing topics were Learning by doing, Individual study paths, Assessment, Project learning, Co-operation with working life\u00a0and much more. Co-operation was really fruitful. Thanks to all participants.<\/span><\/span><\/span><\/p>\n<p><a href=\"https:\/\/www.instagram.com\/p\/BjXdC0dgdbJ\/?taken-by=gradiafiyrityksille\">https:\/\/www.instagram.com\/p\/BjXdC0dgdbJ\/?taken-by=gradiafiyrityksille<\/a><\/p>\n<p>P<strong>icture: <\/strong>Job Shadowing in\u00a0Gradia from Shanghai Industrial and Foreign Language School<\/p>\n<p><strong>Finnish Education Exper<\/strong><strong>tice in Jyv\u00e4skyl\u00e4<\/strong><\/p>\n<p><span lang=\"EN-US\"><span style=\"color: #000000;font-family: Times New Roman\">Jyv\u00e4skyl\u00e4 Education Consortium Gradia is the first in Finland to provide accredited vocational qualifications and professional qualifications and have concluded numerous successful projects abroad working together with EduCluster Finland\u00a0and Gradia Education Services Ltd. S<span lang=\"EN\">tudents have given excellent feedback on vocational training arranged according to the Finnish model. <\/span><\/span><\/span><\/p>\n<p><span lang=\"EN-US\"><span style=\"color: #000000;font-family: Times New Roman\">Gradia is one of eleven training providers in Finland who received a pilot license for vocational education degrees at the end of 2016. In this\u00a0spring the experiment progressed so that the first certificates of completion of qualifications were awarded in China in March and in Qatar in May 2018. <\/span><\/span><span lang=\"EN-US\"><span style=\"color: #000000;font-family: Times New Roman\">The completion of upper secondary education gives students eligibility to higher e<\/span><\/span><span lang=\"EN-US\"><span style=\"color: #000000;font-family: Times New Roman\">ducation and competences for working life.<\/span><\/span><\/p>\n<div>\n<div id=\"gt-res-c\" class=\"g-unit\">\n<div id=\"gt-res-p\">\n<div id=\"gt-res-data\">\n<div id=\"gt-res-wrap\">\n<div id=\"gt-res-content\">\n<p><span lang=\"EN\" style=\"margin: 0px;color: #2b2b2b;font-family: 'Times New Roman',serif;font-size: 12pt\">Welcome to learn more about Finnish education!<\/span><\/p>\n<p><span lang=\"EN-US\" style=\"margin: 0px;color: #2b2b2b;line-height: 107%;font-family: 'Times New Roman',serif;font-size: 12pt\">https:\/\/www.gradia.fi\/en\/visiting-us\u00a0\u00a0\u00a0 <\/span><\/p>\n<p><span lang=\"EN-US\" style=\"margin: 0px;color: #2b2b2b;line-height: 107%;font-family: 'Times New Roman',serif;font-size: 12pt\">#keepupgrading<\/span><\/p>\n<\/div>\n<\/div>\n<\/div>\n<\/div>\n<\/div>\n<\/div>\n<p>&nbsp;<\/p>\n<p>&nbsp;<\/p>\n<p><span lang=\"EN-US\" style=\"margin: 0px;color: #2b2b2b;font-family: 'Times New Roman',serif\">Text and pictures: Pauliina Holm<\/span><\/p>\n<p>&nbsp;<\/p>\n<p>&nbsp;<\/p>\n<p>&nbsp;<\/p>\n","protected":false},"excerpt":{"rendered":"<p>In the beginning of June Jyv\u00e4skyl\u00e4 Education Consortium Gradia was happy to host the prestigious guests from Vocational Education Association of China.\u00a0 This visit was a good continuation of our co-operation between China and Finland. Just a couple of days ago two teachers from Shanghai Industrial and Foreign Language School returned back home from a &hellip; <a href=\"https:\/\/blogit.gradia.fi\/yhdessaenemman\/2018\/06\/13\/deepening-educational-co-operation-with-china\/\" class=\"more-link\">Jatka lukemista <span class=\"screen-reader-text\">Deepening Educational Co-operation with China<\/span> <span class=\"meta-nav\">&rarr;<\/span><\/a><\/p>\n","protected":false},"author":109,"featured_media":199,"comment_status":"open","ping_status":"open","sticky":false,"template":"","format":"standard","meta":{"_uag_custom_page_level_css":"","footnotes":""},"categories":[1],"tags":[37,38,39,27,41,36,40],"class_list":["post-187","post","type-post","status-publish","format-standard","has-post-thumbnail","hentry","category-yleinen","tag-china","tag-education","tag-expert","tag-gradia","tag-jyvaskyla","tag-shanghai","tag-vocational-qualifications"],"yoast_head":"<!-- This site is optimized with the Yoast SEO plugin v27.5 - https:\/\/yoast.com\/product\/yoast-seo-wordpress\/ -->\n<title>Deepening Educational Co-operation with China - Yhdess\u00e4 enemm\u00e4n<\/title>\n<meta name=\"robots\" content=\"index, follow, max-snippet:-1, max-image-preview:large, max-video-preview:-1\" \/>\n<link rel=\"canonical\" href=\"https:\/\/blogit.gradia.fi\/yhdessaenemman\/2018\/06\/13\/deepening-educational-co-operation-with-china\/\" \/>\n<meta property=\"og:locale\" content=\"fi_FI\" \/>\n<meta property=\"og:type\" content=\"article\" \/>\n<meta property=\"og:title\" content=\"Deepening Educational Co-operation with China - Yhdess\u00e4 enemm\u00e4n\" \/>\n<meta property=\"og:description\" content=\"In the beginning of June Jyv\u00e4skyl\u00e4 Education Consortium Gradia was happy to host the prestigious guests from Vocational Education Association of China.\u00a0 This visit was a good continuation of our co-operation between China and Finland. Just a couple of days ago two teachers from Shanghai Industrial and Foreign Language School returned back home from a &hellip; Jatka lukemista Deepening Educational Co-operation with China &rarr;\" \/>\n<meta property=\"og:url\" content=\"https:\/\/blogit.gradia.fi\/yhdessaenemman\/2018\/06\/13\/deepening-educational-co-operation-with-china\/\" \/>\n<meta property=\"og:site_name\" content=\"Yhdess\u00e4 enemm\u00e4n\" \/>\n<meta property=\"article:published_time\" content=\"2018-06-13T15:30:58+00:00\" \/>\n<meta property=\"og:image\" content=\"https:\/\/blogit.gradia.fi\/yhdessaenemman\/wp-content\/uploads\/sites\/17\/2018\/06\/blogi_kesakuu_kiina_4-1024x859.jpg\" \/>\n\t<meta property=\"og:image:width\" content=\"1024\" \/>\n\t<meta property=\"og:image:height\" content=\"859\" \/>\n\t<meta property=\"og:image:type\" content=\"image\/jpeg\" \/>\n<meta name=\"author\" content=\"Riikka \u00c5lander\" \/>\n<meta name=\"twitter:card\" content=\"summary_large_image\" \/>\n<meta name=\"twitter:label1\" content=\"Kirjoittanut\" \/>\n\t<meta name=\"twitter:data1\" content=\"Riikka \u00c5lander\" \/>\n\t<meta name=\"twitter:label2\" content=\"Arvioitu lukuaika\" \/>\n\t<meta name=\"twitter:data2\" content=\"2 minuuttia\" \/>\n<script type=\"application\/ld+json\" class=\"yoast-schema-graph\">{\"@context\":\"https:\\\/\\\/schema.org\",\"@graph\":[{\"@type\":\"Article\",\"@id\":\"https:\\\/\\\/blogit.gradia.fi\\\/yhdessaenemman\\\/2018\\\/06\\\/13\\\/deepening-educational-co-operation-with-china\\\/#article\",\"isPartOf\":{\"@id\":\"https:\\\/\\\/blogit.gradia.fi\\\/yhdessaenemman\\\/2018\\\/06\\\/13\\\/deepening-educational-co-operation-with-china\\\/\"},\"author\":{\"name\":\"Riikka \u00c5lander\",\"@id\":\"https:\\\/\\\/blogit.gradia.fi\\\/yhdessaenemman\\\/#\\\/schema\\\/person\\\/898fea106153ba30853346fccfef3aea\"},\"headline\":\"Deepening Educational Co-operation with China\",\"datePublished\":\"2018-06-13T15:30:58+00:00\",\"mainEntityOfPage\":{\"@id\":\"https:\\\/\\\/blogit.gradia.fi\\\/yhdessaenemman\\\/2018\\\/06\\\/13\\\/deepening-educational-co-operation-with-china\\\/\"},\"wordCount\":314,\"commentCount\":0,\"image\":{\"@id\":\"https:\\\/\\\/blogit.gradia.fi\\\/yhdessaenemman\\\/2018\\\/06\\\/13\\\/deepening-educational-co-operation-with-china\\\/#primaryimage\"},\"thumbnailUrl\":\"https:\\\/\\\/blogit.gradia.fi\\\/yhdessaenemman\\\/wp-content\\\/uploads\\\/sites\\\/17\\\/2018\\\/06\\\/blogi_kesakuu_kiina_4.jpg\",\"keywords\":[\"China\",\"Education\",\"Expert\",\"gradia\",\"Jyv\u00e4skyl\u00e4\",\"Shanghai\",\"Vocational Qualifications\"],\"inLanguage\":\"fi\",\"potentialAction\":[{\"@type\":\"CommentAction\",\"name\":\"Comment\",\"target\":[\"https:\\\/\\\/blogit.gradia.fi\\\/yhdessaenemman\\\/2018\\\/06\\\/13\\\/deepening-educational-co-operation-with-china\\\/#respond\"]}]},{\"@type\":\"WebPage\",\"@id\":\"https:\\\/\\\/blogit.gradia.fi\\\/yhdessaenemman\\\/2018\\\/06\\\/13\\\/deepening-educational-co-operation-with-china\\\/\",\"url\":\"https:\\\/\\\/blogit.gradia.fi\\\/yhdessaenemman\\\/2018\\\/06\\\/13\\\/deepening-educational-co-operation-with-china\\\/\",\"name\":\"Deepening Educational Co-operation with China - Yhdess\u00e4 enemm\u00e4n\",\"isPartOf\":{\"@id\":\"https:\\\/\\\/blogit.gradia.fi\\\/yhdessaenemman\\\/#website\"},\"primaryImageOfPage\":{\"@id\":\"https:\\\/\\\/blogit.gradia.fi\\\/yhdessaenemman\\\/2018\\\/06\\\/13\\\/deepening-educational-co-operation-with-china\\\/#primaryimage\"},\"image\":{\"@id\":\"https:\\\/\\\/blogit.gradia.fi\\\/yhdessaenemman\\\/2018\\\/06\\\/13\\\/deepening-educational-co-operation-with-china\\\/#primaryimage\"},\"thumbnailUrl\":\"https:\\\/\\\/blogit.gradia.fi\\\/yhdessaenemman\\\/wp-content\\\/uploads\\\/sites\\\/17\\\/2018\\\/06\\\/blogi_kesakuu_kiina_4.jpg\",\"datePublished\":\"2018-06-13T15:30:58+00:00\",\"author\":{\"@id\":\"https:\\\/\\\/blogit.gradia.fi\\\/yhdessaenemman\\\/#\\\/schema\\\/person\\\/898fea106153ba30853346fccfef3aea\"},\"breadcrumb\":{\"@id\":\"https:\\\/\\\/blogit.gradia.fi\\\/yhdessaenemman\\\/2018\\\/06\\\/13\\\/deepening-educational-co-operation-with-china\\\/#breadcrumb\"},\"inLanguage\":\"fi\",\"potentialAction\":[{\"@type\":\"ReadAction\",\"target\":[\"https:\\\/\\\/blogit.gradia.fi\\\/yhdessaenemman\\\/2018\\\/06\\\/13\\\/deepening-educational-co-operation-with-china\\\/\"]}]},{\"@type\":\"ImageObject\",\"inLanguage\":\"fi\",\"@id\":\"https:\\\/\\\/blogit.gradia.fi\\\/yhdessaenemman\\\/2018\\\/06\\\/13\\\/deepening-educational-co-operation-with-china\\\/#primaryimage\",\"url\":\"https:\\\/\\\/blogit.gradia.fi\\\/yhdessaenemman\\\/wp-content\\\/uploads\\\/sites\\\/17\\\/2018\\\/06\\\/blogi_kesakuu_kiina_4.jpg\",\"contentUrl\":\"https:\\\/\\\/blogit.gradia.fi\\\/yhdessaenemman\\\/wp-content\\\/uploads\\\/sites\\\/17\\\/2018\\\/06\\\/blogi_kesakuu_kiina_4.jpg\",\"width\":3136,\"height\":2631},{\"@type\":\"BreadcrumbList\",\"@id\":\"https:\\\/\\\/blogit.gradia.fi\\\/yhdessaenemman\\\/2018\\\/06\\\/13\\\/deepening-educational-co-operation-with-china\\\/#breadcrumb\",\"itemListElement\":[{\"@type\":\"ListItem\",\"position\":1,\"name\":\"Home\",\"item\":\"https:\\\/\\\/blogit.gradia.fi\\\/yhdessaenemman\\\/\"},{\"@type\":\"ListItem\",\"position\":2,\"name\":\"Deepening Educational Co-operation with China\"}]},{\"@type\":\"WebSite\",\"@id\":\"https:\\\/\\\/blogit.gradia.fi\\\/yhdessaenemman\\\/#website\",\"url\":\"https:\\\/\\\/blogit.gradia.fi\\\/yhdessaenemman\\\/\",\"name\":\"Yhdess\u00e4 enemm\u00e4n\",\"description\":\"Gradia Ty\u00f6el\u00e4m\u00e4- ja yrityspalvelut kumppaninasi\",\"potentialAction\":[{\"@type\":\"SearchAction\",\"target\":{\"@type\":\"EntryPoint\",\"urlTemplate\":\"https:\\\/\\\/blogit.gradia.fi\\\/yhdessaenemman\\\/?s={search_term_string}\"},\"query-input\":{\"@type\":\"PropertyValueSpecification\",\"valueRequired\":true,\"valueName\":\"search_term_string\"}}],\"inLanguage\":\"fi\"},{\"@type\":\"Person\",\"@id\":\"https:\\\/\\\/blogit.gradia.fi\\\/yhdessaenemman\\\/#\\\/schema\\\/person\\\/898fea106153ba30853346fccfef3aea\",\"name\":\"Riikka \u00c5lander\",\"image\":{\"@type\":\"ImageObject\",\"inLanguage\":\"fi\",\"@id\":\"https:\\\/\\\/secure.gravatar.com\\\/avatar\\\/5486c91ccf1c06076ad774dca1dd3ceeed9f25f72a7e37122a1a79bfabe0ab73?s=96&d=mm&r=g\",\"url\":\"https:\\\/\\\/secure.gravatar.com\\\/avatar\\\/5486c91ccf1c06076ad774dca1dd3ceeed9f25f72a7e37122a1a79bfabe0ab73?s=96&d=mm&r=g\",\"contentUrl\":\"https:\\\/\\\/secure.gravatar.com\\\/avatar\\\/5486c91ccf1c06076ad774dca1dd3ceeed9f25f72a7e37122a1a79bfabe0ab73?s=96&d=mm&r=g\",\"caption\":\"Riikka \u00c5lander\"},\"url\":\"https:\\\/\\\/blogit.gradia.fi\\\/yhdessaenemman\\\/author\\\/ao184244\\\/\"}]}<\/script>\n<!-- \/ Yoast SEO plugin. -->","yoast_head_json":{"title":"Deepening Educational Co-operation with China - Yhdess\u00e4 enemm\u00e4n","robots":{"index":"index","follow":"follow","max-snippet":"max-snippet:-1","max-image-preview":"max-image-preview:large","max-video-preview":"max-video-preview:-1"},"canonical":"https:\/\/blogit.gradia.fi\/yhdessaenemman\/2018\/06\/13\/deepening-educational-co-operation-with-china\/","og_locale":"fi_FI","og_type":"article","og_title":"Deepening Educational Co-operation with China - Yhdess\u00e4 enemm\u00e4n","og_description":"In the beginning of June Jyv\u00e4skyl\u00e4 Education Consortium Gradia was happy to host the prestigious guests from Vocational Education Association of China.\u00a0 This visit was a good continuation of our co-operation between China and Finland. Just a couple of days ago two teachers from Shanghai Industrial and Foreign Language School returned back home from a &hellip; Jatka lukemista Deepening Educational Co-operation with China &rarr;","og_url":"https:\/\/blogit.gradia.fi\/yhdessaenemman\/2018\/06\/13\/deepening-educational-co-operation-with-china\/","og_site_name":"Yhdess\u00e4 enemm\u00e4n","article_published_time":"2018-06-13T15:30:58+00:00","og_image":[{"width":1024,"height":859,"url":"https:\/\/blogit.gradia.fi\/yhdessaenemman\/wp-content\/uploads\/sites\/17\/2018\/06\/blogi_kesakuu_kiina_4-1024x859.jpg","type":"image\/jpeg"}],"author":"Riikka \u00c5lander","twitter_card":"summary_large_image","twitter_misc":{"Kirjoittanut":"Riikka \u00c5lander","Arvioitu lukuaika":"2 minuuttia"},"schema":{"@context":"https:\/\/schema.org","@graph":[{"@type":"Article","@id":"https:\/\/blogit.gradia.fi\/yhdessaenemman\/2018\/06\/13\/deepening-educational-co-operation-with-china\/#article","isPartOf":{"@id":"https:\/\/blogit.gradia.fi\/yhdessaenemman\/2018\/06\/13\/deepening-educational-co-operation-with-china\/"},"author":{"name":"Riikka \u00c5lander","@id":"https:\/\/blogit.gradia.fi\/yhdessaenemman\/#\/schema\/person\/898fea106153ba30853346fccfef3aea"},"headline":"Deepening Educational Co-operation with China","datePublished":"2018-06-13T15:30:58+00:00","mainEntityOfPage":{"@id":"https:\/\/blogit.gradia.fi\/yhdessaenemman\/2018\/06\/13\/deepening-educational-co-operation-with-china\/"},"wordCount":314,"commentCount":0,"image":{"@id":"https:\/\/blogit.gradia.fi\/yhdessaenemman\/2018\/06\/13\/deepening-educational-co-operation-with-china\/#primaryimage"},"thumbnailUrl":"https:\/\/blogit.gradia.fi\/yhdessaenemman\/wp-content\/uploads\/sites\/17\/2018\/06\/blogi_kesakuu_kiina_4.jpg","keywords":["China","Education","Expert","gradia","Jyv\u00e4skyl\u00e4","Shanghai","Vocational Qualifications"],"inLanguage":"fi","potentialAction":[{"@type":"CommentAction","name":"Comment","target":["https:\/\/blogit.gradia.fi\/yhdessaenemman\/2018\/06\/13\/deepening-educational-co-operation-with-china\/#respond"]}]},{"@type":"WebPage","@id":"https:\/\/blogit.gradia.fi\/yhdessaenemman\/2018\/06\/13\/deepening-educational-co-operation-with-china\/","url":"https:\/\/blogit.gradia.fi\/yhdessaenemman\/2018\/06\/13\/deepening-educational-co-operation-with-china\/","name":"Deepening Educational Co-operation with China - Yhdess\u00e4 enemm\u00e4n","isPartOf":{"@id":"https:\/\/blogit.gradia.fi\/yhdessaenemman\/#website"},"primaryImageOfPage":{"@id":"https:\/\/blogit.gradia.fi\/yhdessaenemman\/2018\/06\/13\/deepening-educational-co-operation-with-china\/#primaryimage"},"image":{"@id":"https:\/\/blogit.gradia.fi\/yhdessaenemman\/2018\/06\/13\/deepening-educational-co-operation-with-china\/#primaryimage"},"thumbnailUrl":"https:\/\/blogit.gradia.fi\/yhdessaenemman\/wp-content\/uploads\/sites\/17\/2018\/06\/blogi_kesakuu_kiina_4.jpg","datePublished":"2018-06-13T15:30:58+00:00","author":{"@id":"https:\/\/blogit.gradia.fi\/yhdessaenemman\/#\/schema\/person\/898fea106153ba30853346fccfef3aea"},"breadcrumb":{"@id":"https:\/\/blogit.gradia.fi\/yhdessaenemman\/2018\/06\/13\/deepening-educational-co-operation-with-china\/#breadcrumb"},"inLanguage":"fi","potentialAction":[{"@type":"ReadAction","target":["https:\/\/blogit.gradia.fi\/yhdessaenemman\/2018\/06\/13\/deepening-educational-co-operation-with-china\/"]}]},{"@type":"ImageObject","inLanguage":"fi","@id":"https:\/\/blogit.gradia.fi\/yhdessaenemman\/2018\/06\/13\/deepening-educational-co-operation-with-china\/#primaryimage","url":"https:\/\/blogit.gradia.fi\/yhdessaenemman\/wp-content\/uploads\/sites\/17\/2018\/06\/blogi_kesakuu_kiina_4.jpg","contentUrl":"https:\/\/blogit.gradia.fi\/yhdessaenemman\/wp-content\/uploads\/sites\/17\/2018\/06\/blogi_kesakuu_kiina_4.jpg","width":3136,"height":2631},{"@type":"BreadcrumbList","@id":"https:\/\/blogit.gradia.fi\/yhdessaenemman\/2018\/06\/13\/deepening-educational-co-operation-with-china\/#breadcrumb","itemListElement":[{"@type":"ListItem","position":1,"name":"Home","item":"https:\/\/blogit.gradia.fi\/yhdessaenemman\/"},{"@type":"ListItem","position":2,"name":"Deepening Educational Co-operation with China"}]},{"@type":"WebSite","@id":"https:\/\/blogit.gradia.fi\/yhdessaenemman\/#website","url":"https:\/\/blogit.gradia.fi\/yhdessaenemman\/","name":"Yhdess\u00e4 enemm\u00e4n","description":"Gradia Ty\u00f6el\u00e4m\u00e4- ja yrityspalvelut kumppaninasi","potentialAction":[{"@type":"SearchAction","target":{"@type":"EntryPoint","urlTemplate":"https:\/\/blogit.gradia.fi\/yhdessaenemman\/?s={search_term_string}"},"query-input":{"@type":"PropertyValueSpecification","valueRequired":true,"valueName":"search_term_string"}}],"inLanguage":"fi"},{"@type":"Person","@id":"https:\/\/blogit.gradia.fi\/yhdessaenemman\/#\/schema\/person\/898fea106153ba30853346fccfef3aea","name":"Riikka \u00c5lander","image":{"@type":"ImageObject","inLanguage":"fi","@id":"https:\/\/secure.gravatar.com\/avatar\/5486c91ccf1c06076ad774dca1dd3ceeed9f25f72a7e37122a1a79bfabe0ab73?s=96&d=mm&r=g","url":"https:\/\/secure.gravatar.com\/avatar\/5486c91ccf1c06076ad774dca1dd3ceeed9f25f72a7e37122a1a79bfabe0ab73?s=96&d=mm&r=g","contentUrl":"https:\/\/secure.gravatar.com\/avatar\/5486c91ccf1c06076ad774dca1dd3ceeed9f25f72a7e37122a1a79bfabe0ab73?s=96&d=mm&r=g","caption":"Riikka \u00c5lander"},"url":"https:\/\/blogit.gradia.fi\/yhdessaenemman\/author\/ao184244\/"}]}},"uagb_featured_image_src":{"full":["https:\/\/blogit.gradia.fi\/yhdessaenemman\/wp-content\/uploads\/sites\/17\/2018\/06\/blogi_kesakuu_kiina_4.jpg",3136,2631,false],"thumbnail":["https:\/\/blogit.gradia.fi\/yhdessaenemman\/wp-content\/uploads\/sites\/17\/2018\/06\/blogi_kesakuu_kiina_4-150x150.jpg",150,150,true],"medium":["https:\/\/blogit.gradia.fi\/yhdessaenemman\/wp-content\/uploads\/sites\/17\/2018\/06\/blogi_kesakuu_kiina_4-300x252.jpg",300,252,true],"medium_large":["https:\/\/blogit.gradia.fi\/yhdessaenemman\/wp-content\/uploads\/sites\/17\/2018\/06\/blogi_kesakuu_kiina_4-768x644.jpg",474,397,true],"large":["https:\/\/blogit.gradia.fi\/yhdessaenemman\/wp-content\/uploads\/sites\/17\/2018\/06\/blogi_kesakuu_kiina_4-1024x859.jpg",474,398,true],"1536x1536":["https:\/\/blogit.gradia.fi\/yhdessaenemman\/wp-content\/uploads\/sites\/17\/2018\/06\/blogi_kesakuu_kiina_4.jpg",1536,1289,false],"2048x2048":["https:\/\/blogit.gradia.fi\/yhdessaenemman\/wp-content\/uploads\/sites\/17\/2018\/06\/blogi_kesakuu_kiina_4.jpg",2048,1718,false],"post-thumbnail":["https:\/\/blogit.gradia.fi\/yhdessaenemman\/wp-content\/uploads\/sites\/17\/2018\/06\/blogi_kesakuu_kiina_4-672x372.jpg",672,372,true],"twentyfourteen-full-width":["https:\/\/blogit.gradia.fi\/yhdessaenemman\/wp-content\/uploads\/sites\/17\/2018\/06\/blogi_kesakuu_kiina_4-1038x576.jpg",1038,576,true]},"uagb_author_info":{"display_name":"Riikka \u00c5lander","author_link":"https:\/\/blogit.gradia.fi\/yhdessaenemman\/author\/ao184244\/"},"uagb_comment_info":7,"uagb_excerpt":"In the beginning of June Jyv\u00e4skyl\u00e4 Education Consortium Gradia was happy to host the prestigious guests from Vocational Education Association of China.\u00a0 This visit was a good continuation of our co-operation between China and Finland. Just a couple of days ago two teachers from Shanghai Industrial and Foreign Language School returned back home from a&hellip;","_links":{"self":[{"href":"https:\/\/blogit.gradia.fi\/yhdessaenemman\/wp-json\/wp\/v2\/posts\/187","targetHints":{"allow":["GET"]}}],"collection":[{"href":"https:\/\/blogit.gradia.fi\/yhdessaenemman\/wp-json\/wp\/v2\/posts"}],"about":[{"href":"https:\/\/blogit.gradia.fi\/yhdessaenemman\/wp-json\/wp\/v2\/types\/post"}],"author":[{"embeddable":true,"href":"https:\/\/blogit.gradia.fi\/yhdessaenemman\/wp-json\/wp\/v2\/users\/109"}],"replies":[{"embeddable":true,"href":"https:\/\/blogit.gradia.fi\/yhdessaenemman\/wp-json\/wp\/v2\/comments?post=187"}],"version-history":[{"count":0,"href":"https:\/\/blogit.gradia.fi\/yhdessaenemman\/wp-json\/wp\/v2\/posts\/187\/revisions"}],"wp:featuredmedia":[{"embeddable":true,"href":"https:\/\/blogit.gradia.fi\/yhdessaenemman\/wp-json\/wp\/v2\/media\/199"}],"wp:attachment":[{"href":"https:\/\/blogit.gradia.fi\/yhdessaenemman\/wp-json\/wp\/v2\/media?parent=187"}],"wp:term":[{"taxonomy":"category","embeddable":true,"href":"https:\/\/blogit.gradia.fi\/yhdessaenemman\/wp-json\/wp\/v2\/categories?post=187"},{"taxonomy":"post_tag","embeddable":true,"href":"https:\/\/blogit.gradia.fi\/yhdessaenemman\/wp-json\/wp\/v2\/tags?post=187"}],"curies":[{"name":"wp","href":"https:\/\/api.w.org\/{rel}","templated":true}]}}