{"id":179,"date":"2018-04-12T15:46:15","date_gmt":"2018-04-12T12:46:15","guid":{"rendered":"https:\/\/blogit.gradia.fi\/yhdessaenemman\/?p=179"},"modified":"2018-04-12T15:46:15","modified_gmt":"2018-04-12T12:46:15","slug":"kasvun-merkit","status":"publish","type":"post","link":"https:\/\/blogit.gradia.fi\/yhdessaenemman\/2018\/04\/12\/kasvun-merkit\/","title":{"rendered":"Kasvun merkit"},"content":{"rendered":"<p>Keski-Suomessa on hyv\u00e4t kasvun merkit. Se todettiin 11.4. j\u00e4rjestetyill\u00e4 Rekry &amp; Ty\u00f6el\u00e4m\u00e4messuilla Jyv\u00e4skyl\u00e4n Paviljongissa. Paikalla oli Gradian lis\u00e4ksi n. 80 n\u00e4ytteilleasettajaa; ty\u00f6nantajia, ty\u00f6paikkoja ja ty\u00f6llisyyspalveluita esittelevi\u00e4 tahoja. Yli 3000 k\u00e4vij\u00e4\u00e4 ja\u00a01000 ty\u00f6paikkaa, hyvi\u00e4 kohtaamisia. Osastollamme k\u00e4vi positiivinen kuhina ja onneksi meit\u00e4 oli riitt\u00e4v\u00e4n monta vastaamassa kysymyksiin kasvotusten, v\u00e4lill\u00e4 englanniksikin.\u00a0Palveluistamme kerrottiin ty\u00f6nantajille ja uran vaihtoa pohtiville ammattilaisille ja ty\u00f6nhakijoille. Kuulumisia ja yhteisty\u00f6mahdollisuuksia vaihdettiin toki my\u00f6s n\u00e4ytteilleasettajien kesken. P\u00e4iv\u00e4 oli t\u00e4ynn\u00e4 positiivisia asiakaskohtaamisia, hyvi\u00e4 kysymyksi\u00e4 ja tulevaisuuden haaveita uudesta ammatista ja siihen kouluttautumisesta.<\/p>\n<p><img loading=\"lazy\" decoding=\"async\" class=\"alignnone size-medium wp-image-181\" src=\"https:\/\/blogit.gradia.fi\/yhdessaenemman\/wp-content\/uploads\/sites\/17\/2018\/04\/gradia_rekry-300x275.jpg\" alt=\"\" width=\"300\" height=\"275\" srcset=\"https:\/\/blogit.gradia.fi\/yhdessaenemman\/wp-content\/uploads\/sites\/17\/2018\/04\/gradia_rekry-300x275.jpg 300w, https:\/\/blogit.gradia.fi\/yhdessaenemman\/wp-content\/uploads\/sites\/17\/2018\/04\/gradia_rekry-768x704.jpg 768w, https:\/\/blogit.gradia.fi\/yhdessaenemman\/wp-content\/uploads\/sites\/17\/2018\/04\/gradia_rekry-1024x939.jpg 1024w\" sizes=\"auto, (max-width: 300px) 100vw, 300px\" \/><\/p>\n<p><strong><em>kuva<\/em><\/strong><em>: Gradia ja tutkinnot, Gradia ja ammattitutkinnot, Gradia ja oppisopimus, Gradia ja jatkuva haku, Gradia ja rekryn tuki, Gradia ja kansainv\u00e4lisyys, Gradia ja yritykset&#8230;Gradia- Whaaat? <\/em><\/p>\n<p>Messuilla kuultiin my\u00f6s\u00a0tietoiskuja. P\u00e4\u00e4lavalla Gradia J\u00e4ms\u00e4n rehtori Petteri J\u00e4rvinen esitteli Gradian palveluita. Tietoiskulavalla Ty\u00f6el\u00e4m\u00e4- ja yrityspalveluiden yksik\u00f6njohtaja Kaija Haapasaari kertoi miten voimme toimia yritysten kasvun kumppanina.<\/p>\n<p><img loading=\"lazy\" decoding=\"async\" class=\"alignnone size-medium wp-image-182\" src=\"https:\/\/blogit.gradia.fi\/yhdessaenemman\/wp-content\/uploads\/sites\/17\/2018\/04\/Kaija_rekry1-300x225.jpg\" alt=\"\" width=\"300\" height=\"225\" srcset=\"https:\/\/blogit.gradia.fi\/yhdessaenemman\/wp-content\/uploads\/sites\/17\/2018\/04\/Kaija_rekry1-300x225.jpg 300w, https:\/\/blogit.gradia.fi\/yhdessaenemman\/wp-content\/uploads\/sites\/17\/2018\/04\/Kaija_rekry1-768x576.jpg 768w, https:\/\/blogit.gradia.fi\/yhdessaenemman\/wp-content\/uploads\/sites\/17\/2018\/04\/Kaija_rekry1-1024x768.jpg 1024w\" sizes=\"auto, (max-width: 300px) 100vw, 300px\" \/><\/p>\n<p><strong><em>kuva<\/em><\/strong><em>: Kaija Haapasaari ja tietoisku<\/em><\/p>\n<p>Uratarinat ja onnistumiset, varsinkin julkisuuden henkil\u00f6n kertomana, kiehtoi messuillakin. Arman Alizad esitteli kuvin ja sanoin omaa polkuaan, haaveita ja innostusta aina pikkupojasta, oppisopimusopiskelun ja vaatturin ty\u00f6n kautta t\u00e4h\u00e4n hetkeen.<\/p>\n<p><img loading=\"lazy\" decoding=\"async\" class=\"alignnone size-medium wp-image-180\" src=\"https:\/\/blogit.gradia.fi\/yhdessaenemman\/wp-content\/uploads\/sites\/17\/2018\/04\/killarman_rekry-300x225.jpg\" alt=\"\" width=\"300\" height=\"225\" srcset=\"https:\/\/blogit.gradia.fi\/yhdessaenemman\/wp-content\/uploads\/sites\/17\/2018\/04\/killarman_rekry-300x225.jpg 300w, https:\/\/blogit.gradia.fi\/yhdessaenemman\/wp-content\/uploads\/sites\/17\/2018\/04\/killarman_rekry-768x576.jpg 768w, https:\/\/blogit.gradia.fi\/yhdessaenemman\/wp-content\/uploads\/sites\/17\/2018\/04\/killarman_rekry-1024x768.jpg 1024w\" sizes=\"auto, (max-width: 300px) 100vw, 300px\" \/><\/p>\n<p><strong><em>kuva<\/em><\/strong><em>: Arman Alizad ja unelma.<\/em><\/p>\n<p>&nbsp;<\/p>\n<p>teksti ja kuvat: Pauliina Holm<\/p>\n","protected":false},"excerpt":{"rendered":"<p>Keski-Suomessa on hyv\u00e4t kasvun merkit. Se todettiin 11.4. j\u00e4rjestetyill\u00e4 Rekry &amp; Ty\u00f6el\u00e4m\u00e4messuilla Jyv\u00e4skyl\u00e4n Paviljongissa. Paikalla oli Gradian lis\u00e4ksi n. 80 n\u00e4ytteilleasettajaa; ty\u00f6nantajia, ty\u00f6paikkoja ja ty\u00f6llisyyspalveluita esittelevi\u00e4 tahoja. Yli 3000 k\u00e4vij\u00e4\u00e4 ja\u00a01000 ty\u00f6paikkaa, hyvi\u00e4 kohtaamisia. Osastollamme k\u00e4vi positiivinen kuhina ja onneksi meit\u00e4 oli riitt\u00e4v\u00e4n monta vastaamassa kysymyksiin kasvotusten, v\u00e4lill\u00e4 englanniksikin.\u00a0Palveluistamme kerrottiin ty\u00f6nantajille ja uran vaihtoa pohtiville &hellip; <a href=\"https:\/\/blogit.gradia.fi\/yhdessaenemman\/2018\/04\/12\/kasvun-merkit\/\" class=\"more-link\">Jatka lukemista <span class=\"screen-reader-text\">Kasvun merkit<\/span> <span class=\"meta-nav\">&rarr;<\/span><\/a><\/p>\n","protected":false},"author":109,"featured_media":181,"comment_status":"open","ping_status":"open","sticky":false,"template":"","format":"standard","meta":{"_uag_custom_page_level_css":"","footnotes":""},"categories":[1],"tags":[2,32,35,3,6],"class_list":["post-179","post","type-post","status-publish","format-standard","has-post-thumbnail","hentry","category-yleinen","tag-kumppani","tag-osaaja","tag-rekrytointi","tag-tyoelama","tag-yritys"],"yoast_head":"<!-- This site is optimized with the Yoast SEO plugin v27.5 - https:\/\/yoast.com\/product\/yoast-seo-wordpress\/ -->\n<title>Kasvun merkit - Yhdess\u00e4 enemm\u00e4n<\/title>\n<meta name=\"robots\" content=\"index, follow, max-snippet:-1, max-image-preview:large, max-video-preview:-1\" \/>\n<link rel=\"canonical\" href=\"https:\/\/blogit.gradia.fi\/yhdessaenemman\/2018\/04\/12\/kasvun-merkit\/\" \/>\n<meta property=\"og:locale\" content=\"fi_FI\" \/>\n<meta property=\"og:type\" content=\"article\" \/>\n<meta property=\"og:title\" content=\"Kasvun merkit - Yhdess\u00e4 enemm\u00e4n\" \/>\n<meta property=\"og:description\" content=\"Keski-Suomessa on hyv\u00e4t kasvun merkit. Se todettiin 11.4. j\u00e4rjestetyill\u00e4 Rekry &amp; Ty\u00f6el\u00e4m\u00e4messuilla Jyv\u00e4skyl\u00e4n Paviljongissa. Paikalla oli Gradian lis\u00e4ksi n. 80 n\u00e4ytteilleasettajaa; ty\u00f6nantajia, ty\u00f6paikkoja ja ty\u00f6llisyyspalveluita esittelevi\u00e4 tahoja. Yli 3000 k\u00e4vij\u00e4\u00e4 ja\u00a01000 ty\u00f6paikkaa, hyvi\u00e4 kohtaamisia. Osastollamme k\u00e4vi positiivinen kuhina ja onneksi meit\u00e4 oli riitt\u00e4v\u00e4n monta vastaamassa kysymyksiin kasvotusten, v\u00e4lill\u00e4 englanniksikin.\u00a0Palveluistamme kerrottiin ty\u00f6nantajille ja uran vaihtoa pohtiville &hellip; Jatka lukemista Kasvun merkit &rarr;\" \/>\n<meta property=\"og:url\" content=\"https:\/\/blogit.gradia.fi\/yhdessaenemman\/2018\/04\/12\/kasvun-merkit\/\" \/>\n<meta property=\"og:site_name\" content=\"Yhdess\u00e4 enemm\u00e4n\" \/>\n<meta property=\"article:published_time\" content=\"2018-04-12T12:46:15+00:00\" \/>\n<meta property=\"og:image\" content=\"https:\/\/blogit.gradia.fi\/yhdessaenemman\/wp-content\/uploads\/sites\/17\/2018\/04\/gradia_rekry-1024x939.jpg\" \/>\n\t<meta property=\"og:image:width\" content=\"1024\" \/>\n\t<meta property=\"og:image:height\" content=\"939\" \/>\n\t<meta property=\"og:image:type\" content=\"image\/jpeg\" \/>\n<meta name=\"author\" content=\"Riikka \u00c5lander\" \/>\n<meta name=\"twitter:card\" content=\"summary_large_image\" \/>\n<meta name=\"twitter:label1\" content=\"Kirjoittanut\" \/>\n\t<meta name=\"twitter:data1\" content=\"Riikka \u00c5lander\" \/>\n\t<meta name=\"twitter:label2\" content=\"Arvioitu lukuaika\" \/>\n\t<meta name=\"twitter:data2\" content=\"1 minuutti\" \/>\n<script type=\"application\/ld+json\" class=\"yoast-schema-graph\">{\"@context\":\"https:\\\/\\\/schema.org\",\"@graph\":[{\"@type\":\"Article\",\"@id\":\"https:\\\/\\\/blogit.gradia.fi\\\/yhdessaenemman\\\/2018\\\/04\\\/12\\\/kasvun-merkit\\\/#article\",\"isPartOf\":{\"@id\":\"https:\\\/\\\/blogit.gradia.fi\\\/yhdessaenemman\\\/2018\\\/04\\\/12\\\/kasvun-merkit\\\/\"},\"author\":{\"name\":\"Riikka \u00c5lander\",\"@id\":\"https:\\\/\\\/blogit.gradia.fi\\\/yhdessaenemman\\\/#\\\/schema\\\/person\\\/898fea106153ba30853346fccfef3aea\"},\"headline\":\"Kasvun merkit\",\"datePublished\":\"2018-04-12T12:46:15+00:00\",\"mainEntityOfPage\":{\"@id\":\"https:\\\/\\\/blogit.gradia.fi\\\/yhdessaenemman\\\/2018\\\/04\\\/12\\\/kasvun-merkit\\\/\"},\"wordCount\":218,\"commentCount\":0,\"image\":{\"@id\":\"https:\\\/\\\/blogit.gradia.fi\\\/yhdessaenemman\\\/2018\\\/04\\\/12\\\/kasvun-merkit\\\/#primaryimage\"},\"thumbnailUrl\":\"https:\\\/\\\/blogit.gradia.fi\\\/yhdessaenemman\\\/wp-content\\\/uploads\\\/sites\\\/17\\\/2018\\\/04\\\/gradia_rekry.jpg\",\"keywords\":[\"Kumppani\",\"osaaja\",\"rekrytointi\",\"Ty\u00f6el\u00e4m\u00e4\",\"Yritys\"],\"inLanguage\":\"fi\",\"potentialAction\":[{\"@type\":\"CommentAction\",\"name\":\"Comment\",\"target\":[\"https:\\\/\\\/blogit.gradia.fi\\\/yhdessaenemman\\\/2018\\\/04\\\/12\\\/kasvun-merkit\\\/#respond\"]}]},{\"@type\":\"WebPage\",\"@id\":\"https:\\\/\\\/blogit.gradia.fi\\\/yhdessaenemman\\\/2018\\\/04\\\/12\\\/kasvun-merkit\\\/\",\"url\":\"https:\\\/\\\/blogit.gradia.fi\\\/yhdessaenemman\\\/2018\\\/04\\\/12\\\/kasvun-merkit\\\/\",\"name\":\"Kasvun merkit - Yhdess\u00e4 enemm\u00e4n\",\"isPartOf\":{\"@id\":\"https:\\\/\\\/blogit.gradia.fi\\\/yhdessaenemman\\\/#website\"},\"primaryImageOfPage\":{\"@id\":\"https:\\\/\\\/blogit.gradia.fi\\\/yhdessaenemman\\\/2018\\\/04\\\/12\\\/kasvun-merkit\\\/#primaryimage\"},\"image\":{\"@id\":\"https:\\\/\\\/blogit.gradia.fi\\\/yhdessaenemman\\\/2018\\\/04\\\/12\\\/kasvun-merkit\\\/#primaryimage\"},\"thumbnailUrl\":\"https:\\\/\\\/blogit.gradia.fi\\\/yhdessaenemman\\\/wp-content\\\/uploads\\\/sites\\\/17\\\/2018\\\/04\\\/gradia_rekry.jpg\",\"datePublished\":\"2018-04-12T12:46:15+00:00\",\"author\":{\"@id\":\"https:\\\/\\\/blogit.gradia.fi\\\/yhdessaenemman\\\/#\\\/schema\\\/person\\\/898fea106153ba30853346fccfef3aea\"},\"breadcrumb\":{\"@id\":\"https:\\\/\\\/blogit.gradia.fi\\\/yhdessaenemman\\\/2018\\\/04\\\/12\\\/kasvun-merkit\\\/#breadcrumb\"},\"inLanguage\":\"fi\",\"potentialAction\":[{\"@type\":\"ReadAction\",\"target\":[\"https:\\\/\\\/blogit.gradia.fi\\\/yhdessaenemman\\\/2018\\\/04\\\/12\\\/kasvun-merkit\\\/\"]}]},{\"@type\":\"ImageObject\",\"inLanguage\":\"fi\",\"@id\":\"https:\\\/\\\/blogit.gradia.fi\\\/yhdessaenemman\\\/2018\\\/04\\\/12\\\/kasvun-merkit\\\/#primaryimage\",\"url\":\"https:\\\/\\\/blogit.gradia.fi\\\/yhdessaenemman\\\/wp-content\\\/uploads\\\/sites\\\/17\\\/2018\\\/04\\\/gradia_rekry.jpg\",\"contentUrl\":\"https:\\\/\\\/blogit.gradia.fi\\\/yhdessaenemman\\\/wp-content\\\/uploads\\\/sites\\\/17\\\/2018\\\/04\\\/gradia_rekry.jpg\",\"width\":3297,\"height\":3024},{\"@type\":\"BreadcrumbList\",\"@id\":\"https:\\\/\\\/blogit.gradia.fi\\\/yhdessaenemman\\\/2018\\\/04\\\/12\\\/kasvun-merkit\\\/#breadcrumb\",\"itemListElement\":[{\"@type\":\"ListItem\",\"position\":1,\"name\":\"Home\",\"item\":\"https:\\\/\\\/blogit.gradia.fi\\\/yhdessaenemman\\\/\"},{\"@type\":\"ListItem\",\"position\":2,\"name\":\"Kasvun merkit\"}]},{\"@type\":\"WebSite\",\"@id\":\"https:\\\/\\\/blogit.gradia.fi\\\/yhdessaenemman\\\/#website\",\"url\":\"https:\\\/\\\/blogit.gradia.fi\\\/yhdessaenemman\\\/\",\"name\":\"Yhdess\u00e4 enemm\u00e4n\",\"description\":\"Gradia Ty\u00f6el\u00e4m\u00e4- ja yrityspalvelut kumppaninasi\",\"potentialAction\":[{\"@type\":\"SearchAction\",\"target\":{\"@type\":\"EntryPoint\",\"urlTemplate\":\"https:\\\/\\\/blogit.gradia.fi\\\/yhdessaenemman\\\/?s={search_term_string}\"},\"query-input\":{\"@type\":\"PropertyValueSpecification\",\"valueRequired\":true,\"valueName\":\"search_term_string\"}}],\"inLanguage\":\"fi\"},{\"@type\":\"Person\",\"@id\":\"https:\\\/\\\/blogit.gradia.fi\\\/yhdessaenemman\\\/#\\\/schema\\\/person\\\/898fea106153ba30853346fccfef3aea\",\"name\":\"Riikka \u00c5lander\",\"image\":{\"@type\":\"ImageObject\",\"inLanguage\":\"fi\",\"@id\":\"https:\\\/\\\/secure.gravatar.com\\\/avatar\\\/5486c91ccf1c06076ad774dca1dd3ceeed9f25f72a7e37122a1a79bfabe0ab73?s=96&d=mm&r=g\",\"url\":\"https:\\\/\\\/secure.gravatar.com\\\/avatar\\\/5486c91ccf1c06076ad774dca1dd3ceeed9f25f72a7e37122a1a79bfabe0ab73?s=96&d=mm&r=g\",\"contentUrl\":\"https:\\\/\\\/secure.gravatar.com\\\/avatar\\\/5486c91ccf1c06076ad774dca1dd3ceeed9f25f72a7e37122a1a79bfabe0ab73?s=96&d=mm&r=g\",\"caption\":\"Riikka \u00c5lander\"},\"url\":\"https:\\\/\\\/blogit.gradia.fi\\\/yhdessaenemman\\\/author\\\/ao184244\\\/\"}]}<\/script>\n<!-- \/ Yoast SEO plugin. -->","yoast_head_json":{"title":"Kasvun merkit - Yhdess\u00e4 enemm\u00e4n","robots":{"index":"index","follow":"follow","max-snippet":"max-snippet:-1","max-image-preview":"max-image-preview:large","max-video-preview":"max-video-preview:-1"},"canonical":"https:\/\/blogit.gradia.fi\/yhdessaenemman\/2018\/04\/12\/kasvun-merkit\/","og_locale":"fi_FI","og_type":"article","og_title":"Kasvun merkit - Yhdess\u00e4 enemm\u00e4n","og_description":"Keski-Suomessa on hyv\u00e4t kasvun merkit. Se todettiin 11.4. j\u00e4rjestetyill\u00e4 Rekry &amp; Ty\u00f6el\u00e4m\u00e4messuilla Jyv\u00e4skyl\u00e4n Paviljongissa. Paikalla oli Gradian lis\u00e4ksi n. 80 n\u00e4ytteilleasettajaa; ty\u00f6nantajia, ty\u00f6paikkoja ja ty\u00f6llisyyspalveluita esittelevi\u00e4 tahoja. Yli 3000 k\u00e4vij\u00e4\u00e4 ja\u00a01000 ty\u00f6paikkaa, hyvi\u00e4 kohtaamisia. Osastollamme k\u00e4vi positiivinen kuhina ja onneksi meit\u00e4 oli riitt\u00e4v\u00e4n monta vastaamassa kysymyksiin kasvotusten, v\u00e4lill\u00e4 englanniksikin.\u00a0Palveluistamme kerrottiin ty\u00f6nantajille ja uran vaihtoa pohtiville &hellip; Jatka lukemista Kasvun merkit &rarr;","og_url":"https:\/\/blogit.gradia.fi\/yhdessaenemman\/2018\/04\/12\/kasvun-merkit\/","og_site_name":"Yhdess\u00e4 enemm\u00e4n","article_published_time":"2018-04-12T12:46:15+00:00","og_image":[{"width":1024,"height":939,"url":"https:\/\/blogit.gradia.fi\/yhdessaenemman\/wp-content\/uploads\/sites\/17\/2018\/04\/gradia_rekry-1024x939.jpg","type":"image\/jpeg"}],"author":"Riikka \u00c5lander","twitter_card":"summary_large_image","twitter_misc":{"Kirjoittanut":"Riikka \u00c5lander","Arvioitu lukuaika":"1 minuutti"},"schema":{"@context":"https:\/\/schema.org","@graph":[{"@type":"Article","@id":"https:\/\/blogit.gradia.fi\/yhdessaenemman\/2018\/04\/12\/kasvun-merkit\/#article","isPartOf":{"@id":"https:\/\/blogit.gradia.fi\/yhdessaenemman\/2018\/04\/12\/kasvun-merkit\/"},"author":{"name":"Riikka \u00c5lander","@id":"https:\/\/blogit.gradia.fi\/yhdessaenemman\/#\/schema\/person\/898fea106153ba30853346fccfef3aea"},"headline":"Kasvun merkit","datePublished":"2018-04-12T12:46:15+00:00","mainEntityOfPage":{"@id":"https:\/\/blogit.gradia.fi\/yhdessaenemman\/2018\/04\/12\/kasvun-merkit\/"},"wordCount":218,"commentCount":0,"image":{"@id":"https:\/\/blogit.gradia.fi\/yhdessaenemman\/2018\/04\/12\/kasvun-merkit\/#primaryimage"},"thumbnailUrl":"https:\/\/blogit.gradia.fi\/yhdessaenemman\/wp-content\/uploads\/sites\/17\/2018\/04\/gradia_rekry.jpg","keywords":["Kumppani","osaaja","rekrytointi","Ty\u00f6el\u00e4m\u00e4","Yritys"],"inLanguage":"fi","potentialAction":[{"@type":"CommentAction","name":"Comment","target":["https:\/\/blogit.gradia.fi\/yhdessaenemman\/2018\/04\/12\/kasvun-merkit\/#respond"]}]},{"@type":"WebPage","@id":"https:\/\/blogit.gradia.fi\/yhdessaenemman\/2018\/04\/12\/kasvun-merkit\/","url":"https:\/\/blogit.gradia.fi\/yhdessaenemman\/2018\/04\/12\/kasvun-merkit\/","name":"Kasvun merkit - Yhdess\u00e4 enemm\u00e4n","isPartOf":{"@id":"https:\/\/blogit.gradia.fi\/yhdessaenemman\/#website"},"primaryImageOfPage":{"@id":"https:\/\/blogit.gradia.fi\/yhdessaenemman\/2018\/04\/12\/kasvun-merkit\/#primaryimage"},"image":{"@id":"https:\/\/blogit.gradia.fi\/yhdessaenemman\/2018\/04\/12\/kasvun-merkit\/#primaryimage"},"thumbnailUrl":"https:\/\/blogit.gradia.fi\/yhdessaenemman\/wp-content\/uploads\/sites\/17\/2018\/04\/gradia_rekry.jpg","datePublished":"2018-04-12T12:46:15+00:00","author":{"@id":"https:\/\/blogit.gradia.fi\/yhdessaenemman\/#\/schema\/person\/898fea106153ba30853346fccfef3aea"},"breadcrumb":{"@id":"https:\/\/blogit.gradia.fi\/yhdessaenemman\/2018\/04\/12\/kasvun-merkit\/#breadcrumb"},"inLanguage":"fi","potentialAction":[{"@type":"ReadAction","target":["https:\/\/blogit.gradia.fi\/yhdessaenemman\/2018\/04\/12\/kasvun-merkit\/"]}]},{"@type":"ImageObject","inLanguage":"fi","@id":"https:\/\/blogit.gradia.fi\/yhdessaenemman\/2018\/04\/12\/kasvun-merkit\/#primaryimage","url":"https:\/\/blogit.gradia.fi\/yhdessaenemman\/wp-content\/uploads\/sites\/17\/2018\/04\/gradia_rekry.jpg","contentUrl":"https:\/\/blogit.gradia.fi\/yhdessaenemman\/wp-content\/uploads\/sites\/17\/2018\/04\/gradia_rekry.jpg","width":3297,"height":3024},{"@type":"BreadcrumbList","@id":"https:\/\/blogit.gradia.fi\/yhdessaenemman\/2018\/04\/12\/kasvun-merkit\/#breadcrumb","itemListElement":[{"@type":"ListItem","position":1,"name":"Home","item":"https:\/\/blogit.gradia.fi\/yhdessaenemman\/"},{"@type":"ListItem","position":2,"name":"Kasvun merkit"}]},{"@type":"WebSite","@id":"https:\/\/blogit.gradia.fi\/yhdessaenemman\/#website","url":"https:\/\/blogit.gradia.fi\/yhdessaenemman\/","name":"Yhdess\u00e4 enemm\u00e4n","description":"Gradia Ty\u00f6el\u00e4m\u00e4- ja yrityspalvelut kumppaninasi","potentialAction":[{"@type":"SearchAction","target":{"@type":"EntryPoint","urlTemplate":"https:\/\/blogit.gradia.fi\/yhdessaenemman\/?s={search_term_string}"},"query-input":{"@type":"PropertyValueSpecification","valueRequired":true,"valueName":"search_term_string"}}],"inLanguage":"fi"},{"@type":"Person","@id":"https:\/\/blogit.gradia.fi\/yhdessaenemman\/#\/schema\/person\/898fea106153ba30853346fccfef3aea","name":"Riikka \u00c5lander","image":{"@type":"ImageObject","inLanguage":"fi","@id":"https:\/\/secure.gravatar.com\/avatar\/5486c91ccf1c06076ad774dca1dd3ceeed9f25f72a7e37122a1a79bfabe0ab73?s=96&d=mm&r=g","url":"https:\/\/secure.gravatar.com\/avatar\/5486c91ccf1c06076ad774dca1dd3ceeed9f25f72a7e37122a1a79bfabe0ab73?s=96&d=mm&r=g","contentUrl":"https:\/\/secure.gravatar.com\/avatar\/5486c91ccf1c06076ad774dca1dd3ceeed9f25f72a7e37122a1a79bfabe0ab73?s=96&d=mm&r=g","caption":"Riikka \u00c5lander"},"url":"https:\/\/blogit.gradia.fi\/yhdessaenemman\/author\/ao184244\/"}]}},"uagb_featured_image_src":{"full":["https:\/\/blogit.gradia.fi\/yhdessaenemman\/wp-content\/uploads\/sites\/17\/2018\/04\/gradia_rekry.jpg",3297,3024,false],"thumbnail":["https:\/\/blogit.gradia.fi\/yhdessaenemman\/wp-content\/uploads\/sites\/17\/2018\/04\/gradia_rekry-150x150.jpg",150,150,true],"medium":["https:\/\/blogit.gradia.fi\/yhdessaenemman\/wp-content\/uploads\/sites\/17\/2018\/04\/gradia_rekry-300x275.jpg",300,275,true],"medium_large":["https:\/\/blogit.gradia.fi\/yhdessaenemman\/wp-content\/uploads\/sites\/17\/2018\/04\/gradia_rekry-768x704.jpg",474,435,true],"large":["https:\/\/blogit.gradia.fi\/yhdessaenemman\/wp-content\/uploads\/sites\/17\/2018\/04\/gradia_rekry-1024x939.jpg",474,435,true],"1536x1536":["https:\/\/blogit.gradia.fi\/yhdessaenemman\/wp-content\/uploads\/sites\/17\/2018\/04\/gradia_rekry.jpg",1536,1409,false],"2048x2048":["https:\/\/blogit.gradia.fi\/yhdessaenemman\/wp-content\/uploads\/sites\/17\/2018\/04\/gradia_rekry.jpg",2048,1878,false],"post-thumbnail":["https:\/\/blogit.gradia.fi\/yhdessaenemman\/wp-content\/uploads\/sites\/17\/2018\/04\/gradia_rekry-672x372.jpg",672,372,true],"twentyfourteen-full-width":["https:\/\/blogit.gradia.fi\/yhdessaenemman\/wp-content\/uploads\/sites\/17\/2018\/04\/gradia_rekry-1038x576.jpg",1038,576,true]},"uagb_author_info":{"display_name":"Riikka \u00c5lander","author_link":"https:\/\/blogit.gradia.fi\/yhdessaenemman\/author\/ao184244\/"},"uagb_comment_info":0,"uagb_excerpt":"Keski-Suomessa on hyv\u00e4t kasvun merkit. Se todettiin 11.4. j\u00e4rjestetyill\u00e4 Rekry &amp; Ty\u00f6el\u00e4m\u00e4messuilla Jyv\u00e4skyl\u00e4n Paviljongissa. Paikalla oli Gradian lis\u00e4ksi n. 80 n\u00e4ytteilleasettajaa; ty\u00f6nantajia, ty\u00f6paikkoja ja ty\u00f6llisyyspalveluita esittelevi\u00e4 tahoja. Yli 3000 k\u00e4vij\u00e4\u00e4 ja\u00a01000 ty\u00f6paikkaa, hyvi\u00e4 kohtaamisia. Osastollamme k\u00e4vi positiivinen kuhina ja onneksi meit\u00e4 oli riitt\u00e4v\u00e4n monta vastaamassa kysymyksiin kasvotusten, v\u00e4lill\u00e4 englanniksikin.\u00a0Palveluistamme kerrottiin ty\u00f6nantajille ja uran vaihtoa pohtiville&hellip;","_links":{"self":[{"href":"https:\/\/blogit.gradia.fi\/yhdessaenemman\/wp-json\/wp\/v2\/posts\/179","targetHints":{"allow":["GET"]}}],"collection":[{"href":"https:\/\/blogit.gradia.fi\/yhdessaenemman\/wp-json\/wp\/v2\/posts"}],"about":[{"href":"https:\/\/blogit.gradia.fi\/yhdessaenemman\/wp-json\/wp\/v2\/types\/post"}],"author":[{"embeddable":true,"href":"https:\/\/blogit.gradia.fi\/yhdessaenemman\/wp-json\/wp\/v2\/users\/109"}],"replies":[{"embeddable":true,"href":"https:\/\/blogit.gradia.fi\/yhdessaenemman\/wp-json\/wp\/v2\/comments?post=179"}],"version-history":[{"count":0,"href":"https:\/\/blogit.gradia.fi\/yhdessaenemman\/wp-json\/wp\/v2\/posts\/179\/revisions"}],"wp:featuredmedia":[{"embeddable":true,"href":"https:\/\/blogit.gradia.fi\/yhdessaenemman\/wp-json\/wp\/v2\/media\/181"}],"wp:attachment":[{"href":"https:\/\/blogit.gradia.fi\/yhdessaenemman\/wp-json\/wp\/v2\/media?parent=179"}],"wp:term":[{"taxonomy":"category","embeddable":true,"href":"https:\/\/blogit.gradia.fi\/yhdessaenemman\/wp-json\/wp\/v2\/categories?post=179"},{"taxonomy":"post_tag","embeddable":true,"href":"https:\/\/blogit.gradia.fi\/yhdessaenemman\/wp-json\/wp\/v2\/tags?post=179"}],"curies":[{"name":"wp","href":"https:\/\/api.w.org\/{rel}","templated":true}]}}