{"id":165,"date":"2018-03-16T10:14:36","date_gmt":"2018-03-16T08:14:36","guid":{"rendered":"https:\/\/blogit.gradia.fi\/yhdessaenemman\/?p=165"},"modified":"2018-03-16T10:14:36","modified_gmt":"2018-03-16T08:14:36","slug":"ilmiannettu-kuukauden-kumppani","status":"publish","type":"post","link":"https:\/\/blogit.gradia.fi\/yhdessaenemman\/2018\/03\/16\/ilmiannettu-kuukauden-kumppani\/","title":{"rendered":"Ilmiannettu kuukauden kumppani"},"content":{"rendered":"<p>Palkitsimme\u00a0 avoimissa ovissa ensimm\u00e4ist\u00e4, muttei viimeist\u00e4 (!), kertaa <strong>kuukauden kumppanin<\/strong>. Kuukauden kumppani on ty\u00f6el\u00e4m\u00e4 -ja yrityspalveluiden lanseeraama huomionosoitus \u00a0Gradia-kollegalle, jonka ty\u00f6el\u00e4m\u00e4l\u00e4ht\u00f6inen toiminta ansaitsee tulla nostetuksi esiin.<\/p>\n<p>Kuukauden kumppani-kunniamaininta my\u00f6nnet\u00e4\u00e4n tunnustuksena menestyksellisesti tehdyst\u00e4 yritys -ja ty\u00f6el\u00e4m\u00e4l\u00e4ht\u00f6isest\u00e4 toiminnasta: yritysten kanssa tehdyist\u00e4 hankkeista, yhteisty\u00f6n ja liiketoiminnan kehitt\u00e4misest\u00e4, kansainv\u00e4lisest\u00e4 koulutusviennist\u00e4 ja ty\u00f6el\u00e4m\u00e4n tarpeisiin r\u00e4\u00e4t\u00e4l\u00f6idyst\u00e4 koulutuksesta. Kiit\u00e4mme kollegoiden j\u00e4tt\u00e4mist\u00e4 ilmiannoista! Ne tullaan my\u00f6s\u00a0huomioimaan.<\/p>\n<p><strong>Kollegaa saa kehua<\/strong><\/p>\n<p>Haluamme onnitella <strong>Vesa-Anttia<\/strong>, ensimm\u00e4ist\u00e4 kuukauden kumppania. Vesa-Antti on aktiivisesti ja my\u00f6nteisesti edesauttanut yhteispalvelujen digi- ja painotarpeissa hy\u00f6dynt\u00e4en ty\u00f6ss\u00e4 omia yritysverkostojaan. H\u00e4n on ottanut media-alan opiskelijat mukaan osaksi yhteisty\u00f6projekteja. H\u00e4nen palvelualttiutensa ja joustavuutensa on ollut erinomaista koulutusvientiprojektien toteuttamisessa.<\/p>\n<p><img loading=\"lazy\" decoding=\"async\" class=\"alignnone wp-image-166\" src=\"https:\/\/blogit.gradia.fi\/yhdessaenemman\/wp-content\/uploads\/sites\/17\/2018\/03\/vesa_onnea-300x281.jpg\" alt=\"\" width=\"238\" height=\"223\" srcset=\"https:\/\/blogit.gradia.fi\/yhdessaenemman\/wp-content\/uploads\/sites\/17\/2018\/03\/vesa_onnea-300x281.jpg 300w, https:\/\/blogit.gradia.fi\/yhdessaenemman\/wp-content\/uploads\/sites\/17\/2018\/03\/vesa_onnea-768x718.jpg 768w, https:\/\/blogit.gradia.fi\/yhdessaenemman\/wp-content\/uploads\/sites\/17\/2018\/03\/vesa_onnea.jpg 940w\" sizes=\"auto, (max-width: 238px) 100vw, 238px\" \/><img loading=\"lazy\" decoding=\"async\" class=\"alignnone wp-image-171\" src=\"https:\/\/blogit.gradia.fi\/yhdessaenemman\/wp-content\/uploads\/sites\/17\/2018\/03\/vesa-225x300.jpg\" alt=\"\" width=\"167\" height=\"222\" srcset=\"https:\/\/blogit.gradia.fi\/yhdessaenemman\/wp-content\/uploads\/sites\/17\/2018\/03\/vesa-225x300.jpg 225w, https:\/\/blogit.gradia.fi\/yhdessaenemman\/wp-content\/uploads\/sites\/17\/2018\/03\/vesa-768x1024.jpg 768w, https:\/\/blogit.gradia.fi\/yhdessaenemman\/wp-content\/uploads\/sites\/17\/2018\/03\/vesa.jpg 1200w\" sizes=\"auto, (max-width: 167px) 100vw, 167px\" \/><b><\/b><i><\/i><u><\/u><\/p>\n<p><span style=\"margin: 0px;line-height: 107%;font-family: 'Calibri',sans-serif;font-size: 11pt\"><span style=\"color: #000000\"><span style=\"color: #000000\"><strong>Kuva<\/strong>: <em>Gradian hallituksen puheenjohtaja Juha Suonper\u00e4 toi tervehdyksen avoimiin oviimme ja palkitsi ensimm\u00e4iseksi Kuukauden kumppaniksi <strong>Vesa-Antti Iltolan<\/strong>. Ilmiantajina h\u00e4nelle oli useita Gradia-kollegoja. Kukat ojensi yksik\u00f6njohtaja Kaija Haapasaari.<\/em><\/span><\/span><\/span><\/p>\n<p>Vesa-Antti on asiakasl\u00e4ht\u00f6isesti ja asiantuntevasti l\u00e4htenyt toteuttamaan koulutusvientity\u00f6t\u00e4 tarjoamalla omaa asiantuntijuuttaan viimeksi mm. ven\u00e4l\u00e4isten Skills-valmennusasiakkaiden kouluttamisessa. H\u00e4n on promonnut suomalaista ammatillista koulutusta hyvin yritys- ja ty\u00f6el\u00e4m\u00e4l\u00e4ht\u00f6isesti ja sit\u00e4 kautta auttanut lukuisia kertoja Gradian koulutusviennin edist\u00e4misty\u00f6ss\u00e4. Kiitos!<\/p>\n<p><strong>Yhdess\u00e4 enemm\u00e4n yhdelt\u00e4 luukulta<\/strong><\/p>\n<p>Keski-Suomen Kauppakamarin hiljattain julkaisema selvitys nosti esiin kehittymisen painopisteit\u00e4 oppilaitosten (yliopisto, ammattikorkeakoulu ja toinen aste) ja yritysten v\u00e4lill\u00e4. Ty\u00f6el\u00e4m\u00e4- ja yrityspalvelut on Gradian vastaus yhteisty\u00f6n tiivist\u00e4miseen ja ns. yritysten yhden luukun palvelun periaatteeseen. Yksik\u00f6njohtaja Kaija Haapasaari esitteli avoimissa ovissa toimintaamme ja korosti <strong>yhteisty\u00f6n t\u00e4rkeytt\u00e4<\/strong> alojen; opettajien ja kouluttajien, kanssa ty\u00f6el\u00e4m\u00e4n tarpeisiin vastaamisessa ja ennakoinnissa<img loading=\"lazy\" decoding=\"async\" class=\"alignnone wp-image-172\" src=\"https:\/\/blogit.gradia.fi\/yhdessaenemman\/wp-content\/uploads\/sites\/17\/2018\/03\/ideointia-300x169.jpg\" alt=\"\" width=\"290\" height=\"163\" srcset=\"https:\/\/blogit.gradia.fi\/yhdessaenemman\/wp-content\/uploads\/sites\/17\/2018\/03\/ideointia-300x169.jpg 300w, https:\/\/blogit.gradia.fi\/yhdessaenemman\/wp-content\/uploads\/sites\/17\/2018\/03\/ideointia-768x432.jpg 768w, https:\/\/blogit.gradia.fi\/yhdessaenemman\/wp-content\/uploads\/sites\/17\/2018\/03\/ideointia-1024x576.jpg 1024w, https:\/\/blogit.gradia.fi\/yhdessaenemman\/wp-content\/uploads\/sites\/17\/2018\/03\/ideointia.jpg 1600w\" sizes=\"auto, (max-width: 290px) 100vw, 290px\" \/><\/p>\n<p><strong><span style=\"margin: 0px;color: #2b2b2b;line-height: 107%;font-family: 'Arial',sans-serif;font-size: 10pt\">Kuva<\/span><\/strong><span style=\"margin: 0px;color: #2b2b2b;line-height: 107%;font-family: 'Arial',sans-serif;font-size: 10pt\">: Ideoidakin saa. Yhdess\u00e4 saamme aikaan enemm\u00e4n.<\/span><\/p>\n<p><strong>Otetaan koppi<\/strong><\/p>\n<p>Keit\u00e4 t\u00e4ss\u00e4 luukussa sitten ty\u00f6skentelee ja mink\u00e4laisten ratkaisujen parissa? Oppisopimus, yhteishankintakoulutukset, r\u00e4\u00e4t\u00e4l\u00f6idyt yritysten kehitt\u00e4mistarpeet, koulutusvienti ja ty\u00f6el\u00e4m\u00e4l\u00e4ht\u00f6iset hankkeet. Niit\u00e4 oli p\u00e4iv\u00e4n aikaan esill\u00e4 ja ideoidakin sai.<\/p>\n<p><img loading=\"lazy\" decoding=\"async\" class=\"alignnone wp-image-168\" src=\"https:\/\/blogit.gradia.fi\/yhdessaenemman\/wp-content\/uploads\/sites\/17\/2018\/03\/yhteiskuva_tpa-300x225.jpg\" alt=\"\" width=\"283\" height=\"212\" srcset=\"https:\/\/blogit.gradia.fi\/yhdessaenemman\/wp-content\/uploads\/sites\/17\/2018\/03\/yhteiskuva_tpa-300x225.jpg 300w, https:\/\/blogit.gradia.fi\/yhdessaenemman\/wp-content\/uploads\/sites\/17\/2018\/03\/yhteiskuva_tpa-768x576.jpg 768w, https:\/\/blogit.gradia.fi\/yhdessaenemman\/wp-content\/uploads\/sites\/17\/2018\/03\/yhteiskuva_tpa-1024x768.jpg 1024w, https:\/\/blogit.gradia.fi\/yhdessaenemman\/wp-content\/uploads\/sites\/17\/2018\/03\/yhteiskuva_tpa.jpg 1600w\" sizes=\"auto, (max-width: 283px) 100vw, 283px\" \/><\/p>\n<p><strong><i><span style=\"margin: 0px;color: #2b2b2b;line-height: 107%;font-family: 'Arial',sans-serif;font-size: 10pt\">Kuva<\/span><\/i><\/strong><em><span style=\"margin: 0px;color: #2b2b2b;line-height: 107%;font-family: 'Arial',sans-serif;font-size: 10pt\">:\u00a0Ty\u00f6el\u00e4m\u00e4-ja yrityspalveluiden asiakkuusp\u00e4\u00e4llik\u00f6t ja ty\u00f6el\u00e4m\u00e4koordinaattorit\u00a0onnittelemassa ja esitt\u00e4ytym\u00e4ss\u00e4 avoimissa ovissa<\/span><\/em><\/p>\n<p><span style=\"margin: 0px;font-family: 'Arial',sans-serif;font-size: 12pt\"><span style=\"color: #000000\">Jotta pystymme vastaamaan ja ennakoimaan ty\u00f6el\u00e4m\u00e4n tarpeita, tarvitaan saumatonta yhteisty\u00f6t\u00e4 ty\u00f6el\u00e4m\u00e4n ja alojen v\u00e4lill\u00e4. Tarvitaan rohkeutta uudistua ja tehd\u00e4 asioita ty\u00f6el\u00e4m\u00e4n tarpeiden n\u00e4k\u00f6kulmasta. Kumppanuudella.<\/span><\/span><\/p>\n<p>&nbsp;<\/p>\n<p>Teksti Pauliina Holm. Kuvat Pauliina Holm ja Heidi Hakulinen<\/p>\n<p>&nbsp;<\/p>\n","protected":false},"excerpt":{"rendered":"<p>Palkitsimme\u00a0 avoimissa ovissa ensimm\u00e4ist\u00e4, muttei viimeist\u00e4 (!), kertaa kuukauden kumppanin. Kuukauden kumppani on ty\u00f6el\u00e4m\u00e4 -ja yrityspalveluiden lanseeraama huomionosoitus \u00a0Gradia-kollegalle, jonka ty\u00f6el\u00e4m\u00e4l\u00e4ht\u00f6inen toiminta ansaitsee tulla nostetuksi esiin. Kuukauden kumppani-kunniamaininta my\u00f6nnet\u00e4\u00e4n tunnustuksena menestyksellisesti tehdyst\u00e4 yritys -ja ty\u00f6el\u00e4m\u00e4l\u00e4ht\u00f6isest\u00e4 toiminnasta: yritysten kanssa tehdyist\u00e4 hankkeista, yhteisty\u00f6n ja liiketoiminnan kehitt\u00e4misest\u00e4, kansainv\u00e4lisest\u00e4 koulutusviennist\u00e4 ja ty\u00f6el\u00e4m\u00e4n tarpeisiin r\u00e4\u00e4t\u00e4l\u00f6idyst\u00e4 koulutuksesta. Kiit\u00e4mme kollegoiden j\u00e4tt\u00e4mist\u00e4 ilmiannoista! &hellip; <a href=\"https:\/\/blogit.gradia.fi\/yhdessaenemman\/2018\/03\/16\/ilmiannettu-kuukauden-kumppani\/\" class=\"more-link\">Jatka lukemista <span class=\"screen-reader-text\">Ilmiannettu kuukauden kumppani<\/span> <span class=\"meta-nav\">&rarr;<\/span><\/a><\/p>\n","protected":false},"author":109,"featured_media":166,"comment_status":"open","ping_status":"open","sticky":false,"template":"","format":"standard","meta":{"_uag_custom_page_level_css":"","footnotes":""},"categories":[1],"tags":[33,30,10,18,29,32,34,3,31,28,6],"class_list":["post-165","post","type-post","status-publish","format-standard","has-post-thumbnail","hentry","category-yleinen","tag-asiakaslahtoisyys","tag-asiakkuuspaallikko","tag-asiantuntija","tag-koulutusvienti","tag-kuukauden-kumppani","tag-osaaja","tag-ratkaisu","tag-tyoelama","tag-tyoelamakoordinaattori","tag-yhteistyo","tag-yritys"],"yoast_head":"<!-- This site is optimized with the Yoast SEO plugin v27.5 - https:\/\/yoast.com\/product\/yoast-seo-wordpress\/ -->\n<title>Ilmiannettu kuukauden kumppani - Yhdess\u00e4 enemm\u00e4n<\/title>\n<meta name=\"robots\" content=\"index, follow, max-snippet:-1, max-image-preview:large, max-video-preview:-1\" \/>\n<link rel=\"canonical\" href=\"https:\/\/blogit.gradia.fi\/yhdessaenemman\/2018\/03\/16\/ilmiannettu-kuukauden-kumppani\/\" \/>\n<meta property=\"og:locale\" content=\"fi_FI\" \/>\n<meta property=\"og:type\" content=\"article\" \/>\n<meta property=\"og:title\" content=\"Ilmiannettu kuukauden kumppani - Yhdess\u00e4 enemm\u00e4n\" \/>\n<meta property=\"og:description\" content=\"Palkitsimme\u00a0 avoimissa ovissa ensimm\u00e4ist\u00e4, muttei viimeist\u00e4 (!), kertaa kuukauden kumppanin. Kuukauden kumppani on ty\u00f6el\u00e4m\u00e4 -ja yrityspalveluiden lanseeraama huomionosoitus \u00a0Gradia-kollegalle, jonka ty\u00f6el\u00e4m\u00e4l\u00e4ht\u00f6inen toiminta ansaitsee tulla nostetuksi esiin. Kuukauden kumppani-kunniamaininta my\u00f6nnet\u00e4\u00e4n tunnustuksena menestyksellisesti tehdyst\u00e4 yritys -ja ty\u00f6el\u00e4m\u00e4l\u00e4ht\u00f6isest\u00e4 toiminnasta: yritysten kanssa tehdyist\u00e4 hankkeista, yhteisty\u00f6n ja liiketoiminnan kehitt\u00e4misest\u00e4, kansainv\u00e4lisest\u00e4 koulutusviennist\u00e4 ja ty\u00f6el\u00e4m\u00e4n tarpeisiin r\u00e4\u00e4t\u00e4l\u00f6idyst\u00e4 koulutuksesta. Kiit\u00e4mme kollegoiden j\u00e4tt\u00e4mist\u00e4 ilmiannoista! &hellip; Jatka lukemista Ilmiannettu kuukauden kumppani &rarr;\" \/>\n<meta property=\"og:url\" content=\"https:\/\/blogit.gradia.fi\/yhdessaenemman\/2018\/03\/16\/ilmiannettu-kuukauden-kumppani\/\" \/>\n<meta property=\"og:site_name\" content=\"Yhdess\u00e4 enemm\u00e4n\" \/>\n<meta property=\"article:published_time\" content=\"2018-03-16T08:14:36+00:00\" \/>\n<meta property=\"og:image\" content=\"https:\/\/blogit.gradia.fi\/yhdessaenemman\/wp-content\/uploads\/sites\/17\/2018\/03\/vesa_onnea.jpg\" \/>\n\t<meta property=\"og:image:width\" content=\"940\" \/>\n\t<meta property=\"og:image:height\" content=\"879\" \/>\n\t<meta property=\"og:image:type\" content=\"image\/jpeg\" \/>\n<meta name=\"author\" content=\"Riikka \u00c5lander\" \/>\n<meta name=\"twitter:card\" content=\"summary_large_image\" \/>\n<meta name=\"twitter:label1\" content=\"Kirjoittanut\" \/>\n\t<meta name=\"twitter:data1\" content=\"Riikka \u00c5lander\" \/>\n\t<meta name=\"twitter:label2\" content=\"Arvioitu lukuaika\" \/>\n\t<meta name=\"twitter:data2\" content=\"2 minuuttia\" \/>\n<script type=\"application\/ld+json\" class=\"yoast-schema-graph\">{\"@context\":\"https:\\\/\\\/schema.org\",\"@graph\":[{\"@type\":\"Article\",\"@id\":\"https:\\\/\\\/blogit.gradia.fi\\\/yhdessaenemman\\\/2018\\\/03\\\/16\\\/ilmiannettu-kuukauden-kumppani\\\/#article\",\"isPartOf\":{\"@id\":\"https:\\\/\\\/blogit.gradia.fi\\\/yhdessaenemman\\\/2018\\\/03\\\/16\\\/ilmiannettu-kuukauden-kumppani\\\/\"},\"author\":{\"name\":\"Riikka \u00c5lander\",\"@id\":\"https:\\\/\\\/blogit.gradia.fi\\\/yhdessaenemman\\\/#\\\/schema\\\/person\\\/898fea106153ba30853346fccfef3aea\"},\"headline\":\"Ilmiannettu kuukauden kumppani\",\"datePublished\":\"2018-03-16T08:14:36+00:00\",\"mainEntityOfPage\":{\"@id\":\"https:\\\/\\\/blogit.gradia.fi\\\/yhdessaenemman\\\/2018\\\/03\\\/16\\\/ilmiannettu-kuukauden-kumppani\\\/\"},\"wordCount\":407,\"commentCount\":0,\"image\":{\"@id\":\"https:\\\/\\\/blogit.gradia.fi\\\/yhdessaenemman\\\/2018\\\/03\\\/16\\\/ilmiannettu-kuukauden-kumppani\\\/#primaryimage\"},\"thumbnailUrl\":\"https:\\\/\\\/blogit.gradia.fi\\\/yhdessaenemman\\\/wp-content\\\/uploads\\\/sites\\\/17\\\/2018\\\/03\\\/vesa_onnea.jpg\",\"keywords\":[\"asiakasl\u00e4ht\u00f6isyys\",\"asiakkuusp\u00e4\u00e4llikk\u00f6\",\"Asiantuntija\",\"koulutusvienti\",\"kuukauden kumppani\",\"osaaja\",\"ratkaisu\",\"Ty\u00f6el\u00e4m\u00e4\",\"ty\u00f6el\u00e4m\u00e4koordinaattori\",\"yhteisty\u00f6\",\"Yritys\"],\"inLanguage\":\"fi\",\"potentialAction\":[{\"@type\":\"CommentAction\",\"name\":\"Comment\",\"target\":[\"https:\\\/\\\/blogit.gradia.fi\\\/yhdessaenemman\\\/2018\\\/03\\\/16\\\/ilmiannettu-kuukauden-kumppani\\\/#respond\"]}]},{\"@type\":\"WebPage\",\"@id\":\"https:\\\/\\\/blogit.gradia.fi\\\/yhdessaenemman\\\/2018\\\/03\\\/16\\\/ilmiannettu-kuukauden-kumppani\\\/\",\"url\":\"https:\\\/\\\/blogit.gradia.fi\\\/yhdessaenemman\\\/2018\\\/03\\\/16\\\/ilmiannettu-kuukauden-kumppani\\\/\",\"name\":\"Ilmiannettu kuukauden kumppani - Yhdess\u00e4 enemm\u00e4n\",\"isPartOf\":{\"@id\":\"https:\\\/\\\/blogit.gradia.fi\\\/yhdessaenemman\\\/#website\"},\"primaryImageOfPage\":{\"@id\":\"https:\\\/\\\/blogit.gradia.fi\\\/yhdessaenemman\\\/2018\\\/03\\\/16\\\/ilmiannettu-kuukauden-kumppani\\\/#primaryimage\"},\"image\":{\"@id\":\"https:\\\/\\\/blogit.gradia.fi\\\/yhdessaenemman\\\/2018\\\/03\\\/16\\\/ilmiannettu-kuukauden-kumppani\\\/#primaryimage\"},\"thumbnailUrl\":\"https:\\\/\\\/blogit.gradia.fi\\\/yhdessaenemman\\\/wp-content\\\/uploads\\\/sites\\\/17\\\/2018\\\/03\\\/vesa_onnea.jpg\",\"datePublished\":\"2018-03-16T08:14:36+00:00\",\"author\":{\"@id\":\"https:\\\/\\\/blogit.gradia.fi\\\/yhdessaenemman\\\/#\\\/schema\\\/person\\\/898fea106153ba30853346fccfef3aea\"},\"breadcrumb\":{\"@id\":\"https:\\\/\\\/blogit.gradia.fi\\\/yhdessaenemman\\\/2018\\\/03\\\/16\\\/ilmiannettu-kuukauden-kumppani\\\/#breadcrumb\"},\"inLanguage\":\"fi\",\"potentialAction\":[{\"@type\":\"ReadAction\",\"target\":[\"https:\\\/\\\/blogit.gradia.fi\\\/yhdessaenemman\\\/2018\\\/03\\\/16\\\/ilmiannettu-kuukauden-kumppani\\\/\"]}]},{\"@type\":\"ImageObject\",\"inLanguage\":\"fi\",\"@id\":\"https:\\\/\\\/blogit.gradia.fi\\\/yhdessaenemman\\\/2018\\\/03\\\/16\\\/ilmiannettu-kuukauden-kumppani\\\/#primaryimage\",\"url\":\"https:\\\/\\\/blogit.gradia.fi\\\/yhdessaenemman\\\/wp-content\\\/uploads\\\/sites\\\/17\\\/2018\\\/03\\\/vesa_onnea.jpg\",\"contentUrl\":\"https:\\\/\\\/blogit.gradia.fi\\\/yhdessaenemman\\\/wp-content\\\/uploads\\\/sites\\\/17\\\/2018\\\/03\\\/vesa_onnea.jpg\",\"width\":940,\"height\":879},{\"@type\":\"BreadcrumbList\",\"@id\":\"https:\\\/\\\/blogit.gradia.fi\\\/yhdessaenemman\\\/2018\\\/03\\\/16\\\/ilmiannettu-kuukauden-kumppani\\\/#breadcrumb\",\"itemListElement\":[{\"@type\":\"ListItem\",\"position\":1,\"name\":\"Home\",\"item\":\"https:\\\/\\\/blogit.gradia.fi\\\/yhdessaenemman\\\/\"},{\"@type\":\"ListItem\",\"position\":2,\"name\":\"Ilmiannettu kuukauden kumppani\"}]},{\"@type\":\"WebSite\",\"@id\":\"https:\\\/\\\/blogit.gradia.fi\\\/yhdessaenemman\\\/#website\",\"url\":\"https:\\\/\\\/blogit.gradia.fi\\\/yhdessaenemman\\\/\",\"name\":\"Yhdess\u00e4 enemm\u00e4n\",\"description\":\"Gradia Ty\u00f6el\u00e4m\u00e4- ja yrityspalvelut kumppaninasi\",\"potentialAction\":[{\"@type\":\"SearchAction\",\"target\":{\"@type\":\"EntryPoint\",\"urlTemplate\":\"https:\\\/\\\/blogit.gradia.fi\\\/yhdessaenemman\\\/?s={search_term_string}\"},\"query-input\":{\"@type\":\"PropertyValueSpecification\",\"valueRequired\":true,\"valueName\":\"search_term_string\"}}],\"inLanguage\":\"fi\"},{\"@type\":\"Person\",\"@id\":\"https:\\\/\\\/blogit.gradia.fi\\\/yhdessaenemman\\\/#\\\/schema\\\/person\\\/898fea106153ba30853346fccfef3aea\",\"name\":\"Riikka \u00c5lander\",\"image\":{\"@type\":\"ImageObject\",\"inLanguage\":\"fi\",\"@id\":\"https:\\\/\\\/secure.gravatar.com\\\/avatar\\\/5486c91ccf1c06076ad774dca1dd3ceeed9f25f72a7e37122a1a79bfabe0ab73?s=96&d=mm&r=g\",\"url\":\"https:\\\/\\\/secure.gravatar.com\\\/avatar\\\/5486c91ccf1c06076ad774dca1dd3ceeed9f25f72a7e37122a1a79bfabe0ab73?s=96&d=mm&r=g\",\"contentUrl\":\"https:\\\/\\\/secure.gravatar.com\\\/avatar\\\/5486c91ccf1c06076ad774dca1dd3ceeed9f25f72a7e37122a1a79bfabe0ab73?s=96&d=mm&r=g\",\"caption\":\"Riikka \u00c5lander\"},\"url\":\"https:\\\/\\\/blogit.gradia.fi\\\/yhdessaenemman\\\/author\\\/ao184244\\\/\"}]}<\/script>\n<!-- \/ Yoast SEO plugin. -->","yoast_head_json":{"title":"Ilmiannettu kuukauden kumppani - Yhdess\u00e4 enemm\u00e4n","robots":{"index":"index","follow":"follow","max-snippet":"max-snippet:-1","max-image-preview":"max-image-preview:large","max-video-preview":"max-video-preview:-1"},"canonical":"https:\/\/blogit.gradia.fi\/yhdessaenemman\/2018\/03\/16\/ilmiannettu-kuukauden-kumppani\/","og_locale":"fi_FI","og_type":"article","og_title":"Ilmiannettu kuukauden kumppani - Yhdess\u00e4 enemm\u00e4n","og_description":"Palkitsimme\u00a0 avoimissa ovissa ensimm\u00e4ist\u00e4, muttei viimeist\u00e4 (!), kertaa kuukauden kumppanin. Kuukauden kumppani on ty\u00f6el\u00e4m\u00e4 -ja yrityspalveluiden lanseeraama huomionosoitus \u00a0Gradia-kollegalle, jonka ty\u00f6el\u00e4m\u00e4l\u00e4ht\u00f6inen toiminta ansaitsee tulla nostetuksi esiin. Kuukauden kumppani-kunniamaininta my\u00f6nnet\u00e4\u00e4n tunnustuksena menestyksellisesti tehdyst\u00e4 yritys -ja ty\u00f6el\u00e4m\u00e4l\u00e4ht\u00f6isest\u00e4 toiminnasta: yritysten kanssa tehdyist\u00e4 hankkeista, yhteisty\u00f6n ja liiketoiminnan kehitt\u00e4misest\u00e4, kansainv\u00e4lisest\u00e4 koulutusviennist\u00e4 ja ty\u00f6el\u00e4m\u00e4n tarpeisiin r\u00e4\u00e4t\u00e4l\u00f6idyst\u00e4 koulutuksesta. Kiit\u00e4mme kollegoiden j\u00e4tt\u00e4mist\u00e4 ilmiannoista! &hellip; Jatka lukemista Ilmiannettu kuukauden kumppani &rarr;","og_url":"https:\/\/blogit.gradia.fi\/yhdessaenemman\/2018\/03\/16\/ilmiannettu-kuukauden-kumppani\/","og_site_name":"Yhdess\u00e4 enemm\u00e4n","article_published_time":"2018-03-16T08:14:36+00:00","og_image":[{"width":940,"height":879,"url":"https:\/\/blogit.gradia.fi\/yhdessaenemman\/wp-content\/uploads\/sites\/17\/2018\/03\/vesa_onnea.jpg","type":"image\/jpeg"}],"author":"Riikka \u00c5lander","twitter_card":"summary_large_image","twitter_misc":{"Kirjoittanut":"Riikka \u00c5lander","Arvioitu lukuaika":"2 minuuttia"},"schema":{"@context":"https:\/\/schema.org","@graph":[{"@type":"Article","@id":"https:\/\/blogit.gradia.fi\/yhdessaenemman\/2018\/03\/16\/ilmiannettu-kuukauden-kumppani\/#article","isPartOf":{"@id":"https:\/\/blogit.gradia.fi\/yhdessaenemman\/2018\/03\/16\/ilmiannettu-kuukauden-kumppani\/"},"author":{"name":"Riikka \u00c5lander","@id":"https:\/\/blogit.gradia.fi\/yhdessaenemman\/#\/schema\/person\/898fea106153ba30853346fccfef3aea"},"headline":"Ilmiannettu kuukauden kumppani","datePublished":"2018-03-16T08:14:36+00:00","mainEntityOfPage":{"@id":"https:\/\/blogit.gradia.fi\/yhdessaenemman\/2018\/03\/16\/ilmiannettu-kuukauden-kumppani\/"},"wordCount":407,"commentCount":0,"image":{"@id":"https:\/\/blogit.gradia.fi\/yhdessaenemman\/2018\/03\/16\/ilmiannettu-kuukauden-kumppani\/#primaryimage"},"thumbnailUrl":"https:\/\/blogit.gradia.fi\/yhdessaenemman\/wp-content\/uploads\/sites\/17\/2018\/03\/vesa_onnea.jpg","keywords":["asiakasl\u00e4ht\u00f6isyys","asiakkuusp\u00e4\u00e4llikk\u00f6","Asiantuntija","koulutusvienti","kuukauden kumppani","osaaja","ratkaisu","Ty\u00f6el\u00e4m\u00e4","ty\u00f6el\u00e4m\u00e4koordinaattori","yhteisty\u00f6","Yritys"],"inLanguage":"fi","potentialAction":[{"@type":"CommentAction","name":"Comment","target":["https:\/\/blogit.gradia.fi\/yhdessaenemman\/2018\/03\/16\/ilmiannettu-kuukauden-kumppani\/#respond"]}]},{"@type":"WebPage","@id":"https:\/\/blogit.gradia.fi\/yhdessaenemman\/2018\/03\/16\/ilmiannettu-kuukauden-kumppani\/","url":"https:\/\/blogit.gradia.fi\/yhdessaenemman\/2018\/03\/16\/ilmiannettu-kuukauden-kumppani\/","name":"Ilmiannettu kuukauden kumppani - Yhdess\u00e4 enemm\u00e4n","isPartOf":{"@id":"https:\/\/blogit.gradia.fi\/yhdessaenemman\/#website"},"primaryImageOfPage":{"@id":"https:\/\/blogit.gradia.fi\/yhdessaenemman\/2018\/03\/16\/ilmiannettu-kuukauden-kumppani\/#primaryimage"},"image":{"@id":"https:\/\/blogit.gradia.fi\/yhdessaenemman\/2018\/03\/16\/ilmiannettu-kuukauden-kumppani\/#primaryimage"},"thumbnailUrl":"https:\/\/blogit.gradia.fi\/yhdessaenemman\/wp-content\/uploads\/sites\/17\/2018\/03\/vesa_onnea.jpg","datePublished":"2018-03-16T08:14:36+00:00","author":{"@id":"https:\/\/blogit.gradia.fi\/yhdessaenemman\/#\/schema\/person\/898fea106153ba30853346fccfef3aea"},"breadcrumb":{"@id":"https:\/\/blogit.gradia.fi\/yhdessaenemman\/2018\/03\/16\/ilmiannettu-kuukauden-kumppani\/#breadcrumb"},"inLanguage":"fi","potentialAction":[{"@type":"ReadAction","target":["https:\/\/blogit.gradia.fi\/yhdessaenemman\/2018\/03\/16\/ilmiannettu-kuukauden-kumppani\/"]}]},{"@type":"ImageObject","inLanguage":"fi","@id":"https:\/\/blogit.gradia.fi\/yhdessaenemman\/2018\/03\/16\/ilmiannettu-kuukauden-kumppani\/#primaryimage","url":"https:\/\/blogit.gradia.fi\/yhdessaenemman\/wp-content\/uploads\/sites\/17\/2018\/03\/vesa_onnea.jpg","contentUrl":"https:\/\/blogit.gradia.fi\/yhdessaenemman\/wp-content\/uploads\/sites\/17\/2018\/03\/vesa_onnea.jpg","width":940,"height":879},{"@type":"BreadcrumbList","@id":"https:\/\/blogit.gradia.fi\/yhdessaenemman\/2018\/03\/16\/ilmiannettu-kuukauden-kumppani\/#breadcrumb","itemListElement":[{"@type":"ListItem","position":1,"name":"Home","item":"https:\/\/blogit.gradia.fi\/yhdessaenemman\/"},{"@type":"ListItem","position":2,"name":"Ilmiannettu kuukauden kumppani"}]},{"@type":"WebSite","@id":"https:\/\/blogit.gradia.fi\/yhdessaenemman\/#website","url":"https:\/\/blogit.gradia.fi\/yhdessaenemman\/","name":"Yhdess\u00e4 enemm\u00e4n","description":"Gradia Ty\u00f6el\u00e4m\u00e4- ja yrityspalvelut kumppaninasi","potentialAction":[{"@type":"SearchAction","target":{"@type":"EntryPoint","urlTemplate":"https:\/\/blogit.gradia.fi\/yhdessaenemman\/?s={search_term_string}"},"query-input":{"@type":"PropertyValueSpecification","valueRequired":true,"valueName":"search_term_string"}}],"inLanguage":"fi"},{"@type":"Person","@id":"https:\/\/blogit.gradia.fi\/yhdessaenemman\/#\/schema\/person\/898fea106153ba30853346fccfef3aea","name":"Riikka \u00c5lander","image":{"@type":"ImageObject","inLanguage":"fi","@id":"https:\/\/secure.gravatar.com\/avatar\/5486c91ccf1c06076ad774dca1dd3ceeed9f25f72a7e37122a1a79bfabe0ab73?s=96&d=mm&r=g","url":"https:\/\/secure.gravatar.com\/avatar\/5486c91ccf1c06076ad774dca1dd3ceeed9f25f72a7e37122a1a79bfabe0ab73?s=96&d=mm&r=g","contentUrl":"https:\/\/secure.gravatar.com\/avatar\/5486c91ccf1c06076ad774dca1dd3ceeed9f25f72a7e37122a1a79bfabe0ab73?s=96&d=mm&r=g","caption":"Riikka \u00c5lander"},"url":"https:\/\/blogit.gradia.fi\/yhdessaenemman\/author\/ao184244\/"}]}},"uagb_featured_image_src":{"full":["https:\/\/blogit.gradia.fi\/yhdessaenemman\/wp-content\/uploads\/sites\/17\/2018\/03\/vesa_onnea.jpg",940,879,false],"thumbnail":["https:\/\/blogit.gradia.fi\/yhdessaenemman\/wp-content\/uploads\/sites\/17\/2018\/03\/vesa_onnea-150x150.jpg",150,150,true],"medium":["https:\/\/blogit.gradia.fi\/yhdessaenemman\/wp-content\/uploads\/sites\/17\/2018\/03\/vesa_onnea-300x281.jpg",300,281,true],"medium_large":["https:\/\/blogit.gradia.fi\/yhdessaenemman\/wp-content\/uploads\/sites\/17\/2018\/03\/vesa_onnea-768x718.jpg",474,443,true],"large":["https:\/\/blogit.gradia.fi\/yhdessaenemman\/wp-content\/uploads\/sites\/17\/2018\/03\/vesa_onnea.jpg",474,443,false],"1536x1536":["https:\/\/blogit.gradia.fi\/yhdessaenemman\/wp-content\/uploads\/sites\/17\/2018\/03\/vesa_onnea.jpg",940,879,false],"2048x2048":["https:\/\/blogit.gradia.fi\/yhdessaenemman\/wp-content\/uploads\/sites\/17\/2018\/03\/vesa_onnea.jpg",940,879,false],"post-thumbnail":["https:\/\/blogit.gradia.fi\/yhdessaenemman\/wp-content\/uploads\/sites\/17\/2018\/03\/vesa_onnea-672x372.jpg",672,372,true],"twentyfourteen-full-width":["https:\/\/blogit.gradia.fi\/yhdessaenemman\/wp-content\/uploads\/sites\/17\/2018\/03\/vesa_onnea-940x576.jpg",940,576,true]},"uagb_author_info":{"display_name":"Riikka \u00c5lander","author_link":"https:\/\/blogit.gradia.fi\/yhdessaenemman\/author\/ao184244\/"},"uagb_comment_info":1,"uagb_excerpt":"Palkitsimme\u00a0 avoimissa ovissa ensimm\u00e4ist\u00e4, muttei viimeist\u00e4 (!), kertaa kuukauden kumppanin. Kuukauden kumppani on ty\u00f6el\u00e4m\u00e4 -ja yrityspalveluiden lanseeraama huomionosoitus \u00a0Gradia-kollegalle, jonka ty\u00f6el\u00e4m\u00e4l\u00e4ht\u00f6inen toiminta ansaitsee tulla nostetuksi esiin. Kuukauden kumppani-kunniamaininta my\u00f6nnet\u00e4\u00e4n tunnustuksena menestyksellisesti tehdyst\u00e4 yritys -ja ty\u00f6el\u00e4m\u00e4l\u00e4ht\u00f6isest\u00e4 toiminnasta: yritysten kanssa tehdyist\u00e4 hankkeista, yhteisty\u00f6n ja liiketoiminnan kehitt\u00e4misest\u00e4, kansainv\u00e4lisest\u00e4 koulutusviennist\u00e4 ja ty\u00f6el\u00e4m\u00e4n tarpeisiin r\u00e4\u00e4t\u00e4l\u00f6idyst\u00e4 koulutuksesta. Kiit\u00e4mme kollegoiden j\u00e4tt\u00e4mist\u00e4 ilmiannoista!&hellip;","_links":{"self":[{"href":"https:\/\/blogit.gradia.fi\/yhdessaenemman\/wp-json\/wp\/v2\/posts\/165","targetHints":{"allow":["GET"]}}],"collection":[{"href":"https:\/\/blogit.gradia.fi\/yhdessaenemman\/wp-json\/wp\/v2\/posts"}],"about":[{"href":"https:\/\/blogit.gradia.fi\/yhdessaenemman\/wp-json\/wp\/v2\/types\/post"}],"author":[{"embeddable":true,"href":"https:\/\/blogit.gradia.fi\/yhdessaenemman\/wp-json\/wp\/v2\/users\/109"}],"replies":[{"embeddable":true,"href":"https:\/\/blogit.gradia.fi\/yhdessaenemman\/wp-json\/wp\/v2\/comments?post=165"}],"version-history":[{"count":0,"href":"https:\/\/blogit.gradia.fi\/yhdessaenemman\/wp-json\/wp\/v2\/posts\/165\/revisions"}],"wp:featuredmedia":[{"embeddable":true,"href":"https:\/\/blogit.gradia.fi\/yhdessaenemman\/wp-json\/wp\/v2\/media\/166"}],"wp:attachment":[{"href":"https:\/\/blogit.gradia.fi\/yhdessaenemman\/wp-json\/wp\/v2\/media?parent=165"}],"wp:term":[{"taxonomy":"category","embeddable":true,"href":"https:\/\/blogit.gradia.fi\/yhdessaenemman\/wp-json\/wp\/v2\/categories?post=165"},{"taxonomy":"post_tag","embeddable":true,"href":"https:\/\/blogit.gradia.fi\/yhdessaenemman\/wp-json\/wp\/v2\/tags?post=165"}],"curies":[{"name":"wp","href":"https:\/\/api.w.org\/{rel}","templated":true}]}}