{"id":139,"date":"2018-03-12T13:09:38","date_gmt":"2018-03-12T11:09:38","guid":{"rendered":"https:\/\/blogit.gradia.fi\/yhdessaenemman\/?p=139"},"modified":"2018-03-12T13:09:38","modified_gmt":"2018-03-12T11:09:38","slug":"pullantuoksuista-reformia-kiinalaisittain","status":"publish","type":"post","link":"https:\/\/blogit.gradia.fi\/yhdessaenemman\/2018\/03\/12\/pullantuoksuista-reformia-kiinalaisittain\/","title":{"rendered":"Pullantuoksuista reformia kiinalaisittain"},"content":{"rendered":"<p>Suomalainen koulutusmalli ja hyv\u00e4t k\u00e4yt\u00e4nn\u00f6t kiinnostavat maailmalla. Kiinalaisten rehtoreiden ja opettajien ryhm\u00e4 tutustui ammatilliseen koulutukseen ja Suomen koulutusj\u00e4rjestelm\u00e4\u00e4n kanssamme viime viikolla. Hyvi\u00e4 kokemuksia kansainv\u00e4listen oppilaitosedustajien vierailuista ja koulutusten toteutuksista Jyv\u00e4skyl\u00e4ss\u00e4 onkin. T\u00e4m\u00e4 vierailu toteutettiin yhteisty\u00f6ss\u00e4 JAMKin ammatillisen opettajakorkeakoulun kanssa.<\/p>\n<p><strong>Yi- Yksi: Hyv\u00e4 Resepti<\/strong><\/p>\n<p>Kun halutaan onnistua, tarvitaan hyv\u00e4 resepti. Gradian moniammatilliseen toimintaan ja suomalaiseen koulutusj\u00e4rjestelm\u00e4\u00e4n ja oppijal\u00e4ht\u00f6iseen toteutukseen tutustuttiin englanniksi kiinankielisen tulkin avustamana. Kiertok\u00e4ynnill\u00e4\u00a0 paneuduttiin ty\u00f6el\u00e4m\u00e4l\u00e4ht\u00f6isiin k\u00e4yt\u00e4nteisiin ja toteutustapoihin, n\u00e4htiin eri aloja ja erilaisia oppimisymp\u00e4rist\u00f6j\u00e4. Jututettiin opettajia ja opiskelijoita.<\/p>\n<p><img loading=\"lazy\" decoding=\"async\" class=\"alignnone wp-image-141\" src=\"https:\/\/blogit.gradia.fi\/yhdessaenemman\/wp-content\/uploads\/sites\/17\/2018\/03\/0903_johanna-300x281.jpg\" alt=\"\" width=\"223\" height=\"209\" srcset=\"https:\/\/blogit.gradia.fi\/yhdessaenemman\/wp-content\/uploads\/sites\/17\/2018\/03\/0903_johanna-300x281.jpg 300w, https:\/\/blogit.gradia.fi\/yhdessaenemman\/wp-content\/uploads\/sites\/17\/2018\/03\/0903_johanna-768x719.jpg 768w, https:\/\/blogit.gradia.fi\/yhdessaenemman\/wp-content\/uploads\/sites\/17\/2018\/03\/0903_johanna-1024x959.jpg 1024w\" sizes=\"auto, (max-width: 223px) 100vw, 223px\" \/>\u00b4<img loading=\"lazy\" decoding=\"async\" class=\"alignnone wp-image-142\" src=\"https:\/\/blogit.gradia.fi\/yhdessaenemman\/wp-content\/uploads\/sites\/17\/2018\/03\/lukko_0903-225x300.jpg\" alt=\"\" width=\"151\" height=\"202\" srcset=\"https:\/\/blogit.gradia.fi\/yhdessaenemman\/wp-content\/uploads\/sites\/17\/2018\/03\/lukko_0903-225x300.jpg 225w, https:\/\/blogit.gradia.fi\/yhdessaenemman\/wp-content\/uploads\/sites\/17\/2018\/03\/lukko_0903-768x1024.jpg 768w, https:\/\/blogit.gradia.fi\/yhdessaenemman\/wp-content\/uploads\/sites\/17\/2018\/03\/lukko_0903.jpg 1200w\" sizes=\"auto, (max-width: 151px) 100vw, 151px\" \/><\/p>\n<p><strong>Kuva<\/strong>: <em>Learning by doing. Oppijal\u00e4ht\u00f6inen koulutus ja tekem\u00e4ll\u00e4 oppiminen olivat Johanna \u00c4rlingin teemoina<\/em>.<\/p>\n<p><img loading=\"lazy\" decoding=\"async\" class=\"alignnone wp-image-143\" src=\"https:\/\/blogit.gradia.fi\/yhdessaenemman\/wp-content\/uploads\/sites\/17\/2018\/03\/0903_seija-300x225.jpg\" alt=\"\" width=\"327\" height=\"245\" \/><\/p>\n<p><strong>Kuva:<\/strong> <em>Opinto-ohjaaja Seija Ala-Ruona kertoi ty\u00f6el\u00e4m\u00e4n kanssa toteutettavasta yhteisty\u00f6st\u00e4 logistiikka-alalla<\/em><\/p>\n<p><strong>Er \u2013 Kaksi: Kohotusta<\/strong><\/p>\n<p>Lounaan j\u00e4lkeen tutustuttiin Ty\u00f6el\u00e4m\u00e4- ja oppijal\u00e4ht\u00f6iseen koulutukseen ja yritt\u00e4jyyteen.<\/p>\n<p><img loading=\"lazy\" decoding=\"async\" class=\"alignnone wp-image-162\" src=\"https:\/\/blogit.gradia.fi\/yhdessaenemman\/wp-content\/uploads\/sites\/17\/2018\/03\/yhteiskuva-300x225.jpg\" alt=\"\" width=\"411\" height=\"308\" srcset=\"https:\/\/blogit.gradia.fi\/yhdessaenemman\/wp-content\/uploads\/sites\/17\/2018\/03\/yhteiskuva-300x225.jpg 300w, https:\/\/blogit.gradia.fi\/yhdessaenemman\/wp-content\/uploads\/sites\/17\/2018\/03\/yhteiskuva-768x576.jpg 768w, https:\/\/blogit.gradia.fi\/yhdessaenemman\/wp-content\/uploads\/sites\/17\/2018\/03\/yhteiskuva-1024x768.jpg 1024w, https:\/\/blogit.gradia.fi\/yhdessaenemman\/wp-content\/uploads\/sites\/17\/2018\/03\/yhteiskuva.jpg 1348w\" sizes=\"auto, (max-width: 411px) 100vw, 411px\" \/><\/p>\n<p><strong>kuva<\/strong>: <em>Nuoret yritt\u00e4j\u00e4t opettajineen esitteliv\u00e4t ty\u00f6el\u00e4m\u00e4l\u00e4ht\u00f6isi\u00e4 toteutustapoja. Opettajat Jaana Eirtovaara ja Heini Pennanen, opiskelijat Netta Fried ja Aada Kurki (BC Designs) ja kiinalaisryhm\u00e4n vieraita.<\/em><\/p>\n<p><strong>San \u2013 Kolme: Pullan tuoksua<\/strong><\/p>\n<p>Mik\u00e4 olisikaan mukavampi tapa p\u00e4\u00e4tt\u00e4\u00e4 kierros suomalaisesta koulutusj\u00e4rjestelm\u00e4st\u00e4 kuin leipoa yhdess\u00e4 pullaa. Yhteistoiminnallinen oppiminen, k\u00e4yt\u00e4nn\u00f6n pedagogiikka ja suomalainen kulttuuri tulivat k\u00e4yt\u00e4nn\u00f6n l\u00e4heisesti tutuiksi. Lopuksi herkuteltiin yhdess\u00e4. Onnistunut lopputulos syntyy hyv\u00e4st\u00e4 reseptist\u00e4, sopivasti kohottamalla.<img loading=\"lazy\" decoding=\"async\" class=\"alignnone wp-image-153\" src=\"https:\/\/blogit.gradia.fi\/yhdessaenemman\/wp-content\/uploads\/sites\/17\/2018\/03\/PjaM-300x225.jpg\" alt=\"\" width=\"281\" height=\"211\" srcset=\"https:\/\/blogit.gradia.fi\/yhdessaenemman\/wp-content\/uploads\/sites\/17\/2018\/03\/PjaM-300x225.jpg 300w, https:\/\/blogit.gradia.fi\/yhdessaenemman\/wp-content\/uploads\/sites\/17\/2018\/03\/PjaM-768x576.jpg 768w, https:\/\/blogit.gradia.fi\/yhdessaenemman\/wp-content\/uploads\/sites\/17\/2018\/03\/PjaM-1024x768.jpg 1024w, https:\/\/blogit.gradia.fi\/yhdessaenemman\/wp-content\/uploads\/sites\/17\/2018\/03\/PjaM.jpg 1632w\" sizes=\"auto, (max-width: 281px) 100vw, 281px\" \/><img loading=\"lazy\" decoding=\"async\" class=\"alignnone wp-image-157\" src=\"https:\/\/blogit.gradia.fi\/yhdessaenemman\/wp-content\/uploads\/sites\/17\/2018\/03\/pullaa_0903-225x300.jpg\" alt=\"\" width=\"155\" height=\"207\" srcset=\"https:\/\/blogit.gradia.fi\/yhdessaenemman\/wp-content\/uploads\/sites\/17\/2018\/03\/pullaa_0903-225x300.jpg 225w, https:\/\/blogit.gradia.fi\/yhdessaenemman\/wp-content\/uploads\/sites\/17\/2018\/03\/pullaa_0903-768x1024.jpg 768w, https:\/\/blogit.gradia.fi\/yhdessaenemman\/wp-content\/uploads\/sites\/17\/2018\/03\/pullaa_0903.jpg 1200w\" sizes=\"auto, (max-width: 155px) 100vw, 155px\" \/><\/p>\n<p><strong>Kuva: <\/strong><em>N\u01d0n h\u01ceo ma? Mit\u00e4 kuuluu Gradiaan ja suomalaiseen koulutusj\u00e4rjestelm\u00e4\u00e4n? Marleena Tuuri ja Pauliina Holm esitteliv\u00e4t aamulla koulutusj\u00e4rjestelm\u00e4\u00e4 ja Gradiaa. Iltap\u00e4iv\u00e4ll\u00e4 opittiin pullan leivonnan niksej\u00e4 alan opiskelijoilta ja opettajalta yhdess\u00e4 vierailijoiden kanssa.<\/em><\/p>\n<p><span style=\"color: #000000;font-family: Calibri\"><strong>teksti<\/strong> Pauliina Holm. <strong>kuvat<\/strong> Pauliina Holm ja Marleena Tuuri.<\/span><\/p>\n<p><span style=\"color: #000000;font-family: Calibri\">\u00a0<\/span><\/p>\n<p>&nbsp;<\/p>\n<p>&nbsp;<\/p>\n<p>&nbsp;<\/p>\n","protected":false},"excerpt":{"rendered":"<p>Suomalainen koulutusmalli ja hyv\u00e4t k\u00e4yt\u00e4nn\u00f6t kiinnostavat maailmalla. Kiinalaisten rehtoreiden ja opettajien ryhm\u00e4 tutustui ammatilliseen koulutukseen ja Suomen koulutusj\u00e4rjestelm\u00e4\u00e4n kanssamme viime viikolla. Hyvi\u00e4 kokemuksia kansainv\u00e4listen oppilaitosedustajien vierailuista ja koulutusten toteutuksista Jyv\u00e4skyl\u00e4ss\u00e4 onkin. T\u00e4m\u00e4 vierailu toteutettiin yhteisty\u00f6ss\u00e4 JAMKin ammatillisen opettajakorkeakoulun kanssa. Yi- Yksi: Hyv\u00e4 Resepti Kun halutaan onnistua, tarvitaan hyv\u00e4 resepti. Gradian moniammatilliseen toimintaan ja suomalaiseen koulutusj\u00e4rjestelm\u00e4\u00e4n &hellip; <a href=\"https:\/\/blogit.gradia.fi\/yhdessaenemman\/2018\/03\/12\/pullantuoksuista-reformia-kiinalaisittain\/\" class=\"more-link\">Jatka lukemista <span class=\"screen-reader-text\">Pullantuoksuista reformia kiinalaisittain<\/span> <span class=\"meta-nav\">&rarr;<\/span><\/a><\/p>\n","protected":false},"author":109,"featured_media":157,"comment_status":"open","ping_status":"open","sticky":false,"template":"","format":"image","meta":{"_uag_custom_page_level_css":"","footnotes":""},"categories":[1],"tags":[16,23,27,26,17,21,19,18,25,22,20,24,3,28,5],"class_list":["post-139","post","type-post","status-publish","format-image","has-post-thumbnail","hentry","category-yleinen","tag-ammatillinen-koulutus","tag-asiantuntijuus","tag-gradia","tag-hyvat-kaytannot","tag-kansainvalisyys","tag-kiina","tag-koulutusjarjestelma","tag-koulutusvienti","tag-monialaisuus","tag-osaajat","tag-study-visit","tag-tekemalla-oppiminen","tag-tyoelama","tag-yhteistyo","tag-yrittajyys","post_format-post-format-image"],"yoast_head":"<!-- This site is optimized with the Yoast SEO plugin v27.5 - https:\/\/yoast.com\/product\/yoast-seo-wordpress\/ -->\n<title>Pullantuoksuista reformia kiinalaisittain - Yhdess\u00e4 enemm\u00e4n<\/title>\n<meta name=\"robots\" content=\"index, follow, max-snippet:-1, max-image-preview:large, max-video-preview:-1\" \/>\n<link rel=\"canonical\" href=\"https:\/\/blogit.gradia.fi\/yhdessaenemman\/2018\/03\/12\/pullantuoksuista-reformia-kiinalaisittain\/\" \/>\n<meta property=\"og:locale\" content=\"fi_FI\" \/>\n<meta property=\"og:type\" content=\"article\" \/>\n<meta property=\"og:title\" content=\"Pullantuoksuista reformia kiinalaisittain - Yhdess\u00e4 enemm\u00e4n\" \/>\n<meta property=\"og:description\" content=\"Suomalainen koulutusmalli ja hyv\u00e4t k\u00e4yt\u00e4nn\u00f6t kiinnostavat maailmalla. Kiinalaisten rehtoreiden ja opettajien ryhm\u00e4 tutustui ammatilliseen koulutukseen ja Suomen koulutusj\u00e4rjestelm\u00e4\u00e4n kanssamme viime viikolla. Hyvi\u00e4 kokemuksia kansainv\u00e4listen oppilaitosedustajien vierailuista ja koulutusten toteutuksista Jyv\u00e4skyl\u00e4ss\u00e4 onkin. T\u00e4m\u00e4 vierailu toteutettiin yhteisty\u00f6ss\u00e4 JAMKin ammatillisen opettajakorkeakoulun kanssa. Yi- Yksi: Hyv\u00e4 Resepti Kun halutaan onnistua, tarvitaan hyv\u00e4 resepti. Gradian moniammatilliseen toimintaan ja suomalaiseen koulutusj\u00e4rjestelm\u00e4\u00e4n &hellip; Jatka lukemista Pullantuoksuista reformia kiinalaisittain &rarr;\" \/>\n<meta property=\"og:url\" content=\"https:\/\/blogit.gradia.fi\/yhdessaenemman\/2018\/03\/12\/pullantuoksuista-reformia-kiinalaisittain\/\" \/>\n<meta property=\"og:site_name\" content=\"Yhdess\u00e4 enemm\u00e4n\" \/>\n<meta property=\"article:published_time\" content=\"2018-03-12T11:09:38+00:00\" \/>\n<meta property=\"og:image\" content=\"https:\/\/blogit.gradia.fi\/yhdessaenemman\/wp-content\/uploads\/sites\/17\/2018\/03\/pullaa_0903.jpg\" \/>\n\t<meta property=\"og:image:width\" content=\"1200\" \/>\n\t<meta property=\"og:image:height\" content=\"1600\" \/>\n\t<meta property=\"og:image:type\" content=\"image\/jpeg\" \/>\n<meta name=\"author\" content=\"Riikka \u00c5lander\" \/>\n<meta name=\"twitter:card\" content=\"summary_large_image\" \/>\n<meta name=\"twitter:label1\" content=\"Kirjoittanut\" \/>\n\t<meta name=\"twitter:data1\" content=\"Riikka \u00c5lander\" \/>\n\t<meta name=\"twitter:label2\" content=\"Arvioitu lukuaika\" \/>\n\t<meta name=\"twitter:data2\" content=\"1 minuutti\" \/>\n<script type=\"application\/ld+json\" class=\"yoast-schema-graph\">{\"@context\":\"https:\\\/\\\/schema.org\",\"@graph\":[{\"@type\":\"Article\",\"@id\":\"https:\\\/\\\/blogit.gradia.fi\\\/yhdessaenemman\\\/2018\\\/03\\\/12\\\/pullantuoksuista-reformia-kiinalaisittain\\\/#article\",\"isPartOf\":{\"@id\":\"https:\\\/\\\/blogit.gradia.fi\\\/yhdessaenemman\\\/2018\\\/03\\\/12\\\/pullantuoksuista-reformia-kiinalaisittain\\\/\"},\"author\":{\"name\":\"Riikka \u00c5lander\",\"@id\":\"https:\\\/\\\/blogit.gradia.fi\\\/yhdessaenemman\\\/#\\\/schema\\\/person\\\/898fea106153ba30853346fccfef3aea\"},\"headline\":\"Pullantuoksuista reformia kiinalaisittain\",\"datePublished\":\"2018-03-12T11:09:38+00:00\",\"mainEntityOfPage\":{\"@id\":\"https:\\\/\\\/blogit.gradia.fi\\\/yhdessaenemman\\\/2018\\\/03\\\/12\\\/pullantuoksuista-reformia-kiinalaisittain\\\/\"},\"wordCount\":290,\"commentCount\":0,\"image\":{\"@id\":\"https:\\\/\\\/blogit.gradia.fi\\\/yhdessaenemman\\\/2018\\\/03\\\/12\\\/pullantuoksuista-reformia-kiinalaisittain\\\/#primaryimage\"},\"thumbnailUrl\":\"https:\\\/\\\/blogit.gradia.fi\\\/yhdessaenemman\\\/wp-content\\\/uploads\\\/sites\\\/17\\\/2018\\\/03\\\/pullaa_0903.jpg\",\"keywords\":[\"ammatillinen koulutus\",\"asiantuntijuus\",\"gradia\",\"hyv\u00e4t k\u00e4yt\u00e4nn\u00f6t\",\"kansainv\u00e4lisyys\",\"Kiina\",\"koulutusj\u00e4rjestelm\u00e4\",\"koulutusvienti\",\"monialaisuus\",\"osaajat\",\"study visit\",\"tekem\u00e4ll\u00e4 oppiminen\",\"Ty\u00f6el\u00e4m\u00e4\",\"yhteisty\u00f6\",\"Yritt\u00e4jyys\"],\"inLanguage\":\"fi\",\"potentialAction\":[{\"@type\":\"CommentAction\",\"name\":\"Comment\",\"target\":[\"https:\\\/\\\/blogit.gradia.fi\\\/yhdessaenemman\\\/2018\\\/03\\\/12\\\/pullantuoksuista-reformia-kiinalaisittain\\\/#respond\"]}]},{\"@type\":\"WebPage\",\"@id\":\"https:\\\/\\\/blogit.gradia.fi\\\/yhdessaenemman\\\/2018\\\/03\\\/12\\\/pullantuoksuista-reformia-kiinalaisittain\\\/\",\"url\":\"https:\\\/\\\/blogit.gradia.fi\\\/yhdessaenemman\\\/2018\\\/03\\\/12\\\/pullantuoksuista-reformia-kiinalaisittain\\\/\",\"name\":\"Pullantuoksuista reformia kiinalaisittain - Yhdess\u00e4 enemm\u00e4n\",\"isPartOf\":{\"@id\":\"https:\\\/\\\/blogit.gradia.fi\\\/yhdessaenemman\\\/#website\"},\"primaryImageOfPage\":{\"@id\":\"https:\\\/\\\/blogit.gradia.fi\\\/yhdessaenemman\\\/2018\\\/03\\\/12\\\/pullantuoksuista-reformia-kiinalaisittain\\\/#primaryimage\"},\"image\":{\"@id\":\"https:\\\/\\\/blogit.gradia.fi\\\/yhdessaenemman\\\/2018\\\/03\\\/12\\\/pullantuoksuista-reformia-kiinalaisittain\\\/#primaryimage\"},\"thumbnailUrl\":\"https:\\\/\\\/blogit.gradia.fi\\\/yhdessaenemman\\\/wp-content\\\/uploads\\\/sites\\\/17\\\/2018\\\/03\\\/pullaa_0903.jpg\",\"datePublished\":\"2018-03-12T11:09:38+00:00\",\"author\":{\"@id\":\"https:\\\/\\\/blogit.gradia.fi\\\/yhdessaenemman\\\/#\\\/schema\\\/person\\\/898fea106153ba30853346fccfef3aea\"},\"breadcrumb\":{\"@id\":\"https:\\\/\\\/blogit.gradia.fi\\\/yhdessaenemman\\\/2018\\\/03\\\/12\\\/pullantuoksuista-reformia-kiinalaisittain\\\/#breadcrumb\"},\"inLanguage\":\"fi\",\"potentialAction\":[{\"@type\":\"ReadAction\",\"target\":[\"https:\\\/\\\/blogit.gradia.fi\\\/yhdessaenemman\\\/2018\\\/03\\\/12\\\/pullantuoksuista-reformia-kiinalaisittain\\\/\"]}]},{\"@type\":\"ImageObject\",\"inLanguage\":\"fi\",\"@id\":\"https:\\\/\\\/blogit.gradia.fi\\\/yhdessaenemman\\\/2018\\\/03\\\/12\\\/pullantuoksuista-reformia-kiinalaisittain\\\/#primaryimage\",\"url\":\"https:\\\/\\\/blogit.gradia.fi\\\/yhdessaenemman\\\/wp-content\\\/uploads\\\/sites\\\/17\\\/2018\\\/03\\\/pullaa_0903.jpg\",\"contentUrl\":\"https:\\\/\\\/blogit.gradia.fi\\\/yhdessaenemman\\\/wp-content\\\/uploads\\\/sites\\\/17\\\/2018\\\/03\\\/pullaa_0903.jpg\",\"width\":1200,\"height\":1600},{\"@type\":\"BreadcrumbList\",\"@id\":\"https:\\\/\\\/blogit.gradia.fi\\\/yhdessaenemman\\\/2018\\\/03\\\/12\\\/pullantuoksuista-reformia-kiinalaisittain\\\/#breadcrumb\",\"itemListElement\":[{\"@type\":\"ListItem\",\"position\":1,\"name\":\"Home\",\"item\":\"https:\\\/\\\/blogit.gradia.fi\\\/yhdessaenemman\\\/\"},{\"@type\":\"ListItem\",\"position\":2,\"name\":\"Pullantuoksuista reformia kiinalaisittain\"}]},{\"@type\":\"WebSite\",\"@id\":\"https:\\\/\\\/blogit.gradia.fi\\\/yhdessaenemman\\\/#website\",\"url\":\"https:\\\/\\\/blogit.gradia.fi\\\/yhdessaenemman\\\/\",\"name\":\"Yhdess\u00e4 enemm\u00e4n\",\"description\":\"Gradia Ty\u00f6el\u00e4m\u00e4- ja yrityspalvelut kumppaninasi\",\"potentialAction\":[{\"@type\":\"SearchAction\",\"target\":{\"@type\":\"EntryPoint\",\"urlTemplate\":\"https:\\\/\\\/blogit.gradia.fi\\\/yhdessaenemman\\\/?s={search_term_string}\"},\"query-input\":{\"@type\":\"PropertyValueSpecification\",\"valueRequired\":true,\"valueName\":\"search_term_string\"}}],\"inLanguage\":\"fi\"},{\"@type\":\"Person\",\"@id\":\"https:\\\/\\\/blogit.gradia.fi\\\/yhdessaenemman\\\/#\\\/schema\\\/person\\\/898fea106153ba30853346fccfef3aea\",\"name\":\"Riikka \u00c5lander\",\"image\":{\"@type\":\"ImageObject\",\"inLanguage\":\"fi\",\"@id\":\"https:\\\/\\\/secure.gravatar.com\\\/avatar\\\/5486c91ccf1c06076ad774dca1dd3ceeed9f25f72a7e37122a1a79bfabe0ab73?s=96&d=mm&r=g\",\"url\":\"https:\\\/\\\/secure.gravatar.com\\\/avatar\\\/5486c91ccf1c06076ad774dca1dd3ceeed9f25f72a7e37122a1a79bfabe0ab73?s=96&d=mm&r=g\",\"contentUrl\":\"https:\\\/\\\/secure.gravatar.com\\\/avatar\\\/5486c91ccf1c06076ad774dca1dd3ceeed9f25f72a7e37122a1a79bfabe0ab73?s=96&d=mm&r=g\",\"caption\":\"Riikka \u00c5lander\"},\"url\":\"https:\\\/\\\/blogit.gradia.fi\\\/yhdessaenemman\\\/author\\\/ao184244\\\/\"}]}<\/script>\n<!-- \/ Yoast SEO plugin. -->","yoast_head_json":{"title":"Pullantuoksuista reformia kiinalaisittain - Yhdess\u00e4 enemm\u00e4n","robots":{"index":"index","follow":"follow","max-snippet":"max-snippet:-1","max-image-preview":"max-image-preview:large","max-video-preview":"max-video-preview:-1"},"canonical":"https:\/\/blogit.gradia.fi\/yhdessaenemman\/2018\/03\/12\/pullantuoksuista-reformia-kiinalaisittain\/","og_locale":"fi_FI","og_type":"article","og_title":"Pullantuoksuista reformia kiinalaisittain - Yhdess\u00e4 enemm\u00e4n","og_description":"Suomalainen koulutusmalli ja hyv\u00e4t k\u00e4yt\u00e4nn\u00f6t kiinnostavat maailmalla. Kiinalaisten rehtoreiden ja opettajien ryhm\u00e4 tutustui ammatilliseen koulutukseen ja Suomen koulutusj\u00e4rjestelm\u00e4\u00e4n kanssamme viime viikolla. Hyvi\u00e4 kokemuksia kansainv\u00e4listen oppilaitosedustajien vierailuista ja koulutusten toteutuksista Jyv\u00e4skyl\u00e4ss\u00e4 onkin. T\u00e4m\u00e4 vierailu toteutettiin yhteisty\u00f6ss\u00e4 JAMKin ammatillisen opettajakorkeakoulun kanssa. Yi- Yksi: Hyv\u00e4 Resepti Kun halutaan onnistua, tarvitaan hyv\u00e4 resepti. Gradian moniammatilliseen toimintaan ja suomalaiseen koulutusj\u00e4rjestelm\u00e4\u00e4n &hellip; Jatka lukemista Pullantuoksuista reformia kiinalaisittain &rarr;","og_url":"https:\/\/blogit.gradia.fi\/yhdessaenemman\/2018\/03\/12\/pullantuoksuista-reformia-kiinalaisittain\/","og_site_name":"Yhdess\u00e4 enemm\u00e4n","article_published_time":"2018-03-12T11:09:38+00:00","og_image":[{"width":1200,"height":1600,"url":"https:\/\/blogit.gradia.fi\/yhdessaenemman\/wp-content\/uploads\/sites\/17\/2018\/03\/pullaa_0903.jpg","type":"image\/jpeg"}],"author":"Riikka \u00c5lander","twitter_card":"summary_large_image","twitter_misc":{"Kirjoittanut":"Riikka \u00c5lander","Arvioitu lukuaika":"1 minuutti"},"schema":{"@context":"https:\/\/schema.org","@graph":[{"@type":"Article","@id":"https:\/\/blogit.gradia.fi\/yhdessaenemman\/2018\/03\/12\/pullantuoksuista-reformia-kiinalaisittain\/#article","isPartOf":{"@id":"https:\/\/blogit.gradia.fi\/yhdessaenemman\/2018\/03\/12\/pullantuoksuista-reformia-kiinalaisittain\/"},"author":{"name":"Riikka \u00c5lander","@id":"https:\/\/blogit.gradia.fi\/yhdessaenemman\/#\/schema\/person\/898fea106153ba30853346fccfef3aea"},"headline":"Pullantuoksuista reformia kiinalaisittain","datePublished":"2018-03-12T11:09:38+00:00","mainEntityOfPage":{"@id":"https:\/\/blogit.gradia.fi\/yhdessaenemman\/2018\/03\/12\/pullantuoksuista-reformia-kiinalaisittain\/"},"wordCount":290,"commentCount":0,"image":{"@id":"https:\/\/blogit.gradia.fi\/yhdessaenemman\/2018\/03\/12\/pullantuoksuista-reformia-kiinalaisittain\/#primaryimage"},"thumbnailUrl":"https:\/\/blogit.gradia.fi\/yhdessaenemman\/wp-content\/uploads\/sites\/17\/2018\/03\/pullaa_0903.jpg","keywords":["ammatillinen koulutus","asiantuntijuus","gradia","hyv\u00e4t k\u00e4yt\u00e4nn\u00f6t","kansainv\u00e4lisyys","Kiina","koulutusj\u00e4rjestelm\u00e4","koulutusvienti","monialaisuus","osaajat","study visit","tekem\u00e4ll\u00e4 oppiminen","Ty\u00f6el\u00e4m\u00e4","yhteisty\u00f6","Yritt\u00e4jyys"],"inLanguage":"fi","potentialAction":[{"@type":"CommentAction","name":"Comment","target":["https:\/\/blogit.gradia.fi\/yhdessaenemman\/2018\/03\/12\/pullantuoksuista-reformia-kiinalaisittain\/#respond"]}]},{"@type":"WebPage","@id":"https:\/\/blogit.gradia.fi\/yhdessaenemman\/2018\/03\/12\/pullantuoksuista-reformia-kiinalaisittain\/","url":"https:\/\/blogit.gradia.fi\/yhdessaenemman\/2018\/03\/12\/pullantuoksuista-reformia-kiinalaisittain\/","name":"Pullantuoksuista reformia kiinalaisittain - Yhdess\u00e4 enemm\u00e4n","isPartOf":{"@id":"https:\/\/blogit.gradia.fi\/yhdessaenemman\/#website"},"primaryImageOfPage":{"@id":"https:\/\/blogit.gradia.fi\/yhdessaenemman\/2018\/03\/12\/pullantuoksuista-reformia-kiinalaisittain\/#primaryimage"},"image":{"@id":"https:\/\/blogit.gradia.fi\/yhdessaenemman\/2018\/03\/12\/pullantuoksuista-reformia-kiinalaisittain\/#primaryimage"},"thumbnailUrl":"https:\/\/blogit.gradia.fi\/yhdessaenemman\/wp-content\/uploads\/sites\/17\/2018\/03\/pullaa_0903.jpg","datePublished":"2018-03-12T11:09:38+00:00","author":{"@id":"https:\/\/blogit.gradia.fi\/yhdessaenemman\/#\/schema\/person\/898fea106153ba30853346fccfef3aea"},"breadcrumb":{"@id":"https:\/\/blogit.gradia.fi\/yhdessaenemman\/2018\/03\/12\/pullantuoksuista-reformia-kiinalaisittain\/#breadcrumb"},"inLanguage":"fi","potentialAction":[{"@type":"ReadAction","target":["https:\/\/blogit.gradia.fi\/yhdessaenemman\/2018\/03\/12\/pullantuoksuista-reformia-kiinalaisittain\/"]}]},{"@type":"ImageObject","inLanguage":"fi","@id":"https:\/\/blogit.gradia.fi\/yhdessaenemman\/2018\/03\/12\/pullantuoksuista-reformia-kiinalaisittain\/#primaryimage","url":"https:\/\/blogit.gradia.fi\/yhdessaenemman\/wp-content\/uploads\/sites\/17\/2018\/03\/pullaa_0903.jpg","contentUrl":"https:\/\/blogit.gradia.fi\/yhdessaenemman\/wp-content\/uploads\/sites\/17\/2018\/03\/pullaa_0903.jpg","width":1200,"height":1600},{"@type":"BreadcrumbList","@id":"https:\/\/blogit.gradia.fi\/yhdessaenemman\/2018\/03\/12\/pullantuoksuista-reformia-kiinalaisittain\/#breadcrumb","itemListElement":[{"@type":"ListItem","position":1,"name":"Home","item":"https:\/\/blogit.gradia.fi\/yhdessaenemman\/"},{"@type":"ListItem","position":2,"name":"Pullantuoksuista reformia kiinalaisittain"}]},{"@type":"WebSite","@id":"https:\/\/blogit.gradia.fi\/yhdessaenemman\/#website","url":"https:\/\/blogit.gradia.fi\/yhdessaenemman\/","name":"Yhdess\u00e4 enemm\u00e4n","description":"Gradia Ty\u00f6el\u00e4m\u00e4- ja yrityspalvelut kumppaninasi","potentialAction":[{"@type":"SearchAction","target":{"@type":"EntryPoint","urlTemplate":"https:\/\/blogit.gradia.fi\/yhdessaenemman\/?s={search_term_string}"},"query-input":{"@type":"PropertyValueSpecification","valueRequired":true,"valueName":"search_term_string"}}],"inLanguage":"fi"},{"@type":"Person","@id":"https:\/\/blogit.gradia.fi\/yhdessaenemman\/#\/schema\/person\/898fea106153ba30853346fccfef3aea","name":"Riikka \u00c5lander","image":{"@type":"ImageObject","inLanguage":"fi","@id":"https:\/\/secure.gravatar.com\/avatar\/5486c91ccf1c06076ad774dca1dd3ceeed9f25f72a7e37122a1a79bfabe0ab73?s=96&d=mm&r=g","url":"https:\/\/secure.gravatar.com\/avatar\/5486c91ccf1c06076ad774dca1dd3ceeed9f25f72a7e37122a1a79bfabe0ab73?s=96&d=mm&r=g","contentUrl":"https:\/\/secure.gravatar.com\/avatar\/5486c91ccf1c06076ad774dca1dd3ceeed9f25f72a7e37122a1a79bfabe0ab73?s=96&d=mm&r=g","caption":"Riikka \u00c5lander"},"url":"https:\/\/blogit.gradia.fi\/yhdessaenemman\/author\/ao184244\/"}]}},"uagb_featured_image_src":{"full":["https:\/\/blogit.gradia.fi\/yhdessaenemman\/wp-content\/uploads\/sites\/17\/2018\/03\/pullaa_0903.jpg",1200,1600,false],"thumbnail":["https:\/\/blogit.gradia.fi\/yhdessaenemman\/wp-content\/uploads\/sites\/17\/2018\/03\/pullaa_0903-150x150.jpg",150,150,true],"medium":["https:\/\/blogit.gradia.fi\/yhdessaenemman\/wp-content\/uploads\/sites\/17\/2018\/03\/pullaa_0903-225x300.jpg",225,300,true],"medium_large":["https:\/\/blogit.gradia.fi\/yhdessaenemman\/wp-content\/uploads\/sites\/17\/2018\/03\/pullaa_0903-768x1024.jpg",474,632,true],"large":["https:\/\/blogit.gradia.fi\/yhdessaenemman\/wp-content\/uploads\/sites\/17\/2018\/03\/pullaa_0903-768x1024.jpg",474,632,true],"1536x1536":["https:\/\/blogit.gradia.fi\/yhdessaenemman\/wp-content\/uploads\/sites\/17\/2018\/03\/pullaa_0903.jpg",1152,1536,false],"2048x2048":["https:\/\/blogit.gradia.fi\/yhdessaenemman\/wp-content\/uploads\/sites\/17\/2018\/03\/pullaa_0903.jpg",1200,1600,false],"post-thumbnail":["https:\/\/blogit.gradia.fi\/yhdessaenemman\/wp-content\/uploads\/sites\/17\/2018\/03\/pullaa_0903-672x372.jpg",672,372,true],"twentyfourteen-full-width":["https:\/\/blogit.gradia.fi\/yhdessaenemman\/wp-content\/uploads\/sites\/17\/2018\/03\/pullaa_0903-1038x576.jpg",1038,576,true]},"uagb_author_info":{"display_name":"Riikka \u00c5lander","author_link":"https:\/\/blogit.gradia.fi\/yhdessaenemman\/author\/ao184244\/"},"uagb_comment_info":1,"uagb_excerpt":"Suomalainen koulutusmalli ja hyv\u00e4t k\u00e4yt\u00e4nn\u00f6t kiinnostavat maailmalla. Kiinalaisten rehtoreiden ja opettajien ryhm\u00e4 tutustui ammatilliseen koulutukseen ja Suomen koulutusj\u00e4rjestelm\u00e4\u00e4n kanssamme viime viikolla. Hyvi\u00e4 kokemuksia kansainv\u00e4listen oppilaitosedustajien vierailuista ja koulutusten toteutuksista Jyv\u00e4skyl\u00e4ss\u00e4 onkin. T\u00e4m\u00e4 vierailu toteutettiin yhteisty\u00f6ss\u00e4 JAMKin ammatillisen opettajakorkeakoulun kanssa. Yi- Yksi: Hyv\u00e4 Resepti Kun halutaan onnistua, tarvitaan hyv\u00e4 resepti. Gradian moniammatilliseen toimintaan ja suomalaiseen koulutusj\u00e4rjestelm\u00e4\u00e4n&hellip;","_links":{"self":[{"href":"https:\/\/blogit.gradia.fi\/yhdessaenemman\/wp-json\/wp\/v2\/posts\/139","targetHints":{"allow":["GET"]}}],"collection":[{"href":"https:\/\/blogit.gradia.fi\/yhdessaenemman\/wp-json\/wp\/v2\/posts"}],"about":[{"href":"https:\/\/blogit.gradia.fi\/yhdessaenemman\/wp-json\/wp\/v2\/types\/post"}],"author":[{"embeddable":true,"href":"https:\/\/blogit.gradia.fi\/yhdessaenemman\/wp-json\/wp\/v2\/users\/109"}],"replies":[{"embeddable":true,"href":"https:\/\/blogit.gradia.fi\/yhdessaenemman\/wp-json\/wp\/v2\/comments?post=139"}],"version-history":[{"count":0,"href":"https:\/\/blogit.gradia.fi\/yhdessaenemman\/wp-json\/wp\/v2\/posts\/139\/revisions"}],"wp:featuredmedia":[{"embeddable":true,"href":"https:\/\/blogit.gradia.fi\/yhdessaenemman\/wp-json\/wp\/v2\/media\/157"}],"wp:attachment":[{"href":"https:\/\/blogit.gradia.fi\/yhdessaenemman\/wp-json\/wp\/v2\/media?parent=139"}],"wp:term":[{"taxonomy":"category","embeddable":true,"href":"https:\/\/blogit.gradia.fi\/yhdessaenemman\/wp-json\/wp\/v2\/categories?post=139"},{"taxonomy":"post_tag","embeddable":true,"href":"https:\/\/blogit.gradia.fi\/yhdessaenemman\/wp-json\/wp\/v2\/tags?post=139"}],"curies":[{"name":"wp","href":"https:\/\/api.w.org\/{rel}","templated":true}]}}