{"id":84,"date":"2013-08-15T10:00:38","date_gmt":"2013-08-15T07:00:38","guid":{"rendered":"https:\/\/blogit.gradia.fi\/visu\/?p=84"},"modified":"2013-08-15T08:48:15","modified_gmt":"2013-08-15T05:48:15","slug":"torstai-15-8-2013-ensimmainen-etapaiva","status":"publish","type":"post","link":"https:\/\/blogit.gradia.fi\/visu\/2013\/08\/15\/torstai-15-8-2013-ensimmainen-etapaiva\/","title":{"rendered":"Torstai 15.8.2013 &#8211; ensimm\u00e4inen et\u00e4p\u00e4iv\u00e4"},"content":{"rendered":"<p>Torstaina 15.8.2013 p\u00e4\u00e4timme testata et\u00e4luentoa sek\u00e4 Google Driven \/ SkyDriven yhteiskirjoittamista Kaupan ty\u00f6t ja toiminnan -kurssin tunneilla.<\/p>\n<p>P\u00e4iv\u00e4 alkoi 8.15 et\u00e4luennolla<strong> Connect Pron<\/strong> v\u00e4lityksell\u00e4. Oppilaat saivat linkin Optima -ty\u00f6tilaan ja heid\u00e4n tuli kirjautua koulun tunnuksilla sis\u00e4\u00e4n. Innokkaita oppilaita olikin heti ConnectProhon kirjauduttuamme tulossa paikalle eli noin puolet aloittivat aamun heti kahdeksan j\u00e4lkeen ja suurin osa saapui luennolle luennon edetess\u00e4.<\/p>\n<p>Luento nauhoitettiin, joten oppilailla oli mahdollisuus kuunnella kyseinen luentotallenne my\u00f6hemmin. Optimasta l\u00f6ytyi my\u00f6s ohjeet <strong>Google Driven<\/strong> ja <strong>SkyDriven<\/strong> k\u00e4ytt\u00f6\u00f6n sek\u00e4 luentomateriaali.<\/p>\n<p>Toinen opettajista, Hennis, vastasi luennoinnista ja toinen meist\u00e4, Heini, toimi teknisen\u00e4 tukena ja vastaili niiden oppilaiden kysymyksiin Facebookin chatissa, joilla oli ongelmia kirjautumisessa. <\/p>\n<p>Luennolla kerrotut teht\u00e4v\u00e4t annettiin oppilaille opettajien pit\u00e4m\u00e4\u00e4n blogiin. Oppilaat ty\u00f6st\u00e4v\u00e4t teht\u00e4vi\u00e4 ensin pareittain yhteiskirjoittamalla. Seuraavalla viikolla heid\u00e4n tulee t\u00e4ydent\u00e4\u00e4 teht\u00e4vi\u00e4 ty\u00f6paikoillaan selvitt\u00e4en annettuja teht\u00e4vi\u00e4. Teht\u00e4v\u00e4t puretaan seuraavan torstain tunneilla.<\/p>\n<p>Oppiladen tulee laittaa teht\u00e4viens\u00e4 vastaukset omiin blogeihinsa sek\u00e4 kertoivat niiss\u00e4 kokemuksistaan.<\/p>\n<p>&nbsp;<\/p>\n<p><a href=\"https:\/\/blogit.gradia.fi\/visu\/wp-content\/uploads\/sites\/82\/2013\/08\/20130815-085222.jpg\"><img decoding=\"async\" src=\"https:\/\/blogit.gradia.fi\/visu\/wp-content\/uploads\/sites\/82\/2013\/08\/20130815-085222.jpg\" alt=\"20130815-085222.jpg\" class=\"alignnone size-full\" \/><\/a><\/p>\n","protected":false},"excerpt":{"rendered":"<p>Torstaina 15.8.2013 p\u00e4\u00e4timme testata et\u00e4luentoa sek\u00e4 Google Driven \/ SkyDriven yhteiskirjoittamista Kaupan ty\u00f6t ja toiminnan -kurssin tunneilla. P\u00e4iv\u00e4 alkoi 8.15 et\u00e4luennolla Connect Pron v\u00e4lityksell\u00e4. Oppilaat saivat linkin Optima -ty\u00f6tilaan ja heid\u00e4n tuli kirjautua koulun tunnuksilla sis\u00e4\u00e4n. Innokkaita oppilaita olikin heti ConnectProhon kirjauduttuamme tulossa paikalle eli noin puolet aloittivat aamun heti kahdeksan j\u00e4lkeen ja suurin osa [&hellip;]<\/p>\n","protected":false},"author":35,"featured_media":0,"comment_status":"open","ping_status":"open","sticky":false,"template":"","format":"standard","meta":{"_uag_custom_page_level_css":"","footnotes":""},"categories":[5],"tags":[6,8,9,7],"class_list":["post-84","post","type-post","status-publish","format-standard","hentry","category-projekti","tag-connecpro","tag-google-drive","tag-googledrive","tag-skydrive"],"yoast_head":"<!-- This site is optimized with the Yoast SEO plugin v27.5 - https:\/\/yoast.com\/product\/yoast-seo-wordpress\/ -->\n<title>Torstai 15.8.2013 - ensimm\u00e4inen et\u00e4p\u00e4iv\u00e4 - AMMATTILAISEKSI TY\u00d6SS\u00c4OPPIEN<\/title>\n<meta name=\"robots\" content=\"index, follow, max-snippet:-1, max-image-preview:large, max-video-preview:-1\" \/>\n<link rel=\"canonical\" href=\"https:\/\/blogit.gradia.fi\/visu\/2013\/08\/15\/torstai-15-8-2013-ensimmainen-etapaiva\/\" \/>\n<meta property=\"og:locale\" content=\"fi_FI\" \/>\n<meta property=\"og:type\" content=\"article\" \/>\n<meta property=\"og:title\" content=\"Torstai 15.8.2013 - ensimm\u00e4inen et\u00e4p\u00e4iv\u00e4 - AMMATTILAISEKSI TY\u00d6SS\u00c4OPPIEN\" \/>\n<meta property=\"og:description\" content=\"Torstaina 15.8.2013 p\u00e4\u00e4timme testata et\u00e4luentoa sek\u00e4 Google Driven \/ SkyDriven yhteiskirjoittamista Kaupan ty\u00f6t ja toiminnan -kurssin tunneilla. P\u00e4iv\u00e4 alkoi 8.15 et\u00e4luennolla Connect Pron v\u00e4lityksell\u00e4. Oppilaat saivat linkin Optima -ty\u00f6tilaan ja heid\u00e4n tuli kirjautua koulun tunnuksilla sis\u00e4\u00e4n. Innokkaita oppilaita olikin heti ConnectProhon kirjauduttuamme tulossa paikalle eli noin puolet aloittivat aamun heti kahdeksan j\u00e4lkeen ja suurin osa [&hellip;]\" \/>\n<meta property=\"og:url\" content=\"https:\/\/blogit.gradia.fi\/visu\/2013\/08\/15\/torstai-15-8-2013-ensimmainen-etapaiva\/\" \/>\n<meta property=\"og:site_name\" content=\"AMMATTILAISEKSI TY\u00d6SS\u00c4OPPIEN\" \/>\n<meta property=\"article:published_time\" content=\"2013-08-15T07:00:38+00:00\" \/>\n<meta property=\"og:image\" content=\"https:\/\/blogit.gradia.fi\/visu\/wp-content\/uploads\/sites\/82\/2013\/08\/20130815-085222.jpg\" \/>\n<meta name=\"twitter:card\" content=\"summary_large_image\" \/>\n<meta name=\"twitter:label1\" content=\"Kirjoittanut\" \/>\n\t<meta name=\"twitter:data1\" content=\"\" \/>\n\t<meta name=\"twitter:label2\" content=\"Arvioitu lukuaika\" \/>\n\t<meta name=\"twitter:data2\" content=\"1 minuutti\" \/>\n<script type=\"application\/ld+json\" class=\"yoast-schema-graph\">{\"@context\":\"https:\\\/\\\/schema.org\",\"@graph\":[{\"@type\":\"Article\",\"@id\":\"https:\\\/\\\/blogit.gradia.fi\\\/visu\\\/2013\\\/08\\\/15\\\/torstai-15-8-2013-ensimmainen-etapaiva\\\/#article\",\"isPartOf\":{\"@id\":\"https:\\\/\\\/blogit.gradia.fi\\\/visu\\\/2013\\\/08\\\/15\\\/torstai-15-8-2013-ensimmainen-etapaiva\\\/\"},\"author\":{\"name\":\"\",\"@id\":\"\"},\"headline\":\"Torstai 15.8.2013 &#8211; ensimm\u00e4inen et\u00e4p\u00e4iv\u00e4\",\"datePublished\":\"2013-08-15T07:00:38+00:00\",\"mainEntityOfPage\":{\"@id\":\"https:\\\/\\\/blogit.gradia.fi\\\/visu\\\/2013\\\/08\\\/15\\\/torstai-15-8-2013-ensimmainen-etapaiva\\\/\"},\"wordCount\":180,\"commentCount\":1,\"image\":{\"@id\":\"https:\\\/\\\/blogit.gradia.fi\\\/visu\\\/2013\\\/08\\\/15\\\/torstai-15-8-2013-ensimmainen-etapaiva\\\/#primaryimage\"},\"thumbnailUrl\":\"https:\\\/\\\/blogit.gradia.fi\\\/visu\\\/wp-content\\\/uploads\\\/sites\\\/82\\\/2013\\\/08\\\/20130815-085222.jpg\",\"keywords\":[\"ConnecPro\",\"Google Drive\",\"GoogleDrive\",\"SkyDrive\"],\"articleSection\":[\"Projekti\"],\"inLanguage\":\"fi\",\"potentialAction\":[{\"@type\":\"CommentAction\",\"name\":\"Comment\",\"target\":[\"https:\\\/\\\/blogit.gradia.fi\\\/visu\\\/2013\\\/08\\\/15\\\/torstai-15-8-2013-ensimmainen-etapaiva\\\/#respond\"]}]},{\"@type\":\"WebPage\",\"@id\":\"https:\\\/\\\/blogit.gradia.fi\\\/visu\\\/2013\\\/08\\\/15\\\/torstai-15-8-2013-ensimmainen-etapaiva\\\/\",\"url\":\"https:\\\/\\\/blogit.gradia.fi\\\/visu\\\/2013\\\/08\\\/15\\\/torstai-15-8-2013-ensimmainen-etapaiva\\\/\",\"name\":\"Torstai 15.8.2013 - ensimm\u00e4inen et\u00e4p\u00e4iv\u00e4 - AMMATTILAISEKSI TY\u00d6SS\u00c4OPPIEN\",\"isPartOf\":{\"@id\":\"https:\\\/\\\/blogit.gradia.fi\\\/visu\\\/#website\"},\"primaryImageOfPage\":{\"@id\":\"https:\\\/\\\/blogit.gradia.fi\\\/visu\\\/2013\\\/08\\\/15\\\/torstai-15-8-2013-ensimmainen-etapaiva\\\/#primaryimage\"},\"image\":{\"@id\":\"https:\\\/\\\/blogit.gradia.fi\\\/visu\\\/2013\\\/08\\\/15\\\/torstai-15-8-2013-ensimmainen-etapaiva\\\/#primaryimage\"},\"thumbnailUrl\":\"https:\\\/\\\/blogit.gradia.fi\\\/visu\\\/wp-content\\\/uploads\\\/sites\\\/82\\\/2013\\\/08\\\/20130815-085222.jpg\",\"datePublished\":\"2013-08-15T07:00:38+00:00\",\"author\":{\"@id\":\"\"},\"inLanguage\":\"fi\",\"potentialAction\":[{\"@type\":\"ReadAction\",\"target\":[\"https:\\\/\\\/blogit.gradia.fi\\\/visu\\\/2013\\\/08\\\/15\\\/torstai-15-8-2013-ensimmainen-etapaiva\\\/\"]}]},{\"@type\":\"ImageObject\",\"inLanguage\":\"fi\",\"@id\":\"https:\\\/\\\/blogit.gradia.fi\\\/visu\\\/2013\\\/08\\\/15\\\/torstai-15-8-2013-ensimmainen-etapaiva\\\/#primaryimage\",\"url\":\"https:\\\/\\\/blogit.gradia.fi\\\/visu\\\/wp-content\\\/uploads\\\/sites\\\/82\\\/2013\\\/08\\\/20130815-085222.jpg\",\"contentUrl\":\"https:\\\/\\\/blogit.gradia.fi\\\/visu\\\/wp-content\\\/uploads\\\/sites\\\/82\\\/2013\\\/08\\\/20130815-085222.jpg\",\"width\":113,\"height\":150},{\"@type\":\"WebSite\",\"@id\":\"https:\\\/\\\/blogit.gradia.fi\\\/visu\\\/#website\",\"url\":\"https:\\\/\\\/blogit.gradia.fi\\\/visu\\\/\",\"name\":\"AMMATTILAISEKSI TY\u00d6SS\u00c4OPPIEN\",\"description\":\"Sivusto, joka kertoo Jyv\u00e4skyl\u00e4n ammattiopiston vuonna 2012 aloittaneen ty\u00f6ss\u00e4oppimispainotteisen luokan opintojen etenemisest\u00e4.\",\"potentialAction\":[{\"@type\":\"SearchAction\",\"target\":{\"@type\":\"EntryPoint\",\"urlTemplate\":\"https:\\\/\\\/blogit.gradia.fi\\\/visu\\\/?s={search_term_string}\"},\"query-input\":{\"@type\":\"PropertyValueSpecification\",\"valueRequired\":true,\"valueName\":\"search_term_string\"}}],\"inLanguage\":\"fi\"},{\"@type\":\"Person\",\"@id\":\"\",\"url\":\"https:\\\/\\\/blogit.gradia.fi\\\/visu\\\/author\\\/\"}]}<\/script>\n<!-- \/ Yoast SEO plugin. -->","yoast_head_json":{"title":"Torstai 15.8.2013 - ensimm\u00e4inen et\u00e4p\u00e4iv\u00e4 - AMMATTILAISEKSI TY\u00d6SS\u00c4OPPIEN","robots":{"index":"index","follow":"follow","max-snippet":"max-snippet:-1","max-image-preview":"max-image-preview:large","max-video-preview":"max-video-preview:-1"},"canonical":"https:\/\/blogit.gradia.fi\/visu\/2013\/08\/15\/torstai-15-8-2013-ensimmainen-etapaiva\/","og_locale":"fi_FI","og_type":"article","og_title":"Torstai 15.8.2013 - ensimm\u00e4inen et\u00e4p\u00e4iv\u00e4 - AMMATTILAISEKSI TY\u00d6SS\u00c4OPPIEN","og_description":"Torstaina 15.8.2013 p\u00e4\u00e4timme testata et\u00e4luentoa sek\u00e4 Google Driven \/ SkyDriven yhteiskirjoittamista Kaupan ty\u00f6t ja toiminnan -kurssin tunneilla. P\u00e4iv\u00e4 alkoi 8.15 et\u00e4luennolla Connect Pron v\u00e4lityksell\u00e4. Oppilaat saivat linkin Optima -ty\u00f6tilaan ja heid\u00e4n tuli kirjautua koulun tunnuksilla sis\u00e4\u00e4n. Innokkaita oppilaita olikin heti ConnectProhon kirjauduttuamme tulossa paikalle eli noin puolet aloittivat aamun heti kahdeksan j\u00e4lkeen ja suurin osa [&hellip;]","og_url":"https:\/\/blogit.gradia.fi\/visu\/2013\/08\/15\/torstai-15-8-2013-ensimmainen-etapaiva\/","og_site_name":"AMMATTILAISEKSI TY\u00d6SS\u00c4OPPIEN","article_published_time":"2013-08-15T07:00:38+00:00","og_image":[{"url":"https:\/\/blogit.gradia.fi\/visu\/wp-content\/uploads\/sites\/82\/2013\/08\/20130815-085222.jpg","type":"","width":"","height":""}],"twitter_card":"summary_large_image","twitter_misc":{"Kirjoittanut":"","Arvioitu lukuaika":"1 minuutti"},"schema":{"@context":"https:\/\/schema.org","@graph":[{"@type":"Article","@id":"https:\/\/blogit.gradia.fi\/visu\/2013\/08\/15\/torstai-15-8-2013-ensimmainen-etapaiva\/#article","isPartOf":{"@id":"https:\/\/blogit.gradia.fi\/visu\/2013\/08\/15\/torstai-15-8-2013-ensimmainen-etapaiva\/"},"author":{"name":"","@id":""},"headline":"Torstai 15.8.2013 &#8211; ensimm\u00e4inen et\u00e4p\u00e4iv\u00e4","datePublished":"2013-08-15T07:00:38+00:00","mainEntityOfPage":{"@id":"https:\/\/blogit.gradia.fi\/visu\/2013\/08\/15\/torstai-15-8-2013-ensimmainen-etapaiva\/"},"wordCount":180,"commentCount":1,"image":{"@id":"https:\/\/blogit.gradia.fi\/visu\/2013\/08\/15\/torstai-15-8-2013-ensimmainen-etapaiva\/#primaryimage"},"thumbnailUrl":"https:\/\/blogit.gradia.fi\/visu\/wp-content\/uploads\/sites\/82\/2013\/08\/20130815-085222.jpg","keywords":["ConnecPro","Google Drive","GoogleDrive","SkyDrive"],"articleSection":["Projekti"],"inLanguage":"fi","potentialAction":[{"@type":"CommentAction","name":"Comment","target":["https:\/\/blogit.gradia.fi\/visu\/2013\/08\/15\/torstai-15-8-2013-ensimmainen-etapaiva\/#respond"]}]},{"@type":"WebPage","@id":"https:\/\/blogit.gradia.fi\/visu\/2013\/08\/15\/torstai-15-8-2013-ensimmainen-etapaiva\/","url":"https:\/\/blogit.gradia.fi\/visu\/2013\/08\/15\/torstai-15-8-2013-ensimmainen-etapaiva\/","name":"Torstai 15.8.2013 - ensimm\u00e4inen et\u00e4p\u00e4iv\u00e4 - AMMATTILAISEKSI TY\u00d6SS\u00c4OPPIEN","isPartOf":{"@id":"https:\/\/blogit.gradia.fi\/visu\/#website"},"primaryImageOfPage":{"@id":"https:\/\/blogit.gradia.fi\/visu\/2013\/08\/15\/torstai-15-8-2013-ensimmainen-etapaiva\/#primaryimage"},"image":{"@id":"https:\/\/blogit.gradia.fi\/visu\/2013\/08\/15\/torstai-15-8-2013-ensimmainen-etapaiva\/#primaryimage"},"thumbnailUrl":"https:\/\/blogit.gradia.fi\/visu\/wp-content\/uploads\/sites\/82\/2013\/08\/20130815-085222.jpg","datePublished":"2013-08-15T07:00:38+00:00","author":{"@id":""},"inLanguage":"fi","potentialAction":[{"@type":"ReadAction","target":["https:\/\/blogit.gradia.fi\/visu\/2013\/08\/15\/torstai-15-8-2013-ensimmainen-etapaiva\/"]}]},{"@type":"ImageObject","inLanguage":"fi","@id":"https:\/\/blogit.gradia.fi\/visu\/2013\/08\/15\/torstai-15-8-2013-ensimmainen-etapaiva\/#primaryimage","url":"https:\/\/blogit.gradia.fi\/visu\/wp-content\/uploads\/sites\/82\/2013\/08\/20130815-085222.jpg","contentUrl":"https:\/\/blogit.gradia.fi\/visu\/wp-content\/uploads\/sites\/82\/2013\/08\/20130815-085222.jpg","width":113,"height":150},{"@type":"WebSite","@id":"https:\/\/blogit.gradia.fi\/visu\/#website","url":"https:\/\/blogit.gradia.fi\/visu\/","name":"AMMATTILAISEKSI TY\u00d6SS\u00c4OPPIEN","description":"Sivusto, joka kertoo Jyv\u00e4skyl\u00e4n ammattiopiston vuonna 2012 aloittaneen ty\u00f6ss\u00e4oppimispainotteisen luokan opintojen etenemisest\u00e4.","potentialAction":[{"@type":"SearchAction","target":{"@type":"EntryPoint","urlTemplate":"https:\/\/blogit.gradia.fi\/visu\/?s={search_term_string}"},"query-input":{"@type":"PropertyValueSpecification","valueRequired":true,"valueName":"search_term_string"}}],"inLanguage":"fi"},{"@type":"Person","@id":"","url":"https:\/\/blogit.gradia.fi\/visu\/author\/"}]}},"uagb_featured_image_src":{"full":false,"thumbnail":false,"medium":false,"medium_large":false,"large":false,"1536x1536":false,"2048x2048":false,"post-thumbnail":false},"uagb_author_info":{"display_name":"","author_link":"https:\/\/blogit.gradia.fi\/visu\/author\/"},"uagb_comment_info":7,"uagb_excerpt":"Torstaina 15.8.2013 p\u00e4\u00e4timme testata et\u00e4luentoa sek\u00e4 Google Driven \/ SkyDriven yhteiskirjoittamista Kaupan ty\u00f6t ja toiminnan -kurssin tunneilla. P\u00e4iv\u00e4 alkoi 8.15 et\u00e4luennolla Connect Pron v\u00e4lityksell\u00e4. Oppilaat saivat linkin Optima -ty\u00f6tilaan ja heid\u00e4n tuli kirjautua koulun tunnuksilla sis\u00e4\u00e4n. Innokkaita oppilaita olikin heti ConnectProhon kirjauduttuamme tulossa paikalle eli noin puolet aloittivat aamun heti kahdeksan j\u00e4lkeen ja suurin osa&hellip;","_links":{"self":[{"href":"https:\/\/blogit.gradia.fi\/visu\/wp-json\/wp\/v2\/posts\/84","targetHints":{"allow":["GET"]}}],"collection":[{"href":"https:\/\/blogit.gradia.fi\/visu\/wp-json\/wp\/v2\/posts"}],"about":[{"href":"https:\/\/blogit.gradia.fi\/visu\/wp-json\/wp\/v2\/types\/post"}],"author":[{"embeddable":true,"href":"https:\/\/blogit.gradia.fi\/visu\/wp-json\/wp\/v2\/users\/35"}],"replies":[{"embeddable":true,"href":"https:\/\/blogit.gradia.fi\/visu\/wp-json\/wp\/v2\/comments?post=84"}],"version-history":[{"count":0,"href":"https:\/\/blogit.gradia.fi\/visu\/wp-json\/wp\/v2\/posts\/84\/revisions"}],"wp:attachment":[{"href":"https:\/\/blogit.gradia.fi\/visu\/wp-json\/wp\/v2\/media?parent=84"}],"wp:term":[{"taxonomy":"category","embeddable":true,"href":"https:\/\/blogit.gradia.fi\/visu\/wp-json\/wp\/v2\/categories?post=84"},{"taxonomy":"post_tag","embeddable":true,"href":"https:\/\/blogit.gradia.fi\/visu\/wp-json\/wp\/v2\/tags?post=84"}],"curies":[{"name":"wp","href":"https:\/\/api.w.org\/{rel}","templated":true}]}}