{"id":82,"date":"2013-08-14T11:26:47","date_gmt":"2013-08-14T08:26:47","guid":{"rendered":"https:\/\/blogit.gradia.fi\/visu\/?p=82"},"modified":"2013-08-14T11:41:40","modified_gmt":"2013-08-14T08:41:40","slug":"3-kttn-top-tehtava","status":"publish","type":"post","link":"https:\/\/blogit.gradia.fi\/visu\/2013\/08\/14\/3-kttn-top-tehtava\/","title":{"rendered":"3. KTT:n TOP -teht\u00e4v\u00e4"},"content":{"rendered":"<p>RYHM\u00c4SS\u00c4:<\/p>\n<div>\u2022Pohtikaa ja kirjoittakaa yl\u00f6s Google Driveen tai SkyDriveen ryhmiss\u00e4nne mit\u00e4 on h\u00e4vikki.<\/div>\n<div><\/div>\n<div>\u2022Selvitt\u00e4k\u00e4\u00e4, mit\u00e4 tarkoitetaan seuraavilla:<\/div>\n<div>\u2013Hyv\u00e4ksytt\u00e4v\u00e4 h\u00e4vikki<\/div>\n<div>\u2013Hallinnollinen h\u00e4vikki<\/div>\n<div>\u2013Fyysinen h\u00e4vikki<\/div>\n<div>\u2013Rikollinen h\u00e4vikki<\/div>\n<p>&nbsp;<\/p>\n<p>YKSIN:<\/p>\n<div>\u2022Selvitt\u00e4k\u00e4\u00e4 ty\u00f6paikoillanne seuraavan viikon aikana:<\/div>\n<div><\/div>\n<div>\u2013mit\u00e4 muita h\u00e4vikin lajeja on<\/div>\n<div>\u2013Mit\u00e4 se tarkoittaa k\u00e4yt\u00e4nn\u00f6ss\u00e4<\/div>\n<div>\u2013Miten n\u00e4m\u00e4 h\u00e4vikit vaikuttavat toimintaan<\/div>\n<div><\/div>\n<div>\u2022T\u00e4ydent\u00e4k\u00e4\u00e4 teht\u00e4v\u00e4\u00e4nne ty\u00f6paikoilta saamillanne tiedoilla.<\/div>\n<div><\/div>\n<div>\u2022Teht\u00e4v\u00e4 k\u00e4yd\u00e4\u00e4n l\u00e4pi torstain 22.8 tunneilla.<\/div>\n<div><\/div>\n","protected":false},"excerpt":{"rendered":"<p>RYHM\u00c4SS\u00c4: \u2022Pohtikaa ja kirjoittakaa yl\u00f6s Google Driveen tai SkyDriveen ryhmiss\u00e4nne mit\u00e4 on h\u00e4vikki. \u2022Selvitt\u00e4k\u00e4\u00e4, mit\u00e4 tarkoitetaan seuraavilla: \u2013Hyv\u00e4ksytt\u00e4v\u00e4 h\u00e4vikki \u2013Hallinnollinen h\u00e4vikki \u2013Fyysinen h\u00e4vikki \u2013Rikollinen h\u00e4vikki &nbsp; YKSIN: \u2022Selvitt\u00e4k\u00e4\u00e4 ty\u00f6paikoillanne seuraavan viikon aikana: \u2013mit\u00e4 muita h\u00e4vikin lajeja on \u2013Mit\u00e4 se tarkoittaa k\u00e4yt\u00e4nn\u00f6ss\u00e4 \u2013Miten n\u00e4m\u00e4 h\u00e4vikit vaikuttavat toimintaan \u2022T\u00e4ydent\u00e4k\u00e4\u00e4 teht\u00e4v\u00e4\u00e4nne ty\u00f6paikoilta saamillanne tiedoilla. \u2022Teht\u00e4v\u00e4 k\u00e4yd\u00e4\u00e4n l\u00e4pi torstain [&hellip;]<\/p>\n","protected":false},"author":35,"featured_media":0,"comment_status":"open","ping_status":"open","sticky":false,"template":"","format":"standard","meta":{"_uag_custom_page_level_css":"","footnotes":""},"categories":[3],"tags":[10,11],"class_list":["post-82","post","type-post","status-publish","format-standard","hentry","category-kpm","tag-ktt","tag-top-tehtava"],"yoast_head":"<!-- This site is optimized with the Yoast SEO plugin v27.5 - https:\/\/yoast.com\/product\/yoast-seo-wordpress\/ -->\n<title>3. KTT:n TOP -teht\u00e4v\u00e4 - AMMATTILAISEKSI TY\u00d6SS\u00c4OPPIEN<\/title>\n<meta name=\"robots\" content=\"index, follow, max-snippet:-1, max-image-preview:large, max-video-preview:-1\" \/>\n<link rel=\"canonical\" href=\"https:\/\/blogit.gradia.fi\/visu\/2013\/08\/14\/3-kttn-top-tehtava\/\" \/>\n<meta property=\"og:locale\" content=\"fi_FI\" \/>\n<meta property=\"og:type\" content=\"article\" \/>\n<meta property=\"og:title\" content=\"3. KTT:n TOP -teht\u00e4v\u00e4 - AMMATTILAISEKSI TY\u00d6SS\u00c4OPPIEN\" \/>\n<meta property=\"og:description\" content=\"RYHM\u00c4SS\u00c4: \u2022Pohtikaa ja kirjoittakaa yl\u00f6s Google Driveen tai SkyDriveen ryhmiss\u00e4nne mit\u00e4 on h\u00e4vikki. \u2022Selvitt\u00e4k\u00e4\u00e4, mit\u00e4 tarkoitetaan seuraavilla: \u2013Hyv\u00e4ksytt\u00e4v\u00e4 h\u00e4vikki \u2013Hallinnollinen h\u00e4vikki \u2013Fyysinen h\u00e4vikki \u2013Rikollinen h\u00e4vikki &nbsp; YKSIN: \u2022Selvitt\u00e4k\u00e4\u00e4 ty\u00f6paikoillanne seuraavan viikon aikana: \u2013mit\u00e4 muita h\u00e4vikin lajeja on \u2013Mit\u00e4 se tarkoittaa k\u00e4yt\u00e4nn\u00f6ss\u00e4 \u2013Miten n\u00e4m\u00e4 h\u00e4vikit vaikuttavat toimintaan \u2022T\u00e4ydent\u00e4k\u00e4\u00e4 teht\u00e4v\u00e4\u00e4nne ty\u00f6paikoilta saamillanne tiedoilla. \u2022Teht\u00e4v\u00e4 k\u00e4yd\u00e4\u00e4n l\u00e4pi torstain [&hellip;]\" \/>\n<meta property=\"og:url\" content=\"https:\/\/blogit.gradia.fi\/visu\/2013\/08\/14\/3-kttn-top-tehtava\/\" \/>\n<meta property=\"og:site_name\" content=\"AMMATTILAISEKSI TY\u00d6SS\u00c4OPPIEN\" \/>\n<meta property=\"article:published_time\" content=\"2013-08-14T08:26:47+00:00\" \/>\n<meta property=\"article:modified_time\" content=\"2013-08-14T08:41:40+00:00\" \/>\n<meta name=\"twitter:card\" content=\"summary_large_image\" \/>\n<meta name=\"twitter:label1\" content=\"Kirjoittanut\" \/>\n\t<meta name=\"twitter:data1\" content=\"\" \/>\n<script type=\"application\/ld+json\" class=\"yoast-schema-graph\">{\"@context\":\"https:\\\/\\\/schema.org\",\"@graph\":[{\"@type\":\"Article\",\"@id\":\"https:\\\/\\\/blogit.gradia.fi\\\/visu\\\/2013\\\/08\\\/14\\\/3-kttn-top-tehtava\\\/#article\",\"isPartOf\":{\"@id\":\"https:\\\/\\\/blogit.gradia.fi\\\/visu\\\/2013\\\/08\\\/14\\\/3-kttn-top-tehtava\\\/\"},\"author\":{\"name\":\"\",\"@id\":\"\"},\"headline\":\"3. KTT:n TOP -teht\u00e4v\u00e4\",\"datePublished\":\"2013-08-14T08:26:47+00:00\",\"dateModified\":\"2013-08-14T08:41:40+00:00\",\"mainEntityOfPage\":{\"@id\":\"https:\\\/\\\/blogit.gradia.fi\\\/visu\\\/2013\\\/08\\\/14\\\/3-kttn-top-tehtava\\\/\"},\"wordCount\":89,\"commentCount\":0,\"keywords\":[\"KTT\",\"TOP -teht\u00e4v\u00e4\"],\"articleSection\":[\"Kaupan palvelu ja myynti\"],\"inLanguage\":\"fi\",\"potentialAction\":[{\"@type\":\"CommentAction\",\"name\":\"Comment\",\"target\":[\"https:\\\/\\\/blogit.gradia.fi\\\/visu\\\/2013\\\/08\\\/14\\\/3-kttn-top-tehtava\\\/#respond\"]}]},{\"@type\":\"WebPage\",\"@id\":\"https:\\\/\\\/blogit.gradia.fi\\\/visu\\\/2013\\\/08\\\/14\\\/3-kttn-top-tehtava\\\/\",\"url\":\"https:\\\/\\\/blogit.gradia.fi\\\/visu\\\/2013\\\/08\\\/14\\\/3-kttn-top-tehtava\\\/\",\"name\":\"3. KTT:n TOP -teht\u00e4v\u00e4 - AMMATTILAISEKSI TY\u00d6SS\u00c4OPPIEN\",\"isPartOf\":{\"@id\":\"https:\\\/\\\/blogit.gradia.fi\\\/visu\\\/#website\"},\"datePublished\":\"2013-08-14T08:26:47+00:00\",\"dateModified\":\"2013-08-14T08:41:40+00:00\",\"author\":{\"@id\":\"\"},\"inLanguage\":\"fi\",\"potentialAction\":[{\"@type\":\"ReadAction\",\"target\":[\"https:\\\/\\\/blogit.gradia.fi\\\/visu\\\/2013\\\/08\\\/14\\\/3-kttn-top-tehtava\\\/\"]}]},{\"@type\":\"WebSite\",\"@id\":\"https:\\\/\\\/blogit.gradia.fi\\\/visu\\\/#website\",\"url\":\"https:\\\/\\\/blogit.gradia.fi\\\/visu\\\/\",\"name\":\"AMMATTILAISEKSI TY\u00d6SS\u00c4OPPIEN\",\"description\":\"Sivusto, joka kertoo Jyv\u00e4skyl\u00e4n ammattiopiston vuonna 2012 aloittaneen ty\u00f6ss\u00e4oppimispainotteisen luokan opintojen etenemisest\u00e4.\",\"potentialAction\":[{\"@type\":\"SearchAction\",\"target\":{\"@type\":\"EntryPoint\",\"urlTemplate\":\"https:\\\/\\\/blogit.gradia.fi\\\/visu\\\/?s={search_term_string}\"},\"query-input\":{\"@type\":\"PropertyValueSpecification\",\"valueRequired\":true,\"valueName\":\"search_term_string\"}}],\"inLanguage\":\"fi\"},{\"@type\":\"Person\",\"@id\":\"\",\"url\":\"https:\\\/\\\/blogit.gradia.fi\\\/visu\\\/author\\\/\"}]}<\/script>\n<!-- \/ Yoast SEO plugin. -->","yoast_head_json":{"title":"3. KTT:n TOP -teht\u00e4v\u00e4 - AMMATTILAISEKSI TY\u00d6SS\u00c4OPPIEN","robots":{"index":"index","follow":"follow","max-snippet":"max-snippet:-1","max-image-preview":"max-image-preview:large","max-video-preview":"max-video-preview:-1"},"canonical":"https:\/\/blogit.gradia.fi\/visu\/2013\/08\/14\/3-kttn-top-tehtava\/","og_locale":"fi_FI","og_type":"article","og_title":"3. KTT:n TOP -teht\u00e4v\u00e4 - AMMATTILAISEKSI TY\u00d6SS\u00c4OPPIEN","og_description":"RYHM\u00c4SS\u00c4: \u2022Pohtikaa ja kirjoittakaa yl\u00f6s Google Driveen tai SkyDriveen ryhmiss\u00e4nne mit\u00e4 on h\u00e4vikki. \u2022Selvitt\u00e4k\u00e4\u00e4, mit\u00e4 tarkoitetaan seuraavilla: \u2013Hyv\u00e4ksytt\u00e4v\u00e4 h\u00e4vikki \u2013Hallinnollinen h\u00e4vikki \u2013Fyysinen h\u00e4vikki \u2013Rikollinen h\u00e4vikki &nbsp; YKSIN: \u2022Selvitt\u00e4k\u00e4\u00e4 ty\u00f6paikoillanne seuraavan viikon aikana: \u2013mit\u00e4 muita h\u00e4vikin lajeja on \u2013Mit\u00e4 se tarkoittaa k\u00e4yt\u00e4nn\u00f6ss\u00e4 \u2013Miten n\u00e4m\u00e4 h\u00e4vikit vaikuttavat toimintaan \u2022T\u00e4ydent\u00e4k\u00e4\u00e4 teht\u00e4v\u00e4\u00e4nne ty\u00f6paikoilta saamillanne tiedoilla. \u2022Teht\u00e4v\u00e4 k\u00e4yd\u00e4\u00e4n l\u00e4pi torstain [&hellip;]","og_url":"https:\/\/blogit.gradia.fi\/visu\/2013\/08\/14\/3-kttn-top-tehtava\/","og_site_name":"AMMATTILAISEKSI TY\u00d6SS\u00c4OPPIEN","article_published_time":"2013-08-14T08:26:47+00:00","article_modified_time":"2013-08-14T08:41:40+00:00","twitter_card":"summary_large_image","twitter_misc":{"Kirjoittanut":""},"schema":{"@context":"https:\/\/schema.org","@graph":[{"@type":"Article","@id":"https:\/\/blogit.gradia.fi\/visu\/2013\/08\/14\/3-kttn-top-tehtava\/#article","isPartOf":{"@id":"https:\/\/blogit.gradia.fi\/visu\/2013\/08\/14\/3-kttn-top-tehtava\/"},"author":{"name":"","@id":""},"headline":"3. KTT:n TOP -teht\u00e4v\u00e4","datePublished":"2013-08-14T08:26:47+00:00","dateModified":"2013-08-14T08:41:40+00:00","mainEntityOfPage":{"@id":"https:\/\/blogit.gradia.fi\/visu\/2013\/08\/14\/3-kttn-top-tehtava\/"},"wordCount":89,"commentCount":0,"keywords":["KTT","TOP -teht\u00e4v\u00e4"],"articleSection":["Kaupan palvelu ja myynti"],"inLanguage":"fi","potentialAction":[{"@type":"CommentAction","name":"Comment","target":["https:\/\/blogit.gradia.fi\/visu\/2013\/08\/14\/3-kttn-top-tehtava\/#respond"]}]},{"@type":"WebPage","@id":"https:\/\/blogit.gradia.fi\/visu\/2013\/08\/14\/3-kttn-top-tehtava\/","url":"https:\/\/blogit.gradia.fi\/visu\/2013\/08\/14\/3-kttn-top-tehtava\/","name":"3. KTT:n TOP -teht\u00e4v\u00e4 - AMMATTILAISEKSI TY\u00d6SS\u00c4OPPIEN","isPartOf":{"@id":"https:\/\/blogit.gradia.fi\/visu\/#website"},"datePublished":"2013-08-14T08:26:47+00:00","dateModified":"2013-08-14T08:41:40+00:00","author":{"@id":""},"inLanguage":"fi","potentialAction":[{"@type":"ReadAction","target":["https:\/\/blogit.gradia.fi\/visu\/2013\/08\/14\/3-kttn-top-tehtava\/"]}]},{"@type":"WebSite","@id":"https:\/\/blogit.gradia.fi\/visu\/#website","url":"https:\/\/blogit.gradia.fi\/visu\/","name":"AMMATTILAISEKSI TY\u00d6SS\u00c4OPPIEN","description":"Sivusto, joka kertoo Jyv\u00e4skyl\u00e4n ammattiopiston vuonna 2012 aloittaneen ty\u00f6ss\u00e4oppimispainotteisen luokan opintojen etenemisest\u00e4.","potentialAction":[{"@type":"SearchAction","target":{"@type":"EntryPoint","urlTemplate":"https:\/\/blogit.gradia.fi\/visu\/?s={search_term_string}"},"query-input":{"@type":"PropertyValueSpecification","valueRequired":true,"valueName":"search_term_string"}}],"inLanguage":"fi"},{"@type":"Person","@id":"","url":"https:\/\/blogit.gradia.fi\/visu\/author\/"}]}},"uagb_featured_image_src":{"full":false,"thumbnail":false,"medium":false,"medium_large":false,"large":false,"1536x1536":false,"2048x2048":false,"post-thumbnail":false},"uagb_author_info":{"display_name":"","author_link":"https:\/\/blogit.gradia.fi\/visu\/author\/"},"uagb_comment_info":8,"uagb_excerpt":"RYHM\u00c4SS\u00c4: \u2022Pohtikaa ja kirjoittakaa yl\u00f6s Google Driveen tai SkyDriveen ryhmiss\u00e4nne mit\u00e4 on h\u00e4vikki. \u2022Selvitt\u00e4k\u00e4\u00e4, mit\u00e4 tarkoitetaan seuraavilla: \u2013Hyv\u00e4ksytt\u00e4v\u00e4 h\u00e4vikki \u2013Hallinnollinen h\u00e4vikki \u2013Fyysinen h\u00e4vikki \u2013Rikollinen h\u00e4vikki &nbsp; YKSIN: \u2022Selvitt\u00e4k\u00e4\u00e4 ty\u00f6paikoillanne seuraavan viikon aikana: \u2013mit\u00e4 muita h\u00e4vikin lajeja on \u2013Mit\u00e4 se tarkoittaa k\u00e4yt\u00e4nn\u00f6ss\u00e4 \u2013Miten n\u00e4m\u00e4 h\u00e4vikit vaikuttavat toimintaan \u2022T\u00e4ydent\u00e4k\u00e4\u00e4 teht\u00e4v\u00e4\u00e4nne ty\u00f6paikoilta saamillanne tiedoilla. \u2022Teht\u00e4v\u00e4 k\u00e4yd\u00e4\u00e4n l\u00e4pi torstain&hellip;","_links":{"self":[{"href":"https:\/\/blogit.gradia.fi\/visu\/wp-json\/wp\/v2\/posts\/82","targetHints":{"allow":["GET"]}}],"collection":[{"href":"https:\/\/blogit.gradia.fi\/visu\/wp-json\/wp\/v2\/posts"}],"about":[{"href":"https:\/\/blogit.gradia.fi\/visu\/wp-json\/wp\/v2\/types\/post"}],"author":[{"embeddable":true,"href":"https:\/\/blogit.gradia.fi\/visu\/wp-json\/wp\/v2\/users\/35"}],"replies":[{"embeddable":true,"href":"https:\/\/blogit.gradia.fi\/visu\/wp-json\/wp\/v2\/comments?post=82"}],"version-history":[{"count":0,"href":"https:\/\/blogit.gradia.fi\/visu\/wp-json\/wp\/v2\/posts\/82\/revisions"}],"wp:attachment":[{"href":"https:\/\/blogit.gradia.fi\/visu\/wp-json\/wp\/v2\/media?parent=82"}],"wp:term":[{"taxonomy":"category","embeddable":true,"href":"https:\/\/blogit.gradia.fi\/visu\/wp-json\/wp\/v2\/categories?post=82"},{"taxonomy":"post_tag","embeddable":true,"href":"https:\/\/blogit.gradia.fi\/visu\/wp-json\/wp\/v2\/tags?post=82"}],"curies":[{"name":"wp","href":"https:\/\/api.w.org\/{rel}","templated":true}]}}