{"id":64,"date":"2013-08-07T23:09:06","date_gmt":"2013-08-07T20:09:06","guid":{"rendered":"https:\/\/blogit.gradia.fi\/visu\/?p=64"},"modified":"2013-08-07T23:09:06","modified_gmt":"2013-08-07T20:09:06","slug":"kohta-se-alkaa-2","status":"publish","type":"post","link":"https:\/\/blogit.gradia.fi\/visu\/2013\/08\/07\/kohta-se-alkaa-2\/","title":{"rendered":"Kohta se alkaa&#8230;"},"content":{"rendered":"<p>&#8230;korien t\u00e4ytt\u00f6 tavaroilla?<\/p>\n<p><a href=\"https:\/\/blogit.gradia.fi\/visu\/wp-content\/uploads\/sites\/82\/2013\/08\/image4.jpg\"><img loading=\"lazy\" decoding=\"async\" class=\"alignnone size-full wp-image-57\" alt=\"image\" src=\"https:\/\/blogit.gradia.fi\/visu\/wp-content\/uploads\/sites\/82\/2013\/08\/image4.jpg\" width=\"2592\" height=\"1936\" \/><\/a><\/p>\n<p>Kyll\u00e4. Nimitt\u00e4in virtuaalikopat p\u00e4iss\u00e4mme t\u00e4yttyv\u00e4t uusilla asioilla ja vanhojen tietojen p\u00e4ivityksill\u00e4 Kaupan ty\u00f6t ja toiminta -kurssin sek\u00e4 Kaupan palvelun ja myynin ty\u00f6ss\u00e4oppimisen alkaessa. Kannattaa k\u00e4yd\u00e4 tsekkaamassa, mit\u00e4 &#8221;ostoskoreihimme&#8221; oikein tarttuukaan.<\/p>\n","protected":false},"excerpt":{"rendered":"<p>&#8230;korien t\u00e4ytt\u00f6 tavaroilla? Kyll\u00e4. Nimitt\u00e4in virtuaalikopat p\u00e4iss\u00e4mme t\u00e4yttyv\u00e4t uusilla asioilla ja vanhojen tietojen p\u00e4ivityksill\u00e4 Kaupan ty\u00f6t ja toiminta -kurssin sek\u00e4 Kaupan palvelun ja myynin ty\u00f6ss\u00e4oppimisen alkaessa. Kannattaa k\u00e4yd\u00e4 tsekkaamassa, mit\u00e4 &#8221;ostoskoreihimme&#8221; oikein tarttuukaan.<\/p>\n","protected":false},"author":34,"featured_media":0,"comment_status":"open","ping_status":"open","sticky":false,"template":"","format":"standard","meta":{"_uag_custom_page_level_css":"","footnotes":""},"categories":[3,1],"tags":[],"class_list":["post-64","post","type-post","status-publish","format-standard","hentry","category-kpm","category-yleinen"],"yoast_head":"<!-- This site is optimized with the Yoast SEO plugin v27.5 - https:\/\/yoast.com\/product\/yoast-seo-wordpress\/ -->\n<title>Kohta se alkaa... - AMMATTILAISEKSI TY\u00d6SS\u00c4OPPIEN<\/title>\n<meta name=\"robots\" content=\"index, follow, max-snippet:-1, max-image-preview:large, max-video-preview:-1\" \/>\n<link rel=\"canonical\" href=\"https:\/\/blogit.gradia.fi\/visu\/2013\/08\/07\/kohta-se-alkaa-2\/\" \/>\n<meta property=\"og:locale\" content=\"fi_FI\" \/>\n<meta property=\"og:type\" content=\"article\" \/>\n<meta property=\"og:title\" content=\"Kohta se alkaa... - AMMATTILAISEKSI TY\u00d6SS\u00c4OPPIEN\" \/>\n<meta property=\"og:description\" content=\"&#8230;korien t\u00e4ytt\u00f6 tavaroilla? Kyll\u00e4. Nimitt\u00e4in virtuaalikopat p\u00e4iss\u00e4mme t\u00e4yttyv\u00e4t uusilla asioilla ja vanhojen tietojen p\u00e4ivityksill\u00e4 Kaupan ty\u00f6t ja toiminta -kurssin sek\u00e4 Kaupan palvelun ja myynin ty\u00f6ss\u00e4oppimisen alkaessa. Kannattaa k\u00e4yd\u00e4 tsekkaamassa, mit\u00e4 &#8221;ostoskoreihimme&#8221; oikein tarttuukaan.\" \/>\n<meta property=\"og:url\" content=\"https:\/\/blogit.gradia.fi\/visu\/2013\/08\/07\/kohta-se-alkaa-2\/\" \/>\n<meta property=\"og:site_name\" content=\"AMMATTILAISEKSI TY\u00d6SS\u00c4OPPIEN\" \/>\n<meta property=\"article:published_time\" content=\"2013-08-07T20:09:06+00:00\" \/>\n<meta property=\"og:image\" content=\"https:\/\/blogit.gradia.fi\/visu\/wp-content\/uploads\/sites\/82\/2013\/08\/image4.jpg\" \/>\n<meta name=\"twitter:card\" content=\"summary_large_image\" \/>\n<meta name=\"twitter:label1\" content=\"Kirjoittanut\" \/>\n\t<meta name=\"twitter:data1\" content=\"\" \/>\n<script type=\"application\/ld+json\" class=\"yoast-schema-graph\">{\"@context\":\"https:\\\/\\\/schema.org\",\"@graph\":[{\"@type\":\"Article\",\"@id\":\"https:\\\/\\\/blogit.gradia.fi\\\/visu\\\/2013\\\/08\\\/07\\\/kohta-se-alkaa-2\\\/#article\",\"isPartOf\":{\"@id\":\"https:\\\/\\\/blogit.gradia.fi\\\/visu\\\/2013\\\/08\\\/07\\\/kohta-se-alkaa-2\\\/\"},\"author\":{\"name\":\"\",\"@id\":\"\"},\"headline\":\"Kohta se alkaa&#8230;\",\"datePublished\":\"2013-08-07T20:09:06+00:00\",\"mainEntityOfPage\":{\"@id\":\"https:\\\/\\\/blogit.gradia.fi\\\/visu\\\/2013\\\/08\\\/07\\\/kohta-se-alkaa-2\\\/\"},\"wordCount\":47,\"commentCount\":0,\"image\":{\"@id\":\"https:\\\/\\\/blogit.gradia.fi\\\/visu\\\/2013\\\/08\\\/07\\\/kohta-se-alkaa-2\\\/#primaryimage\"},\"thumbnailUrl\":\"https:\\\/\\\/blogit.gradia.fi\\\/visu\\\/wp-content\\\/uploads\\\/sites\\\/82\\\/2013\\\/08\\\/image4.jpg\",\"articleSection\":[\"Kaupan palvelu ja myynti\"],\"inLanguage\":\"fi\",\"potentialAction\":[{\"@type\":\"CommentAction\",\"name\":\"Comment\",\"target\":[\"https:\\\/\\\/blogit.gradia.fi\\\/visu\\\/2013\\\/08\\\/07\\\/kohta-se-alkaa-2\\\/#respond\"]}]},{\"@type\":\"WebPage\",\"@id\":\"https:\\\/\\\/blogit.gradia.fi\\\/visu\\\/2013\\\/08\\\/07\\\/kohta-se-alkaa-2\\\/\",\"url\":\"https:\\\/\\\/blogit.gradia.fi\\\/visu\\\/2013\\\/08\\\/07\\\/kohta-se-alkaa-2\\\/\",\"name\":\"Kohta se alkaa... - AMMATTILAISEKSI TY\u00d6SS\u00c4OPPIEN\",\"isPartOf\":{\"@id\":\"https:\\\/\\\/blogit.gradia.fi\\\/visu\\\/#website\"},\"primaryImageOfPage\":{\"@id\":\"https:\\\/\\\/blogit.gradia.fi\\\/visu\\\/2013\\\/08\\\/07\\\/kohta-se-alkaa-2\\\/#primaryimage\"},\"image\":{\"@id\":\"https:\\\/\\\/blogit.gradia.fi\\\/visu\\\/2013\\\/08\\\/07\\\/kohta-se-alkaa-2\\\/#primaryimage\"},\"thumbnailUrl\":\"https:\\\/\\\/blogit.gradia.fi\\\/visu\\\/wp-content\\\/uploads\\\/sites\\\/82\\\/2013\\\/08\\\/image4.jpg\",\"datePublished\":\"2013-08-07T20:09:06+00:00\",\"author\":{\"@id\":\"\"},\"inLanguage\":\"fi\",\"potentialAction\":[{\"@type\":\"ReadAction\",\"target\":[\"https:\\\/\\\/blogit.gradia.fi\\\/visu\\\/2013\\\/08\\\/07\\\/kohta-se-alkaa-2\\\/\"]}]},{\"@type\":\"ImageObject\",\"inLanguage\":\"fi\",\"@id\":\"https:\\\/\\\/blogit.gradia.fi\\\/visu\\\/2013\\\/08\\\/07\\\/kohta-se-alkaa-2\\\/#primaryimage\",\"url\":\"https:\\\/\\\/blogit.gradia.fi\\\/visu\\\/wp-content\\\/uploads\\\/sites\\\/82\\\/2013\\\/08\\\/image4.jpg\",\"contentUrl\":\"https:\\\/\\\/blogit.gradia.fi\\\/visu\\\/wp-content\\\/uploads\\\/sites\\\/82\\\/2013\\\/08\\\/image4.jpg\",\"width\":2592,\"height\":1936},{\"@type\":\"WebSite\",\"@id\":\"https:\\\/\\\/blogit.gradia.fi\\\/visu\\\/#website\",\"url\":\"https:\\\/\\\/blogit.gradia.fi\\\/visu\\\/\",\"name\":\"AMMATTILAISEKSI TY\u00d6SS\u00c4OPPIEN\",\"description\":\"Sivusto, joka kertoo Jyv\u00e4skyl\u00e4n ammattiopiston vuonna 2012 aloittaneen ty\u00f6ss\u00e4oppimispainotteisen luokan opintojen etenemisest\u00e4.\",\"potentialAction\":[{\"@type\":\"SearchAction\",\"target\":{\"@type\":\"EntryPoint\",\"urlTemplate\":\"https:\\\/\\\/blogit.gradia.fi\\\/visu\\\/?s={search_term_string}\"},\"query-input\":{\"@type\":\"PropertyValueSpecification\",\"valueRequired\":true,\"valueName\":\"search_term_string\"}}],\"inLanguage\":\"fi\"},{\"@type\":\"Person\",\"@id\":\"\",\"url\":\"https:\\\/\\\/blogit.gradia.fi\\\/visu\\\/author\\\/\"}]}<\/script>\n<!-- \/ Yoast SEO plugin. -->","yoast_head_json":{"title":"Kohta se alkaa... - AMMATTILAISEKSI TY\u00d6SS\u00c4OPPIEN","robots":{"index":"index","follow":"follow","max-snippet":"max-snippet:-1","max-image-preview":"max-image-preview:large","max-video-preview":"max-video-preview:-1"},"canonical":"https:\/\/blogit.gradia.fi\/visu\/2013\/08\/07\/kohta-se-alkaa-2\/","og_locale":"fi_FI","og_type":"article","og_title":"Kohta se alkaa... - AMMATTILAISEKSI TY\u00d6SS\u00c4OPPIEN","og_description":"&#8230;korien t\u00e4ytt\u00f6 tavaroilla? Kyll\u00e4. Nimitt\u00e4in virtuaalikopat p\u00e4iss\u00e4mme t\u00e4yttyv\u00e4t uusilla asioilla ja vanhojen tietojen p\u00e4ivityksill\u00e4 Kaupan ty\u00f6t ja toiminta -kurssin sek\u00e4 Kaupan palvelun ja myynin ty\u00f6ss\u00e4oppimisen alkaessa. Kannattaa k\u00e4yd\u00e4 tsekkaamassa, mit\u00e4 &#8221;ostoskoreihimme&#8221; oikein tarttuukaan.","og_url":"https:\/\/blogit.gradia.fi\/visu\/2013\/08\/07\/kohta-se-alkaa-2\/","og_site_name":"AMMATTILAISEKSI TY\u00d6SS\u00c4OPPIEN","article_published_time":"2013-08-07T20:09:06+00:00","og_image":[{"url":"https:\/\/blogit.gradia.fi\/visu\/wp-content\/uploads\/sites\/82\/2013\/08\/image4.jpg","type":"","width":"","height":""}],"twitter_card":"summary_large_image","twitter_misc":{"Kirjoittanut":""},"schema":{"@context":"https:\/\/schema.org","@graph":[{"@type":"Article","@id":"https:\/\/blogit.gradia.fi\/visu\/2013\/08\/07\/kohta-se-alkaa-2\/#article","isPartOf":{"@id":"https:\/\/blogit.gradia.fi\/visu\/2013\/08\/07\/kohta-se-alkaa-2\/"},"author":{"name":"","@id":""},"headline":"Kohta se alkaa&#8230;","datePublished":"2013-08-07T20:09:06+00:00","mainEntityOfPage":{"@id":"https:\/\/blogit.gradia.fi\/visu\/2013\/08\/07\/kohta-se-alkaa-2\/"},"wordCount":47,"commentCount":0,"image":{"@id":"https:\/\/blogit.gradia.fi\/visu\/2013\/08\/07\/kohta-se-alkaa-2\/#primaryimage"},"thumbnailUrl":"https:\/\/blogit.gradia.fi\/visu\/wp-content\/uploads\/sites\/82\/2013\/08\/image4.jpg","articleSection":["Kaupan palvelu ja myynti"],"inLanguage":"fi","potentialAction":[{"@type":"CommentAction","name":"Comment","target":["https:\/\/blogit.gradia.fi\/visu\/2013\/08\/07\/kohta-se-alkaa-2\/#respond"]}]},{"@type":"WebPage","@id":"https:\/\/blogit.gradia.fi\/visu\/2013\/08\/07\/kohta-se-alkaa-2\/","url":"https:\/\/blogit.gradia.fi\/visu\/2013\/08\/07\/kohta-se-alkaa-2\/","name":"Kohta se alkaa... - AMMATTILAISEKSI TY\u00d6SS\u00c4OPPIEN","isPartOf":{"@id":"https:\/\/blogit.gradia.fi\/visu\/#website"},"primaryImageOfPage":{"@id":"https:\/\/blogit.gradia.fi\/visu\/2013\/08\/07\/kohta-se-alkaa-2\/#primaryimage"},"image":{"@id":"https:\/\/blogit.gradia.fi\/visu\/2013\/08\/07\/kohta-se-alkaa-2\/#primaryimage"},"thumbnailUrl":"https:\/\/blogit.gradia.fi\/visu\/wp-content\/uploads\/sites\/82\/2013\/08\/image4.jpg","datePublished":"2013-08-07T20:09:06+00:00","author":{"@id":""},"inLanguage":"fi","potentialAction":[{"@type":"ReadAction","target":["https:\/\/blogit.gradia.fi\/visu\/2013\/08\/07\/kohta-se-alkaa-2\/"]}]},{"@type":"ImageObject","inLanguage":"fi","@id":"https:\/\/blogit.gradia.fi\/visu\/2013\/08\/07\/kohta-se-alkaa-2\/#primaryimage","url":"https:\/\/blogit.gradia.fi\/visu\/wp-content\/uploads\/sites\/82\/2013\/08\/image4.jpg","contentUrl":"https:\/\/blogit.gradia.fi\/visu\/wp-content\/uploads\/sites\/82\/2013\/08\/image4.jpg","width":2592,"height":1936},{"@type":"WebSite","@id":"https:\/\/blogit.gradia.fi\/visu\/#website","url":"https:\/\/blogit.gradia.fi\/visu\/","name":"AMMATTILAISEKSI TY\u00d6SS\u00c4OPPIEN","description":"Sivusto, joka kertoo Jyv\u00e4skyl\u00e4n ammattiopiston vuonna 2012 aloittaneen ty\u00f6ss\u00e4oppimispainotteisen luokan opintojen etenemisest\u00e4.","potentialAction":[{"@type":"SearchAction","target":{"@type":"EntryPoint","urlTemplate":"https:\/\/blogit.gradia.fi\/visu\/?s={search_term_string}"},"query-input":{"@type":"PropertyValueSpecification","valueRequired":true,"valueName":"search_term_string"}}],"inLanguage":"fi"},{"@type":"Person","@id":"","url":"https:\/\/blogit.gradia.fi\/visu\/author\/"}]}},"uagb_featured_image_src":{"full":false,"thumbnail":false,"medium":false,"medium_large":false,"large":false,"1536x1536":false,"2048x2048":false,"post-thumbnail":false},"uagb_author_info":{"display_name":"","author_link":"https:\/\/blogit.gradia.fi\/visu\/author\/"},"uagb_comment_info":1,"uagb_excerpt":"&#8230;korien t\u00e4ytt\u00f6 tavaroilla? Kyll\u00e4. Nimitt\u00e4in virtuaalikopat p\u00e4iss\u00e4mme t\u00e4yttyv\u00e4t uusilla asioilla ja vanhojen tietojen p\u00e4ivityksill\u00e4 Kaupan ty\u00f6t ja toiminta -kurssin sek\u00e4 Kaupan palvelun ja myynin ty\u00f6ss\u00e4oppimisen alkaessa. Kannattaa k\u00e4yd\u00e4 tsekkaamassa, mit\u00e4 &#8221;ostoskoreihimme&#8221; oikein tarttuukaan.","_links":{"self":[{"href":"https:\/\/blogit.gradia.fi\/visu\/wp-json\/wp\/v2\/posts\/64","targetHints":{"allow":["GET"]}}],"collection":[{"href":"https:\/\/blogit.gradia.fi\/visu\/wp-json\/wp\/v2\/posts"}],"about":[{"href":"https:\/\/blogit.gradia.fi\/visu\/wp-json\/wp\/v2\/types\/post"}],"author":[{"embeddable":true,"href":"https:\/\/blogit.gradia.fi\/visu\/wp-json\/wp\/v2\/users\/34"}],"replies":[{"embeddable":true,"href":"https:\/\/blogit.gradia.fi\/visu\/wp-json\/wp\/v2\/comments?post=64"}],"version-history":[{"count":0,"href":"https:\/\/blogit.gradia.fi\/visu\/wp-json\/wp\/v2\/posts\/64\/revisions"}],"wp:attachment":[{"href":"https:\/\/blogit.gradia.fi\/visu\/wp-json\/wp\/v2\/media?parent=64"}],"wp:term":[{"taxonomy":"category","embeddable":true,"href":"https:\/\/blogit.gradia.fi\/visu\/wp-json\/wp\/v2\/categories?post=64"},{"taxonomy":"post_tag","embeddable":true,"href":"https:\/\/blogit.gradia.fi\/visu\/wp-json\/wp\/v2\/tags?post=64"}],"curies":[{"name":"wp","href":"https:\/\/api.w.org\/{rel}","templated":true}]}}