{"id":44,"date":"2013-05-18T15:47:06","date_gmt":"2013-05-18T12:47:06","guid":{"rendered":"https:\/\/blogit.gradia.fi\/visu\/?p=44"},"modified":"2013-08-07T23:14:43","modified_gmt":"2013-08-07T20:14:43","slug":"4-top-tehtava-esillepanon-jatai-kampanjan-pukeminen","status":"publish","type":"post","link":"https:\/\/blogit.gradia.fi\/visu\/2013\/05\/18\/4-top-tehtava-esillepanon-jatai-kampanjan-pukeminen\/","title":{"rendered":"4. Visun TOP teht\u00e4v\u00e4"},"content":{"rendered":"<p><strong>Esillepanon ja\/tai kampanjan tekeminen<\/strong><\/p>\n<p>Nyt olet ollut jo ty\u00f6harjoittelussa useamman viikon ja oma osaamisesi on jo kasvanut alusta. Tunnet jo ty\u00f6paikkasi tapoja ja osaat toteuttaa heid\u00e4n ohjeistuksensa mukaista visuaalista ilmett\u00e4.<\/p>\n<p><strong>Kerro ty\u00f6paikalla tekem\u00e4si kampanjan tai esillepanon toteutus vaiheittain<\/strong>?<\/p>\n<p>Kerro omaan blogiisi mahdollisimman havainnollisesti, kuinka toteutit esillepanon ja mik\u00e4 oli oma panoksesi toteutuksessa. Pyri kuvaamaan mahdollisimman kattavasti omaa osaamistasi asiassa.<\/p>\n<p><em>T\u00e4h\u00e4n yhteyteen kannattaa tuoda ne kuvat<\/em>, joilla haluat osoittaa omaa osamistasi. T\u00e4rke\u00e4\u00e4 on, ett\u00e4 selit\u00e4t, mik\u00e4 oli l\u00e4ht\u00f6tilanne ja mitk\u00e4 kuvissa n\u00e4kyvist\u00e4 asioista ovat sinun tekemi\u00e4. Muista tuoda esille oma osaamisesi.<\/p>\n","protected":false},"excerpt":{"rendered":"<p>Esillepanon ja\/tai kampanjan tekeminen Nyt olet ollut jo ty\u00f6harjoittelussa useamman viikon ja oma osaamisesi on jo kasvanut alusta. Tunnet jo ty\u00f6paikkasi tapoja ja osaat toteuttaa heid\u00e4n ohjeistuksensa mukaista visuaalista ilmett\u00e4. Kerro ty\u00f6paikalla tekem\u00e4si kampanjan tai esillepanon toteutus vaiheittain? Kerro omaan blogiisi mahdollisimman havainnollisesti, kuinka toteutit esillepanon ja mik\u00e4 oli oma panoksesi toteutuksessa. Pyri kuvaamaan mahdollisimman [&hellip;]<\/p>\n","protected":false},"author":35,"featured_media":0,"comment_status":"open","ping_status":"open","sticky":false,"template":"","format":"standard","meta":{"_uag_custom_page_level_css":"","footnotes":""},"categories":[2],"tags":[],"class_list":["post-44","post","type-post","status-publish","format-standard","hentry","category-visu"],"yoast_head":"<!-- This site is optimized with the Yoast SEO plugin v27.5 - https:\/\/yoast.com\/product\/yoast-seo-wordpress\/ -->\n<title>4. Visun TOP teht\u00e4v\u00e4 - AMMATTILAISEKSI TY\u00d6SS\u00c4OPPIEN<\/title>\n<meta name=\"robots\" content=\"index, follow, max-snippet:-1, max-image-preview:large, max-video-preview:-1\" \/>\n<link rel=\"canonical\" href=\"https:\/\/blogit.gradia.fi\/visu\/2013\/05\/18\/4-top-tehtava-esillepanon-jatai-kampanjan-pukeminen\/\" \/>\n<meta property=\"og:locale\" content=\"fi_FI\" \/>\n<meta property=\"og:type\" content=\"article\" \/>\n<meta property=\"og:title\" content=\"4. Visun TOP teht\u00e4v\u00e4 - AMMATTILAISEKSI TY\u00d6SS\u00c4OPPIEN\" \/>\n<meta property=\"og:description\" content=\"Esillepanon ja\/tai kampanjan tekeminen Nyt olet ollut jo ty\u00f6harjoittelussa useamman viikon ja oma osaamisesi on jo kasvanut alusta. Tunnet jo ty\u00f6paikkasi tapoja ja osaat toteuttaa heid\u00e4n ohjeistuksensa mukaista visuaalista ilmett\u00e4. Kerro ty\u00f6paikalla tekem\u00e4si kampanjan tai esillepanon toteutus vaiheittain? Kerro omaan blogiisi mahdollisimman havainnollisesti, kuinka toteutit esillepanon ja mik\u00e4 oli oma panoksesi toteutuksessa. Pyri kuvaamaan mahdollisimman [&hellip;]\" \/>\n<meta property=\"og:url\" content=\"https:\/\/blogit.gradia.fi\/visu\/2013\/05\/18\/4-top-tehtava-esillepanon-jatai-kampanjan-pukeminen\/\" \/>\n<meta property=\"og:site_name\" content=\"AMMATTILAISEKSI TY\u00d6SS\u00c4OPPIEN\" \/>\n<meta property=\"article:published_time\" content=\"2013-05-18T12:47:06+00:00\" \/>\n<meta property=\"article:modified_time\" content=\"2013-08-07T20:14:43+00:00\" \/>\n<meta name=\"twitter:card\" content=\"summary_large_image\" \/>\n<meta name=\"twitter:label1\" content=\"Kirjoittanut\" \/>\n\t<meta name=\"twitter:data1\" content=\"\" \/>\n\t<meta name=\"twitter:label2\" content=\"Arvioitu lukuaika\" \/>\n\t<meta name=\"twitter:data2\" content=\"1 minuutti\" \/>\n<script type=\"application\/ld+json\" class=\"yoast-schema-graph\">{\"@context\":\"https:\\\/\\\/schema.org\",\"@graph\":[{\"@type\":\"Article\",\"@id\":\"https:\\\/\\\/blogit.gradia.fi\\\/visu\\\/2013\\\/05\\\/18\\\/4-top-tehtava-esillepanon-jatai-kampanjan-pukeminen\\\/#article\",\"isPartOf\":{\"@id\":\"https:\\\/\\\/blogit.gradia.fi\\\/visu\\\/2013\\\/05\\\/18\\\/4-top-tehtava-esillepanon-jatai-kampanjan-pukeminen\\\/\"},\"author\":{\"name\":\"\",\"@id\":\"\"},\"headline\":\"4. Visun TOP teht\u00e4v\u00e4\",\"datePublished\":\"2013-05-18T12:47:06+00:00\",\"dateModified\":\"2013-08-07T20:14:43+00:00\",\"mainEntityOfPage\":{\"@id\":\"https:\\\/\\\/blogit.gradia.fi\\\/visu\\\/2013\\\/05\\\/18\\\/4-top-tehtava-esillepanon-jatai-kampanjan-pukeminen\\\/\"},\"wordCount\":107,\"commentCount\":0,\"articleSection\":[\"Visuaalinen myyntity\u00f6\"],\"inLanguage\":\"fi\",\"potentialAction\":[{\"@type\":\"CommentAction\",\"name\":\"Comment\",\"target\":[\"https:\\\/\\\/blogit.gradia.fi\\\/visu\\\/2013\\\/05\\\/18\\\/4-top-tehtava-esillepanon-jatai-kampanjan-pukeminen\\\/#respond\"]}]},{\"@type\":\"WebPage\",\"@id\":\"https:\\\/\\\/blogit.gradia.fi\\\/visu\\\/2013\\\/05\\\/18\\\/4-top-tehtava-esillepanon-jatai-kampanjan-pukeminen\\\/\",\"url\":\"https:\\\/\\\/blogit.gradia.fi\\\/visu\\\/2013\\\/05\\\/18\\\/4-top-tehtava-esillepanon-jatai-kampanjan-pukeminen\\\/\",\"name\":\"4. Visun TOP teht\u00e4v\u00e4 - AMMATTILAISEKSI TY\u00d6SS\u00c4OPPIEN\",\"isPartOf\":{\"@id\":\"https:\\\/\\\/blogit.gradia.fi\\\/visu\\\/#website\"},\"datePublished\":\"2013-05-18T12:47:06+00:00\",\"dateModified\":\"2013-08-07T20:14:43+00:00\",\"author\":{\"@id\":\"\"},\"inLanguage\":\"fi\",\"potentialAction\":[{\"@type\":\"ReadAction\",\"target\":[\"https:\\\/\\\/blogit.gradia.fi\\\/visu\\\/2013\\\/05\\\/18\\\/4-top-tehtava-esillepanon-jatai-kampanjan-pukeminen\\\/\"]}]},{\"@type\":\"WebSite\",\"@id\":\"https:\\\/\\\/blogit.gradia.fi\\\/visu\\\/#website\",\"url\":\"https:\\\/\\\/blogit.gradia.fi\\\/visu\\\/\",\"name\":\"AMMATTILAISEKSI TY\u00d6SS\u00c4OPPIEN\",\"description\":\"Sivusto, joka kertoo Jyv\u00e4skyl\u00e4n ammattiopiston vuonna 2012 aloittaneen ty\u00f6ss\u00e4oppimispainotteisen luokan opintojen etenemisest\u00e4.\",\"potentialAction\":[{\"@type\":\"SearchAction\",\"target\":{\"@type\":\"EntryPoint\",\"urlTemplate\":\"https:\\\/\\\/blogit.gradia.fi\\\/visu\\\/?s={search_term_string}\"},\"query-input\":{\"@type\":\"PropertyValueSpecification\",\"valueRequired\":true,\"valueName\":\"search_term_string\"}}],\"inLanguage\":\"fi\"},{\"@type\":\"Person\",\"@id\":\"\",\"url\":\"https:\\\/\\\/blogit.gradia.fi\\\/visu\\\/author\\\/\"}]}<\/script>\n<!-- \/ Yoast SEO plugin. -->","yoast_head_json":{"title":"4. Visun TOP teht\u00e4v\u00e4 - AMMATTILAISEKSI TY\u00d6SS\u00c4OPPIEN","robots":{"index":"index","follow":"follow","max-snippet":"max-snippet:-1","max-image-preview":"max-image-preview:large","max-video-preview":"max-video-preview:-1"},"canonical":"https:\/\/blogit.gradia.fi\/visu\/2013\/05\/18\/4-top-tehtava-esillepanon-jatai-kampanjan-pukeminen\/","og_locale":"fi_FI","og_type":"article","og_title":"4. Visun TOP teht\u00e4v\u00e4 - AMMATTILAISEKSI TY\u00d6SS\u00c4OPPIEN","og_description":"Esillepanon ja\/tai kampanjan tekeminen Nyt olet ollut jo ty\u00f6harjoittelussa useamman viikon ja oma osaamisesi on jo kasvanut alusta. Tunnet jo ty\u00f6paikkasi tapoja ja osaat toteuttaa heid\u00e4n ohjeistuksensa mukaista visuaalista ilmett\u00e4. Kerro ty\u00f6paikalla tekem\u00e4si kampanjan tai esillepanon toteutus vaiheittain? Kerro omaan blogiisi mahdollisimman havainnollisesti, kuinka toteutit esillepanon ja mik\u00e4 oli oma panoksesi toteutuksessa. Pyri kuvaamaan mahdollisimman [&hellip;]","og_url":"https:\/\/blogit.gradia.fi\/visu\/2013\/05\/18\/4-top-tehtava-esillepanon-jatai-kampanjan-pukeminen\/","og_site_name":"AMMATTILAISEKSI TY\u00d6SS\u00c4OPPIEN","article_published_time":"2013-05-18T12:47:06+00:00","article_modified_time":"2013-08-07T20:14:43+00:00","twitter_card":"summary_large_image","twitter_misc":{"Kirjoittanut":"","Arvioitu lukuaika":"1 minuutti"},"schema":{"@context":"https:\/\/schema.org","@graph":[{"@type":"Article","@id":"https:\/\/blogit.gradia.fi\/visu\/2013\/05\/18\/4-top-tehtava-esillepanon-jatai-kampanjan-pukeminen\/#article","isPartOf":{"@id":"https:\/\/blogit.gradia.fi\/visu\/2013\/05\/18\/4-top-tehtava-esillepanon-jatai-kampanjan-pukeminen\/"},"author":{"name":"","@id":""},"headline":"4. Visun TOP teht\u00e4v\u00e4","datePublished":"2013-05-18T12:47:06+00:00","dateModified":"2013-08-07T20:14:43+00:00","mainEntityOfPage":{"@id":"https:\/\/blogit.gradia.fi\/visu\/2013\/05\/18\/4-top-tehtava-esillepanon-jatai-kampanjan-pukeminen\/"},"wordCount":107,"commentCount":0,"articleSection":["Visuaalinen myyntity\u00f6"],"inLanguage":"fi","potentialAction":[{"@type":"CommentAction","name":"Comment","target":["https:\/\/blogit.gradia.fi\/visu\/2013\/05\/18\/4-top-tehtava-esillepanon-jatai-kampanjan-pukeminen\/#respond"]}]},{"@type":"WebPage","@id":"https:\/\/blogit.gradia.fi\/visu\/2013\/05\/18\/4-top-tehtava-esillepanon-jatai-kampanjan-pukeminen\/","url":"https:\/\/blogit.gradia.fi\/visu\/2013\/05\/18\/4-top-tehtava-esillepanon-jatai-kampanjan-pukeminen\/","name":"4. Visun TOP teht\u00e4v\u00e4 - AMMATTILAISEKSI TY\u00d6SS\u00c4OPPIEN","isPartOf":{"@id":"https:\/\/blogit.gradia.fi\/visu\/#website"},"datePublished":"2013-05-18T12:47:06+00:00","dateModified":"2013-08-07T20:14:43+00:00","author":{"@id":""},"inLanguage":"fi","potentialAction":[{"@type":"ReadAction","target":["https:\/\/blogit.gradia.fi\/visu\/2013\/05\/18\/4-top-tehtava-esillepanon-jatai-kampanjan-pukeminen\/"]}]},{"@type":"WebSite","@id":"https:\/\/blogit.gradia.fi\/visu\/#website","url":"https:\/\/blogit.gradia.fi\/visu\/","name":"AMMATTILAISEKSI TY\u00d6SS\u00c4OPPIEN","description":"Sivusto, joka kertoo Jyv\u00e4skyl\u00e4n ammattiopiston vuonna 2012 aloittaneen ty\u00f6ss\u00e4oppimispainotteisen luokan opintojen etenemisest\u00e4.","potentialAction":[{"@type":"SearchAction","target":{"@type":"EntryPoint","urlTemplate":"https:\/\/blogit.gradia.fi\/visu\/?s={search_term_string}"},"query-input":{"@type":"PropertyValueSpecification","valueRequired":true,"valueName":"search_term_string"}}],"inLanguage":"fi"},{"@type":"Person","@id":"","url":"https:\/\/blogit.gradia.fi\/visu\/author\/"}]}},"uagb_featured_image_src":{"full":false,"thumbnail":false,"medium":false,"medium_large":false,"large":false,"1536x1536":false,"2048x2048":false,"post-thumbnail":false},"uagb_author_info":{"display_name":"","author_link":"https:\/\/blogit.gradia.fi\/visu\/author\/"},"uagb_comment_info":0,"uagb_excerpt":"Esillepanon ja\/tai kampanjan tekeminen Nyt olet ollut jo ty\u00f6harjoittelussa useamman viikon ja oma osaamisesi on jo kasvanut alusta. Tunnet jo ty\u00f6paikkasi tapoja ja osaat toteuttaa heid\u00e4n ohjeistuksensa mukaista visuaalista ilmett\u00e4. Kerro ty\u00f6paikalla tekem\u00e4si kampanjan tai esillepanon toteutus vaiheittain? Kerro omaan blogiisi mahdollisimman havainnollisesti, kuinka toteutit esillepanon ja mik\u00e4 oli oma panoksesi toteutuksessa. Pyri kuvaamaan mahdollisimman&hellip;","_links":{"self":[{"href":"https:\/\/blogit.gradia.fi\/visu\/wp-json\/wp\/v2\/posts\/44","targetHints":{"allow":["GET"]}}],"collection":[{"href":"https:\/\/blogit.gradia.fi\/visu\/wp-json\/wp\/v2\/posts"}],"about":[{"href":"https:\/\/blogit.gradia.fi\/visu\/wp-json\/wp\/v2\/types\/post"}],"author":[{"embeddable":true,"href":"https:\/\/blogit.gradia.fi\/visu\/wp-json\/wp\/v2\/users\/35"}],"replies":[{"embeddable":true,"href":"https:\/\/blogit.gradia.fi\/visu\/wp-json\/wp\/v2\/comments?post=44"}],"version-history":[{"count":0,"href":"https:\/\/blogit.gradia.fi\/visu\/wp-json\/wp\/v2\/posts\/44\/revisions"}],"wp:attachment":[{"href":"https:\/\/blogit.gradia.fi\/visu\/wp-json\/wp\/v2\/media?parent=44"}],"wp:term":[{"taxonomy":"category","embeddable":true,"href":"https:\/\/blogit.gradia.fi\/visu\/wp-json\/wp\/v2\/categories?post=44"},{"taxonomy":"post_tag","embeddable":true,"href":"https:\/\/blogit.gradia.fi\/visu\/wp-json\/wp\/v2\/tags?post=44"}],"curies":[{"name":"wp","href":"https:\/\/api.w.org\/{rel}","templated":true}]}}