{"id":302,"date":"2014-10-08T16:30:38","date_gmt":"2014-10-08T13:30:38","guid":{"rendered":"https:\/\/blogit.gradia.fi\/visu\/?p=302"},"modified":"2014-10-08T16:30:38","modified_gmt":"2014-10-08T13:30:38","slug":"markkinointiviestintaa","status":"publish","type":"post","link":"https:\/\/blogit.gradia.fi\/visu\/2014\/10\/08\/markkinointiviestintaa\/","title":{"rendered":"Markkinointiviestint\u00e4\u00e4"},"content":{"rendered":"<p>Markkinointiviestinn\u00e4n kurssi on k\u00e4ynnistynyt rytin\u00e4ll\u00e4 ja opiskelijat ty\u00f6skentelev\u00e4t omien projektiensa kimpuissa.<\/p>\n<p>&nbsp;<\/p>\n<p>Yritysyhteisty\u00f6kuvioita viriteltiin ja me opettajat etsimme muutamia yrityksi\u00e4 yhteisty\u00f6kumppaneiksi markkinointiviestinn\u00e4n kursseille. L\u00e4ht\u00f6kohtana oli, ett\u00e4 kuviteltujen yritysten sijaan opiskelijamme suunnittelisivat ja osallistuisivat osaltaan yritysten markkinointiviestinn\u00e4n toimenpiteisiin sen sijaan, ett\u00e4 niit\u00e4 teht\u00e4isiin kuvitteellisille yrityksille.<\/p>\n<p>&nbsp;<\/p>\n<p>Saimme hienosti mukaan seuraavat yhteisty\u00f6kumppanit<\/p>\n<ul>\n<li>Jyv\u00e4skyl\u00e4n kaupunginteatterin <a href=\"http:\/\/www.jyvaskyla.fi\/kaupunginteatteri\/ohjelmisto\/niskavuorennaiset\" target=\"_blank\"><strong>Niskavuoren naiset<\/strong> <\/a>esitys<\/li>\n<li><a href=\"http:\/\/www.jyskanvarastomyymala.fi\/\" target=\"_blank\">Jysk\u00e4n Varastomyym\u00e4l\u00e4<\/a><\/li>\n<li><a href=\"https:\/\/fi-fi.facebook.com\/naistenpankki.jyvaskyla\" target=\"_blank\">Naisten Pankki<\/a><\/li>\n<li><a href=\"http:\/\/www.huoltokukko.fi\/\" target=\"_blank\">Huoltokukko<\/a><\/li>\n<\/ul>\n<p>Kiitos kaikille mukaan l\u00e4htij\u00f6ille!<\/p>\n<p>N\u00e4iden parissa painiskellaankin sitten alkusyksy \ud83d\ude42<\/p>\n<p>&nbsp;<\/p>\n","protected":false},"excerpt":{"rendered":"<p>Markkinointiviestinn\u00e4n kurssi on k\u00e4ynnistynyt rytin\u00e4ll\u00e4 ja opiskelijat ty\u00f6skentelev\u00e4t omien projektiensa kimpuissa. &nbsp; Yritysyhteisty\u00f6kuvioita viriteltiin ja me opettajat etsimme muutamia yrityksi\u00e4 yhteisty\u00f6kumppaneiksi markkinointiviestinn\u00e4n kursseille. L\u00e4ht\u00f6kohtana oli, ett\u00e4 kuviteltujen yritysten sijaan opiskelijamme suunnittelisivat ja osallistuisivat osaltaan yritysten markkinointiviestinn\u00e4n toimenpiteisiin sen sijaan, ett\u00e4 niit\u00e4 teht\u00e4isiin kuvitteellisille yrityksille. &nbsp; Saimme hienosti mukaan seuraavat yhteisty\u00f6kumppanit Jyv\u00e4skyl\u00e4n kaupunginteatterin Niskavuoren naiset esitys [&hellip;]<\/p>\n","protected":false},"author":165,"featured_media":0,"comment_status":"open","ping_status":"open","sticky":false,"template":"","format":"standard","meta":{"_uag_custom_page_level_css":"","footnotes":""},"categories":[41],"tags":[],"class_list":["post-302","post","type-post","status-publish","format-standard","hentry","category-mavi"],"yoast_head":"<!-- This site is optimized with the Yoast SEO plugin v27.5 - https:\/\/yoast.com\/product\/yoast-seo-wordpress\/ -->\n<title>Markkinointiviestint\u00e4\u00e4 - AMMATTILAISEKSI TY\u00d6SS\u00c4OPPIEN<\/title>\n<meta name=\"robots\" content=\"index, follow, max-snippet:-1, max-image-preview:large, max-video-preview:-1\" \/>\n<link rel=\"canonical\" href=\"https:\/\/blogit.gradia.fi\/visu\/2014\/10\/08\/markkinointiviestintaa\/\" \/>\n<meta property=\"og:locale\" content=\"fi_FI\" \/>\n<meta property=\"og:type\" content=\"article\" \/>\n<meta property=\"og:title\" content=\"Markkinointiviestint\u00e4\u00e4 - AMMATTILAISEKSI TY\u00d6SS\u00c4OPPIEN\" \/>\n<meta property=\"og:description\" content=\"Markkinointiviestinn\u00e4n kurssi on k\u00e4ynnistynyt rytin\u00e4ll\u00e4 ja opiskelijat ty\u00f6skentelev\u00e4t omien projektiensa kimpuissa. &nbsp; Yritysyhteisty\u00f6kuvioita viriteltiin ja me opettajat etsimme muutamia yrityksi\u00e4 yhteisty\u00f6kumppaneiksi markkinointiviestinn\u00e4n kursseille. L\u00e4ht\u00f6kohtana oli, ett\u00e4 kuviteltujen yritysten sijaan opiskelijamme suunnittelisivat ja osallistuisivat osaltaan yritysten markkinointiviestinn\u00e4n toimenpiteisiin sen sijaan, ett\u00e4 niit\u00e4 teht\u00e4isiin kuvitteellisille yrityksille. &nbsp; Saimme hienosti mukaan seuraavat yhteisty\u00f6kumppanit Jyv\u00e4skyl\u00e4n kaupunginteatterin Niskavuoren naiset esitys [&hellip;]\" \/>\n<meta property=\"og:url\" content=\"https:\/\/blogit.gradia.fi\/visu\/2014\/10\/08\/markkinointiviestintaa\/\" \/>\n<meta property=\"og:site_name\" content=\"AMMATTILAISEKSI TY\u00d6SS\u00c4OPPIEN\" \/>\n<meta property=\"article:published_time\" content=\"2014-10-08T13:30:38+00:00\" \/>\n<meta name=\"author\" content=\"Heini Pennanen\" \/>\n<meta name=\"twitter:card\" content=\"summary_large_image\" \/>\n<meta name=\"twitter:label1\" content=\"Kirjoittanut\" \/>\n\t<meta name=\"twitter:data1\" content=\"Heini Pennanen\" \/>\n<script type=\"application\/ld+json\" class=\"yoast-schema-graph\">{\"@context\":\"https:\\\/\\\/schema.org\",\"@graph\":[{\"@type\":\"Article\",\"@id\":\"https:\\\/\\\/blogit.gradia.fi\\\/visu\\\/2014\\\/10\\\/08\\\/markkinointiviestintaa\\\/#article\",\"isPartOf\":{\"@id\":\"https:\\\/\\\/blogit.gradia.fi\\\/visu\\\/2014\\\/10\\\/08\\\/markkinointiviestintaa\\\/\"},\"author\":{\"name\":\"Heini Pennanen\",\"@id\":\"https:\\\/\\\/blogit.gradia.fi\\\/visu\\\/#\\\/schema\\\/person\\\/d0b1cfd74c104683772b3edeac4e49ee\"},\"headline\":\"Markkinointiviestint\u00e4\u00e4\",\"datePublished\":\"2014-10-08T13:30:38+00:00\",\"mainEntityOfPage\":{\"@id\":\"https:\\\/\\\/blogit.gradia.fi\\\/visu\\\/2014\\\/10\\\/08\\\/markkinointiviestintaa\\\/\"},\"wordCount\":91,\"commentCount\":0,\"articleSection\":[\"mavi\"],\"inLanguage\":\"fi\",\"potentialAction\":[{\"@type\":\"CommentAction\",\"name\":\"Comment\",\"target\":[\"https:\\\/\\\/blogit.gradia.fi\\\/visu\\\/2014\\\/10\\\/08\\\/markkinointiviestintaa\\\/#respond\"]}]},{\"@type\":\"WebPage\",\"@id\":\"https:\\\/\\\/blogit.gradia.fi\\\/visu\\\/2014\\\/10\\\/08\\\/markkinointiviestintaa\\\/\",\"url\":\"https:\\\/\\\/blogit.gradia.fi\\\/visu\\\/2014\\\/10\\\/08\\\/markkinointiviestintaa\\\/\",\"name\":\"Markkinointiviestint\u00e4\u00e4 - AMMATTILAISEKSI TY\u00d6SS\u00c4OPPIEN\",\"isPartOf\":{\"@id\":\"https:\\\/\\\/blogit.gradia.fi\\\/visu\\\/#website\"},\"datePublished\":\"2014-10-08T13:30:38+00:00\",\"author\":{\"@id\":\"https:\\\/\\\/blogit.gradia.fi\\\/visu\\\/#\\\/schema\\\/person\\\/d0b1cfd74c104683772b3edeac4e49ee\"},\"inLanguage\":\"fi\",\"potentialAction\":[{\"@type\":\"ReadAction\",\"target\":[\"https:\\\/\\\/blogit.gradia.fi\\\/visu\\\/2014\\\/10\\\/08\\\/markkinointiviestintaa\\\/\"]}]},{\"@type\":\"WebSite\",\"@id\":\"https:\\\/\\\/blogit.gradia.fi\\\/visu\\\/#website\",\"url\":\"https:\\\/\\\/blogit.gradia.fi\\\/visu\\\/\",\"name\":\"AMMATTILAISEKSI TY\u00d6SS\u00c4OPPIEN\",\"description\":\"Sivusto, joka kertoo Jyv\u00e4skyl\u00e4n ammattiopiston vuonna 2012 aloittaneen ty\u00f6ss\u00e4oppimispainotteisen luokan opintojen etenemisest\u00e4.\",\"potentialAction\":[{\"@type\":\"SearchAction\",\"target\":{\"@type\":\"EntryPoint\",\"urlTemplate\":\"https:\\\/\\\/blogit.gradia.fi\\\/visu\\\/?s={search_term_string}\"},\"query-input\":{\"@type\":\"PropertyValueSpecification\",\"valueRequired\":true,\"valueName\":\"search_term_string\"}}],\"inLanguage\":\"fi\"},{\"@type\":\"Person\",\"@id\":\"https:\\\/\\\/blogit.gradia.fi\\\/visu\\\/#\\\/schema\\\/person\\\/d0b1cfd74c104683772b3edeac4e49ee\",\"name\":\"Heini Pennanen\",\"image\":{\"@type\":\"ImageObject\",\"inLanguage\":\"fi\",\"@id\":\"https:\\\/\\\/secure.gravatar.com\\\/avatar\\\/3df99d3b29e3db1417790cce1fb1d33fa9a76bb7f8318326848fa7c14b5a086a?s=96&d=mm&r=g\",\"url\":\"https:\\\/\\\/secure.gravatar.com\\\/avatar\\\/3df99d3b29e3db1417790cce1fb1d33fa9a76bb7f8318326848fa7c14b5a086a?s=96&d=mm&r=g\",\"contentUrl\":\"https:\\\/\\\/secure.gravatar.com\\\/avatar\\\/3df99d3b29e3db1417790cce1fb1d33fa9a76bb7f8318326848fa7c14b5a086a?s=96&d=mm&r=g\",\"caption\":\"Heini Pennanen\"},\"url\":\"https:\\\/\\\/blogit.gradia.fi\\\/visu\\\/author\\\/pennahei\\\/\"}]}<\/script>\n<!-- \/ Yoast SEO plugin. -->","yoast_head_json":{"title":"Markkinointiviestint\u00e4\u00e4 - AMMATTILAISEKSI TY\u00d6SS\u00c4OPPIEN","robots":{"index":"index","follow":"follow","max-snippet":"max-snippet:-1","max-image-preview":"max-image-preview:large","max-video-preview":"max-video-preview:-1"},"canonical":"https:\/\/blogit.gradia.fi\/visu\/2014\/10\/08\/markkinointiviestintaa\/","og_locale":"fi_FI","og_type":"article","og_title":"Markkinointiviestint\u00e4\u00e4 - AMMATTILAISEKSI TY\u00d6SS\u00c4OPPIEN","og_description":"Markkinointiviestinn\u00e4n kurssi on k\u00e4ynnistynyt rytin\u00e4ll\u00e4 ja opiskelijat ty\u00f6skentelev\u00e4t omien projektiensa kimpuissa. &nbsp; Yritysyhteisty\u00f6kuvioita viriteltiin ja me opettajat etsimme muutamia yrityksi\u00e4 yhteisty\u00f6kumppaneiksi markkinointiviestinn\u00e4n kursseille. L\u00e4ht\u00f6kohtana oli, ett\u00e4 kuviteltujen yritysten sijaan opiskelijamme suunnittelisivat ja osallistuisivat osaltaan yritysten markkinointiviestinn\u00e4n toimenpiteisiin sen sijaan, ett\u00e4 niit\u00e4 teht\u00e4isiin kuvitteellisille yrityksille. &nbsp; Saimme hienosti mukaan seuraavat yhteisty\u00f6kumppanit Jyv\u00e4skyl\u00e4n kaupunginteatterin Niskavuoren naiset esitys [&hellip;]","og_url":"https:\/\/blogit.gradia.fi\/visu\/2014\/10\/08\/markkinointiviestintaa\/","og_site_name":"AMMATTILAISEKSI TY\u00d6SS\u00c4OPPIEN","article_published_time":"2014-10-08T13:30:38+00:00","author":"Heini Pennanen","twitter_card":"summary_large_image","twitter_misc":{"Kirjoittanut":"Heini Pennanen"},"schema":{"@context":"https:\/\/schema.org","@graph":[{"@type":"Article","@id":"https:\/\/blogit.gradia.fi\/visu\/2014\/10\/08\/markkinointiviestintaa\/#article","isPartOf":{"@id":"https:\/\/blogit.gradia.fi\/visu\/2014\/10\/08\/markkinointiviestintaa\/"},"author":{"name":"Heini Pennanen","@id":"https:\/\/blogit.gradia.fi\/visu\/#\/schema\/person\/d0b1cfd74c104683772b3edeac4e49ee"},"headline":"Markkinointiviestint\u00e4\u00e4","datePublished":"2014-10-08T13:30:38+00:00","mainEntityOfPage":{"@id":"https:\/\/blogit.gradia.fi\/visu\/2014\/10\/08\/markkinointiviestintaa\/"},"wordCount":91,"commentCount":0,"articleSection":["mavi"],"inLanguage":"fi","potentialAction":[{"@type":"CommentAction","name":"Comment","target":["https:\/\/blogit.gradia.fi\/visu\/2014\/10\/08\/markkinointiviestintaa\/#respond"]}]},{"@type":"WebPage","@id":"https:\/\/blogit.gradia.fi\/visu\/2014\/10\/08\/markkinointiviestintaa\/","url":"https:\/\/blogit.gradia.fi\/visu\/2014\/10\/08\/markkinointiviestintaa\/","name":"Markkinointiviestint\u00e4\u00e4 - AMMATTILAISEKSI TY\u00d6SS\u00c4OPPIEN","isPartOf":{"@id":"https:\/\/blogit.gradia.fi\/visu\/#website"},"datePublished":"2014-10-08T13:30:38+00:00","author":{"@id":"https:\/\/blogit.gradia.fi\/visu\/#\/schema\/person\/d0b1cfd74c104683772b3edeac4e49ee"},"inLanguage":"fi","potentialAction":[{"@type":"ReadAction","target":["https:\/\/blogit.gradia.fi\/visu\/2014\/10\/08\/markkinointiviestintaa\/"]}]},{"@type":"WebSite","@id":"https:\/\/blogit.gradia.fi\/visu\/#website","url":"https:\/\/blogit.gradia.fi\/visu\/","name":"AMMATTILAISEKSI TY\u00d6SS\u00c4OPPIEN","description":"Sivusto, joka kertoo Jyv\u00e4skyl\u00e4n ammattiopiston vuonna 2012 aloittaneen ty\u00f6ss\u00e4oppimispainotteisen luokan opintojen etenemisest\u00e4.","potentialAction":[{"@type":"SearchAction","target":{"@type":"EntryPoint","urlTemplate":"https:\/\/blogit.gradia.fi\/visu\/?s={search_term_string}"},"query-input":{"@type":"PropertyValueSpecification","valueRequired":true,"valueName":"search_term_string"}}],"inLanguage":"fi"},{"@type":"Person","@id":"https:\/\/blogit.gradia.fi\/visu\/#\/schema\/person\/d0b1cfd74c104683772b3edeac4e49ee","name":"Heini Pennanen","image":{"@type":"ImageObject","inLanguage":"fi","@id":"https:\/\/secure.gravatar.com\/avatar\/3df99d3b29e3db1417790cce1fb1d33fa9a76bb7f8318326848fa7c14b5a086a?s=96&d=mm&r=g","url":"https:\/\/secure.gravatar.com\/avatar\/3df99d3b29e3db1417790cce1fb1d33fa9a76bb7f8318326848fa7c14b5a086a?s=96&d=mm&r=g","contentUrl":"https:\/\/secure.gravatar.com\/avatar\/3df99d3b29e3db1417790cce1fb1d33fa9a76bb7f8318326848fa7c14b5a086a?s=96&d=mm&r=g","caption":"Heini Pennanen"},"url":"https:\/\/blogit.gradia.fi\/visu\/author\/pennahei\/"}]}},"uagb_featured_image_src":{"full":false,"thumbnail":false,"medium":false,"medium_large":false,"large":false,"1536x1536":false,"2048x2048":false,"post-thumbnail":false},"uagb_author_info":{"display_name":"Heini Pennanen","author_link":"https:\/\/blogit.gradia.fi\/visu\/author\/pennahei\/"},"uagb_comment_info":0,"uagb_excerpt":"Markkinointiviestinn\u00e4n kurssi on k\u00e4ynnistynyt rytin\u00e4ll\u00e4 ja opiskelijat ty\u00f6skentelev\u00e4t omien projektiensa kimpuissa. &nbsp; Yritysyhteisty\u00f6kuvioita viriteltiin ja me opettajat etsimme muutamia yrityksi\u00e4 yhteisty\u00f6kumppaneiksi markkinointiviestinn\u00e4n kursseille. L\u00e4ht\u00f6kohtana oli, ett\u00e4 kuviteltujen yritysten sijaan opiskelijamme suunnittelisivat ja osallistuisivat osaltaan yritysten markkinointiviestinn\u00e4n toimenpiteisiin sen sijaan, ett\u00e4 niit\u00e4 teht\u00e4isiin kuvitteellisille yrityksille. &nbsp; Saimme hienosti mukaan seuraavat yhteisty\u00f6kumppanit Jyv\u00e4skyl\u00e4n kaupunginteatterin Niskavuoren naiset esitys&hellip;","_links":{"self":[{"href":"https:\/\/blogit.gradia.fi\/visu\/wp-json\/wp\/v2\/posts\/302","targetHints":{"allow":["GET"]}}],"collection":[{"href":"https:\/\/blogit.gradia.fi\/visu\/wp-json\/wp\/v2\/posts"}],"about":[{"href":"https:\/\/blogit.gradia.fi\/visu\/wp-json\/wp\/v2\/types\/post"}],"author":[{"embeddable":true,"href":"https:\/\/blogit.gradia.fi\/visu\/wp-json\/wp\/v2\/users\/165"}],"replies":[{"embeddable":true,"href":"https:\/\/blogit.gradia.fi\/visu\/wp-json\/wp\/v2\/comments?post=302"}],"version-history":[{"count":0,"href":"https:\/\/blogit.gradia.fi\/visu\/wp-json\/wp\/v2\/posts\/302\/revisions"}],"wp:attachment":[{"href":"https:\/\/blogit.gradia.fi\/visu\/wp-json\/wp\/v2\/media?parent=302"}],"wp:term":[{"taxonomy":"category","embeddable":true,"href":"https:\/\/blogit.gradia.fi\/visu\/wp-json\/wp\/v2\/categories?post=302"},{"taxonomy":"post_tag","embeddable":true,"href":"https:\/\/blogit.gradia.fi\/visu\/wp-json\/wp\/v2\/tags?post=302"}],"curies":[{"name":"wp","href":"https:\/\/api.w.org\/{rel}","templated":true}]}}