{"id":29,"date":"2013-05-13T14:34:15","date_gmt":"2013-05-13T11:34:15","guid":{"rendered":"https:\/\/blogit.gradia.fi\/visu\/?p=29"},"modified":"2013-08-07T23:13:58","modified_gmt":"2013-08-07T20:13:58","slug":"2-top-tehtava","status":"publish","type":"post","link":"https:\/\/blogit.gradia.fi\/visu\/2013\/05\/13\/2-top-tehtava\/","title":{"rendered":"2. Visun TOP -teht\u00e4v\u00e4"},"content":{"rendered":"<p>Ensi viikon teht\u00e4v\u00e4 on selvitt\u00e4\u00e4:<\/p>\n<p>1. Miten ty\u00f6paikallasi k\u00e4ytet\u00e4\u00e4n mainostekstausta?<\/p>\n<p>2. Moniko esim. 10 ty\u00f6ntekij\u00e4st\u00e4 osaa tekstata?<\/p>\n","protected":false},"excerpt":{"rendered":"<p>Ensi viikon teht\u00e4v\u00e4 on selvitt\u00e4\u00e4: 1. Miten ty\u00f6paikallasi k\u00e4ytet\u00e4\u00e4n mainostekstausta? 2. Moniko esim. 10 ty\u00f6ntekij\u00e4st\u00e4 osaa tekstata?<\/p>\n","protected":false},"author":34,"featured_media":0,"comment_status":"open","ping_status":"open","sticky":false,"template":"","format":"standard","meta":{"_uag_custom_page_level_css":"","footnotes":""},"categories":[2],"tags":[],"class_list":["post-29","post","type-post","status-publish","format-standard","hentry","category-visu"],"yoast_head":"<!-- This site is optimized with the Yoast SEO plugin v27.5 - https:\/\/yoast.com\/product\/yoast-seo-wordpress\/ -->\n<title>2. Visun TOP -teht\u00e4v\u00e4 - AMMATTILAISEKSI TY\u00d6SS\u00c4OPPIEN<\/title>\n<meta name=\"robots\" content=\"index, follow, max-snippet:-1, max-image-preview:large, max-video-preview:-1\" \/>\n<link rel=\"canonical\" href=\"https:\/\/blogit.gradia.fi\/visu\/2013\/05\/13\/2-top-tehtava\/\" \/>\n<meta property=\"og:locale\" content=\"fi_FI\" \/>\n<meta property=\"og:type\" content=\"article\" \/>\n<meta property=\"og:title\" content=\"2. Visun TOP -teht\u00e4v\u00e4 - AMMATTILAISEKSI TY\u00d6SS\u00c4OPPIEN\" \/>\n<meta property=\"og:description\" content=\"Ensi viikon teht\u00e4v\u00e4 on selvitt\u00e4\u00e4: 1. Miten ty\u00f6paikallasi k\u00e4ytet\u00e4\u00e4n mainostekstausta? 2. Moniko esim. 10 ty\u00f6ntekij\u00e4st\u00e4 osaa tekstata?\" \/>\n<meta property=\"og:url\" content=\"https:\/\/blogit.gradia.fi\/visu\/2013\/05\/13\/2-top-tehtava\/\" \/>\n<meta property=\"og:site_name\" content=\"AMMATTILAISEKSI TY\u00d6SS\u00c4OPPIEN\" \/>\n<meta property=\"article:published_time\" content=\"2013-05-13T11:34:15+00:00\" \/>\n<meta property=\"article:modified_time\" content=\"2013-08-07T20:13:58+00:00\" \/>\n<meta name=\"twitter:card\" content=\"summary_large_image\" \/>\n<meta name=\"twitter:label1\" content=\"Kirjoittanut\" \/>\n\t<meta name=\"twitter:data1\" content=\"\" \/>\n<script type=\"application\/ld+json\" class=\"yoast-schema-graph\">{\"@context\":\"https:\\\/\\\/schema.org\",\"@graph\":[{\"@type\":\"Article\",\"@id\":\"https:\\\/\\\/blogit.gradia.fi\\\/visu\\\/2013\\\/05\\\/13\\\/2-top-tehtava\\\/#article\",\"isPartOf\":{\"@id\":\"https:\\\/\\\/blogit.gradia.fi\\\/visu\\\/2013\\\/05\\\/13\\\/2-top-tehtava\\\/\"},\"author\":{\"name\":\"\",\"@id\":\"\"},\"headline\":\"2. Visun TOP -teht\u00e4v\u00e4\",\"datePublished\":\"2013-05-13T11:34:15+00:00\",\"dateModified\":\"2013-08-07T20:13:58+00:00\",\"mainEntityOfPage\":{\"@id\":\"https:\\\/\\\/blogit.gradia.fi\\\/visu\\\/2013\\\/05\\\/13\\\/2-top-tehtava\\\/\"},\"wordCount\":24,\"commentCount\":0,\"articleSection\":[\"Visuaalinen myyntity\u00f6\"],\"inLanguage\":\"fi\",\"potentialAction\":[{\"@type\":\"CommentAction\",\"name\":\"Comment\",\"target\":[\"https:\\\/\\\/blogit.gradia.fi\\\/visu\\\/2013\\\/05\\\/13\\\/2-top-tehtava\\\/#respond\"]}]},{\"@type\":\"WebPage\",\"@id\":\"https:\\\/\\\/blogit.gradia.fi\\\/visu\\\/2013\\\/05\\\/13\\\/2-top-tehtava\\\/\",\"url\":\"https:\\\/\\\/blogit.gradia.fi\\\/visu\\\/2013\\\/05\\\/13\\\/2-top-tehtava\\\/\",\"name\":\"2. Visun TOP -teht\u00e4v\u00e4 - AMMATTILAISEKSI TY\u00d6SS\u00c4OPPIEN\",\"isPartOf\":{\"@id\":\"https:\\\/\\\/blogit.gradia.fi\\\/visu\\\/#website\"},\"datePublished\":\"2013-05-13T11:34:15+00:00\",\"dateModified\":\"2013-08-07T20:13:58+00:00\",\"author\":{\"@id\":\"\"},\"inLanguage\":\"fi\",\"potentialAction\":[{\"@type\":\"ReadAction\",\"target\":[\"https:\\\/\\\/blogit.gradia.fi\\\/visu\\\/2013\\\/05\\\/13\\\/2-top-tehtava\\\/\"]}]},{\"@type\":\"WebSite\",\"@id\":\"https:\\\/\\\/blogit.gradia.fi\\\/visu\\\/#website\",\"url\":\"https:\\\/\\\/blogit.gradia.fi\\\/visu\\\/\",\"name\":\"AMMATTILAISEKSI TY\u00d6SS\u00c4OPPIEN\",\"description\":\"Sivusto, joka kertoo Jyv\u00e4skyl\u00e4n ammattiopiston vuonna 2012 aloittaneen ty\u00f6ss\u00e4oppimispainotteisen luokan opintojen etenemisest\u00e4.\",\"potentialAction\":[{\"@type\":\"SearchAction\",\"target\":{\"@type\":\"EntryPoint\",\"urlTemplate\":\"https:\\\/\\\/blogit.gradia.fi\\\/visu\\\/?s={search_term_string}\"},\"query-input\":{\"@type\":\"PropertyValueSpecification\",\"valueRequired\":true,\"valueName\":\"search_term_string\"}}],\"inLanguage\":\"fi\"},{\"@type\":\"Person\",\"@id\":\"\",\"url\":\"https:\\\/\\\/blogit.gradia.fi\\\/visu\\\/author\\\/\"}]}<\/script>\n<!-- \/ Yoast SEO plugin. -->","yoast_head_json":{"title":"2. Visun TOP -teht\u00e4v\u00e4 - AMMATTILAISEKSI TY\u00d6SS\u00c4OPPIEN","robots":{"index":"index","follow":"follow","max-snippet":"max-snippet:-1","max-image-preview":"max-image-preview:large","max-video-preview":"max-video-preview:-1"},"canonical":"https:\/\/blogit.gradia.fi\/visu\/2013\/05\/13\/2-top-tehtava\/","og_locale":"fi_FI","og_type":"article","og_title":"2. Visun TOP -teht\u00e4v\u00e4 - AMMATTILAISEKSI TY\u00d6SS\u00c4OPPIEN","og_description":"Ensi viikon teht\u00e4v\u00e4 on selvitt\u00e4\u00e4: 1. Miten ty\u00f6paikallasi k\u00e4ytet\u00e4\u00e4n mainostekstausta? 2. Moniko esim. 10 ty\u00f6ntekij\u00e4st\u00e4 osaa tekstata?","og_url":"https:\/\/blogit.gradia.fi\/visu\/2013\/05\/13\/2-top-tehtava\/","og_site_name":"AMMATTILAISEKSI TY\u00d6SS\u00c4OPPIEN","article_published_time":"2013-05-13T11:34:15+00:00","article_modified_time":"2013-08-07T20:13:58+00:00","twitter_card":"summary_large_image","twitter_misc":{"Kirjoittanut":""},"schema":{"@context":"https:\/\/schema.org","@graph":[{"@type":"Article","@id":"https:\/\/blogit.gradia.fi\/visu\/2013\/05\/13\/2-top-tehtava\/#article","isPartOf":{"@id":"https:\/\/blogit.gradia.fi\/visu\/2013\/05\/13\/2-top-tehtava\/"},"author":{"name":"","@id":""},"headline":"2. Visun TOP -teht\u00e4v\u00e4","datePublished":"2013-05-13T11:34:15+00:00","dateModified":"2013-08-07T20:13:58+00:00","mainEntityOfPage":{"@id":"https:\/\/blogit.gradia.fi\/visu\/2013\/05\/13\/2-top-tehtava\/"},"wordCount":24,"commentCount":0,"articleSection":["Visuaalinen myyntity\u00f6"],"inLanguage":"fi","potentialAction":[{"@type":"CommentAction","name":"Comment","target":["https:\/\/blogit.gradia.fi\/visu\/2013\/05\/13\/2-top-tehtava\/#respond"]}]},{"@type":"WebPage","@id":"https:\/\/blogit.gradia.fi\/visu\/2013\/05\/13\/2-top-tehtava\/","url":"https:\/\/blogit.gradia.fi\/visu\/2013\/05\/13\/2-top-tehtava\/","name":"2. Visun TOP -teht\u00e4v\u00e4 - AMMATTILAISEKSI TY\u00d6SS\u00c4OPPIEN","isPartOf":{"@id":"https:\/\/blogit.gradia.fi\/visu\/#website"},"datePublished":"2013-05-13T11:34:15+00:00","dateModified":"2013-08-07T20:13:58+00:00","author":{"@id":""},"inLanguage":"fi","potentialAction":[{"@type":"ReadAction","target":["https:\/\/blogit.gradia.fi\/visu\/2013\/05\/13\/2-top-tehtava\/"]}]},{"@type":"WebSite","@id":"https:\/\/blogit.gradia.fi\/visu\/#website","url":"https:\/\/blogit.gradia.fi\/visu\/","name":"AMMATTILAISEKSI TY\u00d6SS\u00c4OPPIEN","description":"Sivusto, joka kertoo Jyv\u00e4skyl\u00e4n ammattiopiston vuonna 2012 aloittaneen ty\u00f6ss\u00e4oppimispainotteisen luokan opintojen etenemisest\u00e4.","potentialAction":[{"@type":"SearchAction","target":{"@type":"EntryPoint","urlTemplate":"https:\/\/blogit.gradia.fi\/visu\/?s={search_term_string}"},"query-input":{"@type":"PropertyValueSpecification","valueRequired":true,"valueName":"search_term_string"}}],"inLanguage":"fi"},{"@type":"Person","@id":"","url":"https:\/\/blogit.gradia.fi\/visu\/author\/"}]}},"uagb_featured_image_src":{"full":false,"thumbnail":false,"medium":false,"medium_large":false,"large":false,"1536x1536":false,"2048x2048":false,"post-thumbnail":false},"uagb_author_info":{"display_name":"","author_link":"https:\/\/blogit.gradia.fi\/visu\/author\/"},"uagb_comment_info":6,"uagb_excerpt":"Ensi viikon teht\u00e4v\u00e4 on selvitt\u00e4\u00e4: 1. Miten ty\u00f6paikallasi k\u00e4ytet\u00e4\u00e4n mainostekstausta? 2. Moniko esim. 10 ty\u00f6ntekij\u00e4st\u00e4 osaa tekstata?","_links":{"self":[{"href":"https:\/\/blogit.gradia.fi\/visu\/wp-json\/wp\/v2\/posts\/29","targetHints":{"allow":["GET"]}}],"collection":[{"href":"https:\/\/blogit.gradia.fi\/visu\/wp-json\/wp\/v2\/posts"}],"about":[{"href":"https:\/\/blogit.gradia.fi\/visu\/wp-json\/wp\/v2\/types\/post"}],"author":[{"embeddable":true,"href":"https:\/\/blogit.gradia.fi\/visu\/wp-json\/wp\/v2\/users\/34"}],"replies":[{"embeddable":true,"href":"https:\/\/blogit.gradia.fi\/visu\/wp-json\/wp\/v2\/comments?post=29"}],"version-history":[{"count":0,"href":"https:\/\/blogit.gradia.fi\/visu\/wp-json\/wp\/v2\/posts\/29\/revisions"}],"wp:attachment":[{"href":"https:\/\/blogit.gradia.fi\/visu\/wp-json\/wp\/v2\/media?parent=29"}],"wp:term":[{"taxonomy":"category","embeddable":true,"href":"https:\/\/blogit.gradia.fi\/visu\/wp-json\/wp\/v2\/categories?post=29"},{"taxonomy":"post_tag","embeddable":true,"href":"https:\/\/blogit.gradia.fi\/visu\/wp-json\/wp\/v2\/tags?post=29"}],"curies":[{"name":"wp","href":"https:\/\/api.w.org\/{rel}","templated":true}]}}