{"id":265,"date":"2014-08-06T09:57:02","date_gmt":"2014-08-06T06:57:02","guid":{"rendered":"https:\/\/blogit.gradia.fi\/visu\/?p=265"},"modified":"2014-08-06T09:59:51","modified_gmt":"2014-08-06T06:59:51","slug":"lukuvuosi-2014-2015","status":"publish","type":"post","link":"https:\/\/blogit.gradia.fi\/visu\/2014\/08\/06\/lukuvuosi-2014-2015\/","title":{"rendered":"Lukuvuosi 2014-2015"},"content":{"rendered":"<p><strong>Tervetuloa takaisin kouluun!<\/strong><\/p>\n<p>Toivottavasti lomasi on ollut rentouttava ja olet valmis uusiin haasteisiin ja toimintaan mukavassa porukassamme. Me ainakin, Heini ja Hennis, olemme odottaneet jo p\u00e4\u00e4sev\u00e4mme uusiin kuvioihin teid\u00e4n kanssanne. T\u00e4ss\u00e4 muutamia lukuvuotta koskevia juttuja teille tiedoksi.<\/p>\n<p><a href=\"https:\/\/blogit.gradia.fi\/topmerkonomi\/wp-content\/uploads\/sites\/96\/2014\/08\/Kes\u00e4puu.jpg\"><img loading=\"lazy\" decoding=\"async\" alt=\"Kes\u00e4puu\" src=\"https:\/\/blogit.gradia.fi\/topmerkonomi\/wp-content\/uploads\/sites\/96\/2014\/08\/Kes\u00e4puu.jpg\" width=\"500\" height=\"316\" \/><\/a><\/p>\n<p><strong>Lukuvuosi 2014-2015<\/strong><\/p>\n<p>Jakso 1\u00a0\u00a0 6.8.\u201322.9.2013<\/p>\n<p>Jakso 2\u00a0 23.9.\u201310.11.2013<\/p>\n<p>Jakso 3\u00a0 11.11.\u201321.12.2013<\/p>\n<p>Jakso 4\u00a0 2.1.\u201320.2.2014<\/p>\n<p>Jakso 5\u00a0 2.3.\u201315.4.2014<\/p>\n<p>Jakso 6\u00a0 16.4.\u201329.5.2014<\/p>\n<p>&nbsp;<\/p>\n<p><strong>Loma-ajat<\/strong><\/p>\n<ul>\n<li>Syysloma\u00a0 13.\u201317.10.2013<\/li>\n<li>Itsen\u00e4isyysp\u00e4iv\u00e4\u00a0\u00a0 6.12.2014<\/li>\n<li>Joululoma\u00a0 22.12.2014\u2013\u00a0 6.1.2015<\/li>\n<li>Loppiainen\u00a0\u00a0 Ti 6.1.2015<\/li>\n<li>Talviloma\u00a0\u00a0 23.\u201327.2.2015<\/li>\n<li>P\u00e4\u00e4si\u00e4inen\u00a0\u00a0 3.-6.4.2015<\/li>\n<li>Vappup\u00e4iv\u00e4\u00a0\u00a0 pe 1.5.2015<\/li>\n<li>Helatorstai\u00a0\u00a0 14.5.2014<\/li>\n<\/ul>\n<p>&nbsp;<\/p>\n<p><strong>Uusintatenttip\u00e4iv\u00e4t 2014-2015<\/strong><\/p>\n<p><strong>Tenttip\u00e4iv\u00e4<\/strong>\u00a0\u00a0\u00a0\u00a0\u00a0\u00a0\u00a0\u00a0\u00a0\u00a0\u00a0\u00a0\u00a0\u00a0\u00a0\u00a0\u00a0\u00a0\u00a0\u00a0\u00a0\u00a0\u00a0\u00a0\u00a0\u00a0\u00a0\u00a0\u00a0\u00a0\u00a0\u00a0\u00a0\u00a0\u00a0\u00a0\u00a0\u00a0\u00a0\u00a0\u00a0\u00a0\u00a0\u00a0\u00a0\u00a0\u00a0\u00a0\u00a0\u00a0\u00a0\u00a0\u00a0\u00a0 <strong>Viim. ilm<\/strong>.<\/p>\n<p>to 21.8.2014\u00a0\u00a0\u00a0\u00a0\u00a0\u00a0\u00a0\u00a0\u00a0\u00a0\u00a0\u00a0\u00a0\u00a0\u00a0\u00a0\u00a0\u00a0\u00a0\u00a0\u00a0\u00a0\u00a0\u00a0\u00a0\u00a0\u00a0\u00a0\u00a0\u00a0\u00a0\u00a0\u00a0\u00a0\u00a0\u00a0\u00a0\u00a0\u00a0\u00a0\u00a0\u00a0\u00a0\u00a0\u00a0\u00a0\u00a0\u00a0\u00a0\u00a0\u00a0\u00a0\u00a0\u00a0 to 7.8.2014<\/p>\n<p>to 9.10.2014\u00a0\u00a0\u00a0\u00a0\u00a0\u00a0\u00a0\u00a0\u00a0\u00a0\u00a0\u00a0\u00a0\u00a0\u00a0\u00a0\u00a0\u00a0\u00a0\u00a0\u00a0\u00a0\u00a0\u00a0\u00a0\u00a0\u00a0\u00a0\u00a0\u00a0\u00a0\u00a0\u00a0\u00a0\u00a0\u00a0\u00a0\u00a0\u00a0\u00a0\u00a0\u00a0\u00a0\u00a0\u00a0\u00a0\u00a0\u00a0\u00a0\u00a0\u00a0\u00a0\u00a0\u00a0 to 2.10.2014<\/p>\n<p>to 27.11.2014\u00a0\u00a0\u00a0\u00a0\u00a0\u00a0\u00a0\u00a0\u00a0\u00a0\u00a0\u00a0\u00a0\u00a0\u00a0\u00a0\u00a0\u00a0\u00a0\u00a0\u00a0\u00a0\u00a0\u00a0\u00a0\u00a0\u00a0\u00a0\u00a0\u00a0\u00a0\u00a0\u00a0\u00a0\u00a0\u00a0\u00a0\u00a0\u00a0\u00a0\u00a0\u00a0\u00a0\u00a0\u00a0\u00a0\u00a0\u00a0\u00a0\u00a0\u00a0\u00a0 to 20.11.2014<\/p>\n<p>to 22.1.2015\u00a0\u00a0\u00a0\u00a0\u00a0\u00a0\u00a0\u00a0\u00a0\u00a0\u00a0\u00a0\u00a0\u00a0\u00a0\u00a0\u00a0\u00a0\u00a0\u00a0\u00a0\u00a0\u00a0\u00a0\u00a0\u00a0\u00a0\u00a0\u00a0\u00a0\u00a0\u00a0\u00a0\u00a0\u00a0\u00a0\u00a0\u00a0\u00a0\u00a0\u00a0\u00a0\u00a0\u00a0\u00a0\u00a0\u00a0\u00a0\u00a0\u00a0\u00a0\u00a0\u00a0\u00a0 to 15.1.2015<\/p>\n<p>to 12.3.2015\u00a0\u00a0\u00a0\u00a0\u00a0\u00a0\u00a0\u00a0\u00a0\u00a0\u00a0\u00a0\u00a0\u00a0\u00a0\u00a0\u00a0\u00a0\u00a0\u00a0\u00a0\u00a0\u00a0\u00a0\u00a0\u00a0\u00a0\u00a0\u00a0\u00a0\u00a0\u00a0\u00a0\u00a0\u00a0\u00a0\u00a0\u00a0\u00a0\u00a0\u00a0\u00a0\u00a0\u00a0\u00a0\u00a0\u00a0\u00a0\u00a0\u00a0\u00a0\u00a0\u00a0\u00a0 to 5.3.2015<\/p>\n<p>ti 5.5.2015\u00a0\u00a0\u00a0\u00a0\u00a0\u00a0\u00a0\u00a0\u00a0\u00a0\u00a0\u00a0\u00a0\u00a0\u00a0\u00a0\u00a0\u00a0\u00a0\u00a0\u00a0\u00a0\u00a0\u00a0\u00a0\u00a0\u00a0\u00a0\u00a0\u00a0\u00a0\u00a0\u00a0\u00a0\u00a0\u00a0\u00a0\u00a0\u00a0\u00a0\u00a0\u00a0\u00a0\u00a0\u00a0\u00a0\u00a0\u00a0\u00a0\u00a0\u00a0\u00a0\u00a0\u00a0\u00a0\u00a0\u00a0\u00a0 ti 28.4.2015 (huom tiistai!)<\/p>\n<p>&nbsp;<\/p>\n<p><strong>Terveydenhoitaja<\/strong><\/p>\n<div>Terveydenhoitajan vastaanotto on Sep\u00e4nkadulla, asuntolan p\u00e4\u00e4dyss\u00e4.<\/div>\n<div>Puh. 014 266 7766, puhelinaika arkisin klo 12-13,<\/div>\n<p>Vastaanotto ilman ajanvarausta ma-pe klo 8-10<\/p>\n<p>&nbsp;<\/p>\n","protected":false},"excerpt":{"rendered":"<p>Tervetuloa takaisin kouluun! Toivottavasti lomasi on ollut rentouttava ja olet valmis uusiin haasteisiin ja toimintaan mukavassa porukassamme. Me ainakin, Heini ja Hennis, olemme odottaneet jo p\u00e4\u00e4sev\u00e4mme uusiin kuvioihin teid\u00e4n kanssanne. T\u00e4ss\u00e4 muutamia lukuvuotta koskevia juttuja teille tiedoksi. Lukuvuosi 2014-2015 Jakso 1\u00a0\u00a0 6.8.\u201322.9.2013 Jakso 2\u00a0 23.9.\u201310.11.2013 Jakso 3\u00a0 11.11.\u201321.12.2013 Jakso 4\u00a0 2.1.\u201320.2.2014 Jakso 5\u00a0 2.3.\u201315.4.2014 Jakso [&hellip;]<\/p>\n","protected":false},"author":165,"featured_media":0,"comment_status":"open","ping_status":"open","sticky":false,"template":"","format":"standard","meta":{"_uag_custom_page_level_css":"","footnotes":""},"categories":[1],"tags":[],"class_list":["post-265","post","type-post","status-publish","format-standard","hentry","category-yleinen"],"yoast_head":"<!-- This site is optimized with the Yoast SEO plugin v27.5 - https:\/\/yoast.com\/product\/yoast-seo-wordpress\/ -->\n<title>Lukuvuosi 2014-2015 - AMMATTILAISEKSI TY\u00d6SS\u00c4OPPIEN<\/title>\n<meta name=\"robots\" content=\"index, follow, max-snippet:-1, max-image-preview:large, max-video-preview:-1\" \/>\n<link rel=\"canonical\" href=\"https:\/\/blogit.gradia.fi\/visu\/2014\/08\/06\/lukuvuosi-2014-2015\/\" \/>\n<meta property=\"og:locale\" content=\"fi_FI\" \/>\n<meta property=\"og:type\" content=\"article\" \/>\n<meta property=\"og:title\" content=\"Lukuvuosi 2014-2015 - AMMATTILAISEKSI TY\u00d6SS\u00c4OPPIEN\" \/>\n<meta property=\"og:description\" content=\"Tervetuloa takaisin kouluun! Toivottavasti lomasi on ollut rentouttava ja olet valmis uusiin haasteisiin ja toimintaan mukavassa porukassamme. Me ainakin, Heini ja Hennis, olemme odottaneet jo p\u00e4\u00e4sev\u00e4mme uusiin kuvioihin teid\u00e4n kanssanne. T\u00e4ss\u00e4 muutamia lukuvuotta koskevia juttuja teille tiedoksi. Lukuvuosi 2014-2015 Jakso 1\u00a0\u00a0 6.8.\u201322.9.2013 Jakso 2\u00a0 23.9.\u201310.11.2013 Jakso 3\u00a0 11.11.\u201321.12.2013 Jakso 4\u00a0 2.1.\u201320.2.2014 Jakso 5\u00a0 2.3.\u201315.4.2014 Jakso [&hellip;]\" \/>\n<meta property=\"og:url\" content=\"https:\/\/blogit.gradia.fi\/visu\/2014\/08\/06\/lukuvuosi-2014-2015\/\" \/>\n<meta property=\"og:site_name\" content=\"AMMATTILAISEKSI TY\u00d6SS\u00c4OPPIEN\" \/>\n<meta property=\"article:published_time\" content=\"2014-08-06T06:57:02+00:00\" \/>\n<meta property=\"article:modified_time\" content=\"2014-08-06T06:59:51+00:00\" \/>\n<meta property=\"og:image\" content=\"https:\/\/blogit.gradia.fi\/topmerkonomi\/wp-content\/uploads\/sites\/96\/2014\/08\/Kes\u00e4puu.jpg\" \/>\n<meta name=\"author\" content=\"Heini Pennanen\" \/>\n<meta name=\"twitter:card\" content=\"summary_large_image\" \/>\n<meta name=\"twitter:label1\" content=\"Kirjoittanut\" \/>\n\t<meta name=\"twitter:data1\" content=\"Heini Pennanen\" \/>\n\t<meta name=\"twitter:label2\" content=\"Arvioitu lukuaika\" \/>\n\t<meta name=\"twitter:data2\" content=\"1 minuutti\" \/>\n<script type=\"application\/ld+json\" class=\"yoast-schema-graph\">{\"@context\":\"https:\\\/\\\/schema.org\",\"@graph\":[{\"@type\":\"Article\",\"@id\":\"https:\\\/\\\/blogit.gradia.fi\\\/visu\\\/2014\\\/08\\\/06\\\/lukuvuosi-2014-2015\\\/#article\",\"isPartOf\":{\"@id\":\"https:\\\/\\\/blogit.gradia.fi\\\/visu\\\/2014\\\/08\\\/06\\\/lukuvuosi-2014-2015\\\/\"},\"author\":{\"name\":\"Heini Pennanen\",\"@id\":\"https:\\\/\\\/blogit.gradia.fi\\\/visu\\\/#\\\/schema\\\/person\\\/d0b1cfd74c104683772b3edeac4e49ee\"},\"headline\":\"Lukuvuosi 2014-2015\",\"datePublished\":\"2014-08-06T06:57:02+00:00\",\"dateModified\":\"2014-08-06T06:59:51+00:00\",\"mainEntityOfPage\":{\"@id\":\"https:\\\/\\\/blogit.gradia.fi\\\/visu\\\/2014\\\/08\\\/06\\\/lukuvuosi-2014-2015\\\/\"},\"wordCount\":114,\"commentCount\":0,\"inLanguage\":\"fi\",\"potentialAction\":[{\"@type\":\"CommentAction\",\"name\":\"Comment\",\"target\":[\"https:\\\/\\\/blogit.gradia.fi\\\/visu\\\/2014\\\/08\\\/06\\\/lukuvuosi-2014-2015\\\/#respond\"]}]},{\"@type\":\"WebPage\",\"@id\":\"https:\\\/\\\/blogit.gradia.fi\\\/visu\\\/2014\\\/08\\\/06\\\/lukuvuosi-2014-2015\\\/\",\"url\":\"https:\\\/\\\/blogit.gradia.fi\\\/visu\\\/2014\\\/08\\\/06\\\/lukuvuosi-2014-2015\\\/\",\"name\":\"Lukuvuosi 2014-2015 - AMMATTILAISEKSI TY\u00d6SS\u00c4OPPIEN\",\"isPartOf\":{\"@id\":\"https:\\\/\\\/blogit.gradia.fi\\\/visu\\\/#website\"},\"datePublished\":\"2014-08-06T06:57:02+00:00\",\"dateModified\":\"2014-08-06T06:59:51+00:00\",\"author\":{\"@id\":\"https:\\\/\\\/blogit.gradia.fi\\\/visu\\\/#\\\/schema\\\/person\\\/d0b1cfd74c104683772b3edeac4e49ee\"},\"inLanguage\":\"fi\",\"potentialAction\":[{\"@type\":\"ReadAction\",\"target\":[\"https:\\\/\\\/blogit.gradia.fi\\\/visu\\\/2014\\\/08\\\/06\\\/lukuvuosi-2014-2015\\\/\"]}]},{\"@type\":\"WebSite\",\"@id\":\"https:\\\/\\\/blogit.gradia.fi\\\/visu\\\/#website\",\"url\":\"https:\\\/\\\/blogit.gradia.fi\\\/visu\\\/\",\"name\":\"AMMATTILAISEKSI TY\u00d6SS\u00c4OPPIEN\",\"description\":\"Sivusto, joka kertoo Jyv\u00e4skyl\u00e4n ammattiopiston vuonna 2012 aloittaneen ty\u00f6ss\u00e4oppimispainotteisen luokan opintojen etenemisest\u00e4.\",\"potentialAction\":[{\"@type\":\"SearchAction\",\"target\":{\"@type\":\"EntryPoint\",\"urlTemplate\":\"https:\\\/\\\/blogit.gradia.fi\\\/visu\\\/?s={search_term_string}\"},\"query-input\":{\"@type\":\"PropertyValueSpecification\",\"valueRequired\":true,\"valueName\":\"search_term_string\"}}],\"inLanguage\":\"fi\"},{\"@type\":\"Person\",\"@id\":\"https:\\\/\\\/blogit.gradia.fi\\\/visu\\\/#\\\/schema\\\/person\\\/d0b1cfd74c104683772b3edeac4e49ee\",\"name\":\"Heini Pennanen\",\"image\":{\"@type\":\"ImageObject\",\"inLanguage\":\"fi\",\"@id\":\"https:\\\/\\\/secure.gravatar.com\\\/avatar\\\/3df99d3b29e3db1417790cce1fb1d33fa9a76bb7f8318326848fa7c14b5a086a?s=96&d=mm&r=g\",\"url\":\"https:\\\/\\\/secure.gravatar.com\\\/avatar\\\/3df99d3b29e3db1417790cce1fb1d33fa9a76bb7f8318326848fa7c14b5a086a?s=96&d=mm&r=g\",\"contentUrl\":\"https:\\\/\\\/secure.gravatar.com\\\/avatar\\\/3df99d3b29e3db1417790cce1fb1d33fa9a76bb7f8318326848fa7c14b5a086a?s=96&d=mm&r=g\",\"caption\":\"Heini Pennanen\"},\"url\":\"https:\\\/\\\/blogit.gradia.fi\\\/visu\\\/author\\\/pennahei\\\/\"}]}<\/script>\n<!-- \/ Yoast SEO plugin. -->","yoast_head_json":{"title":"Lukuvuosi 2014-2015 - AMMATTILAISEKSI TY\u00d6SS\u00c4OPPIEN","robots":{"index":"index","follow":"follow","max-snippet":"max-snippet:-1","max-image-preview":"max-image-preview:large","max-video-preview":"max-video-preview:-1"},"canonical":"https:\/\/blogit.gradia.fi\/visu\/2014\/08\/06\/lukuvuosi-2014-2015\/","og_locale":"fi_FI","og_type":"article","og_title":"Lukuvuosi 2014-2015 - AMMATTILAISEKSI TY\u00d6SS\u00c4OPPIEN","og_description":"Tervetuloa takaisin kouluun! Toivottavasti lomasi on ollut rentouttava ja olet valmis uusiin haasteisiin ja toimintaan mukavassa porukassamme. Me ainakin, Heini ja Hennis, olemme odottaneet jo p\u00e4\u00e4sev\u00e4mme uusiin kuvioihin teid\u00e4n kanssanne. T\u00e4ss\u00e4 muutamia lukuvuotta koskevia juttuja teille tiedoksi. Lukuvuosi 2014-2015 Jakso 1\u00a0\u00a0 6.8.\u201322.9.2013 Jakso 2\u00a0 23.9.\u201310.11.2013 Jakso 3\u00a0 11.11.\u201321.12.2013 Jakso 4\u00a0 2.1.\u201320.2.2014 Jakso 5\u00a0 2.3.\u201315.4.2014 Jakso [&hellip;]","og_url":"https:\/\/blogit.gradia.fi\/visu\/2014\/08\/06\/lukuvuosi-2014-2015\/","og_site_name":"AMMATTILAISEKSI TY\u00d6SS\u00c4OPPIEN","article_published_time":"2014-08-06T06:57:02+00:00","article_modified_time":"2014-08-06T06:59:51+00:00","og_image":[{"url":"https:\/\/blogit.gradia.fi\/topmerkonomi\/wp-content\/uploads\/sites\/96\/2014\/08\/Kes\u00e4puu.jpg","type":"","width":"","height":""}],"author":"Heini Pennanen","twitter_card":"summary_large_image","twitter_misc":{"Kirjoittanut":"Heini Pennanen","Arvioitu lukuaika":"1 minuutti"},"schema":{"@context":"https:\/\/schema.org","@graph":[{"@type":"Article","@id":"https:\/\/blogit.gradia.fi\/visu\/2014\/08\/06\/lukuvuosi-2014-2015\/#article","isPartOf":{"@id":"https:\/\/blogit.gradia.fi\/visu\/2014\/08\/06\/lukuvuosi-2014-2015\/"},"author":{"name":"Heini Pennanen","@id":"https:\/\/blogit.gradia.fi\/visu\/#\/schema\/person\/d0b1cfd74c104683772b3edeac4e49ee"},"headline":"Lukuvuosi 2014-2015","datePublished":"2014-08-06T06:57:02+00:00","dateModified":"2014-08-06T06:59:51+00:00","mainEntityOfPage":{"@id":"https:\/\/blogit.gradia.fi\/visu\/2014\/08\/06\/lukuvuosi-2014-2015\/"},"wordCount":114,"commentCount":0,"inLanguage":"fi","potentialAction":[{"@type":"CommentAction","name":"Comment","target":["https:\/\/blogit.gradia.fi\/visu\/2014\/08\/06\/lukuvuosi-2014-2015\/#respond"]}]},{"@type":"WebPage","@id":"https:\/\/blogit.gradia.fi\/visu\/2014\/08\/06\/lukuvuosi-2014-2015\/","url":"https:\/\/blogit.gradia.fi\/visu\/2014\/08\/06\/lukuvuosi-2014-2015\/","name":"Lukuvuosi 2014-2015 - AMMATTILAISEKSI TY\u00d6SS\u00c4OPPIEN","isPartOf":{"@id":"https:\/\/blogit.gradia.fi\/visu\/#website"},"datePublished":"2014-08-06T06:57:02+00:00","dateModified":"2014-08-06T06:59:51+00:00","author":{"@id":"https:\/\/blogit.gradia.fi\/visu\/#\/schema\/person\/d0b1cfd74c104683772b3edeac4e49ee"},"inLanguage":"fi","potentialAction":[{"@type":"ReadAction","target":["https:\/\/blogit.gradia.fi\/visu\/2014\/08\/06\/lukuvuosi-2014-2015\/"]}]},{"@type":"WebSite","@id":"https:\/\/blogit.gradia.fi\/visu\/#website","url":"https:\/\/blogit.gradia.fi\/visu\/","name":"AMMATTILAISEKSI TY\u00d6SS\u00c4OPPIEN","description":"Sivusto, joka kertoo Jyv\u00e4skyl\u00e4n ammattiopiston vuonna 2012 aloittaneen ty\u00f6ss\u00e4oppimispainotteisen luokan opintojen etenemisest\u00e4.","potentialAction":[{"@type":"SearchAction","target":{"@type":"EntryPoint","urlTemplate":"https:\/\/blogit.gradia.fi\/visu\/?s={search_term_string}"},"query-input":{"@type":"PropertyValueSpecification","valueRequired":true,"valueName":"search_term_string"}}],"inLanguage":"fi"},{"@type":"Person","@id":"https:\/\/blogit.gradia.fi\/visu\/#\/schema\/person\/d0b1cfd74c104683772b3edeac4e49ee","name":"Heini Pennanen","image":{"@type":"ImageObject","inLanguage":"fi","@id":"https:\/\/secure.gravatar.com\/avatar\/3df99d3b29e3db1417790cce1fb1d33fa9a76bb7f8318326848fa7c14b5a086a?s=96&d=mm&r=g","url":"https:\/\/secure.gravatar.com\/avatar\/3df99d3b29e3db1417790cce1fb1d33fa9a76bb7f8318326848fa7c14b5a086a?s=96&d=mm&r=g","contentUrl":"https:\/\/secure.gravatar.com\/avatar\/3df99d3b29e3db1417790cce1fb1d33fa9a76bb7f8318326848fa7c14b5a086a?s=96&d=mm&r=g","caption":"Heini Pennanen"},"url":"https:\/\/blogit.gradia.fi\/visu\/author\/pennahei\/"}]}},"uagb_featured_image_src":{"full":false,"thumbnail":false,"medium":false,"medium_large":false,"large":false,"1536x1536":false,"2048x2048":false,"post-thumbnail":false},"uagb_author_info":{"display_name":"Heini Pennanen","author_link":"https:\/\/blogit.gradia.fi\/visu\/author\/pennahei\/"},"uagb_comment_info":0,"uagb_excerpt":"Tervetuloa takaisin kouluun! Toivottavasti lomasi on ollut rentouttava ja olet valmis uusiin haasteisiin ja toimintaan mukavassa porukassamme. Me ainakin, Heini ja Hennis, olemme odottaneet jo p\u00e4\u00e4sev\u00e4mme uusiin kuvioihin teid\u00e4n kanssanne. T\u00e4ss\u00e4 muutamia lukuvuotta koskevia juttuja teille tiedoksi. Lukuvuosi 2014-2015 Jakso 1\u00a0\u00a0 6.8.\u201322.9.2013 Jakso 2\u00a0 23.9.\u201310.11.2013 Jakso 3\u00a0 11.11.\u201321.12.2013 Jakso 4\u00a0 2.1.\u201320.2.2014 Jakso 5\u00a0 2.3.\u201315.4.2014 Jakso&hellip;","_links":{"self":[{"href":"https:\/\/blogit.gradia.fi\/visu\/wp-json\/wp\/v2\/posts\/265","targetHints":{"allow":["GET"]}}],"collection":[{"href":"https:\/\/blogit.gradia.fi\/visu\/wp-json\/wp\/v2\/posts"}],"about":[{"href":"https:\/\/blogit.gradia.fi\/visu\/wp-json\/wp\/v2\/types\/post"}],"author":[{"embeddable":true,"href":"https:\/\/blogit.gradia.fi\/visu\/wp-json\/wp\/v2\/users\/165"}],"replies":[{"embeddable":true,"href":"https:\/\/blogit.gradia.fi\/visu\/wp-json\/wp\/v2\/comments?post=265"}],"version-history":[{"count":0,"href":"https:\/\/blogit.gradia.fi\/visu\/wp-json\/wp\/v2\/posts\/265\/revisions"}],"wp:attachment":[{"href":"https:\/\/blogit.gradia.fi\/visu\/wp-json\/wp\/v2\/media?parent=265"}],"wp:term":[{"taxonomy":"category","embeddable":true,"href":"https:\/\/blogit.gradia.fi\/visu\/wp-json\/wp\/v2\/categories?post=265"},{"taxonomy":"post_tag","embeddable":true,"href":"https:\/\/blogit.gradia.fi\/visu\/wp-json\/wp\/v2\/tags?post=265"}],"curies":[{"name":"wp","href":"https:\/\/api.w.org\/{rel}","templated":true}]}}