{"id":262,"date":"2014-05-21T18:10:05","date_gmt":"2014-05-21T15:10:05","guid":{"rendered":"https:\/\/blogit.gradia.fi\/visu\/?p=262"},"modified":"2014-05-21T18:10:05","modified_gmt":"2014-05-21T15:10:05","slug":"nuorissa-on-voimaa-20-5-2014","status":"publish","type":"post","link":"https:\/\/blogit.gradia.fi\/visu\/2014\/05\/21\/nuorissa-on-voimaa-20-5-2014\/","title":{"rendered":"Nuorissa on voimaa 20.5.2014"},"content":{"rendered":"<p>20.5.2014 tiistaina py\u00f6r\u00e4hti k\u00e4yntiin koko Jyv\u00e4skyl\u00e4n ammattiopiston jatkavien opiskelijoiden verkostoitumiseen tarkoitettu tapahtuma &#8221;Nuorissa on voimaa&#8221;.<\/p>\n<p>Paikalla oli runsaasti nuoria, yritysyhteisty\u00f6kumppaneita, kolmannen sektorin toimijoita sek\u00e4 tietenkin p\u00e4\u00e4puhujana loistava tsemppari Kimmo Laiho alias Elastinen!<\/p>\n<p>Tapahtuman Visuaalinen ilme oli hieno ja sai osallistujilta kiitosta. J\u00e4rjest\u00e4m\u00e4ss\u00e4 ja rakentamassa messupaikkoja oli 13R-luokka. Tapahtuman logon ja muun mainosmateriaalin suunnittelivat omat graafisen alan opiskelijamme opettajiensa opastuksella. Painon puoli huolehti materiaalien painamisesta ja matkailupuolen opiskelijat opastuksesta ym. <\/p>\n<p>Kiitos my\u00f6s oman poppoomme Sennille ja Idalle, jotka positiivisella asenteella olivat esittelem\u00e4ss\u00e4 omia blogejaan kaupan yksik\u00f6n messup\u00f6yd\u00e4ss\u00e4!<\/p>\n<p>Aivan huikeaa! Hieno tapahtuma ja upea voimien yhteisponnistus!<\/p>\n<p>T\u00e4st\u00e4 on hyv\u00e4 jatkaa pian kes\u00e4laitumille ja ensi syksyn\u00e4 kohti uusia projekteja.<\/p>\n<p><a href=\"https:\/\/blogit.gradia.fi\/topmerkonomi\/wp-content\/uploads\/sites\/96\/2014\/05\/20140521-104314-38594490.jpg\"><img decoding=\"async\" src=\"https:\/\/blogit.gradia.fi\/topmerkonomi\/wp-content\/uploads\/sites\/96\/2014\/05\/20140521-104314-38594490.jpg\" alt=\"20140521-104314-38594490.jpg\" class=\"alignnone size-full\" \/><\/a><\/p>\n","protected":false},"excerpt":{"rendered":"<p>20.5.2014 tiistaina py\u00f6r\u00e4hti k\u00e4yntiin koko Jyv\u00e4skyl\u00e4n ammattiopiston jatkavien opiskelijoiden verkostoitumiseen tarkoitettu tapahtuma &#8221;Nuorissa on voimaa&#8221;. Paikalla oli runsaasti nuoria, yritysyhteisty\u00f6kumppaneita, kolmannen sektorin toimijoita sek\u00e4 tietenkin p\u00e4\u00e4puhujana loistava tsemppari Kimmo Laiho alias Elastinen! Tapahtuman Visuaalinen ilme oli hieno ja sai osallistujilta kiitosta. J\u00e4rjest\u00e4m\u00e4ss\u00e4 ja rakentamassa messupaikkoja oli 13R-luokka. Tapahtuman logon ja muun mainosmateriaalin suunnittelivat omat graafisen [&hellip;]<\/p>\n","protected":false},"author":165,"featured_media":0,"comment_status":"open","ping_status":"open","sticky":false,"template":"","format":"standard","meta":{"_uag_custom_page_level_css":"","footnotes":""},"categories":[1],"tags":[],"class_list":["post-262","post","type-post","status-publish","format-standard","hentry","category-yleinen"],"yoast_head":"<!-- This site is optimized with the Yoast SEO plugin v27.5 - https:\/\/yoast.com\/product\/yoast-seo-wordpress\/ -->\n<title>Nuorissa on voimaa 20.5.2014 - AMMATTILAISEKSI TY\u00d6SS\u00c4OPPIEN<\/title>\n<meta name=\"robots\" content=\"index, follow, max-snippet:-1, max-image-preview:large, max-video-preview:-1\" \/>\n<link rel=\"canonical\" href=\"https:\/\/blogit.gradia.fi\/visu\/2014\/05\/21\/nuorissa-on-voimaa-20-5-2014\/\" \/>\n<meta property=\"og:locale\" content=\"fi_FI\" \/>\n<meta property=\"og:type\" content=\"article\" \/>\n<meta property=\"og:title\" content=\"Nuorissa on voimaa 20.5.2014 - AMMATTILAISEKSI TY\u00d6SS\u00c4OPPIEN\" \/>\n<meta property=\"og:description\" content=\"20.5.2014 tiistaina py\u00f6r\u00e4hti k\u00e4yntiin koko Jyv\u00e4skyl\u00e4n ammattiopiston jatkavien opiskelijoiden verkostoitumiseen tarkoitettu tapahtuma &#8221;Nuorissa on voimaa&#8221;. Paikalla oli runsaasti nuoria, yritysyhteisty\u00f6kumppaneita, kolmannen sektorin toimijoita sek\u00e4 tietenkin p\u00e4\u00e4puhujana loistava tsemppari Kimmo Laiho alias Elastinen! Tapahtuman Visuaalinen ilme oli hieno ja sai osallistujilta kiitosta. J\u00e4rjest\u00e4m\u00e4ss\u00e4 ja rakentamassa messupaikkoja oli 13R-luokka. Tapahtuman logon ja muun mainosmateriaalin suunnittelivat omat graafisen [&hellip;]\" \/>\n<meta property=\"og:url\" content=\"https:\/\/blogit.gradia.fi\/visu\/2014\/05\/21\/nuorissa-on-voimaa-20-5-2014\/\" \/>\n<meta property=\"og:site_name\" content=\"AMMATTILAISEKSI TY\u00d6SS\u00c4OPPIEN\" \/>\n<meta property=\"article:published_time\" content=\"2014-05-21T15:10:05+00:00\" \/>\n<meta property=\"og:image\" content=\"https:\/\/blogit.gradia.fi\/topmerkonomi\/wp-content\/uploads\/sites\/96\/2014\/05\/20140521-104314-38594490.jpg\" \/>\n<meta name=\"author\" content=\"Heini Pennanen\" \/>\n<meta name=\"twitter:card\" content=\"summary_large_image\" \/>\n<meta name=\"twitter:label1\" content=\"Kirjoittanut\" \/>\n\t<meta name=\"twitter:data1\" content=\"Heini Pennanen\" \/>\n\t<meta name=\"twitter:label2\" content=\"Arvioitu lukuaika\" \/>\n\t<meta name=\"twitter:data2\" content=\"1 minuutti\" \/>\n<script type=\"application\/ld+json\" class=\"yoast-schema-graph\">{\"@context\":\"https:\\\/\\\/schema.org\",\"@graph\":[{\"@type\":\"Article\",\"@id\":\"https:\\\/\\\/blogit.gradia.fi\\\/visu\\\/2014\\\/05\\\/21\\\/nuorissa-on-voimaa-20-5-2014\\\/#article\",\"isPartOf\":{\"@id\":\"https:\\\/\\\/blogit.gradia.fi\\\/visu\\\/2014\\\/05\\\/21\\\/nuorissa-on-voimaa-20-5-2014\\\/\"},\"author\":{\"name\":\"Heini Pennanen\",\"@id\":\"https:\\\/\\\/blogit.gradia.fi\\\/visu\\\/#\\\/schema\\\/person\\\/d0b1cfd74c104683772b3edeac4e49ee\"},\"headline\":\"Nuorissa on voimaa 20.5.2014\",\"datePublished\":\"2014-05-21T15:10:05+00:00\",\"mainEntityOfPage\":{\"@id\":\"https:\\\/\\\/blogit.gradia.fi\\\/visu\\\/2014\\\/05\\\/21\\\/nuorissa-on-voimaa-20-5-2014\\\/\"},\"wordCount\":125,\"commentCount\":0,\"image\":{\"@id\":\"https:\\\/\\\/blogit.gradia.fi\\\/visu\\\/2014\\\/05\\\/21\\\/nuorissa-on-voimaa-20-5-2014\\\/#primaryimage\"},\"thumbnailUrl\":\"https:\\\/\\\/blogit.gradia.fi\\\/topmerkonomi\\\/wp-content\\\/uploads\\\/sites\\\/96\\\/2014\\\/05\\\/20140521-104314-38594490.jpg\",\"inLanguage\":\"fi\",\"potentialAction\":[{\"@type\":\"CommentAction\",\"name\":\"Comment\",\"target\":[\"https:\\\/\\\/blogit.gradia.fi\\\/visu\\\/2014\\\/05\\\/21\\\/nuorissa-on-voimaa-20-5-2014\\\/#respond\"]}]},{\"@type\":\"WebPage\",\"@id\":\"https:\\\/\\\/blogit.gradia.fi\\\/visu\\\/2014\\\/05\\\/21\\\/nuorissa-on-voimaa-20-5-2014\\\/\",\"url\":\"https:\\\/\\\/blogit.gradia.fi\\\/visu\\\/2014\\\/05\\\/21\\\/nuorissa-on-voimaa-20-5-2014\\\/\",\"name\":\"Nuorissa on voimaa 20.5.2014 - AMMATTILAISEKSI TY\u00d6SS\u00c4OPPIEN\",\"isPartOf\":{\"@id\":\"https:\\\/\\\/blogit.gradia.fi\\\/visu\\\/#website\"},\"primaryImageOfPage\":{\"@id\":\"https:\\\/\\\/blogit.gradia.fi\\\/visu\\\/2014\\\/05\\\/21\\\/nuorissa-on-voimaa-20-5-2014\\\/#primaryimage\"},\"image\":{\"@id\":\"https:\\\/\\\/blogit.gradia.fi\\\/visu\\\/2014\\\/05\\\/21\\\/nuorissa-on-voimaa-20-5-2014\\\/#primaryimage\"},\"thumbnailUrl\":\"https:\\\/\\\/blogit.gradia.fi\\\/topmerkonomi\\\/wp-content\\\/uploads\\\/sites\\\/96\\\/2014\\\/05\\\/20140521-104314-38594490.jpg\",\"datePublished\":\"2014-05-21T15:10:05+00:00\",\"author\":{\"@id\":\"https:\\\/\\\/blogit.gradia.fi\\\/visu\\\/#\\\/schema\\\/person\\\/d0b1cfd74c104683772b3edeac4e49ee\"},\"inLanguage\":\"fi\",\"potentialAction\":[{\"@type\":\"ReadAction\",\"target\":[\"https:\\\/\\\/blogit.gradia.fi\\\/visu\\\/2014\\\/05\\\/21\\\/nuorissa-on-voimaa-20-5-2014\\\/\"]}]},{\"@type\":\"ImageObject\",\"inLanguage\":\"fi\",\"@id\":\"https:\\\/\\\/blogit.gradia.fi\\\/visu\\\/2014\\\/05\\\/21\\\/nuorissa-on-voimaa-20-5-2014\\\/#primaryimage\",\"url\":\"https:\\\/\\\/blogit.gradia.fi\\\/topmerkonomi\\\/wp-content\\\/uploads\\\/sites\\\/96\\\/2014\\\/05\\\/20140521-104314-38594490.jpg\",\"contentUrl\":\"https:\\\/\\\/blogit.gradia.fi\\\/topmerkonomi\\\/wp-content\\\/uploads\\\/sites\\\/96\\\/2014\\\/05\\\/20140521-104314-38594490.jpg\"},{\"@type\":\"WebSite\",\"@id\":\"https:\\\/\\\/blogit.gradia.fi\\\/visu\\\/#website\",\"url\":\"https:\\\/\\\/blogit.gradia.fi\\\/visu\\\/\",\"name\":\"AMMATTILAISEKSI TY\u00d6SS\u00c4OPPIEN\",\"description\":\"Sivusto, joka kertoo Jyv\u00e4skyl\u00e4n ammattiopiston vuonna 2012 aloittaneen ty\u00f6ss\u00e4oppimispainotteisen luokan opintojen etenemisest\u00e4.\",\"potentialAction\":[{\"@type\":\"SearchAction\",\"target\":{\"@type\":\"EntryPoint\",\"urlTemplate\":\"https:\\\/\\\/blogit.gradia.fi\\\/visu\\\/?s={search_term_string}\"},\"query-input\":{\"@type\":\"PropertyValueSpecification\",\"valueRequired\":true,\"valueName\":\"search_term_string\"}}],\"inLanguage\":\"fi\"},{\"@type\":\"Person\",\"@id\":\"https:\\\/\\\/blogit.gradia.fi\\\/visu\\\/#\\\/schema\\\/person\\\/d0b1cfd74c104683772b3edeac4e49ee\",\"name\":\"Heini Pennanen\",\"image\":{\"@type\":\"ImageObject\",\"inLanguage\":\"fi\",\"@id\":\"https:\\\/\\\/secure.gravatar.com\\\/avatar\\\/3df99d3b29e3db1417790cce1fb1d33fa9a76bb7f8318326848fa7c14b5a086a?s=96&d=mm&r=g\",\"url\":\"https:\\\/\\\/secure.gravatar.com\\\/avatar\\\/3df99d3b29e3db1417790cce1fb1d33fa9a76bb7f8318326848fa7c14b5a086a?s=96&d=mm&r=g\",\"contentUrl\":\"https:\\\/\\\/secure.gravatar.com\\\/avatar\\\/3df99d3b29e3db1417790cce1fb1d33fa9a76bb7f8318326848fa7c14b5a086a?s=96&d=mm&r=g\",\"caption\":\"Heini Pennanen\"},\"url\":\"https:\\\/\\\/blogit.gradia.fi\\\/visu\\\/author\\\/pennahei\\\/\"}]}<\/script>\n<!-- \/ Yoast SEO plugin. -->","yoast_head_json":{"title":"Nuorissa on voimaa 20.5.2014 - AMMATTILAISEKSI TY\u00d6SS\u00c4OPPIEN","robots":{"index":"index","follow":"follow","max-snippet":"max-snippet:-1","max-image-preview":"max-image-preview:large","max-video-preview":"max-video-preview:-1"},"canonical":"https:\/\/blogit.gradia.fi\/visu\/2014\/05\/21\/nuorissa-on-voimaa-20-5-2014\/","og_locale":"fi_FI","og_type":"article","og_title":"Nuorissa on voimaa 20.5.2014 - AMMATTILAISEKSI TY\u00d6SS\u00c4OPPIEN","og_description":"20.5.2014 tiistaina py\u00f6r\u00e4hti k\u00e4yntiin koko Jyv\u00e4skyl\u00e4n ammattiopiston jatkavien opiskelijoiden verkostoitumiseen tarkoitettu tapahtuma &#8221;Nuorissa on voimaa&#8221;. Paikalla oli runsaasti nuoria, yritysyhteisty\u00f6kumppaneita, kolmannen sektorin toimijoita sek\u00e4 tietenkin p\u00e4\u00e4puhujana loistava tsemppari Kimmo Laiho alias Elastinen! Tapahtuman Visuaalinen ilme oli hieno ja sai osallistujilta kiitosta. J\u00e4rjest\u00e4m\u00e4ss\u00e4 ja rakentamassa messupaikkoja oli 13R-luokka. Tapahtuman logon ja muun mainosmateriaalin suunnittelivat omat graafisen [&hellip;]","og_url":"https:\/\/blogit.gradia.fi\/visu\/2014\/05\/21\/nuorissa-on-voimaa-20-5-2014\/","og_site_name":"AMMATTILAISEKSI TY\u00d6SS\u00c4OPPIEN","article_published_time":"2014-05-21T15:10:05+00:00","og_image":[{"url":"https:\/\/blogit.gradia.fi\/topmerkonomi\/wp-content\/uploads\/sites\/96\/2014\/05\/20140521-104314-38594490.jpg","type":"","width":"","height":""}],"author":"Heini Pennanen","twitter_card":"summary_large_image","twitter_misc":{"Kirjoittanut":"Heini Pennanen","Arvioitu lukuaika":"1 minuutti"},"schema":{"@context":"https:\/\/schema.org","@graph":[{"@type":"Article","@id":"https:\/\/blogit.gradia.fi\/visu\/2014\/05\/21\/nuorissa-on-voimaa-20-5-2014\/#article","isPartOf":{"@id":"https:\/\/blogit.gradia.fi\/visu\/2014\/05\/21\/nuorissa-on-voimaa-20-5-2014\/"},"author":{"name":"Heini Pennanen","@id":"https:\/\/blogit.gradia.fi\/visu\/#\/schema\/person\/d0b1cfd74c104683772b3edeac4e49ee"},"headline":"Nuorissa on voimaa 20.5.2014","datePublished":"2014-05-21T15:10:05+00:00","mainEntityOfPage":{"@id":"https:\/\/blogit.gradia.fi\/visu\/2014\/05\/21\/nuorissa-on-voimaa-20-5-2014\/"},"wordCount":125,"commentCount":0,"image":{"@id":"https:\/\/blogit.gradia.fi\/visu\/2014\/05\/21\/nuorissa-on-voimaa-20-5-2014\/#primaryimage"},"thumbnailUrl":"https:\/\/blogit.gradia.fi\/topmerkonomi\/wp-content\/uploads\/sites\/96\/2014\/05\/20140521-104314-38594490.jpg","inLanguage":"fi","potentialAction":[{"@type":"CommentAction","name":"Comment","target":["https:\/\/blogit.gradia.fi\/visu\/2014\/05\/21\/nuorissa-on-voimaa-20-5-2014\/#respond"]}]},{"@type":"WebPage","@id":"https:\/\/blogit.gradia.fi\/visu\/2014\/05\/21\/nuorissa-on-voimaa-20-5-2014\/","url":"https:\/\/blogit.gradia.fi\/visu\/2014\/05\/21\/nuorissa-on-voimaa-20-5-2014\/","name":"Nuorissa on voimaa 20.5.2014 - AMMATTILAISEKSI TY\u00d6SS\u00c4OPPIEN","isPartOf":{"@id":"https:\/\/blogit.gradia.fi\/visu\/#website"},"primaryImageOfPage":{"@id":"https:\/\/blogit.gradia.fi\/visu\/2014\/05\/21\/nuorissa-on-voimaa-20-5-2014\/#primaryimage"},"image":{"@id":"https:\/\/blogit.gradia.fi\/visu\/2014\/05\/21\/nuorissa-on-voimaa-20-5-2014\/#primaryimage"},"thumbnailUrl":"https:\/\/blogit.gradia.fi\/topmerkonomi\/wp-content\/uploads\/sites\/96\/2014\/05\/20140521-104314-38594490.jpg","datePublished":"2014-05-21T15:10:05+00:00","author":{"@id":"https:\/\/blogit.gradia.fi\/visu\/#\/schema\/person\/d0b1cfd74c104683772b3edeac4e49ee"},"inLanguage":"fi","potentialAction":[{"@type":"ReadAction","target":["https:\/\/blogit.gradia.fi\/visu\/2014\/05\/21\/nuorissa-on-voimaa-20-5-2014\/"]}]},{"@type":"ImageObject","inLanguage":"fi","@id":"https:\/\/blogit.gradia.fi\/visu\/2014\/05\/21\/nuorissa-on-voimaa-20-5-2014\/#primaryimage","url":"https:\/\/blogit.gradia.fi\/topmerkonomi\/wp-content\/uploads\/sites\/96\/2014\/05\/20140521-104314-38594490.jpg","contentUrl":"https:\/\/blogit.gradia.fi\/topmerkonomi\/wp-content\/uploads\/sites\/96\/2014\/05\/20140521-104314-38594490.jpg"},{"@type":"WebSite","@id":"https:\/\/blogit.gradia.fi\/visu\/#website","url":"https:\/\/blogit.gradia.fi\/visu\/","name":"AMMATTILAISEKSI TY\u00d6SS\u00c4OPPIEN","description":"Sivusto, joka kertoo Jyv\u00e4skyl\u00e4n ammattiopiston vuonna 2012 aloittaneen ty\u00f6ss\u00e4oppimispainotteisen luokan opintojen etenemisest\u00e4.","potentialAction":[{"@type":"SearchAction","target":{"@type":"EntryPoint","urlTemplate":"https:\/\/blogit.gradia.fi\/visu\/?s={search_term_string}"},"query-input":{"@type":"PropertyValueSpecification","valueRequired":true,"valueName":"search_term_string"}}],"inLanguage":"fi"},{"@type":"Person","@id":"https:\/\/blogit.gradia.fi\/visu\/#\/schema\/person\/d0b1cfd74c104683772b3edeac4e49ee","name":"Heini Pennanen","image":{"@type":"ImageObject","inLanguage":"fi","@id":"https:\/\/secure.gravatar.com\/avatar\/3df99d3b29e3db1417790cce1fb1d33fa9a76bb7f8318326848fa7c14b5a086a?s=96&d=mm&r=g","url":"https:\/\/secure.gravatar.com\/avatar\/3df99d3b29e3db1417790cce1fb1d33fa9a76bb7f8318326848fa7c14b5a086a?s=96&d=mm&r=g","contentUrl":"https:\/\/secure.gravatar.com\/avatar\/3df99d3b29e3db1417790cce1fb1d33fa9a76bb7f8318326848fa7c14b5a086a?s=96&d=mm&r=g","caption":"Heini Pennanen"},"url":"https:\/\/blogit.gradia.fi\/visu\/author\/pennahei\/"}]}},"uagb_featured_image_src":{"full":false,"thumbnail":false,"medium":false,"medium_large":false,"large":false,"1536x1536":false,"2048x2048":false,"post-thumbnail":false},"uagb_author_info":{"display_name":"Heini Pennanen","author_link":"https:\/\/blogit.gradia.fi\/visu\/author\/pennahei\/"},"uagb_comment_info":0,"uagb_excerpt":"20.5.2014 tiistaina py\u00f6r\u00e4hti k\u00e4yntiin koko Jyv\u00e4skyl\u00e4n ammattiopiston jatkavien opiskelijoiden verkostoitumiseen tarkoitettu tapahtuma &#8221;Nuorissa on voimaa&#8221;. Paikalla oli runsaasti nuoria, yritysyhteisty\u00f6kumppaneita, kolmannen sektorin toimijoita sek\u00e4 tietenkin p\u00e4\u00e4puhujana loistava tsemppari Kimmo Laiho alias Elastinen! Tapahtuman Visuaalinen ilme oli hieno ja sai osallistujilta kiitosta. J\u00e4rjest\u00e4m\u00e4ss\u00e4 ja rakentamassa messupaikkoja oli 13R-luokka. Tapahtuman logon ja muun mainosmateriaalin suunnittelivat omat graafisen&hellip;","_links":{"self":[{"href":"https:\/\/blogit.gradia.fi\/visu\/wp-json\/wp\/v2\/posts\/262","targetHints":{"allow":["GET"]}}],"collection":[{"href":"https:\/\/blogit.gradia.fi\/visu\/wp-json\/wp\/v2\/posts"}],"about":[{"href":"https:\/\/blogit.gradia.fi\/visu\/wp-json\/wp\/v2\/types\/post"}],"author":[{"embeddable":true,"href":"https:\/\/blogit.gradia.fi\/visu\/wp-json\/wp\/v2\/users\/165"}],"replies":[{"embeddable":true,"href":"https:\/\/blogit.gradia.fi\/visu\/wp-json\/wp\/v2\/comments?post=262"}],"version-history":[{"count":0,"href":"https:\/\/blogit.gradia.fi\/visu\/wp-json\/wp\/v2\/posts\/262\/revisions"}],"wp:attachment":[{"href":"https:\/\/blogit.gradia.fi\/visu\/wp-json\/wp\/v2\/media?parent=262"}],"wp:term":[{"taxonomy":"category","embeddable":true,"href":"https:\/\/blogit.gradia.fi\/visu\/wp-json\/wp\/v2\/categories?post=262"},{"taxonomy":"post_tag","embeddable":true,"href":"https:\/\/blogit.gradia.fi\/visu\/wp-json\/wp\/v2\/tags?post=262"}],"curies":[{"name":"wp","href":"https:\/\/api.w.org\/{rel}","templated":true}]}}