{"id":254,"date":"2014-04-01T09:41:34","date_gmt":"2014-04-01T06:41:34","guid":{"rendered":"https:\/\/blogit.gradia.fi\/visu\/?p=254"},"modified":"2014-04-01T09:41:34","modified_gmt":"2014-04-01T06:41:34","slug":"tuoteneuvonnan-top-tehtava-2-tuote-esittelyn-suunnittelu","status":"publish","type":"post","link":"https:\/\/blogit.gradia.fi\/visu\/2014\/04\/01\/tuoteneuvonnan-top-tehtava-2-tuote-esittelyn-suunnittelu\/","title":{"rendered":"Tuoteneuvonnan TOP-teht\u00e4v\u00e4 2, tuote-esittelyn suunnittelu"},"content":{"rendered":"<p>Teht\u00e4v\u00e4n\u00e4si on n\u00e4yt\u00f6ss\u00e4 j\u00e4rjest\u00e4\u00e4 tuote-esittely tai palveluesittely joko asiakkaille tai omalle henkil\u00f6st\u00f6lle. T\u00e4t\u00e4 varten suunnittele toteutettava esittely tilanne.<\/p>\n<p>&nbsp;<\/p>\n<p>Pohdi ja kerro, mit\u00e4 resursseja tarvitset kyseisen tuote-esittelyn pit\u00e4miseen. Esim.<\/p>\n<ul>\n<li>Miss\u00e4 esittely pidet\u00e4\u00e4n?<\/li>\n<li>kenen kanssa asiasta on sovittava?<\/li>\n<li>Mille esittelypiste n\u00e4ytt\u00e4\u00e4?<\/li>\n<li>mit\u00e4 havainnollistamismateriaalia tarvitset esim. mukit ja itse tuote? Paljonko tuotetta tulisi varata?<\/li>\n<li>Kauanko esittely kest\u00e4\u00e4?<\/li>\n<li>Montako asiakasta tavoittelet saavuttavasi? Aseta itsellesi jokin myyntitavoite esittelyp\u00e4iville tai montako ty\u00f6kaveria perehdyt\u00e4t uuteen tuotteeseen\/palveluun?<\/li>\n<li>Millaista materiaalia jaat kenties asiakkaille tai ty\u00f6kavereillesi?<\/li>\n<\/ul>\n<p>&nbsp;<\/p>\n<p><em>T\u00e4m\u00e4 teht\u00e4v\u00e4 valmistaa sinut tuoteneuvonnan n\u00e4ytt\u00f6\u00f6n.<\/em><\/p>\n","protected":false},"excerpt":{"rendered":"<p>Teht\u00e4v\u00e4n\u00e4si on n\u00e4yt\u00f6ss\u00e4 j\u00e4rjest\u00e4\u00e4 tuote-esittely tai palveluesittely joko asiakkaille tai omalle henkil\u00f6st\u00f6lle. T\u00e4t\u00e4 varten suunnittele toteutettava esittely tilanne. &nbsp; Pohdi ja kerro, mit\u00e4 resursseja tarvitset kyseisen tuote-esittelyn pit\u00e4miseen. Esim. Miss\u00e4 esittely pidet\u00e4\u00e4n? kenen kanssa asiasta on sovittava? Mille esittelypiste n\u00e4ytt\u00e4\u00e4? mit\u00e4 havainnollistamismateriaalia tarvitset esim. mukit ja itse tuote? Paljonko tuotetta tulisi varata? Kauanko esittely kest\u00e4\u00e4? [&hellip;]<\/p>\n","protected":false},"author":165,"featured_media":0,"comment_status":"open","ping_status":"open","sticky":false,"template":"","format":"standard","meta":{"_uag_custom_page_level_css":"","footnotes":""},"categories":[4],"tags":[],"class_list":["post-254","post","type-post","status-publish","format-standard","hentry","category-tn"],"yoast_head":"<!-- This site is optimized with the Yoast SEO plugin v27.5 - https:\/\/yoast.com\/product\/yoast-seo-wordpress\/ -->\n<title>Tuoteneuvonnan TOP-teht\u00e4v\u00e4 2, tuote-esittelyn suunnittelu - AMMATTILAISEKSI TY\u00d6SS\u00c4OPPIEN<\/title>\n<meta name=\"robots\" content=\"index, follow, max-snippet:-1, max-image-preview:large, max-video-preview:-1\" \/>\n<link rel=\"canonical\" href=\"https:\/\/blogit.gradia.fi\/visu\/2014\/04\/01\/tuoteneuvonnan-top-tehtava-2-tuote-esittelyn-suunnittelu\/\" \/>\n<meta property=\"og:locale\" content=\"fi_FI\" \/>\n<meta property=\"og:type\" content=\"article\" \/>\n<meta property=\"og:title\" content=\"Tuoteneuvonnan TOP-teht\u00e4v\u00e4 2, tuote-esittelyn suunnittelu - AMMATTILAISEKSI TY\u00d6SS\u00c4OPPIEN\" \/>\n<meta property=\"og:description\" content=\"Teht\u00e4v\u00e4n\u00e4si on n\u00e4yt\u00f6ss\u00e4 j\u00e4rjest\u00e4\u00e4 tuote-esittely tai palveluesittely joko asiakkaille tai omalle henkil\u00f6st\u00f6lle. T\u00e4t\u00e4 varten suunnittele toteutettava esittely tilanne. &nbsp; Pohdi ja kerro, mit\u00e4 resursseja tarvitset kyseisen tuote-esittelyn pit\u00e4miseen. Esim. Miss\u00e4 esittely pidet\u00e4\u00e4n? kenen kanssa asiasta on sovittava? Mille esittelypiste n\u00e4ytt\u00e4\u00e4? mit\u00e4 havainnollistamismateriaalia tarvitset esim. mukit ja itse tuote? Paljonko tuotetta tulisi varata? Kauanko esittely kest\u00e4\u00e4? [&hellip;]\" \/>\n<meta property=\"og:url\" content=\"https:\/\/blogit.gradia.fi\/visu\/2014\/04\/01\/tuoteneuvonnan-top-tehtava-2-tuote-esittelyn-suunnittelu\/\" \/>\n<meta property=\"og:site_name\" content=\"AMMATTILAISEKSI TY\u00d6SS\u00c4OPPIEN\" \/>\n<meta property=\"article:published_time\" content=\"2014-04-01T06:41:34+00:00\" \/>\n<meta name=\"author\" content=\"Heini Pennanen\" \/>\n<meta name=\"twitter:card\" content=\"summary_large_image\" \/>\n<meta name=\"twitter:label1\" content=\"Kirjoittanut\" \/>\n\t<meta name=\"twitter:data1\" content=\"Heini Pennanen\" \/>\n\t<meta name=\"twitter:label2\" content=\"Arvioitu lukuaika\" \/>\n\t<meta name=\"twitter:data2\" content=\"1 minuutti\" \/>\n<script type=\"application\/ld+json\" class=\"yoast-schema-graph\">{\"@context\":\"https:\\\/\\\/schema.org\",\"@graph\":[{\"@type\":\"Article\",\"@id\":\"https:\\\/\\\/blogit.gradia.fi\\\/visu\\\/2014\\\/04\\\/01\\\/tuoteneuvonnan-top-tehtava-2-tuote-esittelyn-suunnittelu\\\/#article\",\"isPartOf\":{\"@id\":\"https:\\\/\\\/blogit.gradia.fi\\\/visu\\\/2014\\\/04\\\/01\\\/tuoteneuvonnan-top-tehtava-2-tuote-esittelyn-suunnittelu\\\/\"},\"author\":{\"name\":\"Heini Pennanen\",\"@id\":\"https:\\\/\\\/blogit.gradia.fi\\\/visu\\\/#\\\/schema\\\/person\\\/d0b1cfd74c104683772b3edeac4e49ee\"},\"headline\":\"Tuoteneuvonnan TOP-teht\u00e4v\u00e4 2, tuote-esittelyn suunnittelu\",\"datePublished\":\"2014-04-01T06:41:34+00:00\",\"mainEntityOfPage\":{\"@id\":\"https:\\\/\\\/blogit.gradia.fi\\\/visu\\\/2014\\\/04\\\/01\\\/tuoteneuvonnan-top-tehtava-2-tuote-esittelyn-suunnittelu\\\/\"},\"wordCount\":110,\"commentCount\":0,\"articleSection\":[\"Tuoteneuvonta\"],\"inLanguage\":\"fi\",\"potentialAction\":[{\"@type\":\"CommentAction\",\"name\":\"Comment\",\"target\":[\"https:\\\/\\\/blogit.gradia.fi\\\/visu\\\/2014\\\/04\\\/01\\\/tuoteneuvonnan-top-tehtava-2-tuote-esittelyn-suunnittelu\\\/#respond\"]}]},{\"@type\":\"WebPage\",\"@id\":\"https:\\\/\\\/blogit.gradia.fi\\\/visu\\\/2014\\\/04\\\/01\\\/tuoteneuvonnan-top-tehtava-2-tuote-esittelyn-suunnittelu\\\/\",\"url\":\"https:\\\/\\\/blogit.gradia.fi\\\/visu\\\/2014\\\/04\\\/01\\\/tuoteneuvonnan-top-tehtava-2-tuote-esittelyn-suunnittelu\\\/\",\"name\":\"Tuoteneuvonnan TOP-teht\u00e4v\u00e4 2, tuote-esittelyn suunnittelu - AMMATTILAISEKSI TY\u00d6SS\u00c4OPPIEN\",\"isPartOf\":{\"@id\":\"https:\\\/\\\/blogit.gradia.fi\\\/visu\\\/#website\"},\"datePublished\":\"2014-04-01T06:41:34+00:00\",\"author\":{\"@id\":\"https:\\\/\\\/blogit.gradia.fi\\\/visu\\\/#\\\/schema\\\/person\\\/d0b1cfd74c104683772b3edeac4e49ee\"},\"inLanguage\":\"fi\",\"potentialAction\":[{\"@type\":\"ReadAction\",\"target\":[\"https:\\\/\\\/blogit.gradia.fi\\\/visu\\\/2014\\\/04\\\/01\\\/tuoteneuvonnan-top-tehtava-2-tuote-esittelyn-suunnittelu\\\/\"]}]},{\"@type\":\"WebSite\",\"@id\":\"https:\\\/\\\/blogit.gradia.fi\\\/visu\\\/#website\",\"url\":\"https:\\\/\\\/blogit.gradia.fi\\\/visu\\\/\",\"name\":\"AMMATTILAISEKSI TY\u00d6SS\u00c4OPPIEN\",\"description\":\"Sivusto, joka kertoo Jyv\u00e4skyl\u00e4n ammattiopiston vuonna 2012 aloittaneen ty\u00f6ss\u00e4oppimispainotteisen luokan opintojen etenemisest\u00e4.\",\"potentialAction\":[{\"@type\":\"SearchAction\",\"target\":{\"@type\":\"EntryPoint\",\"urlTemplate\":\"https:\\\/\\\/blogit.gradia.fi\\\/visu\\\/?s={search_term_string}\"},\"query-input\":{\"@type\":\"PropertyValueSpecification\",\"valueRequired\":true,\"valueName\":\"search_term_string\"}}],\"inLanguage\":\"fi\"},{\"@type\":\"Person\",\"@id\":\"https:\\\/\\\/blogit.gradia.fi\\\/visu\\\/#\\\/schema\\\/person\\\/d0b1cfd74c104683772b3edeac4e49ee\",\"name\":\"Heini Pennanen\",\"image\":{\"@type\":\"ImageObject\",\"inLanguage\":\"fi\",\"@id\":\"https:\\\/\\\/secure.gravatar.com\\\/avatar\\\/3df99d3b29e3db1417790cce1fb1d33fa9a76bb7f8318326848fa7c14b5a086a?s=96&d=mm&r=g\",\"url\":\"https:\\\/\\\/secure.gravatar.com\\\/avatar\\\/3df99d3b29e3db1417790cce1fb1d33fa9a76bb7f8318326848fa7c14b5a086a?s=96&d=mm&r=g\",\"contentUrl\":\"https:\\\/\\\/secure.gravatar.com\\\/avatar\\\/3df99d3b29e3db1417790cce1fb1d33fa9a76bb7f8318326848fa7c14b5a086a?s=96&d=mm&r=g\",\"caption\":\"Heini Pennanen\"},\"url\":\"https:\\\/\\\/blogit.gradia.fi\\\/visu\\\/author\\\/pennahei\\\/\"}]}<\/script>\n<!-- \/ Yoast SEO plugin. -->","yoast_head_json":{"title":"Tuoteneuvonnan TOP-teht\u00e4v\u00e4 2, tuote-esittelyn suunnittelu - AMMATTILAISEKSI TY\u00d6SS\u00c4OPPIEN","robots":{"index":"index","follow":"follow","max-snippet":"max-snippet:-1","max-image-preview":"max-image-preview:large","max-video-preview":"max-video-preview:-1"},"canonical":"https:\/\/blogit.gradia.fi\/visu\/2014\/04\/01\/tuoteneuvonnan-top-tehtava-2-tuote-esittelyn-suunnittelu\/","og_locale":"fi_FI","og_type":"article","og_title":"Tuoteneuvonnan TOP-teht\u00e4v\u00e4 2, tuote-esittelyn suunnittelu - AMMATTILAISEKSI TY\u00d6SS\u00c4OPPIEN","og_description":"Teht\u00e4v\u00e4n\u00e4si on n\u00e4yt\u00f6ss\u00e4 j\u00e4rjest\u00e4\u00e4 tuote-esittely tai palveluesittely joko asiakkaille tai omalle henkil\u00f6st\u00f6lle. T\u00e4t\u00e4 varten suunnittele toteutettava esittely tilanne. &nbsp; Pohdi ja kerro, mit\u00e4 resursseja tarvitset kyseisen tuote-esittelyn pit\u00e4miseen. Esim. Miss\u00e4 esittely pidet\u00e4\u00e4n? kenen kanssa asiasta on sovittava? Mille esittelypiste n\u00e4ytt\u00e4\u00e4? mit\u00e4 havainnollistamismateriaalia tarvitset esim. mukit ja itse tuote? Paljonko tuotetta tulisi varata? Kauanko esittely kest\u00e4\u00e4? [&hellip;]","og_url":"https:\/\/blogit.gradia.fi\/visu\/2014\/04\/01\/tuoteneuvonnan-top-tehtava-2-tuote-esittelyn-suunnittelu\/","og_site_name":"AMMATTILAISEKSI TY\u00d6SS\u00c4OPPIEN","article_published_time":"2014-04-01T06:41:34+00:00","author":"Heini Pennanen","twitter_card":"summary_large_image","twitter_misc":{"Kirjoittanut":"Heini Pennanen","Arvioitu lukuaika":"1 minuutti"},"schema":{"@context":"https:\/\/schema.org","@graph":[{"@type":"Article","@id":"https:\/\/blogit.gradia.fi\/visu\/2014\/04\/01\/tuoteneuvonnan-top-tehtava-2-tuote-esittelyn-suunnittelu\/#article","isPartOf":{"@id":"https:\/\/blogit.gradia.fi\/visu\/2014\/04\/01\/tuoteneuvonnan-top-tehtava-2-tuote-esittelyn-suunnittelu\/"},"author":{"name":"Heini Pennanen","@id":"https:\/\/blogit.gradia.fi\/visu\/#\/schema\/person\/d0b1cfd74c104683772b3edeac4e49ee"},"headline":"Tuoteneuvonnan TOP-teht\u00e4v\u00e4 2, tuote-esittelyn suunnittelu","datePublished":"2014-04-01T06:41:34+00:00","mainEntityOfPage":{"@id":"https:\/\/blogit.gradia.fi\/visu\/2014\/04\/01\/tuoteneuvonnan-top-tehtava-2-tuote-esittelyn-suunnittelu\/"},"wordCount":110,"commentCount":0,"articleSection":["Tuoteneuvonta"],"inLanguage":"fi","potentialAction":[{"@type":"CommentAction","name":"Comment","target":["https:\/\/blogit.gradia.fi\/visu\/2014\/04\/01\/tuoteneuvonnan-top-tehtava-2-tuote-esittelyn-suunnittelu\/#respond"]}]},{"@type":"WebPage","@id":"https:\/\/blogit.gradia.fi\/visu\/2014\/04\/01\/tuoteneuvonnan-top-tehtava-2-tuote-esittelyn-suunnittelu\/","url":"https:\/\/blogit.gradia.fi\/visu\/2014\/04\/01\/tuoteneuvonnan-top-tehtava-2-tuote-esittelyn-suunnittelu\/","name":"Tuoteneuvonnan TOP-teht\u00e4v\u00e4 2, tuote-esittelyn suunnittelu - AMMATTILAISEKSI TY\u00d6SS\u00c4OPPIEN","isPartOf":{"@id":"https:\/\/blogit.gradia.fi\/visu\/#website"},"datePublished":"2014-04-01T06:41:34+00:00","author":{"@id":"https:\/\/blogit.gradia.fi\/visu\/#\/schema\/person\/d0b1cfd74c104683772b3edeac4e49ee"},"inLanguage":"fi","potentialAction":[{"@type":"ReadAction","target":["https:\/\/blogit.gradia.fi\/visu\/2014\/04\/01\/tuoteneuvonnan-top-tehtava-2-tuote-esittelyn-suunnittelu\/"]}]},{"@type":"WebSite","@id":"https:\/\/blogit.gradia.fi\/visu\/#website","url":"https:\/\/blogit.gradia.fi\/visu\/","name":"AMMATTILAISEKSI TY\u00d6SS\u00c4OPPIEN","description":"Sivusto, joka kertoo Jyv\u00e4skyl\u00e4n ammattiopiston vuonna 2012 aloittaneen ty\u00f6ss\u00e4oppimispainotteisen luokan opintojen etenemisest\u00e4.","potentialAction":[{"@type":"SearchAction","target":{"@type":"EntryPoint","urlTemplate":"https:\/\/blogit.gradia.fi\/visu\/?s={search_term_string}"},"query-input":{"@type":"PropertyValueSpecification","valueRequired":true,"valueName":"search_term_string"}}],"inLanguage":"fi"},{"@type":"Person","@id":"https:\/\/blogit.gradia.fi\/visu\/#\/schema\/person\/d0b1cfd74c104683772b3edeac4e49ee","name":"Heini Pennanen","image":{"@type":"ImageObject","inLanguage":"fi","@id":"https:\/\/secure.gravatar.com\/avatar\/3df99d3b29e3db1417790cce1fb1d33fa9a76bb7f8318326848fa7c14b5a086a?s=96&d=mm&r=g","url":"https:\/\/secure.gravatar.com\/avatar\/3df99d3b29e3db1417790cce1fb1d33fa9a76bb7f8318326848fa7c14b5a086a?s=96&d=mm&r=g","contentUrl":"https:\/\/secure.gravatar.com\/avatar\/3df99d3b29e3db1417790cce1fb1d33fa9a76bb7f8318326848fa7c14b5a086a?s=96&d=mm&r=g","caption":"Heini Pennanen"},"url":"https:\/\/blogit.gradia.fi\/visu\/author\/pennahei\/"}]}},"uagb_featured_image_src":{"full":false,"thumbnail":false,"medium":false,"medium_large":false,"large":false,"1536x1536":false,"2048x2048":false,"post-thumbnail":false},"uagb_author_info":{"display_name":"Heini Pennanen","author_link":"https:\/\/blogit.gradia.fi\/visu\/author\/pennahei\/"},"uagb_comment_info":65,"uagb_excerpt":"Teht\u00e4v\u00e4n\u00e4si on n\u00e4yt\u00f6ss\u00e4 j\u00e4rjest\u00e4\u00e4 tuote-esittely tai palveluesittely joko asiakkaille tai omalle henkil\u00f6st\u00f6lle. T\u00e4t\u00e4 varten suunnittele toteutettava esittely tilanne. &nbsp; Pohdi ja kerro, mit\u00e4 resursseja tarvitset kyseisen tuote-esittelyn pit\u00e4miseen. Esim. Miss\u00e4 esittely pidet\u00e4\u00e4n? kenen kanssa asiasta on sovittava? Mille esittelypiste n\u00e4ytt\u00e4\u00e4? mit\u00e4 havainnollistamismateriaalia tarvitset esim. mukit ja itse tuote? Paljonko tuotetta tulisi varata? Kauanko esittely kest\u00e4\u00e4?&hellip;","_links":{"self":[{"href":"https:\/\/blogit.gradia.fi\/visu\/wp-json\/wp\/v2\/posts\/254","targetHints":{"allow":["GET"]}}],"collection":[{"href":"https:\/\/blogit.gradia.fi\/visu\/wp-json\/wp\/v2\/posts"}],"about":[{"href":"https:\/\/blogit.gradia.fi\/visu\/wp-json\/wp\/v2\/types\/post"}],"author":[{"embeddable":true,"href":"https:\/\/blogit.gradia.fi\/visu\/wp-json\/wp\/v2\/users\/165"}],"replies":[{"embeddable":true,"href":"https:\/\/blogit.gradia.fi\/visu\/wp-json\/wp\/v2\/comments?post=254"}],"version-history":[{"count":0,"href":"https:\/\/blogit.gradia.fi\/visu\/wp-json\/wp\/v2\/posts\/254\/revisions"}],"wp:attachment":[{"href":"https:\/\/blogit.gradia.fi\/visu\/wp-json\/wp\/v2\/media?parent=254"}],"wp:term":[{"taxonomy":"category","embeddable":true,"href":"https:\/\/blogit.gradia.fi\/visu\/wp-json\/wp\/v2\/categories?post=254"},{"taxonomy":"post_tag","embeddable":true,"href":"https:\/\/blogit.gradia.fi\/visu\/wp-json\/wp\/v2\/tags?post=254"}],"curies":[{"name":"wp","href":"https:\/\/api.w.org\/{rel}","templated":true}]}}