{"id":244,"date":"2014-02-21T05:49:58","date_gmt":"2014-02-21T03:49:58","guid":{"rendered":"https:\/\/blogit.gradia.fi\/visu\/?p=244"},"modified":"2014-02-21T05:50:00","modified_gmt":"2014-02-21T03:50:00","slug":"atto-jaksosta-kohti-toiminnan-kannattavuuden-suunnittelua","status":"publish","type":"post","link":"https:\/\/blogit.gradia.fi\/visu\/2014\/02\/21\/atto-jaksosta-kohti-toiminnan-kannattavuuden-suunnittelua\/","title":{"rendered":"Atto-jaksosta kohti toiminnan kannattavuuden suunnittelua"},"content":{"rendered":"<p>Niin on Atto-jakso 12R-luokalla takana ja on aika palata ammatillisten aineiden sek\u00e4 ty\u00f6ss\u00e4oppimisen pariin.\u00a0Ty\u00f6paikat alkavat olla jo l\u00f6ytyneet ja iso osa nuorista jatkaakin tutuissa ty\u00f6paikoissa. Ennen hiihtolomaa onkin kaksi p\u00e4iv\u00e4\u00e4 ammatillisia aineita ja sen j\u00e4lkeen alkaa oppilailla ansaittu hiihtoloma ennen kev\u00e4\u00e4n loppurutistusta.<\/p>\n<p>&nbsp;<\/p>\n<p><strong>13R<\/strong><\/p>\n<p>Tortaina starttasi uusi ty\u00f6ss\u00e4oppimispanotteinen luokka ja aloittavien m\u00e4\u00e4r\u00e4 olikin hurja. Kaikenkaikkiaan meit\u00e4 on nyt 26 opiskelijaa 13R luokalla ja 18 12R luokalla. \u00a0Hienoa, ett\u00e4 meilt\u00e4 l\u00f6ytyy n\u00e4in monta nuorta, jotka haluavat oppia ty\u00f6painotteisesti!<\/p>\n<p>&nbsp;<\/p>\n<p>Perjantaina ryhm\u00e4t tutustuvat hieman toisiinsa ja p\u00e4iv\u00e4 p\u00e4\u00e4ttyy mukavasti keilaukseen ja sielt\u00e4 suoraan hiihtolomalle.<\/p>\n<p>T\u00e4m\u00e4n kev\u00e4\u00e4n p\u00f6hin\u00f6it\u00e4 odotellessa \ud83d\ude42<\/p>\n<p>&nbsp;<\/p>\n<p>13R-luokan ohjausblogi l\u00f6ytyy osoitteesta <a href=\"https:\/\/blogit.gradia.fi\/topmerkonomit\">blogit.jao.fi\/topmerkonomit\/\u00a0<\/a><\/p>\n","protected":false},"excerpt":{"rendered":"<p>Niin on Atto-jakso 12R-luokalla takana ja on aika palata ammatillisten aineiden sek\u00e4 ty\u00f6ss\u00e4oppimisen pariin.\u00a0Ty\u00f6paikat alkavat olla jo l\u00f6ytyneet ja iso osa nuorista jatkaakin tutuissa ty\u00f6paikoissa. Ennen hiihtolomaa onkin kaksi p\u00e4iv\u00e4\u00e4 ammatillisia aineita ja sen j\u00e4lkeen alkaa oppilailla ansaittu hiihtoloma ennen kev\u00e4\u00e4n loppurutistusta. &nbsp; 13R Tortaina starttasi uusi ty\u00f6ss\u00e4oppimispanotteinen luokka ja aloittavien m\u00e4\u00e4r\u00e4 olikin hurja. Kaikenkaikkiaan [&hellip;]<\/p>\n","protected":false},"author":165,"featured_media":0,"comment_status":"open","ping_status":"open","sticky":false,"template":"","format":"standard","meta":{"_uag_custom_page_level_css":"","footnotes":""},"categories":[1],"tags":[],"class_list":["post-244","post","type-post","status-publish","format-standard","hentry","category-yleinen"],"yoast_head":"<!-- This site is optimized with the Yoast SEO plugin v27.5 - https:\/\/yoast.com\/product\/yoast-seo-wordpress\/ -->\n<title>Atto-jaksosta kohti toiminnan kannattavuuden suunnittelua - AMMATTILAISEKSI TY\u00d6SS\u00c4OPPIEN<\/title>\n<meta name=\"robots\" content=\"index, follow, max-snippet:-1, max-image-preview:large, max-video-preview:-1\" \/>\n<link rel=\"canonical\" href=\"https:\/\/blogit.gradia.fi\/visu\/2014\/02\/21\/atto-jaksosta-kohti-toiminnan-kannattavuuden-suunnittelua\/\" \/>\n<meta property=\"og:locale\" content=\"fi_FI\" \/>\n<meta property=\"og:type\" content=\"article\" \/>\n<meta property=\"og:title\" content=\"Atto-jaksosta kohti toiminnan kannattavuuden suunnittelua - AMMATTILAISEKSI TY\u00d6SS\u00c4OPPIEN\" \/>\n<meta property=\"og:description\" content=\"Niin on Atto-jakso 12R-luokalla takana ja on aika palata ammatillisten aineiden sek\u00e4 ty\u00f6ss\u00e4oppimisen pariin.\u00a0Ty\u00f6paikat alkavat olla jo l\u00f6ytyneet ja iso osa nuorista jatkaakin tutuissa ty\u00f6paikoissa. Ennen hiihtolomaa onkin kaksi p\u00e4iv\u00e4\u00e4 ammatillisia aineita ja sen j\u00e4lkeen alkaa oppilailla ansaittu hiihtoloma ennen kev\u00e4\u00e4n loppurutistusta. &nbsp; 13R Tortaina starttasi uusi ty\u00f6ss\u00e4oppimispanotteinen luokka ja aloittavien m\u00e4\u00e4r\u00e4 olikin hurja. Kaikenkaikkiaan [&hellip;]\" \/>\n<meta property=\"og:url\" content=\"https:\/\/blogit.gradia.fi\/visu\/2014\/02\/21\/atto-jaksosta-kohti-toiminnan-kannattavuuden-suunnittelua\/\" \/>\n<meta property=\"og:site_name\" content=\"AMMATTILAISEKSI TY\u00d6SS\u00c4OPPIEN\" \/>\n<meta property=\"article:published_time\" content=\"2014-02-21T03:49:58+00:00\" \/>\n<meta property=\"article:modified_time\" content=\"2014-02-21T03:50:00+00:00\" \/>\n<meta name=\"author\" content=\"Heini Pennanen\" \/>\n<meta name=\"twitter:card\" content=\"summary_large_image\" \/>\n<meta name=\"twitter:label1\" content=\"Kirjoittanut\" \/>\n\t<meta name=\"twitter:data1\" content=\"Heini Pennanen\" \/>\n\t<meta name=\"twitter:label2\" content=\"Arvioitu lukuaika\" \/>\n\t<meta name=\"twitter:data2\" content=\"1 minuutti\" \/>\n<script type=\"application\/ld+json\" class=\"yoast-schema-graph\">{\"@context\":\"https:\\\/\\\/schema.org\",\"@graph\":[{\"@type\":\"Article\",\"@id\":\"https:\\\/\\\/blogit.gradia.fi\\\/visu\\\/2014\\\/02\\\/21\\\/atto-jaksosta-kohti-toiminnan-kannattavuuden-suunnittelua\\\/#article\",\"isPartOf\":{\"@id\":\"https:\\\/\\\/blogit.gradia.fi\\\/visu\\\/2014\\\/02\\\/21\\\/atto-jaksosta-kohti-toiminnan-kannattavuuden-suunnittelua\\\/\"},\"author\":{\"name\":\"Heini Pennanen\",\"@id\":\"https:\\\/\\\/blogit.gradia.fi\\\/visu\\\/#\\\/schema\\\/person\\\/d0b1cfd74c104683772b3edeac4e49ee\"},\"headline\":\"Atto-jaksosta kohti toiminnan kannattavuuden suunnittelua\",\"datePublished\":\"2014-02-21T03:49:58+00:00\",\"dateModified\":\"2014-02-21T03:50:00+00:00\",\"mainEntityOfPage\":{\"@id\":\"https:\\\/\\\/blogit.gradia.fi\\\/visu\\\/2014\\\/02\\\/21\\\/atto-jaksosta-kohti-toiminnan-kannattavuuden-suunnittelua\\\/\"},\"wordCount\":132,\"commentCount\":0,\"inLanguage\":\"fi\",\"potentialAction\":[{\"@type\":\"CommentAction\",\"name\":\"Comment\",\"target\":[\"https:\\\/\\\/blogit.gradia.fi\\\/visu\\\/2014\\\/02\\\/21\\\/atto-jaksosta-kohti-toiminnan-kannattavuuden-suunnittelua\\\/#respond\"]}]},{\"@type\":\"WebPage\",\"@id\":\"https:\\\/\\\/blogit.gradia.fi\\\/visu\\\/2014\\\/02\\\/21\\\/atto-jaksosta-kohti-toiminnan-kannattavuuden-suunnittelua\\\/\",\"url\":\"https:\\\/\\\/blogit.gradia.fi\\\/visu\\\/2014\\\/02\\\/21\\\/atto-jaksosta-kohti-toiminnan-kannattavuuden-suunnittelua\\\/\",\"name\":\"Atto-jaksosta kohti toiminnan kannattavuuden suunnittelua - AMMATTILAISEKSI TY\u00d6SS\u00c4OPPIEN\",\"isPartOf\":{\"@id\":\"https:\\\/\\\/blogit.gradia.fi\\\/visu\\\/#website\"},\"datePublished\":\"2014-02-21T03:49:58+00:00\",\"dateModified\":\"2014-02-21T03:50:00+00:00\",\"author\":{\"@id\":\"https:\\\/\\\/blogit.gradia.fi\\\/visu\\\/#\\\/schema\\\/person\\\/d0b1cfd74c104683772b3edeac4e49ee\"},\"inLanguage\":\"fi\",\"potentialAction\":[{\"@type\":\"ReadAction\",\"target\":[\"https:\\\/\\\/blogit.gradia.fi\\\/visu\\\/2014\\\/02\\\/21\\\/atto-jaksosta-kohti-toiminnan-kannattavuuden-suunnittelua\\\/\"]}]},{\"@type\":\"WebSite\",\"@id\":\"https:\\\/\\\/blogit.gradia.fi\\\/visu\\\/#website\",\"url\":\"https:\\\/\\\/blogit.gradia.fi\\\/visu\\\/\",\"name\":\"AMMATTILAISEKSI TY\u00d6SS\u00c4OPPIEN\",\"description\":\"Sivusto, joka kertoo Jyv\u00e4skyl\u00e4n ammattiopiston vuonna 2012 aloittaneen ty\u00f6ss\u00e4oppimispainotteisen luokan opintojen etenemisest\u00e4.\",\"potentialAction\":[{\"@type\":\"SearchAction\",\"target\":{\"@type\":\"EntryPoint\",\"urlTemplate\":\"https:\\\/\\\/blogit.gradia.fi\\\/visu\\\/?s={search_term_string}\"},\"query-input\":{\"@type\":\"PropertyValueSpecification\",\"valueRequired\":true,\"valueName\":\"search_term_string\"}}],\"inLanguage\":\"fi\"},{\"@type\":\"Person\",\"@id\":\"https:\\\/\\\/blogit.gradia.fi\\\/visu\\\/#\\\/schema\\\/person\\\/d0b1cfd74c104683772b3edeac4e49ee\",\"name\":\"Heini Pennanen\",\"image\":{\"@type\":\"ImageObject\",\"inLanguage\":\"fi\",\"@id\":\"https:\\\/\\\/secure.gravatar.com\\\/avatar\\\/3df99d3b29e3db1417790cce1fb1d33fa9a76bb7f8318326848fa7c14b5a086a?s=96&d=mm&r=g\",\"url\":\"https:\\\/\\\/secure.gravatar.com\\\/avatar\\\/3df99d3b29e3db1417790cce1fb1d33fa9a76bb7f8318326848fa7c14b5a086a?s=96&d=mm&r=g\",\"contentUrl\":\"https:\\\/\\\/secure.gravatar.com\\\/avatar\\\/3df99d3b29e3db1417790cce1fb1d33fa9a76bb7f8318326848fa7c14b5a086a?s=96&d=mm&r=g\",\"caption\":\"Heini Pennanen\"},\"url\":\"https:\\\/\\\/blogit.gradia.fi\\\/visu\\\/author\\\/pennahei\\\/\"}]}<\/script>\n<!-- \/ Yoast SEO plugin. -->","yoast_head_json":{"title":"Atto-jaksosta kohti toiminnan kannattavuuden suunnittelua - AMMATTILAISEKSI TY\u00d6SS\u00c4OPPIEN","robots":{"index":"index","follow":"follow","max-snippet":"max-snippet:-1","max-image-preview":"max-image-preview:large","max-video-preview":"max-video-preview:-1"},"canonical":"https:\/\/blogit.gradia.fi\/visu\/2014\/02\/21\/atto-jaksosta-kohti-toiminnan-kannattavuuden-suunnittelua\/","og_locale":"fi_FI","og_type":"article","og_title":"Atto-jaksosta kohti toiminnan kannattavuuden suunnittelua - AMMATTILAISEKSI TY\u00d6SS\u00c4OPPIEN","og_description":"Niin on Atto-jakso 12R-luokalla takana ja on aika palata ammatillisten aineiden sek\u00e4 ty\u00f6ss\u00e4oppimisen pariin.\u00a0Ty\u00f6paikat alkavat olla jo l\u00f6ytyneet ja iso osa nuorista jatkaakin tutuissa ty\u00f6paikoissa. Ennen hiihtolomaa onkin kaksi p\u00e4iv\u00e4\u00e4 ammatillisia aineita ja sen j\u00e4lkeen alkaa oppilailla ansaittu hiihtoloma ennen kev\u00e4\u00e4n loppurutistusta. &nbsp; 13R Tortaina starttasi uusi ty\u00f6ss\u00e4oppimispanotteinen luokka ja aloittavien m\u00e4\u00e4r\u00e4 olikin hurja. Kaikenkaikkiaan [&hellip;]","og_url":"https:\/\/blogit.gradia.fi\/visu\/2014\/02\/21\/atto-jaksosta-kohti-toiminnan-kannattavuuden-suunnittelua\/","og_site_name":"AMMATTILAISEKSI TY\u00d6SS\u00c4OPPIEN","article_published_time":"2014-02-21T03:49:58+00:00","article_modified_time":"2014-02-21T03:50:00+00:00","author":"Heini Pennanen","twitter_card":"summary_large_image","twitter_misc":{"Kirjoittanut":"Heini Pennanen","Arvioitu lukuaika":"1 minuutti"},"schema":{"@context":"https:\/\/schema.org","@graph":[{"@type":"Article","@id":"https:\/\/blogit.gradia.fi\/visu\/2014\/02\/21\/atto-jaksosta-kohti-toiminnan-kannattavuuden-suunnittelua\/#article","isPartOf":{"@id":"https:\/\/blogit.gradia.fi\/visu\/2014\/02\/21\/atto-jaksosta-kohti-toiminnan-kannattavuuden-suunnittelua\/"},"author":{"name":"Heini Pennanen","@id":"https:\/\/blogit.gradia.fi\/visu\/#\/schema\/person\/d0b1cfd74c104683772b3edeac4e49ee"},"headline":"Atto-jaksosta kohti toiminnan kannattavuuden suunnittelua","datePublished":"2014-02-21T03:49:58+00:00","dateModified":"2014-02-21T03:50:00+00:00","mainEntityOfPage":{"@id":"https:\/\/blogit.gradia.fi\/visu\/2014\/02\/21\/atto-jaksosta-kohti-toiminnan-kannattavuuden-suunnittelua\/"},"wordCount":132,"commentCount":0,"inLanguage":"fi","potentialAction":[{"@type":"CommentAction","name":"Comment","target":["https:\/\/blogit.gradia.fi\/visu\/2014\/02\/21\/atto-jaksosta-kohti-toiminnan-kannattavuuden-suunnittelua\/#respond"]}]},{"@type":"WebPage","@id":"https:\/\/blogit.gradia.fi\/visu\/2014\/02\/21\/atto-jaksosta-kohti-toiminnan-kannattavuuden-suunnittelua\/","url":"https:\/\/blogit.gradia.fi\/visu\/2014\/02\/21\/atto-jaksosta-kohti-toiminnan-kannattavuuden-suunnittelua\/","name":"Atto-jaksosta kohti toiminnan kannattavuuden suunnittelua - AMMATTILAISEKSI TY\u00d6SS\u00c4OPPIEN","isPartOf":{"@id":"https:\/\/blogit.gradia.fi\/visu\/#website"},"datePublished":"2014-02-21T03:49:58+00:00","dateModified":"2014-02-21T03:50:00+00:00","author":{"@id":"https:\/\/blogit.gradia.fi\/visu\/#\/schema\/person\/d0b1cfd74c104683772b3edeac4e49ee"},"inLanguage":"fi","potentialAction":[{"@type":"ReadAction","target":["https:\/\/blogit.gradia.fi\/visu\/2014\/02\/21\/atto-jaksosta-kohti-toiminnan-kannattavuuden-suunnittelua\/"]}]},{"@type":"WebSite","@id":"https:\/\/blogit.gradia.fi\/visu\/#website","url":"https:\/\/blogit.gradia.fi\/visu\/","name":"AMMATTILAISEKSI TY\u00d6SS\u00c4OPPIEN","description":"Sivusto, joka kertoo Jyv\u00e4skyl\u00e4n ammattiopiston vuonna 2012 aloittaneen ty\u00f6ss\u00e4oppimispainotteisen luokan opintojen etenemisest\u00e4.","potentialAction":[{"@type":"SearchAction","target":{"@type":"EntryPoint","urlTemplate":"https:\/\/blogit.gradia.fi\/visu\/?s={search_term_string}"},"query-input":{"@type":"PropertyValueSpecification","valueRequired":true,"valueName":"search_term_string"}}],"inLanguage":"fi"},{"@type":"Person","@id":"https:\/\/blogit.gradia.fi\/visu\/#\/schema\/person\/d0b1cfd74c104683772b3edeac4e49ee","name":"Heini Pennanen","image":{"@type":"ImageObject","inLanguage":"fi","@id":"https:\/\/secure.gravatar.com\/avatar\/3df99d3b29e3db1417790cce1fb1d33fa9a76bb7f8318326848fa7c14b5a086a?s=96&d=mm&r=g","url":"https:\/\/secure.gravatar.com\/avatar\/3df99d3b29e3db1417790cce1fb1d33fa9a76bb7f8318326848fa7c14b5a086a?s=96&d=mm&r=g","contentUrl":"https:\/\/secure.gravatar.com\/avatar\/3df99d3b29e3db1417790cce1fb1d33fa9a76bb7f8318326848fa7c14b5a086a?s=96&d=mm&r=g","caption":"Heini Pennanen"},"url":"https:\/\/blogit.gradia.fi\/visu\/author\/pennahei\/"}]}},"uagb_featured_image_src":{"full":false,"thumbnail":false,"medium":false,"medium_large":false,"large":false,"1536x1536":false,"2048x2048":false,"post-thumbnail":false},"uagb_author_info":{"display_name":"Heini Pennanen","author_link":"https:\/\/blogit.gradia.fi\/visu\/author\/pennahei\/"},"uagb_comment_info":0,"uagb_excerpt":"Niin on Atto-jakso 12R-luokalla takana ja on aika palata ammatillisten aineiden sek\u00e4 ty\u00f6ss\u00e4oppimisen pariin.\u00a0Ty\u00f6paikat alkavat olla jo l\u00f6ytyneet ja iso osa nuorista jatkaakin tutuissa ty\u00f6paikoissa. Ennen hiihtolomaa onkin kaksi p\u00e4iv\u00e4\u00e4 ammatillisia aineita ja sen j\u00e4lkeen alkaa oppilailla ansaittu hiihtoloma ennen kev\u00e4\u00e4n loppurutistusta. &nbsp; 13R Tortaina starttasi uusi ty\u00f6ss\u00e4oppimispanotteinen luokka ja aloittavien m\u00e4\u00e4r\u00e4 olikin hurja. Kaikenkaikkiaan&hellip;","_links":{"self":[{"href":"https:\/\/blogit.gradia.fi\/visu\/wp-json\/wp\/v2\/posts\/244","targetHints":{"allow":["GET"]}}],"collection":[{"href":"https:\/\/blogit.gradia.fi\/visu\/wp-json\/wp\/v2\/posts"}],"about":[{"href":"https:\/\/blogit.gradia.fi\/visu\/wp-json\/wp\/v2\/types\/post"}],"author":[{"embeddable":true,"href":"https:\/\/blogit.gradia.fi\/visu\/wp-json\/wp\/v2\/users\/165"}],"replies":[{"embeddable":true,"href":"https:\/\/blogit.gradia.fi\/visu\/wp-json\/wp\/v2\/comments?post=244"}],"version-history":[{"count":0,"href":"https:\/\/blogit.gradia.fi\/visu\/wp-json\/wp\/v2\/posts\/244\/revisions"}],"wp:attachment":[{"href":"https:\/\/blogit.gradia.fi\/visu\/wp-json\/wp\/v2\/media?parent=244"}],"wp:term":[{"taxonomy":"category","embeddable":true,"href":"https:\/\/blogit.gradia.fi\/visu\/wp-json\/wp\/v2\/categories?post=244"},{"taxonomy":"post_tag","embeddable":true,"href":"https:\/\/blogit.gradia.fi\/visu\/wp-json\/wp\/v2\/tags?post=244"}],"curies":[{"name":"wp","href":"https:\/\/api.w.org\/{rel}","templated":true}]}}