{"id":22,"date":"2013-05-13T14:30:08","date_gmt":"2013-05-13T11:30:08","guid":{"rendered":"https:\/\/blogit.gradia.fi\/visu\/?p=22"},"modified":"2013-05-15T14:48:38","modified_gmt":"2013-05-15T11:48:38","slug":"mallinuken-pukeminen-kokeilu-kaanteisesta-luokkahuoneesta","status":"publish","type":"post","link":"https:\/\/blogit.gradia.fi\/visu\/2013\/05\/13\/mallinuken-pukeminen-kokeilu-kaanteisesta-luokkahuoneesta\/","title":{"rendered":"Mallinuken pukeminen &#8211; kokeilu k\u00e4\u00e4nteisest\u00e4 luokkahuoneesta"},"content":{"rendered":"<p>Perjantain 17.5 tunneilla LIAM12R -luokan on tarkoitus pukea mallinukkeja k\u00e4yt\u00e4nn\u00f6ss\u00e4 Visuaalisen myyntity\u00f6n kurssilla. Kurssin tahti on tiivis ja aika k\u00e4y v\u00e4hiin. T\u00e4m\u00e4n vuoksi ajattelimme Heinin kanssa kokeilla, jos saamme asiaan hieman &#8221;potkua&#8221;.<\/p>\n<p>Oppilaille l\u00e4hetettiin Facebook -ryhm\u00e4n kautta linkki YouTubeen, josta he p\u00e4\u00e4siv\u00e4t kastomaan Explain Everythingill\u00e4 tehdyn, noin 8 minuutin pituisen videon asiasta. Tarkoitus on tutustua ja opiskella asia etuk\u00e4teen, jotta koulussa asia p\u00e4\u00e4st\u00e4\u00e4n tekem\u00e4\u00e4n lyhyemm\u00e4ss\u00e4 ajassa. Koitamme n\u00e4in ensimm\u00e4ist\u00e4 kertaa, miten k\u00e4\u00e4nteinen luokkahuone toimii.<\/p>\n<p>Oppilaita ohjeistetiin asiasta hyviss\u00e4 ajoin ja vinkattiin siihen, ett\u00e4 katsovat videon kuulokkeilla, rauhassa ja hiljaisessa paikassa. Kaikki ovat t\u00e4h\u00e4n menness\u00e4 ainkain FaceBookista k\u00e4yneet kurkistamassa viesti\u00e4.<\/p>\n<p><span style=\"font-size: 1rem;line-height: 1.714285714\">Oppilaiden kokemuspohja eroaa &#8211; toiset ovat mallinuken pukemiseta jo ty\u00f6paikalla harjoitellut, osa ei viel\u00e4 lainkaan. Perjataina n\u00e4hd\u00e4\u00e4, miten homma toimi.<\/span><\/p>\n<p>T\u00e4ss\u00e4 linkki YouTubeen:<a id=\".reactRoot[24].[1][4][1]{comment539825372726501_542888759086829}.0.[1].0.[1].0.[0].[0][2].0.[1]\" href=\"http:\/\/www.youtube.com\/watch?v=qsuRGRplnQ8\" target=\"_blank\" rel=\"nofollow\">http:\/\/www.youtube.com\/watch?v=qsuRGRplnQ8<\/a><\/p>\n<p>&nbsp;<\/p>\n<p><a href=\"https:\/\/blogit.gradia.fi\/visu\/wp-content\/uploads\/sites\/82\/2013\/05\/image1.jpg\"><img loading=\"lazy\" decoding=\"async\" class=\"alignnone size-full wp-image-40\" alt=\"image\" src=\"https:\/\/blogit.gradia.fi\/visu\/wp-content\/uploads\/sites\/82\/2013\/05\/image1.jpg\" width=\"1024\" height=\"768\" \/><\/a><\/p>\n<p>&nbsp;<\/p>\n","protected":false},"excerpt":{"rendered":"<p>Perjantain 17.5 tunneilla LIAM12R -luokan on tarkoitus pukea mallinukkeja k\u00e4yt\u00e4nn\u00f6ss\u00e4 Visuaalisen myyntity\u00f6n kurssilla. Kurssin tahti on tiivis ja aika k\u00e4y v\u00e4hiin. T\u00e4m\u00e4n vuoksi ajattelimme Heinin kanssa kokeilla, jos saamme asiaan hieman &#8221;potkua&#8221;. Oppilaille l\u00e4hetettiin Facebook -ryhm\u00e4n kautta linkki YouTubeen, josta he p\u00e4\u00e4siv\u00e4t kastomaan Explain Everythingill\u00e4 tehdyn, noin 8 minuutin pituisen videon asiasta. Tarkoitus on tutustua [&hellip;]<\/p>\n","protected":false},"author":34,"featured_media":0,"comment_status":"open","ping_status":"open","sticky":false,"template":"","format":"standard","meta":{"_uag_custom_page_level_css":"","footnotes":""},"categories":[2],"tags":[],"class_list":["post-22","post","type-post","status-publish","format-standard","hentry","category-visu"],"yoast_head":"<!-- This site is optimized with the Yoast SEO plugin v27.5 - https:\/\/yoast.com\/product\/yoast-seo-wordpress\/ -->\n<title>Mallinuken pukeminen - kokeilu k\u00e4\u00e4nteisest\u00e4 luokkahuoneesta - AMMATTILAISEKSI TY\u00d6SS\u00c4OPPIEN<\/title>\n<meta name=\"robots\" content=\"index, follow, max-snippet:-1, max-image-preview:large, max-video-preview:-1\" \/>\n<link rel=\"canonical\" href=\"https:\/\/blogit.gradia.fi\/visu\/2013\/05\/13\/mallinuken-pukeminen-kokeilu-kaanteisesta-luokkahuoneesta\/\" \/>\n<meta property=\"og:locale\" content=\"fi_FI\" \/>\n<meta property=\"og:type\" content=\"article\" \/>\n<meta property=\"og:title\" content=\"Mallinuken pukeminen - kokeilu k\u00e4\u00e4nteisest\u00e4 luokkahuoneesta - AMMATTILAISEKSI TY\u00d6SS\u00c4OPPIEN\" \/>\n<meta property=\"og:description\" content=\"Perjantain 17.5 tunneilla LIAM12R -luokan on tarkoitus pukea mallinukkeja k\u00e4yt\u00e4nn\u00f6ss\u00e4 Visuaalisen myyntity\u00f6n kurssilla. Kurssin tahti on tiivis ja aika k\u00e4y v\u00e4hiin. T\u00e4m\u00e4n vuoksi ajattelimme Heinin kanssa kokeilla, jos saamme asiaan hieman &#8221;potkua&#8221;. Oppilaille l\u00e4hetettiin Facebook -ryhm\u00e4n kautta linkki YouTubeen, josta he p\u00e4\u00e4siv\u00e4t kastomaan Explain Everythingill\u00e4 tehdyn, noin 8 minuutin pituisen videon asiasta. Tarkoitus on tutustua [&hellip;]\" \/>\n<meta property=\"og:url\" content=\"https:\/\/blogit.gradia.fi\/visu\/2013\/05\/13\/mallinuken-pukeminen-kokeilu-kaanteisesta-luokkahuoneesta\/\" \/>\n<meta property=\"og:site_name\" content=\"AMMATTILAISEKSI TY\u00d6SS\u00c4OPPIEN\" \/>\n<meta property=\"article:published_time\" content=\"2013-05-13T11:30:08+00:00\" \/>\n<meta property=\"article:modified_time\" content=\"2013-05-15T11:48:38+00:00\" \/>\n<meta property=\"og:image\" content=\"https:\/\/blogit.gradia.fi\/visu\/wp-content\/uploads\/sites\/82\/2013\/05\/image1.jpg\" \/>\n<meta name=\"twitter:card\" content=\"summary_large_image\" \/>\n<meta name=\"twitter:label1\" content=\"Kirjoittanut\" \/>\n\t<meta name=\"twitter:data1\" content=\"\" \/>\n\t<meta name=\"twitter:label2\" content=\"Arvioitu lukuaika\" \/>\n\t<meta name=\"twitter:data2\" content=\"1 minuutti\" \/>\n<script type=\"application\/ld+json\" class=\"yoast-schema-graph\">{\"@context\":\"https:\\\/\\\/schema.org\",\"@graph\":[{\"@type\":\"Article\",\"@id\":\"https:\\\/\\\/blogit.gradia.fi\\\/visu\\\/2013\\\/05\\\/13\\\/mallinuken-pukeminen-kokeilu-kaanteisesta-luokkahuoneesta\\\/#article\",\"isPartOf\":{\"@id\":\"https:\\\/\\\/blogit.gradia.fi\\\/visu\\\/2013\\\/05\\\/13\\\/mallinuken-pukeminen-kokeilu-kaanteisesta-luokkahuoneesta\\\/\"},\"author\":{\"name\":\"\",\"@id\":\"\"},\"headline\":\"Mallinuken pukeminen &#8211; kokeilu k\u00e4\u00e4nteisest\u00e4 luokkahuoneesta\",\"datePublished\":\"2013-05-13T11:30:08+00:00\",\"dateModified\":\"2013-05-15T11:48:38+00:00\",\"mainEntityOfPage\":{\"@id\":\"https:\\\/\\\/blogit.gradia.fi\\\/visu\\\/2013\\\/05\\\/13\\\/mallinuken-pukeminen-kokeilu-kaanteisesta-luokkahuoneesta\\\/\"},\"wordCount\":163,\"commentCount\":1,\"image\":{\"@id\":\"https:\\\/\\\/blogit.gradia.fi\\\/visu\\\/2013\\\/05\\\/13\\\/mallinuken-pukeminen-kokeilu-kaanteisesta-luokkahuoneesta\\\/#primaryimage\"},\"thumbnailUrl\":\"https:\\\/\\\/blogit.gradia.fi\\\/visu\\\/wp-content\\\/uploads\\\/sites\\\/82\\\/2013\\\/05\\\/image1.jpg\",\"articleSection\":[\"Visuaalinen myyntity\u00f6\"],\"inLanguage\":\"fi\",\"potentialAction\":[{\"@type\":\"CommentAction\",\"name\":\"Comment\",\"target\":[\"https:\\\/\\\/blogit.gradia.fi\\\/visu\\\/2013\\\/05\\\/13\\\/mallinuken-pukeminen-kokeilu-kaanteisesta-luokkahuoneesta\\\/#respond\"]}]},{\"@type\":\"WebPage\",\"@id\":\"https:\\\/\\\/blogit.gradia.fi\\\/visu\\\/2013\\\/05\\\/13\\\/mallinuken-pukeminen-kokeilu-kaanteisesta-luokkahuoneesta\\\/\",\"url\":\"https:\\\/\\\/blogit.gradia.fi\\\/visu\\\/2013\\\/05\\\/13\\\/mallinuken-pukeminen-kokeilu-kaanteisesta-luokkahuoneesta\\\/\",\"name\":\"Mallinuken pukeminen - kokeilu k\u00e4\u00e4nteisest\u00e4 luokkahuoneesta - AMMATTILAISEKSI TY\u00d6SS\u00c4OPPIEN\",\"isPartOf\":{\"@id\":\"https:\\\/\\\/blogit.gradia.fi\\\/visu\\\/#website\"},\"primaryImageOfPage\":{\"@id\":\"https:\\\/\\\/blogit.gradia.fi\\\/visu\\\/2013\\\/05\\\/13\\\/mallinuken-pukeminen-kokeilu-kaanteisesta-luokkahuoneesta\\\/#primaryimage\"},\"image\":{\"@id\":\"https:\\\/\\\/blogit.gradia.fi\\\/visu\\\/2013\\\/05\\\/13\\\/mallinuken-pukeminen-kokeilu-kaanteisesta-luokkahuoneesta\\\/#primaryimage\"},\"thumbnailUrl\":\"https:\\\/\\\/blogit.gradia.fi\\\/visu\\\/wp-content\\\/uploads\\\/sites\\\/82\\\/2013\\\/05\\\/image1.jpg\",\"datePublished\":\"2013-05-13T11:30:08+00:00\",\"dateModified\":\"2013-05-15T11:48:38+00:00\",\"author\":{\"@id\":\"\"},\"inLanguage\":\"fi\",\"potentialAction\":[{\"@type\":\"ReadAction\",\"target\":[\"https:\\\/\\\/blogit.gradia.fi\\\/visu\\\/2013\\\/05\\\/13\\\/mallinuken-pukeminen-kokeilu-kaanteisesta-luokkahuoneesta\\\/\"]}]},{\"@type\":\"ImageObject\",\"inLanguage\":\"fi\",\"@id\":\"https:\\\/\\\/blogit.gradia.fi\\\/visu\\\/2013\\\/05\\\/13\\\/mallinuken-pukeminen-kokeilu-kaanteisesta-luokkahuoneesta\\\/#primaryimage\",\"url\":\"https:\\\/\\\/blogit.gradia.fi\\\/visu\\\/wp-content\\\/uploads\\\/sites\\\/82\\\/2013\\\/05\\\/image1.jpg\",\"contentUrl\":\"https:\\\/\\\/blogit.gradia.fi\\\/visu\\\/wp-content\\\/uploads\\\/sites\\\/82\\\/2013\\\/05\\\/image1.jpg\",\"width\":1024,\"height\":768},{\"@type\":\"WebSite\",\"@id\":\"https:\\\/\\\/blogit.gradia.fi\\\/visu\\\/#website\",\"url\":\"https:\\\/\\\/blogit.gradia.fi\\\/visu\\\/\",\"name\":\"AMMATTILAISEKSI TY\u00d6SS\u00c4OPPIEN\",\"description\":\"Sivusto, joka kertoo Jyv\u00e4skyl\u00e4n ammattiopiston vuonna 2012 aloittaneen ty\u00f6ss\u00e4oppimispainotteisen luokan opintojen etenemisest\u00e4.\",\"potentialAction\":[{\"@type\":\"SearchAction\",\"target\":{\"@type\":\"EntryPoint\",\"urlTemplate\":\"https:\\\/\\\/blogit.gradia.fi\\\/visu\\\/?s={search_term_string}\"},\"query-input\":{\"@type\":\"PropertyValueSpecification\",\"valueRequired\":true,\"valueName\":\"search_term_string\"}}],\"inLanguage\":\"fi\"},{\"@type\":\"Person\",\"@id\":\"\",\"url\":\"https:\\\/\\\/blogit.gradia.fi\\\/visu\\\/author\\\/\"}]}<\/script>\n<!-- \/ Yoast SEO plugin. -->","yoast_head_json":{"title":"Mallinuken pukeminen - kokeilu k\u00e4\u00e4nteisest\u00e4 luokkahuoneesta - AMMATTILAISEKSI TY\u00d6SS\u00c4OPPIEN","robots":{"index":"index","follow":"follow","max-snippet":"max-snippet:-1","max-image-preview":"max-image-preview:large","max-video-preview":"max-video-preview:-1"},"canonical":"https:\/\/blogit.gradia.fi\/visu\/2013\/05\/13\/mallinuken-pukeminen-kokeilu-kaanteisesta-luokkahuoneesta\/","og_locale":"fi_FI","og_type":"article","og_title":"Mallinuken pukeminen - kokeilu k\u00e4\u00e4nteisest\u00e4 luokkahuoneesta - AMMATTILAISEKSI TY\u00d6SS\u00c4OPPIEN","og_description":"Perjantain 17.5 tunneilla LIAM12R -luokan on tarkoitus pukea mallinukkeja k\u00e4yt\u00e4nn\u00f6ss\u00e4 Visuaalisen myyntity\u00f6n kurssilla. Kurssin tahti on tiivis ja aika k\u00e4y v\u00e4hiin. T\u00e4m\u00e4n vuoksi ajattelimme Heinin kanssa kokeilla, jos saamme asiaan hieman &#8221;potkua&#8221;. Oppilaille l\u00e4hetettiin Facebook -ryhm\u00e4n kautta linkki YouTubeen, josta he p\u00e4\u00e4siv\u00e4t kastomaan Explain Everythingill\u00e4 tehdyn, noin 8 minuutin pituisen videon asiasta. Tarkoitus on tutustua [&hellip;]","og_url":"https:\/\/blogit.gradia.fi\/visu\/2013\/05\/13\/mallinuken-pukeminen-kokeilu-kaanteisesta-luokkahuoneesta\/","og_site_name":"AMMATTILAISEKSI TY\u00d6SS\u00c4OPPIEN","article_published_time":"2013-05-13T11:30:08+00:00","article_modified_time":"2013-05-15T11:48:38+00:00","og_image":[{"url":"https:\/\/blogit.gradia.fi\/visu\/wp-content\/uploads\/sites\/82\/2013\/05\/image1.jpg","type":"","width":"","height":""}],"twitter_card":"summary_large_image","twitter_misc":{"Kirjoittanut":"","Arvioitu lukuaika":"1 minuutti"},"schema":{"@context":"https:\/\/schema.org","@graph":[{"@type":"Article","@id":"https:\/\/blogit.gradia.fi\/visu\/2013\/05\/13\/mallinuken-pukeminen-kokeilu-kaanteisesta-luokkahuoneesta\/#article","isPartOf":{"@id":"https:\/\/blogit.gradia.fi\/visu\/2013\/05\/13\/mallinuken-pukeminen-kokeilu-kaanteisesta-luokkahuoneesta\/"},"author":{"name":"","@id":""},"headline":"Mallinuken pukeminen &#8211; kokeilu k\u00e4\u00e4nteisest\u00e4 luokkahuoneesta","datePublished":"2013-05-13T11:30:08+00:00","dateModified":"2013-05-15T11:48:38+00:00","mainEntityOfPage":{"@id":"https:\/\/blogit.gradia.fi\/visu\/2013\/05\/13\/mallinuken-pukeminen-kokeilu-kaanteisesta-luokkahuoneesta\/"},"wordCount":163,"commentCount":1,"image":{"@id":"https:\/\/blogit.gradia.fi\/visu\/2013\/05\/13\/mallinuken-pukeminen-kokeilu-kaanteisesta-luokkahuoneesta\/#primaryimage"},"thumbnailUrl":"https:\/\/blogit.gradia.fi\/visu\/wp-content\/uploads\/sites\/82\/2013\/05\/image1.jpg","articleSection":["Visuaalinen myyntity\u00f6"],"inLanguage":"fi","potentialAction":[{"@type":"CommentAction","name":"Comment","target":["https:\/\/blogit.gradia.fi\/visu\/2013\/05\/13\/mallinuken-pukeminen-kokeilu-kaanteisesta-luokkahuoneesta\/#respond"]}]},{"@type":"WebPage","@id":"https:\/\/blogit.gradia.fi\/visu\/2013\/05\/13\/mallinuken-pukeminen-kokeilu-kaanteisesta-luokkahuoneesta\/","url":"https:\/\/blogit.gradia.fi\/visu\/2013\/05\/13\/mallinuken-pukeminen-kokeilu-kaanteisesta-luokkahuoneesta\/","name":"Mallinuken pukeminen - kokeilu k\u00e4\u00e4nteisest\u00e4 luokkahuoneesta - AMMATTILAISEKSI TY\u00d6SS\u00c4OPPIEN","isPartOf":{"@id":"https:\/\/blogit.gradia.fi\/visu\/#website"},"primaryImageOfPage":{"@id":"https:\/\/blogit.gradia.fi\/visu\/2013\/05\/13\/mallinuken-pukeminen-kokeilu-kaanteisesta-luokkahuoneesta\/#primaryimage"},"image":{"@id":"https:\/\/blogit.gradia.fi\/visu\/2013\/05\/13\/mallinuken-pukeminen-kokeilu-kaanteisesta-luokkahuoneesta\/#primaryimage"},"thumbnailUrl":"https:\/\/blogit.gradia.fi\/visu\/wp-content\/uploads\/sites\/82\/2013\/05\/image1.jpg","datePublished":"2013-05-13T11:30:08+00:00","dateModified":"2013-05-15T11:48:38+00:00","author":{"@id":""},"inLanguage":"fi","potentialAction":[{"@type":"ReadAction","target":["https:\/\/blogit.gradia.fi\/visu\/2013\/05\/13\/mallinuken-pukeminen-kokeilu-kaanteisesta-luokkahuoneesta\/"]}]},{"@type":"ImageObject","inLanguage":"fi","@id":"https:\/\/blogit.gradia.fi\/visu\/2013\/05\/13\/mallinuken-pukeminen-kokeilu-kaanteisesta-luokkahuoneesta\/#primaryimage","url":"https:\/\/blogit.gradia.fi\/visu\/wp-content\/uploads\/sites\/82\/2013\/05\/image1.jpg","contentUrl":"https:\/\/blogit.gradia.fi\/visu\/wp-content\/uploads\/sites\/82\/2013\/05\/image1.jpg","width":1024,"height":768},{"@type":"WebSite","@id":"https:\/\/blogit.gradia.fi\/visu\/#website","url":"https:\/\/blogit.gradia.fi\/visu\/","name":"AMMATTILAISEKSI TY\u00d6SS\u00c4OPPIEN","description":"Sivusto, joka kertoo Jyv\u00e4skyl\u00e4n ammattiopiston vuonna 2012 aloittaneen ty\u00f6ss\u00e4oppimispainotteisen luokan opintojen etenemisest\u00e4.","potentialAction":[{"@type":"SearchAction","target":{"@type":"EntryPoint","urlTemplate":"https:\/\/blogit.gradia.fi\/visu\/?s={search_term_string}"},"query-input":{"@type":"PropertyValueSpecification","valueRequired":true,"valueName":"search_term_string"}}],"inLanguage":"fi"},{"@type":"Person","@id":"","url":"https:\/\/blogit.gradia.fi\/visu\/author\/"}]}},"uagb_featured_image_src":{"full":false,"thumbnail":false,"medium":false,"medium_large":false,"large":false,"1536x1536":false,"2048x2048":false,"post-thumbnail":false},"uagb_author_info":{"display_name":"","author_link":"https:\/\/blogit.gradia.fi\/visu\/author\/"},"uagb_comment_info":7,"uagb_excerpt":"Perjantain 17.5 tunneilla LIAM12R -luokan on tarkoitus pukea mallinukkeja k\u00e4yt\u00e4nn\u00f6ss\u00e4 Visuaalisen myyntity\u00f6n kurssilla. Kurssin tahti on tiivis ja aika k\u00e4y v\u00e4hiin. T\u00e4m\u00e4n vuoksi ajattelimme Heinin kanssa kokeilla, jos saamme asiaan hieman &#8221;potkua&#8221;. Oppilaille l\u00e4hetettiin Facebook -ryhm\u00e4n kautta linkki YouTubeen, josta he p\u00e4\u00e4siv\u00e4t kastomaan Explain Everythingill\u00e4 tehdyn, noin 8 minuutin pituisen videon asiasta. Tarkoitus on tutustua&hellip;","_links":{"self":[{"href":"https:\/\/blogit.gradia.fi\/visu\/wp-json\/wp\/v2\/posts\/22","targetHints":{"allow":["GET"]}}],"collection":[{"href":"https:\/\/blogit.gradia.fi\/visu\/wp-json\/wp\/v2\/posts"}],"about":[{"href":"https:\/\/blogit.gradia.fi\/visu\/wp-json\/wp\/v2\/types\/post"}],"author":[{"embeddable":true,"href":"https:\/\/blogit.gradia.fi\/visu\/wp-json\/wp\/v2\/users\/34"}],"replies":[{"embeddable":true,"href":"https:\/\/blogit.gradia.fi\/visu\/wp-json\/wp\/v2\/comments?post=22"}],"version-history":[{"count":0,"href":"https:\/\/blogit.gradia.fi\/visu\/wp-json\/wp\/v2\/posts\/22\/revisions"}],"wp:attachment":[{"href":"https:\/\/blogit.gradia.fi\/visu\/wp-json\/wp\/v2\/media?parent=22"}],"wp:term":[{"taxonomy":"category","embeddable":true,"href":"https:\/\/blogit.gradia.fi\/visu\/wp-json\/wp\/v2\/categories?post=22"},{"taxonomy":"post_tag","embeddable":true,"href":"https:\/\/blogit.gradia.fi\/visu\/wp-json\/wp\/v2\/tags?post=22"}],"curies":[{"name":"wp","href":"https:\/\/api.w.org\/{rel}","templated":true}]}}