{"id":213,"date":"2013-12-05T14:56:00","date_gmt":"2013-12-05T12:56:00","guid":{"rendered":"https:\/\/blogit.gradia.fi\/visu\/?p=213"},"modified":"2013-12-05T20:26:20","modified_gmt":"2013-12-05T18:26:20","slug":"lets-move-to-movia","status":"publish","type":"post","link":"https:\/\/blogit.gradia.fi\/visu\/2013\/12\/05\/lets-move-to-movia\/","title":{"rendered":"Let&#8217;s move to Movia!"},"content":{"rendered":"<p>Priimuksen j\u00e4lkeen p\u00e4\u00e4simme yritysesittelyyn Movia -autokouluun. Saimme kuulla, Moviasta ketjuna, markkinoinnista, toimipisteist\u00e4, koulutustarjonnasta ja muista seikoista.<\/p>\n<p>Pienen esittelyn j\u00e4lkeen p\u00e4\u00e4simme ty\u00f6n touhuun. Tarkoitus oli siis harjoitella tuote-esittelyn taitoja myym\u00e4ll\u00e4 ja esittelem\u00e4ll\u00e4 toisillemme autokoulun kursseja ja tietoa niist\u00e4. Valitettavasti paikalla oli vain nelj\u00e4 t\u00e4htioppilasta, mutta laatu taisi korvata m\u00e4\u00e4r\u00e4n t\u00e4ll\u00e4 kerralla. Muille tiedoksi: per\u00e4st\u00e4 kuuluu teht\u00e4vien mudodossa!<\/p>\n<p>T\u00e4ss\u00e4 muutama otos t\u00e4htihetkist\u00e4mme tiskintakana. Valitetetavasti en nyt saanut t\u00e4h\u00e4nk\u00e4\u00e4n videota ladattua (viel\u00e4):<\/p>\n<p style=\"text-align: center\"><a href=\"https:\/\/blogit.gradia.fi\/visu\/wp-content\/uploads\/sites\/82\/2013\/12\/image4.jpg\"><img loading=\"lazy\" decoding=\"async\" class=\"aligncenter  wp-image-217\" alt=\"image\" src=\"https:\/\/blogit.gradia.fi\/visu\/wp-content\/uploads\/sites\/82\/2013\/12\/image4.jpg\" width=\"491\" height=\"369\" \/><\/a><\/p>\n<p>&nbsp;<\/p>\n<p><a href=\"http:\/\/www.youtube.com\/watch?v=P2SW8YEPCS0&amp;sns=em\"><span style=\"color: #333333\">http:\/\/www.youtube.com\/watch?v=P2SW8YEPCS0&amp;sns=em<\/span><\/a><\/p>\n<p style=\"text-align: center\"><a href=\"https:\/\/blogit.gradia.fi\/visu\/wp-content\/uploads\/sites\/82\/2013\/12\/image3.jpg\"><img loading=\"lazy\" decoding=\"async\" class=\"aligncenter  wp-image-214\" alt=\"image\" src=\"https:\/\/blogit.gradia.fi\/visu\/wp-content\/uploads\/sites\/82\/2013\/12\/image3.jpg\" width=\"480\" height=\"480\" \/><\/a><\/p>\n","protected":false},"excerpt":{"rendered":"<p>Priimuksen j\u00e4lkeen p\u00e4\u00e4simme yritysesittelyyn Movia -autokouluun. Saimme kuulla, Moviasta ketjuna, markkinoinnista, toimipisteist\u00e4, koulutustarjonnasta ja muista seikoista. Pienen esittelyn j\u00e4lkeen p\u00e4\u00e4simme ty\u00f6n touhuun. Tarkoitus oli siis harjoitella tuote-esittelyn taitoja myym\u00e4ll\u00e4 ja esittelem\u00e4ll\u00e4 toisillemme autokoulun kursseja ja tietoa niist\u00e4. Valitettavasti paikalla oli vain nelj\u00e4 t\u00e4htioppilasta, mutta laatu taisi korvata m\u00e4\u00e4r\u00e4n t\u00e4ll\u00e4 kerralla. Muille tiedoksi: per\u00e4st\u00e4 kuuluu teht\u00e4vien [&hellip;]<\/p>\n","protected":false},"author":163,"featured_media":0,"comment_status":"open","ping_status":"open","sticky":false,"template":"","format":"standard","meta":{"_uag_custom_page_level_css":"","footnotes":""},"categories":[1],"tags":[],"class_list":["post-213","post","type-post","status-publish","format-standard","hentry","category-yleinen"],"yoast_head":"<!-- This site is optimized with the Yoast SEO plugin v27.5 - https:\/\/yoast.com\/product\/yoast-seo-wordpress\/ -->\n<title>Let&#039;s move to Movia! - AMMATTILAISEKSI TY\u00d6SS\u00c4OPPIEN<\/title>\n<meta name=\"robots\" content=\"index, follow, max-snippet:-1, max-image-preview:large, max-video-preview:-1\" \/>\n<link rel=\"canonical\" href=\"https:\/\/blogit.gradia.fi\/visu\/2013\/12\/05\/lets-move-to-movia\/\" \/>\n<meta property=\"og:locale\" content=\"fi_FI\" \/>\n<meta property=\"og:type\" content=\"article\" \/>\n<meta property=\"og:title\" content=\"Let&#039;s move to Movia! - AMMATTILAISEKSI TY\u00d6SS\u00c4OPPIEN\" \/>\n<meta property=\"og:description\" content=\"Priimuksen j\u00e4lkeen p\u00e4\u00e4simme yritysesittelyyn Movia -autokouluun. Saimme kuulla, Moviasta ketjuna, markkinoinnista, toimipisteist\u00e4, koulutustarjonnasta ja muista seikoista. Pienen esittelyn j\u00e4lkeen p\u00e4\u00e4simme ty\u00f6n touhuun. Tarkoitus oli siis harjoitella tuote-esittelyn taitoja myym\u00e4ll\u00e4 ja esittelem\u00e4ll\u00e4 toisillemme autokoulun kursseja ja tietoa niist\u00e4. Valitettavasti paikalla oli vain nelj\u00e4 t\u00e4htioppilasta, mutta laatu taisi korvata m\u00e4\u00e4r\u00e4n t\u00e4ll\u00e4 kerralla. Muille tiedoksi: per\u00e4st\u00e4 kuuluu teht\u00e4vien [&hellip;]\" \/>\n<meta property=\"og:url\" content=\"https:\/\/blogit.gradia.fi\/visu\/2013\/12\/05\/lets-move-to-movia\/\" \/>\n<meta property=\"og:site_name\" content=\"AMMATTILAISEKSI TY\u00d6SS\u00c4OPPIEN\" \/>\n<meta property=\"article:published_time\" content=\"2013-12-05T12:56:00+00:00\" \/>\n<meta property=\"article:modified_time\" content=\"2013-12-05T18:26:20+00:00\" \/>\n<meta property=\"og:image\" content=\"https:\/\/blogit.gradia.fi\/visu\/wp-content\/uploads\/sites\/82\/2013\/12\/image4.jpg\" \/>\n<meta name=\"author\" content=\"Henna-Liisa Maljonen\" \/>\n<meta name=\"twitter:card\" content=\"summary_large_image\" \/>\n<meta name=\"twitter:label1\" content=\"Kirjoittanut\" \/>\n\t<meta name=\"twitter:data1\" content=\"Henna-Liisa Maljonen\" \/>\n\t<meta name=\"twitter:label2\" content=\"Arvioitu lukuaika\" \/>\n\t<meta name=\"twitter:data2\" content=\"1 minuutti\" \/>\n<script type=\"application\/ld+json\" class=\"yoast-schema-graph\">{\"@context\":\"https:\\\/\\\/schema.org\",\"@graph\":[{\"@type\":\"Article\",\"@id\":\"https:\\\/\\\/blogit.gradia.fi\\\/visu\\\/2013\\\/12\\\/05\\\/lets-move-to-movia\\\/#article\",\"isPartOf\":{\"@id\":\"https:\\\/\\\/blogit.gradia.fi\\\/visu\\\/2013\\\/12\\\/05\\\/lets-move-to-movia\\\/\"},\"author\":{\"name\":\"Henna-Liisa Maljonen\",\"@id\":\"https:\\\/\\\/blogit.gradia.fi\\\/visu\\\/#\\\/schema\\\/person\\\/2af3d7f8b09506dacfb1224eef2c6478\"},\"headline\":\"Let&#8217;s move to Movia!\",\"datePublished\":\"2013-12-05T12:56:00+00:00\",\"dateModified\":\"2013-12-05T18:26:20+00:00\",\"mainEntityOfPage\":{\"@id\":\"https:\\\/\\\/blogit.gradia.fi\\\/visu\\\/2013\\\/12\\\/05\\\/lets-move-to-movia\\\/\"},\"wordCount\":106,\"commentCount\":0,\"image\":{\"@id\":\"https:\\\/\\\/blogit.gradia.fi\\\/visu\\\/2013\\\/12\\\/05\\\/lets-move-to-movia\\\/#primaryimage\"},\"thumbnailUrl\":\"https:\\\/\\\/blogit.gradia.fi\\\/visu\\\/wp-content\\\/uploads\\\/sites\\\/82\\\/2013\\\/12\\\/image4.jpg\",\"inLanguage\":\"fi\",\"potentialAction\":[{\"@type\":\"CommentAction\",\"name\":\"Comment\",\"target\":[\"https:\\\/\\\/blogit.gradia.fi\\\/visu\\\/2013\\\/12\\\/05\\\/lets-move-to-movia\\\/#respond\"]}]},{\"@type\":\"WebPage\",\"@id\":\"https:\\\/\\\/blogit.gradia.fi\\\/visu\\\/2013\\\/12\\\/05\\\/lets-move-to-movia\\\/\",\"url\":\"https:\\\/\\\/blogit.gradia.fi\\\/visu\\\/2013\\\/12\\\/05\\\/lets-move-to-movia\\\/\",\"name\":\"Let's move to Movia! - AMMATTILAISEKSI TY\u00d6SS\u00c4OPPIEN\",\"isPartOf\":{\"@id\":\"https:\\\/\\\/blogit.gradia.fi\\\/visu\\\/#website\"},\"primaryImageOfPage\":{\"@id\":\"https:\\\/\\\/blogit.gradia.fi\\\/visu\\\/2013\\\/12\\\/05\\\/lets-move-to-movia\\\/#primaryimage\"},\"image\":{\"@id\":\"https:\\\/\\\/blogit.gradia.fi\\\/visu\\\/2013\\\/12\\\/05\\\/lets-move-to-movia\\\/#primaryimage\"},\"thumbnailUrl\":\"https:\\\/\\\/blogit.gradia.fi\\\/visu\\\/wp-content\\\/uploads\\\/sites\\\/82\\\/2013\\\/12\\\/image4.jpg\",\"datePublished\":\"2013-12-05T12:56:00+00:00\",\"dateModified\":\"2013-12-05T18:26:20+00:00\",\"author\":{\"@id\":\"https:\\\/\\\/blogit.gradia.fi\\\/visu\\\/#\\\/schema\\\/person\\\/2af3d7f8b09506dacfb1224eef2c6478\"},\"inLanguage\":\"fi\",\"potentialAction\":[{\"@type\":\"ReadAction\",\"target\":[\"https:\\\/\\\/blogit.gradia.fi\\\/visu\\\/2013\\\/12\\\/05\\\/lets-move-to-movia\\\/\"]}]},{\"@type\":\"ImageObject\",\"inLanguage\":\"fi\",\"@id\":\"https:\\\/\\\/blogit.gradia.fi\\\/visu\\\/2013\\\/12\\\/05\\\/lets-move-to-movia\\\/#primaryimage\",\"url\":\"https:\\\/\\\/blogit.gradia.fi\\\/visu\\\/wp-content\\\/uploads\\\/sites\\\/82\\\/2013\\\/12\\\/image4.jpg\",\"contentUrl\":\"https:\\\/\\\/blogit.gradia.fi\\\/visu\\\/wp-content\\\/uploads\\\/sites\\\/82\\\/2013\\\/12\\\/image4.jpg\",\"width\":960,\"height\":720},{\"@type\":\"WebSite\",\"@id\":\"https:\\\/\\\/blogit.gradia.fi\\\/visu\\\/#website\",\"url\":\"https:\\\/\\\/blogit.gradia.fi\\\/visu\\\/\",\"name\":\"AMMATTILAISEKSI TY\u00d6SS\u00c4OPPIEN\",\"description\":\"Sivusto, joka kertoo Jyv\u00e4skyl\u00e4n ammattiopiston vuonna 2012 aloittaneen ty\u00f6ss\u00e4oppimispainotteisen luokan opintojen etenemisest\u00e4.\",\"potentialAction\":[{\"@type\":\"SearchAction\",\"target\":{\"@type\":\"EntryPoint\",\"urlTemplate\":\"https:\\\/\\\/blogit.gradia.fi\\\/visu\\\/?s={search_term_string}\"},\"query-input\":{\"@type\":\"PropertyValueSpecification\",\"valueRequired\":true,\"valueName\":\"search_term_string\"}}],\"inLanguage\":\"fi\"},{\"@type\":\"Person\",\"@id\":\"https:\\\/\\\/blogit.gradia.fi\\\/visu\\\/#\\\/schema\\\/person\\\/2af3d7f8b09506dacfb1224eef2c6478\",\"name\":\"Henna-Liisa Maljonen\",\"image\":{\"@type\":\"ImageObject\",\"inLanguage\":\"fi\",\"@id\":\"https:\\\/\\\/secure.gravatar.com\\\/avatar\\\/9edabe42a88cf1825dcf2bb1038b105de35ff17a6f576fade817dacd8643f030?s=96&d=mm&r=g\",\"url\":\"https:\\\/\\\/secure.gravatar.com\\\/avatar\\\/9edabe42a88cf1825dcf2bb1038b105de35ff17a6f576fade817dacd8643f030?s=96&d=mm&r=g\",\"contentUrl\":\"https:\\\/\\\/secure.gravatar.com\\\/avatar\\\/9edabe42a88cf1825dcf2bb1038b105de35ff17a6f576fade817dacd8643f030?s=96&d=mm&r=g\",\"caption\":\"Henna-Liisa Maljonen\"},\"url\":\"https:\\\/\\\/blogit.gradia.fi\\\/visu\\\/author\\\/maljohen\\\/\"}]}<\/script>\n<!-- \/ Yoast SEO plugin. -->","yoast_head_json":{"title":"Let's move to Movia! - AMMATTILAISEKSI TY\u00d6SS\u00c4OPPIEN","robots":{"index":"index","follow":"follow","max-snippet":"max-snippet:-1","max-image-preview":"max-image-preview:large","max-video-preview":"max-video-preview:-1"},"canonical":"https:\/\/blogit.gradia.fi\/visu\/2013\/12\/05\/lets-move-to-movia\/","og_locale":"fi_FI","og_type":"article","og_title":"Let's move to Movia! - AMMATTILAISEKSI TY\u00d6SS\u00c4OPPIEN","og_description":"Priimuksen j\u00e4lkeen p\u00e4\u00e4simme yritysesittelyyn Movia -autokouluun. Saimme kuulla, Moviasta ketjuna, markkinoinnista, toimipisteist\u00e4, koulutustarjonnasta ja muista seikoista. Pienen esittelyn j\u00e4lkeen p\u00e4\u00e4simme ty\u00f6n touhuun. Tarkoitus oli siis harjoitella tuote-esittelyn taitoja myym\u00e4ll\u00e4 ja esittelem\u00e4ll\u00e4 toisillemme autokoulun kursseja ja tietoa niist\u00e4. Valitettavasti paikalla oli vain nelj\u00e4 t\u00e4htioppilasta, mutta laatu taisi korvata m\u00e4\u00e4r\u00e4n t\u00e4ll\u00e4 kerralla. Muille tiedoksi: per\u00e4st\u00e4 kuuluu teht\u00e4vien [&hellip;]","og_url":"https:\/\/blogit.gradia.fi\/visu\/2013\/12\/05\/lets-move-to-movia\/","og_site_name":"AMMATTILAISEKSI TY\u00d6SS\u00c4OPPIEN","article_published_time":"2013-12-05T12:56:00+00:00","article_modified_time":"2013-12-05T18:26:20+00:00","og_image":[{"url":"https:\/\/blogit.gradia.fi\/visu\/wp-content\/uploads\/sites\/82\/2013\/12\/image4.jpg","type":"","width":"","height":""}],"author":"Henna-Liisa Maljonen","twitter_card":"summary_large_image","twitter_misc":{"Kirjoittanut":"Henna-Liisa Maljonen","Arvioitu lukuaika":"1 minuutti"},"schema":{"@context":"https:\/\/schema.org","@graph":[{"@type":"Article","@id":"https:\/\/blogit.gradia.fi\/visu\/2013\/12\/05\/lets-move-to-movia\/#article","isPartOf":{"@id":"https:\/\/blogit.gradia.fi\/visu\/2013\/12\/05\/lets-move-to-movia\/"},"author":{"name":"Henna-Liisa Maljonen","@id":"https:\/\/blogit.gradia.fi\/visu\/#\/schema\/person\/2af3d7f8b09506dacfb1224eef2c6478"},"headline":"Let&#8217;s move to Movia!","datePublished":"2013-12-05T12:56:00+00:00","dateModified":"2013-12-05T18:26:20+00:00","mainEntityOfPage":{"@id":"https:\/\/blogit.gradia.fi\/visu\/2013\/12\/05\/lets-move-to-movia\/"},"wordCount":106,"commentCount":0,"image":{"@id":"https:\/\/blogit.gradia.fi\/visu\/2013\/12\/05\/lets-move-to-movia\/#primaryimage"},"thumbnailUrl":"https:\/\/blogit.gradia.fi\/visu\/wp-content\/uploads\/sites\/82\/2013\/12\/image4.jpg","inLanguage":"fi","potentialAction":[{"@type":"CommentAction","name":"Comment","target":["https:\/\/blogit.gradia.fi\/visu\/2013\/12\/05\/lets-move-to-movia\/#respond"]}]},{"@type":"WebPage","@id":"https:\/\/blogit.gradia.fi\/visu\/2013\/12\/05\/lets-move-to-movia\/","url":"https:\/\/blogit.gradia.fi\/visu\/2013\/12\/05\/lets-move-to-movia\/","name":"Let's move to Movia! - AMMATTILAISEKSI TY\u00d6SS\u00c4OPPIEN","isPartOf":{"@id":"https:\/\/blogit.gradia.fi\/visu\/#website"},"primaryImageOfPage":{"@id":"https:\/\/blogit.gradia.fi\/visu\/2013\/12\/05\/lets-move-to-movia\/#primaryimage"},"image":{"@id":"https:\/\/blogit.gradia.fi\/visu\/2013\/12\/05\/lets-move-to-movia\/#primaryimage"},"thumbnailUrl":"https:\/\/blogit.gradia.fi\/visu\/wp-content\/uploads\/sites\/82\/2013\/12\/image4.jpg","datePublished":"2013-12-05T12:56:00+00:00","dateModified":"2013-12-05T18:26:20+00:00","author":{"@id":"https:\/\/blogit.gradia.fi\/visu\/#\/schema\/person\/2af3d7f8b09506dacfb1224eef2c6478"},"inLanguage":"fi","potentialAction":[{"@type":"ReadAction","target":["https:\/\/blogit.gradia.fi\/visu\/2013\/12\/05\/lets-move-to-movia\/"]}]},{"@type":"ImageObject","inLanguage":"fi","@id":"https:\/\/blogit.gradia.fi\/visu\/2013\/12\/05\/lets-move-to-movia\/#primaryimage","url":"https:\/\/blogit.gradia.fi\/visu\/wp-content\/uploads\/sites\/82\/2013\/12\/image4.jpg","contentUrl":"https:\/\/blogit.gradia.fi\/visu\/wp-content\/uploads\/sites\/82\/2013\/12\/image4.jpg","width":960,"height":720},{"@type":"WebSite","@id":"https:\/\/blogit.gradia.fi\/visu\/#website","url":"https:\/\/blogit.gradia.fi\/visu\/","name":"AMMATTILAISEKSI TY\u00d6SS\u00c4OPPIEN","description":"Sivusto, joka kertoo Jyv\u00e4skyl\u00e4n ammattiopiston vuonna 2012 aloittaneen ty\u00f6ss\u00e4oppimispainotteisen luokan opintojen etenemisest\u00e4.","potentialAction":[{"@type":"SearchAction","target":{"@type":"EntryPoint","urlTemplate":"https:\/\/blogit.gradia.fi\/visu\/?s={search_term_string}"},"query-input":{"@type":"PropertyValueSpecification","valueRequired":true,"valueName":"search_term_string"}}],"inLanguage":"fi"},{"@type":"Person","@id":"https:\/\/blogit.gradia.fi\/visu\/#\/schema\/person\/2af3d7f8b09506dacfb1224eef2c6478","name":"Henna-Liisa Maljonen","image":{"@type":"ImageObject","inLanguage":"fi","@id":"https:\/\/secure.gravatar.com\/avatar\/9edabe42a88cf1825dcf2bb1038b105de35ff17a6f576fade817dacd8643f030?s=96&d=mm&r=g","url":"https:\/\/secure.gravatar.com\/avatar\/9edabe42a88cf1825dcf2bb1038b105de35ff17a6f576fade817dacd8643f030?s=96&d=mm&r=g","contentUrl":"https:\/\/secure.gravatar.com\/avatar\/9edabe42a88cf1825dcf2bb1038b105de35ff17a6f576fade817dacd8643f030?s=96&d=mm&r=g","caption":"Henna-Liisa Maljonen"},"url":"https:\/\/blogit.gradia.fi\/visu\/author\/maljohen\/"}]}},"uagb_featured_image_src":{"full":false,"thumbnail":false,"medium":false,"medium_large":false,"large":false,"1536x1536":false,"2048x2048":false,"post-thumbnail":false},"uagb_author_info":{"display_name":"Henna-Liisa Maljonen","author_link":"https:\/\/blogit.gradia.fi\/visu\/author\/maljohen\/"},"uagb_comment_info":5,"uagb_excerpt":"Priimuksen j\u00e4lkeen p\u00e4\u00e4simme yritysesittelyyn Movia -autokouluun. Saimme kuulla, Moviasta ketjuna, markkinoinnista, toimipisteist\u00e4, koulutustarjonnasta ja muista seikoista. Pienen esittelyn j\u00e4lkeen p\u00e4\u00e4simme ty\u00f6n touhuun. Tarkoitus oli siis harjoitella tuote-esittelyn taitoja myym\u00e4ll\u00e4 ja esittelem\u00e4ll\u00e4 toisillemme autokoulun kursseja ja tietoa niist\u00e4. Valitettavasti paikalla oli vain nelj\u00e4 t\u00e4htioppilasta, mutta laatu taisi korvata m\u00e4\u00e4r\u00e4n t\u00e4ll\u00e4 kerralla. Muille tiedoksi: per\u00e4st\u00e4 kuuluu teht\u00e4vien&hellip;","_links":{"self":[{"href":"https:\/\/blogit.gradia.fi\/visu\/wp-json\/wp\/v2\/posts\/213","targetHints":{"allow":["GET"]}}],"collection":[{"href":"https:\/\/blogit.gradia.fi\/visu\/wp-json\/wp\/v2\/posts"}],"about":[{"href":"https:\/\/blogit.gradia.fi\/visu\/wp-json\/wp\/v2\/types\/post"}],"author":[{"embeddable":true,"href":"https:\/\/blogit.gradia.fi\/visu\/wp-json\/wp\/v2\/users\/163"}],"replies":[{"embeddable":true,"href":"https:\/\/blogit.gradia.fi\/visu\/wp-json\/wp\/v2\/comments?post=213"}],"version-history":[{"count":0,"href":"https:\/\/blogit.gradia.fi\/visu\/wp-json\/wp\/v2\/posts\/213\/revisions"}],"wp:attachment":[{"href":"https:\/\/blogit.gradia.fi\/visu\/wp-json\/wp\/v2\/media?parent=213"}],"wp:term":[{"taxonomy":"category","embeddable":true,"href":"https:\/\/blogit.gradia.fi\/visu\/wp-json\/wp\/v2\/categories?post=213"},{"taxonomy":"post_tag","embeddable":true,"href":"https:\/\/blogit.gradia.fi\/visu\/wp-json\/wp\/v2\/tags?post=213"}],"curies":[{"name":"wp","href":"https:\/\/api.w.org\/{rel}","templated":true}]}}