{"id":210,"date":"2013-12-05T14:47:15","date_gmt":"2013-12-05T12:47:15","guid":{"rendered":"https:\/\/blogit.gradia.fi\/visu\/?p=210"},"modified":"2013-12-05T14:47:15","modified_gmt":"2013-12-05T12:47:15","slug":"mita-ma-kirjoitan-tasta-paivasta-apulauseita-tuskaan","status":"publish","type":"post","link":"https:\/\/blogit.gradia.fi\/visu\/2013\/12\/05\/mita-ma-kirjoitan-tasta-paivasta-apulauseita-tuskaan\/","title":{"rendered":"Mit\u00e4 m\u00e4 kirjoitan t\u00e4st\u00e4 p\u00e4iv\u00e4st\u00e4? &#8211; &#8221;apulauseita tuskaan&#8221;"},"content":{"rendered":"<p>Jos kipuilet sen kanssa, mit\u00e4 t\u00e4st\u00e4 p\u00e4iv\u00e4st\u00e4 kirjoitat, t\u00e4ss\u00e4 muutama vinkki:<\/p>\n<p>&#8211; Mit\u00e4 teit, miss\u00e4 ja kenen kanssa?<\/p>\n<p>&#8211; miten asiat eteniv\u00e4t: mit\u00e4 teimme ensin, sen j\u00e4lkeen, lopuksi?<\/p>\n<p>&#8211; lis\u00e4\u00e4 kuvia ja videoita<\/p>\n<p>&#8211; mik\u00e4 oli hy\u00f6dyllisin oppimasi asia<\/p>\n<p>&#8211; mik\u00e4 oli kivoin\/hauskoin kokemasi\/oppimasi asia?<\/p>\n<p>&#8211; mik\u00e4 otti p\u00e4\u00e4h\u00e4n?<\/p>\n<p>&#8211; mink\u00e4 asian tunnistamisessa oli vaikeuksia?<\/p>\n<p>&#8211; tunnelmia, tuntemuksia, el\u00e4myksi\u00e4?<\/p>\n<p>&#8211; Tapalounas: milt\u00e4 ruoka maistui, mit\u00e4 s\u00f6imme?<\/p>\n<p>&#8211; Movia: Mit\u00e4 et aiemmin tiennyt Moviasta?<\/p>\n<p>&#8211; muita mieleen tulevia sattumuksia?<\/p>\n","protected":false},"excerpt":{"rendered":"<p>Jos kipuilet sen kanssa, mit\u00e4 t\u00e4st\u00e4 p\u00e4iv\u00e4st\u00e4 kirjoitat, t\u00e4ss\u00e4 muutama vinkki: &#8211; Mit\u00e4 teit, miss\u00e4 ja kenen kanssa? &#8211; miten asiat eteniv\u00e4t: mit\u00e4 teimme ensin, sen j\u00e4lkeen, lopuksi? &#8211; lis\u00e4\u00e4 kuvia ja videoita &#8211; mik\u00e4 oli hy\u00f6dyllisin oppimasi asia &#8211; mik\u00e4 oli kivoin\/hauskoin kokemasi\/oppimasi asia? &#8211; mik\u00e4 otti p\u00e4\u00e4h\u00e4n? &#8211; mink\u00e4 asian tunnistamisessa oli vaikeuksia? [&hellip;]<\/p>\n","protected":false},"author":163,"featured_media":0,"comment_status":"open","ping_status":"open","sticky":false,"template":"","format":"standard","meta":{"_uag_custom_page_level_css":"","footnotes":""},"categories":[1],"tags":[],"class_list":["post-210","post","type-post","status-publish","format-standard","hentry","category-yleinen"],"yoast_head":"<!-- This site is optimized with the Yoast SEO plugin v27.5 - https:\/\/yoast.com\/product\/yoast-seo-wordpress\/ -->\n<title>Mit\u00e4 m\u00e4 kirjoitan t\u00e4st\u00e4 p\u00e4iv\u00e4st\u00e4? - &quot;apulauseita tuskaan&quot; - AMMATTILAISEKSI TY\u00d6SS\u00c4OPPIEN<\/title>\n<meta name=\"robots\" content=\"index, follow, max-snippet:-1, max-image-preview:large, max-video-preview:-1\" \/>\n<link rel=\"canonical\" href=\"https:\/\/blogit.gradia.fi\/visu\/2013\/12\/05\/mita-ma-kirjoitan-tasta-paivasta-apulauseita-tuskaan\/\" \/>\n<meta property=\"og:locale\" content=\"fi_FI\" \/>\n<meta property=\"og:type\" content=\"article\" \/>\n<meta property=\"og:title\" content=\"Mit\u00e4 m\u00e4 kirjoitan t\u00e4st\u00e4 p\u00e4iv\u00e4st\u00e4? - &quot;apulauseita tuskaan&quot; - AMMATTILAISEKSI TY\u00d6SS\u00c4OPPIEN\" \/>\n<meta property=\"og:description\" content=\"Jos kipuilet sen kanssa, mit\u00e4 t\u00e4st\u00e4 p\u00e4iv\u00e4st\u00e4 kirjoitat, t\u00e4ss\u00e4 muutama vinkki: &#8211; Mit\u00e4 teit, miss\u00e4 ja kenen kanssa? &#8211; miten asiat eteniv\u00e4t: mit\u00e4 teimme ensin, sen j\u00e4lkeen, lopuksi? &#8211; lis\u00e4\u00e4 kuvia ja videoita &#8211; mik\u00e4 oli hy\u00f6dyllisin oppimasi asia &#8211; mik\u00e4 oli kivoin\/hauskoin kokemasi\/oppimasi asia? &#8211; mik\u00e4 otti p\u00e4\u00e4h\u00e4n? &#8211; mink\u00e4 asian tunnistamisessa oli vaikeuksia? [&hellip;]\" \/>\n<meta property=\"og:url\" content=\"https:\/\/blogit.gradia.fi\/visu\/2013\/12\/05\/mita-ma-kirjoitan-tasta-paivasta-apulauseita-tuskaan\/\" \/>\n<meta property=\"og:site_name\" content=\"AMMATTILAISEKSI TY\u00d6SS\u00c4OPPIEN\" \/>\n<meta property=\"article:published_time\" content=\"2013-12-05T12:47:15+00:00\" \/>\n<meta name=\"author\" content=\"Henna-Liisa Maljonen\" \/>\n<meta name=\"twitter:card\" content=\"summary_large_image\" \/>\n<meta name=\"twitter:label1\" content=\"Kirjoittanut\" \/>\n\t<meta name=\"twitter:data1\" content=\"Henna-Liisa Maljonen\" \/>\n<script type=\"application\/ld+json\" class=\"yoast-schema-graph\">{\"@context\":\"https:\\\/\\\/schema.org\",\"@graph\":[{\"@type\":\"Article\",\"@id\":\"https:\\\/\\\/blogit.gradia.fi\\\/visu\\\/2013\\\/12\\\/05\\\/mita-ma-kirjoitan-tasta-paivasta-apulauseita-tuskaan\\\/#article\",\"isPartOf\":{\"@id\":\"https:\\\/\\\/blogit.gradia.fi\\\/visu\\\/2013\\\/12\\\/05\\\/mita-ma-kirjoitan-tasta-paivasta-apulauseita-tuskaan\\\/\"},\"author\":{\"name\":\"Henna-Liisa Maljonen\",\"@id\":\"https:\\\/\\\/blogit.gradia.fi\\\/visu\\\/#\\\/schema\\\/person\\\/2af3d7f8b09506dacfb1224eef2c6478\"},\"headline\":\"Mit\u00e4 m\u00e4 kirjoitan t\u00e4st\u00e4 p\u00e4iv\u00e4st\u00e4? &#8211; &#8221;apulauseita tuskaan&#8221;\",\"datePublished\":\"2013-12-05T12:47:15+00:00\",\"mainEntityOfPage\":{\"@id\":\"https:\\\/\\\/blogit.gradia.fi\\\/visu\\\/2013\\\/12\\\/05\\\/mita-ma-kirjoitan-tasta-paivasta-apulauseita-tuskaan\\\/\"},\"wordCount\":102,\"commentCount\":0,\"inLanguage\":\"fi\",\"potentialAction\":[{\"@type\":\"CommentAction\",\"name\":\"Comment\",\"target\":[\"https:\\\/\\\/blogit.gradia.fi\\\/visu\\\/2013\\\/12\\\/05\\\/mita-ma-kirjoitan-tasta-paivasta-apulauseita-tuskaan\\\/#respond\"]}]},{\"@type\":\"WebPage\",\"@id\":\"https:\\\/\\\/blogit.gradia.fi\\\/visu\\\/2013\\\/12\\\/05\\\/mita-ma-kirjoitan-tasta-paivasta-apulauseita-tuskaan\\\/\",\"url\":\"https:\\\/\\\/blogit.gradia.fi\\\/visu\\\/2013\\\/12\\\/05\\\/mita-ma-kirjoitan-tasta-paivasta-apulauseita-tuskaan\\\/\",\"name\":\"Mit\u00e4 m\u00e4 kirjoitan t\u00e4st\u00e4 p\u00e4iv\u00e4st\u00e4? - \\\"apulauseita tuskaan\\\" - AMMATTILAISEKSI TY\u00d6SS\u00c4OPPIEN\",\"isPartOf\":{\"@id\":\"https:\\\/\\\/blogit.gradia.fi\\\/visu\\\/#website\"},\"datePublished\":\"2013-12-05T12:47:15+00:00\",\"author\":{\"@id\":\"https:\\\/\\\/blogit.gradia.fi\\\/visu\\\/#\\\/schema\\\/person\\\/2af3d7f8b09506dacfb1224eef2c6478\"},\"inLanguage\":\"fi\",\"potentialAction\":[{\"@type\":\"ReadAction\",\"target\":[\"https:\\\/\\\/blogit.gradia.fi\\\/visu\\\/2013\\\/12\\\/05\\\/mita-ma-kirjoitan-tasta-paivasta-apulauseita-tuskaan\\\/\"]}]},{\"@type\":\"WebSite\",\"@id\":\"https:\\\/\\\/blogit.gradia.fi\\\/visu\\\/#website\",\"url\":\"https:\\\/\\\/blogit.gradia.fi\\\/visu\\\/\",\"name\":\"AMMATTILAISEKSI TY\u00d6SS\u00c4OPPIEN\",\"description\":\"Sivusto, joka kertoo Jyv\u00e4skyl\u00e4n ammattiopiston vuonna 2012 aloittaneen ty\u00f6ss\u00e4oppimispainotteisen luokan opintojen etenemisest\u00e4.\",\"potentialAction\":[{\"@type\":\"SearchAction\",\"target\":{\"@type\":\"EntryPoint\",\"urlTemplate\":\"https:\\\/\\\/blogit.gradia.fi\\\/visu\\\/?s={search_term_string}\"},\"query-input\":{\"@type\":\"PropertyValueSpecification\",\"valueRequired\":true,\"valueName\":\"search_term_string\"}}],\"inLanguage\":\"fi\"},{\"@type\":\"Person\",\"@id\":\"https:\\\/\\\/blogit.gradia.fi\\\/visu\\\/#\\\/schema\\\/person\\\/2af3d7f8b09506dacfb1224eef2c6478\",\"name\":\"Henna-Liisa Maljonen\",\"image\":{\"@type\":\"ImageObject\",\"inLanguage\":\"fi\",\"@id\":\"https:\\\/\\\/secure.gravatar.com\\\/avatar\\\/9edabe42a88cf1825dcf2bb1038b105de35ff17a6f576fade817dacd8643f030?s=96&d=mm&r=g\",\"url\":\"https:\\\/\\\/secure.gravatar.com\\\/avatar\\\/9edabe42a88cf1825dcf2bb1038b105de35ff17a6f576fade817dacd8643f030?s=96&d=mm&r=g\",\"contentUrl\":\"https:\\\/\\\/secure.gravatar.com\\\/avatar\\\/9edabe42a88cf1825dcf2bb1038b105de35ff17a6f576fade817dacd8643f030?s=96&d=mm&r=g\",\"caption\":\"Henna-Liisa Maljonen\"},\"url\":\"https:\\\/\\\/blogit.gradia.fi\\\/visu\\\/author\\\/maljohen\\\/\"}]}<\/script>\n<!-- \/ Yoast SEO plugin. -->","yoast_head_json":{"title":"Mit\u00e4 m\u00e4 kirjoitan t\u00e4st\u00e4 p\u00e4iv\u00e4st\u00e4? - \"apulauseita tuskaan\" - AMMATTILAISEKSI TY\u00d6SS\u00c4OPPIEN","robots":{"index":"index","follow":"follow","max-snippet":"max-snippet:-1","max-image-preview":"max-image-preview:large","max-video-preview":"max-video-preview:-1"},"canonical":"https:\/\/blogit.gradia.fi\/visu\/2013\/12\/05\/mita-ma-kirjoitan-tasta-paivasta-apulauseita-tuskaan\/","og_locale":"fi_FI","og_type":"article","og_title":"Mit\u00e4 m\u00e4 kirjoitan t\u00e4st\u00e4 p\u00e4iv\u00e4st\u00e4? - \"apulauseita tuskaan\" - AMMATTILAISEKSI TY\u00d6SS\u00c4OPPIEN","og_description":"Jos kipuilet sen kanssa, mit\u00e4 t\u00e4st\u00e4 p\u00e4iv\u00e4st\u00e4 kirjoitat, t\u00e4ss\u00e4 muutama vinkki: &#8211; Mit\u00e4 teit, miss\u00e4 ja kenen kanssa? &#8211; miten asiat eteniv\u00e4t: mit\u00e4 teimme ensin, sen j\u00e4lkeen, lopuksi? &#8211; lis\u00e4\u00e4 kuvia ja videoita &#8211; mik\u00e4 oli hy\u00f6dyllisin oppimasi asia &#8211; mik\u00e4 oli kivoin\/hauskoin kokemasi\/oppimasi asia? &#8211; mik\u00e4 otti p\u00e4\u00e4h\u00e4n? &#8211; mink\u00e4 asian tunnistamisessa oli vaikeuksia? [&hellip;]","og_url":"https:\/\/blogit.gradia.fi\/visu\/2013\/12\/05\/mita-ma-kirjoitan-tasta-paivasta-apulauseita-tuskaan\/","og_site_name":"AMMATTILAISEKSI TY\u00d6SS\u00c4OPPIEN","article_published_time":"2013-12-05T12:47:15+00:00","author":"Henna-Liisa Maljonen","twitter_card":"summary_large_image","twitter_misc":{"Kirjoittanut":"Henna-Liisa Maljonen"},"schema":{"@context":"https:\/\/schema.org","@graph":[{"@type":"Article","@id":"https:\/\/blogit.gradia.fi\/visu\/2013\/12\/05\/mita-ma-kirjoitan-tasta-paivasta-apulauseita-tuskaan\/#article","isPartOf":{"@id":"https:\/\/blogit.gradia.fi\/visu\/2013\/12\/05\/mita-ma-kirjoitan-tasta-paivasta-apulauseita-tuskaan\/"},"author":{"name":"Henna-Liisa Maljonen","@id":"https:\/\/blogit.gradia.fi\/visu\/#\/schema\/person\/2af3d7f8b09506dacfb1224eef2c6478"},"headline":"Mit\u00e4 m\u00e4 kirjoitan t\u00e4st\u00e4 p\u00e4iv\u00e4st\u00e4? &#8211; &#8221;apulauseita tuskaan&#8221;","datePublished":"2013-12-05T12:47:15+00:00","mainEntityOfPage":{"@id":"https:\/\/blogit.gradia.fi\/visu\/2013\/12\/05\/mita-ma-kirjoitan-tasta-paivasta-apulauseita-tuskaan\/"},"wordCount":102,"commentCount":0,"inLanguage":"fi","potentialAction":[{"@type":"CommentAction","name":"Comment","target":["https:\/\/blogit.gradia.fi\/visu\/2013\/12\/05\/mita-ma-kirjoitan-tasta-paivasta-apulauseita-tuskaan\/#respond"]}]},{"@type":"WebPage","@id":"https:\/\/blogit.gradia.fi\/visu\/2013\/12\/05\/mita-ma-kirjoitan-tasta-paivasta-apulauseita-tuskaan\/","url":"https:\/\/blogit.gradia.fi\/visu\/2013\/12\/05\/mita-ma-kirjoitan-tasta-paivasta-apulauseita-tuskaan\/","name":"Mit\u00e4 m\u00e4 kirjoitan t\u00e4st\u00e4 p\u00e4iv\u00e4st\u00e4? - \"apulauseita tuskaan\" - AMMATTILAISEKSI TY\u00d6SS\u00c4OPPIEN","isPartOf":{"@id":"https:\/\/blogit.gradia.fi\/visu\/#website"},"datePublished":"2013-12-05T12:47:15+00:00","author":{"@id":"https:\/\/blogit.gradia.fi\/visu\/#\/schema\/person\/2af3d7f8b09506dacfb1224eef2c6478"},"inLanguage":"fi","potentialAction":[{"@type":"ReadAction","target":["https:\/\/blogit.gradia.fi\/visu\/2013\/12\/05\/mita-ma-kirjoitan-tasta-paivasta-apulauseita-tuskaan\/"]}]},{"@type":"WebSite","@id":"https:\/\/blogit.gradia.fi\/visu\/#website","url":"https:\/\/blogit.gradia.fi\/visu\/","name":"AMMATTILAISEKSI TY\u00d6SS\u00c4OPPIEN","description":"Sivusto, joka kertoo Jyv\u00e4skyl\u00e4n ammattiopiston vuonna 2012 aloittaneen ty\u00f6ss\u00e4oppimispainotteisen luokan opintojen etenemisest\u00e4.","potentialAction":[{"@type":"SearchAction","target":{"@type":"EntryPoint","urlTemplate":"https:\/\/blogit.gradia.fi\/visu\/?s={search_term_string}"},"query-input":{"@type":"PropertyValueSpecification","valueRequired":true,"valueName":"search_term_string"}}],"inLanguage":"fi"},{"@type":"Person","@id":"https:\/\/blogit.gradia.fi\/visu\/#\/schema\/person\/2af3d7f8b09506dacfb1224eef2c6478","name":"Henna-Liisa Maljonen","image":{"@type":"ImageObject","inLanguage":"fi","@id":"https:\/\/secure.gravatar.com\/avatar\/9edabe42a88cf1825dcf2bb1038b105de35ff17a6f576fade817dacd8643f030?s=96&d=mm&r=g","url":"https:\/\/secure.gravatar.com\/avatar\/9edabe42a88cf1825dcf2bb1038b105de35ff17a6f576fade817dacd8643f030?s=96&d=mm&r=g","contentUrl":"https:\/\/secure.gravatar.com\/avatar\/9edabe42a88cf1825dcf2bb1038b105de35ff17a6f576fade817dacd8643f030?s=96&d=mm&r=g","caption":"Henna-Liisa Maljonen"},"url":"https:\/\/blogit.gradia.fi\/visu\/author\/maljohen\/"}]}},"uagb_featured_image_src":{"full":false,"thumbnail":false,"medium":false,"medium_large":false,"large":false,"1536x1536":false,"2048x2048":false,"post-thumbnail":false},"uagb_author_info":{"display_name":"Henna-Liisa Maljonen","author_link":"https:\/\/blogit.gradia.fi\/visu\/author\/maljohen\/"},"uagb_comment_info":5,"uagb_excerpt":"Jos kipuilet sen kanssa, mit\u00e4 t\u00e4st\u00e4 p\u00e4iv\u00e4st\u00e4 kirjoitat, t\u00e4ss\u00e4 muutama vinkki: &#8211; Mit\u00e4 teit, miss\u00e4 ja kenen kanssa? &#8211; miten asiat eteniv\u00e4t: mit\u00e4 teimme ensin, sen j\u00e4lkeen, lopuksi? &#8211; lis\u00e4\u00e4 kuvia ja videoita &#8211; mik\u00e4 oli hy\u00f6dyllisin oppimasi asia &#8211; mik\u00e4 oli kivoin\/hauskoin kokemasi\/oppimasi asia? &#8211; mik\u00e4 otti p\u00e4\u00e4h\u00e4n? &#8211; mink\u00e4 asian tunnistamisessa oli vaikeuksia?&hellip;","_links":{"self":[{"href":"https:\/\/blogit.gradia.fi\/visu\/wp-json\/wp\/v2\/posts\/210","targetHints":{"allow":["GET"]}}],"collection":[{"href":"https:\/\/blogit.gradia.fi\/visu\/wp-json\/wp\/v2\/posts"}],"about":[{"href":"https:\/\/blogit.gradia.fi\/visu\/wp-json\/wp\/v2\/types\/post"}],"author":[{"embeddable":true,"href":"https:\/\/blogit.gradia.fi\/visu\/wp-json\/wp\/v2\/users\/163"}],"replies":[{"embeddable":true,"href":"https:\/\/blogit.gradia.fi\/visu\/wp-json\/wp\/v2\/comments?post=210"}],"version-history":[{"count":0,"href":"https:\/\/blogit.gradia.fi\/visu\/wp-json\/wp\/v2\/posts\/210\/revisions"}],"wp:attachment":[{"href":"https:\/\/blogit.gradia.fi\/visu\/wp-json\/wp\/v2\/media?parent=210"}],"wp:term":[{"taxonomy":"category","embeddable":true,"href":"https:\/\/blogit.gradia.fi\/visu\/wp-json\/wp\/v2\/categories?post=210"},{"taxonomy":"post_tag","embeddable":true,"href":"https:\/\/blogit.gradia.fi\/visu\/wp-json\/wp\/v2\/tags?post=210"}],"curies":[{"name":"wp","href":"https:\/\/api.w.org\/{rel}","templated":true}]}}