{"id":196,"date":"2013-11-22T00:45:53","date_gmt":"2013-11-21T22:45:53","guid":{"rendered":"https:\/\/blogit.gradia.fi\/visu\/?p=196"},"modified":"2013-11-22T00:45:53","modified_gmt":"2013-11-21T22:45:53","slug":"13-kttn-top-tehtava-ikarajapassi","status":"publish","type":"post","link":"https:\/\/blogit.gradia.fi\/visu\/2013\/11\/22\/13-kttn-top-tehtava-ikarajapassi\/","title":{"rendered":"13. KTT:n TOP -teht\u00e4v\u00e4: Ik\u00e4rajapassi"},"content":{"rendered":"<p>Tarkoitus on syvent\u00e4\u00e4 asioita, jotka keskustelimme\u00a0tunneilla\u00a0\u00a0sek\u00e4 k\u00e4vit l\u00e4pi harjoitusten kautta.<\/p>\n<ul>\n<li>Kerro, miten omavalvontaa toteutetaan ty\u00f6paikallasi? Miten ja mihin esim. tarkistukset kirjataan?<\/li>\n<\/ul>\n<p>&nbsp;<\/p>\n<ul>\n<li>Miten sinua on ohjeistettu? Selvenn\u00e4 t\u00e4t\u00e4 erityisesti niiden tuotteiden kohdalta, joissa kaupoilla eri toimintatavat. Esim. energiajuomat, alle 17-vuotiaan toimiminen kassalla kun joku ostaa alkoholipitoisia juomia jne.<\/li>\n<\/ul>\n<p>&nbsp;<\/p>\n<ul>\n<li>Millaisiin tilanteisiin olet jo joutunut? Kerro\/kuvaile pari \u201dcasea\u201d.\u00a0 Jos oli hankala tilanne, miten selvisit niist\u00e4? N\u00e4m\u00e4 k\u00e4ytiin v\u00e4h\u00e4n tunneilla l\u00e4pi, mutta kirjoita niit\u00e4 nyt (ja my\u00f6hemmin) blogiisi.<\/li>\n<\/ul>\n<div><\/div>\n<ul>\n<li>Voisit kirjoitaa my\u00f6s niist\u00e4 eroista, jotka huomasimme Paulan ja Jennyn vierailun aikana olevan eritavalla Espanjassa kuin Suomessa (esim. alkoholin myyntiaika, nuuska jne.<\/li>\n<\/ul>\n<p>&nbsp;<\/p>\n<ul>\n<li>Huomaathan kirjoittaa blogiisi my\u00f6s niit\u00e4 arjen asioita. T\u00e4n\u00e4\u00e4n tunnilla tuli hienosti monta tapausta esille. Jos on vaikea kirjoittaa niin nauhoita vaikka \u00e4\u00e4nt\u00e4si ja liit\u00e4 se blogiin. Toinen vaihtoehto on ottaa kuvia ja \u00e4\u00e4nitt\u00e4\u00e4 siihen p\u00e4\u00e4lle ja tuoda se blogiin. Tuota voi tehd\u00e4 esim. netiss\u00e4 ilmaisena olevalla screen-o-maticilla joka on todella helppok\u00e4ytt\u00f6inen! Tai ipadill\u00e4 olevalla Exlpain Everythingill\u00e4.<\/li>\n<\/ul>\n<p>&nbsp;<\/p>\n<ul>\n<li>Valmistaudu my\u00f6s tulevaan viikkon k\u00e4ym\u00e4ll\u00e4 l\u00e4pi ty\u00f6paikkasi tavararyhm\u00e4n hallintaa<\/li>\n<\/ul>\n<p>&nbsp;<\/p>\n<p>&nbsp;<\/p>\n<div><\/div>\n<div><\/div>\n","protected":false},"excerpt":{"rendered":"<p>Tarkoitus on syvent\u00e4\u00e4 asioita, jotka keskustelimme\u00a0tunneilla\u00a0\u00a0sek\u00e4 k\u00e4vit l\u00e4pi harjoitusten kautta. Kerro, miten omavalvontaa toteutetaan ty\u00f6paikallasi? Miten ja mihin esim. tarkistukset kirjataan? &nbsp; Miten sinua on ohjeistettu? Selvenn\u00e4 t\u00e4t\u00e4 erityisesti niiden tuotteiden kohdalta, joissa kaupoilla eri toimintatavat. Esim. energiajuomat, alle 17-vuotiaan toimiminen kassalla kun joku ostaa alkoholipitoisia juomia jne. &nbsp; Millaisiin tilanteisiin olet jo joutunut? Kerro\/kuvaile [&hellip;]<\/p>\n","protected":false},"author":163,"featured_media":0,"comment_status":"open","ping_status":"open","sticky":false,"template":"","format":"standard","meta":{"_uag_custom_page_level_css":"","footnotes":""},"categories":[1],"tags":[],"class_list":["post-196","post","type-post","status-publish","format-standard","hentry","category-yleinen"],"yoast_head":"<!-- This site is optimized with the Yoast SEO plugin v27.5 - https:\/\/yoast.com\/product\/yoast-seo-wordpress\/ -->\n<title>13. KTT:n TOP -teht\u00e4v\u00e4: Ik\u00e4rajapassi - AMMATTILAISEKSI TY\u00d6SS\u00c4OPPIEN<\/title>\n<meta name=\"robots\" content=\"index, follow, max-snippet:-1, max-image-preview:large, max-video-preview:-1\" \/>\n<link rel=\"canonical\" href=\"https:\/\/blogit.gradia.fi\/visu\/2013\/11\/22\/13-kttn-top-tehtava-ikarajapassi\/\" \/>\n<meta property=\"og:locale\" content=\"fi_FI\" \/>\n<meta property=\"og:type\" content=\"article\" \/>\n<meta property=\"og:title\" content=\"13. KTT:n TOP -teht\u00e4v\u00e4: Ik\u00e4rajapassi - AMMATTILAISEKSI TY\u00d6SS\u00c4OPPIEN\" \/>\n<meta property=\"og:description\" content=\"Tarkoitus on syvent\u00e4\u00e4 asioita, jotka keskustelimme\u00a0tunneilla\u00a0\u00a0sek\u00e4 k\u00e4vit l\u00e4pi harjoitusten kautta. Kerro, miten omavalvontaa toteutetaan ty\u00f6paikallasi? Miten ja mihin esim. tarkistukset kirjataan? &nbsp; Miten sinua on ohjeistettu? Selvenn\u00e4 t\u00e4t\u00e4 erityisesti niiden tuotteiden kohdalta, joissa kaupoilla eri toimintatavat. Esim. energiajuomat, alle 17-vuotiaan toimiminen kassalla kun joku ostaa alkoholipitoisia juomia jne. &nbsp; Millaisiin tilanteisiin olet jo joutunut? Kerro\/kuvaile [&hellip;]\" \/>\n<meta property=\"og:url\" content=\"https:\/\/blogit.gradia.fi\/visu\/2013\/11\/22\/13-kttn-top-tehtava-ikarajapassi\/\" \/>\n<meta property=\"og:site_name\" content=\"AMMATTILAISEKSI TY\u00d6SS\u00c4OPPIEN\" \/>\n<meta property=\"article:published_time\" content=\"2013-11-21T22:45:53+00:00\" \/>\n<meta name=\"author\" content=\"Henna-Liisa Maljonen\" \/>\n<meta name=\"twitter:card\" content=\"summary_large_image\" \/>\n<meta name=\"twitter:label1\" content=\"Kirjoittanut\" \/>\n\t<meta name=\"twitter:data1\" content=\"Henna-Liisa Maljonen\" \/>\n\t<meta name=\"twitter:label2\" content=\"Arvioitu lukuaika\" \/>\n\t<meta name=\"twitter:data2\" content=\"1 minuutti\" \/>\n<script type=\"application\/ld+json\" class=\"yoast-schema-graph\">{\"@context\":\"https:\\\/\\\/schema.org\",\"@graph\":[{\"@type\":\"Article\",\"@id\":\"https:\\\/\\\/blogit.gradia.fi\\\/visu\\\/2013\\\/11\\\/22\\\/13-kttn-top-tehtava-ikarajapassi\\\/#article\",\"isPartOf\":{\"@id\":\"https:\\\/\\\/blogit.gradia.fi\\\/visu\\\/2013\\\/11\\\/22\\\/13-kttn-top-tehtava-ikarajapassi\\\/\"},\"author\":{\"name\":\"Henna-Liisa Maljonen\",\"@id\":\"https:\\\/\\\/blogit.gradia.fi\\\/visu\\\/#\\\/schema\\\/person\\\/2af3d7f8b09506dacfb1224eef2c6478\"},\"headline\":\"13. KTT:n TOP -teht\u00e4v\u00e4: Ik\u00e4rajapassi\",\"datePublished\":\"2013-11-21T22:45:53+00:00\",\"mainEntityOfPage\":{\"@id\":\"https:\\\/\\\/blogit.gradia.fi\\\/visu\\\/2013\\\/11\\\/22\\\/13-kttn-top-tehtava-ikarajapassi\\\/\"},\"wordCount\":201,\"commentCount\":0,\"inLanguage\":\"fi\",\"potentialAction\":[{\"@type\":\"CommentAction\",\"name\":\"Comment\",\"target\":[\"https:\\\/\\\/blogit.gradia.fi\\\/visu\\\/2013\\\/11\\\/22\\\/13-kttn-top-tehtava-ikarajapassi\\\/#respond\"]}]},{\"@type\":\"WebPage\",\"@id\":\"https:\\\/\\\/blogit.gradia.fi\\\/visu\\\/2013\\\/11\\\/22\\\/13-kttn-top-tehtava-ikarajapassi\\\/\",\"url\":\"https:\\\/\\\/blogit.gradia.fi\\\/visu\\\/2013\\\/11\\\/22\\\/13-kttn-top-tehtava-ikarajapassi\\\/\",\"name\":\"13. KTT:n TOP -teht\u00e4v\u00e4: Ik\u00e4rajapassi - AMMATTILAISEKSI TY\u00d6SS\u00c4OPPIEN\",\"isPartOf\":{\"@id\":\"https:\\\/\\\/blogit.gradia.fi\\\/visu\\\/#website\"},\"datePublished\":\"2013-11-21T22:45:53+00:00\",\"author\":{\"@id\":\"https:\\\/\\\/blogit.gradia.fi\\\/visu\\\/#\\\/schema\\\/person\\\/2af3d7f8b09506dacfb1224eef2c6478\"},\"inLanguage\":\"fi\",\"potentialAction\":[{\"@type\":\"ReadAction\",\"target\":[\"https:\\\/\\\/blogit.gradia.fi\\\/visu\\\/2013\\\/11\\\/22\\\/13-kttn-top-tehtava-ikarajapassi\\\/\"]}]},{\"@type\":\"WebSite\",\"@id\":\"https:\\\/\\\/blogit.gradia.fi\\\/visu\\\/#website\",\"url\":\"https:\\\/\\\/blogit.gradia.fi\\\/visu\\\/\",\"name\":\"AMMATTILAISEKSI TY\u00d6SS\u00c4OPPIEN\",\"description\":\"Sivusto, joka kertoo Jyv\u00e4skyl\u00e4n ammattiopiston vuonna 2012 aloittaneen ty\u00f6ss\u00e4oppimispainotteisen luokan opintojen etenemisest\u00e4.\",\"potentialAction\":[{\"@type\":\"SearchAction\",\"target\":{\"@type\":\"EntryPoint\",\"urlTemplate\":\"https:\\\/\\\/blogit.gradia.fi\\\/visu\\\/?s={search_term_string}\"},\"query-input\":{\"@type\":\"PropertyValueSpecification\",\"valueRequired\":true,\"valueName\":\"search_term_string\"}}],\"inLanguage\":\"fi\"},{\"@type\":\"Person\",\"@id\":\"https:\\\/\\\/blogit.gradia.fi\\\/visu\\\/#\\\/schema\\\/person\\\/2af3d7f8b09506dacfb1224eef2c6478\",\"name\":\"Henna-Liisa Maljonen\",\"image\":{\"@type\":\"ImageObject\",\"inLanguage\":\"fi\",\"@id\":\"https:\\\/\\\/secure.gravatar.com\\\/avatar\\\/9edabe42a88cf1825dcf2bb1038b105de35ff17a6f576fade817dacd8643f030?s=96&d=mm&r=g\",\"url\":\"https:\\\/\\\/secure.gravatar.com\\\/avatar\\\/9edabe42a88cf1825dcf2bb1038b105de35ff17a6f576fade817dacd8643f030?s=96&d=mm&r=g\",\"contentUrl\":\"https:\\\/\\\/secure.gravatar.com\\\/avatar\\\/9edabe42a88cf1825dcf2bb1038b105de35ff17a6f576fade817dacd8643f030?s=96&d=mm&r=g\",\"caption\":\"Henna-Liisa Maljonen\"},\"url\":\"https:\\\/\\\/blogit.gradia.fi\\\/visu\\\/author\\\/maljohen\\\/\"}]}<\/script>\n<!-- \/ Yoast SEO plugin. -->","yoast_head_json":{"title":"13. KTT:n TOP -teht\u00e4v\u00e4: Ik\u00e4rajapassi - AMMATTILAISEKSI TY\u00d6SS\u00c4OPPIEN","robots":{"index":"index","follow":"follow","max-snippet":"max-snippet:-1","max-image-preview":"max-image-preview:large","max-video-preview":"max-video-preview:-1"},"canonical":"https:\/\/blogit.gradia.fi\/visu\/2013\/11\/22\/13-kttn-top-tehtava-ikarajapassi\/","og_locale":"fi_FI","og_type":"article","og_title":"13. KTT:n TOP -teht\u00e4v\u00e4: Ik\u00e4rajapassi - AMMATTILAISEKSI TY\u00d6SS\u00c4OPPIEN","og_description":"Tarkoitus on syvent\u00e4\u00e4 asioita, jotka keskustelimme\u00a0tunneilla\u00a0\u00a0sek\u00e4 k\u00e4vit l\u00e4pi harjoitusten kautta. Kerro, miten omavalvontaa toteutetaan ty\u00f6paikallasi? Miten ja mihin esim. tarkistukset kirjataan? &nbsp; Miten sinua on ohjeistettu? Selvenn\u00e4 t\u00e4t\u00e4 erityisesti niiden tuotteiden kohdalta, joissa kaupoilla eri toimintatavat. Esim. energiajuomat, alle 17-vuotiaan toimiminen kassalla kun joku ostaa alkoholipitoisia juomia jne. &nbsp; Millaisiin tilanteisiin olet jo joutunut? Kerro\/kuvaile [&hellip;]","og_url":"https:\/\/blogit.gradia.fi\/visu\/2013\/11\/22\/13-kttn-top-tehtava-ikarajapassi\/","og_site_name":"AMMATTILAISEKSI TY\u00d6SS\u00c4OPPIEN","article_published_time":"2013-11-21T22:45:53+00:00","author":"Henna-Liisa Maljonen","twitter_card":"summary_large_image","twitter_misc":{"Kirjoittanut":"Henna-Liisa Maljonen","Arvioitu lukuaika":"1 minuutti"},"schema":{"@context":"https:\/\/schema.org","@graph":[{"@type":"Article","@id":"https:\/\/blogit.gradia.fi\/visu\/2013\/11\/22\/13-kttn-top-tehtava-ikarajapassi\/#article","isPartOf":{"@id":"https:\/\/blogit.gradia.fi\/visu\/2013\/11\/22\/13-kttn-top-tehtava-ikarajapassi\/"},"author":{"name":"Henna-Liisa Maljonen","@id":"https:\/\/blogit.gradia.fi\/visu\/#\/schema\/person\/2af3d7f8b09506dacfb1224eef2c6478"},"headline":"13. KTT:n TOP -teht\u00e4v\u00e4: Ik\u00e4rajapassi","datePublished":"2013-11-21T22:45:53+00:00","mainEntityOfPage":{"@id":"https:\/\/blogit.gradia.fi\/visu\/2013\/11\/22\/13-kttn-top-tehtava-ikarajapassi\/"},"wordCount":201,"commentCount":0,"inLanguage":"fi","potentialAction":[{"@type":"CommentAction","name":"Comment","target":["https:\/\/blogit.gradia.fi\/visu\/2013\/11\/22\/13-kttn-top-tehtava-ikarajapassi\/#respond"]}]},{"@type":"WebPage","@id":"https:\/\/blogit.gradia.fi\/visu\/2013\/11\/22\/13-kttn-top-tehtava-ikarajapassi\/","url":"https:\/\/blogit.gradia.fi\/visu\/2013\/11\/22\/13-kttn-top-tehtava-ikarajapassi\/","name":"13. KTT:n TOP -teht\u00e4v\u00e4: Ik\u00e4rajapassi - AMMATTILAISEKSI TY\u00d6SS\u00c4OPPIEN","isPartOf":{"@id":"https:\/\/blogit.gradia.fi\/visu\/#website"},"datePublished":"2013-11-21T22:45:53+00:00","author":{"@id":"https:\/\/blogit.gradia.fi\/visu\/#\/schema\/person\/2af3d7f8b09506dacfb1224eef2c6478"},"inLanguage":"fi","potentialAction":[{"@type":"ReadAction","target":["https:\/\/blogit.gradia.fi\/visu\/2013\/11\/22\/13-kttn-top-tehtava-ikarajapassi\/"]}]},{"@type":"WebSite","@id":"https:\/\/blogit.gradia.fi\/visu\/#website","url":"https:\/\/blogit.gradia.fi\/visu\/","name":"AMMATTILAISEKSI TY\u00d6SS\u00c4OPPIEN","description":"Sivusto, joka kertoo Jyv\u00e4skyl\u00e4n ammattiopiston vuonna 2012 aloittaneen ty\u00f6ss\u00e4oppimispainotteisen luokan opintojen etenemisest\u00e4.","potentialAction":[{"@type":"SearchAction","target":{"@type":"EntryPoint","urlTemplate":"https:\/\/blogit.gradia.fi\/visu\/?s={search_term_string}"},"query-input":{"@type":"PropertyValueSpecification","valueRequired":true,"valueName":"search_term_string"}}],"inLanguage":"fi"},{"@type":"Person","@id":"https:\/\/blogit.gradia.fi\/visu\/#\/schema\/person\/2af3d7f8b09506dacfb1224eef2c6478","name":"Henna-Liisa Maljonen","image":{"@type":"ImageObject","inLanguage":"fi","@id":"https:\/\/secure.gravatar.com\/avatar\/9edabe42a88cf1825dcf2bb1038b105de35ff17a6f576fade817dacd8643f030?s=96&d=mm&r=g","url":"https:\/\/secure.gravatar.com\/avatar\/9edabe42a88cf1825dcf2bb1038b105de35ff17a6f576fade817dacd8643f030?s=96&d=mm&r=g","contentUrl":"https:\/\/secure.gravatar.com\/avatar\/9edabe42a88cf1825dcf2bb1038b105de35ff17a6f576fade817dacd8643f030?s=96&d=mm&r=g","caption":"Henna-Liisa Maljonen"},"url":"https:\/\/blogit.gradia.fi\/visu\/author\/maljohen\/"}]}},"uagb_featured_image_src":{"full":false,"thumbnail":false,"medium":false,"medium_large":false,"large":false,"1536x1536":false,"2048x2048":false,"post-thumbnail":false},"uagb_author_info":{"display_name":"Henna-Liisa Maljonen","author_link":"https:\/\/blogit.gradia.fi\/visu\/author\/maljohen\/"},"uagb_comment_info":6,"uagb_excerpt":"Tarkoitus on syvent\u00e4\u00e4 asioita, jotka keskustelimme\u00a0tunneilla\u00a0\u00a0sek\u00e4 k\u00e4vit l\u00e4pi harjoitusten kautta. Kerro, miten omavalvontaa toteutetaan ty\u00f6paikallasi? Miten ja mihin esim. tarkistukset kirjataan? &nbsp; Miten sinua on ohjeistettu? Selvenn\u00e4 t\u00e4t\u00e4 erityisesti niiden tuotteiden kohdalta, joissa kaupoilla eri toimintatavat. Esim. energiajuomat, alle 17-vuotiaan toimiminen kassalla kun joku ostaa alkoholipitoisia juomia jne. &nbsp; Millaisiin tilanteisiin olet jo joutunut? Kerro\/kuvaile&hellip;","_links":{"self":[{"href":"https:\/\/blogit.gradia.fi\/visu\/wp-json\/wp\/v2\/posts\/196","targetHints":{"allow":["GET"]}}],"collection":[{"href":"https:\/\/blogit.gradia.fi\/visu\/wp-json\/wp\/v2\/posts"}],"about":[{"href":"https:\/\/blogit.gradia.fi\/visu\/wp-json\/wp\/v2\/types\/post"}],"author":[{"embeddable":true,"href":"https:\/\/blogit.gradia.fi\/visu\/wp-json\/wp\/v2\/users\/163"}],"replies":[{"embeddable":true,"href":"https:\/\/blogit.gradia.fi\/visu\/wp-json\/wp\/v2\/comments?post=196"}],"version-history":[{"count":0,"href":"https:\/\/blogit.gradia.fi\/visu\/wp-json\/wp\/v2\/posts\/196\/revisions"}],"wp:attachment":[{"href":"https:\/\/blogit.gradia.fi\/visu\/wp-json\/wp\/v2\/media?parent=196"}],"wp:term":[{"taxonomy":"category","embeddable":true,"href":"https:\/\/blogit.gradia.fi\/visu\/wp-json\/wp\/v2\/categories?post=196"},{"taxonomy":"post_tag","embeddable":true,"href":"https:\/\/blogit.gradia.fi\/visu\/wp-json\/wp\/v2\/tags?post=196"}],"curies":[{"name":"wp","href":"https:\/\/api.w.org\/{rel}","templated":true}]}}