{"id":191,"date":"2013-10-31T15:51:56","date_gmt":"2013-10-31T13:51:56","guid":{"rendered":"https:\/\/blogit.gradia.fi\/visu\/?p=191"},"modified":"2013-10-31T15:51:56","modified_gmt":"2013-10-31T13:51:56","slug":"ideoita-omaan-blogiisi","status":"publish","type":"post","link":"https:\/\/blogit.gradia.fi\/visu\/2013\/10\/31\/ideoita-omaan-blogiisi\/","title":{"rendered":"Ideoita omaan blogiisi"},"content":{"rendered":"<p>1.11.2013 meill\u00e4 on vierailijoina vaatetuspuolen opiskelijoita. Tarkoituksenamme on tehd\u00e4 ideoiden vaihtoa blogikirjoittamisessa. Innolla odotan, mit\u00e4 tuleman pit\u00e4\u00e4.<\/p>\n<p>Jotta vierailusta tulisi jotain k\u00e4tt\u00e4pidemp\u00e4\u00e4 opiskelijoidemmekin blogeihin, niin t\u00e4ss\u00e4 pient\u00e4 teht\u00e4v\u00e4n tynk\u00e4\u00e4 \ud83d\ude42<\/p>\n<p><span style=\"color: #800080\"><em>Perehdytty\u00e4si toisten blogeihin, kirjoita omaan blogiisi 2-3 bloggausideaa, mit\u00e4 aiot k\u00e4ytt\u00e4\u00e4 omassa blogissasi<\/em><\/span>.<\/p>\n","protected":false},"excerpt":{"rendered":"<p>1.11.2013 meill\u00e4 on vierailijoina vaatetuspuolen opiskelijoita. Tarkoituksenamme on tehd\u00e4 ideoiden vaihtoa blogikirjoittamisessa. Innolla odotan, mit\u00e4 tuleman pit\u00e4\u00e4. Jotta vierailusta tulisi jotain k\u00e4tt\u00e4pidemp\u00e4\u00e4 opiskelijoidemmekin blogeihin, niin t\u00e4ss\u00e4 pient\u00e4 teht\u00e4v\u00e4n tynk\u00e4\u00e4 \ud83d\ude42 Perehdytty\u00e4si toisten blogeihin, kirjoita omaan blogiisi 2-3 bloggausideaa, mit\u00e4 aiot k\u00e4ytt\u00e4\u00e4 omassa blogissasi.<\/p>\n","protected":false},"author":165,"featured_media":0,"comment_status":"open","ping_status":"open","sticky":false,"template":"","format":"standard","meta":{"_uag_custom_page_level_css":"","footnotes":""},"categories":[1],"tags":[],"class_list":["post-191","post","type-post","status-publish","format-standard","hentry","category-yleinen"],"yoast_head":"<!-- This site is optimized with the Yoast SEO plugin v27.5 - https:\/\/yoast.com\/product\/yoast-seo-wordpress\/ -->\n<title>Ideoita omaan blogiisi - AMMATTILAISEKSI TY\u00d6SS\u00c4OPPIEN<\/title>\n<meta name=\"robots\" content=\"index, follow, max-snippet:-1, max-image-preview:large, max-video-preview:-1\" \/>\n<link rel=\"canonical\" href=\"https:\/\/blogit.gradia.fi\/visu\/2013\/10\/31\/ideoita-omaan-blogiisi\/\" \/>\n<meta property=\"og:locale\" content=\"fi_FI\" \/>\n<meta property=\"og:type\" content=\"article\" \/>\n<meta property=\"og:title\" content=\"Ideoita omaan blogiisi - AMMATTILAISEKSI TY\u00d6SS\u00c4OPPIEN\" \/>\n<meta property=\"og:description\" content=\"1.11.2013 meill\u00e4 on vierailijoina vaatetuspuolen opiskelijoita. Tarkoituksenamme on tehd\u00e4 ideoiden vaihtoa blogikirjoittamisessa. Innolla odotan, mit\u00e4 tuleman pit\u00e4\u00e4. Jotta vierailusta tulisi jotain k\u00e4tt\u00e4pidemp\u00e4\u00e4 opiskelijoidemmekin blogeihin, niin t\u00e4ss\u00e4 pient\u00e4 teht\u00e4v\u00e4n tynk\u00e4\u00e4 \ud83d\ude42 Perehdytty\u00e4si toisten blogeihin, kirjoita omaan blogiisi 2-3 bloggausideaa, mit\u00e4 aiot k\u00e4ytt\u00e4\u00e4 omassa blogissasi.\" \/>\n<meta property=\"og:url\" content=\"https:\/\/blogit.gradia.fi\/visu\/2013\/10\/31\/ideoita-omaan-blogiisi\/\" \/>\n<meta property=\"og:site_name\" content=\"AMMATTILAISEKSI TY\u00d6SS\u00c4OPPIEN\" \/>\n<meta property=\"article:published_time\" content=\"2013-10-31T13:51:56+00:00\" \/>\n<meta name=\"author\" content=\"Heini Pennanen\" \/>\n<meta name=\"twitter:card\" content=\"summary_large_image\" \/>\n<meta name=\"twitter:label1\" content=\"Kirjoittanut\" \/>\n\t<meta name=\"twitter:data1\" content=\"Heini Pennanen\" \/>\n<script type=\"application\/ld+json\" class=\"yoast-schema-graph\">{\"@context\":\"https:\\\/\\\/schema.org\",\"@graph\":[{\"@type\":\"Article\",\"@id\":\"https:\\\/\\\/blogit.gradia.fi\\\/visu\\\/2013\\\/10\\\/31\\\/ideoita-omaan-blogiisi\\\/#article\",\"isPartOf\":{\"@id\":\"https:\\\/\\\/blogit.gradia.fi\\\/visu\\\/2013\\\/10\\\/31\\\/ideoita-omaan-blogiisi\\\/\"},\"author\":{\"name\":\"Heini Pennanen\",\"@id\":\"https:\\\/\\\/blogit.gradia.fi\\\/visu\\\/#\\\/schema\\\/person\\\/d0b1cfd74c104683772b3edeac4e49ee\"},\"headline\":\"Ideoita omaan blogiisi\",\"datePublished\":\"2013-10-31T13:51:56+00:00\",\"mainEntityOfPage\":{\"@id\":\"https:\\\/\\\/blogit.gradia.fi\\\/visu\\\/2013\\\/10\\\/31\\\/ideoita-omaan-blogiisi\\\/\"},\"wordCount\":51,\"commentCount\":0,\"inLanguage\":\"fi\",\"potentialAction\":[{\"@type\":\"CommentAction\",\"name\":\"Comment\",\"target\":[\"https:\\\/\\\/blogit.gradia.fi\\\/visu\\\/2013\\\/10\\\/31\\\/ideoita-omaan-blogiisi\\\/#respond\"]}]},{\"@type\":\"WebPage\",\"@id\":\"https:\\\/\\\/blogit.gradia.fi\\\/visu\\\/2013\\\/10\\\/31\\\/ideoita-omaan-blogiisi\\\/\",\"url\":\"https:\\\/\\\/blogit.gradia.fi\\\/visu\\\/2013\\\/10\\\/31\\\/ideoita-omaan-blogiisi\\\/\",\"name\":\"Ideoita omaan blogiisi - AMMATTILAISEKSI TY\u00d6SS\u00c4OPPIEN\",\"isPartOf\":{\"@id\":\"https:\\\/\\\/blogit.gradia.fi\\\/visu\\\/#website\"},\"datePublished\":\"2013-10-31T13:51:56+00:00\",\"author\":{\"@id\":\"https:\\\/\\\/blogit.gradia.fi\\\/visu\\\/#\\\/schema\\\/person\\\/d0b1cfd74c104683772b3edeac4e49ee\"},\"inLanguage\":\"fi\",\"potentialAction\":[{\"@type\":\"ReadAction\",\"target\":[\"https:\\\/\\\/blogit.gradia.fi\\\/visu\\\/2013\\\/10\\\/31\\\/ideoita-omaan-blogiisi\\\/\"]}]},{\"@type\":\"WebSite\",\"@id\":\"https:\\\/\\\/blogit.gradia.fi\\\/visu\\\/#website\",\"url\":\"https:\\\/\\\/blogit.gradia.fi\\\/visu\\\/\",\"name\":\"AMMATTILAISEKSI TY\u00d6SS\u00c4OPPIEN\",\"description\":\"Sivusto, joka kertoo Jyv\u00e4skyl\u00e4n ammattiopiston vuonna 2012 aloittaneen ty\u00f6ss\u00e4oppimispainotteisen luokan opintojen etenemisest\u00e4.\",\"potentialAction\":[{\"@type\":\"SearchAction\",\"target\":{\"@type\":\"EntryPoint\",\"urlTemplate\":\"https:\\\/\\\/blogit.gradia.fi\\\/visu\\\/?s={search_term_string}\"},\"query-input\":{\"@type\":\"PropertyValueSpecification\",\"valueRequired\":true,\"valueName\":\"search_term_string\"}}],\"inLanguage\":\"fi\"},{\"@type\":\"Person\",\"@id\":\"https:\\\/\\\/blogit.gradia.fi\\\/visu\\\/#\\\/schema\\\/person\\\/d0b1cfd74c104683772b3edeac4e49ee\",\"name\":\"Heini Pennanen\",\"image\":{\"@type\":\"ImageObject\",\"inLanguage\":\"fi\",\"@id\":\"https:\\\/\\\/secure.gravatar.com\\\/avatar\\\/3df99d3b29e3db1417790cce1fb1d33fa9a76bb7f8318326848fa7c14b5a086a?s=96&d=mm&r=g\",\"url\":\"https:\\\/\\\/secure.gravatar.com\\\/avatar\\\/3df99d3b29e3db1417790cce1fb1d33fa9a76bb7f8318326848fa7c14b5a086a?s=96&d=mm&r=g\",\"contentUrl\":\"https:\\\/\\\/secure.gravatar.com\\\/avatar\\\/3df99d3b29e3db1417790cce1fb1d33fa9a76bb7f8318326848fa7c14b5a086a?s=96&d=mm&r=g\",\"caption\":\"Heini Pennanen\"},\"url\":\"https:\\\/\\\/blogit.gradia.fi\\\/visu\\\/author\\\/pennahei\\\/\"}]}<\/script>\n<!-- \/ Yoast SEO plugin. -->","yoast_head_json":{"title":"Ideoita omaan blogiisi - AMMATTILAISEKSI TY\u00d6SS\u00c4OPPIEN","robots":{"index":"index","follow":"follow","max-snippet":"max-snippet:-1","max-image-preview":"max-image-preview:large","max-video-preview":"max-video-preview:-1"},"canonical":"https:\/\/blogit.gradia.fi\/visu\/2013\/10\/31\/ideoita-omaan-blogiisi\/","og_locale":"fi_FI","og_type":"article","og_title":"Ideoita omaan blogiisi - AMMATTILAISEKSI TY\u00d6SS\u00c4OPPIEN","og_description":"1.11.2013 meill\u00e4 on vierailijoina vaatetuspuolen opiskelijoita. Tarkoituksenamme on tehd\u00e4 ideoiden vaihtoa blogikirjoittamisessa. Innolla odotan, mit\u00e4 tuleman pit\u00e4\u00e4. Jotta vierailusta tulisi jotain k\u00e4tt\u00e4pidemp\u00e4\u00e4 opiskelijoidemmekin blogeihin, niin t\u00e4ss\u00e4 pient\u00e4 teht\u00e4v\u00e4n tynk\u00e4\u00e4 \ud83d\ude42 Perehdytty\u00e4si toisten blogeihin, kirjoita omaan blogiisi 2-3 bloggausideaa, mit\u00e4 aiot k\u00e4ytt\u00e4\u00e4 omassa blogissasi.","og_url":"https:\/\/blogit.gradia.fi\/visu\/2013\/10\/31\/ideoita-omaan-blogiisi\/","og_site_name":"AMMATTILAISEKSI TY\u00d6SS\u00c4OPPIEN","article_published_time":"2013-10-31T13:51:56+00:00","author":"Heini Pennanen","twitter_card":"summary_large_image","twitter_misc":{"Kirjoittanut":"Heini Pennanen"},"schema":{"@context":"https:\/\/schema.org","@graph":[{"@type":"Article","@id":"https:\/\/blogit.gradia.fi\/visu\/2013\/10\/31\/ideoita-omaan-blogiisi\/#article","isPartOf":{"@id":"https:\/\/blogit.gradia.fi\/visu\/2013\/10\/31\/ideoita-omaan-blogiisi\/"},"author":{"name":"Heini Pennanen","@id":"https:\/\/blogit.gradia.fi\/visu\/#\/schema\/person\/d0b1cfd74c104683772b3edeac4e49ee"},"headline":"Ideoita omaan blogiisi","datePublished":"2013-10-31T13:51:56+00:00","mainEntityOfPage":{"@id":"https:\/\/blogit.gradia.fi\/visu\/2013\/10\/31\/ideoita-omaan-blogiisi\/"},"wordCount":51,"commentCount":0,"inLanguage":"fi","potentialAction":[{"@type":"CommentAction","name":"Comment","target":["https:\/\/blogit.gradia.fi\/visu\/2013\/10\/31\/ideoita-omaan-blogiisi\/#respond"]}]},{"@type":"WebPage","@id":"https:\/\/blogit.gradia.fi\/visu\/2013\/10\/31\/ideoita-omaan-blogiisi\/","url":"https:\/\/blogit.gradia.fi\/visu\/2013\/10\/31\/ideoita-omaan-blogiisi\/","name":"Ideoita omaan blogiisi - AMMATTILAISEKSI TY\u00d6SS\u00c4OPPIEN","isPartOf":{"@id":"https:\/\/blogit.gradia.fi\/visu\/#website"},"datePublished":"2013-10-31T13:51:56+00:00","author":{"@id":"https:\/\/blogit.gradia.fi\/visu\/#\/schema\/person\/d0b1cfd74c104683772b3edeac4e49ee"},"inLanguage":"fi","potentialAction":[{"@type":"ReadAction","target":["https:\/\/blogit.gradia.fi\/visu\/2013\/10\/31\/ideoita-omaan-blogiisi\/"]}]},{"@type":"WebSite","@id":"https:\/\/blogit.gradia.fi\/visu\/#website","url":"https:\/\/blogit.gradia.fi\/visu\/","name":"AMMATTILAISEKSI TY\u00d6SS\u00c4OPPIEN","description":"Sivusto, joka kertoo Jyv\u00e4skyl\u00e4n ammattiopiston vuonna 2012 aloittaneen ty\u00f6ss\u00e4oppimispainotteisen luokan opintojen etenemisest\u00e4.","potentialAction":[{"@type":"SearchAction","target":{"@type":"EntryPoint","urlTemplate":"https:\/\/blogit.gradia.fi\/visu\/?s={search_term_string}"},"query-input":{"@type":"PropertyValueSpecification","valueRequired":true,"valueName":"search_term_string"}}],"inLanguage":"fi"},{"@type":"Person","@id":"https:\/\/blogit.gradia.fi\/visu\/#\/schema\/person\/d0b1cfd74c104683772b3edeac4e49ee","name":"Heini Pennanen","image":{"@type":"ImageObject","inLanguage":"fi","@id":"https:\/\/secure.gravatar.com\/avatar\/3df99d3b29e3db1417790cce1fb1d33fa9a76bb7f8318326848fa7c14b5a086a?s=96&d=mm&r=g","url":"https:\/\/secure.gravatar.com\/avatar\/3df99d3b29e3db1417790cce1fb1d33fa9a76bb7f8318326848fa7c14b5a086a?s=96&d=mm&r=g","contentUrl":"https:\/\/secure.gravatar.com\/avatar\/3df99d3b29e3db1417790cce1fb1d33fa9a76bb7f8318326848fa7c14b5a086a?s=96&d=mm&r=g","caption":"Heini Pennanen"},"url":"https:\/\/blogit.gradia.fi\/visu\/author\/pennahei\/"}]}},"uagb_featured_image_src":{"full":false,"thumbnail":false,"medium":false,"medium_large":false,"large":false,"1536x1536":false,"2048x2048":false,"post-thumbnail":false},"uagb_author_info":{"display_name":"Heini Pennanen","author_link":"https:\/\/blogit.gradia.fi\/visu\/author\/pennahei\/"},"uagb_comment_info":1,"uagb_excerpt":"1.11.2013 meill\u00e4 on vierailijoina vaatetuspuolen opiskelijoita. Tarkoituksenamme on tehd\u00e4 ideoiden vaihtoa blogikirjoittamisessa. Innolla odotan, mit\u00e4 tuleman pit\u00e4\u00e4. Jotta vierailusta tulisi jotain k\u00e4tt\u00e4pidemp\u00e4\u00e4 opiskelijoidemmekin blogeihin, niin t\u00e4ss\u00e4 pient\u00e4 teht\u00e4v\u00e4n tynk\u00e4\u00e4 \ud83d\ude42 Perehdytty\u00e4si toisten blogeihin, kirjoita omaan blogiisi 2-3 bloggausideaa, mit\u00e4 aiot k\u00e4ytt\u00e4\u00e4 omassa blogissasi.","_links":{"self":[{"href":"https:\/\/blogit.gradia.fi\/visu\/wp-json\/wp\/v2\/posts\/191","targetHints":{"allow":["GET"]}}],"collection":[{"href":"https:\/\/blogit.gradia.fi\/visu\/wp-json\/wp\/v2\/posts"}],"about":[{"href":"https:\/\/blogit.gradia.fi\/visu\/wp-json\/wp\/v2\/types\/post"}],"author":[{"embeddable":true,"href":"https:\/\/blogit.gradia.fi\/visu\/wp-json\/wp\/v2\/users\/165"}],"replies":[{"embeddable":true,"href":"https:\/\/blogit.gradia.fi\/visu\/wp-json\/wp\/v2\/comments?post=191"}],"version-history":[{"count":0,"href":"https:\/\/blogit.gradia.fi\/visu\/wp-json\/wp\/v2\/posts\/191\/revisions"}],"wp:attachment":[{"href":"https:\/\/blogit.gradia.fi\/visu\/wp-json\/wp\/v2\/media?parent=191"}],"wp:term":[{"taxonomy":"category","embeddable":true,"href":"https:\/\/blogit.gradia.fi\/visu\/wp-json\/wp\/v2\/categories?post=191"},{"taxonomy":"post_tag","embeddable":true,"href":"https:\/\/blogit.gradia.fi\/visu\/wp-json\/wp\/v2\/tags?post=191"}],"curies":[{"name":"wp","href":"https:\/\/api.w.org\/{rel}","templated":true}]}}