{"id":178,"date":"2013-09-27T08:00:40","date_gmt":"2013-09-27T05:00:40","guid":{"rendered":"https:\/\/blogit.gradia.fi\/visu\/?p=178"},"modified":"2013-09-26T10:48:56","modified_gmt":"2013-09-26T07:48:56","slug":"11-kttn-top-tehtava-27-9-omaan-top-paikkaan-perehdyttaminen","status":"publish","type":"post","link":"https:\/\/blogit.gradia.fi\/visu\/2013\/09\/27\/11-kttn-top-tehtava-27-9-omaan-top-paikkaan-perehdyttaminen\/","title":{"rendered":"11. KTT:n TOP-teht\u00e4v\u00e4 27.9. omaan top paikkaan perehdytt\u00e4minen"},"content":{"rendered":"<p>VIERAILIJAN PEREHDYTT\u00c4MINEN TOP-PAIKKAASI<\/p>\n<ol>\n<li>\n<div id=\"docs-internal-guid-2970f1ae-593e-09ee-9484-43998c745e8e\">Suunnittele p\u00e4iv\u00e4ojelma luokkakaverisi vierailua varten.<\/div>\n<\/li>\n<li>Teht\u00e4v\u00e4si on perehdytt\u00e4\u00e4 parisi top-paikkasi toimintaan ja yleisiin k\u00e4yt\u00e4nteisiin.<\/li>\n<\/ol>\n<p style=\"padding-left: 30px\">\u2022Esim. Osastot ja niiden vastaavat, omat ty\u00f6teht\u00e4v\u00e4si, ty\u00f6vuorot, sosiaalitilat, yleiset s\u00e4\u00e4nn\u00f6t sek\u00e4 turvallisuusohjeet.<\/p>\n<p style=\"padding-left: 30px\">3. Tee suunnitelma ja aikataulu<\/p>\n<p style=\"padding-left: 30px\">4. Hyv\u00e4ksyt\u00e4 suunnitelmasi sek\u00e4 opettajalla ett\u00e4 ohjaajallasi<\/p>\n<p dir=\"ltr\">\n<p dir=\"ltr\">Vierailun kesto 6h eli huomioi, mit\u00e4 ty\u00f6teht\u00e4vi\u00e4 voitte luokkakaverisi kanssa\u00a0yhdess\u00e4 p\u00e4iv\u00e4n aikana tehd\u00e4\u00a0 eli voit opettaa toiselle.<\/p>\n","protected":false},"excerpt":{"rendered":"<p>VIERAILIJAN PEREHDYTT\u00c4MINEN TOP-PAIKKAASI Suunnittele p\u00e4iv\u00e4ojelma luokkakaverisi vierailua varten. Teht\u00e4v\u00e4si on perehdytt\u00e4\u00e4 parisi top-paikkasi toimintaan ja yleisiin k\u00e4yt\u00e4nteisiin. \u2022Esim. Osastot ja niiden vastaavat, omat ty\u00f6teht\u00e4v\u00e4si, ty\u00f6vuorot, sosiaalitilat, yleiset s\u00e4\u00e4nn\u00f6t sek\u00e4 turvallisuusohjeet. 3. Tee suunnitelma ja aikataulu 4. Hyv\u00e4ksyt\u00e4 suunnitelmasi sek\u00e4 opettajalla ett\u00e4 ohjaajallasi Vierailun kesto 6h eli huomioi, mit\u00e4 ty\u00f6teht\u00e4vi\u00e4 voitte luokkakaverisi kanssa\u00a0yhdess\u00e4 p\u00e4iv\u00e4n aikana tehd\u00e4\u00a0 [&hellip;]<\/p>\n","protected":false},"author":165,"featured_media":0,"comment_status":"open","ping_status":"open","sticky":false,"template":"","format":"standard","meta":{"_uag_custom_page_level_css":"","footnotes":""},"categories":[3],"tags":[],"class_list":["post-178","post","type-post","status-publish","format-standard","hentry","category-kpm"],"yoast_head":"<!-- This site is optimized with the Yoast SEO plugin v27.5 - https:\/\/yoast.com\/product\/yoast-seo-wordpress\/ -->\n<title>11. KTT:n TOP-teht\u00e4v\u00e4 27.9. omaan top paikkaan perehdytt\u00e4minen - AMMATTILAISEKSI TY\u00d6SS\u00c4OPPIEN<\/title>\n<meta name=\"robots\" content=\"index, follow, max-snippet:-1, max-image-preview:large, max-video-preview:-1\" \/>\n<link rel=\"canonical\" href=\"https:\/\/blogit.gradia.fi\/visu\/2013\/09\/27\/11-kttn-top-tehtava-27-9-omaan-top-paikkaan-perehdyttaminen\/\" \/>\n<meta property=\"og:locale\" content=\"fi_FI\" \/>\n<meta property=\"og:type\" content=\"article\" \/>\n<meta property=\"og:title\" content=\"11. KTT:n TOP-teht\u00e4v\u00e4 27.9. omaan top paikkaan perehdytt\u00e4minen - AMMATTILAISEKSI TY\u00d6SS\u00c4OPPIEN\" \/>\n<meta property=\"og:description\" content=\"VIERAILIJAN PEREHDYTT\u00c4MINEN TOP-PAIKKAASI Suunnittele p\u00e4iv\u00e4ojelma luokkakaverisi vierailua varten. Teht\u00e4v\u00e4si on perehdytt\u00e4\u00e4 parisi top-paikkasi toimintaan ja yleisiin k\u00e4yt\u00e4nteisiin. \u2022Esim. Osastot ja niiden vastaavat, omat ty\u00f6teht\u00e4v\u00e4si, ty\u00f6vuorot, sosiaalitilat, yleiset s\u00e4\u00e4nn\u00f6t sek\u00e4 turvallisuusohjeet. 3. Tee suunnitelma ja aikataulu 4. Hyv\u00e4ksyt\u00e4 suunnitelmasi sek\u00e4 opettajalla ett\u00e4 ohjaajallasi Vierailun kesto 6h eli huomioi, mit\u00e4 ty\u00f6teht\u00e4vi\u00e4 voitte luokkakaverisi kanssa\u00a0yhdess\u00e4 p\u00e4iv\u00e4n aikana tehd\u00e4\u00a0 [&hellip;]\" \/>\n<meta property=\"og:url\" content=\"https:\/\/blogit.gradia.fi\/visu\/2013\/09\/27\/11-kttn-top-tehtava-27-9-omaan-top-paikkaan-perehdyttaminen\/\" \/>\n<meta property=\"og:site_name\" content=\"AMMATTILAISEKSI TY\u00d6SS\u00c4OPPIEN\" \/>\n<meta property=\"article:published_time\" content=\"2013-09-27T05:00:40+00:00\" \/>\n<meta name=\"author\" content=\"Heini Pennanen\" \/>\n<meta name=\"twitter:card\" content=\"summary_large_image\" \/>\n<meta name=\"twitter:label1\" content=\"Kirjoittanut\" \/>\n\t<meta name=\"twitter:data1\" content=\"Heini Pennanen\" \/>\n<script type=\"application\/ld+json\" class=\"yoast-schema-graph\">{\"@context\":\"https:\\\/\\\/schema.org\",\"@graph\":[{\"@type\":\"Article\",\"@id\":\"https:\\\/\\\/blogit.gradia.fi\\\/visu\\\/2013\\\/09\\\/27\\\/11-kttn-top-tehtava-27-9-omaan-top-paikkaan-perehdyttaminen\\\/#article\",\"isPartOf\":{\"@id\":\"https:\\\/\\\/blogit.gradia.fi\\\/visu\\\/2013\\\/09\\\/27\\\/11-kttn-top-tehtava-27-9-omaan-top-paikkaan-perehdyttaminen\\\/\"},\"author\":{\"name\":\"Heini Pennanen\",\"@id\":\"https:\\\/\\\/blogit.gradia.fi\\\/visu\\\/#\\\/schema\\\/person\\\/d0b1cfd74c104683772b3edeac4e49ee\"},\"headline\":\"11. KTT:n TOP-teht\u00e4v\u00e4 27.9. omaan top paikkaan perehdytt\u00e4minen\",\"datePublished\":\"2013-09-27T05:00:40+00:00\",\"mainEntityOfPage\":{\"@id\":\"https:\\\/\\\/blogit.gradia.fi\\\/visu\\\/2013\\\/09\\\/27\\\/11-kttn-top-tehtava-27-9-omaan-top-paikkaan-perehdyttaminen\\\/\"},\"wordCount\":85,\"commentCount\":0,\"articleSection\":[\"Kaupan palvelu ja myynti\"],\"inLanguage\":\"fi\",\"potentialAction\":[{\"@type\":\"CommentAction\",\"name\":\"Comment\",\"target\":[\"https:\\\/\\\/blogit.gradia.fi\\\/visu\\\/2013\\\/09\\\/27\\\/11-kttn-top-tehtava-27-9-omaan-top-paikkaan-perehdyttaminen\\\/#respond\"]}]},{\"@type\":\"WebPage\",\"@id\":\"https:\\\/\\\/blogit.gradia.fi\\\/visu\\\/2013\\\/09\\\/27\\\/11-kttn-top-tehtava-27-9-omaan-top-paikkaan-perehdyttaminen\\\/\",\"url\":\"https:\\\/\\\/blogit.gradia.fi\\\/visu\\\/2013\\\/09\\\/27\\\/11-kttn-top-tehtava-27-9-omaan-top-paikkaan-perehdyttaminen\\\/\",\"name\":\"11. KTT:n TOP-teht\u00e4v\u00e4 27.9. omaan top paikkaan perehdytt\u00e4minen - AMMATTILAISEKSI TY\u00d6SS\u00c4OPPIEN\",\"isPartOf\":{\"@id\":\"https:\\\/\\\/blogit.gradia.fi\\\/visu\\\/#website\"},\"datePublished\":\"2013-09-27T05:00:40+00:00\",\"author\":{\"@id\":\"https:\\\/\\\/blogit.gradia.fi\\\/visu\\\/#\\\/schema\\\/person\\\/d0b1cfd74c104683772b3edeac4e49ee\"},\"inLanguage\":\"fi\",\"potentialAction\":[{\"@type\":\"ReadAction\",\"target\":[\"https:\\\/\\\/blogit.gradia.fi\\\/visu\\\/2013\\\/09\\\/27\\\/11-kttn-top-tehtava-27-9-omaan-top-paikkaan-perehdyttaminen\\\/\"]}]},{\"@type\":\"WebSite\",\"@id\":\"https:\\\/\\\/blogit.gradia.fi\\\/visu\\\/#website\",\"url\":\"https:\\\/\\\/blogit.gradia.fi\\\/visu\\\/\",\"name\":\"AMMATTILAISEKSI TY\u00d6SS\u00c4OPPIEN\",\"description\":\"Sivusto, joka kertoo Jyv\u00e4skyl\u00e4n ammattiopiston vuonna 2012 aloittaneen ty\u00f6ss\u00e4oppimispainotteisen luokan opintojen etenemisest\u00e4.\",\"potentialAction\":[{\"@type\":\"SearchAction\",\"target\":{\"@type\":\"EntryPoint\",\"urlTemplate\":\"https:\\\/\\\/blogit.gradia.fi\\\/visu\\\/?s={search_term_string}\"},\"query-input\":{\"@type\":\"PropertyValueSpecification\",\"valueRequired\":true,\"valueName\":\"search_term_string\"}}],\"inLanguage\":\"fi\"},{\"@type\":\"Person\",\"@id\":\"https:\\\/\\\/blogit.gradia.fi\\\/visu\\\/#\\\/schema\\\/person\\\/d0b1cfd74c104683772b3edeac4e49ee\",\"name\":\"Heini Pennanen\",\"image\":{\"@type\":\"ImageObject\",\"inLanguage\":\"fi\",\"@id\":\"https:\\\/\\\/secure.gravatar.com\\\/avatar\\\/3df99d3b29e3db1417790cce1fb1d33fa9a76bb7f8318326848fa7c14b5a086a?s=96&d=mm&r=g\",\"url\":\"https:\\\/\\\/secure.gravatar.com\\\/avatar\\\/3df99d3b29e3db1417790cce1fb1d33fa9a76bb7f8318326848fa7c14b5a086a?s=96&d=mm&r=g\",\"contentUrl\":\"https:\\\/\\\/secure.gravatar.com\\\/avatar\\\/3df99d3b29e3db1417790cce1fb1d33fa9a76bb7f8318326848fa7c14b5a086a?s=96&d=mm&r=g\",\"caption\":\"Heini Pennanen\"},\"url\":\"https:\\\/\\\/blogit.gradia.fi\\\/visu\\\/author\\\/pennahei\\\/\"}]}<\/script>\n<!-- \/ Yoast SEO plugin. -->","yoast_head_json":{"title":"11. KTT:n TOP-teht\u00e4v\u00e4 27.9. omaan top paikkaan perehdytt\u00e4minen - AMMATTILAISEKSI TY\u00d6SS\u00c4OPPIEN","robots":{"index":"index","follow":"follow","max-snippet":"max-snippet:-1","max-image-preview":"max-image-preview:large","max-video-preview":"max-video-preview:-1"},"canonical":"https:\/\/blogit.gradia.fi\/visu\/2013\/09\/27\/11-kttn-top-tehtava-27-9-omaan-top-paikkaan-perehdyttaminen\/","og_locale":"fi_FI","og_type":"article","og_title":"11. KTT:n TOP-teht\u00e4v\u00e4 27.9. omaan top paikkaan perehdytt\u00e4minen - AMMATTILAISEKSI TY\u00d6SS\u00c4OPPIEN","og_description":"VIERAILIJAN PEREHDYTT\u00c4MINEN TOP-PAIKKAASI Suunnittele p\u00e4iv\u00e4ojelma luokkakaverisi vierailua varten. Teht\u00e4v\u00e4si on perehdytt\u00e4\u00e4 parisi top-paikkasi toimintaan ja yleisiin k\u00e4yt\u00e4nteisiin. \u2022Esim. Osastot ja niiden vastaavat, omat ty\u00f6teht\u00e4v\u00e4si, ty\u00f6vuorot, sosiaalitilat, yleiset s\u00e4\u00e4nn\u00f6t sek\u00e4 turvallisuusohjeet. 3. Tee suunnitelma ja aikataulu 4. Hyv\u00e4ksyt\u00e4 suunnitelmasi sek\u00e4 opettajalla ett\u00e4 ohjaajallasi Vierailun kesto 6h eli huomioi, mit\u00e4 ty\u00f6teht\u00e4vi\u00e4 voitte luokkakaverisi kanssa\u00a0yhdess\u00e4 p\u00e4iv\u00e4n aikana tehd\u00e4\u00a0 [&hellip;]","og_url":"https:\/\/blogit.gradia.fi\/visu\/2013\/09\/27\/11-kttn-top-tehtava-27-9-omaan-top-paikkaan-perehdyttaminen\/","og_site_name":"AMMATTILAISEKSI TY\u00d6SS\u00c4OPPIEN","article_published_time":"2013-09-27T05:00:40+00:00","author":"Heini Pennanen","twitter_card":"summary_large_image","twitter_misc":{"Kirjoittanut":"Heini Pennanen"},"schema":{"@context":"https:\/\/schema.org","@graph":[{"@type":"Article","@id":"https:\/\/blogit.gradia.fi\/visu\/2013\/09\/27\/11-kttn-top-tehtava-27-9-omaan-top-paikkaan-perehdyttaminen\/#article","isPartOf":{"@id":"https:\/\/blogit.gradia.fi\/visu\/2013\/09\/27\/11-kttn-top-tehtava-27-9-omaan-top-paikkaan-perehdyttaminen\/"},"author":{"name":"Heini Pennanen","@id":"https:\/\/blogit.gradia.fi\/visu\/#\/schema\/person\/d0b1cfd74c104683772b3edeac4e49ee"},"headline":"11. KTT:n TOP-teht\u00e4v\u00e4 27.9. omaan top paikkaan perehdytt\u00e4minen","datePublished":"2013-09-27T05:00:40+00:00","mainEntityOfPage":{"@id":"https:\/\/blogit.gradia.fi\/visu\/2013\/09\/27\/11-kttn-top-tehtava-27-9-omaan-top-paikkaan-perehdyttaminen\/"},"wordCount":85,"commentCount":0,"articleSection":["Kaupan palvelu ja myynti"],"inLanguage":"fi","potentialAction":[{"@type":"CommentAction","name":"Comment","target":["https:\/\/blogit.gradia.fi\/visu\/2013\/09\/27\/11-kttn-top-tehtava-27-9-omaan-top-paikkaan-perehdyttaminen\/#respond"]}]},{"@type":"WebPage","@id":"https:\/\/blogit.gradia.fi\/visu\/2013\/09\/27\/11-kttn-top-tehtava-27-9-omaan-top-paikkaan-perehdyttaminen\/","url":"https:\/\/blogit.gradia.fi\/visu\/2013\/09\/27\/11-kttn-top-tehtava-27-9-omaan-top-paikkaan-perehdyttaminen\/","name":"11. KTT:n TOP-teht\u00e4v\u00e4 27.9. omaan top paikkaan perehdytt\u00e4minen - AMMATTILAISEKSI TY\u00d6SS\u00c4OPPIEN","isPartOf":{"@id":"https:\/\/blogit.gradia.fi\/visu\/#website"},"datePublished":"2013-09-27T05:00:40+00:00","author":{"@id":"https:\/\/blogit.gradia.fi\/visu\/#\/schema\/person\/d0b1cfd74c104683772b3edeac4e49ee"},"inLanguage":"fi","potentialAction":[{"@type":"ReadAction","target":["https:\/\/blogit.gradia.fi\/visu\/2013\/09\/27\/11-kttn-top-tehtava-27-9-omaan-top-paikkaan-perehdyttaminen\/"]}]},{"@type":"WebSite","@id":"https:\/\/blogit.gradia.fi\/visu\/#website","url":"https:\/\/blogit.gradia.fi\/visu\/","name":"AMMATTILAISEKSI TY\u00d6SS\u00c4OPPIEN","description":"Sivusto, joka kertoo Jyv\u00e4skyl\u00e4n ammattiopiston vuonna 2012 aloittaneen ty\u00f6ss\u00e4oppimispainotteisen luokan opintojen etenemisest\u00e4.","potentialAction":[{"@type":"SearchAction","target":{"@type":"EntryPoint","urlTemplate":"https:\/\/blogit.gradia.fi\/visu\/?s={search_term_string}"},"query-input":{"@type":"PropertyValueSpecification","valueRequired":true,"valueName":"search_term_string"}}],"inLanguage":"fi"},{"@type":"Person","@id":"https:\/\/blogit.gradia.fi\/visu\/#\/schema\/person\/d0b1cfd74c104683772b3edeac4e49ee","name":"Heini Pennanen","image":{"@type":"ImageObject","inLanguage":"fi","@id":"https:\/\/secure.gravatar.com\/avatar\/3df99d3b29e3db1417790cce1fb1d33fa9a76bb7f8318326848fa7c14b5a086a?s=96&d=mm&r=g","url":"https:\/\/secure.gravatar.com\/avatar\/3df99d3b29e3db1417790cce1fb1d33fa9a76bb7f8318326848fa7c14b5a086a?s=96&d=mm&r=g","contentUrl":"https:\/\/secure.gravatar.com\/avatar\/3df99d3b29e3db1417790cce1fb1d33fa9a76bb7f8318326848fa7c14b5a086a?s=96&d=mm&r=g","caption":"Heini Pennanen"},"url":"https:\/\/blogit.gradia.fi\/visu\/author\/pennahei\/"}]}},"uagb_featured_image_src":{"full":false,"thumbnail":false,"medium":false,"medium_large":false,"large":false,"1536x1536":false,"2048x2048":false,"post-thumbnail":false},"uagb_author_info":{"display_name":"Heini Pennanen","author_link":"https:\/\/blogit.gradia.fi\/visu\/author\/pennahei\/"},"uagb_comment_info":6,"uagb_excerpt":"VIERAILIJAN PEREHDYTT\u00c4MINEN TOP-PAIKKAASI Suunnittele p\u00e4iv\u00e4ojelma luokkakaverisi vierailua varten. Teht\u00e4v\u00e4si on perehdytt\u00e4\u00e4 parisi top-paikkasi toimintaan ja yleisiin k\u00e4yt\u00e4nteisiin. \u2022Esim. Osastot ja niiden vastaavat, omat ty\u00f6teht\u00e4v\u00e4si, ty\u00f6vuorot, sosiaalitilat, yleiset s\u00e4\u00e4nn\u00f6t sek\u00e4 turvallisuusohjeet. 3. Tee suunnitelma ja aikataulu 4. Hyv\u00e4ksyt\u00e4 suunnitelmasi sek\u00e4 opettajalla ett\u00e4 ohjaajallasi Vierailun kesto 6h eli huomioi, mit\u00e4 ty\u00f6teht\u00e4vi\u00e4 voitte luokkakaverisi kanssa\u00a0yhdess\u00e4 p\u00e4iv\u00e4n aikana tehd\u00e4\u00a0&hellip;","_links":{"self":[{"href":"https:\/\/blogit.gradia.fi\/visu\/wp-json\/wp\/v2\/posts\/178","targetHints":{"allow":["GET"]}}],"collection":[{"href":"https:\/\/blogit.gradia.fi\/visu\/wp-json\/wp\/v2\/posts"}],"about":[{"href":"https:\/\/blogit.gradia.fi\/visu\/wp-json\/wp\/v2\/types\/post"}],"author":[{"embeddable":true,"href":"https:\/\/blogit.gradia.fi\/visu\/wp-json\/wp\/v2\/users\/165"}],"replies":[{"embeddable":true,"href":"https:\/\/blogit.gradia.fi\/visu\/wp-json\/wp\/v2\/comments?post=178"}],"version-history":[{"count":0,"href":"https:\/\/blogit.gradia.fi\/visu\/wp-json\/wp\/v2\/posts\/178\/revisions"}],"wp:attachment":[{"href":"https:\/\/blogit.gradia.fi\/visu\/wp-json\/wp\/v2\/media?parent=178"}],"wp:term":[{"taxonomy":"category","embeddable":true,"href":"https:\/\/blogit.gradia.fi\/visu\/wp-json\/wp\/v2\/categories?post=178"},{"taxonomy":"post_tag","embeddable":true,"href":"https:\/\/blogit.gradia.fi\/visu\/wp-json\/wp\/v2\/tags?post=178"}],"curies":[{"name":"wp","href":"https:\/\/api.w.org\/{rel}","templated":true}]}}