{"id":161,"date":"2013-09-25T14:03:37","date_gmt":"2013-09-25T11:03:37","guid":{"rendered":"https:\/\/blogit.gradia.fi\/visu\/?p=161"},"modified":"2013-09-25T15:58:14","modified_gmt":"2013-09-25T12:58:14","slug":"instagram-top-paivakirjan-osana","status":"publish","type":"post","link":"https:\/\/blogit.gradia.fi\/visu\/2013\/09\/25\/instagram-top-paivakirjan-osana\/","title":{"rendered":"Instagram &#8211; top p\u00e4iv\u00e4kirjan osana"},"content":{"rendered":"<p><strong>Uusia ulottuvuuksia Top osaamisen v\u00e4litt\u00e4miseen.<\/strong><\/p>\n<p>Merkonomien Liam12B luokan kanssa kokeilen nyt yhden jakson ajan Instagramin k\u00e4ytt\u00f6\u00e4 kuvallisena top-p\u00e4iv\u00e4kirjana ja t\u00e4ytyy sanoa, ett\u00e4 opettajan n\u00e4k\u00f6kulmasta homma toimii loistavasti.<\/p>\n<p>Min\u00e4 ja opiskelijamme loimme jokainen uudet profiilit ja teimme profiileistamme &#8221;salaisia&#8221; siten, ett\u00e4 vain hyv\u00e4ksym\u00e4mme henkil\u00f6t n\u00e4kev\u00e4t meid\u00e4t ja annamme luvan, ketk\u00e4 meit\u00e4 voivat seurata.<\/p>\n<p>Nyt ensimm\u00e4inen kokonainen top p\u00e4iv\u00e4 on takana ja minulla on k\u00e4sitys siit\u00e4, mit\u00e4 opiskelijat ovat tehneet. Alku vaikuttaa lupaavalta. Lis\u00e4\u00e4 kokeilusta jakson loppupuolella.<\/p>\n","protected":false},"excerpt":{"rendered":"<p>Uusia ulottuvuuksia Top osaamisen v\u00e4litt\u00e4miseen. Merkonomien Liam12B luokan kanssa kokeilen nyt yhden jakson ajan Instagramin k\u00e4ytt\u00f6\u00e4 kuvallisena top-p\u00e4iv\u00e4kirjana ja t\u00e4ytyy sanoa, ett\u00e4 opettajan n\u00e4k\u00f6kulmasta homma toimii loistavasti. Min\u00e4 ja opiskelijamme loimme jokainen uudet profiilit ja teimme profiileistamme &#8221;salaisia&#8221; siten, ett\u00e4 vain hyv\u00e4ksym\u00e4mme henkil\u00f6t n\u00e4kev\u00e4t meid\u00e4t ja annamme luvan, ketk\u00e4 meit\u00e4 voivat seurata. Nyt ensimm\u00e4inen kokonainen [&hellip;]<\/p>\n","protected":false},"author":165,"featured_media":0,"comment_status":"open","ping_status":"open","sticky":false,"template":"","format":"standard","meta":{"_uag_custom_page_level_css":"","footnotes":""},"categories":[1],"tags":[39],"class_list":["post-161","post","type-post","status-publish","format-standard","hentry","category-yleinen","tag-instagram"],"yoast_head":"<!-- This site is optimized with the Yoast SEO plugin v27.5 - https:\/\/yoast.com\/product\/yoast-seo-wordpress\/ -->\n<title>Instagram - top p\u00e4iv\u00e4kirjan osana - AMMATTILAISEKSI TY\u00d6SS\u00c4OPPIEN<\/title>\n<meta name=\"robots\" content=\"index, follow, max-snippet:-1, max-image-preview:large, max-video-preview:-1\" \/>\n<link rel=\"canonical\" href=\"https:\/\/blogit.gradia.fi\/visu\/2013\/09\/25\/instagram-top-paivakirjan-osana\/\" \/>\n<meta property=\"og:locale\" content=\"fi_FI\" \/>\n<meta property=\"og:type\" content=\"article\" \/>\n<meta property=\"og:title\" content=\"Instagram - top p\u00e4iv\u00e4kirjan osana - AMMATTILAISEKSI TY\u00d6SS\u00c4OPPIEN\" \/>\n<meta property=\"og:description\" content=\"Uusia ulottuvuuksia Top osaamisen v\u00e4litt\u00e4miseen. Merkonomien Liam12B luokan kanssa kokeilen nyt yhden jakson ajan Instagramin k\u00e4ytt\u00f6\u00e4 kuvallisena top-p\u00e4iv\u00e4kirjana ja t\u00e4ytyy sanoa, ett\u00e4 opettajan n\u00e4k\u00f6kulmasta homma toimii loistavasti. Min\u00e4 ja opiskelijamme loimme jokainen uudet profiilit ja teimme profiileistamme &#8221;salaisia&#8221; siten, ett\u00e4 vain hyv\u00e4ksym\u00e4mme henkil\u00f6t n\u00e4kev\u00e4t meid\u00e4t ja annamme luvan, ketk\u00e4 meit\u00e4 voivat seurata. Nyt ensimm\u00e4inen kokonainen [&hellip;]\" \/>\n<meta property=\"og:url\" content=\"https:\/\/blogit.gradia.fi\/visu\/2013\/09\/25\/instagram-top-paivakirjan-osana\/\" \/>\n<meta property=\"og:site_name\" content=\"AMMATTILAISEKSI TY\u00d6SS\u00c4OPPIEN\" \/>\n<meta property=\"article:published_time\" content=\"2013-09-25T11:03:37+00:00\" \/>\n<meta property=\"article:modified_time\" content=\"2013-09-25T12:58:14+00:00\" \/>\n<meta name=\"author\" content=\"Heini Pennanen\" \/>\n<meta name=\"twitter:card\" content=\"summary_large_image\" \/>\n<meta name=\"twitter:label1\" content=\"Kirjoittanut\" \/>\n\t<meta name=\"twitter:data1\" content=\"Heini Pennanen\" \/>\n<script type=\"application\/ld+json\" class=\"yoast-schema-graph\">{\"@context\":\"https:\\\/\\\/schema.org\",\"@graph\":[{\"@type\":\"Article\",\"@id\":\"https:\\\/\\\/blogit.gradia.fi\\\/visu\\\/2013\\\/09\\\/25\\\/instagram-top-paivakirjan-osana\\\/#article\",\"isPartOf\":{\"@id\":\"https:\\\/\\\/blogit.gradia.fi\\\/visu\\\/2013\\\/09\\\/25\\\/instagram-top-paivakirjan-osana\\\/\"},\"author\":{\"name\":\"Heini Pennanen\",\"@id\":\"https:\\\/\\\/blogit.gradia.fi\\\/visu\\\/#\\\/schema\\\/person\\\/d0b1cfd74c104683772b3edeac4e49ee\"},\"headline\":\"Instagram &#8211; top p\u00e4iv\u00e4kirjan osana\",\"datePublished\":\"2013-09-25T11:03:37+00:00\",\"dateModified\":\"2013-09-25T12:58:14+00:00\",\"mainEntityOfPage\":{\"@id\":\"https:\\\/\\\/blogit.gradia.fi\\\/visu\\\/2013\\\/09\\\/25\\\/instagram-top-paivakirjan-osana\\\/\"},\"wordCount\":100,\"commentCount\":0,\"keywords\":[\"Instagram\"],\"inLanguage\":\"fi\",\"potentialAction\":[{\"@type\":\"CommentAction\",\"name\":\"Comment\",\"target\":[\"https:\\\/\\\/blogit.gradia.fi\\\/visu\\\/2013\\\/09\\\/25\\\/instagram-top-paivakirjan-osana\\\/#respond\"]}]},{\"@type\":\"WebPage\",\"@id\":\"https:\\\/\\\/blogit.gradia.fi\\\/visu\\\/2013\\\/09\\\/25\\\/instagram-top-paivakirjan-osana\\\/\",\"url\":\"https:\\\/\\\/blogit.gradia.fi\\\/visu\\\/2013\\\/09\\\/25\\\/instagram-top-paivakirjan-osana\\\/\",\"name\":\"Instagram - top p\u00e4iv\u00e4kirjan osana - AMMATTILAISEKSI TY\u00d6SS\u00c4OPPIEN\",\"isPartOf\":{\"@id\":\"https:\\\/\\\/blogit.gradia.fi\\\/visu\\\/#website\"},\"datePublished\":\"2013-09-25T11:03:37+00:00\",\"dateModified\":\"2013-09-25T12:58:14+00:00\",\"author\":{\"@id\":\"https:\\\/\\\/blogit.gradia.fi\\\/visu\\\/#\\\/schema\\\/person\\\/d0b1cfd74c104683772b3edeac4e49ee\"},\"inLanguage\":\"fi\",\"potentialAction\":[{\"@type\":\"ReadAction\",\"target\":[\"https:\\\/\\\/blogit.gradia.fi\\\/visu\\\/2013\\\/09\\\/25\\\/instagram-top-paivakirjan-osana\\\/\"]}]},{\"@type\":\"WebSite\",\"@id\":\"https:\\\/\\\/blogit.gradia.fi\\\/visu\\\/#website\",\"url\":\"https:\\\/\\\/blogit.gradia.fi\\\/visu\\\/\",\"name\":\"AMMATTILAISEKSI TY\u00d6SS\u00c4OPPIEN\",\"description\":\"Sivusto, joka kertoo Jyv\u00e4skyl\u00e4n ammattiopiston vuonna 2012 aloittaneen ty\u00f6ss\u00e4oppimispainotteisen luokan opintojen etenemisest\u00e4.\",\"potentialAction\":[{\"@type\":\"SearchAction\",\"target\":{\"@type\":\"EntryPoint\",\"urlTemplate\":\"https:\\\/\\\/blogit.gradia.fi\\\/visu\\\/?s={search_term_string}\"},\"query-input\":{\"@type\":\"PropertyValueSpecification\",\"valueRequired\":true,\"valueName\":\"search_term_string\"}}],\"inLanguage\":\"fi\"},{\"@type\":\"Person\",\"@id\":\"https:\\\/\\\/blogit.gradia.fi\\\/visu\\\/#\\\/schema\\\/person\\\/d0b1cfd74c104683772b3edeac4e49ee\",\"name\":\"Heini Pennanen\",\"image\":{\"@type\":\"ImageObject\",\"inLanguage\":\"fi\",\"@id\":\"https:\\\/\\\/secure.gravatar.com\\\/avatar\\\/3df99d3b29e3db1417790cce1fb1d33fa9a76bb7f8318326848fa7c14b5a086a?s=96&d=mm&r=g\",\"url\":\"https:\\\/\\\/secure.gravatar.com\\\/avatar\\\/3df99d3b29e3db1417790cce1fb1d33fa9a76bb7f8318326848fa7c14b5a086a?s=96&d=mm&r=g\",\"contentUrl\":\"https:\\\/\\\/secure.gravatar.com\\\/avatar\\\/3df99d3b29e3db1417790cce1fb1d33fa9a76bb7f8318326848fa7c14b5a086a?s=96&d=mm&r=g\",\"caption\":\"Heini Pennanen\"},\"url\":\"https:\\\/\\\/blogit.gradia.fi\\\/visu\\\/author\\\/pennahei\\\/\"}]}<\/script>\n<!-- \/ Yoast SEO plugin. -->","yoast_head_json":{"title":"Instagram - top p\u00e4iv\u00e4kirjan osana - AMMATTILAISEKSI TY\u00d6SS\u00c4OPPIEN","robots":{"index":"index","follow":"follow","max-snippet":"max-snippet:-1","max-image-preview":"max-image-preview:large","max-video-preview":"max-video-preview:-1"},"canonical":"https:\/\/blogit.gradia.fi\/visu\/2013\/09\/25\/instagram-top-paivakirjan-osana\/","og_locale":"fi_FI","og_type":"article","og_title":"Instagram - top p\u00e4iv\u00e4kirjan osana - AMMATTILAISEKSI TY\u00d6SS\u00c4OPPIEN","og_description":"Uusia ulottuvuuksia Top osaamisen v\u00e4litt\u00e4miseen. Merkonomien Liam12B luokan kanssa kokeilen nyt yhden jakson ajan Instagramin k\u00e4ytt\u00f6\u00e4 kuvallisena top-p\u00e4iv\u00e4kirjana ja t\u00e4ytyy sanoa, ett\u00e4 opettajan n\u00e4k\u00f6kulmasta homma toimii loistavasti. Min\u00e4 ja opiskelijamme loimme jokainen uudet profiilit ja teimme profiileistamme &#8221;salaisia&#8221; siten, ett\u00e4 vain hyv\u00e4ksym\u00e4mme henkil\u00f6t n\u00e4kev\u00e4t meid\u00e4t ja annamme luvan, ketk\u00e4 meit\u00e4 voivat seurata. Nyt ensimm\u00e4inen kokonainen [&hellip;]","og_url":"https:\/\/blogit.gradia.fi\/visu\/2013\/09\/25\/instagram-top-paivakirjan-osana\/","og_site_name":"AMMATTILAISEKSI TY\u00d6SS\u00c4OPPIEN","article_published_time":"2013-09-25T11:03:37+00:00","article_modified_time":"2013-09-25T12:58:14+00:00","author":"Heini Pennanen","twitter_card":"summary_large_image","twitter_misc":{"Kirjoittanut":"Heini Pennanen"},"schema":{"@context":"https:\/\/schema.org","@graph":[{"@type":"Article","@id":"https:\/\/blogit.gradia.fi\/visu\/2013\/09\/25\/instagram-top-paivakirjan-osana\/#article","isPartOf":{"@id":"https:\/\/blogit.gradia.fi\/visu\/2013\/09\/25\/instagram-top-paivakirjan-osana\/"},"author":{"name":"Heini Pennanen","@id":"https:\/\/blogit.gradia.fi\/visu\/#\/schema\/person\/d0b1cfd74c104683772b3edeac4e49ee"},"headline":"Instagram &#8211; top p\u00e4iv\u00e4kirjan osana","datePublished":"2013-09-25T11:03:37+00:00","dateModified":"2013-09-25T12:58:14+00:00","mainEntityOfPage":{"@id":"https:\/\/blogit.gradia.fi\/visu\/2013\/09\/25\/instagram-top-paivakirjan-osana\/"},"wordCount":100,"commentCount":0,"keywords":["Instagram"],"inLanguage":"fi","potentialAction":[{"@type":"CommentAction","name":"Comment","target":["https:\/\/blogit.gradia.fi\/visu\/2013\/09\/25\/instagram-top-paivakirjan-osana\/#respond"]}]},{"@type":"WebPage","@id":"https:\/\/blogit.gradia.fi\/visu\/2013\/09\/25\/instagram-top-paivakirjan-osana\/","url":"https:\/\/blogit.gradia.fi\/visu\/2013\/09\/25\/instagram-top-paivakirjan-osana\/","name":"Instagram - top p\u00e4iv\u00e4kirjan osana - AMMATTILAISEKSI TY\u00d6SS\u00c4OPPIEN","isPartOf":{"@id":"https:\/\/blogit.gradia.fi\/visu\/#website"},"datePublished":"2013-09-25T11:03:37+00:00","dateModified":"2013-09-25T12:58:14+00:00","author":{"@id":"https:\/\/blogit.gradia.fi\/visu\/#\/schema\/person\/d0b1cfd74c104683772b3edeac4e49ee"},"inLanguage":"fi","potentialAction":[{"@type":"ReadAction","target":["https:\/\/blogit.gradia.fi\/visu\/2013\/09\/25\/instagram-top-paivakirjan-osana\/"]}]},{"@type":"WebSite","@id":"https:\/\/blogit.gradia.fi\/visu\/#website","url":"https:\/\/blogit.gradia.fi\/visu\/","name":"AMMATTILAISEKSI TY\u00d6SS\u00c4OPPIEN","description":"Sivusto, joka kertoo Jyv\u00e4skyl\u00e4n ammattiopiston vuonna 2012 aloittaneen ty\u00f6ss\u00e4oppimispainotteisen luokan opintojen etenemisest\u00e4.","potentialAction":[{"@type":"SearchAction","target":{"@type":"EntryPoint","urlTemplate":"https:\/\/blogit.gradia.fi\/visu\/?s={search_term_string}"},"query-input":{"@type":"PropertyValueSpecification","valueRequired":true,"valueName":"search_term_string"}}],"inLanguage":"fi"},{"@type":"Person","@id":"https:\/\/blogit.gradia.fi\/visu\/#\/schema\/person\/d0b1cfd74c104683772b3edeac4e49ee","name":"Heini Pennanen","image":{"@type":"ImageObject","inLanguage":"fi","@id":"https:\/\/secure.gravatar.com\/avatar\/3df99d3b29e3db1417790cce1fb1d33fa9a76bb7f8318326848fa7c14b5a086a?s=96&d=mm&r=g","url":"https:\/\/secure.gravatar.com\/avatar\/3df99d3b29e3db1417790cce1fb1d33fa9a76bb7f8318326848fa7c14b5a086a?s=96&d=mm&r=g","contentUrl":"https:\/\/secure.gravatar.com\/avatar\/3df99d3b29e3db1417790cce1fb1d33fa9a76bb7f8318326848fa7c14b5a086a?s=96&d=mm&r=g","caption":"Heini Pennanen"},"url":"https:\/\/blogit.gradia.fi\/visu\/author\/pennahei\/"}]}},"uagb_featured_image_src":{"full":false,"thumbnail":false,"medium":false,"medium_large":false,"large":false,"1536x1536":false,"2048x2048":false,"post-thumbnail":false},"uagb_author_info":{"display_name":"Heini Pennanen","author_link":"https:\/\/blogit.gradia.fi\/visu\/author\/pennahei\/"},"uagb_comment_info":1,"uagb_excerpt":"Uusia ulottuvuuksia Top osaamisen v\u00e4litt\u00e4miseen. Merkonomien Liam12B luokan kanssa kokeilen nyt yhden jakson ajan Instagramin k\u00e4ytt\u00f6\u00e4 kuvallisena top-p\u00e4iv\u00e4kirjana ja t\u00e4ytyy sanoa, ett\u00e4 opettajan n\u00e4k\u00f6kulmasta homma toimii loistavasti. Min\u00e4 ja opiskelijamme loimme jokainen uudet profiilit ja teimme profiileistamme &#8221;salaisia&#8221; siten, ett\u00e4 vain hyv\u00e4ksym\u00e4mme henkil\u00f6t n\u00e4kev\u00e4t meid\u00e4t ja annamme luvan, ketk\u00e4 meit\u00e4 voivat seurata. Nyt ensimm\u00e4inen kokonainen&hellip;","_links":{"self":[{"href":"https:\/\/blogit.gradia.fi\/visu\/wp-json\/wp\/v2\/posts\/161","targetHints":{"allow":["GET"]}}],"collection":[{"href":"https:\/\/blogit.gradia.fi\/visu\/wp-json\/wp\/v2\/posts"}],"about":[{"href":"https:\/\/blogit.gradia.fi\/visu\/wp-json\/wp\/v2\/types\/post"}],"author":[{"embeddable":true,"href":"https:\/\/blogit.gradia.fi\/visu\/wp-json\/wp\/v2\/users\/165"}],"replies":[{"embeddable":true,"href":"https:\/\/blogit.gradia.fi\/visu\/wp-json\/wp\/v2\/comments?post=161"}],"version-history":[{"count":0,"href":"https:\/\/blogit.gradia.fi\/visu\/wp-json\/wp\/v2\/posts\/161\/revisions"}],"wp:attachment":[{"href":"https:\/\/blogit.gradia.fi\/visu\/wp-json\/wp\/v2\/media?parent=161"}],"wp:term":[{"taxonomy":"category","embeddable":true,"href":"https:\/\/blogit.gradia.fi\/visu\/wp-json\/wp\/v2\/categories?post=161"},{"taxonomy":"post_tag","embeddable":true,"href":"https:\/\/blogit.gradia.fi\/visu\/wp-json\/wp\/v2\/tags?post=161"}],"curies":[{"name":"wp","href":"https:\/\/api.w.org\/{rel}","templated":true}]}}