{"id":143,"date":"2013-09-12T11:17:22","date_gmt":"2013-09-12T08:17:22","guid":{"rendered":"https:\/\/blogit.gradia.fi\/visu\/?p=143"},"modified":"2013-09-12T11:17:22","modified_gmt":"2013-09-12T08:17:22","slug":"sahkoiset-palvelut-ja-verkkokauppa-top-paikoilla","status":"publish","type":"post","link":"https:\/\/blogit.gradia.fi\/visu\/2013\/09\/12\/sahkoiset-palvelut-ja-verkkokauppa-top-paikoilla\/","title":{"rendered":"S\u00e4hk\u00f6iset palvelut ja verkkokauppa top -paikoilla"},"content":{"rendered":"<p>Tarkoitus oli t\u00e4n\u00e4\u00e4n aamulla k\u00e4yd\u00e4 l\u00e4pi Learning Cafen kevytversiolla l\u00e4pi edellisen viikon TOP \u2013teht\u00e4vi\u00e4. Unihiekat olivat viel\u00e4 silmiss\u00e4, joten homma ei mennyt ihan kuin Str\u00f6ms\u00f6\u00f6ss\u00e4. Suurimmalta osalta oli TOP \u2013teht\u00e4v\u00e4 6 (s\u00e4hk\u00f6iset palvelut) tekem\u00e4tt\u00e4. Top \u2013teht\u00e4v\u00e4\u00e4 7 (verkkokauppa) oli sent\u00e4\u00e4n jo v\u00e4h\u00e4n ty\u00f6stetty.\u00a0Onneksi oli niit\u00e4kin, jotka olivat kunnolla perehtyneet asioihin.\u00a0Lopputulema oli se, ett\u00e4 k\u00e4vimme nopeasti l\u00e4pi, mit\u00e4 s\u00e4hk\u00f6isi\u00e4 palveluita yrityksiss\u00e4 k\u00e4ytet\u00e4\u00e4n ja miten ruokakauppa voisi toimia verkkokauppana eri kohderyhmien n\u00e4k\u00f6kulmasta. Kohderyhmi\u00e4 olivat vanhukset, nuoret ja lapsiperheet. Lis\u00e4\u00e4 ja tarkempaa tietoa l\u00f6ytyy oppilaiden omista blogeista.<\/p>\n<p>&nbsp;<\/p>\n<p>Yrityksiss\u00e4 k\u00e4ytettyj\u00e4 s\u00e4hk\u00f6isi\u00e4 palveluita l\u00f6ytyi mm. seuraavia oppilaiden ty\u00f6paikoilta:<\/p>\n<p>&#8211;\u00a0\u00a0\u00a0\u00a0\u00a0\u00a0 tarjoukset netiss\u00e4<\/p>\n<p>&#8211;\u00a0\u00a0\u00a0\u00a0\u00a0\u00a0 palauteboxi netiss\u00e4<\/p>\n<p>&#8211;\u00a0\u00a0\u00a0\u00a0\u00a0\u00a0 netiss\u00e4 videot ja vinkit<\/p>\n<p>&#8211;\u00a0\u00a0\u00a0\u00a0\u00a0\u00a0 verkkokauppa ja siihen liittyv\u00e4t jutut<\/p>\n<p>&#8211;\u00a0\u00a0\u00a0\u00a0\u00a0\u00a0 asiakaspalvelua my\u00f6s siell\u00e4<\/p>\n<p>&#8211;\u00a0\u00a0\u00a0\u00a0\u00a0\u00a0 sosiaalinen media esim. facebook<\/p>\n<p>&#8211;\u00a0\u00a0\u00a0\u00a0\u00a0\u00a0 lippujen tilaus (Tiketti, Lippupiste, Lippu \u2013palvelu)<\/p>\n<p>&#8211;\u00a0\u00a0\u00a0\u00a0\u00a0\u00a0 matkahuolto yms.<\/p>\n<p>&#8211;\u00a0\u00a0\u00a0\u00a0\u00a0\u00a0 lahjakortit, spotify, paysafe card<\/p>\n<p>&nbsp;<\/p>\n<p>&nbsp;<\/p>\n<p>Verkkokaupan ideoinnissa p\u00e4\u00e4simme seuraaviin tuloksiin:<\/p>\n<p>&#8211;\u00a0\u00a0\u00a0\u00a0\u00a0\u00a0 ruokakaupasta voisi tilata tuotteita suoraan kotiin<\/p>\n<p>&#8211;\u00a0\u00a0\u00a0\u00a0\u00a0\u00a0 tuotteet voisi tulla hakemaan pakattuna tai tehd\u00e4 kestotilauksen<\/p>\n<p>&#8211;\u00a0\u00a0\u00a0\u00a0\u00a0\u00a0 vanhukset: ei tarvitse k\u00e4vell\u00e4 kauppaan ja kantaa kasseja, tuotteet tilataan netist\u00e4, kuljetus kotiovelle. Kartoitetaan kilometrim\u00e4\u00e4r\u00e4 ja vanhuksen kunto. Hoitaja hakee tilatut tuotteet vaikka l\u00e4hikaupasta ja auttaa tilaamisessa.<\/p>\n<p>&#8211;\u00a0\u00a0\u00a0\u00a0\u00a0\u00a0 lapsiperheet: ei tarvitse k\u00e4ytt\u00e4\u00e4 aikaa kaupassa py\u00f6rimiseen, sopii kiireisille, voisivat tilata isompia m\u00e4\u00e4ri\u00e4 suoraan kotiin eik\u00e4 tarvitsisi kantaa kamalia kauppakasseja ja kulkea huutavien ja kitisevien lasten kanssa ymp\u00e4ri isoa kauppaa<\/p>\n<p>&#8211;\u00a0\u00a0\u00a0\u00a0\u00a0\u00a0 nuoret: kaukana asuvat nuoret voisivat tilata tuotteet kotia. T\u00e4m\u00e4 olisi my\u00f6s hyv\u00e4 esim. paniikkih\u00e4iri\u00f6isille yms. sairaille nuorille<\/p>\n","protected":false},"excerpt":{"rendered":"<p>Tarkoitus oli t\u00e4n\u00e4\u00e4n aamulla k\u00e4yd\u00e4 l\u00e4pi Learning Cafen kevytversiolla l\u00e4pi edellisen viikon TOP \u2013teht\u00e4vi\u00e4. Unihiekat olivat viel\u00e4 silmiss\u00e4, joten homma ei mennyt ihan kuin Str\u00f6ms\u00f6\u00f6ss\u00e4. Suurimmalta osalta oli TOP \u2013teht\u00e4v\u00e4 6 (s\u00e4hk\u00f6iset palvelut) tekem\u00e4tt\u00e4. Top \u2013teht\u00e4v\u00e4\u00e4 7 (verkkokauppa) oli sent\u00e4\u00e4n jo v\u00e4h\u00e4n ty\u00f6stetty.\u00a0Onneksi oli niit\u00e4kin, jotka olivat kunnolla perehtyneet asioihin.\u00a0Lopputulema oli se, ett\u00e4 k\u00e4vimme nopeasti [&hellip;]<\/p>\n","protected":false},"author":163,"featured_media":0,"comment_status":"open","ping_status":"open","sticky":false,"template":"","format":"standard","meta":{"_uag_custom_page_level_css":"","footnotes":""},"categories":[3],"tags":[],"class_list":["post-143","post","type-post","status-publish","format-standard","hentry","category-kpm"],"yoast_head":"<!-- This site is optimized with the Yoast SEO plugin v27.5 - https:\/\/yoast.com\/product\/yoast-seo-wordpress\/ -->\n<title>S\u00e4hk\u00f6iset palvelut ja verkkokauppa top -paikoilla - AMMATTILAISEKSI TY\u00d6SS\u00c4OPPIEN<\/title>\n<meta name=\"robots\" content=\"index, follow, max-snippet:-1, max-image-preview:large, max-video-preview:-1\" \/>\n<link rel=\"canonical\" href=\"https:\/\/blogit.gradia.fi\/visu\/2013\/09\/12\/sahkoiset-palvelut-ja-verkkokauppa-top-paikoilla\/\" \/>\n<meta property=\"og:locale\" content=\"fi_FI\" \/>\n<meta property=\"og:type\" content=\"article\" \/>\n<meta property=\"og:title\" content=\"S\u00e4hk\u00f6iset palvelut ja verkkokauppa top -paikoilla - AMMATTILAISEKSI TY\u00d6SS\u00c4OPPIEN\" \/>\n<meta property=\"og:description\" content=\"Tarkoitus oli t\u00e4n\u00e4\u00e4n aamulla k\u00e4yd\u00e4 l\u00e4pi Learning Cafen kevytversiolla l\u00e4pi edellisen viikon TOP \u2013teht\u00e4vi\u00e4. Unihiekat olivat viel\u00e4 silmiss\u00e4, joten homma ei mennyt ihan kuin Str\u00f6ms\u00f6\u00f6ss\u00e4. Suurimmalta osalta oli TOP \u2013teht\u00e4v\u00e4 6 (s\u00e4hk\u00f6iset palvelut) tekem\u00e4tt\u00e4. Top \u2013teht\u00e4v\u00e4\u00e4 7 (verkkokauppa) oli sent\u00e4\u00e4n jo v\u00e4h\u00e4n ty\u00f6stetty.\u00a0Onneksi oli niit\u00e4kin, jotka olivat kunnolla perehtyneet asioihin.\u00a0Lopputulema oli se, ett\u00e4 k\u00e4vimme nopeasti [&hellip;]\" \/>\n<meta property=\"og:url\" content=\"https:\/\/blogit.gradia.fi\/visu\/2013\/09\/12\/sahkoiset-palvelut-ja-verkkokauppa-top-paikoilla\/\" \/>\n<meta property=\"og:site_name\" content=\"AMMATTILAISEKSI TY\u00d6SS\u00c4OPPIEN\" \/>\n<meta property=\"article:published_time\" content=\"2013-09-12T08:17:22+00:00\" \/>\n<meta name=\"author\" content=\"Henna-Liisa Maljonen\" \/>\n<meta name=\"twitter:card\" content=\"summary_large_image\" \/>\n<meta name=\"twitter:label1\" content=\"Kirjoittanut\" \/>\n\t<meta name=\"twitter:data1\" content=\"Henna-Liisa Maljonen\" \/>\n\t<meta name=\"twitter:label2\" content=\"Arvioitu lukuaika\" \/>\n\t<meta name=\"twitter:data2\" content=\"1 minuutti\" \/>\n<script type=\"application\/ld+json\" class=\"yoast-schema-graph\">{\"@context\":\"https:\\\/\\\/schema.org\",\"@graph\":[{\"@type\":\"Article\",\"@id\":\"https:\\\/\\\/blogit.gradia.fi\\\/visu\\\/2013\\\/09\\\/12\\\/sahkoiset-palvelut-ja-verkkokauppa-top-paikoilla\\\/#article\",\"isPartOf\":{\"@id\":\"https:\\\/\\\/blogit.gradia.fi\\\/visu\\\/2013\\\/09\\\/12\\\/sahkoiset-palvelut-ja-verkkokauppa-top-paikoilla\\\/\"},\"author\":{\"name\":\"Henna-Liisa Maljonen\",\"@id\":\"https:\\\/\\\/blogit.gradia.fi\\\/visu\\\/#\\\/schema\\\/person\\\/2af3d7f8b09506dacfb1224eef2c6478\"},\"headline\":\"S\u00e4hk\u00f6iset palvelut ja verkkokauppa top -paikoilla\",\"datePublished\":\"2013-09-12T08:17:22+00:00\",\"mainEntityOfPage\":{\"@id\":\"https:\\\/\\\/blogit.gradia.fi\\\/visu\\\/2013\\\/09\\\/12\\\/sahkoiset-palvelut-ja-verkkokauppa-top-paikoilla\\\/\"},\"wordCount\":289,\"commentCount\":0,\"articleSection\":[\"Kaupan palvelu ja myynti\"],\"inLanguage\":\"fi\",\"potentialAction\":[{\"@type\":\"CommentAction\",\"name\":\"Comment\",\"target\":[\"https:\\\/\\\/blogit.gradia.fi\\\/visu\\\/2013\\\/09\\\/12\\\/sahkoiset-palvelut-ja-verkkokauppa-top-paikoilla\\\/#respond\"]}]},{\"@type\":\"WebPage\",\"@id\":\"https:\\\/\\\/blogit.gradia.fi\\\/visu\\\/2013\\\/09\\\/12\\\/sahkoiset-palvelut-ja-verkkokauppa-top-paikoilla\\\/\",\"url\":\"https:\\\/\\\/blogit.gradia.fi\\\/visu\\\/2013\\\/09\\\/12\\\/sahkoiset-palvelut-ja-verkkokauppa-top-paikoilla\\\/\",\"name\":\"S\u00e4hk\u00f6iset palvelut ja verkkokauppa top -paikoilla - AMMATTILAISEKSI TY\u00d6SS\u00c4OPPIEN\",\"isPartOf\":{\"@id\":\"https:\\\/\\\/blogit.gradia.fi\\\/visu\\\/#website\"},\"datePublished\":\"2013-09-12T08:17:22+00:00\",\"author\":{\"@id\":\"https:\\\/\\\/blogit.gradia.fi\\\/visu\\\/#\\\/schema\\\/person\\\/2af3d7f8b09506dacfb1224eef2c6478\"},\"inLanguage\":\"fi\",\"potentialAction\":[{\"@type\":\"ReadAction\",\"target\":[\"https:\\\/\\\/blogit.gradia.fi\\\/visu\\\/2013\\\/09\\\/12\\\/sahkoiset-palvelut-ja-verkkokauppa-top-paikoilla\\\/\"]}]},{\"@type\":\"WebSite\",\"@id\":\"https:\\\/\\\/blogit.gradia.fi\\\/visu\\\/#website\",\"url\":\"https:\\\/\\\/blogit.gradia.fi\\\/visu\\\/\",\"name\":\"AMMATTILAISEKSI TY\u00d6SS\u00c4OPPIEN\",\"description\":\"Sivusto, joka kertoo Jyv\u00e4skyl\u00e4n ammattiopiston vuonna 2012 aloittaneen ty\u00f6ss\u00e4oppimispainotteisen luokan opintojen etenemisest\u00e4.\",\"potentialAction\":[{\"@type\":\"SearchAction\",\"target\":{\"@type\":\"EntryPoint\",\"urlTemplate\":\"https:\\\/\\\/blogit.gradia.fi\\\/visu\\\/?s={search_term_string}\"},\"query-input\":{\"@type\":\"PropertyValueSpecification\",\"valueRequired\":true,\"valueName\":\"search_term_string\"}}],\"inLanguage\":\"fi\"},{\"@type\":\"Person\",\"@id\":\"https:\\\/\\\/blogit.gradia.fi\\\/visu\\\/#\\\/schema\\\/person\\\/2af3d7f8b09506dacfb1224eef2c6478\",\"name\":\"Henna-Liisa Maljonen\",\"image\":{\"@type\":\"ImageObject\",\"inLanguage\":\"fi\",\"@id\":\"https:\\\/\\\/secure.gravatar.com\\\/avatar\\\/9edabe42a88cf1825dcf2bb1038b105de35ff17a6f576fade817dacd8643f030?s=96&d=mm&r=g\",\"url\":\"https:\\\/\\\/secure.gravatar.com\\\/avatar\\\/9edabe42a88cf1825dcf2bb1038b105de35ff17a6f576fade817dacd8643f030?s=96&d=mm&r=g\",\"contentUrl\":\"https:\\\/\\\/secure.gravatar.com\\\/avatar\\\/9edabe42a88cf1825dcf2bb1038b105de35ff17a6f576fade817dacd8643f030?s=96&d=mm&r=g\",\"caption\":\"Henna-Liisa Maljonen\"},\"url\":\"https:\\\/\\\/blogit.gradia.fi\\\/visu\\\/author\\\/maljohen\\\/\"}]}<\/script>\n<!-- \/ Yoast SEO plugin. -->","yoast_head_json":{"title":"S\u00e4hk\u00f6iset palvelut ja verkkokauppa top -paikoilla - AMMATTILAISEKSI TY\u00d6SS\u00c4OPPIEN","robots":{"index":"index","follow":"follow","max-snippet":"max-snippet:-1","max-image-preview":"max-image-preview:large","max-video-preview":"max-video-preview:-1"},"canonical":"https:\/\/blogit.gradia.fi\/visu\/2013\/09\/12\/sahkoiset-palvelut-ja-verkkokauppa-top-paikoilla\/","og_locale":"fi_FI","og_type":"article","og_title":"S\u00e4hk\u00f6iset palvelut ja verkkokauppa top -paikoilla - AMMATTILAISEKSI TY\u00d6SS\u00c4OPPIEN","og_description":"Tarkoitus oli t\u00e4n\u00e4\u00e4n aamulla k\u00e4yd\u00e4 l\u00e4pi Learning Cafen kevytversiolla l\u00e4pi edellisen viikon TOP \u2013teht\u00e4vi\u00e4. Unihiekat olivat viel\u00e4 silmiss\u00e4, joten homma ei mennyt ihan kuin Str\u00f6ms\u00f6\u00f6ss\u00e4. Suurimmalta osalta oli TOP \u2013teht\u00e4v\u00e4 6 (s\u00e4hk\u00f6iset palvelut) tekem\u00e4tt\u00e4. Top \u2013teht\u00e4v\u00e4\u00e4 7 (verkkokauppa) oli sent\u00e4\u00e4n jo v\u00e4h\u00e4n ty\u00f6stetty.\u00a0Onneksi oli niit\u00e4kin, jotka olivat kunnolla perehtyneet asioihin.\u00a0Lopputulema oli se, ett\u00e4 k\u00e4vimme nopeasti [&hellip;]","og_url":"https:\/\/blogit.gradia.fi\/visu\/2013\/09\/12\/sahkoiset-palvelut-ja-verkkokauppa-top-paikoilla\/","og_site_name":"AMMATTILAISEKSI TY\u00d6SS\u00c4OPPIEN","article_published_time":"2013-09-12T08:17:22+00:00","author":"Henna-Liisa Maljonen","twitter_card":"summary_large_image","twitter_misc":{"Kirjoittanut":"Henna-Liisa Maljonen","Arvioitu lukuaika":"1 minuutti"},"schema":{"@context":"https:\/\/schema.org","@graph":[{"@type":"Article","@id":"https:\/\/blogit.gradia.fi\/visu\/2013\/09\/12\/sahkoiset-palvelut-ja-verkkokauppa-top-paikoilla\/#article","isPartOf":{"@id":"https:\/\/blogit.gradia.fi\/visu\/2013\/09\/12\/sahkoiset-palvelut-ja-verkkokauppa-top-paikoilla\/"},"author":{"name":"Henna-Liisa Maljonen","@id":"https:\/\/blogit.gradia.fi\/visu\/#\/schema\/person\/2af3d7f8b09506dacfb1224eef2c6478"},"headline":"S\u00e4hk\u00f6iset palvelut ja verkkokauppa top -paikoilla","datePublished":"2013-09-12T08:17:22+00:00","mainEntityOfPage":{"@id":"https:\/\/blogit.gradia.fi\/visu\/2013\/09\/12\/sahkoiset-palvelut-ja-verkkokauppa-top-paikoilla\/"},"wordCount":289,"commentCount":0,"articleSection":["Kaupan palvelu ja myynti"],"inLanguage":"fi","potentialAction":[{"@type":"CommentAction","name":"Comment","target":["https:\/\/blogit.gradia.fi\/visu\/2013\/09\/12\/sahkoiset-palvelut-ja-verkkokauppa-top-paikoilla\/#respond"]}]},{"@type":"WebPage","@id":"https:\/\/blogit.gradia.fi\/visu\/2013\/09\/12\/sahkoiset-palvelut-ja-verkkokauppa-top-paikoilla\/","url":"https:\/\/blogit.gradia.fi\/visu\/2013\/09\/12\/sahkoiset-palvelut-ja-verkkokauppa-top-paikoilla\/","name":"S\u00e4hk\u00f6iset palvelut ja verkkokauppa top -paikoilla - AMMATTILAISEKSI TY\u00d6SS\u00c4OPPIEN","isPartOf":{"@id":"https:\/\/blogit.gradia.fi\/visu\/#website"},"datePublished":"2013-09-12T08:17:22+00:00","author":{"@id":"https:\/\/blogit.gradia.fi\/visu\/#\/schema\/person\/2af3d7f8b09506dacfb1224eef2c6478"},"inLanguage":"fi","potentialAction":[{"@type":"ReadAction","target":["https:\/\/blogit.gradia.fi\/visu\/2013\/09\/12\/sahkoiset-palvelut-ja-verkkokauppa-top-paikoilla\/"]}]},{"@type":"WebSite","@id":"https:\/\/blogit.gradia.fi\/visu\/#website","url":"https:\/\/blogit.gradia.fi\/visu\/","name":"AMMATTILAISEKSI TY\u00d6SS\u00c4OPPIEN","description":"Sivusto, joka kertoo Jyv\u00e4skyl\u00e4n ammattiopiston vuonna 2012 aloittaneen ty\u00f6ss\u00e4oppimispainotteisen luokan opintojen etenemisest\u00e4.","potentialAction":[{"@type":"SearchAction","target":{"@type":"EntryPoint","urlTemplate":"https:\/\/blogit.gradia.fi\/visu\/?s={search_term_string}"},"query-input":{"@type":"PropertyValueSpecification","valueRequired":true,"valueName":"search_term_string"}}],"inLanguage":"fi"},{"@type":"Person","@id":"https:\/\/blogit.gradia.fi\/visu\/#\/schema\/person\/2af3d7f8b09506dacfb1224eef2c6478","name":"Henna-Liisa Maljonen","image":{"@type":"ImageObject","inLanguage":"fi","@id":"https:\/\/secure.gravatar.com\/avatar\/9edabe42a88cf1825dcf2bb1038b105de35ff17a6f576fade817dacd8643f030?s=96&d=mm&r=g","url":"https:\/\/secure.gravatar.com\/avatar\/9edabe42a88cf1825dcf2bb1038b105de35ff17a6f576fade817dacd8643f030?s=96&d=mm&r=g","contentUrl":"https:\/\/secure.gravatar.com\/avatar\/9edabe42a88cf1825dcf2bb1038b105de35ff17a6f576fade817dacd8643f030?s=96&d=mm&r=g","caption":"Henna-Liisa Maljonen"},"url":"https:\/\/blogit.gradia.fi\/visu\/author\/maljohen\/"}]}},"uagb_featured_image_src":{"full":false,"thumbnail":false,"medium":false,"medium_large":false,"large":false,"1536x1536":false,"2048x2048":false,"post-thumbnail":false},"uagb_author_info":{"display_name":"Henna-Liisa Maljonen","author_link":"https:\/\/blogit.gradia.fi\/visu\/author\/maljohen\/"},"uagb_comment_info":4,"uagb_excerpt":"Tarkoitus oli t\u00e4n\u00e4\u00e4n aamulla k\u00e4yd\u00e4 l\u00e4pi Learning Cafen kevytversiolla l\u00e4pi edellisen viikon TOP \u2013teht\u00e4vi\u00e4. Unihiekat olivat viel\u00e4 silmiss\u00e4, joten homma ei mennyt ihan kuin Str\u00f6ms\u00f6\u00f6ss\u00e4. Suurimmalta osalta oli TOP \u2013teht\u00e4v\u00e4 6 (s\u00e4hk\u00f6iset palvelut) tekem\u00e4tt\u00e4. Top \u2013teht\u00e4v\u00e4\u00e4 7 (verkkokauppa) oli sent\u00e4\u00e4n jo v\u00e4h\u00e4n ty\u00f6stetty.\u00a0Onneksi oli niit\u00e4kin, jotka olivat kunnolla perehtyneet asioihin.\u00a0Lopputulema oli se, ett\u00e4 k\u00e4vimme nopeasti&hellip;","_links":{"self":[{"href":"https:\/\/blogit.gradia.fi\/visu\/wp-json\/wp\/v2\/posts\/143","targetHints":{"allow":["GET"]}}],"collection":[{"href":"https:\/\/blogit.gradia.fi\/visu\/wp-json\/wp\/v2\/posts"}],"about":[{"href":"https:\/\/blogit.gradia.fi\/visu\/wp-json\/wp\/v2\/types\/post"}],"author":[{"embeddable":true,"href":"https:\/\/blogit.gradia.fi\/visu\/wp-json\/wp\/v2\/users\/163"}],"replies":[{"embeddable":true,"href":"https:\/\/blogit.gradia.fi\/visu\/wp-json\/wp\/v2\/comments?post=143"}],"version-history":[{"count":0,"href":"https:\/\/blogit.gradia.fi\/visu\/wp-json\/wp\/v2\/posts\/143\/revisions"}],"wp:attachment":[{"href":"https:\/\/blogit.gradia.fi\/visu\/wp-json\/wp\/v2\/media?parent=143"}],"wp:term":[{"taxonomy":"category","embeddable":true,"href":"https:\/\/blogit.gradia.fi\/visu\/wp-json\/wp\/v2\/categories?post=143"},{"taxonomy":"post_tag","embeddable":true,"href":"https:\/\/blogit.gradia.fi\/visu\/wp-json\/wp\/v2\/tags?post=143"}],"curies":[{"name":"wp","href":"https:\/\/api.w.org\/{rel}","templated":true}]}}