{"id":127,"date":"2013-09-05T07:18:09","date_gmt":"2013-09-05T04:18:09","guid":{"rendered":"https:\/\/blogit.gradia.fi\/visu\/?p=127"},"modified":"2013-09-04T12:19:18","modified_gmt":"2013-09-04T09:19:18","slug":"7-kttn-top-tehtava-5-9-2013","status":"publish","type":"post","link":"https:\/\/blogit.gradia.fi\/visu\/2013\/09\/05\/7-kttn-top-tehtava-5-9-2013\/","title":{"rendered":"7. KTT:n TOP \u2013Teht\u00e4v\u00e4 5.9.2013"},"content":{"rendered":"<p dir=\"ltr\" id=\"docs-internal-guid-145d8be0-e848-d9d4-42f6-f8ede2bf1098\">Verkkokauppa<\/p>\n<p dir=\"ltr\">\u2022Onko omassa TOP \u2013paikassa verkkokauppaa? Kerro sen toimintaperiaatteista esim. tilaamisesta, maksamisesta, rekister\u00f6itymisest\u00e4 jne.<\/p>\n<p dir=\"ltr\">\u2022Perehdy yhteen ruokakauppaan, joka toimii my\u00f6s verkkokauppana.<\/p>\n<p dir=\"ltr\">\u2022Ideoi, miten ruokakauppa voisi toimia verkkokauppana. Pohdi ja kirjaa yl\u00f6s t\u00e4t\u00e4 eri kohderyhmien n\u00e4k\u00f6kulmasta kun k\u00e4ytt\u00e4j\u00e4n olisivat:<\/p>\n<p dir=\"ltr\">\u2013Vanhukset<\/p>\n<p dir=\"ltr\">\u2013Nuoret<\/p>\n<p>\u2013Lapsiperheet<\/p>\n","protected":false},"excerpt":{"rendered":"<p>Verkkokauppa \u2022Onko omassa TOP \u2013paikassa verkkokauppaa? Kerro sen toimintaperiaatteista esim. tilaamisesta, maksamisesta, rekister\u00f6itymisest\u00e4 jne. \u2022Perehdy yhteen ruokakauppaan, joka toimii my\u00f6s verkkokauppana. \u2022Ideoi, miten ruokakauppa voisi toimia verkkokauppana. Pohdi ja kirjaa yl\u00f6s t\u00e4t\u00e4 eri kohderyhmien n\u00e4k\u00f6kulmasta kun k\u00e4ytt\u00e4j\u00e4n olisivat: \u2013Vanhukset \u2013Nuoret \u2013Lapsiperheet<\/p>\n","protected":false},"author":163,"featured_media":0,"comment_status":"open","ping_status":"open","sticky":false,"template":"","format":"standard","meta":{"_uag_custom_page_level_css":"","footnotes":""},"categories":[3],"tags":[10,22,23],"class_list":["post-127","post","type-post","status-publish","format-standard","hentry","category-kpm","tag-ktt","tag-top","tag-verkkokauppa"],"yoast_head":"<!-- This site is optimized with the Yoast SEO plugin v27.5 - https:\/\/yoast.com\/product\/yoast-seo-wordpress\/ -->\n<title>7. KTT:n TOP \u2013Teht\u00e4v\u00e4 5.9.2013 - AMMATTILAISEKSI TY\u00d6SS\u00c4OPPIEN<\/title>\n<meta name=\"robots\" content=\"index, follow, max-snippet:-1, max-image-preview:large, max-video-preview:-1\" \/>\n<link rel=\"canonical\" href=\"https:\/\/blogit.gradia.fi\/visu\/2013\/09\/05\/7-kttn-top-tehtava-5-9-2013\/\" \/>\n<meta property=\"og:locale\" content=\"fi_FI\" \/>\n<meta property=\"og:type\" content=\"article\" \/>\n<meta property=\"og:title\" content=\"7. KTT:n TOP \u2013Teht\u00e4v\u00e4 5.9.2013 - AMMATTILAISEKSI TY\u00d6SS\u00c4OPPIEN\" \/>\n<meta property=\"og:description\" content=\"Verkkokauppa \u2022Onko omassa TOP \u2013paikassa verkkokauppaa? Kerro sen toimintaperiaatteista esim. tilaamisesta, maksamisesta, rekister\u00f6itymisest\u00e4 jne. \u2022Perehdy yhteen ruokakauppaan, joka toimii my\u00f6s verkkokauppana. \u2022Ideoi, miten ruokakauppa voisi toimia verkkokauppana. Pohdi ja kirjaa yl\u00f6s t\u00e4t\u00e4 eri kohderyhmien n\u00e4k\u00f6kulmasta kun k\u00e4ytt\u00e4j\u00e4n olisivat: \u2013Vanhukset \u2013Nuoret \u2013Lapsiperheet\" \/>\n<meta property=\"og:url\" content=\"https:\/\/blogit.gradia.fi\/visu\/2013\/09\/05\/7-kttn-top-tehtava-5-9-2013\/\" \/>\n<meta property=\"og:site_name\" content=\"AMMATTILAISEKSI TY\u00d6SS\u00c4OPPIEN\" \/>\n<meta property=\"article:published_time\" content=\"2013-09-05T04:18:09+00:00\" \/>\n<meta name=\"author\" content=\"Henna-Liisa Maljonen\" \/>\n<meta name=\"twitter:card\" content=\"summary_large_image\" \/>\n<meta name=\"twitter:label1\" content=\"Kirjoittanut\" \/>\n\t<meta name=\"twitter:data1\" content=\"Henna-Liisa Maljonen\" \/>\n<script type=\"application\/ld+json\" class=\"yoast-schema-graph\">{\"@context\":\"https:\\\/\\\/schema.org\",\"@graph\":[{\"@type\":\"Article\",\"@id\":\"https:\\\/\\\/blogit.gradia.fi\\\/visu\\\/2013\\\/09\\\/05\\\/7-kttn-top-tehtava-5-9-2013\\\/#article\",\"isPartOf\":{\"@id\":\"https:\\\/\\\/blogit.gradia.fi\\\/visu\\\/2013\\\/09\\\/05\\\/7-kttn-top-tehtava-5-9-2013\\\/\"},\"author\":{\"name\":\"Henna-Liisa Maljonen\",\"@id\":\"https:\\\/\\\/blogit.gradia.fi\\\/visu\\\/#\\\/schema\\\/person\\\/2af3d7f8b09506dacfb1224eef2c6478\"},\"headline\":\"7. KTT:n TOP \u2013Teht\u00e4v\u00e4 5.9.2013\",\"datePublished\":\"2013-09-05T04:18:09+00:00\",\"mainEntityOfPage\":{\"@id\":\"https:\\\/\\\/blogit.gradia.fi\\\/visu\\\/2013\\\/09\\\/05\\\/7-kttn-top-tehtava-5-9-2013\\\/\"},\"wordCount\":55,\"commentCount\":0,\"keywords\":[\"KTT\",\"TOP\",\"verkkokauppa\"],\"articleSection\":[\"Kaupan palvelu ja myynti\"],\"inLanguage\":\"fi\",\"potentialAction\":[{\"@type\":\"CommentAction\",\"name\":\"Comment\",\"target\":[\"https:\\\/\\\/blogit.gradia.fi\\\/visu\\\/2013\\\/09\\\/05\\\/7-kttn-top-tehtava-5-9-2013\\\/#respond\"]}]},{\"@type\":\"WebPage\",\"@id\":\"https:\\\/\\\/blogit.gradia.fi\\\/visu\\\/2013\\\/09\\\/05\\\/7-kttn-top-tehtava-5-9-2013\\\/\",\"url\":\"https:\\\/\\\/blogit.gradia.fi\\\/visu\\\/2013\\\/09\\\/05\\\/7-kttn-top-tehtava-5-9-2013\\\/\",\"name\":\"7. KTT:n TOP \u2013Teht\u00e4v\u00e4 5.9.2013 - AMMATTILAISEKSI TY\u00d6SS\u00c4OPPIEN\",\"isPartOf\":{\"@id\":\"https:\\\/\\\/blogit.gradia.fi\\\/visu\\\/#website\"},\"datePublished\":\"2013-09-05T04:18:09+00:00\",\"author\":{\"@id\":\"https:\\\/\\\/blogit.gradia.fi\\\/visu\\\/#\\\/schema\\\/person\\\/2af3d7f8b09506dacfb1224eef2c6478\"},\"inLanguage\":\"fi\",\"potentialAction\":[{\"@type\":\"ReadAction\",\"target\":[\"https:\\\/\\\/blogit.gradia.fi\\\/visu\\\/2013\\\/09\\\/05\\\/7-kttn-top-tehtava-5-9-2013\\\/\"]}]},{\"@type\":\"WebSite\",\"@id\":\"https:\\\/\\\/blogit.gradia.fi\\\/visu\\\/#website\",\"url\":\"https:\\\/\\\/blogit.gradia.fi\\\/visu\\\/\",\"name\":\"AMMATTILAISEKSI TY\u00d6SS\u00c4OPPIEN\",\"description\":\"Sivusto, joka kertoo Jyv\u00e4skyl\u00e4n ammattiopiston vuonna 2012 aloittaneen ty\u00f6ss\u00e4oppimispainotteisen luokan opintojen etenemisest\u00e4.\",\"potentialAction\":[{\"@type\":\"SearchAction\",\"target\":{\"@type\":\"EntryPoint\",\"urlTemplate\":\"https:\\\/\\\/blogit.gradia.fi\\\/visu\\\/?s={search_term_string}\"},\"query-input\":{\"@type\":\"PropertyValueSpecification\",\"valueRequired\":true,\"valueName\":\"search_term_string\"}}],\"inLanguage\":\"fi\"},{\"@type\":\"Person\",\"@id\":\"https:\\\/\\\/blogit.gradia.fi\\\/visu\\\/#\\\/schema\\\/person\\\/2af3d7f8b09506dacfb1224eef2c6478\",\"name\":\"Henna-Liisa Maljonen\",\"image\":{\"@type\":\"ImageObject\",\"inLanguage\":\"fi\",\"@id\":\"https:\\\/\\\/secure.gravatar.com\\\/avatar\\\/9edabe42a88cf1825dcf2bb1038b105de35ff17a6f576fade817dacd8643f030?s=96&d=mm&r=g\",\"url\":\"https:\\\/\\\/secure.gravatar.com\\\/avatar\\\/9edabe42a88cf1825dcf2bb1038b105de35ff17a6f576fade817dacd8643f030?s=96&d=mm&r=g\",\"contentUrl\":\"https:\\\/\\\/secure.gravatar.com\\\/avatar\\\/9edabe42a88cf1825dcf2bb1038b105de35ff17a6f576fade817dacd8643f030?s=96&d=mm&r=g\",\"caption\":\"Henna-Liisa Maljonen\"},\"url\":\"https:\\\/\\\/blogit.gradia.fi\\\/visu\\\/author\\\/maljohen\\\/\"}]}<\/script>\n<!-- \/ Yoast SEO plugin. -->","yoast_head_json":{"title":"7. KTT:n TOP \u2013Teht\u00e4v\u00e4 5.9.2013 - AMMATTILAISEKSI TY\u00d6SS\u00c4OPPIEN","robots":{"index":"index","follow":"follow","max-snippet":"max-snippet:-1","max-image-preview":"max-image-preview:large","max-video-preview":"max-video-preview:-1"},"canonical":"https:\/\/blogit.gradia.fi\/visu\/2013\/09\/05\/7-kttn-top-tehtava-5-9-2013\/","og_locale":"fi_FI","og_type":"article","og_title":"7. KTT:n TOP \u2013Teht\u00e4v\u00e4 5.9.2013 - AMMATTILAISEKSI TY\u00d6SS\u00c4OPPIEN","og_description":"Verkkokauppa \u2022Onko omassa TOP \u2013paikassa verkkokauppaa? Kerro sen toimintaperiaatteista esim. tilaamisesta, maksamisesta, rekister\u00f6itymisest\u00e4 jne. \u2022Perehdy yhteen ruokakauppaan, joka toimii my\u00f6s verkkokauppana. \u2022Ideoi, miten ruokakauppa voisi toimia verkkokauppana. Pohdi ja kirjaa yl\u00f6s t\u00e4t\u00e4 eri kohderyhmien n\u00e4k\u00f6kulmasta kun k\u00e4ytt\u00e4j\u00e4n olisivat: \u2013Vanhukset \u2013Nuoret \u2013Lapsiperheet","og_url":"https:\/\/blogit.gradia.fi\/visu\/2013\/09\/05\/7-kttn-top-tehtava-5-9-2013\/","og_site_name":"AMMATTILAISEKSI TY\u00d6SS\u00c4OPPIEN","article_published_time":"2013-09-05T04:18:09+00:00","author":"Henna-Liisa Maljonen","twitter_card":"summary_large_image","twitter_misc":{"Kirjoittanut":"Henna-Liisa Maljonen"},"schema":{"@context":"https:\/\/schema.org","@graph":[{"@type":"Article","@id":"https:\/\/blogit.gradia.fi\/visu\/2013\/09\/05\/7-kttn-top-tehtava-5-9-2013\/#article","isPartOf":{"@id":"https:\/\/blogit.gradia.fi\/visu\/2013\/09\/05\/7-kttn-top-tehtava-5-9-2013\/"},"author":{"name":"Henna-Liisa Maljonen","@id":"https:\/\/blogit.gradia.fi\/visu\/#\/schema\/person\/2af3d7f8b09506dacfb1224eef2c6478"},"headline":"7. KTT:n TOP \u2013Teht\u00e4v\u00e4 5.9.2013","datePublished":"2013-09-05T04:18:09+00:00","mainEntityOfPage":{"@id":"https:\/\/blogit.gradia.fi\/visu\/2013\/09\/05\/7-kttn-top-tehtava-5-9-2013\/"},"wordCount":55,"commentCount":0,"keywords":["KTT","TOP","verkkokauppa"],"articleSection":["Kaupan palvelu ja myynti"],"inLanguage":"fi","potentialAction":[{"@type":"CommentAction","name":"Comment","target":["https:\/\/blogit.gradia.fi\/visu\/2013\/09\/05\/7-kttn-top-tehtava-5-9-2013\/#respond"]}]},{"@type":"WebPage","@id":"https:\/\/blogit.gradia.fi\/visu\/2013\/09\/05\/7-kttn-top-tehtava-5-9-2013\/","url":"https:\/\/blogit.gradia.fi\/visu\/2013\/09\/05\/7-kttn-top-tehtava-5-9-2013\/","name":"7. KTT:n TOP \u2013Teht\u00e4v\u00e4 5.9.2013 - AMMATTILAISEKSI TY\u00d6SS\u00c4OPPIEN","isPartOf":{"@id":"https:\/\/blogit.gradia.fi\/visu\/#website"},"datePublished":"2013-09-05T04:18:09+00:00","author":{"@id":"https:\/\/blogit.gradia.fi\/visu\/#\/schema\/person\/2af3d7f8b09506dacfb1224eef2c6478"},"inLanguage":"fi","potentialAction":[{"@type":"ReadAction","target":["https:\/\/blogit.gradia.fi\/visu\/2013\/09\/05\/7-kttn-top-tehtava-5-9-2013\/"]}]},{"@type":"WebSite","@id":"https:\/\/blogit.gradia.fi\/visu\/#website","url":"https:\/\/blogit.gradia.fi\/visu\/","name":"AMMATTILAISEKSI TY\u00d6SS\u00c4OPPIEN","description":"Sivusto, joka kertoo Jyv\u00e4skyl\u00e4n ammattiopiston vuonna 2012 aloittaneen ty\u00f6ss\u00e4oppimispainotteisen luokan opintojen etenemisest\u00e4.","potentialAction":[{"@type":"SearchAction","target":{"@type":"EntryPoint","urlTemplate":"https:\/\/blogit.gradia.fi\/visu\/?s={search_term_string}"},"query-input":{"@type":"PropertyValueSpecification","valueRequired":true,"valueName":"search_term_string"}}],"inLanguage":"fi"},{"@type":"Person","@id":"https:\/\/blogit.gradia.fi\/visu\/#\/schema\/person\/2af3d7f8b09506dacfb1224eef2c6478","name":"Henna-Liisa Maljonen","image":{"@type":"ImageObject","inLanguage":"fi","@id":"https:\/\/secure.gravatar.com\/avatar\/9edabe42a88cf1825dcf2bb1038b105de35ff17a6f576fade817dacd8643f030?s=96&d=mm&r=g","url":"https:\/\/secure.gravatar.com\/avatar\/9edabe42a88cf1825dcf2bb1038b105de35ff17a6f576fade817dacd8643f030?s=96&d=mm&r=g","contentUrl":"https:\/\/secure.gravatar.com\/avatar\/9edabe42a88cf1825dcf2bb1038b105de35ff17a6f576fade817dacd8643f030?s=96&d=mm&r=g","caption":"Henna-Liisa Maljonen"},"url":"https:\/\/blogit.gradia.fi\/visu\/author\/maljohen\/"}]}},"uagb_featured_image_src":{"full":false,"thumbnail":false,"medium":false,"medium_large":false,"large":false,"1536x1536":false,"2048x2048":false,"post-thumbnail":false},"uagb_author_info":{"display_name":"Henna-Liisa Maljonen","author_link":"https:\/\/blogit.gradia.fi\/visu\/author\/maljohen\/"},"uagb_comment_info":5,"uagb_excerpt":"Verkkokauppa \u2022Onko omassa TOP \u2013paikassa verkkokauppaa? Kerro sen toimintaperiaatteista esim. tilaamisesta, maksamisesta, rekister\u00f6itymisest\u00e4 jne. \u2022Perehdy yhteen ruokakauppaan, joka toimii my\u00f6s verkkokauppana. \u2022Ideoi, miten ruokakauppa voisi toimia verkkokauppana. Pohdi ja kirjaa yl\u00f6s t\u00e4t\u00e4 eri kohderyhmien n\u00e4k\u00f6kulmasta kun k\u00e4ytt\u00e4j\u00e4n olisivat: \u2013Vanhukset \u2013Nuoret \u2013Lapsiperheet","_links":{"self":[{"href":"https:\/\/blogit.gradia.fi\/visu\/wp-json\/wp\/v2\/posts\/127","targetHints":{"allow":["GET"]}}],"collection":[{"href":"https:\/\/blogit.gradia.fi\/visu\/wp-json\/wp\/v2\/posts"}],"about":[{"href":"https:\/\/blogit.gradia.fi\/visu\/wp-json\/wp\/v2\/types\/post"}],"author":[{"embeddable":true,"href":"https:\/\/blogit.gradia.fi\/visu\/wp-json\/wp\/v2\/users\/163"}],"replies":[{"embeddable":true,"href":"https:\/\/blogit.gradia.fi\/visu\/wp-json\/wp\/v2\/comments?post=127"}],"version-history":[{"count":0,"href":"https:\/\/blogit.gradia.fi\/visu\/wp-json\/wp\/v2\/posts\/127\/revisions"}],"wp:attachment":[{"href":"https:\/\/blogit.gradia.fi\/visu\/wp-json\/wp\/v2\/media?parent=127"}],"wp:term":[{"taxonomy":"category","embeddable":true,"href":"https:\/\/blogit.gradia.fi\/visu\/wp-json\/wp\/v2\/categories?post=127"},{"taxonomy":"post_tag","embeddable":true,"href":"https:\/\/blogit.gradia.fi\/visu\/wp-json\/wp\/v2\/tags?post=127"}],"curies":[{"name":"wp","href":"https:\/\/api.w.org\/{rel}","templated":true}]}}