{"id":122,"date":"2013-09-05T07:17:47","date_gmt":"2013-09-05T04:17:47","guid":{"rendered":"https:\/\/blogit.gradia.fi\/visu\/?p=122"},"modified":"2013-09-04T12:18:04","modified_gmt":"2013-09-04T09:18:04","slug":"6-kttn-top-tehtava-5-9-2013","status":"publish","type":"post","link":"https:\/\/blogit.gradia.fi\/visu\/2013\/09\/05\/6-kttn-top-tehtava-5-9-2013\/","title":{"rendered":"6. KTT:n TOP \u2013Teht\u00e4v\u00e4 5.9.2013"},"content":{"rendered":"<p dir=\"ltr\" id=\"docs-internal-guid-145d8be5-e846-29a8-e1d3-78a0d839f6c8\">S\u00e4hk\u00f6iset palvelut<\/p>\n<p dir=\"ltr\">\u2022Tutki, mink\u00e4laisia s\u00e4hk\u00f6isi\u00e4 palveluita yritykset tarjoavat asiakkailleen. Listaa l\u00f6yt\u00e4m\u00e4si palvelut ja tallenna itsellesi (esim. GD \/ SD).<\/p>\n<p dir=\"ltr\">\u2022Selvit\u00e4 ja listaa, mit\u00e4 erilaisia s\u00e4hk\u00f6isi\u00e4 palveluita TOP \u2013paikkasi tarjoaa asiakkailleen ja yhteisty\u00f6kumppaneilleen.<\/p>\n<p dir=\"ltr\">\u2022Jos yrityksesi ei tarjoa heille s\u00e4hk\u00f6isi\u00e4 palveluja, perehdy Keskon tarjoamiin s\u00e4hk\u00f6isiin palveluihin. Kirjaa n\u00e4m\u00e4 yl\u00f6s.<\/p>\n","protected":false},"excerpt":{"rendered":"<p>S\u00e4hk\u00f6iset palvelut \u2022Tutki, mink\u00e4laisia s\u00e4hk\u00f6isi\u00e4 palveluita yritykset tarjoavat asiakkailleen. Listaa l\u00f6yt\u00e4m\u00e4si palvelut ja tallenna itsellesi (esim. GD \/ SD). \u2022Selvit\u00e4 ja listaa, mit\u00e4 erilaisia s\u00e4hk\u00f6isi\u00e4 palveluita TOP \u2013paikkasi tarjoaa asiakkailleen ja yhteisty\u00f6kumppaneilleen. \u2022Jos yrityksesi ei tarjoa heille s\u00e4hk\u00f6isi\u00e4 palveluja, perehdy Keskon tarjoamiin s\u00e4hk\u00f6isiin palveluihin. Kirjaa n\u00e4m\u00e4 yl\u00f6s.<\/p>\n","protected":false},"author":163,"featured_media":0,"comment_status":"open","ping_status":"open","sticky":false,"template":"","format":"standard","meta":{"_uag_custom_page_level_css":"","footnotes":""},"categories":[3],"tags":[10,21,22],"class_list":["post-122","post","type-post","status-publish","format-standard","hentry","category-kpm","tag-ktt","tag-sahkoinen-kauppa","tag-top"],"yoast_head":"<!-- This site is optimized with the Yoast SEO plugin v27.5 - https:\/\/yoast.com\/product\/yoast-seo-wordpress\/ -->\n<title>6. KTT:n TOP \u2013Teht\u00e4v\u00e4 5.9.2013 - AMMATTILAISEKSI TY\u00d6SS\u00c4OPPIEN<\/title>\n<meta name=\"robots\" content=\"index, follow, max-snippet:-1, max-image-preview:large, max-video-preview:-1\" \/>\n<link rel=\"canonical\" href=\"https:\/\/blogit.gradia.fi\/visu\/2013\/09\/05\/6-kttn-top-tehtava-5-9-2013\/\" \/>\n<meta property=\"og:locale\" content=\"fi_FI\" \/>\n<meta property=\"og:type\" content=\"article\" \/>\n<meta property=\"og:title\" content=\"6. KTT:n TOP \u2013Teht\u00e4v\u00e4 5.9.2013 - AMMATTILAISEKSI TY\u00d6SS\u00c4OPPIEN\" \/>\n<meta property=\"og:description\" content=\"S\u00e4hk\u00f6iset palvelut \u2022Tutki, mink\u00e4laisia s\u00e4hk\u00f6isi\u00e4 palveluita yritykset tarjoavat asiakkailleen. Listaa l\u00f6yt\u00e4m\u00e4si palvelut ja tallenna itsellesi (esim. GD \/ SD). \u2022Selvit\u00e4 ja listaa, mit\u00e4 erilaisia s\u00e4hk\u00f6isi\u00e4 palveluita TOP \u2013paikkasi tarjoaa asiakkailleen ja yhteisty\u00f6kumppaneilleen. \u2022Jos yrityksesi ei tarjoa heille s\u00e4hk\u00f6isi\u00e4 palveluja, perehdy Keskon tarjoamiin s\u00e4hk\u00f6isiin palveluihin. Kirjaa n\u00e4m\u00e4 yl\u00f6s.\" \/>\n<meta property=\"og:url\" content=\"https:\/\/blogit.gradia.fi\/visu\/2013\/09\/05\/6-kttn-top-tehtava-5-9-2013\/\" \/>\n<meta property=\"og:site_name\" content=\"AMMATTILAISEKSI TY\u00d6SS\u00c4OPPIEN\" \/>\n<meta property=\"article:published_time\" content=\"2013-09-05T04:17:47+00:00\" \/>\n<meta name=\"author\" content=\"Henna-Liisa Maljonen\" \/>\n<meta name=\"twitter:card\" content=\"summary_large_image\" \/>\n<meta name=\"twitter:label1\" content=\"Kirjoittanut\" \/>\n\t<meta name=\"twitter:data1\" content=\"Henna-Liisa Maljonen\" \/>\n<script type=\"application\/ld+json\" class=\"yoast-schema-graph\">{\"@context\":\"https:\\\/\\\/schema.org\",\"@graph\":[{\"@type\":\"Article\",\"@id\":\"https:\\\/\\\/blogit.gradia.fi\\\/visu\\\/2013\\\/09\\\/05\\\/6-kttn-top-tehtava-5-9-2013\\\/#article\",\"isPartOf\":{\"@id\":\"https:\\\/\\\/blogit.gradia.fi\\\/visu\\\/2013\\\/09\\\/05\\\/6-kttn-top-tehtava-5-9-2013\\\/\"},\"author\":{\"name\":\"Henna-Liisa Maljonen\",\"@id\":\"https:\\\/\\\/blogit.gradia.fi\\\/visu\\\/#\\\/schema\\\/person\\\/2af3d7f8b09506dacfb1224eef2c6478\"},\"headline\":\"6. KTT:n TOP \u2013Teht\u00e4v\u00e4 5.9.2013\",\"datePublished\":\"2013-09-05T04:17:47+00:00\",\"mainEntityOfPage\":{\"@id\":\"https:\\\/\\\/blogit.gradia.fi\\\/visu\\\/2013\\\/09\\\/05\\\/6-kttn-top-tehtava-5-9-2013\\\/\"},\"wordCount\":68,\"commentCount\":0,\"keywords\":[\"KTT\",\"s\u00e4hk\u00f6inen kauppa\",\"TOP\"],\"articleSection\":[\"Kaupan palvelu ja myynti\"],\"inLanguage\":\"fi\",\"potentialAction\":[{\"@type\":\"CommentAction\",\"name\":\"Comment\",\"target\":[\"https:\\\/\\\/blogit.gradia.fi\\\/visu\\\/2013\\\/09\\\/05\\\/6-kttn-top-tehtava-5-9-2013\\\/#respond\"]}]},{\"@type\":\"WebPage\",\"@id\":\"https:\\\/\\\/blogit.gradia.fi\\\/visu\\\/2013\\\/09\\\/05\\\/6-kttn-top-tehtava-5-9-2013\\\/\",\"url\":\"https:\\\/\\\/blogit.gradia.fi\\\/visu\\\/2013\\\/09\\\/05\\\/6-kttn-top-tehtava-5-9-2013\\\/\",\"name\":\"6. KTT:n TOP \u2013Teht\u00e4v\u00e4 5.9.2013 - AMMATTILAISEKSI TY\u00d6SS\u00c4OPPIEN\",\"isPartOf\":{\"@id\":\"https:\\\/\\\/blogit.gradia.fi\\\/visu\\\/#website\"},\"datePublished\":\"2013-09-05T04:17:47+00:00\",\"author\":{\"@id\":\"https:\\\/\\\/blogit.gradia.fi\\\/visu\\\/#\\\/schema\\\/person\\\/2af3d7f8b09506dacfb1224eef2c6478\"},\"inLanguage\":\"fi\",\"potentialAction\":[{\"@type\":\"ReadAction\",\"target\":[\"https:\\\/\\\/blogit.gradia.fi\\\/visu\\\/2013\\\/09\\\/05\\\/6-kttn-top-tehtava-5-9-2013\\\/\"]}]},{\"@type\":\"WebSite\",\"@id\":\"https:\\\/\\\/blogit.gradia.fi\\\/visu\\\/#website\",\"url\":\"https:\\\/\\\/blogit.gradia.fi\\\/visu\\\/\",\"name\":\"AMMATTILAISEKSI TY\u00d6SS\u00c4OPPIEN\",\"description\":\"Sivusto, joka kertoo Jyv\u00e4skyl\u00e4n ammattiopiston vuonna 2012 aloittaneen ty\u00f6ss\u00e4oppimispainotteisen luokan opintojen etenemisest\u00e4.\",\"potentialAction\":[{\"@type\":\"SearchAction\",\"target\":{\"@type\":\"EntryPoint\",\"urlTemplate\":\"https:\\\/\\\/blogit.gradia.fi\\\/visu\\\/?s={search_term_string}\"},\"query-input\":{\"@type\":\"PropertyValueSpecification\",\"valueRequired\":true,\"valueName\":\"search_term_string\"}}],\"inLanguage\":\"fi\"},{\"@type\":\"Person\",\"@id\":\"https:\\\/\\\/blogit.gradia.fi\\\/visu\\\/#\\\/schema\\\/person\\\/2af3d7f8b09506dacfb1224eef2c6478\",\"name\":\"Henna-Liisa Maljonen\",\"image\":{\"@type\":\"ImageObject\",\"inLanguage\":\"fi\",\"@id\":\"https:\\\/\\\/secure.gravatar.com\\\/avatar\\\/9edabe42a88cf1825dcf2bb1038b105de35ff17a6f576fade817dacd8643f030?s=96&d=mm&r=g\",\"url\":\"https:\\\/\\\/secure.gravatar.com\\\/avatar\\\/9edabe42a88cf1825dcf2bb1038b105de35ff17a6f576fade817dacd8643f030?s=96&d=mm&r=g\",\"contentUrl\":\"https:\\\/\\\/secure.gravatar.com\\\/avatar\\\/9edabe42a88cf1825dcf2bb1038b105de35ff17a6f576fade817dacd8643f030?s=96&d=mm&r=g\",\"caption\":\"Henna-Liisa Maljonen\"},\"url\":\"https:\\\/\\\/blogit.gradia.fi\\\/visu\\\/author\\\/maljohen\\\/\"}]}<\/script>\n<!-- \/ Yoast SEO plugin. -->","yoast_head_json":{"title":"6. KTT:n TOP \u2013Teht\u00e4v\u00e4 5.9.2013 - AMMATTILAISEKSI TY\u00d6SS\u00c4OPPIEN","robots":{"index":"index","follow":"follow","max-snippet":"max-snippet:-1","max-image-preview":"max-image-preview:large","max-video-preview":"max-video-preview:-1"},"canonical":"https:\/\/blogit.gradia.fi\/visu\/2013\/09\/05\/6-kttn-top-tehtava-5-9-2013\/","og_locale":"fi_FI","og_type":"article","og_title":"6. KTT:n TOP \u2013Teht\u00e4v\u00e4 5.9.2013 - AMMATTILAISEKSI TY\u00d6SS\u00c4OPPIEN","og_description":"S\u00e4hk\u00f6iset palvelut \u2022Tutki, mink\u00e4laisia s\u00e4hk\u00f6isi\u00e4 palveluita yritykset tarjoavat asiakkailleen. Listaa l\u00f6yt\u00e4m\u00e4si palvelut ja tallenna itsellesi (esim. GD \/ SD). \u2022Selvit\u00e4 ja listaa, mit\u00e4 erilaisia s\u00e4hk\u00f6isi\u00e4 palveluita TOP \u2013paikkasi tarjoaa asiakkailleen ja yhteisty\u00f6kumppaneilleen. \u2022Jos yrityksesi ei tarjoa heille s\u00e4hk\u00f6isi\u00e4 palveluja, perehdy Keskon tarjoamiin s\u00e4hk\u00f6isiin palveluihin. Kirjaa n\u00e4m\u00e4 yl\u00f6s.","og_url":"https:\/\/blogit.gradia.fi\/visu\/2013\/09\/05\/6-kttn-top-tehtava-5-9-2013\/","og_site_name":"AMMATTILAISEKSI TY\u00d6SS\u00c4OPPIEN","article_published_time":"2013-09-05T04:17:47+00:00","author":"Henna-Liisa Maljonen","twitter_card":"summary_large_image","twitter_misc":{"Kirjoittanut":"Henna-Liisa Maljonen"},"schema":{"@context":"https:\/\/schema.org","@graph":[{"@type":"Article","@id":"https:\/\/blogit.gradia.fi\/visu\/2013\/09\/05\/6-kttn-top-tehtava-5-9-2013\/#article","isPartOf":{"@id":"https:\/\/blogit.gradia.fi\/visu\/2013\/09\/05\/6-kttn-top-tehtava-5-9-2013\/"},"author":{"name":"Henna-Liisa Maljonen","@id":"https:\/\/blogit.gradia.fi\/visu\/#\/schema\/person\/2af3d7f8b09506dacfb1224eef2c6478"},"headline":"6. KTT:n TOP \u2013Teht\u00e4v\u00e4 5.9.2013","datePublished":"2013-09-05T04:17:47+00:00","mainEntityOfPage":{"@id":"https:\/\/blogit.gradia.fi\/visu\/2013\/09\/05\/6-kttn-top-tehtava-5-9-2013\/"},"wordCount":68,"commentCount":0,"keywords":["KTT","s\u00e4hk\u00f6inen kauppa","TOP"],"articleSection":["Kaupan palvelu ja myynti"],"inLanguage":"fi","potentialAction":[{"@type":"CommentAction","name":"Comment","target":["https:\/\/blogit.gradia.fi\/visu\/2013\/09\/05\/6-kttn-top-tehtava-5-9-2013\/#respond"]}]},{"@type":"WebPage","@id":"https:\/\/blogit.gradia.fi\/visu\/2013\/09\/05\/6-kttn-top-tehtava-5-9-2013\/","url":"https:\/\/blogit.gradia.fi\/visu\/2013\/09\/05\/6-kttn-top-tehtava-5-9-2013\/","name":"6. KTT:n TOP \u2013Teht\u00e4v\u00e4 5.9.2013 - AMMATTILAISEKSI TY\u00d6SS\u00c4OPPIEN","isPartOf":{"@id":"https:\/\/blogit.gradia.fi\/visu\/#website"},"datePublished":"2013-09-05T04:17:47+00:00","author":{"@id":"https:\/\/blogit.gradia.fi\/visu\/#\/schema\/person\/2af3d7f8b09506dacfb1224eef2c6478"},"inLanguage":"fi","potentialAction":[{"@type":"ReadAction","target":["https:\/\/blogit.gradia.fi\/visu\/2013\/09\/05\/6-kttn-top-tehtava-5-9-2013\/"]}]},{"@type":"WebSite","@id":"https:\/\/blogit.gradia.fi\/visu\/#website","url":"https:\/\/blogit.gradia.fi\/visu\/","name":"AMMATTILAISEKSI TY\u00d6SS\u00c4OPPIEN","description":"Sivusto, joka kertoo Jyv\u00e4skyl\u00e4n ammattiopiston vuonna 2012 aloittaneen ty\u00f6ss\u00e4oppimispainotteisen luokan opintojen etenemisest\u00e4.","potentialAction":[{"@type":"SearchAction","target":{"@type":"EntryPoint","urlTemplate":"https:\/\/blogit.gradia.fi\/visu\/?s={search_term_string}"},"query-input":{"@type":"PropertyValueSpecification","valueRequired":true,"valueName":"search_term_string"}}],"inLanguage":"fi"},{"@type":"Person","@id":"https:\/\/blogit.gradia.fi\/visu\/#\/schema\/person\/2af3d7f8b09506dacfb1224eef2c6478","name":"Henna-Liisa Maljonen","image":{"@type":"ImageObject","inLanguage":"fi","@id":"https:\/\/secure.gravatar.com\/avatar\/9edabe42a88cf1825dcf2bb1038b105de35ff17a6f576fade817dacd8643f030?s=96&d=mm&r=g","url":"https:\/\/secure.gravatar.com\/avatar\/9edabe42a88cf1825dcf2bb1038b105de35ff17a6f576fade817dacd8643f030?s=96&d=mm&r=g","contentUrl":"https:\/\/secure.gravatar.com\/avatar\/9edabe42a88cf1825dcf2bb1038b105de35ff17a6f576fade817dacd8643f030?s=96&d=mm&r=g","caption":"Henna-Liisa Maljonen"},"url":"https:\/\/blogit.gradia.fi\/visu\/author\/maljohen\/"}]}},"uagb_featured_image_src":{"full":false,"thumbnail":false,"medium":false,"medium_large":false,"large":false,"1536x1536":false,"2048x2048":false,"post-thumbnail":false},"uagb_author_info":{"display_name":"Henna-Liisa Maljonen","author_link":"https:\/\/blogit.gradia.fi\/visu\/author\/maljohen\/"},"uagb_comment_info":4,"uagb_excerpt":"S\u00e4hk\u00f6iset palvelut \u2022Tutki, mink\u00e4laisia s\u00e4hk\u00f6isi\u00e4 palveluita yritykset tarjoavat asiakkailleen. Listaa l\u00f6yt\u00e4m\u00e4si palvelut ja tallenna itsellesi (esim. GD \/ SD). \u2022Selvit\u00e4 ja listaa, mit\u00e4 erilaisia s\u00e4hk\u00f6isi\u00e4 palveluita TOP \u2013paikkasi tarjoaa asiakkailleen ja yhteisty\u00f6kumppaneilleen. \u2022Jos yrityksesi ei tarjoa heille s\u00e4hk\u00f6isi\u00e4 palveluja, perehdy Keskon tarjoamiin s\u00e4hk\u00f6isiin palveluihin. Kirjaa n\u00e4m\u00e4 yl\u00f6s.","_links":{"self":[{"href":"https:\/\/blogit.gradia.fi\/visu\/wp-json\/wp\/v2\/posts\/122","targetHints":{"allow":["GET"]}}],"collection":[{"href":"https:\/\/blogit.gradia.fi\/visu\/wp-json\/wp\/v2\/posts"}],"about":[{"href":"https:\/\/blogit.gradia.fi\/visu\/wp-json\/wp\/v2\/types\/post"}],"author":[{"embeddable":true,"href":"https:\/\/blogit.gradia.fi\/visu\/wp-json\/wp\/v2\/users\/163"}],"replies":[{"embeddable":true,"href":"https:\/\/blogit.gradia.fi\/visu\/wp-json\/wp\/v2\/comments?post=122"}],"version-history":[{"count":0,"href":"https:\/\/blogit.gradia.fi\/visu\/wp-json\/wp\/v2\/posts\/122\/revisions"}],"wp:attachment":[{"href":"https:\/\/blogit.gradia.fi\/visu\/wp-json\/wp\/v2\/media?parent=122"}],"wp:term":[{"taxonomy":"category","embeddable":true,"href":"https:\/\/blogit.gradia.fi\/visu\/wp-json\/wp\/v2\/categories?post=122"},{"taxonomy":"post_tag","embeddable":true,"href":"https:\/\/blogit.gradia.fi\/visu\/wp-json\/wp\/v2\/tags?post=122"}],"curies":[{"name":"wp","href":"https:\/\/api.w.org\/{rel}","templated":true}]}}