{"id":119,"date":"2013-08-30T09:51:38","date_gmt":"2013-08-30T06:51:38","guid":{"rendered":"https:\/\/blogit.gradia.fi\/visu\/?p=119"},"modified":"2013-08-30T09:51:38","modified_gmt":"2013-08-30T06:51:38","slug":"tuskailusta-tuloksiin","status":"publish","type":"post","link":"https:\/\/blogit.gradia.fi\/visu\/2013\/08\/30\/tuskailusta-tuloksiin\/","title":{"rendered":"Tuskailusta tuloksiin"},"content":{"rendered":"<p>Huhhuh.<\/p>\n<p>Alkuinnostus p\u00e4\u00e4ttyi eilen v\u00e4symykseen sek\u00e4 yleiseen sekasortoon, ep\u00e4ilyihin ja pahaan mieleen. Aamulla Frilanderin Hanna oli tunneillamme avustamassa oppilaita alkuun blogien kirjoittamisessa. Tuntui, ett\u00e4 blogialusta ei toiminut kunnolla, oppilailla oli eri versioita, kaikki olivat v\u00e4syneit\u00e4 ja tuskastuneita. Eik\u00e4 kukaan oikein ymm\u00e4rt\u00e4nyt mist\u00e4\u00e4n mit\u00e4\u00e4n ja kaikki syyttiv\u00e4t toisiaan.<\/p>\n<p>No, t\u00e4st\u00e4kin taas selvittiin. Parin tunnin kuluttua kesken tuntia istahdin oppilaiden keskelle neukkarip\u00f6yd\u00e4n \u00e4\u00e4reen ja keskustelimme. Ja kyll\u00e4h\u00e4n se yhteisymm\u00e4rrys alkoi l\u00f6yty\u00e4. Opekin tajusi vihdoin, mik\u00e4 m\u00e4tt\u00e4\u00e4. Toivottavasti my\u00f6s toisinp\u00e4in. T\u00e4st\u00e4 sitten taas alkoi innostus nousta. Heini teki iltap\u00e4iv\u00e4ll\u00e4 mallikuvan teksteineen siit\u00e4, mihin teht\u00e4vi\u00e4 palautettiin jne.\u00a0selvent\u00e4m\u00e4\u00e4n asiaa.<\/p>\n<p>T\u00e4n\u00e4\u00e4n oli jo kaikki loistavasti! Pidin aamupalapalaverin\u00a0itseni kanssa ja muokkasin teksti\u00e4 ja kuvaa sek\u00e4 pohdin, ett\u00e4 miten edet\u00e4. Tuloksena lista siit\u00e4, mit\u00e4 blogista pit\u00e4isi t\u00e4h\u00e4n menness\u00e4 l\u00f6yty\u00e4. Nautimme harvinaisesta herkusta &#8211; koneluokasta, joten kun rauta oli kuumaa niin sit\u00e4 taottiin. Ja tulosta syntyi. Aivan upeita postauksia kuvineen oppilaiden visun t\u00f6ist\u00e4. Hyv\u00e4n\u00e4 vinkkin\u00e4 muille my\u00f6s kuva oppilaasta ty\u00f6asussaan (<a href=\"https:\/\/blogit.gradia.fi\/idanieminen\">https:\/\/blogit.gradia.fi\/idanieminen<\/a> sek\u00e4 <a href=\"https:\/\/blogit.gradia.fi\/neakarppinen\">https:\/\/blogit.gradia.fi\/neakarppinen<\/a>). Muutkin kyll\u00e4 onnistuiva todella hyvin postauksissaan.<\/p>\n<p>T\u00e4st\u00e4 on taas hyv\u00e4 jatkaa mobiilimatkaa&#8230;<\/p>\n","protected":false},"excerpt":{"rendered":"<p>Huhhuh. Alkuinnostus p\u00e4\u00e4ttyi eilen v\u00e4symykseen sek\u00e4 yleiseen sekasortoon, ep\u00e4ilyihin ja pahaan mieleen. Aamulla Frilanderin Hanna oli tunneillamme avustamassa oppilaita alkuun blogien kirjoittamisessa. Tuntui, ett\u00e4 blogialusta ei toiminut kunnolla, oppilailla oli eri versioita, kaikki olivat v\u00e4syneit\u00e4 ja tuskastuneita. Eik\u00e4 kukaan oikein ymm\u00e4rt\u00e4nyt mist\u00e4\u00e4n mit\u00e4\u00e4n ja kaikki syyttiv\u00e4t toisiaan. No, t\u00e4st\u00e4kin taas selvittiin. Parin tunnin kuluttua kesken [&hellip;]<\/p>\n","protected":false},"author":163,"featured_media":0,"comment_status":"open","ping_status":"open","sticky":false,"template":"","format":"standard","meta":{"_uag_custom_page_level_css":"","footnotes":""},"categories":[1],"tags":[18,19,20],"class_list":["post-119","post","type-post","status-publish","format-standard","hentry","category-yleinen","tag-blogi","tag-blogin-kirjoittaminen","tag-projekti-2"],"yoast_head":"<!-- This site is optimized with the Yoast SEO plugin v27.5 - https:\/\/yoast.com\/product\/yoast-seo-wordpress\/ -->\n<title>Tuskailusta tuloksiin - AMMATTILAISEKSI TY\u00d6SS\u00c4OPPIEN<\/title>\n<meta name=\"robots\" content=\"index, follow, max-snippet:-1, max-image-preview:large, max-video-preview:-1\" \/>\n<link rel=\"canonical\" href=\"https:\/\/blogit.gradia.fi\/visu\/2013\/08\/30\/tuskailusta-tuloksiin\/\" \/>\n<meta property=\"og:locale\" content=\"fi_FI\" \/>\n<meta property=\"og:type\" content=\"article\" \/>\n<meta property=\"og:title\" content=\"Tuskailusta tuloksiin - AMMATTILAISEKSI TY\u00d6SS\u00c4OPPIEN\" \/>\n<meta property=\"og:description\" content=\"Huhhuh. Alkuinnostus p\u00e4\u00e4ttyi eilen v\u00e4symykseen sek\u00e4 yleiseen sekasortoon, ep\u00e4ilyihin ja pahaan mieleen. Aamulla Frilanderin Hanna oli tunneillamme avustamassa oppilaita alkuun blogien kirjoittamisessa. Tuntui, ett\u00e4 blogialusta ei toiminut kunnolla, oppilailla oli eri versioita, kaikki olivat v\u00e4syneit\u00e4 ja tuskastuneita. Eik\u00e4 kukaan oikein ymm\u00e4rt\u00e4nyt mist\u00e4\u00e4n mit\u00e4\u00e4n ja kaikki syyttiv\u00e4t toisiaan. No, t\u00e4st\u00e4kin taas selvittiin. Parin tunnin kuluttua kesken [&hellip;]\" \/>\n<meta property=\"og:url\" content=\"https:\/\/blogit.gradia.fi\/visu\/2013\/08\/30\/tuskailusta-tuloksiin\/\" \/>\n<meta property=\"og:site_name\" content=\"AMMATTILAISEKSI TY\u00d6SS\u00c4OPPIEN\" \/>\n<meta property=\"article:published_time\" content=\"2013-08-30T06:51:38+00:00\" \/>\n<meta name=\"author\" content=\"Henna-Liisa Maljonen\" \/>\n<meta name=\"twitter:card\" content=\"summary_large_image\" \/>\n<meta name=\"twitter:label1\" content=\"Kirjoittanut\" \/>\n\t<meta name=\"twitter:data1\" content=\"Henna-Liisa Maljonen\" \/>\n\t<meta name=\"twitter:label2\" content=\"Arvioitu lukuaika\" \/>\n\t<meta name=\"twitter:data2\" content=\"1 minuutti\" \/>\n<script type=\"application\/ld+json\" class=\"yoast-schema-graph\">{\"@context\":\"https:\\\/\\\/schema.org\",\"@graph\":[{\"@type\":\"Article\",\"@id\":\"https:\\\/\\\/blogit.gradia.fi\\\/visu\\\/2013\\\/08\\\/30\\\/tuskailusta-tuloksiin\\\/#article\",\"isPartOf\":{\"@id\":\"https:\\\/\\\/blogit.gradia.fi\\\/visu\\\/2013\\\/08\\\/30\\\/tuskailusta-tuloksiin\\\/\"},\"author\":{\"name\":\"Henna-Liisa Maljonen\",\"@id\":\"https:\\\/\\\/blogit.gradia.fi\\\/visu\\\/#\\\/schema\\\/person\\\/2af3d7f8b09506dacfb1224eef2c6478\"},\"headline\":\"Tuskailusta tuloksiin\",\"datePublished\":\"2013-08-30T06:51:38+00:00\",\"mainEntityOfPage\":{\"@id\":\"https:\\\/\\\/blogit.gradia.fi\\\/visu\\\/2013\\\/08\\\/30\\\/tuskailusta-tuloksiin\\\/\"},\"wordCount\":215,\"commentCount\":0,\"keywords\":[\"blogi\",\"blogin kirjoittaminen\",\"projekti\"],\"inLanguage\":\"fi\",\"potentialAction\":[{\"@type\":\"CommentAction\",\"name\":\"Comment\",\"target\":[\"https:\\\/\\\/blogit.gradia.fi\\\/visu\\\/2013\\\/08\\\/30\\\/tuskailusta-tuloksiin\\\/#respond\"]}]},{\"@type\":\"WebPage\",\"@id\":\"https:\\\/\\\/blogit.gradia.fi\\\/visu\\\/2013\\\/08\\\/30\\\/tuskailusta-tuloksiin\\\/\",\"url\":\"https:\\\/\\\/blogit.gradia.fi\\\/visu\\\/2013\\\/08\\\/30\\\/tuskailusta-tuloksiin\\\/\",\"name\":\"Tuskailusta tuloksiin - AMMATTILAISEKSI TY\u00d6SS\u00c4OPPIEN\",\"isPartOf\":{\"@id\":\"https:\\\/\\\/blogit.gradia.fi\\\/visu\\\/#website\"},\"datePublished\":\"2013-08-30T06:51:38+00:00\",\"author\":{\"@id\":\"https:\\\/\\\/blogit.gradia.fi\\\/visu\\\/#\\\/schema\\\/person\\\/2af3d7f8b09506dacfb1224eef2c6478\"},\"inLanguage\":\"fi\",\"potentialAction\":[{\"@type\":\"ReadAction\",\"target\":[\"https:\\\/\\\/blogit.gradia.fi\\\/visu\\\/2013\\\/08\\\/30\\\/tuskailusta-tuloksiin\\\/\"]}]},{\"@type\":\"WebSite\",\"@id\":\"https:\\\/\\\/blogit.gradia.fi\\\/visu\\\/#website\",\"url\":\"https:\\\/\\\/blogit.gradia.fi\\\/visu\\\/\",\"name\":\"AMMATTILAISEKSI TY\u00d6SS\u00c4OPPIEN\",\"description\":\"Sivusto, joka kertoo Jyv\u00e4skyl\u00e4n ammattiopiston vuonna 2012 aloittaneen ty\u00f6ss\u00e4oppimispainotteisen luokan opintojen etenemisest\u00e4.\",\"potentialAction\":[{\"@type\":\"SearchAction\",\"target\":{\"@type\":\"EntryPoint\",\"urlTemplate\":\"https:\\\/\\\/blogit.gradia.fi\\\/visu\\\/?s={search_term_string}\"},\"query-input\":{\"@type\":\"PropertyValueSpecification\",\"valueRequired\":true,\"valueName\":\"search_term_string\"}}],\"inLanguage\":\"fi\"},{\"@type\":\"Person\",\"@id\":\"https:\\\/\\\/blogit.gradia.fi\\\/visu\\\/#\\\/schema\\\/person\\\/2af3d7f8b09506dacfb1224eef2c6478\",\"name\":\"Henna-Liisa Maljonen\",\"image\":{\"@type\":\"ImageObject\",\"inLanguage\":\"fi\",\"@id\":\"https:\\\/\\\/secure.gravatar.com\\\/avatar\\\/9edabe42a88cf1825dcf2bb1038b105de35ff17a6f576fade817dacd8643f030?s=96&d=mm&r=g\",\"url\":\"https:\\\/\\\/secure.gravatar.com\\\/avatar\\\/9edabe42a88cf1825dcf2bb1038b105de35ff17a6f576fade817dacd8643f030?s=96&d=mm&r=g\",\"contentUrl\":\"https:\\\/\\\/secure.gravatar.com\\\/avatar\\\/9edabe42a88cf1825dcf2bb1038b105de35ff17a6f576fade817dacd8643f030?s=96&d=mm&r=g\",\"caption\":\"Henna-Liisa Maljonen\"},\"url\":\"https:\\\/\\\/blogit.gradia.fi\\\/visu\\\/author\\\/maljohen\\\/\"}]}<\/script>\n<!-- \/ Yoast SEO plugin. -->","yoast_head_json":{"title":"Tuskailusta tuloksiin - AMMATTILAISEKSI TY\u00d6SS\u00c4OPPIEN","robots":{"index":"index","follow":"follow","max-snippet":"max-snippet:-1","max-image-preview":"max-image-preview:large","max-video-preview":"max-video-preview:-1"},"canonical":"https:\/\/blogit.gradia.fi\/visu\/2013\/08\/30\/tuskailusta-tuloksiin\/","og_locale":"fi_FI","og_type":"article","og_title":"Tuskailusta tuloksiin - AMMATTILAISEKSI TY\u00d6SS\u00c4OPPIEN","og_description":"Huhhuh. Alkuinnostus p\u00e4\u00e4ttyi eilen v\u00e4symykseen sek\u00e4 yleiseen sekasortoon, ep\u00e4ilyihin ja pahaan mieleen. Aamulla Frilanderin Hanna oli tunneillamme avustamassa oppilaita alkuun blogien kirjoittamisessa. Tuntui, ett\u00e4 blogialusta ei toiminut kunnolla, oppilailla oli eri versioita, kaikki olivat v\u00e4syneit\u00e4 ja tuskastuneita. Eik\u00e4 kukaan oikein ymm\u00e4rt\u00e4nyt mist\u00e4\u00e4n mit\u00e4\u00e4n ja kaikki syyttiv\u00e4t toisiaan. No, t\u00e4st\u00e4kin taas selvittiin. Parin tunnin kuluttua kesken [&hellip;]","og_url":"https:\/\/blogit.gradia.fi\/visu\/2013\/08\/30\/tuskailusta-tuloksiin\/","og_site_name":"AMMATTILAISEKSI TY\u00d6SS\u00c4OPPIEN","article_published_time":"2013-08-30T06:51:38+00:00","author":"Henna-Liisa Maljonen","twitter_card":"summary_large_image","twitter_misc":{"Kirjoittanut":"Henna-Liisa Maljonen","Arvioitu lukuaika":"1 minuutti"},"schema":{"@context":"https:\/\/schema.org","@graph":[{"@type":"Article","@id":"https:\/\/blogit.gradia.fi\/visu\/2013\/08\/30\/tuskailusta-tuloksiin\/#article","isPartOf":{"@id":"https:\/\/blogit.gradia.fi\/visu\/2013\/08\/30\/tuskailusta-tuloksiin\/"},"author":{"name":"Henna-Liisa Maljonen","@id":"https:\/\/blogit.gradia.fi\/visu\/#\/schema\/person\/2af3d7f8b09506dacfb1224eef2c6478"},"headline":"Tuskailusta tuloksiin","datePublished":"2013-08-30T06:51:38+00:00","mainEntityOfPage":{"@id":"https:\/\/blogit.gradia.fi\/visu\/2013\/08\/30\/tuskailusta-tuloksiin\/"},"wordCount":215,"commentCount":0,"keywords":["blogi","blogin kirjoittaminen","projekti"],"inLanguage":"fi","potentialAction":[{"@type":"CommentAction","name":"Comment","target":["https:\/\/blogit.gradia.fi\/visu\/2013\/08\/30\/tuskailusta-tuloksiin\/#respond"]}]},{"@type":"WebPage","@id":"https:\/\/blogit.gradia.fi\/visu\/2013\/08\/30\/tuskailusta-tuloksiin\/","url":"https:\/\/blogit.gradia.fi\/visu\/2013\/08\/30\/tuskailusta-tuloksiin\/","name":"Tuskailusta tuloksiin - AMMATTILAISEKSI TY\u00d6SS\u00c4OPPIEN","isPartOf":{"@id":"https:\/\/blogit.gradia.fi\/visu\/#website"},"datePublished":"2013-08-30T06:51:38+00:00","author":{"@id":"https:\/\/blogit.gradia.fi\/visu\/#\/schema\/person\/2af3d7f8b09506dacfb1224eef2c6478"},"inLanguage":"fi","potentialAction":[{"@type":"ReadAction","target":["https:\/\/blogit.gradia.fi\/visu\/2013\/08\/30\/tuskailusta-tuloksiin\/"]}]},{"@type":"WebSite","@id":"https:\/\/blogit.gradia.fi\/visu\/#website","url":"https:\/\/blogit.gradia.fi\/visu\/","name":"AMMATTILAISEKSI TY\u00d6SS\u00c4OPPIEN","description":"Sivusto, joka kertoo Jyv\u00e4skyl\u00e4n ammattiopiston vuonna 2012 aloittaneen ty\u00f6ss\u00e4oppimispainotteisen luokan opintojen etenemisest\u00e4.","potentialAction":[{"@type":"SearchAction","target":{"@type":"EntryPoint","urlTemplate":"https:\/\/blogit.gradia.fi\/visu\/?s={search_term_string}"},"query-input":{"@type":"PropertyValueSpecification","valueRequired":true,"valueName":"search_term_string"}}],"inLanguage":"fi"},{"@type":"Person","@id":"https:\/\/blogit.gradia.fi\/visu\/#\/schema\/person\/2af3d7f8b09506dacfb1224eef2c6478","name":"Henna-Liisa Maljonen","image":{"@type":"ImageObject","inLanguage":"fi","@id":"https:\/\/secure.gravatar.com\/avatar\/9edabe42a88cf1825dcf2bb1038b105de35ff17a6f576fade817dacd8643f030?s=96&d=mm&r=g","url":"https:\/\/secure.gravatar.com\/avatar\/9edabe42a88cf1825dcf2bb1038b105de35ff17a6f576fade817dacd8643f030?s=96&d=mm&r=g","contentUrl":"https:\/\/secure.gravatar.com\/avatar\/9edabe42a88cf1825dcf2bb1038b105de35ff17a6f576fade817dacd8643f030?s=96&d=mm&r=g","caption":"Henna-Liisa Maljonen"},"url":"https:\/\/blogit.gradia.fi\/visu\/author\/maljohen\/"}]}},"uagb_featured_image_src":{"full":false,"thumbnail":false,"medium":false,"medium_large":false,"large":false,"1536x1536":false,"2048x2048":false,"post-thumbnail":false},"uagb_author_info":{"display_name":"Henna-Liisa Maljonen","author_link":"https:\/\/blogit.gradia.fi\/visu\/author\/maljohen\/"},"uagb_comment_info":0,"uagb_excerpt":"Huhhuh. Alkuinnostus p\u00e4\u00e4ttyi eilen v\u00e4symykseen sek\u00e4 yleiseen sekasortoon, ep\u00e4ilyihin ja pahaan mieleen. Aamulla Frilanderin Hanna oli tunneillamme avustamassa oppilaita alkuun blogien kirjoittamisessa. Tuntui, ett\u00e4 blogialusta ei toiminut kunnolla, oppilailla oli eri versioita, kaikki olivat v\u00e4syneit\u00e4 ja tuskastuneita. Eik\u00e4 kukaan oikein ymm\u00e4rt\u00e4nyt mist\u00e4\u00e4n mit\u00e4\u00e4n ja kaikki syyttiv\u00e4t toisiaan. No, t\u00e4st\u00e4kin taas selvittiin. Parin tunnin kuluttua kesken&hellip;","_links":{"self":[{"href":"https:\/\/blogit.gradia.fi\/visu\/wp-json\/wp\/v2\/posts\/119","targetHints":{"allow":["GET"]}}],"collection":[{"href":"https:\/\/blogit.gradia.fi\/visu\/wp-json\/wp\/v2\/posts"}],"about":[{"href":"https:\/\/blogit.gradia.fi\/visu\/wp-json\/wp\/v2\/types\/post"}],"author":[{"embeddable":true,"href":"https:\/\/blogit.gradia.fi\/visu\/wp-json\/wp\/v2\/users\/163"}],"replies":[{"embeddable":true,"href":"https:\/\/blogit.gradia.fi\/visu\/wp-json\/wp\/v2\/comments?post=119"}],"version-history":[{"count":0,"href":"https:\/\/blogit.gradia.fi\/visu\/wp-json\/wp\/v2\/posts\/119\/revisions"}],"wp:attachment":[{"href":"https:\/\/blogit.gradia.fi\/visu\/wp-json\/wp\/v2\/media?parent=119"}],"wp:term":[{"taxonomy":"category","embeddable":true,"href":"https:\/\/blogit.gradia.fi\/visu\/wp-json\/wp\/v2\/categories?post=119"},{"taxonomy":"post_tag","embeddable":true,"href":"https:\/\/blogit.gradia.fi\/visu\/wp-json\/wp\/v2\/tags?post=119"}],"curies":[{"name":"wp","href":"https:\/\/api.w.org\/{rel}","templated":true}]}}