{"id":113,"date":"2013-08-21T23:12:40","date_gmt":"2013-08-21T20:12:40","guid":{"rendered":"https:\/\/blogit.gradia.fi\/visu\/?p=113"},"modified":"2013-08-21T23:12:40","modified_gmt":"2013-08-21T20:12:40","slug":"4-kttn-top-tehtava","status":"publish","type":"post","link":"https:\/\/blogit.gradia.fi\/visu\/2013\/08\/21\/4-kttn-top-tehtava\/","title":{"rendered":"4. KTT:n TOP -teht\u00e4v\u00e4"},"content":{"rendered":"<div>\u2022Selvit\u00e4 mit\u00e4 tukkua\/tukkuja yrityksesi k\u00e4ytt\u00e4\u00e4? Listaa n\u00e4m\u00e4 tukut.<\/div>\n<div><\/div>\n<div>\u2022Jos yrityksesi k\u00e4ytt\u00e4\u00e4 montaa eri tukkua, selvit\u00e4 ja kerro, mist\u00e4 tulee mit\u00e4 tuotteita.<\/div>\n<div><\/div>\n<div>\u2022K\u00e4y lis\u00e4\u00e4m\u00e4ss\u00e4 yrityksesi tiedot joko GoogleDriven tai SkyDriven dokumenttiin \u201dyrityksesi tukku\u201d, joka on jaettu sinulle s\u00e4hk\u00f6postilinkin kautta.<\/div>\n","protected":false},"excerpt":{"rendered":"<p>\u2022Selvit\u00e4 mit\u00e4 tukkua\/tukkuja yrityksesi k\u00e4ytt\u00e4\u00e4? Listaa n\u00e4m\u00e4 tukut. \u2022Jos yrityksesi k\u00e4ytt\u00e4\u00e4 montaa eri tukkua, selvit\u00e4 ja kerro, mist\u00e4 tulee mit\u00e4 tuotteita. \u2022K\u00e4y lis\u00e4\u00e4m\u00e4ss\u00e4 yrityksesi tiedot joko GoogleDriven tai SkyDriven dokumenttiin \u201dyrityksesi tukku\u201d, joka on jaettu sinulle s\u00e4hk\u00f6postilinkin kautta.<\/p>\n","protected":false},"author":163,"featured_media":0,"comment_status":"open","ping_status":"open","sticky":false,"template":"","format":"standard","meta":{"_uag_custom_page_level_css":"","footnotes":""},"categories":[3],"tags":[11,13],"class_list":["post-113","post","type-post","status-publish","format-standard","hentry","category-kpm","tag-top-tehtava","tag-tukku"],"yoast_head":"<!-- This site is optimized with the Yoast SEO plugin v27.5 - https:\/\/yoast.com\/product\/yoast-seo-wordpress\/ -->\n<title>4. KTT:n TOP -teht\u00e4v\u00e4 - AMMATTILAISEKSI TY\u00d6SS\u00c4OPPIEN<\/title>\n<meta name=\"robots\" content=\"index, follow, max-snippet:-1, max-image-preview:large, max-video-preview:-1\" \/>\n<link rel=\"canonical\" href=\"https:\/\/blogit.gradia.fi\/visu\/2013\/08\/21\/4-kttn-top-tehtava\/\" \/>\n<meta property=\"og:locale\" content=\"fi_FI\" \/>\n<meta property=\"og:type\" content=\"article\" \/>\n<meta property=\"og:title\" content=\"4. KTT:n TOP -teht\u00e4v\u00e4 - AMMATTILAISEKSI TY\u00d6SS\u00c4OPPIEN\" \/>\n<meta property=\"og:description\" content=\"\u2022Selvit\u00e4 mit\u00e4 tukkua\/tukkuja yrityksesi k\u00e4ytt\u00e4\u00e4? Listaa n\u00e4m\u00e4 tukut. \u2022Jos yrityksesi k\u00e4ytt\u00e4\u00e4 montaa eri tukkua, selvit\u00e4 ja kerro, mist\u00e4 tulee mit\u00e4 tuotteita. \u2022K\u00e4y lis\u00e4\u00e4m\u00e4ss\u00e4 yrityksesi tiedot joko GoogleDriven tai SkyDriven dokumenttiin \u201dyrityksesi tukku\u201d, joka on jaettu sinulle s\u00e4hk\u00f6postilinkin kautta.\" \/>\n<meta property=\"og:url\" content=\"https:\/\/blogit.gradia.fi\/visu\/2013\/08\/21\/4-kttn-top-tehtava\/\" \/>\n<meta property=\"og:site_name\" content=\"AMMATTILAISEKSI TY\u00d6SS\u00c4OPPIEN\" \/>\n<meta property=\"article:published_time\" content=\"2013-08-21T20:12:40+00:00\" \/>\n<meta name=\"author\" content=\"Henna-Liisa Maljonen\" \/>\n<meta name=\"twitter:card\" content=\"summary_large_image\" \/>\n<meta name=\"twitter:label1\" content=\"Kirjoittanut\" \/>\n\t<meta name=\"twitter:data1\" content=\"Henna-Liisa Maljonen\" \/>\n<script type=\"application\/ld+json\" class=\"yoast-schema-graph\">{\"@context\":\"https:\\\/\\\/schema.org\",\"@graph\":[{\"@type\":\"Article\",\"@id\":\"https:\\\/\\\/blogit.gradia.fi\\\/visu\\\/2013\\\/08\\\/21\\\/4-kttn-top-tehtava\\\/#article\",\"isPartOf\":{\"@id\":\"https:\\\/\\\/blogit.gradia.fi\\\/visu\\\/2013\\\/08\\\/21\\\/4-kttn-top-tehtava\\\/\"},\"author\":{\"name\":\"Henna-Liisa Maljonen\",\"@id\":\"https:\\\/\\\/blogit.gradia.fi\\\/visu\\\/#\\\/schema\\\/person\\\/2af3d7f8b09506dacfb1224eef2c6478\"},\"headline\":\"4. KTT:n TOP -teht\u00e4v\u00e4\",\"datePublished\":\"2013-08-21T20:12:40+00:00\",\"mainEntityOfPage\":{\"@id\":\"https:\\\/\\\/blogit.gradia.fi\\\/visu\\\/2013\\\/08\\\/21\\\/4-kttn-top-tehtava\\\/\"},\"wordCount\":52,\"commentCount\":0,\"keywords\":[\"TOP -teht\u00e4v\u00e4\",\"tukku\"],\"articleSection\":[\"Kaupan palvelu ja myynti\"],\"inLanguage\":\"fi\",\"potentialAction\":[{\"@type\":\"CommentAction\",\"name\":\"Comment\",\"target\":[\"https:\\\/\\\/blogit.gradia.fi\\\/visu\\\/2013\\\/08\\\/21\\\/4-kttn-top-tehtava\\\/#respond\"]}]},{\"@type\":\"WebPage\",\"@id\":\"https:\\\/\\\/blogit.gradia.fi\\\/visu\\\/2013\\\/08\\\/21\\\/4-kttn-top-tehtava\\\/\",\"url\":\"https:\\\/\\\/blogit.gradia.fi\\\/visu\\\/2013\\\/08\\\/21\\\/4-kttn-top-tehtava\\\/\",\"name\":\"4. KTT:n TOP -teht\u00e4v\u00e4 - AMMATTILAISEKSI TY\u00d6SS\u00c4OPPIEN\",\"isPartOf\":{\"@id\":\"https:\\\/\\\/blogit.gradia.fi\\\/visu\\\/#website\"},\"datePublished\":\"2013-08-21T20:12:40+00:00\",\"author\":{\"@id\":\"https:\\\/\\\/blogit.gradia.fi\\\/visu\\\/#\\\/schema\\\/person\\\/2af3d7f8b09506dacfb1224eef2c6478\"},\"inLanguage\":\"fi\",\"potentialAction\":[{\"@type\":\"ReadAction\",\"target\":[\"https:\\\/\\\/blogit.gradia.fi\\\/visu\\\/2013\\\/08\\\/21\\\/4-kttn-top-tehtava\\\/\"]}]},{\"@type\":\"WebSite\",\"@id\":\"https:\\\/\\\/blogit.gradia.fi\\\/visu\\\/#website\",\"url\":\"https:\\\/\\\/blogit.gradia.fi\\\/visu\\\/\",\"name\":\"AMMATTILAISEKSI TY\u00d6SS\u00c4OPPIEN\",\"description\":\"Sivusto, joka kertoo Jyv\u00e4skyl\u00e4n ammattiopiston vuonna 2012 aloittaneen ty\u00f6ss\u00e4oppimispainotteisen luokan opintojen etenemisest\u00e4.\",\"potentialAction\":[{\"@type\":\"SearchAction\",\"target\":{\"@type\":\"EntryPoint\",\"urlTemplate\":\"https:\\\/\\\/blogit.gradia.fi\\\/visu\\\/?s={search_term_string}\"},\"query-input\":{\"@type\":\"PropertyValueSpecification\",\"valueRequired\":true,\"valueName\":\"search_term_string\"}}],\"inLanguage\":\"fi\"},{\"@type\":\"Person\",\"@id\":\"https:\\\/\\\/blogit.gradia.fi\\\/visu\\\/#\\\/schema\\\/person\\\/2af3d7f8b09506dacfb1224eef2c6478\",\"name\":\"Henna-Liisa Maljonen\",\"image\":{\"@type\":\"ImageObject\",\"inLanguage\":\"fi\",\"@id\":\"https:\\\/\\\/secure.gravatar.com\\\/avatar\\\/9edabe42a88cf1825dcf2bb1038b105de35ff17a6f576fade817dacd8643f030?s=96&d=mm&r=g\",\"url\":\"https:\\\/\\\/secure.gravatar.com\\\/avatar\\\/9edabe42a88cf1825dcf2bb1038b105de35ff17a6f576fade817dacd8643f030?s=96&d=mm&r=g\",\"contentUrl\":\"https:\\\/\\\/secure.gravatar.com\\\/avatar\\\/9edabe42a88cf1825dcf2bb1038b105de35ff17a6f576fade817dacd8643f030?s=96&d=mm&r=g\",\"caption\":\"Henna-Liisa Maljonen\"},\"url\":\"https:\\\/\\\/blogit.gradia.fi\\\/visu\\\/author\\\/maljohen\\\/\"}]}<\/script>\n<!-- \/ Yoast SEO plugin. -->","yoast_head_json":{"title":"4. KTT:n TOP -teht\u00e4v\u00e4 - AMMATTILAISEKSI TY\u00d6SS\u00c4OPPIEN","robots":{"index":"index","follow":"follow","max-snippet":"max-snippet:-1","max-image-preview":"max-image-preview:large","max-video-preview":"max-video-preview:-1"},"canonical":"https:\/\/blogit.gradia.fi\/visu\/2013\/08\/21\/4-kttn-top-tehtava\/","og_locale":"fi_FI","og_type":"article","og_title":"4. KTT:n TOP -teht\u00e4v\u00e4 - AMMATTILAISEKSI TY\u00d6SS\u00c4OPPIEN","og_description":"\u2022Selvit\u00e4 mit\u00e4 tukkua\/tukkuja yrityksesi k\u00e4ytt\u00e4\u00e4? Listaa n\u00e4m\u00e4 tukut. \u2022Jos yrityksesi k\u00e4ytt\u00e4\u00e4 montaa eri tukkua, selvit\u00e4 ja kerro, mist\u00e4 tulee mit\u00e4 tuotteita. \u2022K\u00e4y lis\u00e4\u00e4m\u00e4ss\u00e4 yrityksesi tiedot joko GoogleDriven tai SkyDriven dokumenttiin \u201dyrityksesi tukku\u201d, joka on jaettu sinulle s\u00e4hk\u00f6postilinkin kautta.","og_url":"https:\/\/blogit.gradia.fi\/visu\/2013\/08\/21\/4-kttn-top-tehtava\/","og_site_name":"AMMATTILAISEKSI TY\u00d6SS\u00c4OPPIEN","article_published_time":"2013-08-21T20:12:40+00:00","author":"Henna-Liisa Maljonen","twitter_card":"summary_large_image","twitter_misc":{"Kirjoittanut":"Henna-Liisa Maljonen"},"schema":{"@context":"https:\/\/schema.org","@graph":[{"@type":"Article","@id":"https:\/\/blogit.gradia.fi\/visu\/2013\/08\/21\/4-kttn-top-tehtava\/#article","isPartOf":{"@id":"https:\/\/blogit.gradia.fi\/visu\/2013\/08\/21\/4-kttn-top-tehtava\/"},"author":{"name":"Henna-Liisa Maljonen","@id":"https:\/\/blogit.gradia.fi\/visu\/#\/schema\/person\/2af3d7f8b09506dacfb1224eef2c6478"},"headline":"4. KTT:n TOP -teht\u00e4v\u00e4","datePublished":"2013-08-21T20:12:40+00:00","mainEntityOfPage":{"@id":"https:\/\/blogit.gradia.fi\/visu\/2013\/08\/21\/4-kttn-top-tehtava\/"},"wordCount":52,"commentCount":0,"keywords":["TOP -teht\u00e4v\u00e4","tukku"],"articleSection":["Kaupan palvelu ja myynti"],"inLanguage":"fi","potentialAction":[{"@type":"CommentAction","name":"Comment","target":["https:\/\/blogit.gradia.fi\/visu\/2013\/08\/21\/4-kttn-top-tehtava\/#respond"]}]},{"@type":"WebPage","@id":"https:\/\/blogit.gradia.fi\/visu\/2013\/08\/21\/4-kttn-top-tehtava\/","url":"https:\/\/blogit.gradia.fi\/visu\/2013\/08\/21\/4-kttn-top-tehtava\/","name":"4. KTT:n TOP -teht\u00e4v\u00e4 - AMMATTILAISEKSI TY\u00d6SS\u00c4OPPIEN","isPartOf":{"@id":"https:\/\/blogit.gradia.fi\/visu\/#website"},"datePublished":"2013-08-21T20:12:40+00:00","author":{"@id":"https:\/\/blogit.gradia.fi\/visu\/#\/schema\/person\/2af3d7f8b09506dacfb1224eef2c6478"},"inLanguage":"fi","potentialAction":[{"@type":"ReadAction","target":["https:\/\/blogit.gradia.fi\/visu\/2013\/08\/21\/4-kttn-top-tehtava\/"]}]},{"@type":"WebSite","@id":"https:\/\/blogit.gradia.fi\/visu\/#website","url":"https:\/\/blogit.gradia.fi\/visu\/","name":"AMMATTILAISEKSI TY\u00d6SS\u00c4OPPIEN","description":"Sivusto, joka kertoo Jyv\u00e4skyl\u00e4n ammattiopiston vuonna 2012 aloittaneen ty\u00f6ss\u00e4oppimispainotteisen luokan opintojen etenemisest\u00e4.","potentialAction":[{"@type":"SearchAction","target":{"@type":"EntryPoint","urlTemplate":"https:\/\/blogit.gradia.fi\/visu\/?s={search_term_string}"},"query-input":{"@type":"PropertyValueSpecification","valueRequired":true,"valueName":"search_term_string"}}],"inLanguage":"fi"},{"@type":"Person","@id":"https:\/\/blogit.gradia.fi\/visu\/#\/schema\/person\/2af3d7f8b09506dacfb1224eef2c6478","name":"Henna-Liisa Maljonen","image":{"@type":"ImageObject","inLanguage":"fi","@id":"https:\/\/secure.gravatar.com\/avatar\/9edabe42a88cf1825dcf2bb1038b105de35ff17a6f576fade817dacd8643f030?s=96&d=mm&r=g","url":"https:\/\/secure.gravatar.com\/avatar\/9edabe42a88cf1825dcf2bb1038b105de35ff17a6f576fade817dacd8643f030?s=96&d=mm&r=g","contentUrl":"https:\/\/secure.gravatar.com\/avatar\/9edabe42a88cf1825dcf2bb1038b105de35ff17a6f576fade817dacd8643f030?s=96&d=mm&r=g","caption":"Henna-Liisa Maljonen"},"url":"https:\/\/blogit.gradia.fi\/visu\/author\/maljohen\/"}]}},"uagb_featured_image_src":{"full":false,"thumbnail":false,"medium":false,"medium_large":false,"large":false,"1536x1536":false,"2048x2048":false,"post-thumbnail":false},"uagb_author_info":{"display_name":"Henna-Liisa Maljonen","author_link":"https:\/\/blogit.gradia.fi\/visu\/author\/maljohen\/"},"uagb_comment_info":7,"uagb_excerpt":"\u2022Selvit\u00e4 mit\u00e4 tukkua\/tukkuja yrityksesi k\u00e4ytt\u00e4\u00e4? Listaa n\u00e4m\u00e4 tukut. \u2022Jos yrityksesi k\u00e4ytt\u00e4\u00e4 montaa eri tukkua, selvit\u00e4 ja kerro, mist\u00e4 tulee mit\u00e4 tuotteita. \u2022K\u00e4y lis\u00e4\u00e4m\u00e4ss\u00e4 yrityksesi tiedot joko GoogleDriven tai SkyDriven dokumenttiin \u201dyrityksesi tukku\u201d, joka on jaettu sinulle s\u00e4hk\u00f6postilinkin kautta.","_links":{"self":[{"href":"https:\/\/blogit.gradia.fi\/visu\/wp-json\/wp\/v2\/posts\/113","targetHints":{"allow":["GET"]}}],"collection":[{"href":"https:\/\/blogit.gradia.fi\/visu\/wp-json\/wp\/v2\/posts"}],"about":[{"href":"https:\/\/blogit.gradia.fi\/visu\/wp-json\/wp\/v2\/types\/post"}],"author":[{"embeddable":true,"href":"https:\/\/blogit.gradia.fi\/visu\/wp-json\/wp\/v2\/users\/163"}],"replies":[{"embeddable":true,"href":"https:\/\/blogit.gradia.fi\/visu\/wp-json\/wp\/v2\/comments?post=113"}],"version-history":[{"count":0,"href":"https:\/\/blogit.gradia.fi\/visu\/wp-json\/wp\/v2\/posts\/113\/revisions"}],"wp:attachment":[{"href":"https:\/\/blogit.gradia.fi\/visu\/wp-json\/wp\/v2\/media?parent=113"}],"wp:term":[{"taxonomy":"category","embeddable":true,"href":"https:\/\/blogit.gradia.fi\/visu\/wp-json\/wp\/v2\/categories?post=113"},{"taxonomy":"post_tag","embeddable":true,"href":"https:\/\/blogit.gradia.fi\/visu\/wp-json\/wp\/v2\/tags?post=113"}],"curies":[{"name":"wp","href":"https:\/\/api.w.org\/{rel}","templated":true}]}}