{"id":1,"date":"2013-03-11T12:58:59","date_gmt":"2013-03-11T12:58:59","guid":{"rendered":"https:\/\/blogit.gradia.fi\/visu\/?p=1"},"modified":"2013-03-11T12:58:59","modified_gmt":"2013-03-11T12:58:59","slug":"moikka-maailma","status":"publish","type":"post","link":"https:\/\/blogit.gradia.fi\/visu\/2013\/03\/11\/moikka-maailma\/","title":{"rendered":"Moikka maailma!"},"content":{"rendered":"<p>Tervetuloa <a href=\"https:\/\/blogit.gradia.fi\/\">ao-blogit<\/a> -sivustolle. T\u00e4m\u00e4 on ensimm\u00e4inen artikkelisi. Muokkaa sit\u00e4 tai poista se, ja aloita kirjoittaminen!<\/p>\n","protected":false},"excerpt":{"rendered":"<p>Tervetuloa ao-blogit -sivustolle. T\u00e4m\u00e4 on ensimm\u00e4inen artikkelisi. Muokkaa sit\u00e4 tai poista se, ja aloita kirjoittaminen!<\/p>\n","protected":false},"author":33,"featured_media":0,"comment_status":"open","ping_status":"open","sticky":false,"template":"","format":"standard","meta":{"_uag_custom_page_level_css":"","footnotes":""},"categories":[1],"tags":[],"class_list":["post-1","post","type-post","status-publish","format-standard","hentry","category-yleinen"],"yoast_head":"<!-- This site is optimized with the Yoast SEO plugin v27.5 - https:\/\/yoast.com\/product\/yoast-seo-wordpress\/ -->\n<title>Moikka maailma! - AMMATTILAISEKSI TY\u00d6SS\u00c4OPPIEN<\/title>\n<meta name=\"robots\" content=\"index, follow, max-snippet:-1, max-image-preview:large, max-video-preview:-1\" \/>\n<link rel=\"canonical\" href=\"https:\/\/blogit.gradia.fi\/visu\/2013\/03\/11\/moikka-maailma\/\" \/>\n<meta property=\"og:locale\" content=\"fi_FI\" \/>\n<meta property=\"og:type\" content=\"article\" \/>\n<meta property=\"og:title\" content=\"Moikka maailma! - AMMATTILAISEKSI TY\u00d6SS\u00c4OPPIEN\" \/>\n<meta property=\"og:description\" content=\"Tervetuloa ao-blogit -sivustolle. T\u00e4m\u00e4 on ensimm\u00e4inen artikkelisi. Muokkaa sit\u00e4 tai poista se, ja aloita kirjoittaminen!\" \/>\n<meta property=\"og:url\" content=\"https:\/\/blogit.gradia.fi\/visu\/2013\/03\/11\/moikka-maailma\/\" \/>\n<meta property=\"og:site_name\" content=\"AMMATTILAISEKSI TY\u00d6SS\u00c4OPPIEN\" \/>\n<meta property=\"article:published_time\" content=\"2013-03-11T12:58:59+00:00\" \/>\n<meta name=\"twitter:card\" content=\"summary_large_image\" \/>\n<meta name=\"twitter:label1\" content=\"Kirjoittanut\" \/>\n\t<meta name=\"twitter:data1\" content=\"\" \/>\n<script type=\"application\/ld+json\" class=\"yoast-schema-graph\">{\"@context\":\"https:\\\/\\\/schema.org\",\"@graph\":[{\"@type\":\"Article\",\"@id\":\"https:\\\/\\\/blogit.gradia.fi\\\/visu\\\/2013\\\/03\\\/11\\\/moikka-maailma\\\/#article\",\"isPartOf\":{\"@id\":\"https:\\\/\\\/blogit.gradia.fi\\\/visu\\\/2013\\\/03\\\/11\\\/moikka-maailma\\\/\"},\"author\":{\"name\":\"\",\"@id\":\"\"},\"headline\":\"Moikka maailma!\",\"datePublished\":\"2013-03-11T12:58:59+00:00\",\"mainEntityOfPage\":{\"@id\":\"https:\\\/\\\/blogit.gradia.fi\\\/visu\\\/2013\\\/03\\\/11\\\/moikka-maailma\\\/\"},\"wordCount\":19,\"commentCount\":0,\"inLanguage\":\"fi\",\"potentialAction\":[{\"@type\":\"CommentAction\",\"name\":\"Comment\",\"target\":[\"https:\\\/\\\/blogit.gradia.fi\\\/visu\\\/2013\\\/03\\\/11\\\/moikka-maailma\\\/#respond\"]}]},{\"@type\":\"WebPage\",\"@id\":\"https:\\\/\\\/blogit.gradia.fi\\\/visu\\\/2013\\\/03\\\/11\\\/moikka-maailma\\\/\",\"url\":\"https:\\\/\\\/blogit.gradia.fi\\\/visu\\\/2013\\\/03\\\/11\\\/moikka-maailma\\\/\",\"name\":\"Moikka maailma! - AMMATTILAISEKSI TY\u00d6SS\u00c4OPPIEN\",\"isPartOf\":{\"@id\":\"https:\\\/\\\/blogit.gradia.fi\\\/visu\\\/#website\"},\"datePublished\":\"2013-03-11T12:58:59+00:00\",\"author\":{\"@id\":\"\"},\"inLanguage\":\"fi\",\"potentialAction\":[{\"@type\":\"ReadAction\",\"target\":[\"https:\\\/\\\/blogit.gradia.fi\\\/visu\\\/2013\\\/03\\\/11\\\/moikka-maailma\\\/\"]}]},{\"@type\":\"WebSite\",\"@id\":\"https:\\\/\\\/blogit.gradia.fi\\\/visu\\\/#website\",\"url\":\"https:\\\/\\\/blogit.gradia.fi\\\/visu\\\/\",\"name\":\"AMMATTILAISEKSI TY\u00d6SS\u00c4OPPIEN\",\"description\":\"Sivusto, joka kertoo Jyv\u00e4skyl\u00e4n ammattiopiston vuonna 2012 aloittaneen ty\u00f6ss\u00e4oppimispainotteisen luokan opintojen etenemisest\u00e4.\",\"potentialAction\":[{\"@type\":\"SearchAction\",\"target\":{\"@type\":\"EntryPoint\",\"urlTemplate\":\"https:\\\/\\\/blogit.gradia.fi\\\/visu\\\/?s={search_term_string}\"},\"query-input\":{\"@type\":\"PropertyValueSpecification\",\"valueRequired\":true,\"valueName\":\"search_term_string\"}}],\"inLanguage\":\"fi\"},{\"@type\":\"Person\",\"@id\":\"\",\"url\":\"https:\\\/\\\/blogit.gradia.fi\\\/visu\\\/author\\\/\"}]}<\/script>\n<!-- \/ Yoast SEO plugin. -->","yoast_head_json":{"title":"Moikka maailma! - AMMATTILAISEKSI TY\u00d6SS\u00c4OPPIEN","robots":{"index":"index","follow":"follow","max-snippet":"max-snippet:-1","max-image-preview":"max-image-preview:large","max-video-preview":"max-video-preview:-1"},"canonical":"https:\/\/blogit.gradia.fi\/visu\/2013\/03\/11\/moikka-maailma\/","og_locale":"fi_FI","og_type":"article","og_title":"Moikka maailma! - AMMATTILAISEKSI TY\u00d6SS\u00c4OPPIEN","og_description":"Tervetuloa ao-blogit -sivustolle. T\u00e4m\u00e4 on ensimm\u00e4inen artikkelisi. Muokkaa sit\u00e4 tai poista se, ja aloita kirjoittaminen!","og_url":"https:\/\/blogit.gradia.fi\/visu\/2013\/03\/11\/moikka-maailma\/","og_site_name":"AMMATTILAISEKSI TY\u00d6SS\u00c4OPPIEN","article_published_time":"2013-03-11T12:58:59+00:00","twitter_card":"summary_large_image","twitter_misc":{"Kirjoittanut":""},"schema":{"@context":"https:\/\/schema.org","@graph":[{"@type":"Article","@id":"https:\/\/blogit.gradia.fi\/visu\/2013\/03\/11\/moikka-maailma\/#article","isPartOf":{"@id":"https:\/\/blogit.gradia.fi\/visu\/2013\/03\/11\/moikka-maailma\/"},"author":{"name":"","@id":""},"headline":"Moikka maailma!","datePublished":"2013-03-11T12:58:59+00:00","mainEntityOfPage":{"@id":"https:\/\/blogit.gradia.fi\/visu\/2013\/03\/11\/moikka-maailma\/"},"wordCount":19,"commentCount":0,"inLanguage":"fi","potentialAction":[{"@type":"CommentAction","name":"Comment","target":["https:\/\/blogit.gradia.fi\/visu\/2013\/03\/11\/moikka-maailma\/#respond"]}]},{"@type":"WebPage","@id":"https:\/\/blogit.gradia.fi\/visu\/2013\/03\/11\/moikka-maailma\/","url":"https:\/\/blogit.gradia.fi\/visu\/2013\/03\/11\/moikka-maailma\/","name":"Moikka maailma! - AMMATTILAISEKSI TY\u00d6SS\u00c4OPPIEN","isPartOf":{"@id":"https:\/\/blogit.gradia.fi\/visu\/#website"},"datePublished":"2013-03-11T12:58:59+00:00","author":{"@id":""},"inLanguage":"fi","potentialAction":[{"@type":"ReadAction","target":["https:\/\/blogit.gradia.fi\/visu\/2013\/03\/11\/moikka-maailma\/"]}]},{"@type":"WebSite","@id":"https:\/\/blogit.gradia.fi\/visu\/#website","url":"https:\/\/blogit.gradia.fi\/visu\/","name":"AMMATTILAISEKSI TY\u00d6SS\u00c4OPPIEN","description":"Sivusto, joka kertoo Jyv\u00e4skyl\u00e4n ammattiopiston vuonna 2012 aloittaneen ty\u00f6ss\u00e4oppimispainotteisen luokan opintojen etenemisest\u00e4.","potentialAction":[{"@type":"SearchAction","target":{"@type":"EntryPoint","urlTemplate":"https:\/\/blogit.gradia.fi\/visu\/?s={search_term_string}"},"query-input":{"@type":"PropertyValueSpecification","valueRequired":true,"valueName":"search_term_string"}}],"inLanguage":"fi"},{"@type":"Person","@id":"","url":"https:\/\/blogit.gradia.fi\/visu\/author\/"}]}},"uagb_featured_image_src":{"full":false,"thumbnail":false,"medium":false,"medium_large":false,"large":false,"1536x1536":false,"2048x2048":false,"post-thumbnail":false},"uagb_author_info":{"display_name":"","author_link":"https:\/\/blogit.gradia.fi\/visu\/author\/"},"uagb_comment_info":1,"uagb_excerpt":"Tervetuloa ao-blogit -sivustolle. T\u00e4m\u00e4 on ensimm\u00e4inen artikkelisi. Muokkaa sit\u00e4 tai poista se, ja aloita kirjoittaminen!","_links":{"self":[{"href":"https:\/\/blogit.gradia.fi\/visu\/wp-json\/wp\/v2\/posts\/1","targetHints":{"allow":["GET"]}}],"collection":[{"href":"https:\/\/blogit.gradia.fi\/visu\/wp-json\/wp\/v2\/posts"}],"about":[{"href":"https:\/\/blogit.gradia.fi\/visu\/wp-json\/wp\/v2\/types\/post"}],"author":[{"embeddable":true,"href":"https:\/\/blogit.gradia.fi\/visu\/wp-json\/wp\/v2\/users\/33"}],"replies":[{"embeddable":true,"href":"https:\/\/blogit.gradia.fi\/visu\/wp-json\/wp\/v2\/comments?post=1"}],"version-history":[{"count":0,"href":"https:\/\/blogit.gradia.fi\/visu\/wp-json\/wp\/v2\/posts\/1\/revisions"}],"wp:attachment":[{"href":"https:\/\/blogit.gradia.fi\/visu\/wp-json\/wp\/v2\/media?parent=1"}],"wp:term":[{"taxonomy":"category","embeddable":true,"href":"https:\/\/blogit.gradia.fi\/visu\/wp-json\/wp\/v2\/categories?post=1"},{"taxonomy":"post_tag","embeddable":true,"href":"https:\/\/blogit.gradia.fi\/visu\/wp-json\/wp\/v2\/tags?post=1"}],"curies":[{"name":"wp","href":"https:\/\/api.w.org\/{rel}","templated":true}]}}