{"id":712,"date":"2024-03-13T11:36:24","date_gmt":"2024-03-13T09:36:24","guid":{"rendered":"https:\/\/blogit.gradia.fi\/veerakoivulampi-tdpt2204\/?p=712"},"modified":"2024-05-04T17:56:06","modified_gmt":"2024-05-04T14:56:06","slug":"maijan-matto","status":"publish","type":"post","link":"https:\/\/blogit.gradia.fi\/veerakoivulampi-tdpt2204\/2024\/03\/13\/maijan-matto\/","title":{"rendered":"Asiakasty\u00f6 matto &#8211; n\u00e4ytt\u00f6ty\u00f6"},"content":{"rendered":"\n<p>Design tekstiilin suunnittelu ja valmistaminen<\/p>\n\n\n\n<p>Sain asiakkaakseni koulutusp\u00e4\u00e4llikk\u00f6 Maija Ketolan ja l\u00e4hdin suunnittelemaan h\u00e4nelle keitti\u00f6n mattoa. H\u00e4nen toiveitaan oli ett\u00e4 matto olisi 80cm x 300cm, tummanharmaa, hillitty ja sellainen joka pysyy paikoillaan. Maon p\u00e4ihin tulee kanttinauhat.<\/p>\n\n\n\n<figure class=\"wp-block-gallery has-nested-images columns-default is-cropped wp-block-gallery-1 is-layout-flex wp-block-gallery-is-layout-flex\">\n<figure class=\"wp-block-image size-large\"><img loading=\"lazy\" decoding=\"async\" width=\"1024\" height=\"766\" data-id=\"785\" src=\"https:\/\/blogit.gradia.fi\/veerakoivulampi-tdpt2204\/wp-content\/uploads\/sites\/301\/2024\/04\/wp-17143148129452039750177642941051-1024x766.jpg\" alt=\"\" class=\"wp-image-785\" srcset=\"https:\/\/blogit.gradia.fi\/veerakoivulampi-tdpt2204\/wp-content\/uploads\/sites\/301\/2024\/04\/wp-17143148129452039750177642941051-1024x766.jpg 1024w, https:\/\/blogit.gradia.fi\/veerakoivulampi-tdpt2204\/wp-content\/uploads\/sites\/301\/2024\/04\/wp-17143148129452039750177642941051-300x224.jpg 300w, https:\/\/blogit.gradia.fi\/veerakoivulampi-tdpt2204\/wp-content\/uploads\/sites\/301\/2024\/04\/wp-17143148129452039750177642941051-768x574.jpg 768w, https:\/\/blogit.gradia.fi\/veerakoivulampi-tdpt2204\/wp-content\/uploads\/sites\/301\/2024\/04\/wp-17143148129452039750177642941051-1536x1149.jpg 1536w, https:\/\/blogit.gradia.fi\/veerakoivulampi-tdpt2204\/wp-content\/uploads\/sites\/301\/2024\/04\/wp-17143148129452039750177642941051.jpg 2000w\" sizes=\"auto, (max-width: 767px) 89vw, (max-width: 1000px) 54vw, (max-width: 1071px) 543px, 580px\" \/><figcaption class=\"wp-element-caption\">Luonnostelua<\/figcaption><\/figure>\n<\/figure>\n\n\n\n<figure class=\"wp-block-image size-large\"><img loading=\"lazy\" decoding=\"async\" width=\"1024\" height=\"415\" src=\"https:\/\/blogit.gradia.fi\/veerakoivulampi-tdpt2204\/wp-content\/uploads\/sites\/301\/2024\/04\/wp-17143152125068215454735516852305-1024x415.jpg\" alt=\"\" class=\"wp-image-789\" srcset=\"https:\/\/blogit.gradia.fi\/veerakoivulampi-tdpt2204\/wp-content\/uploads\/sites\/301\/2024\/04\/wp-17143152125068215454735516852305-1024x415.jpg 1024w, https:\/\/blogit.gradia.fi\/veerakoivulampi-tdpt2204\/wp-content\/uploads\/sites\/301\/2024\/04\/wp-17143152125068215454735516852305-300x122.jpg 300w, https:\/\/blogit.gradia.fi\/veerakoivulampi-tdpt2204\/wp-content\/uploads\/sites\/301\/2024\/04\/wp-17143152125068215454735516852305-768x311.jpg 768w, https:\/\/blogit.gradia.fi\/veerakoivulampi-tdpt2204\/wp-content\/uploads\/sites\/301\/2024\/04\/wp-17143152125068215454735516852305-1536x622.jpg 1536w, https:\/\/blogit.gradia.fi\/veerakoivulampi-tdpt2204\/wp-content\/uploads\/sites\/301\/2024\/04\/wp-17143152125068215454735516852305.jpg 2000w\" sizes=\"auto, (max-width: 767px) 89vw, (max-width: 1000px) 54vw, (max-width: 1071px) 543px, 580px\" \/><figcaption class=\"wp-element-caption\">Asiakkaani valitsi ympyr\u00f6idyn mallin.<\/figcaption><\/figure>\n\n\n\n<figure class=\"wp-block-gallery has-nested-images columns-default is-cropped wp-block-gallery-2 is-layout-flex wp-block-gallery-is-layout-flex\">\n<figure class=\"wp-block-image size-large\"><img loading=\"lazy\" decoding=\"async\" width=\"1024\" height=\"766\" data-id=\"783\" src=\"https:\/\/blogit.gradia.fi\/veerakoivulampi-tdpt2204\/wp-content\/uploads\/sites\/301\/2024\/04\/wp-17143148121041137313488421307353-1024x766.jpg\" alt=\"\" class=\"wp-image-783\" srcset=\"https:\/\/blogit.gradia.fi\/veerakoivulampi-tdpt2204\/wp-content\/uploads\/sites\/301\/2024\/04\/wp-17143148121041137313488421307353-1024x766.jpg 1024w, https:\/\/blogit.gradia.fi\/veerakoivulampi-tdpt2204\/wp-content\/uploads\/sites\/301\/2024\/04\/wp-17143148121041137313488421307353-300x224.jpg 300w, https:\/\/blogit.gradia.fi\/veerakoivulampi-tdpt2204\/wp-content\/uploads\/sites\/301\/2024\/04\/wp-17143148121041137313488421307353-768x574.jpg 768w, https:\/\/blogit.gradia.fi\/veerakoivulampi-tdpt2204\/wp-content\/uploads\/sites\/301\/2024\/04\/wp-17143148121041137313488421307353-1536x1149.jpg 1536w, https:\/\/blogit.gradia.fi\/veerakoivulampi-tdpt2204\/wp-content\/uploads\/sites\/301\/2024\/04\/wp-17143148121041137313488421307353.jpg 2000w\" sizes=\"auto, (max-width: 767px) 89vw, (max-width: 1000px) 54vw, (max-width: 1071px) 543px, 580px\" \/><figcaption class=\"wp-element-caption\">Tilasimme 7kg graffitinharmaata trikookudetta<\/figcaption><\/figure>\n\n\n\n<figure class=\"wp-block-image size-large\"><img loading=\"lazy\" decoding=\"async\" width=\"1024\" height=\"766\" data-id=\"782\" src=\"https:\/\/blogit.gradia.fi\/veerakoivulampi-tdpt2204\/wp-content\/uploads\/sites\/301\/2024\/04\/wp-17143148119242222794389073154459-1024x766.jpg\" alt=\"\" class=\"wp-image-782\" srcset=\"https:\/\/blogit.gradia.fi\/veerakoivulampi-tdpt2204\/wp-content\/uploads\/sites\/301\/2024\/04\/wp-17143148119242222794389073154459-1024x766.jpg 1024w, https:\/\/blogit.gradia.fi\/veerakoivulampi-tdpt2204\/wp-content\/uploads\/sites\/301\/2024\/04\/wp-17143148119242222794389073154459-300x224.jpg 300w, https:\/\/blogit.gradia.fi\/veerakoivulampi-tdpt2204\/wp-content\/uploads\/sites\/301\/2024\/04\/wp-17143148119242222794389073154459-768x574.jpg 768w, https:\/\/blogit.gradia.fi\/veerakoivulampi-tdpt2204\/wp-content\/uploads\/sites\/301\/2024\/04\/wp-17143148119242222794389073154459-1536x1149.jpg 1536w, https:\/\/blogit.gradia.fi\/veerakoivulampi-tdpt2204\/wp-content\/uploads\/sites\/301\/2024\/04\/wp-17143148119242222794389073154459.jpg 2000w\" sizes=\"auto, (max-width: 767px) 89vw, (max-width: 1000px) 54vw, (max-width: 1071px) 543px, 580px\" \/><\/figure>\n<\/figure>\n\n\n\n<p>Loput kuteet piti v\u00e4rj\u00e4t\u00e4 pesukoneessa, koska mist\u00e4\u00e4n ei l\u00f6ytynyt sopivan v\u00e4risi\u00e4. Kankaat piti v\u00e4rj\u00e4t\u00e4 kolmeen kertaan. Ensimm\u00e4isell\u00e4 kerralla niist\u00e4 tuli tummansinisi\u00e4, toisella kerralla violetteja ja kolmannella kerralla ne olivat onneksi harmaita. <\/p>\n\n\n\n<figure class=\"wp-block-gallery has-nested-images columns-default is-cropped wp-block-gallery-3 is-layout-flex wp-block-gallery-is-layout-flex\">\n<figure class=\"wp-block-image size-large\"><img loading=\"lazy\" decoding=\"async\" width=\"1024\" height=\"766\" data-id=\"781\" src=\"https:\/\/blogit.gradia.fi\/veerakoivulampi-tdpt2204\/wp-content\/uploads\/sites\/301\/2024\/04\/wp-17143148117087958603716950331916-1024x766.jpg\" alt=\"\" class=\"wp-image-781\" srcset=\"https:\/\/blogit.gradia.fi\/veerakoivulampi-tdpt2204\/wp-content\/uploads\/sites\/301\/2024\/04\/wp-17143148117087958603716950331916-1024x766.jpg 1024w, https:\/\/blogit.gradia.fi\/veerakoivulampi-tdpt2204\/wp-content\/uploads\/sites\/301\/2024\/04\/wp-17143148117087958603716950331916-300x224.jpg 300w, https:\/\/blogit.gradia.fi\/veerakoivulampi-tdpt2204\/wp-content\/uploads\/sites\/301\/2024\/04\/wp-17143148117087958603716950331916-768x574.jpg 768w, https:\/\/blogit.gradia.fi\/veerakoivulampi-tdpt2204\/wp-content\/uploads\/sites\/301\/2024\/04\/wp-17143148117087958603716950331916-1536x1149.jpg 1536w, https:\/\/blogit.gradia.fi\/veerakoivulampi-tdpt2204\/wp-content\/uploads\/sites\/301\/2024\/04\/wp-17143148117087958603716950331916.jpg 2000w\" sizes=\"auto, (max-width: 767px) 89vw, (max-width: 1000px) 54vw, (max-width: 1071px) 543px, 580px\" \/><figcaption class=\"wp-element-caption\">kuteiden leikkaamista<\/figcaption><\/figure>\n\n\n\n<figure class=\"wp-block-image size-large\"><img loading=\"lazy\" decoding=\"async\" width=\"1024\" height=\"766\" data-id=\"776\" src=\"https:\/\/blogit.gradia.fi\/veerakoivulampi-tdpt2204\/wp-content\/uploads\/sites\/301\/2024\/04\/wp-17143148105154769077902085585261-1024x766.jpg\" alt=\"\" class=\"wp-image-776\" srcset=\"https:\/\/blogit.gradia.fi\/veerakoivulampi-tdpt2204\/wp-content\/uploads\/sites\/301\/2024\/04\/wp-17143148105154769077902085585261-1024x766.jpg 1024w, https:\/\/blogit.gradia.fi\/veerakoivulampi-tdpt2204\/wp-content\/uploads\/sites\/301\/2024\/04\/wp-17143148105154769077902085585261-300x224.jpg 300w, https:\/\/blogit.gradia.fi\/veerakoivulampi-tdpt2204\/wp-content\/uploads\/sites\/301\/2024\/04\/wp-17143148105154769077902085585261-768x574.jpg 768w, https:\/\/blogit.gradia.fi\/veerakoivulampi-tdpt2204\/wp-content\/uploads\/sites\/301\/2024\/04\/wp-17143148105154769077902085585261-1536x1149.jpg 1536w, https:\/\/blogit.gradia.fi\/veerakoivulampi-tdpt2204\/wp-content\/uploads\/sites\/301\/2024\/04\/wp-17143148105154769077902085585261.jpg 2000w\" sizes=\"auto, (max-width: 767px) 89vw, (max-width: 1000px) 54vw, (max-width: 1071px) 543px, 580px\" \/><\/figure>\n\n\n\n<figure class=\"wp-block-image size-large\"><img loading=\"lazy\" decoding=\"async\" width=\"1024\" height=\"961\" data-id=\"777\" src=\"https:\/\/blogit.gradia.fi\/veerakoivulampi-tdpt2204\/wp-content\/uploads\/sites\/301\/2024\/04\/wp-17143148107137089504989514986560-1024x961.jpg\" alt=\"\" class=\"wp-image-777\" srcset=\"https:\/\/blogit.gradia.fi\/veerakoivulampi-tdpt2204\/wp-content\/uploads\/sites\/301\/2024\/04\/wp-17143148107137089504989514986560-1024x961.jpg 1024w, https:\/\/blogit.gradia.fi\/veerakoivulampi-tdpt2204\/wp-content\/uploads\/sites\/301\/2024\/04\/wp-17143148107137089504989514986560-300x282.jpg 300w, https:\/\/blogit.gradia.fi\/veerakoivulampi-tdpt2204\/wp-content\/uploads\/sites\/301\/2024\/04\/wp-17143148107137089504989514986560-768x721.jpg 768w, https:\/\/blogit.gradia.fi\/veerakoivulampi-tdpt2204\/wp-content\/uploads\/sites\/301\/2024\/04\/wp-17143148107137089504989514986560-1536x1442.jpg 1536w, https:\/\/blogit.gradia.fi\/veerakoivulampi-tdpt2204\/wp-content\/uploads\/sites\/301\/2024\/04\/wp-17143148107137089504989514986560.jpg 2000w\" sizes=\"auto, (max-width: 767px) 89vw, (max-width: 1000px) 54vw, (max-width: 1071px) 543px, 580px\" \/><\/figure>\n<\/figure>\n\n\n\n<figure class=\"wp-block-gallery has-nested-images columns-default is-cropped wp-block-gallery-4 is-layout-flex wp-block-gallery-is-layout-flex\">\n<figure class=\"wp-block-image size-large\"><img loading=\"lazy\" decoding=\"async\" width=\"1024\" height=\"766\" data-id=\"786\" src=\"https:\/\/blogit.gradia.fi\/veerakoivulampi-tdpt2204\/wp-content\/uploads\/sites\/301\/2024\/04\/wp-1714314812575236932484179127615-1024x766.jpg\" alt=\"\" class=\"wp-image-786\" srcset=\"https:\/\/blogit.gradia.fi\/veerakoivulampi-tdpt2204\/wp-content\/uploads\/sites\/301\/2024\/04\/wp-1714314812575236932484179127615-1024x766.jpg 1024w, https:\/\/blogit.gradia.fi\/veerakoivulampi-tdpt2204\/wp-content\/uploads\/sites\/301\/2024\/04\/wp-1714314812575236932484179127615-300x224.jpg 300w, https:\/\/blogit.gradia.fi\/veerakoivulampi-tdpt2204\/wp-content\/uploads\/sites\/301\/2024\/04\/wp-1714314812575236932484179127615-768x574.jpg 768w, https:\/\/blogit.gradia.fi\/veerakoivulampi-tdpt2204\/wp-content\/uploads\/sites\/301\/2024\/04\/wp-1714314812575236932484179127615-1536x1149.jpg 1536w, https:\/\/blogit.gradia.fi\/veerakoivulampi-tdpt2204\/wp-content\/uploads\/sites\/301\/2024\/04\/wp-1714314812575236932484179127615.jpg 2000w\" sizes=\"auto, (max-width: 767px) 89vw, (max-width: 1000px) 54vw, (max-width: 1071px) 543px, 580px\" \/><\/figure>\n\n\n\n<figure class=\"wp-block-image size-large\"><img loading=\"lazy\" decoding=\"async\" width=\"1024\" height=\"766\" data-id=\"773\" src=\"https:\/\/blogit.gradia.fi\/veerakoivulampi-tdpt2204\/wp-content\/uploads\/sites\/301\/2024\/04\/wp-17143148102137721108198092836151-1024x766.jpg\" alt=\"\" class=\"wp-image-773\" srcset=\"https:\/\/blogit.gradia.fi\/veerakoivulampi-tdpt2204\/wp-content\/uploads\/sites\/301\/2024\/04\/wp-17143148102137721108198092836151-1024x766.jpg 1024w, https:\/\/blogit.gradia.fi\/veerakoivulampi-tdpt2204\/wp-content\/uploads\/sites\/301\/2024\/04\/wp-17143148102137721108198092836151-300x224.jpg 300w, https:\/\/blogit.gradia.fi\/veerakoivulampi-tdpt2204\/wp-content\/uploads\/sites\/301\/2024\/04\/wp-17143148102137721108198092836151-768x574.jpg 768w, https:\/\/blogit.gradia.fi\/veerakoivulampi-tdpt2204\/wp-content\/uploads\/sites\/301\/2024\/04\/wp-17143148102137721108198092836151-1536x1149.jpg 1536w, https:\/\/blogit.gradia.fi\/veerakoivulampi-tdpt2204\/wp-content\/uploads\/sites\/301\/2024\/04\/wp-17143148102137721108198092836151.jpg 2000w\" sizes=\"auto, (max-width: 767px) 89vw, (max-width: 1000px) 54vw, (max-width: 1071px) 543px, 580px\" \/><\/figure>\n<\/figure>\n\n\n\n<p>Tein matolle 20cm leve\u00e4n koeloimen johon testailin mattoon tulevia kuteita ja erilaisia poljentamalleja. Asiakas tyk\u00e4styi edellisen maton kuvioon joten sain k\u00e4ytt\u00e4\u00e4 sit\u00e4 t\u00e4ss\u00e4kin matossa. <\/p>\n\n\n\n<figure class=\"wp-block-gallery has-nested-images columns-default is-cropped wp-block-gallery-5 is-layout-flex wp-block-gallery-is-layout-flex\">\n<figure class=\"wp-block-image size-large\"><img loading=\"lazy\" decoding=\"async\" width=\"1024\" height=\"766\" data-id=\"779\" src=\"https:\/\/blogit.gradia.fi\/veerakoivulampi-tdpt2204\/wp-content\/uploads\/sites\/301\/2024\/04\/wp-17143148114937069739047780921453-1024x766.jpg\" alt=\"\" class=\"wp-image-779\" srcset=\"https:\/\/blogit.gradia.fi\/veerakoivulampi-tdpt2204\/wp-content\/uploads\/sites\/301\/2024\/04\/wp-17143148114937069739047780921453-1024x766.jpg 1024w, https:\/\/blogit.gradia.fi\/veerakoivulampi-tdpt2204\/wp-content\/uploads\/sites\/301\/2024\/04\/wp-17143148114937069739047780921453-300x224.jpg 300w, https:\/\/blogit.gradia.fi\/veerakoivulampi-tdpt2204\/wp-content\/uploads\/sites\/301\/2024\/04\/wp-17143148114937069739047780921453-768x574.jpg 768w, https:\/\/blogit.gradia.fi\/veerakoivulampi-tdpt2204\/wp-content\/uploads\/sites\/301\/2024\/04\/wp-17143148114937069739047780921453-1536x1149.jpg 1536w, https:\/\/blogit.gradia.fi\/veerakoivulampi-tdpt2204\/wp-content\/uploads\/sites\/301\/2024\/04\/wp-17143148114937069739047780921453.jpg 2000w\" sizes=\"auto, (max-width: 767px) 89vw, (max-width: 1000px) 54vw, (max-width: 1071px) 543px, 580px\" \/><figcaption class=\"wp-element-caption\">loimen niisint\u00e4\u00e4<\/figcaption><\/figure>\n\n\n\n<figure class=\"wp-block-image size-large\"><img loading=\"lazy\" decoding=\"async\" width=\"1024\" height=\"766\" data-id=\"780\" src=\"https:\/\/blogit.gradia.fi\/veerakoivulampi-tdpt2204\/wp-content\/uploads\/sites\/301\/2024\/04\/wp-17143148112375625150922599011349-1024x766.jpg\" alt=\"\" class=\"wp-image-780\" srcset=\"https:\/\/blogit.gradia.fi\/veerakoivulampi-tdpt2204\/wp-content\/uploads\/sites\/301\/2024\/04\/wp-17143148112375625150922599011349-1024x766.jpg 1024w, https:\/\/blogit.gradia.fi\/veerakoivulampi-tdpt2204\/wp-content\/uploads\/sites\/301\/2024\/04\/wp-17143148112375625150922599011349-300x224.jpg 300w, https:\/\/blogit.gradia.fi\/veerakoivulampi-tdpt2204\/wp-content\/uploads\/sites\/301\/2024\/04\/wp-17143148112375625150922599011349-768x574.jpg 768w, https:\/\/blogit.gradia.fi\/veerakoivulampi-tdpt2204\/wp-content\/uploads\/sites\/301\/2024\/04\/wp-17143148112375625150922599011349-1536x1149.jpg 1536w, https:\/\/blogit.gradia.fi\/veerakoivulampi-tdpt2204\/wp-content\/uploads\/sites\/301\/2024\/04\/wp-17143148112375625150922599011349.jpg 2000w\" sizes=\"auto, (max-width: 767px) 89vw, (max-width: 1000px) 54vw, (max-width: 1071px) 543px, 580px\" \/><figcaption class=\"wp-element-caption\">alkusolmut<\/figcaption><\/figure>\n\n\n\n<figure class=\"wp-block-image size-large\"><img loading=\"lazy\" decoding=\"async\" width=\"766\" height=\"1024\" data-id=\"778\" src=\"https:\/\/blogit.gradia.fi\/veerakoivulampi-tdpt2204\/wp-content\/uploads\/sites\/301\/2024\/04\/wp-17143148109908274554289533867272-766x1024.jpg\" alt=\"\" class=\"wp-image-778\" srcset=\"https:\/\/blogit.gradia.fi\/veerakoivulampi-tdpt2204\/wp-content\/uploads\/sites\/301\/2024\/04\/wp-17143148109908274554289533867272-766x1024.jpg 766w, https:\/\/blogit.gradia.fi\/veerakoivulampi-tdpt2204\/wp-content\/uploads\/sites\/301\/2024\/04\/wp-17143148109908274554289533867272-224x300.jpg 224w, https:\/\/blogit.gradia.fi\/veerakoivulampi-tdpt2204\/wp-content\/uploads\/sites\/301\/2024\/04\/wp-17143148109908274554289533867272-768x1027.jpg 768w, https:\/\/blogit.gradia.fi\/veerakoivulampi-tdpt2204\/wp-content\/uploads\/sites\/301\/2024\/04\/wp-17143148109908274554289533867272-1149x1536.jpg 1149w, https:\/\/blogit.gradia.fi\/veerakoivulampi-tdpt2204\/wp-content\/uploads\/sites\/301\/2024\/04\/wp-17143148109908274554289533867272.jpg 1496w\" sizes=\"auto, (max-width: 706px) 89vw, (max-width: 767px) 82vw, 740px\" \/><figcaption class=\"wp-element-caption\">loimi odottamassa kutojaa<\/figcaption><\/figure>\n<\/figure>\n\n\n\n<figure class=\"wp-block-image size-large\"><img loading=\"lazy\" decoding=\"async\" width=\"1024\" height=\"766\" src=\"https:\/\/blogit.gradia.fi\/veerakoivulampi-tdpt2204\/wp-content\/uploads\/sites\/301\/2024\/04\/wp-17143148099207858064864200516052-1024x766.jpg\" alt=\"\" class=\"wp-image-774\" srcset=\"https:\/\/blogit.gradia.fi\/veerakoivulampi-tdpt2204\/wp-content\/uploads\/sites\/301\/2024\/04\/wp-17143148099207858064864200516052-1024x766.jpg 1024w, https:\/\/blogit.gradia.fi\/veerakoivulampi-tdpt2204\/wp-content\/uploads\/sites\/301\/2024\/04\/wp-17143148099207858064864200516052-300x224.jpg 300w, https:\/\/blogit.gradia.fi\/veerakoivulampi-tdpt2204\/wp-content\/uploads\/sites\/301\/2024\/04\/wp-17143148099207858064864200516052-768x574.jpg 768w, https:\/\/blogit.gradia.fi\/veerakoivulampi-tdpt2204\/wp-content\/uploads\/sites\/301\/2024\/04\/wp-17143148099207858064864200516052-1536x1149.jpg 1536w, https:\/\/blogit.gradia.fi\/veerakoivulampi-tdpt2204\/wp-content\/uploads\/sites\/301\/2024\/04\/wp-17143148099207858064864200516052.jpg 2000w\" sizes=\"auto, (max-width: 767px) 89vw, (max-width: 1000px) 54vw, (max-width: 1071px) 543px, 580px\" \/><\/figure>\n\n\n\n<p>P\u00e4\u00e4sin aloittamaan kutomisen. Asiakas valitsi kuvassa n\u00e4kyv\u00e4n vaaleanharmaan kuvion mallitilkusta. Huomasin, ett\u00e4 mattoon tekem\u00e4ll\u00e4ni niisinn\u00e4ll\u00e4 en saanutkaan samaa kuviota aikaan. Opettajat olivat sit\u00e4 mielt\u00e4 ett\u00e4 sit\u00e4 ei tarvitse l\u00e4hte\u00e4 muuttamaan.<\/p>\n\n\n\n<figure class=\"wp-block-gallery has-nested-images columns-default is-cropped wp-block-gallery-6 is-layout-flex wp-block-gallery-is-layout-flex\">\n<figure class=\"wp-block-image size-large\"><img loading=\"lazy\" decoding=\"async\" width=\"1024\" height=\"766\" data-id=\"802\" src=\"https:\/\/blogit.gradia.fi\/veerakoivulampi-tdpt2204\/wp-content\/uploads\/sites\/301\/2024\/04\/wp-17144046827898143943366516493956-1024x766.jpg\" alt=\"\" class=\"wp-image-802\" srcset=\"https:\/\/blogit.gradia.fi\/veerakoivulampi-tdpt2204\/wp-content\/uploads\/sites\/301\/2024\/04\/wp-17144046827898143943366516493956-1024x766.jpg 1024w, https:\/\/blogit.gradia.fi\/veerakoivulampi-tdpt2204\/wp-content\/uploads\/sites\/301\/2024\/04\/wp-17144046827898143943366516493956-300x224.jpg 300w, https:\/\/blogit.gradia.fi\/veerakoivulampi-tdpt2204\/wp-content\/uploads\/sites\/301\/2024\/04\/wp-17144046827898143943366516493956-768x574.jpg 768w, https:\/\/blogit.gradia.fi\/veerakoivulampi-tdpt2204\/wp-content\/uploads\/sites\/301\/2024\/04\/wp-17144046827898143943366516493956-1536x1149.jpg 1536w, https:\/\/blogit.gradia.fi\/veerakoivulampi-tdpt2204\/wp-content\/uploads\/sites\/301\/2024\/04\/wp-17144046827898143943366516493956.jpg 2000w\" sizes=\"auto, (max-width: 767px) 89vw, (max-width: 1000px) 54vw, (max-width: 1071px) 543px, 580px\" \/><\/figure>\n\n\n\n<figure class=\"wp-block-image size-large\"><img loading=\"lazy\" decoding=\"async\" width=\"1024\" height=\"766\" data-id=\"803\" src=\"https:\/\/blogit.gradia.fi\/veerakoivulampi-tdpt2204\/wp-content\/uploads\/sites\/301\/2024\/04\/wp-17144046824723383110810389692117-1024x766.jpg\" alt=\"\" class=\"wp-image-803\" srcset=\"https:\/\/blogit.gradia.fi\/veerakoivulampi-tdpt2204\/wp-content\/uploads\/sites\/301\/2024\/04\/wp-17144046824723383110810389692117-1024x766.jpg 1024w, https:\/\/blogit.gradia.fi\/veerakoivulampi-tdpt2204\/wp-content\/uploads\/sites\/301\/2024\/04\/wp-17144046824723383110810389692117-300x224.jpg 300w, https:\/\/blogit.gradia.fi\/veerakoivulampi-tdpt2204\/wp-content\/uploads\/sites\/301\/2024\/04\/wp-17144046824723383110810389692117-768x574.jpg 768w, https:\/\/blogit.gradia.fi\/veerakoivulampi-tdpt2204\/wp-content\/uploads\/sites\/301\/2024\/04\/wp-17144046824723383110810389692117-1536x1149.jpg 1536w, https:\/\/blogit.gradia.fi\/veerakoivulampi-tdpt2204\/wp-content\/uploads\/sites\/301\/2024\/04\/wp-17144046824723383110810389692117.jpg 2000w\" sizes=\"auto, (max-width: 767px) 89vw, (max-width: 1000px) 54vw, (max-width: 1071px) 543px, 580px\" \/><\/figure>\n<\/figure>\n\n\n\n<p>Kun olin kutonut jonkin matkaa aloin ep\u00e4r\u00f6im\u00e4\u00e4n, valitsemaani raidoitusta varsinkin vaaleita kapeita raitoja. Laitoin asiakkaalleni viesti\u00e4 ja kysyin h\u00e4nen mielipidett\u00e4\u00e4n asiasta. H\u00e4n ei pit\u00e4nyt pienest\u00e4 raidoituksesta joten purin sen kokonaan ja aloitin alusta.<\/p>\n\n\n\n<figure class=\"wp-block-image size-large\"><img loading=\"lazy\" decoding=\"async\" width=\"2000\" height=\"1125\" src=\"https:\/\/blogit.gradia.fi\/veerakoivulampi-tdpt2204\/wp-content\/uploads\/sites\/301\/2024\/04\/wp-17144046819815885174133087784134-edited.jpg\" alt=\"\" class=\"wp-image-806\" srcset=\"https:\/\/blogit.gradia.fi\/veerakoivulampi-tdpt2204\/wp-content\/uploads\/sites\/301\/2024\/04\/wp-17144046819815885174133087784134-edited.jpg 2000w, https:\/\/blogit.gradia.fi\/veerakoivulampi-tdpt2204\/wp-content\/uploads\/sites\/301\/2024\/04\/wp-17144046819815885174133087784134-edited-300x169.jpg 300w, https:\/\/blogit.gradia.fi\/veerakoivulampi-tdpt2204\/wp-content\/uploads\/sites\/301\/2024\/04\/wp-17144046819815885174133087784134-edited-1024x576.jpg 1024w, https:\/\/blogit.gradia.fi\/veerakoivulampi-tdpt2204\/wp-content\/uploads\/sites\/301\/2024\/04\/wp-17144046819815885174133087784134-edited-768x432.jpg 768w, https:\/\/blogit.gradia.fi\/veerakoivulampi-tdpt2204\/wp-content\/uploads\/sites\/301\/2024\/04\/wp-17144046819815885174133087784134-edited-1536x864.jpg 1536w\" sizes=\"auto, (max-width: 767px) 89vw, (max-width: 1000px) 54vw, (max-width: 1071px) 543px, 580px\" \/><\/figure>\n\n\n\n<p>Onneksi aloitin alusta koska nyt matto n\u00e4ytt\u00e4\u00e4 jo paljon paremmalta ja olen siihen tyytyv\u00e4isempi. <\/p>\n\n\n\n<figure class=\"wp-block-gallery has-nested-images columns-default is-cropped wp-block-gallery-7 is-layout-flex wp-block-gallery-is-layout-flex\">\n<figure class=\"wp-block-image size-large\"><img loading=\"lazy\" decoding=\"async\" width=\"1024\" height=\"766\" data-id=\"801\" src=\"https:\/\/blogit.gradia.fi\/veerakoivulampi-tdpt2204\/wp-content\/uploads\/sites\/301\/2024\/04\/wp-17144046822647260921069794133719-1024x766.jpg\" alt=\"\" class=\"wp-image-801\" srcset=\"https:\/\/blogit.gradia.fi\/veerakoivulampi-tdpt2204\/wp-content\/uploads\/sites\/301\/2024\/04\/wp-17144046822647260921069794133719-1024x766.jpg 1024w, https:\/\/blogit.gradia.fi\/veerakoivulampi-tdpt2204\/wp-content\/uploads\/sites\/301\/2024\/04\/wp-17144046822647260921069794133719-300x224.jpg 300w, https:\/\/blogit.gradia.fi\/veerakoivulampi-tdpt2204\/wp-content\/uploads\/sites\/301\/2024\/04\/wp-17144046822647260921069794133719-768x574.jpg 768w, https:\/\/blogit.gradia.fi\/veerakoivulampi-tdpt2204\/wp-content\/uploads\/sites\/301\/2024\/04\/wp-17144046822647260921069794133719-1536x1149.jpg 1536w, https:\/\/blogit.gradia.fi\/veerakoivulampi-tdpt2204\/wp-content\/uploads\/sites\/301\/2024\/04\/wp-17144046822647260921069794133719.jpg 2000w\" sizes=\"auto, (max-width: 767px) 89vw, (max-width: 1000px) 54vw, (max-width: 1071px) 543px, 580px\" \/><\/figure>\n\n\n\n<figure class=\"wp-block-image size-large\"><img loading=\"lazy\" decoding=\"async\" width=\"766\" height=\"1024\" data-id=\"823\" src=\"https:\/\/blogit.gradia.fi\/veerakoivulampi-tdpt2204\/wp-content\/uploads\/sites\/301\/2024\/05\/wp-17145633787162845642780407975168-766x1024.jpg\" alt=\"\" class=\"wp-image-823\" srcset=\"https:\/\/blogit.gradia.fi\/veerakoivulampi-tdpt2204\/wp-content\/uploads\/sites\/301\/2024\/05\/wp-17145633787162845642780407975168-766x1024.jpg 766w, https:\/\/blogit.gradia.fi\/veerakoivulampi-tdpt2204\/wp-content\/uploads\/sites\/301\/2024\/05\/wp-17145633787162845642780407975168-224x300.jpg 224w, https:\/\/blogit.gradia.fi\/veerakoivulampi-tdpt2204\/wp-content\/uploads\/sites\/301\/2024\/05\/wp-17145633787162845642780407975168-768x1027.jpg 768w, https:\/\/blogit.gradia.fi\/veerakoivulampi-tdpt2204\/wp-content\/uploads\/sites\/301\/2024\/05\/wp-17145633787162845642780407975168-1149x1536.jpg 1149w, https:\/\/blogit.gradia.fi\/veerakoivulampi-tdpt2204\/wp-content\/uploads\/sites\/301\/2024\/05\/wp-17145633787162845642780407975168.jpg 1496w\" sizes=\"auto, (max-width: 706px) 89vw, (max-width: 767px) 82vw, 740px\" \/><\/figure>\n<\/figure>\n\n\n\n<p>V\u00e4rj\u00e4sin ja leikkasin viel\u00e4 yhden satsin kankaita, koska olen ihan varma ett\u00e4 ne eiv\u00e4t tule riitt\u00e4m\u00e4\u00e4n. T\u00e4ll\u00e4 kertaa v\u00e4rj\u00e4ys onnistui ensimm\u00e4isell\u00e4 kerralla.<\/p>\n\n\n\n<figure class=\"wp-block-image size-large\"><img loading=\"lazy\" decoding=\"async\" width=\"1024\" height=\"766\" src=\"https:\/\/blogit.gradia.fi\/veerakoivulampi-tdpt2204\/wp-content\/uploads\/sites\/301\/2024\/05\/wp-17145633782331345769266230813423-1024x766.jpg\" alt=\"\" class=\"wp-image-822\" srcset=\"https:\/\/blogit.gradia.fi\/veerakoivulampi-tdpt2204\/wp-content\/uploads\/sites\/301\/2024\/05\/wp-17145633782331345769266230813423-1024x766.jpg 1024w, https:\/\/blogit.gradia.fi\/veerakoivulampi-tdpt2204\/wp-content\/uploads\/sites\/301\/2024\/05\/wp-17145633782331345769266230813423-300x224.jpg 300w, https:\/\/blogit.gradia.fi\/veerakoivulampi-tdpt2204\/wp-content\/uploads\/sites\/301\/2024\/05\/wp-17145633782331345769266230813423-768x574.jpg 768w, https:\/\/blogit.gradia.fi\/veerakoivulampi-tdpt2204\/wp-content\/uploads\/sites\/301\/2024\/05\/wp-17145633782331345769266230813423-1536x1149.jpg 1536w, https:\/\/blogit.gradia.fi\/veerakoivulampi-tdpt2204\/wp-content\/uploads\/sites\/301\/2024\/05\/wp-17145633782331345769266230813423.jpg 2000w\" sizes=\"auto, (max-width: 767px) 89vw, (max-width: 1000px) 54vw, (max-width: 1071px) 543px, 580px\" \/><\/figure>\n\n\n\n<p>Maton kutominen sujui nopeasti, koska aikataulu alkoi olla jo hyvin tiukka. Huomaa ett\u00e4 tekemiseen on saanut jo rutiinia.<\/p>\n\n\n\n<figure class=\"wp-block-image size-large\"><img loading=\"lazy\" decoding=\"async\" width=\"1024\" height=\"766\" src=\"https:\/\/blogit.gradia.fi\/veerakoivulampi-tdpt2204\/wp-content\/uploads\/sites\/301\/2024\/05\/wp-1714825284982945612041854909748-1024x766.jpg\" alt=\"\" class=\"wp-image-831\" srcset=\"https:\/\/blogit.gradia.fi\/veerakoivulampi-tdpt2204\/wp-content\/uploads\/sites\/301\/2024\/05\/wp-1714825284982945612041854909748-1024x766.jpg 1024w, https:\/\/blogit.gradia.fi\/veerakoivulampi-tdpt2204\/wp-content\/uploads\/sites\/301\/2024\/05\/wp-1714825284982945612041854909748-300x224.jpg 300w, https:\/\/blogit.gradia.fi\/veerakoivulampi-tdpt2204\/wp-content\/uploads\/sites\/301\/2024\/05\/wp-1714825284982945612041854909748-768x574.jpg 768w, https:\/\/blogit.gradia.fi\/veerakoivulampi-tdpt2204\/wp-content\/uploads\/sites\/301\/2024\/05\/wp-1714825284982945612041854909748-1536x1149.jpg 1536w, https:\/\/blogit.gradia.fi\/veerakoivulampi-tdpt2204\/wp-content\/uploads\/sites\/301\/2024\/05\/wp-1714825284982945612041854909748.jpg 2000w\" sizes=\"auto, (max-width: 767px) 89vw, (max-width: 1000px) 54vw, (max-width: 1071px) 543px, 580px\" \/><\/figure>\n\n\n\n<p>Viimeistelin maton p\u00e4\u00e4t ompelemalla niihin kanttinauhat.<\/p>\n\n\n\n<figure class=\"wp-block-gallery has-nested-images columns-default is-cropped wp-block-gallery-8 is-layout-flex wp-block-gallery-is-layout-flex\">\n<figure class=\"wp-block-image size-large\"><img loading=\"lazy\" decoding=\"async\" width=\"1024\" height=\"766\" data-id=\"833\" src=\"https:\/\/blogit.gradia.fi\/veerakoivulampi-tdpt2204\/wp-content\/uploads\/sites\/301\/2024\/05\/wp-17148252847225044732100403445572-1024x766.jpg\" alt=\"\" class=\"wp-image-833\" srcset=\"https:\/\/blogit.gradia.fi\/veerakoivulampi-tdpt2204\/wp-content\/uploads\/sites\/301\/2024\/05\/wp-17148252847225044732100403445572-1024x766.jpg 1024w, https:\/\/blogit.gradia.fi\/veerakoivulampi-tdpt2204\/wp-content\/uploads\/sites\/301\/2024\/05\/wp-17148252847225044732100403445572-300x224.jpg 300w, https:\/\/blogit.gradia.fi\/veerakoivulampi-tdpt2204\/wp-content\/uploads\/sites\/301\/2024\/05\/wp-17148252847225044732100403445572-768x574.jpg 768w, https:\/\/blogit.gradia.fi\/veerakoivulampi-tdpt2204\/wp-content\/uploads\/sites\/301\/2024\/05\/wp-17148252847225044732100403445572-1536x1149.jpg 1536w, https:\/\/blogit.gradia.fi\/veerakoivulampi-tdpt2204\/wp-content\/uploads\/sites\/301\/2024\/05\/wp-17148252847225044732100403445572.jpg 2000w\" sizes=\"auto, (max-width: 767px) 89vw, (max-width: 1000px) 54vw, (max-width: 1071px) 543px, 580px\" \/><\/figure>\n\n\n\n<figure class=\"wp-block-image size-large\"><img loading=\"lazy\" decoding=\"async\" width=\"1024\" height=\"1018\" data-id=\"832\" src=\"https:\/\/blogit.gradia.fi\/veerakoivulampi-tdpt2204\/wp-content\/uploads\/sites\/301\/2024\/05\/wp-17148252841383759139348609007198-1024x1018.jpg\" alt=\"\" class=\"wp-image-832\" srcset=\"https:\/\/blogit.gradia.fi\/veerakoivulampi-tdpt2204\/wp-content\/uploads\/sites\/301\/2024\/05\/wp-17148252841383759139348609007198-1024x1018.jpg 1024w, https:\/\/blogit.gradia.fi\/veerakoivulampi-tdpt2204\/wp-content\/uploads\/sites\/301\/2024\/05\/wp-17148252841383759139348609007198-300x298.jpg 300w, https:\/\/blogit.gradia.fi\/veerakoivulampi-tdpt2204\/wp-content\/uploads\/sites\/301\/2024\/05\/wp-17148252841383759139348609007198-150x150.jpg 150w, https:\/\/blogit.gradia.fi\/veerakoivulampi-tdpt2204\/wp-content\/uploads\/sites\/301\/2024\/05\/wp-17148252841383759139348609007198-768x764.jpg 768w, https:\/\/blogit.gradia.fi\/veerakoivulampi-tdpt2204\/wp-content\/uploads\/sites\/301\/2024\/05\/wp-17148252841383759139348609007198-1536x1528.jpg 1536w, https:\/\/blogit.gradia.fi\/veerakoivulampi-tdpt2204\/wp-content\/uploads\/sites\/301\/2024\/05\/wp-17148252841383759139348609007198-100x100.jpg 100w, https:\/\/blogit.gradia.fi\/veerakoivulampi-tdpt2204\/wp-content\/uploads\/sites\/301\/2024\/05\/wp-17148252841383759139348609007198.jpg 2000w\" sizes=\"auto, (max-width: 767px) 89vw, (max-width: 1000px) 54vw, (max-width: 1071px) 543px, 580px\" \/><\/figure>\n<\/figure>\n\n\n\n<figure class=\"wp-block-image size-large\"><img loading=\"lazy\" decoding=\"async\" width=\"548\" height=\"1024\" src=\"https:\/\/blogit.gradia.fi\/veerakoivulampi-tdpt2204\/wp-content\/uploads\/sites\/301\/2024\/05\/wp-17148252844926049678531181274220-548x1024.jpg\" alt=\"\" class=\"wp-image-830\" srcset=\"https:\/\/blogit.gradia.fi\/veerakoivulampi-tdpt2204\/wp-content\/uploads\/sites\/301\/2024\/05\/wp-17148252844926049678531181274220-548x1024.jpg 548w, https:\/\/blogit.gradia.fi\/veerakoivulampi-tdpt2204\/wp-content\/uploads\/sites\/301\/2024\/05\/wp-17148252844926049678531181274220-161x300.jpg 161w, https:\/\/blogit.gradia.fi\/veerakoivulampi-tdpt2204\/wp-content\/uploads\/sites\/301\/2024\/05\/wp-17148252844926049678531181274220-768x1434.jpg 768w, https:\/\/blogit.gradia.fi\/veerakoivulampi-tdpt2204\/wp-content\/uploads\/sites\/301\/2024\/05\/wp-17148252844926049678531181274220-823x1536.jpg 823w, https:\/\/blogit.gradia.fi\/veerakoivulampi-tdpt2204\/wp-content\/uploads\/sites\/301\/2024\/05\/wp-17148252844926049678531181274220.jpg 1071w\" sizes=\"auto, (max-width: 548px) 100vw, 548px\" \/><\/figure>\n\n\n\n<p>Valmis tuote! Sain maton valmiiksi juuri sopivasti ennen n\u00e4ytt\u00f6\u00e4. Kutomiseen meni 12h. Olen hyvin tyytyv\u00e4inen lopputulokseen, sain asiakkaaltanikin jo palautetta ja h\u00e4n piti siit\u00e4 kovasti ja oli hyvin tyytyv\u00e4inen koko asiakaskokemukseen.<\/p>\n","protected":false},"excerpt":{"rendered":"<p>Design tekstiilin suunnittelu ja valmistaminen Sain asiakkaakseni koulutusp\u00e4\u00e4llikk\u00f6 Maija Ketolan ja l\u00e4hdin suunnittelemaan h\u00e4nelle keitti\u00f6n mattoa. H\u00e4nen toiveitaan oli ett\u00e4 matto olisi 80cm x 300cm, tummanharmaa, hillitty ja sellainen joka pysyy paikoillaan. Maon p\u00e4ihin tulee kanttinauhat. Loput kuteet piti v\u00e4rj\u00e4t\u00e4 pesukoneessa, koska mist\u00e4\u00e4n ei l\u00f6ytynyt sopivan v\u00e4risi\u00e4. Kankaat piti v\u00e4rj\u00e4t\u00e4 kolmeen kertaan. Ensimm\u00e4isell\u00e4 kerralla niist\u00e4 &hellip; <\/p>\n<p class=\"link-more\"><a href=\"https:\/\/blogit.gradia.fi\/veerakoivulampi-tdpt2204\/2024\/03\/13\/maijan-matto\/\" class=\"more-link\">Jatka lukemista<span class=\"screen-reader-text\"> &#8221;Asiakasty\u00f6 matto &#8211; n\u00e4ytt\u00f6ty\u00f6&#8221;<\/span><\/a><\/p>\n","protected":false},"author":845,"featured_media":0,"comment_status":"open","ping_status":"open","sticky":false,"template":"","format":"standard","meta":{"_uag_custom_page_level_css":"","footnotes":""},"categories":[1],"tags":[],"class_list":["post-712","post","type-post","status-publish","format-standard","hentry","category-yleinen"],"yoast_head":"<!-- This site is optimized with the Yoast SEO plugin v27.5 - https:\/\/yoast.com\/product\/yoast-seo-wordpress\/ -->\n<title>Asiakasty\u00f6 matto - n\u00e4ytt\u00f6ty\u00f6 - OPPIMISP\u00c4IV\u00c4KIRJA<\/title>\n<meta name=\"robots\" content=\"index, follow, max-snippet:-1, max-image-preview:large, max-video-preview:-1\" \/>\n<link rel=\"canonical\" href=\"https:\/\/blogit.gradia.fi\/veerakoivulampi-tdpt2204\/2024\/03\/13\/maijan-matto\/\" \/>\n<meta property=\"og:locale\" content=\"fi_FI\" \/>\n<meta property=\"og:type\" content=\"article\" \/>\n<meta property=\"og:title\" content=\"Asiakasty\u00f6 matto - n\u00e4ytt\u00f6ty\u00f6 - OPPIMISP\u00c4IV\u00c4KIRJA\" \/>\n<meta property=\"og:description\" content=\"Design tekstiilin suunnittelu ja valmistaminen Sain asiakkaakseni koulutusp\u00e4\u00e4llikk\u00f6 Maija Ketolan ja l\u00e4hdin suunnittelemaan h\u00e4nelle keitti\u00f6n mattoa. H\u00e4nen toiveitaan oli ett\u00e4 matto olisi 80cm x 300cm, tummanharmaa, hillitty ja sellainen joka pysyy paikoillaan. Maon p\u00e4ihin tulee kanttinauhat. Loput kuteet piti v\u00e4rj\u00e4t\u00e4 pesukoneessa, koska mist\u00e4\u00e4n ei l\u00f6ytynyt sopivan v\u00e4risi\u00e4. Kankaat piti v\u00e4rj\u00e4t\u00e4 kolmeen kertaan. Ensimm\u00e4isell\u00e4 kerralla niist\u00e4 &hellip; Jatka lukemista &quot;Asiakasty\u00f6 matto &#8211; n\u00e4ytt\u00f6ty\u00f6&quot;\" \/>\n<meta property=\"og:url\" content=\"https:\/\/blogit.gradia.fi\/veerakoivulampi-tdpt2204\/2024\/03\/13\/maijan-matto\/\" \/>\n<meta property=\"og:site_name\" content=\"OPPIMISP\u00c4IV\u00c4KIRJA\" \/>\n<meta property=\"article:published_time\" content=\"2024-03-13T09:36:24+00:00\" \/>\n<meta property=\"article:modified_time\" content=\"2024-05-04T14:56:06+00:00\" \/>\n<meta property=\"og:image\" content=\"https:\/\/blogit.gradia.fi\/veerakoivulampi-tdpt2204\/wp-content\/uploads\/sites\/301\/2024\/04\/wp-17143148129452039750177642941051-1024x766.jpg\" \/>\n<meta name=\"author\" content=\"Veera Koivulampi\" \/>\n<meta name=\"twitter:card\" content=\"summary_large_image\" \/>\n<meta name=\"twitter:label1\" content=\"Kirjoittanut\" \/>\n\t<meta name=\"twitter:data1\" content=\"Veera Koivulampi\" \/>\n\t<meta name=\"twitter:label2\" content=\"Arvioitu lukuaika\" \/>\n\t<meta name=\"twitter:data2\" content=\"7 minuuttia\" \/>\n<script type=\"application\/ld+json\" class=\"yoast-schema-graph\">{\"@context\":\"https:\\\/\\\/schema.org\",\"@graph\":[{\"@type\":\"Article\",\"@id\":\"https:\\\/\\\/blogit.gradia.fi\\\/veerakoivulampi-tdpt2204\\\/2024\\\/03\\\/13\\\/maijan-matto\\\/#article\",\"isPartOf\":{\"@id\":\"https:\\\/\\\/blogit.gradia.fi\\\/veerakoivulampi-tdpt2204\\\/2024\\\/03\\\/13\\\/maijan-matto\\\/\"},\"author\":{\"name\":\"Veera Koivulampi\",\"@id\":\"https:\\\/\\\/blogit.gradia.fi\\\/veerakoivulampi-tdpt2204\\\/#\\\/schema\\\/person\\\/baebc61a044e375c85239379d1dee6d4\"},\"headline\":\"Asiakasty\u00f6 matto &#8211; n\u00e4ytt\u00f6ty\u00f6\",\"datePublished\":\"2024-03-13T09:36:24+00:00\",\"dateModified\":\"2024-05-04T14:56:06+00:00\",\"mainEntityOfPage\":{\"@id\":\"https:\\\/\\\/blogit.gradia.fi\\\/veerakoivulampi-tdpt2204\\\/2024\\\/03\\\/13\\\/maijan-matto\\\/\"},\"wordCount\":318,\"commentCount\":0,\"image\":{\"@id\":\"https:\\\/\\\/blogit.gradia.fi\\\/veerakoivulampi-tdpt2204\\\/2024\\\/03\\\/13\\\/maijan-matto\\\/#primaryimage\"},\"thumbnailUrl\":\"https:\\\/\\\/blogit.gradia.fi\\\/veerakoivulampi-tdpt2204\\\/wp-content\\\/uploads\\\/sites\\\/301\\\/2024\\\/04\\\/wp-17143148129452039750177642941051-1024x766.jpg\",\"inLanguage\":\"fi\",\"potentialAction\":[{\"@type\":\"CommentAction\",\"name\":\"Comment\",\"target\":[\"https:\\\/\\\/blogit.gradia.fi\\\/veerakoivulampi-tdpt2204\\\/2024\\\/03\\\/13\\\/maijan-matto\\\/#respond\"]}]},{\"@type\":\"WebPage\",\"@id\":\"https:\\\/\\\/blogit.gradia.fi\\\/veerakoivulampi-tdpt2204\\\/2024\\\/03\\\/13\\\/maijan-matto\\\/\",\"url\":\"https:\\\/\\\/blogit.gradia.fi\\\/veerakoivulampi-tdpt2204\\\/2024\\\/03\\\/13\\\/maijan-matto\\\/\",\"name\":\"Asiakasty\u00f6 matto - n\u00e4ytt\u00f6ty\u00f6 - OPPIMISP\u00c4IV\u00c4KIRJA\",\"isPartOf\":{\"@id\":\"https:\\\/\\\/blogit.gradia.fi\\\/veerakoivulampi-tdpt2204\\\/#website\"},\"primaryImageOfPage\":{\"@id\":\"https:\\\/\\\/blogit.gradia.fi\\\/veerakoivulampi-tdpt2204\\\/2024\\\/03\\\/13\\\/maijan-matto\\\/#primaryimage\"},\"image\":{\"@id\":\"https:\\\/\\\/blogit.gradia.fi\\\/veerakoivulampi-tdpt2204\\\/2024\\\/03\\\/13\\\/maijan-matto\\\/#primaryimage\"},\"thumbnailUrl\":\"https:\\\/\\\/blogit.gradia.fi\\\/veerakoivulampi-tdpt2204\\\/wp-content\\\/uploads\\\/sites\\\/301\\\/2024\\\/04\\\/wp-17143148129452039750177642941051-1024x766.jpg\",\"datePublished\":\"2024-03-13T09:36:24+00:00\",\"dateModified\":\"2024-05-04T14:56:06+00:00\",\"author\":{\"@id\":\"https:\\\/\\\/blogit.gradia.fi\\\/veerakoivulampi-tdpt2204\\\/#\\\/schema\\\/person\\\/baebc61a044e375c85239379d1dee6d4\"},\"breadcrumb\":{\"@id\":\"https:\\\/\\\/blogit.gradia.fi\\\/veerakoivulampi-tdpt2204\\\/2024\\\/03\\\/13\\\/maijan-matto\\\/#breadcrumb\"},\"inLanguage\":\"fi\",\"potentialAction\":[{\"@type\":\"ReadAction\",\"target\":[\"https:\\\/\\\/blogit.gradia.fi\\\/veerakoivulampi-tdpt2204\\\/2024\\\/03\\\/13\\\/maijan-matto\\\/\"]}]},{\"@type\":\"ImageObject\",\"inLanguage\":\"fi\",\"@id\":\"https:\\\/\\\/blogit.gradia.fi\\\/veerakoivulampi-tdpt2204\\\/2024\\\/03\\\/13\\\/maijan-matto\\\/#primaryimage\",\"url\":\"https:\\\/\\\/blogit.gradia.fi\\\/veerakoivulampi-tdpt2204\\\/wp-content\\\/uploads\\\/sites\\\/301\\\/2024\\\/04\\\/wp-17143148129452039750177642941051.jpg\",\"contentUrl\":\"https:\\\/\\\/blogit.gradia.fi\\\/veerakoivulampi-tdpt2204\\\/wp-content\\\/uploads\\\/sites\\\/301\\\/2024\\\/04\\\/wp-17143148129452039750177642941051.jpg\",\"width\":2000,\"height\":1496},{\"@type\":\"BreadcrumbList\",\"@id\":\"https:\\\/\\\/blogit.gradia.fi\\\/veerakoivulampi-tdpt2204\\\/2024\\\/03\\\/13\\\/maijan-matto\\\/#breadcrumb\",\"itemListElement\":[{\"@type\":\"ListItem\",\"position\":1,\"name\":\"Etusivu\",\"item\":\"https:\\\/\\\/blogit.gradia.fi\\\/veerakoivulampi-tdpt2204\\\/\"},{\"@type\":\"ListItem\",\"position\":2,\"name\":\"Asiakasty\u00f6 matto &#8211; n\u00e4ytt\u00f6ty\u00f6\"}]},{\"@type\":\"WebSite\",\"@id\":\"https:\\\/\\\/blogit.gradia.fi\\\/veerakoivulampi-tdpt2204\\\/#website\",\"url\":\"https:\\\/\\\/blogit.gradia.fi\\\/veerakoivulampi-tdpt2204\\\/\",\"name\":\"OPPIMISP\u00c4IV\u00c4KIRJA\",\"description\":\"Veera Koivulampi, Tekstiiliartesaani opiskelija\",\"potentialAction\":[{\"@type\":\"SearchAction\",\"target\":{\"@type\":\"EntryPoint\",\"urlTemplate\":\"https:\\\/\\\/blogit.gradia.fi\\\/veerakoivulampi-tdpt2204\\\/?s={search_term_string}\"},\"query-input\":{\"@type\":\"PropertyValueSpecification\",\"valueRequired\":true,\"valueName\":\"search_term_string\"}}],\"inLanguage\":\"fi\"},{\"@type\":\"Person\",\"@id\":\"https:\\\/\\\/blogit.gradia.fi\\\/veerakoivulampi-tdpt2204\\\/#\\\/schema\\\/person\\\/baebc61a044e375c85239379d1dee6d4\",\"name\":\"Veera Koivulampi\",\"image\":{\"@type\":\"ImageObject\",\"inLanguage\":\"fi\",\"@id\":\"https:\\\/\\\/secure.gravatar.com\\\/avatar\\\/b52b55942ef30ce9c6eebb3a04d006bd59d67a87d516db5e230736e52dc955a3?s=96&d=mm&r=g\",\"url\":\"https:\\\/\\\/secure.gravatar.com\\\/avatar\\\/b52b55942ef30ce9c6eebb3a04d006bd59d67a87d516db5e230736e52dc955a3?s=96&d=mm&r=g\",\"contentUrl\":\"https:\\\/\\\/secure.gravatar.com\\\/avatar\\\/b52b55942ef30ce9c6eebb3a04d006bd59d67a87d516db5e230736e52dc955a3?s=96&d=mm&r=g\",\"caption\":\"Veera Koivulampi\"},\"url\":\"https:\\\/\\\/blogit.gradia.fi\\\/veerakoivulampi-tdpt2204\\\/author\\\/gr277841\\\/\"}]}<\/script>\n<!-- \/ Yoast SEO plugin. -->","yoast_head_json":{"title":"Asiakasty\u00f6 matto - n\u00e4ytt\u00f6ty\u00f6 - OPPIMISP\u00c4IV\u00c4KIRJA","robots":{"index":"index","follow":"follow","max-snippet":"max-snippet:-1","max-image-preview":"max-image-preview:large","max-video-preview":"max-video-preview:-1"},"canonical":"https:\/\/blogit.gradia.fi\/veerakoivulampi-tdpt2204\/2024\/03\/13\/maijan-matto\/","og_locale":"fi_FI","og_type":"article","og_title":"Asiakasty\u00f6 matto - n\u00e4ytt\u00f6ty\u00f6 - OPPIMISP\u00c4IV\u00c4KIRJA","og_description":"Design tekstiilin suunnittelu ja valmistaminen Sain asiakkaakseni koulutusp\u00e4\u00e4llikk\u00f6 Maija Ketolan ja l\u00e4hdin suunnittelemaan h\u00e4nelle keitti\u00f6n mattoa. H\u00e4nen toiveitaan oli ett\u00e4 matto olisi 80cm x 300cm, tummanharmaa, hillitty ja sellainen joka pysyy paikoillaan. Maon p\u00e4ihin tulee kanttinauhat. Loput kuteet piti v\u00e4rj\u00e4t\u00e4 pesukoneessa, koska mist\u00e4\u00e4n ei l\u00f6ytynyt sopivan v\u00e4risi\u00e4. Kankaat piti v\u00e4rj\u00e4t\u00e4 kolmeen kertaan. Ensimm\u00e4isell\u00e4 kerralla niist\u00e4 &hellip; Jatka lukemista \"Asiakasty\u00f6 matto &#8211; n\u00e4ytt\u00f6ty\u00f6\"","og_url":"https:\/\/blogit.gradia.fi\/veerakoivulampi-tdpt2204\/2024\/03\/13\/maijan-matto\/","og_site_name":"OPPIMISP\u00c4IV\u00c4KIRJA","article_published_time":"2024-03-13T09:36:24+00:00","article_modified_time":"2024-05-04T14:56:06+00:00","og_image":[{"url":"https:\/\/blogit.gradia.fi\/veerakoivulampi-tdpt2204\/wp-content\/uploads\/sites\/301\/2024\/04\/wp-17143148129452039750177642941051-1024x766.jpg","type":"","width":"","height":""}],"author":"Veera Koivulampi","twitter_card":"summary_large_image","twitter_misc":{"Kirjoittanut":"Veera Koivulampi","Arvioitu lukuaika":"7 minuuttia"},"schema":{"@context":"https:\/\/schema.org","@graph":[{"@type":"Article","@id":"https:\/\/blogit.gradia.fi\/veerakoivulampi-tdpt2204\/2024\/03\/13\/maijan-matto\/#article","isPartOf":{"@id":"https:\/\/blogit.gradia.fi\/veerakoivulampi-tdpt2204\/2024\/03\/13\/maijan-matto\/"},"author":{"name":"Veera Koivulampi","@id":"https:\/\/blogit.gradia.fi\/veerakoivulampi-tdpt2204\/#\/schema\/person\/baebc61a044e375c85239379d1dee6d4"},"headline":"Asiakasty\u00f6 matto &#8211; n\u00e4ytt\u00f6ty\u00f6","datePublished":"2024-03-13T09:36:24+00:00","dateModified":"2024-05-04T14:56:06+00:00","mainEntityOfPage":{"@id":"https:\/\/blogit.gradia.fi\/veerakoivulampi-tdpt2204\/2024\/03\/13\/maijan-matto\/"},"wordCount":318,"commentCount":0,"image":{"@id":"https:\/\/blogit.gradia.fi\/veerakoivulampi-tdpt2204\/2024\/03\/13\/maijan-matto\/#primaryimage"},"thumbnailUrl":"https:\/\/blogit.gradia.fi\/veerakoivulampi-tdpt2204\/wp-content\/uploads\/sites\/301\/2024\/04\/wp-17143148129452039750177642941051-1024x766.jpg","inLanguage":"fi","potentialAction":[{"@type":"CommentAction","name":"Comment","target":["https:\/\/blogit.gradia.fi\/veerakoivulampi-tdpt2204\/2024\/03\/13\/maijan-matto\/#respond"]}]},{"@type":"WebPage","@id":"https:\/\/blogit.gradia.fi\/veerakoivulampi-tdpt2204\/2024\/03\/13\/maijan-matto\/","url":"https:\/\/blogit.gradia.fi\/veerakoivulampi-tdpt2204\/2024\/03\/13\/maijan-matto\/","name":"Asiakasty\u00f6 matto - n\u00e4ytt\u00f6ty\u00f6 - OPPIMISP\u00c4IV\u00c4KIRJA","isPartOf":{"@id":"https:\/\/blogit.gradia.fi\/veerakoivulampi-tdpt2204\/#website"},"primaryImageOfPage":{"@id":"https:\/\/blogit.gradia.fi\/veerakoivulampi-tdpt2204\/2024\/03\/13\/maijan-matto\/#primaryimage"},"image":{"@id":"https:\/\/blogit.gradia.fi\/veerakoivulampi-tdpt2204\/2024\/03\/13\/maijan-matto\/#primaryimage"},"thumbnailUrl":"https:\/\/blogit.gradia.fi\/veerakoivulampi-tdpt2204\/wp-content\/uploads\/sites\/301\/2024\/04\/wp-17143148129452039750177642941051-1024x766.jpg","datePublished":"2024-03-13T09:36:24+00:00","dateModified":"2024-05-04T14:56:06+00:00","author":{"@id":"https:\/\/blogit.gradia.fi\/veerakoivulampi-tdpt2204\/#\/schema\/person\/baebc61a044e375c85239379d1dee6d4"},"breadcrumb":{"@id":"https:\/\/blogit.gradia.fi\/veerakoivulampi-tdpt2204\/2024\/03\/13\/maijan-matto\/#breadcrumb"},"inLanguage":"fi","potentialAction":[{"@type":"ReadAction","target":["https:\/\/blogit.gradia.fi\/veerakoivulampi-tdpt2204\/2024\/03\/13\/maijan-matto\/"]}]},{"@type":"ImageObject","inLanguage":"fi","@id":"https:\/\/blogit.gradia.fi\/veerakoivulampi-tdpt2204\/2024\/03\/13\/maijan-matto\/#primaryimage","url":"https:\/\/blogit.gradia.fi\/veerakoivulampi-tdpt2204\/wp-content\/uploads\/sites\/301\/2024\/04\/wp-17143148129452039750177642941051.jpg","contentUrl":"https:\/\/blogit.gradia.fi\/veerakoivulampi-tdpt2204\/wp-content\/uploads\/sites\/301\/2024\/04\/wp-17143148129452039750177642941051.jpg","width":2000,"height":1496},{"@type":"BreadcrumbList","@id":"https:\/\/blogit.gradia.fi\/veerakoivulampi-tdpt2204\/2024\/03\/13\/maijan-matto\/#breadcrumb","itemListElement":[{"@type":"ListItem","position":1,"name":"Etusivu","item":"https:\/\/blogit.gradia.fi\/veerakoivulampi-tdpt2204\/"},{"@type":"ListItem","position":2,"name":"Asiakasty\u00f6 matto &#8211; n\u00e4ytt\u00f6ty\u00f6"}]},{"@type":"WebSite","@id":"https:\/\/blogit.gradia.fi\/veerakoivulampi-tdpt2204\/#website","url":"https:\/\/blogit.gradia.fi\/veerakoivulampi-tdpt2204\/","name":"OPPIMISP\u00c4IV\u00c4KIRJA","description":"Veera Koivulampi, Tekstiiliartesaani opiskelija","potentialAction":[{"@type":"SearchAction","target":{"@type":"EntryPoint","urlTemplate":"https:\/\/blogit.gradia.fi\/veerakoivulampi-tdpt2204\/?s={search_term_string}"},"query-input":{"@type":"PropertyValueSpecification","valueRequired":true,"valueName":"search_term_string"}}],"inLanguage":"fi"},{"@type":"Person","@id":"https:\/\/blogit.gradia.fi\/veerakoivulampi-tdpt2204\/#\/schema\/person\/baebc61a044e375c85239379d1dee6d4","name":"Veera Koivulampi","image":{"@type":"ImageObject","inLanguage":"fi","@id":"https:\/\/secure.gravatar.com\/avatar\/b52b55942ef30ce9c6eebb3a04d006bd59d67a87d516db5e230736e52dc955a3?s=96&d=mm&r=g","url":"https:\/\/secure.gravatar.com\/avatar\/b52b55942ef30ce9c6eebb3a04d006bd59d67a87d516db5e230736e52dc955a3?s=96&d=mm&r=g","contentUrl":"https:\/\/secure.gravatar.com\/avatar\/b52b55942ef30ce9c6eebb3a04d006bd59d67a87d516db5e230736e52dc955a3?s=96&d=mm&r=g","caption":"Veera Koivulampi"},"url":"https:\/\/blogit.gradia.fi\/veerakoivulampi-tdpt2204\/author\/gr277841\/"}]}},"uagb_featured_image_src":{"full":false,"thumbnail":false,"medium":false,"medium_large":false,"large":false,"1536x1536":false,"2048x2048":false,"twentyseventeen-featured-image":false,"twentyseventeen-thumbnail-avatar":false},"uagb_author_info":{"display_name":"Veera Koivulampi","author_link":"https:\/\/blogit.gradia.fi\/veerakoivulampi-tdpt2204\/author\/gr277841\/"},"uagb_comment_info":0,"uagb_excerpt":"Design tekstiilin suunnittelu ja valmistaminen Sain asiakkaakseni koulutusp\u00e4\u00e4llikk\u00f6 Maija Ketolan ja l\u00e4hdin suunnittelemaan h\u00e4nelle keitti\u00f6n mattoa. H\u00e4nen toiveitaan oli ett\u00e4 matto olisi 80cm x 300cm, tummanharmaa, hillitty ja sellainen joka pysyy paikoillaan. Maon p\u00e4ihin tulee kanttinauhat. Loput kuteet piti v\u00e4rj\u00e4t\u00e4 pesukoneessa, koska mist\u00e4\u00e4n ei l\u00f6ytynyt sopivan v\u00e4risi\u00e4. Kankaat piti v\u00e4rj\u00e4t\u00e4 kolmeen kertaan. Ensimm\u00e4isell\u00e4 kerralla niist\u00e4&hellip;","_links":{"self":[{"href":"https:\/\/blogit.gradia.fi\/veerakoivulampi-tdpt2204\/wp-json\/wp\/v2\/posts\/712","targetHints":{"allow":["GET"]}}],"collection":[{"href":"https:\/\/blogit.gradia.fi\/veerakoivulampi-tdpt2204\/wp-json\/wp\/v2\/posts"}],"about":[{"href":"https:\/\/blogit.gradia.fi\/veerakoivulampi-tdpt2204\/wp-json\/wp\/v2\/types\/post"}],"author":[{"embeddable":true,"href":"https:\/\/blogit.gradia.fi\/veerakoivulampi-tdpt2204\/wp-json\/wp\/v2\/users\/845"}],"replies":[{"embeddable":true,"href":"https:\/\/blogit.gradia.fi\/veerakoivulampi-tdpt2204\/wp-json\/wp\/v2\/comments?post=712"}],"version-history":[{"count":11,"href":"https:\/\/blogit.gradia.fi\/veerakoivulampi-tdpt2204\/wp-json\/wp\/v2\/posts\/712\/revisions"}],"predecessor-version":[{"id":851,"href":"https:\/\/blogit.gradia.fi\/veerakoivulampi-tdpt2204\/wp-json\/wp\/v2\/posts\/712\/revisions\/851"}],"wp:attachment":[{"href":"https:\/\/blogit.gradia.fi\/veerakoivulampi-tdpt2204\/wp-json\/wp\/v2\/media?parent=712"}],"wp:term":[{"taxonomy":"category","embeddable":true,"href":"https:\/\/blogit.gradia.fi\/veerakoivulampi-tdpt2204\/wp-json\/wp\/v2\/categories?post=712"},{"taxonomy":"post_tag","embeddable":true,"href":"https:\/\/blogit.gradia.fi\/veerakoivulampi-tdpt2204\/wp-json\/wp\/v2\/tags?post=712"}],"curies":[{"name":"wp","href":"https:\/\/api.w.org\/{rel}","templated":true}]}}