{"id":710,"date":"2024-03-13T11:35:15","date_gmt":"2024-03-13T09:35:15","guid":{"rendered":"https:\/\/blogit.gradia.fi\/veerakoivulampi-tdpt2204\/?p=710"},"modified":"2024-05-01T13:03:18","modified_gmt":"2024-05-01T10:03:18","slug":"veli-matin-matto","status":"publish","type":"post","link":"https:\/\/blogit.gradia.fi\/veerakoivulampi-tdpt2204\/2024\/03\/13\/veli-matin-matto\/","title":{"rendered":"Asiakasty\u00f6 &#8211; matto"},"content":{"rendered":"\n<p>Design tekstiilin suunnittelu ja valmistaminen<\/p>\n\n\n\n<p>Sain harjoitusasiakkaakseni Eevan ja teen h\u00e4nelle 90cm x 280cm keitti\u00f6maton. T\u00e4ss\u00e4 inspiraatio kuva jonka sain ja l\u00e4hdin sen pohjalta suunnittelemaan mattoa. V\u00e4reiksi Eeva halusi vihre\u00e4\u00e4 etenkin limen ja oliivin s\u00e4vyj\u00e4.<\/p>\n\n\n\n<figure class=\"wp-block-image size-large is-resized\"><img loading=\"lazy\" decoding=\"async\" width=\"768\" height=\"1024\" src=\"https:\/\/blogit.gradia.fi\/veerakoivulampi-tdpt2204\/wp-content\/uploads\/sites\/301\/2024\/03\/wp-1710404632063785869535930047670-768x1024.jpg\" alt=\"\" class=\"wp-image-719\" style=\"width:614px;height:auto\" srcset=\"https:\/\/blogit.gradia.fi\/veerakoivulampi-tdpt2204\/wp-content\/uploads\/sites\/301\/2024\/03\/wp-1710404632063785869535930047670-768x1024.jpg 768w, https:\/\/blogit.gradia.fi\/veerakoivulampi-tdpt2204\/wp-content\/uploads\/sites\/301\/2024\/03\/wp-1710404632063785869535930047670-225x300.jpg 225w, https:\/\/blogit.gradia.fi\/veerakoivulampi-tdpt2204\/wp-content\/uploads\/sites\/301\/2024\/03\/wp-1710404632063785869535930047670-1152x1536.jpg 1152w, https:\/\/blogit.gradia.fi\/veerakoivulampi-tdpt2204\/wp-content\/uploads\/sites\/301\/2024\/03\/wp-1710404632063785869535930047670.jpg 1500w\" sizes=\"auto, (max-width: 767px) 89vw, (max-width: 1000px) 54vw, (max-width: 1071px) 543px, 580px\" \/><\/figure>\n\n\n\n<figure class=\"wp-block-gallery has-nested-images columns-default is-cropped wp-block-gallery-1 is-layout-flex wp-block-gallery-is-layout-flex\">\n<figure class=\"wp-block-image size-large\"><img loading=\"lazy\" decoding=\"async\" width=\"1024\" height=\"766\" data-id=\"717\" src=\"https:\/\/blogit.gradia.fi\/veerakoivulampi-tdpt2204\/wp-content\/uploads\/sites\/301\/2024\/03\/wp-1710404631855574195407582155251-1024x766.jpg\" alt=\"\" class=\"wp-image-717\" srcset=\"https:\/\/blogit.gradia.fi\/veerakoivulampi-tdpt2204\/wp-content\/uploads\/sites\/301\/2024\/03\/wp-1710404631855574195407582155251-1024x766.jpg 1024w, https:\/\/blogit.gradia.fi\/veerakoivulampi-tdpt2204\/wp-content\/uploads\/sites\/301\/2024\/03\/wp-1710404631855574195407582155251-300x224.jpg 300w, https:\/\/blogit.gradia.fi\/veerakoivulampi-tdpt2204\/wp-content\/uploads\/sites\/301\/2024\/03\/wp-1710404631855574195407582155251-768x574.jpg 768w, https:\/\/blogit.gradia.fi\/veerakoivulampi-tdpt2204\/wp-content\/uploads\/sites\/301\/2024\/03\/wp-1710404631855574195407582155251-1536x1149.jpg 1536w, https:\/\/blogit.gradia.fi\/veerakoivulampi-tdpt2204\/wp-content\/uploads\/sites\/301\/2024\/03\/wp-1710404631855574195407582155251.jpg 2000w\" sizes=\"auto, (max-width: 767px) 89vw, (max-width: 1000px) 54vw, (max-width: 1071px) 543px, 580px\" \/><\/figure>\n<\/figure>\n\n\n\n<figure class=\"wp-block-image size-large\"><img loading=\"lazy\" decoding=\"async\" width=\"1024\" height=\"316\" src=\"https:\/\/blogit.gradia.fi\/veerakoivulampi-tdpt2204\/wp-content\/uploads\/sites\/301\/2024\/03\/wp-17104046314483996192621478532129-1024x316.jpg\" alt=\"\" class=\"wp-image-715\" srcset=\"https:\/\/blogit.gradia.fi\/veerakoivulampi-tdpt2204\/wp-content\/uploads\/sites\/301\/2024\/03\/wp-17104046314483996192621478532129-1024x316.jpg 1024w, https:\/\/blogit.gradia.fi\/veerakoivulampi-tdpt2204\/wp-content\/uploads\/sites\/301\/2024\/03\/wp-17104046314483996192621478532129-300x93.jpg 300w, https:\/\/blogit.gradia.fi\/veerakoivulampi-tdpt2204\/wp-content\/uploads\/sites\/301\/2024\/03\/wp-17104046314483996192621478532129-768x237.jpg 768w, https:\/\/blogit.gradia.fi\/veerakoivulampi-tdpt2204\/wp-content\/uploads\/sites\/301\/2024\/03\/wp-17104046314483996192621478532129-1536x474.jpg 1536w, https:\/\/blogit.gradia.fi\/veerakoivulampi-tdpt2204\/wp-content\/uploads\/sites\/301\/2024\/03\/wp-17104046314483996192621478532129.jpg 2000w\" sizes=\"auto, (max-width: 767px) 89vw, (max-width: 1000px) 54vw, (max-width: 1071px) 543px, 580px\" \/><\/figure>\n\n\n\n<p>N\u00e4m\u00e4 suunnitelmat tein vesiv\u00e4rikyni\u00e4 ja vahaliituja k\u00e4ytt\u00e4en.<\/p>\n\n\n\n<figure class=\"wp-block-image size-large\"><img loading=\"lazy\" decoding=\"async\" width=\"1024\" height=\"411\" src=\"https:\/\/blogit.gradia.fi\/veerakoivulampi-tdpt2204\/wp-content\/uploads\/sites\/301\/2024\/03\/wp-17104046311887043978861605029427-1024x411.jpg\" alt=\"\" class=\"wp-image-716\" srcset=\"https:\/\/blogit.gradia.fi\/veerakoivulampi-tdpt2204\/wp-content\/uploads\/sites\/301\/2024\/03\/wp-17104046311887043978861605029427-1024x411.jpg 1024w, https:\/\/blogit.gradia.fi\/veerakoivulampi-tdpt2204\/wp-content\/uploads\/sites\/301\/2024\/03\/wp-17104046311887043978861605029427-300x120.jpg 300w, https:\/\/blogit.gradia.fi\/veerakoivulampi-tdpt2204\/wp-content\/uploads\/sites\/301\/2024\/03\/wp-17104046311887043978861605029427-768x308.jpg 768w, https:\/\/blogit.gradia.fi\/veerakoivulampi-tdpt2204\/wp-content\/uploads\/sites\/301\/2024\/03\/wp-17104046311887043978861605029427-1536x616.jpg 1536w, https:\/\/blogit.gradia.fi\/veerakoivulampi-tdpt2204\/wp-content\/uploads\/sites\/301\/2024\/03\/wp-17104046311887043978861605029427.jpg 2000w\" sizes=\"auto, (max-width: 767px) 89vw, (max-width: 1000px) 54vw, (max-width: 1071px) 543px, 580px\" \/><\/figure>\n\n\n\n<p>N\u00e4m\u00e4 tein vesiv\u00e4rej\u00e4 k\u00e4ytt\u00e4en, se oli huomattavasti helpompaa ja nopeampaa. Piirroksista tuli my\u00f6s hienompia.<\/p>\n\n\n\n<figure class=\"wp-block-image size-large\"><img loading=\"lazy\" decoding=\"async\" width=\"1024\" height=\"766\" src=\"https:\/\/blogit.gradia.fi\/veerakoivulampi-tdpt2204\/wp-content\/uploads\/sites\/301\/2024\/03\/wp-17104046315655825218440520959602-1024x766.jpg\" alt=\"\" class=\"wp-image-718\" srcset=\"https:\/\/blogit.gradia.fi\/veerakoivulampi-tdpt2204\/wp-content\/uploads\/sites\/301\/2024\/03\/wp-17104046315655825218440520959602-1024x766.jpg 1024w, https:\/\/blogit.gradia.fi\/veerakoivulampi-tdpt2204\/wp-content\/uploads\/sites\/301\/2024\/03\/wp-17104046315655825218440520959602-300x224.jpg 300w, https:\/\/blogit.gradia.fi\/veerakoivulampi-tdpt2204\/wp-content\/uploads\/sites\/301\/2024\/03\/wp-17104046315655825218440520959602-768x574.jpg 768w, https:\/\/blogit.gradia.fi\/veerakoivulampi-tdpt2204\/wp-content\/uploads\/sites\/301\/2024\/03\/wp-17104046315655825218440520959602-1536x1149.jpg 1536w, https:\/\/blogit.gradia.fi\/veerakoivulampi-tdpt2204\/wp-content\/uploads\/sites\/301\/2024\/03\/wp-17104046315655825218440520959602.jpg 2000w\" sizes=\"auto, (max-width: 767px) 89vw, (max-width: 1000px) 54vw, (max-width: 1071px) 543px, 580px\" \/><\/figure>\n\n\n\n<p>Sidonnan suunnittelua poiminta tekniikkaa k\u00e4ytt\u00e4en. Sidokseen tulee palttina ja toimikas ja niit\u00e4 ty\u00f6stet\u00e4\u00e4n vuorotellen.<\/p>\n\n\n\n<figure class=\"wp-block-image size-large\"><img loading=\"lazy\" decoding=\"async\" width=\"1024\" height=\"591\" src=\"https:\/\/blogit.gradia.fi\/veerakoivulampi-tdpt2204\/wp-content\/uploads\/sites\/301\/2024\/03\/wp-17109411628832488273422434551014-1024x591.jpg\" alt=\"\" class=\"wp-image-732\" srcset=\"https:\/\/blogit.gradia.fi\/veerakoivulampi-tdpt2204\/wp-content\/uploads\/sites\/301\/2024\/03\/wp-17109411628832488273422434551014-1024x591.jpg 1024w, https:\/\/blogit.gradia.fi\/veerakoivulampi-tdpt2204\/wp-content\/uploads\/sites\/301\/2024\/03\/wp-17109411628832488273422434551014-300x173.jpg 300w, https:\/\/blogit.gradia.fi\/veerakoivulampi-tdpt2204\/wp-content\/uploads\/sites\/301\/2024\/03\/wp-17109411628832488273422434551014-768x444.jpg 768w, https:\/\/blogit.gradia.fi\/veerakoivulampi-tdpt2204\/wp-content\/uploads\/sites\/301\/2024\/03\/wp-17109411628832488273422434551014-1536x887.jpg 1536w, https:\/\/blogit.gradia.fi\/veerakoivulampi-tdpt2204\/wp-content\/uploads\/sites\/301\/2024\/03\/wp-17109411628832488273422434551014.jpg 1579w\" sizes=\"auto, (max-width: 767px) 89vw, (max-width: 1000px) 54vw, (max-width: 1071px) 543px, 580px\" \/><figcaption class=\"wp-element-caption\">Loimen luonti<\/figcaption><\/figure>\n\n\n\n<figure class=\"wp-block-image size-large\"><img loading=\"lazy\" decoding=\"async\" width=\"1024\" height=\"766\" src=\"https:\/\/blogit.gradia.fi\/veerakoivulampi-tdpt2204\/wp-content\/uploads\/sites\/301\/2024\/03\/wp-17109391180671449331319273340636-1024x766.jpg\" alt=\"\" class=\"wp-image-730\" srcset=\"https:\/\/blogit.gradia.fi\/veerakoivulampi-tdpt2204\/wp-content\/uploads\/sites\/301\/2024\/03\/wp-17109391180671449331319273340636-1024x766.jpg 1024w, https:\/\/blogit.gradia.fi\/veerakoivulampi-tdpt2204\/wp-content\/uploads\/sites\/301\/2024\/03\/wp-17109391180671449331319273340636-300x224.jpg 300w, https:\/\/blogit.gradia.fi\/veerakoivulampi-tdpt2204\/wp-content\/uploads\/sites\/301\/2024\/03\/wp-17109391180671449331319273340636-768x574.jpg 768w, https:\/\/blogit.gradia.fi\/veerakoivulampi-tdpt2204\/wp-content\/uploads\/sites\/301\/2024\/03\/wp-17109391180671449331319273340636-1536x1149.jpg 1536w, https:\/\/blogit.gradia.fi\/veerakoivulampi-tdpt2204\/wp-content\/uploads\/sites\/301\/2024\/03\/wp-17109391180671449331319273340636.jpg 2000w\" sizes=\"auto, (max-width: 767px) 89vw, (max-width: 1000px) 54vw, (max-width: 1071px) 543px, 580px\" \/><figcaption class=\"wp-element-caption\">Mallinsovitusta Irman kanssa<\/figcaption><\/figure>\n\n\n\n<figure class=\"wp-block-image size-large\"><img loading=\"lazy\" decoding=\"async\" width=\"1024\" height=\"458\" src=\"https:\/\/blogit.gradia.fi\/veerakoivulampi-tdpt2204\/wp-content\/uploads\/sites\/301\/2024\/03\/17109390757534034922055395125576-1024x458.jpg\" alt=\"\" class=\"wp-image-724\" srcset=\"https:\/\/blogit.gradia.fi\/veerakoivulampi-tdpt2204\/wp-content\/uploads\/sites\/301\/2024\/03\/17109390757534034922055395125576-1024x458.jpg 1024w, https:\/\/blogit.gradia.fi\/veerakoivulampi-tdpt2204\/wp-content\/uploads\/sites\/301\/2024\/03\/17109390757534034922055395125576-300x134.jpg 300w, https:\/\/blogit.gradia.fi\/veerakoivulampi-tdpt2204\/wp-content\/uploads\/sites\/301\/2024\/03\/17109390757534034922055395125576-768x343.jpg 768w, https:\/\/blogit.gradia.fi\/veerakoivulampi-tdpt2204\/wp-content\/uploads\/sites\/301\/2024\/03\/17109390757534034922055395125576-1536x687.jpg 1536w, https:\/\/blogit.gradia.fi\/veerakoivulampi-tdpt2204\/wp-content\/uploads\/sites\/301\/2024\/03\/17109390757534034922055395125576.jpg 2000w\" sizes=\"auto, (max-width: 767px) 89vw, (max-width: 1000px) 54vw, (max-width: 1071px) 543px, 580px\" \/><\/figure>\n\n\n\n<p>Alkuper\u00e4inen piirros niisint\u00e4\u00e4n ja polkusten sidontaan.<\/p>\n\n\n\n<figure class=\"wp-block-image size-large\"><img loading=\"lazy\" decoding=\"async\" width=\"1024\" height=\"766\" src=\"https:\/\/blogit.gradia.fi\/veerakoivulampi-tdpt2204\/wp-content\/uploads\/sites\/301\/2024\/03\/wp-17109391182423210139507397034030-1024x766.jpg\" alt=\"\" class=\"wp-image-731\" srcset=\"https:\/\/blogit.gradia.fi\/veerakoivulampi-tdpt2204\/wp-content\/uploads\/sites\/301\/2024\/03\/wp-17109391182423210139507397034030-1024x766.jpg 1024w, https:\/\/blogit.gradia.fi\/veerakoivulampi-tdpt2204\/wp-content\/uploads\/sites\/301\/2024\/03\/wp-17109391182423210139507397034030-300x224.jpg 300w, https:\/\/blogit.gradia.fi\/veerakoivulampi-tdpt2204\/wp-content\/uploads\/sites\/301\/2024\/03\/wp-17109391182423210139507397034030-768x574.jpg 768w, https:\/\/blogit.gradia.fi\/veerakoivulampi-tdpt2204\/wp-content\/uploads\/sites\/301\/2024\/03\/wp-17109391182423210139507397034030-1536x1149.jpg 1536w, https:\/\/blogit.gradia.fi\/veerakoivulampi-tdpt2204\/wp-content\/uploads\/sites\/301\/2024\/03\/wp-17109391182423210139507397034030.jpg 2000w\" sizes=\"auto, (max-width: 767px) 89vw, (max-width: 1000px) 54vw, (max-width: 1071px) 543px, 580px\" \/><\/figure>\n\n\n\n<p>Aloitin niisinn\u00e4n ja puolessa v\u00e4liss\u00e4 huomasin ett\u00e4 mallikerta ei mahdu leveydelle kuin kuusi kertaa vaikka piirroksessa se oli 10 kertaa. 23 lankaa j\u00e4i my\u00f6s yli.<\/p>\n\n\n\n<figure class=\"wp-block-image size-large\"><img loading=\"lazy\" decoding=\"async\" width=\"1024\" height=\"318\" src=\"https:\/\/blogit.gradia.fi\/veerakoivulampi-tdpt2204\/wp-content\/uploads\/sites\/301\/2024\/03\/wp-17109391178635620952340057630143-1024x318.jpg\" alt=\"\" class=\"wp-image-728\" srcset=\"https:\/\/blogit.gradia.fi\/veerakoivulampi-tdpt2204\/wp-content\/uploads\/sites\/301\/2024\/03\/wp-17109391178635620952340057630143-1024x318.jpg 1024w, https:\/\/blogit.gradia.fi\/veerakoivulampi-tdpt2204\/wp-content\/uploads\/sites\/301\/2024\/03\/wp-17109391178635620952340057630143-300x93.jpg 300w, https:\/\/blogit.gradia.fi\/veerakoivulampi-tdpt2204\/wp-content\/uploads\/sites\/301\/2024\/03\/wp-17109391178635620952340057630143-768x239.jpg 768w, https:\/\/blogit.gradia.fi\/veerakoivulampi-tdpt2204\/wp-content\/uploads\/sites\/301\/2024\/03\/wp-17109391178635620952340057630143-1536x478.jpg 1536w, https:\/\/blogit.gradia.fi\/veerakoivulampi-tdpt2204\/wp-content\/uploads\/sites\/301\/2024\/03\/wp-17109391178635620952340057630143.jpg 2000w\" sizes=\"auto, (max-width: 767px) 89vw, (max-width: 1000px) 54vw, (max-width: 1071px) 543px, 580px\" \/><\/figure>\n\n\n\n<p>Pitk\u00e4n pohdinnan ja opettajan avun j\u00e4lkeen ongelma l\u00f6ytyi. Ensimm\u00e4isess\u00e4 piirroksessa mallikerran lankoja oli merkitty 18 vaikka niit\u00e4 oli todellisuudessa 28. Sen takia niisit\u00e4 ei toiminut piirrokseen merkityll\u00e4 tavalla. <\/p>\n\n\n\n<p>Piirsin uuden kuvan mallikerta toistuu kuusi kertaa ja ylim\u00e4\u00e4r\u00e4iset 23 lankaa sijoitin sivuille. Sain siit\u00e4 toimivan mallin. Olin hyvin ylpe\u00e4 kun osasin itse ratkaista ja piirt\u00e4\u00e4 uuden piirustuksen.<\/p>\n\n\n\n<figure class=\"wp-block-image size-large\"><img loading=\"lazy\" decoding=\"async\" width=\"871\" height=\"1024\" src=\"https:\/\/blogit.gradia.fi\/veerakoivulampi-tdpt2204\/wp-content\/uploads\/sites\/301\/2024\/03\/wp-17109411629544877624135842613274-871x1024.jpg\" alt=\"\" class=\"wp-image-733\" srcset=\"https:\/\/blogit.gradia.fi\/veerakoivulampi-tdpt2204\/wp-content\/uploads\/sites\/301\/2024\/03\/wp-17109411629544877624135842613274-871x1024.jpg 871w, https:\/\/blogit.gradia.fi\/veerakoivulampi-tdpt2204\/wp-content\/uploads\/sites\/301\/2024\/03\/wp-17109411629544877624135842613274-255x300.jpg 255w, https:\/\/blogit.gradia.fi\/veerakoivulampi-tdpt2204\/wp-content\/uploads\/sites\/301\/2024\/03\/wp-17109411629544877624135842613274-768x903.jpg 768w, https:\/\/blogit.gradia.fi\/veerakoivulampi-tdpt2204\/wp-content\/uploads\/sites\/301\/2024\/03\/wp-17109411629544877624135842613274-1306x1536.jpg 1306w, https:\/\/blogit.gradia.fi\/veerakoivulampi-tdpt2204\/wp-content\/uploads\/sites\/301\/2024\/03\/wp-17109411629544877624135842613274.jpg 1701w\" sizes=\"auto, (max-width: 767px) 89vw, (max-width: 1000px) 54vw, (max-width: 1071px) 543px, 580px\" \/><figcaption class=\"wp-element-caption\">Polkusten ja sidonnan tarkistusta, kaikki oli tehty oikein eik\u00e4 mit\u00e4\u00e4n tarvinnut korjata. Seuraavaksi p\u00e4\u00e4senkin kutomaan.<\/figcaption><\/figure>\n\n\n\n<figure class=\"wp-block-gallery has-nested-images columns-default is-cropped wp-block-gallery-2 is-layout-flex wp-block-gallery-is-layout-flex\">\n<figure class=\"wp-block-image size-large\"><img loading=\"lazy\" decoding=\"async\" width=\"1024\" height=\"766\" data-id=\"742\" src=\"https:\/\/blogit.gradia.fi\/veerakoivulampi-tdpt2204\/wp-content\/uploads\/sites\/301\/2024\/04\/wp-17119752324213958249773613806883-1024x766.jpg\" alt=\"\" class=\"wp-image-742\" srcset=\"https:\/\/blogit.gradia.fi\/veerakoivulampi-tdpt2204\/wp-content\/uploads\/sites\/301\/2024\/04\/wp-17119752324213958249773613806883-1024x766.jpg 1024w, https:\/\/blogit.gradia.fi\/veerakoivulampi-tdpt2204\/wp-content\/uploads\/sites\/301\/2024\/04\/wp-17119752324213958249773613806883-300x224.jpg 300w, https:\/\/blogit.gradia.fi\/veerakoivulampi-tdpt2204\/wp-content\/uploads\/sites\/301\/2024\/04\/wp-17119752324213958249773613806883-768x574.jpg 768w, https:\/\/blogit.gradia.fi\/veerakoivulampi-tdpt2204\/wp-content\/uploads\/sites\/301\/2024\/04\/wp-17119752324213958249773613806883-1536x1149.jpg 1536w, https:\/\/blogit.gradia.fi\/veerakoivulampi-tdpt2204\/wp-content\/uploads\/sites\/301\/2024\/04\/wp-17119752324213958249773613806883.jpg 2000w\" sizes=\"auto, (max-width: 767px) 89vw, (max-width: 1000px) 54vw, (max-width: 1071px) 543px, 580px\" \/><figcaption class=\"wp-element-caption\">Tilaamamme 4,5kg trikookude tuli vyyhti\u00e4m\u00e4tt\u00f6m\u00e4n\u00e4. Sen kerimiseen meni vain 45min,kun sain Eevan apulaiseksi.<\/figcaption><\/figure>\n\n\n\n<figure class=\"wp-block-image size-large\"><img loading=\"lazy\" decoding=\"async\" width=\"1024\" height=\"766\" data-id=\"741\" src=\"https:\/\/blogit.gradia.fi\/veerakoivulampi-tdpt2204\/wp-content\/uploads\/sites\/301\/2024\/04\/wp-17119752321577917416253454031151-1024x766.jpg\" alt=\"\" class=\"wp-image-741\" srcset=\"https:\/\/blogit.gradia.fi\/veerakoivulampi-tdpt2204\/wp-content\/uploads\/sites\/301\/2024\/04\/wp-17119752321577917416253454031151-1024x766.jpg 1024w, https:\/\/blogit.gradia.fi\/veerakoivulampi-tdpt2204\/wp-content\/uploads\/sites\/301\/2024\/04\/wp-17119752321577917416253454031151-300x224.jpg 300w, https:\/\/blogit.gradia.fi\/veerakoivulampi-tdpt2204\/wp-content\/uploads\/sites\/301\/2024\/04\/wp-17119752321577917416253454031151-768x574.jpg 768w, https:\/\/blogit.gradia.fi\/veerakoivulampi-tdpt2204\/wp-content\/uploads\/sites\/301\/2024\/04\/wp-17119752321577917416253454031151-1536x1149.jpg 1536w, https:\/\/blogit.gradia.fi\/veerakoivulampi-tdpt2204\/wp-content\/uploads\/sites\/301\/2024\/04\/wp-17119752321577917416253454031151.jpg 2000w\" sizes=\"auto, (max-width: 767px) 89vw, (max-width: 1000px) 54vw, (max-width: 1071px) 543px, 580px\" \/><figcaption class=\"wp-element-caption\">Eri vihre\u00e4n s\u00e4vyisi\u00e4 r\u00e4sykuteita sukkuloilla.<\/figcaption><\/figure>\n<\/figure>\n\n\n\n<figure class=\"wp-block-gallery has-nested-images columns-default is-cropped wp-block-gallery-3 is-layout-flex wp-block-gallery-is-layout-flex\">\n<figure class=\"wp-block-image size-large\"><img loading=\"lazy\" decoding=\"async\" width=\"1024\" height=\"766\" data-id=\"740\" src=\"https:\/\/blogit.gradia.fi\/veerakoivulampi-tdpt2204\/wp-content\/uploads\/sites\/301\/2024\/04\/wp-17119752319265121551921065339906-1024x766.jpg\" alt=\"\" class=\"wp-image-740\" srcset=\"https:\/\/blogit.gradia.fi\/veerakoivulampi-tdpt2204\/wp-content\/uploads\/sites\/301\/2024\/04\/wp-17119752319265121551921065339906-1024x766.jpg 1024w, https:\/\/blogit.gradia.fi\/veerakoivulampi-tdpt2204\/wp-content\/uploads\/sites\/301\/2024\/04\/wp-17119752319265121551921065339906-300x224.jpg 300w, https:\/\/blogit.gradia.fi\/veerakoivulampi-tdpt2204\/wp-content\/uploads\/sites\/301\/2024\/04\/wp-17119752319265121551921065339906-768x574.jpg 768w, https:\/\/blogit.gradia.fi\/veerakoivulampi-tdpt2204\/wp-content\/uploads\/sites\/301\/2024\/04\/wp-17119752319265121551921065339906-1536x1149.jpg 1536w, https:\/\/blogit.gradia.fi\/veerakoivulampi-tdpt2204\/wp-content\/uploads\/sites\/301\/2024\/04\/wp-17119752319265121551921065339906.jpg 2000w\" sizes=\"auto, (max-width: 767px) 89vw, (max-width: 1000px) 54vw, (max-width: 1071px) 543px, 580px\" \/><\/figure>\n\n\n\n<figure class=\"wp-block-image size-large\"><img loading=\"lazy\" decoding=\"async\" width=\"1024\" height=\"766\" data-id=\"737\" src=\"https:\/\/blogit.gradia.fi\/veerakoivulampi-tdpt2204\/wp-content\/uploads\/sites\/301\/2024\/04\/wp-17119752312476020975143550494487-1024x766.jpg\" alt=\"\" class=\"wp-image-737\" srcset=\"https:\/\/blogit.gradia.fi\/veerakoivulampi-tdpt2204\/wp-content\/uploads\/sites\/301\/2024\/04\/wp-17119752312476020975143550494487-1024x766.jpg 1024w, https:\/\/blogit.gradia.fi\/veerakoivulampi-tdpt2204\/wp-content\/uploads\/sites\/301\/2024\/04\/wp-17119752312476020975143550494487-300x224.jpg 300w, https:\/\/blogit.gradia.fi\/veerakoivulampi-tdpt2204\/wp-content\/uploads\/sites\/301\/2024\/04\/wp-17119752312476020975143550494487-768x574.jpg 768w, https:\/\/blogit.gradia.fi\/veerakoivulampi-tdpt2204\/wp-content\/uploads\/sites\/301\/2024\/04\/wp-17119752312476020975143550494487-1536x1149.jpg 1536w, https:\/\/blogit.gradia.fi\/veerakoivulampi-tdpt2204\/wp-content\/uploads\/sites\/301\/2024\/04\/wp-17119752312476020975143550494487.jpg 2000w\" sizes=\"auto, (max-width: 767px) 89vw, (max-width: 1000px) 54vw, (max-width: 1071px) 543px, 580px\" \/><figcaption class=\"wp-element-caption\">Kutominen eteni nopeasti kun p\u00e4\u00e4si vauhtiin.<\/figcaption><\/figure>\n<\/figure>\n\n\n\n<figure class=\"wp-block-image size-large\"><img loading=\"lazy\" decoding=\"async\" width=\"1024\" height=\"521\" src=\"https:\/\/blogit.gradia.fi\/veerakoivulampi-tdpt2204\/wp-content\/uploads\/sites\/301\/2024\/04\/wp-17119752307537332881160057825140-1024x521.jpg\" alt=\"\" class=\"wp-image-735\" srcset=\"https:\/\/blogit.gradia.fi\/veerakoivulampi-tdpt2204\/wp-content\/uploads\/sites\/301\/2024\/04\/wp-17119752307537332881160057825140-1024x521.jpg 1024w, https:\/\/blogit.gradia.fi\/veerakoivulampi-tdpt2204\/wp-content\/uploads\/sites\/301\/2024\/04\/wp-17119752307537332881160057825140-300x153.jpg 300w, https:\/\/blogit.gradia.fi\/veerakoivulampi-tdpt2204\/wp-content\/uploads\/sites\/301\/2024\/04\/wp-17119752307537332881160057825140-768x391.jpg 768w, https:\/\/blogit.gradia.fi\/veerakoivulampi-tdpt2204\/wp-content\/uploads\/sites\/301\/2024\/04\/wp-17119752307537332881160057825140-1536x781.jpg 1536w, https:\/\/blogit.gradia.fi\/veerakoivulampi-tdpt2204\/wp-content\/uploads\/sites\/301\/2024\/04\/wp-17119752307537332881160057825140.jpg 2000w\" sizes=\"auto, (max-width: 767px) 89vw, (max-width: 1000px) 54vw, (max-width: 1071px) 543px, 580px\" \/><figcaption class=\"wp-element-caption\">Moni k\u00e4vi ihastelemassa mattoa kudonnan aikana ja olen itsekin siit\u00e4 hyvin ylpe\u00e4, uskon my\u00f6s ett\u00e4 asiakkaani on siihen tyytyv\u00e4inen.<\/figcaption><\/figure>\n\n\n\n<figure class=\"wp-block-image size-large is-resized\"><img loading=\"lazy\" decoding=\"async\" width=\"1024\" height=\"766\" src=\"https:\/\/blogit.gradia.fi\/veerakoivulampi-tdpt2204\/wp-content\/uploads\/sites\/301\/2024\/04\/wp-17124868445405164886803443261661-1024x766.jpg\" alt=\"\" class=\"wp-image-758\" style=\"width:673px;height:auto\" srcset=\"https:\/\/blogit.gradia.fi\/veerakoivulampi-tdpt2204\/wp-content\/uploads\/sites\/301\/2024\/04\/wp-17124868445405164886803443261661-1024x766.jpg 1024w, https:\/\/blogit.gradia.fi\/veerakoivulampi-tdpt2204\/wp-content\/uploads\/sites\/301\/2024\/04\/wp-17124868445405164886803443261661-300x224.jpg 300w, https:\/\/blogit.gradia.fi\/veerakoivulampi-tdpt2204\/wp-content\/uploads\/sites\/301\/2024\/04\/wp-17124868445405164886803443261661-768x574.jpg 768w, https:\/\/blogit.gradia.fi\/veerakoivulampi-tdpt2204\/wp-content\/uploads\/sites\/301\/2024\/04\/wp-17124868445405164886803443261661-1536x1149.jpg 1536w, https:\/\/blogit.gradia.fi\/veerakoivulampi-tdpt2204\/wp-content\/uploads\/sites\/301\/2024\/04\/wp-17124868445405164886803443261661.jpg 2000w\" sizes=\"auto, (max-width: 767px) 89vw, (max-width: 1000px) 54vw, (max-width: 1071px) 543px, 580px\" \/><\/figure>\n\n\n\n<p>Asiakas tahtoi maton p\u00e4\u00e4tyihin mattonauhat. Niiden ompelu oli osittain aika haastavaa, mutta onneksi lopputuloksesta tuli hyvin siisti.<\/p>\n\n\n\n<figure class=\"wp-block-image size-large\"><img loading=\"lazy\" decoding=\"async\" width=\"617\" height=\"1024\" src=\"https:\/\/blogit.gradia.fi\/veerakoivulampi-tdpt2204\/wp-content\/uploads\/sites\/301\/2024\/04\/wp-17124868421083278277528052817232-617x1024.jpg\" alt=\"\" class=\"wp-image-757\" srcset=\"https:\/\/blogit.gradia.fi\/veerakoivulampi-tdpt2204\/wp-content\/uploads\/sites\/301\/2024\/04\/wp-17124868421083278277528052817232-617x1024.jpg 617w, https:\/\/blogit.gradia.fi\/veerakoivulampi-tdpt2204\/wp-content\/uploads\/sites\/301\/2024\/04\/wp-17124868421083278277528052817232-181x300.jpg 181w, https:\/\/blogit.gradia.fi\/veerakoivulampi-tdpt2204\/wp-content\/uploads\/sites\/301\/2024\/04\/wp-17124868421083278277528052817232-768x1276.jpg 768w, https:\/\/blogit.gradia.fi\/veerakoivulampi-tdpt2204\/wp-content\/uploads\/sites\/301\/2024\/04\/wp-17124868421083278277528052817232.jpg 855w\" sizes=\"auto, (max-width: 617px) 100vw, 617px\" \/><figcaption class=\"wp-element-caption\">Viimeistely\u00e4 vaille valmis<\/figcaption><\/figure>\n\n\n\n<figure class=\"wp-block-gallery has-nested-images columns-default is-cropped wp-block-gallery-4 is-layout-flex wp-block-gallery-is-layout-flex\">\n<figure class=\"wp-block-image size-large\"><img loading=\"lazy\" decoding=\"async\" width=\"1024\" height=\"766\" data-id=\"770\" src=\"https:\/\/blogit.gradia.fi\/veerakoivulampi-tdpt2204\/wp-content\/uploads\/sites\/301\/2024\/04\/wp-17139483027872542787373938468678-1024x766.jpg\" alt=\"\" class=\"wp-image-770\" srcset=\"https:\/\/blogit.gradia.fi\/veerakoivulampi-tdpt2204\/wp-content\/uploads\/sites\/301\/2024\/04\/wp-17139483027872542787373938468678-1024x766.jpg 1024w, https:\/\/blogit.gradia.fi\/veerakoivulampi-tdpt2204\/wp-content\/uploads\/sites\/301\/2024\/04\/wp-17139483027872542787373938468678-300x224.jpg 300w, https:\/\/blogit.gradia.fi\/veerakoivulampi-tdpt2204\/wp-content\/uploads\/sites\/301\/2024\/04\/wp-17139483027872542787373938468678-768x574.jpg 768w, https:\/\/blogit.gradia.fi\/veerakoivulampi-tdpt2204\/wp-content\/uploads\/sites\/301\/2024\/04\/wp-17139483027872542787373938468678-1536x1149.jpg 1536w, https:\/\/blogit.gradia.fi\/veerakoivulampi-tdpt2204\/wp-content\/uploads\/sites\/301\/2024\/04\/wp-17139483027872542787373938468678.jpg 2000w\" sizes=\"auto, (max-width: 767px) 89vw, (max-width: 1000px) 54vw, (max-width: 1071px) 543px, 580px\" \/><\/figure>\n\n\n\n<figure class=\"wp-block-image size-large\"><img loading=\"lazy\" decoding=\"async\" width=\"494\" height=\"1024\" data-id=\"769\" src=\"https:\/\/blogit.gradia.fi\/veerakoivulampi-tdpt2204\/wp-content\/uploads\/sites\/301\/2024\/04\/wp-17139483026135669875181789065172-494x1024.jpg\" alt=\"\" class=\"wp-image-769\" srcset=\"https:\/\/blogit.gradia.fi\/veerakoivulampi-tdpt2204\/wp-content\/uploads\/sites\/301\/2024\/04\/wp-17139483026135669875181789065172-494x1024.jpg 494w, https:\/\/blogit.gradia.fi\/veerakoivulampi-tdpt2204\/wp-content\/uploads\/sites\/301\/2024\/04\/wp-17139483026135669875181789065172-145x300.jpg 145w, https:\/\/blogit.gradia.fi\/veerakoivulampi-tdpt2204\/wp-content\/uploads\/sites\/301\/2024\/04\/wp-17139483026135669875181789065172-768x1593.jpg 768w, https:\/\/blogit.gradia.fi\/veerakoivulampi-tdpt2204\/wp-content\/uploads\/sites\/301\/2024\/04\/wp-17139483026135669875181789065172-740x1536.jpg 740w, https:\/\/blogit.gradia.fi\/veerakoivulampi-tdpt2204\/wp-content\/uploads\/sites\/301\/2024\/04\/wp-17139483026135669875181789065172.jpg 964w\" sizes=\"auto, (max-width: 494px) 100vw, 494px\" \/><\/figure>\n<\/figure>\n\n\n\n<p>Valmis ty\u00f6.<\/p>\n","protected":false},"excerpt":{"rendered":"<p>Design tekstiilin suunnittelu ja valmistaminen Sain harjoitusasiakkaakseni Eevan ja teen h\u00e4nelle 90cm x 280cm keitti\u00f6maton. T\u00e4ss\u00e4 inspiraatio kuva jonka sain ja l\u00e4hdin sen pohjalta suunnittelemaan mattoa. V\u00e4reiksi Eeva halusi vihre\u00e4\u00e4 etenkin limen ja oliivin s\u00e4vyj\u00e4. N\u00e4m\u00e4 suunnitelmat tein vesiv\u00e4rikyni\u00e4 ja vahaliituja k\u00e4ytt\u00e4en. N\u00e4m\u00e4 tein vesiv\u00e4rej\u00e4 k\u00e4ytt\u00e4en, se oli huomattavasti helpompaa ja nopeampaa. Piirroksista tuli my\u00f6s &hellip; <\/p>\n<p class=\"link-more\"><a href=\"https:\/\/blogit.gradia.fi\/veerakoivulampi-tdpt2204\/2024\/03\/13\/veli-matin-matto\/\" class=\"more-link\">Jatka lukemista<span class=\"screen-reader-text\"> &#8221;Asiakasty\u00f6 &#8211; matto&#8221;<\/span><\/a><\/p>\n","protected":false},"author":845,"featured_media":0,"comment_status":"open","ping_status":"open","sticky":false,"template":"","format":"standard","meta":{"_uag_custom_page_level_css":"","footnotes":""},"categories":[1],"tags":[],"class_list":["post-710","post","type-post","status-publish","format-standard","hentry","category-yleinen"],"yoast_head":"<!-- This site is optimized with the Yoast SEO plugin v27.5 - https:\/\/yoast.com\/product\/yoast-seo-wordpress\/ -->\n<title>Asiakasty\u00f6 - matto - OPPIMISP\u00c4IV\u00c4KIRJA<\/title>\n<meta name=\"robots\" content=\"index, follow, max-snippet:-1, max-image-preview:large, max-video-preview:-1\" \/>\n<link rel=\"canonical\" href=\"https:\/\/blogit.gradia.fi\/veerakoivulampi-tdpt2204\/2024\/03\/13\/veli-matin-matto\/\" \/>\n<meta property=\"og:locale\" content=\"fi_FI\" \/>\n<meta property=\"og:type\" content=\"article\" \/>\n<meta property=\"og:title\" content=\"Asiakasty\u00f6 - matto - OPPIMISP\u00c4IV\u00c4KIRJA\" \/>\n<meta property=\"og:description\" content=\"Design tekstiilin suunnittelu ja valmistaminen Sain harjoitusasiakkaakseni Eevan ja teen h\u00e4nelle 90cm x 280cm keitti\u00f6maton. T\u00e4ss\u00e4 inspiraatio kuva jonka sain ja l\u00e4hdin sen pohjalta suunnittelemaan mattoa. V\u00e4reiksi Eeva halusi vihre\u00e4\u00e4 etenkin limen ja oliivin s\u00e4vyj\u00e4. N\u00e4m\u00e4 suunnitelmat tein vesiv\u00e4rikyni\u00e4 ja vahaliituja k\u00e4ytt\u00e4en. N\u00e4m\u00e4 tein vesiv\u00e4rej\u00e4 k\u00e4ytt\u00e4en, se oli huomattavasti helpompaa ja nopeampaa. Piirroksista tuli my\u00f6s &hellip; Jatka lukemista &quot;Asiakasty\u00f6 &#8211; matto&quot;\" \/>\n<meta property=\"og:url\" content=\"https:\/\/blogit.gradia.fi\/veerakoivulampi-tdpt2204\/2024\/03\/13\/veli-matin-matto\/\" \/>\n<meta property=\"og:site_name\" content=\"OPPIMISP\u00c4IV\u00c4KIRJA\" \/>\n<meta property=\"article:published_time\" content=\"2024-03-13T09:35:15+00:00\" \/>\n<meta property=\"article:modified_time\" content=\"2024-05-01T10:03:18+00:00\" \/>\n<meta property=\"og:image\" content=\"https:\/\/blogit.gradia.fi\/veerakoivulampi-tdpt2204\/wp-content\/uploads\/sites\/301\/2024\/03\/wp-1710404632063785869535930047670-768x1024.jpg\" \/>\n<meta name=\"author\" content=\"Veera Koivulampi\" \/>\n<meta name=\"twitter:card\" content=\"summary_large_image\" \/>\n<meta name=\"twitter:label1\" content=\"Kirjoittanut\" \/>\n\t<meta name=\"twitter:data1\" content=\"Veera Koivulampi\" \/>\n\t<meta name=\"twitter:label2\" content=\"Arvioitu lukuaika\" \/>\n\t<meta name=\"twitter:data2\" content=\"6 minuuttia\" \/>\n<script type=\"application\/ld+json\" class=\"yoast-schema-graph\">{\"@context\":\"https:\\\/\\\/schema.org\",\"@graph\":[{\"@type\":\"Article\",\"@id\":\"https:\\\/\\\/blogit.gradia.fi\\\/veerakoivulampi-tdpt2204\\\/2024\\\/03\\\/13\\\/veli-matin-matto\\\/#article\",\"isPartOf\":{\"@id\":\"https:\\\/\\\/blogit.gradia.fi\\\/veerakoivulampi-tdpt2204\\\/2024\\\/03\\\/13\\\/veli-matin-matto\\\/\"},\"author\":{\"name\":\"Veera Koivulampi\",\"@id\":\"https:\\\/\\\/blogit.gradia.fi\\\/veerakoivulampi-tdpt2204\\\/#\\\/schema\\\/person\\\/baebc61a044e375c85239379d1dee6d4\"},\"headline\":\"Asiakasty\u00f6 &#8211; matto\",\"datePublished\":\"2024-03-13T09:35:15+00:00\",\"dateModified\":\"2024-05-01T10:03:18+00:00\",\"mainEntityOfPage\":{\"@id\":\"https:\\\/\\\/blogit.gradia.fi\\\/veerakoivulampi-tdpt2204\\\/2024\\\/03\\\/13\\\/veli-matin-matto\\\/\"},\"wordCount\":286,\"commentCount\":0,\"image\":{\"@id\":\"https:\\\/\\\/blogit.gradia.fi\\\/veerakoivulampi-tdpt2204\\\/2024\\\/03\\\/13\\\/veli-matin-matto\\\/#primaryimage\"},\"thumbnailUrl\":\"https:\\\/\\\/blogit.gradia.fi\\\/veerakoivulampi-tdpt2204\\\/wp-content\\\/uploads\\\/sites\\\/301\\\/2024\\\/03\\\/wp-1710404632063785869535930047670-768x1024.jpg\",\"inLanguage\":\"fi\",\"potentialAction\":[{\"@type\":\"CommentAction\",\"name\":\"Comment\",\"target\":[\"https:\\\/\\\/blogit.gradia.fi\\\/veerakoivulampi-tdpt2204\\\/2024\\\/03\\\/13\\\/veli-matin-matto\\\/#respond\"]}]},{\"@type\":\"WebPage\",\"@id\":\"https:\\\/\\\/blogit.gradia.fi\\\/veerakoivulampi-tdpt2204\\\/2024\\\/03\\\/13\\\/veli-matin-matto\\\/\",\"url\":\"https:\\\/\\\/blogit.gradia.fi\\\/veerakoivulampi-tdpt2204\\\/2024\\\/03\\\/13\\\/veli-matin-matto\\\/\",\"name\":\"Asiakasty\u00f6 - matto - OPPIMISP\u00c4IV\u00c4KIRJA\",\"isPartOf\":{\"@id\":\"https:\\\/\\\/blogit.gradia.fi\\\/veerakoivulampi-tdpt2204\\\/#website\"},\"primaryImageOfPage\":{\"@id\":\"https:\\\/\\\/blogit.gradia.fi\\\/veerakoivulampi-tdpt2204\\\/2024\\\/03\\\/13\\\/veli-matin-matto\\\/#primaryimage\"},\"image\":{\"@id\":\"https:\\\/\\\/blogit.gradia.fi\\\/veerakoivulampi-tdpt2204\\\/2024\\\/03\\\/13\\\/veli-matin-matto\\\/#primaryimage\"},\"thumbnailUrl\":\"https:\\\/\\\/blogit.gradia.fi\\\/veerakoivulampi-tdpt2204\\\/wp-content\\\/uploads\\\/sites\\\/301\\\/2024\\\/03\\\/wp-1710404632063785869535930047670-768x1024.jpg\",\"datePublished\":\"2024-03-13T09:35:15+00:00\",\"dateModified\":\"2024-05-01T10:03:18+00:00\",\"author\":{\"@id\":\"https:\\\/\\\/blogit.gradia.fi\\\/veerakoivulampi-tdpt2204\\\/#\\\/schema\\\/person\\\/baebc61a044e375c85239379d1dee6d4\"},\"breadcrumb\":{\"@id\":\"https:\\\/\\\/blogit.gradia.fi\\\/veerakoivulampi-tdpt2204\\\/2024\\\/03\\\/13\\\/veli-matin-matto\\\/#breadcrumb\"},\"inLanguage\":\"fi\",\"potentialAction\":[{\"@type\":\"ReadAction\",\"target\":[\"https:\\\/\\\/blogit.gradia.fi\\\/veerakoivulampi-tdpt2204\\\/2024\\\/03\\\/13\\\/veli-matin-matto\\\/\"]}]},{\"@type\":\"ImageObject\",\"inLanguage\":\"fi\",\"@id\":\"https:\\\/\\\/blogit.gradia.fi\\\/veerakoivulampi-tdpt2204\\\/2024\\\/03\\\/13\\\/veli-matin-matto\\\/#primaryimage\",\"url\":\"https:\\\/\\\/blogit.gradia.fi\\\/veerakoivulampi-tdpt2204\\\/wp-content\\\/uploads\\\/sites\\\/301\\\/2024\\\/03\\\/wp-1710404632063785869535930047670.jpg\",\"contentUrl\":\"https:\\\/\\\/blogit.gradia.fi\\\/veerakoivulampi-tdpt2204\\\/wp-content\\\/uploads\\\/sites\\\/301\\\/2024\\\/03\\\/wp-1710404632063785869535930047670.jpg\",\"width\":1500,\"height\":2000},{\"@type\":\"BreadcrumbList\",\"@id\":\"https:\\\/\\\/blogit.gradia.fi\\\/veerakoivulampi-tdpt2204\\\/2024\\\/03\\\/13\\\/veli-matin-matto\\\/#breadcrumb\",\"itemListElement\":[{\"@type\":\"ListItem\",\"position\":1,\"name\":\"Etusivu\",\"item\":\"https:\\\/\\\/blogit.gradia.fi\\\/veerakoivulampi-tdpt2204\\\/\"},{\"@type\":\"ListItem\",\"position\":2,\"name\":\"Asiakasty\u00f6 &#8211; matto\"}]},{\"@type\":\"WebSite\",\"@id\":\"https:\\\/\\\/blogit.gradia.fi\\\/veerakoivulampi-tdpt2204\\\/#website\",\"url\":\"https:\\\/\\\/blogit.gradia.fi\\\/veerakoivulampi-tdpt2204\\\/\",\"name\":\"OPPIMISP\u00c4IV\u00c4KIRJA\",\"description\":\"Veera Koivulampi, Tekstiiliartesaani opiskelija\",\"potentialAction\":[{\"@type\":\"SearchAction\",\"target\":{\"@type\":\"EntryPoint\",\"urlTemplate\":\"https:\\\/\\\/blogit.gradia.fi\\\/veerakoivulampi-tdpt2204\\\/?s={search_term_string}\"},\"query-input\":{\"@type\":\"PropertyValueSpecification\",\"valueRequired\":true,\"valueName\":\"search_term_string\"}}],\"inLanguage\":\"fi\"},{\"@type\":\"Person\",\"@id\":\"https:\\\/\\\/blogit.gradia.fi\\\/veerakoivulampi-tdpt2204\\\/#\\\/schema\\\/person\\\/baebc61a044e375c85239379d1dee6d4\",\"name\":\"Veera Koivulampi\",\"image\":{\"@type\":\"ImageObject\",\"inLanguage\":\"fi\",\"@id\":\"https:\\\/\\\/secure.gravatar.com\\\/avatar\\\/b52b55942ef30ce9c6eebb3a04d006bd59d67a87d516db5e230736e52dc955a3?s=96&d=mm&r=g\",\"url\":\"https:\\\/\\\/secure.gravatar.com\\\/avatar\\\/b52b55942ef30ce9c6eebb3a04d006bd59d67a87d516db5e230736e52dc955a3?s=96&d=mm&r=g\",\"contentUrl\":\"https:\\\/\\\/secure.gravatar.com\\\/avatar\\\/b52b55942ef30ce9c6eebb3a04d006bd59d67a87d516db5e230736e52dc955a3?s=96&d=mm&r=g\",\"caption\":\"Veera Koivulampi\"},\"url\":\"https:\\\/\\\/blogit.gradia.fi\\\/veerakoivulampi-tdpt2204\\\/author\\\/gr277841\\\/\"}]}<\/script>\n<!-- \/ Yoast SEO plugin. -->","yoast_head_json":{"title":"Asiakasty\u00f6 - matto - OPPIMISP\u00c4IV\u00c4KIRJA","robots":{"index":"index","follow":"follow","max-snippet":"max-snippet:-1","max-image-preview":"max-image-preview:large","max-video-preview":"max-video-preview:-1"},"canonical":"https:\/\/blogit.gradia.fi\/veerakoivulampi-tdpt2204\/2024\/03\/13\/veli-matin-matto\/","og_locale":"fi_FI","og_type":"article","og_title":"Asiakasty\u00f6 - matto - OPPIMISP\u00c4IV\u00c4KIRJA","og_description":"Design tekstiilin suunnittelu ja valmistaminen Sain harjoitusasiakkaakseni Eevan ja teen h\u00e4nelle 90cm x 280cm keitti\u00f6maton. T\u00e4ss\u00e4 inspiraatio kuva jonka sain ja l\u00e4hdin sen pohjalta suunnittelemaan mattoa. V\u00e4reiksi Eeva halusi vihre\u00e4\u00e4 etenkin limen ja oliivin s\u00e4vyj\u00e4. N\u00e4m\u00e4 suunnitelmat tein vesiv\u00e4rikyni\u00e4 ja vahaliituja k\u00e4ytt\u00e4en. N\u00e4m\u00e4 tein vesiv\u00e4rej\u00e4 k\u00e4ytt\u00e4en, se oli huomattavasti helpompaa ja nopeampaa. Piirroksista tuli my\u00f6s &hellip; Jatka lukemista \"Asiakasty\u00f6 &#8211; matto\"","og_url":"https:\/\/blogit.gradia.fi\/veerakoivulampi-tdpt2204\/2024\/03\/13\/veli-matin-matto\/","og_site_name":"OPPIMISP\u00c4IV\u00c4KIRJA","article_published_time":"2024-03-13T09:35:15+00:00","article_modified_time":"2024-05-01T10:03:18+00:00","og_image":[{"url":"https:\/\/blogit.gradia.fi\/veerakoivulampi-tdpt2204\/wp-content\/uploads\/sites\/301\/2024\/03\/wp-1710404632063785869535930047670-768x1024.jpg","type":"","width":"","height":""}],"author":"Veera Koivulampi","twitter_card":"summary_large_image","twitter_misc":{"Kirjoittanut":"Veera Koivulampi","Arvioitu lukuaika":"6 minuuttia"},"schema":{"@context":"https:\/\/schema.org","@graph":[{"@type":"Article","@id":"https:\/\/blogit.gradia.fi\/veerakoivulampi-tdpt2204\/2024\/03\/13\/veli-matin-matto\/#article","isPartOf":{"@id":"https:\/\/blogit.gradia.fi\/veerakoivulampi-tdpt2204\/2024\/03\/13\/veli-matin-matto\/"},"author":{"name":"Veera Koivulampi","@id":"https:\/\/blogit.gradia.fi\/veerakoivulampi-tdpt2204\/#\/schema\/person\/baebc61a044e375c85239379d1dee6d4"},"headline":"Asiakasty\u00f6 &#8211; matto","datePublished":"2024-03-13T09:35:15+00:00","dateModified":"2024-05-01T10:03:18+00:00","mainEntityOfPage":{"@id":"https:\/\/blogit.gradia.fi\/veerakoivulampi-tdpt2204\/2024\/03\/13\/veli-matin-matto\/"},"wordCount":286,"commentCount":0,"image":{"@id":"https:\/\/blogit.gradia.fi\/veerakoivulampi-tdpt2204\/2024\/03\/13\/veli-matin-matto\/#primaryimage"},"thumbnailUrl":"https:\/\/blogit.gradia.fi\/veerakoivulampi-tdpt2204\/wp-content\/uploads\/sites\/301\/2024\/03\/wp-1710404632063785869535930047670-768x1024.jpg","inLanguage":"fi","potentialAction":[{"@type":"CommentAction","name":"Comment","target":["https:\/\/blogit.gradia.fi\/veerakoivulampi-tdpt2204\/2024\/03\/13\/veli-matin-matto\/#respond"]}]},{"@type":"WebPage","@id":"https:\/\/blogit.gradia.fi\/veerakoivulampi-tdpt2204\/2024\/03\/13\/veli-matin-matto\/","url":"https:\/\/blogit.gradia.fi\/veerakoivulampi-tdpt2204\/2024\/03\/13\/veli-matin-matto\/","name":"Asiakasty\u00f6 - matto - OPPIMISP\u00c4IV\u00c4KIRJA","isPartOf":{"@id":"https:\/\/blogit.gradia.fi\/veerakoivulampi-tdpt2204\/#website"},"primaryImageOfPage":{"@id":"https:\/\/blogit.gradia.fi\/veerakoivulampi-tdpt2204\/2024\/03\/13\/veli-matin-matto\/#primaryimage"},"image":{"@id":"https:\/\/blogit.gradia.fi\/veerakoivulampi-tdpt2204\/2024\/03\/13\/veli-matin-matto\/#primaryimage"},"thumbnailUrl":"https:\/\/blogit.gradia.fi\/veerakoivulampi-tdpt2204\/wp-content\/uploads\/sites\/301\/2024\/03\/wp-1710404632063785869535930047670-768x1024.jpg","datePublished":"2024-03-13T09:35:15+00:00","dateModified":"2024-05-01T10:03:18+00:00","author":{"@id":"https:\/\/blogit.gradia.fi\/veerakoivulampi-tdpt2204\/#\/schema\/person\/baebc61a044e375c85239379d1dee6d4"},"breadcrumb":{"@id":"https:\/\/blogit.gradia.fi\/veerakoivulampi-tdpt2204\/2024\/03\/13\/veli-matin-matto\/#breadcrumb"},"inLanguage":"fi","potentialAction":[{"@type":"ReadAction","target":["https:\/\/blogit.gradia.fi\/veerakoivulampi-tdpt2204\/2024\/03\/13\/veli-matin-matto\/"]}]},{"@type":"ImageObject","inLanguage":"fi","@id":"https:\/\/blogit.gradia.fi\/veerakoivulampi-tdpt2204\/2024\/03\/13\/veli-matin-matto\/#primaryimage","url":"https:\/\/blogit.gradia.fi\/veerakoivulampi-tdpt2204\/wp-content\/uploads\/sites\/301\/2024\/03\/wp-1710404632063785869535930047670.jpg","contentUrl":"https:\/\/blogit.gradia.fi\/veerakoivulampi-tdpt2204\/wp-content\/uploads\/sites\/301\/2024\/03\/wp-1710404632063785869535930047670.jpg","width":1500,"height":2000},{"@type":"BreadcrumbList","@id":"https:\/\/blogit.gradia.fi\/veerakoivulampi-tdpt2204\/2024\/03\/13\/veli-matin-matto\/#breadcrumb","itemListElement":[{"@type":"ListItem","position":1,"name":"Etusivu","item":"https:\/\/blogit.gradia.fi\/veerakoivulampi-tdpt2204\/"},{"@type":"ListItem","position":2,"name":"Asiakasty\u00f6 &#8211; matto"}]},{"@type":"WebSite","@id":"https:\/\/blogit.gradia.fi\/veerakoivulampi-tdpt2204\/#website","url":"https:\/\/blogit.gradia.fi\/veerakoivulampi-tdpt2204\/","name":"OPPIMISP\u00c4IV\u00c4KIRJA","description":"Veera Koivulampi, Tekstiiliartesaani opiskelija","potentialAction":[{"@type":"SearchAction","target":{"@type":"EntryPoint","urlTemplate":"https:\/\/blogit.gradia.fi\/veerakoivulampi-tdpt2204\/?s={search_term_string}"},"query-input":{"@type":"PropertyValueSpecification","valueRequired":true,"valueName":"search_term_string"}}],"inLanguage":"fi"},{"@type":"Person","@id":"https:\/\/blogit.gradia.fi\/veerakoivulampi-tdpt2204\/#\/schema\/person\/baebc61a044e375c85239379d1dee6d4","name":"Veera Koivulampi","image":{"@type":"ImageObject","inLanguage":"fi","@id":"https:\/\/secure.gravatar.com\/avatar\/b52b55942ef30ce9c6eebb3a04d006bd59d67a87d516db5e230736e52dc955a3?s=96&d=mm&r=g","url":"https:\/\/secure.gravatar.com\/avatar\/b52b55942ef30ce9c6eebb3a04d006bd59d67a87d516db5e230736e52dc955a3?s=96&d=mm&r=g","contentUrl":"https:\/\/secure.gravatar.com\/avatar\/b52b55942ef30ce9c6eebb3a04d006bd59d67a87d516db5e230736e52dc955a3?s=96&d=mm&r=g","caption":"Veera Koivulampi"},"url":"https:\/\/blogit.gradia.fi\/veerakoivulampi-tdpt2204\/author\/gr277841\/"}]}},"uagb_featured_image_src":{"full":false,"thumbnail":false,"medium":false,"medium_large":false,"large":false,"1536x1536":false,"2048x2048":false,"twentyseventeen-featured-image":false,"twentyseventeen-thumbnail-avatar":false},"uagb_author_info":{"display_name":"Veera Koivulampi","author_link":"https:\/\/blogit.gradia.fi\/veerakoivulampi-tdpt2204\/author\/gr277841\/"},"uagb_comment_info":0,"uagb_excerpt":"Design tekstiilin suunnittelu ja valmistaminen Sain harjoitusasiakkaakseni Eevan ja teen h\u00e4nelle 90cm x 280cm keitti\u00f6maton. T\u00e4ss\u00e4 inspiraatio kuva jonka sain ja l\u00e4hdin sen pohjalta suunnittelemaan mattoa. V\u00e4reiksi Eeva halusi vihre\u00e4\u00e4 etenkin limen ja oliivin s\u00e4vyj\u00e4. N\u00e4m\u00e4 suunnitelmat tein vesiv\u00e4rikyni\u00e4 ja vahaliituja k\u00e4ytt\u00e4en. N\u00e4m\u00e4 tein vesiv\u00e4rej\u00e4 k\u00e4ytt\u00e4en, se oli huomattavasti helpompaa ja nopeampaa. Piirroksista tuli my\u00f6s&hellip;","_links":{"self":[{"href":"https:\/\/blogit.gradia.fi\/veerakoivulampi-tdpt2204\/wp-json\/wp\/v2\/posts\/710","targetHints":{"allow":["GET"]}}],"collection":[{"href":"https:\/\/blogit.gradia.fi\/veerakoivulampi-tdpt2204\/wp-json\/wp\/v2\/posts"}],"about":[{"href":"https:\/\/blogit.gradia.fi\/veerakoivulampi-tdpt2204\/wp-json\/wp\/v2\/types\/post"}],"author":[{"embeddable":true,"href":"https:\/\/blogit.gradia.fi\/veerakoivulampi-tdpt2204\/wp-json\/wp\/v2\/users\/845"}],"replies":[{"embeddable":true,"href":"https:\/\/blogit.gradia.fi\/veerakoivulampi-tdpt2204\/wp-json\/wp\/v2\/comments?post=710"}],"version-history":[{"count":12,"href":"https:\/\/blogit.gradia.fi\/veerakoivulampi-tdpt2204\/wp-json\/wp\/v2\/posts\/710\/revisions"}],"predecessor-version":[{"id":815,"href":"https:\/\/blogit.gradia.fi\/veerakoivulampi-tdpt2204\/wp-json\/wp\/v2\/posts\/710\/revisions\/815"}],"wp:attachment":[{"href":"https:\/\/blogit.gradia.fi\/veerakoivulampi-tdpt2204\/wp-json\/wp\/v2\/media?parent=710"}],"wp:term":[{"taxonomy":"category","embeddable":true,"href":"https:\/\/blogit.gradia.fi\/veerakoivulampi-tdpt2204\/wp-json\/wp\/v2\/categories?post=710"},{"taxonomy":"post_tag","embeddable":true,"href":"https:\/\/blogit.gradia.fi\/veerakoivulampi-tdpt2204\/wp-json\/wp\/v2\/tags?post=710"}],"curies":[{"name":"wp","href":"https:\/\/api.w.org\/{rel}","templated":true}]}}