{"id":65,"date":"2022-09-30T13:15:03","date_gmt":"2022-09-30T10:15:03","guid":{"rendered":"https:\/\/blogit.gradia.fi\/veerakoivulampi-tdpt2204\/?p=65"},"modified":"2022-10-27T11:54:17","modified_gmt":"2022-10-27T08:54:17","slug":"kudonta-2","status":"publish","type":"post","link":"https:\/\/blogit.gradia.fi\/veerakoivulampi-tdpt2204\/2022\/09\/30\/kudonta-2\/","title":{"rendered":"Kudonta"},"content":{"rendered":"\n<p>Lukukausi alkoi kudonnan kurssilla. Minulla ei ollut mink\u00e4\u00e4nlaista aiempaa kokemusta kangaspuista tai kudonnasta. <\/p>\n\n\n\n<figure class=\"wp-block-image size-large is-resized\"><img loading=\"lazy\" decoding=\"async\" src=\"https:\/\/blogit.gradia.fi\/veerakoivulampi-tdpt2204\/wp-content\/uploads\/sites\/301\/2022\/10\/IMG_20221006_112548-766x1024.jpg\" alt=\"\" class=\"wp-image-106\" width=\"501\" height=\"670\" srcset=\"https:\/\/blogit.gradia.fi\/veerakoivulampi-tdpt2204\/wp-content\/uploads\/sites\/301\/2022\/10\/IMG_20221006_112548-766x1024.jpg 766w, https:\/\/blogit.gradia.fi\/veerakoivulampi-tdpt2204\/wp-content\/uploads\/sites\/301\/2022\/10\/IMG_20221006_112548-224x300.jpg 224w, https:\/\/blogit.gradia.fi\/veerakoivulampi-tdpt2204\/wp-content\/uploads\/sites\/301\/2022\/10\/IMG_20221006_112548-768x1027.jpg 768w, https:\/\/blogit.gradia.fi\/veerakoivulampi-tdpt2204\/wp-content\/uploads\/sites\/301\/2022\/10\/IMG_20221006_112548-1149x1536.jpg 1149w, https:\/\/blogit.gradia.fi\/veerakoivulampi-tdpt2204\/wp-content\/uploads\/sites\/301\/2022\/10\/IMG_20221006_112548-1532x2048.jpg 1532w, https:\/\/blogit.gradia.fi\/veerakoivulampi-tdpt2204\/wp-content\/uploads\/sites\/301\/2022\/10\/IMG_20221006_112548-scaled.jpg 1915w\" sizes=\"auto, (max-width: 501px) 100vw, 501px\" \/><\/figure>\n\n\n\n<p>T\u00e4ss\u00e4 on ensimm\u00e4inen mattokokeiluni, jossa puolet loimilangoista on mustaa ja puolet valkoista. Koko maton tein koululta l\u00f6yt\u00e4mist\u00e4ni j\u00e4m\u00e4 kuteista. P\u00e4\u00e4sin kokeilemaan monia erilaisia kuvioita<\/p>\n\n\n\n<figure class=\"wp-block-image size-large is-resized\"><img loading=\"lazy\" decoding=\"async\" src=\"https:\/\/blogit.gradia.fi\/veerakoivulampi-tdpt2204\/wp-content\/uploads\/sites\/301\/2022\/09\/IMG_20220922_123710-766x1024.jpg\" alt=\"\" class=\"wp-image-16\" width=\"496\" height=\"662\" srcset=\"https:\/\/blogit.gradia.fi\/veerakoivulampi-tdpt2204\/wp-content\/uploads\/sites\/301\/2022\/09\/IMG_20220922_123710-766x1024.jpg 766w, https:\/\/blogit.gradia.fi\/veerakoivulampi-tdpt2204\/wp-content\/uploads\/sites\/301\/2022\/09\/IMG_20220922_123710-224x300.jpg 224w, https:\/\/blogit.gradia.fi\/veerakoivulampi-tdpt2204\/wp-content\/uploads\/sites\/301\/2022\/09\/IMG_20220922_123710-768x1027.jpg 768w, https:\/\/blogit.gradia.fi\/veerakoivulampi-tdpt2204\/wp-content\/uploads\/sites\/301\/2022\/09\/IMG_20220922_123710-1149x1536.jpg 1149w, https:\/\/blogit.gradia.fi\/veerakoivulampi-tdpt2204\/wp-content\/uploads\/sites\/301\/2022\/09\/IMG_20220922_123710-1532x2048.jpg 1532w, https:\/\/blogit.gradia.fi\/veerakoivulampi-tdpt2204\/wp-content\/uploads\/sites\/301\/2022\/09\/IMG_20220922_123710-scaled.jpg 1915w\" sizes=\"auto, (max-width: 496px) 100vw, 496px\" \/><\/figure>\n\n\n\n<figure class=\"wp-block-image size-large is-resized\"><img loading=\"lazy\" decoding=\"async\" src=\"https:\/\/blogit.gradia.fi\/veerakoivulampi-tdpt2204\/wp-content\/uploads\/sites\/301\/2022\/09\/IMG_20220922_123718-766x1024.jpg\" alt=\"\" class=\"wp-image-10\" width=\"495\" height=\"661\" srcset=\"https:\/\/blogit.gradia.fi\/veerakoivulampi-tdpt2204\/wp-content\/uploads\/sites\/301\/2022\/09\/IMG_20220922_123718-766x1024.jpg 766w, https:\/\/blogit.gradia.fi\/veerakoivulampi-tdpt2204\/wp-content\/uploads\/sites\/301\/2022\/09\/IMG_20220922_123718-224x300.jpg 224w, https:\/\/blogit.gradia.fi\/veerakoivulampi-tdpt2204\/wp-content\/uploads\/sites\/301\/2022\/09\/IMG_20220922_123718-768x1027.jpg 768w, https:\/\/blogit.gradia.fi\/veerakoivulampi-tdpt2204\/wp-content\/uploads\/sites\/301\/2022\/09\/IMG_20220922_123718-1149x1536.jpg 1149w, https:\/\/blogit.gradia.fi\/veerakoivulampi-tdpt2204\/wp-content\/uploads\/sites\/301\/2022\/09\/IMG_20220922_123718-1532x2048.jpg 1532w, https:\/\/blogit.gradia.fi\/veerakoivulampi-tdpt2204\/wp-content\/uploads\/sites\/301\/2022\/09\/IMG_20220922_123718-scaled.jpg 1915w\" sizes=\"auto, (max-width: 495px) 100vw, 495px\" \/><\/figure>\n\n\n\n<p>Toinen mattokokeilu omista kuteista. monia eri kuvioita, lempe\u00e4t v\u00e4rit<\/p>\n\n\n\n<figure class=\"wp-block-image size-large is-resized\"><img loading=\"lazy\" decoding=\"async\" src=\"https:\/\/blogit.gradia.fi\/veerakoivulampi-tdpt2204\/wp-content\/uploads\/sites\/301\/2022\/09\/IMG_20220922_124106-1024x766.jpg\" alt=\"\" class=\"wp-image-17\" width=\"487\" height=\"364\" srcset=\"https:\/\/blogit.gradia.fi\/veerakoivulampi-tdpt2204\/wp-content\/uploads\/sites\/301\/2022\/09\/IMG_20220922_124106-1024x766.jpg 1024w, https:\/\/blogit.gradia.fi\/veerakoivulampi-tdpt2204\/wp-content\/uploads\/sites\/301\/2022\/09\/IMG_20220922_124106-300x224.jpg 300w, https:\/\/blogit.gradia.fi\/veerakoivulampi-tdpt2204\/wp-content\/uploads\/sites\/301\/2022\/09\/IMG_20220922_124106-768x574.jpg 768w, https:\/\/blogit.gradia.fi\/veerakoivulampi-tdpt2204\/wp-content\/uploads\/sites\/301\/2022\/09\/IMG_20220922_124106-1536x1149.jpg 1536w, https:\/\/blogit.gradia.fi\/veerakoivulampi-tdpt2204\/wp-content\/uploads\/sites\/301\/2022\/09\/IMG_20220922_124106-2048x1532.jpg 2048w\" sizes=\"auto, (max-width: 487px) 100vw, 487px\" \/><\/figure>\n\n\n\n<figure class=\"wp-block-image size-large is-resized\"><img loading=\"lazy\" decoding=\"async\" src=\"https:\/\/blogit.gradia.fi\/veerakoivulampi-tdpt2204\/wp-content\/uploads\/sites\/301\/2022\/09\/IMG_20220922_114702-766x1024.jpg\" alt=\"\" class=\"wp-image-30\" width=\"487\" height=\"651\" srcset=\"https:\/\/blogit.gradia.fi\/veerakoivulampi-tdpt2204\/wp-content\/uploads\/sites\/301\/2022\/09\/IMG_20220922_114702-766x1024.jpg 766w, https:\/\/blogit.gradia.fi\/veerakoivulampi-tdpt2204\/wp-content\/uploads\/sites\/301\/2022\/09\/IMG_20220922_114702-224x300.jpg 224w, https:\/\/blogit.gradia.fi\/veerakoivulampi-tdpt2204\/wp-content\/uploads\/sites\/301\/2022\/09\/IMG_20220922_114702-768x1027.jpg 768w, https:\/\/blogit.gradia.fi\/veerakoivulampi-tdpt2204\/wp-content\/uploads\/sites\/301\/2022\/09\/IMG_20220922_114702-1149x1536.jpg 1149w, https:\/\/blogit.gradia.fi\/veerakoivulampi-tdpt2204\/wp-content\/uploads\/sites\/301\/2022\/09\/IMG_20220922_114702-1532x2048.jpg 1532w, https:\/\/blogit.gradia.fi\/veerakoivulampi-tdpt2204\/wp-content\/uploads\/sites\/301\/2022\/09\/IMG_20220922_114702-scaled.jpg 1915w\" sizes=\"auto, (max-width: 487px) 100vw, 487px\" \/><\/figure>\n\n\n\n<p>\u00c4idin matto 200cm x 77cm trikookude, r\u00e4sykude ja moppikude<\/p>\n\n\n\n<figure class=\"wp-block-image size-large is-resized\"><img loading=\"lazy\" decoding=\"async\" src=\"https:\/\/blogit.gradia.fi\/veerakoivulampi-tdpt2204\/wp-content\/uploads\/sites\/301\/2022\/09\/IMG_20220922_123515-766x1024.jpg\" alt=\"\" class=\"wp-image-20\" width=\"486\" height=\"649\" srcset=\"https:\/\/blogit.gradia.fi\/veerakoivulampi-tdpt2204\/wp-content\/uploads\/sites\/301\/2022\/09\/IMG_20220922_123515-766x1024.jpg 766w, https:\/\/blogit.gradia.fi\/veerakoivulampi-tdpt2204\/wp-content\/uploads\/sites\/301\/2022\/09\/IMG_20220922_123515-224x300.jpg 224w, https:\/\/blogit.gradia.fi\/veerakoivulampi-tdpt2204\/wp-content\/uploads\/sites\/301\/2022\/09\/IMG_20220922_123515-768x1027.jpg 768w, https:\/\/blogit.gradia.fi\/veerakoivulampi-tdpt2204\/wp-content\/uploads\/sites\/301\/2022\/09\/IMG_20220922_123515-1149x1536.jpg 1149w, https:\/\/blogit.gradia.fi\/veerakoivulampi-tdpt2204\/wp-content\/uploads\/sites\/301\/2022\/09\/IMG_20220922_123515-1532x2048.jpg 1532w, https:\/\/blogit.gradia.fi\/veerakoivulampi-tdpt2204\/wp-content\/uploads\/sites\/301\/2022\/09\/IMG_20220922_123515-scaled.jpg 1915w\" sizes=\"auto, (max-width: 486px) 100vw, 486px\" \/><\/figure>\n","protected":false},"excerpt":{"rendered":"<p>Lukukausi alkoi kudonnan kurssilla. Minulla ei ollut mink\u00e4\u00e4nlaista aiempaa kokemusta kangaspuista tai kudonnasta. T\u00e4ss\u00e4 on ensimm\u00e4inen mattokokeiluni, jossa puolet loimilangoista on mustaa ja puolet valkoista. Koko maton tein koululta l\u00f6yt\u00e4mist\u00e4ni j\u00e4m\u00e4 kuteista. P\u00e4\u00e4sin kokeilemaan monia erilaisia kuvioita Toinen mattokokeilu omista kuteista. monia eri kuvioita, lempe\u00e4t v\u00e4rit \u00c4idin matto 200cm x 77cm trikookude, r\u00e4sykude ja moppikude<\/p>\n","protected":false},"author":845,"featured_media":0,"comment_status":"open","ping_status":"open","sticky":false,"template":"","format":"standard","meta":{"_uag_custom_page_level_css":"","footnotes":""},"categories":[1],"tags":[],"class_list":["post-65","post","type-post","status-publish","format-standard","hentry","category-yleinen"],"yoast_head":"<!-- This site is optimized with the Yoast SEO plugin v27.5 - https:\/\/yoast.com\/product\/yoast-seo-wordpress\/ -->\n<title>Kudonta - OPPIMISP\u00c4IV\u00c4KIRJA<\/title>\n<meta name=\"robots\" content=\"index, follow, max-snippet:-1, max-image-preview:large, max-video-preview:-1\" \/>\n<link rel=\"canonical\" href=\"https:\/\/blogit.gradia.fi\/veerakoivulampi-tdpt2204\/2022\/09\/30\/kudonta-2\/\" \/>\n<meta property=\"og:locale\" content=\"fi_FI\" \/>\n<meta property=\"og:type\" content=\"article\" \/>\n<meta property=\"og:title\" content=\"Kudonta - OPPIMISP\u00c4IV\u00c4KIRJA\" \/>\n<meta property=\"og:description\" content=\"Lukukausi alkoi kudonnan kurssilla. Minulla ei ollut mink\u00e4\u00e4nlaista aiempaa kokemusta kangaspuista tai kudonnasta. T\u00e4ss\u00e4 on ensimm\u00e4inen mattokokeiluni, jossa puolet loimilangoista on mustaa ja puolet valkoista. Koko maton tein koululta l\u00f6yt\u00e4mist\u00e4ni j\u00e4m\u00e4 kuteista. P\u00e4\u00e4sin kokeilemaan monia erilaisia kuvioita Toinen mattokokeilu omista kuteista. monia eri kuvioita, lempe\u00e4t v\u00e4rit \u00c4idin matto 200cm x 77cm trikookude, r\u00e4sykude ja moppikude\" \/>\n<meta property=\"og:url\" content=\"https:\/\/blogit.gradia.fi\/veerakoivulampi-tdpt2204\/2022\/09\/30\/kudonta-2\/\" \/>\n<meta property=\"og:site_name\" content=\"OPPIMISP\u00c4IV\u00c4KIRJA\" \/>\n<meta property=\"article:published_time\" content=\"2022-09-30T10:15:03+00:00\" \/>\n<meta property=\"article:modified_time\" content=\"2022-10-27T08:54:17+00:00\" \/>\n<meta property=\"og:image\" content=\"https:\/\/blogit.gradia.fi\/veerakoivulampi-tdpt2204\/wp-content\/uploads\/sites\/301\/2022\/10\/IMG_20221006_112548-766x1024.jpg\" \/>\n<meta name=\"author\" content=\"Veera Koivulampi\" \/>\n<meta name=\"twitter:card\" content=\"summary_large_image\" \/>\n<meta name=\"twitter:label1\" content=\"Kirjoittanut\" \/>\n\t<meta name=\"twitter:data1\" content=\"Veera Koivulampi\" \/>\n\t<meta name=\"twitter:label2\" content=\"Arvioitu lukuaika\" \/>\n\t<meta name=\"twitter:data2\" content=\"2 minuuttia\" \/>\n<script type=\"application\/ld+json\" class=\"yoast-schema-graph\">{\"@context\":\"https:\\\/\\\/schema.org\",\"@graph\":[{\"@type\":\"Article\",\"@id\":\"https:\\\/\\\/blogit.gradia.fi\\\/veerakoivulampi-tdpt2204\\\/2022\\\/09\\\/30\\\/kudonta-2\\\/#article\",\"isPartOf\":{\"@id\":\"https:\\\/\\\/blogit.gradia.fi\\\/veerakoivulampi-tdpt2204\\\/2022\\\/09\\\/30\\\/kudonta-2\\\/\"},\"author\":{\"name\":\"Veera Koivulampi\",\"@id\":\"https:\\\/\\\/blogit.gradia.fi\\\/veerakoivulampi-tdpt2204\\\/#\\\/schema\\\/person\\\/baebc61a044e375c85239379d1dee6d4\"},\"headline\":\"Kudonta\",\"datePublished\":\"2022-09-30T10:15:03+00:00\",\"dateModified\":\"2022-10-27T08:54:17+00:00\",\"mainEntityOfPage\":{\"@id\":\"https:\\\/\\\/blogit.gradia.fi\\\/veerakoivulampi-tdpt2204\\\/2022\\\/09\\\/30\\\/kudonta-2\\\/\"},\"wordCount\":67,\"commentCount\":0,\"image\":{\"@id\":\"https:\\\/\\\/blogit.gradia.fi\\\/veerakoivulampi-tdpt2204\\\/2022\\\/09\\\/30\\\/kudonta-2\\\/#primaryimage\"},\"thumbnailUrl\":\"https:\\\/\\\/blogit.gradia.fi\\\/veerakoivulampi-tdpt2204\\\/wp-content\\\/uploads\\\/sites\\\/301\\\/2022\\\/10\\\/IMG_20221006_112548-766x1024.jpg\",\"inLanguage\":\"fi\",\"potentialAction\":[{\"@type\":\"CommentAction\",\"name\":\"Comment\",\"target\":[\"https:\\\/\\\/blogit.gradia.fi\\\/veerakoivulampi-tdpt2204\\\/2022\\\/09\\\/30\\\/kudonta-2\\\/#respond\"]}]},{\"@type\":\"WebPage\",\"@id\":\"https:\\\/\\\/blogit.gradia.fi\\\/veerakoivulampi-tdpt2204\\\/2022\\\/09\\\/30\\\/kudonta-2\\\/\",\"url\":\"https:\\\/\\\/blogit.gradia.fi\\\/veerakoivulampi-tdpt2204\\\/2022\\\/09\\\/30\\\/kudonta-2\\\/\",\"name\":\"Kudonta - OPPIMISP\u00c4IV\u00c4KIRJA\",\"isPartOf\":{\"@id\":\"https:\\\/\\\/blogit.gradia.fi\\\/veerakoivulampi-tdpt2204\\\/#website\"},\"primaryImageOfPage\":{\"@id\":\"https:\\\/\\\/blogit.gradia.fi\\\/veerakoivulampi-tdpt2204\\\/2022\\\/09\\\/30\\\/kudonta-2\\\/#primaryimage\"},\"image\":{\"@id\":\"https:\\\/\\\/blogit.gradia.fi\\\/veerakoivulampi-tdpt2204\\\/2022\\\/09\\\/30\\\/kudonta-2\\\/#primaryimage\"},\"thumbnailUrl\":\"https:\\\/\\\/blogit.gradia.fi\\\/veerakoivulampi-tdpt2204\\\/wp-content\\\/uploads\\\/sites\\\/301\\\/2022\\\/10\\\/IMG_20221006_112548-766x1024.jpg\",\"datePublished\":\"2022-09-30T10:15:03+00:00\",\"dateModified\":\"2022-10-27T08:54:17+00:00\",\"author\":{\"@id\":\"https:\\\/\\\/blogit.gradia.fi\\\/veerakoivulampi-tdpt2204\\\/#\\\/schema\\\/person\\\/baebc61a044e375c85239379d1dee6d4\"},\"breadcrumb\":{\"@id\":\"https:\\\/\\\/blogit.gradia.fi\\\/veerakoivulampi-tdpt2204\\\/2022\\\/09\\\/30\\\/kudonta-2\\\/#breadcrumb\"},\"inLanguage\":\"fi\",\"potentialAction\":[{\"@type\":\"ReadAction\",\"target\":[\"https:\\\/\\\/blogit.gradia.fi\\\/veerakoivulampi-tdpt2204\\\/2022\\\/09\\\/30\\\/kudonta-2\\\/\"]}]},{\"@type\":\"ImageObject\",\"inLanguage\":\"fi\",\"@id\":\"https:\\\/\\\/blogit.gradia.fi\\\/veerakoivulampi-tdpt2204\\\/2022\\\/09\\\/30\\\/kudonta-2\\\/#primaryimage\",\"url\":\"https:\\\/\\\/blogit.gradia.fi\\\/veerakoivulampi-tdpt2204\\\/wp-content\\\/uploads\\\/sites\\\/301\\\/2022\\\/10\\\/IMG_20221006_112548-scaled.jpg\",\"contentUrl\":\"https:\\\/\\\/blogit.gradia.fi\\\/veerakoivulampi-tdpt2204\\\/wp-content\\\/uploads\\\/sites\\\/301\\\/2022\\\/10\\\/IMG_20221006_112548-scaled.jpg\",\"width\":1915,\"height\":2560},{\"@type\":\"BreadcrumbList\",\"@id\":\"https:\\\/\\\/blogit.gradia.fi\\\/veerakoivulampi-tdpt2204\\\/2022\\\/09\\\/30\\\/kudonta-2\\\/#breadcrumb\",\"itemListElement\":[{\"@type\":\"ListItem\",\"position\":1,\"name\":\"Etusivu\",\"item\":\"https:\\\/\\\/blogit.gradia.fi\\\/veerakoivulampi-tdpt2204\\\/\"},{\"@type\":\"ListItem\",\"position\":2,\"name\":\"Kudonta\"}]},{\"@type\":\"WebSite\",\"@id\":\"https:\\\/\\\/blogit.gradia.fi\\\/veerakoivulampi-tdpt2204\\\/#website\",\"url\":\"https:\\\/\\\/blogit.gradia.fi\\\/veerakoivulampi-tdpt2204\\\/\",\"name\":\"OPPIMISP\u00c4IV\u00c4KIRJA\",\"description\":\"Veera Koivulampi, Tekstiiliartesaani opiskelija\",\"potentialAction\":[{\"@type\":\"SearchAction\",\"target\":{\"@type\":\"EntryPoint\",\"urlTemplate\":\"https:\\\/\\\/blogit.gradia.fi\\\/veerakoivulampi-tdpt2204\\\/?s={search_term_string}\"},\"query-input\":{\"@type\":\"PropertyValueSpecification\",\"valueRequired\":true,\"valueName\":\"search_term_string\"}}],\"inLanguage\":\"fi\"},{\"@type\":\"Person\",\"@id\":\"https:\\\/\\\/blogit.gradia.fi\\\/veerakoivulampi-tdpt2204\\\/#\\\/schema\\\/person\\\/baebc61a044e375c85239379d1dee6d4\",\"name\":\"Veera Koivulampi\",\"image\":{\"@type\":\"ImageObject\",\"inLanguage\":\"fi\",\"@id\":\"https:\\\/\\\/secure.gravatar.com\\\/avatar\\\/b52b55942ef30ce9c6eebb3a04d006bd59d67a87d516db5e230736e52dc955a3?s=96&d=mm&r=g\",\"url\":\"https:\\\/\\\/secure.gravatar.com\\\/avatar\\\/b52b55942ef30ce9c6eebb3a04d006bd59d67a87d516db5e230736e52dc955a3?s=96&d=mm&r=g\",\"contentUrl\":\"https:\\\/\\\/secure.gravatar.com\\\/avatar\\\/b52b55942ef30ce9c6eebb3a04d006bd59d67a87d516db5e230736e52dc955a3?s=96&d=mm&r=g\",\"caption\":\"Veera Koivulampi\"},\"url\":\"https:\\\/\\\/blogit.gradia.fi\\\/veerakoivulampi-tdpt2204\\\/author\\\/gr277841\\\/\"}]}<\/script>\n<!-- \/ Yoast SEO plugin. -->","yoast_head_json":{"title":"Kudonta - OPPIMISP\u00c4IV\u00c4KIRJA","robots":{"index":"index","follow":"follow","max-snippet":"max-snippet:-1","max-image-preview":"max-image-preview:large","max-video-preview":"max-video-preview:-1"},"canonical":"https:\/\/blogit.gradia.fi\/veerakoivulampi-tdpt2204\/2022\/09\/30\/kudonta-2\/","og_locale":"fi_FI","og_type":"article","og_title":"Kudonta - OPPIMISP\u00c4IV\u00c4KIRJA","og_description":"Lukukausi alkoi kudonnan kurssilla. Minulla ei ollut mink\u00e4\u00e4nlaista aiempaa kokemusta kangaspuista tai kudonnasta. T\u00e4ss\u00e4 on ensimm\u00e4inen mattokokeiluni, jossa puolet loimilangoista on mustaa ja puolet valkoista. Koko maton tein koululta l\u00f6yt\u00e4mist\u00e4ni j\u00e4m\u00e4 kuteista. P\u00e4\u00e4sin kokeilemaan monia erilaisia kuvioita Toinen mattokokeilu omista kuteista. monia eri kuvioita, lempe\u00e4t v\u00e4rit \u00c4idin matto 200cm x 77cm trikookude, r\u00e4sykude ja moppikude","og_url":"https:\/\/blogit.gradia.fi\/veerakoivulampi-tdpt2204\/2022\/09\/30\/kudonta-2\/","og_site_name":"OPPIMISP\u00c4IV\u00c4KIRJA","article_published_time":"2022-09-30T10:15:03+00:00","article_modified_time":"2022-10-27T08:54:17+00:00","og_image":[{"url":"https:\/\/blogit.gradia.fi\/veerakoivulampi-tdpt2204\/wp-content\/uploads\/sites\/301\/2022\/10\/IMG_20221006_112548-766x1024.jpg","type":"","width":"","height":""}],"author":"Veera Koivulampi","twitter_card":"summary_large_image","twitter_misc":{"Kirjoittanut":"Veera Koivulampi","Arvioitu lukuaika":"2 minuuttia"},"schema":{"@context":"https:\/\/schema.org","@graph":[{"@type":"Article","@id":"https:\/\/blogit.gradia.fi\/veerakoivulampi-tdpt2204\/2022\/09\/30\/kudonta-2\/#article","isPartOf":{"@id":"https:\/\/blogit.gradia.fi\/veerakoivulampi-tdpt2204\/2022\/09\/30\/kudonta-2\/"},"author":{"name":"Veera Koivulampi","@id":"https:\/\/blogit.gradia.fi\/veerakoivulampi-tdpt2204\/#\/schema\/person\/baebc61a044e375c85239379d1dee6d4"},"headline":"Kudonta","datePublished":"2022-09-30T10:15:03+00:00","dateModified":"2022-10-27T08:54:17+00:00","mainEntityOfPage":{"@id":"https:\/\/blogit.gradia.fi\/veerakoivulampi-tdpt2204\/2022\/09\/30\/kudonta-2\/"},"wordCount":67,"commentCount":0,"image":{"@id":"https:\/\/blogit.gradia.fi\/veerakoivulampi-tdpt2204\/2022\/09\/30\/kudonta-2\/#primaryimage"},"thumbnailUrl":"https:\/\/blogit.gradia.fi\/veerakoivulampi-tdpt2204\/wp-content\/uploads\/sites\/301\/2022\/10\/IMG_20221006_112548-766x1024.jpg","inLanguage":"fi","potentialAction":[{"@type":"CommentAction","name":"Comment","target":["https:\/\/blogit.gradia.fi\/veerakoivulampi-tdpt2204\/2022\/09\/30\/kudonta-2\/#respond"]}]},{"@type":"WebPage","@id":"https:\/\/blogit.gradia.fi\/veerakoivulampi-tdpt2204\/2022\/09\/30\/kudonta-2\/","url":"https:\/\/blogit.gradia.fi\/veerakoivulampi-tdpt2204\/2022\/09\/30\/kudonta-2\/","name":"Kudonta - OPPIMISP\u00c4IV\u00c4KIRJA","isPartOf":{"@id":"https:\/\/blogit.gradia.fi\/veerakoivulampi-tdpt2204\/#website"},"primaryImageOfPage":{"@id":"https:\/\/blogit.gradia.fi\/veerakoivulampi-tdpt2204\/2022\/09\/30\/kudonta-2\/#primaryimage"},"image":{"@id":"https:\/\/blogit.gradia.fi\/veerakoivulampi-tdpt2204\/2022\/09\/30\/kudonta-2\/#primaryimage"},"thumbnailUrl":"https:\/\/blogit.gradia.fi\/veerakoivulampi-tdpt2204\/wp-content\/uploads\/sites\/301\/2022\/10\/IMG_20221006_112548-766x1024.jpg","datePublished":"2022-09-30T10:15:03+00:00","dateModified":"2022-10-27T08:54:17+00:00","author":{"@id":"https:\/\/blogit.gradia.fi\/veerakoivulampi-tdpt2204\/#\/schema\/person\/baebc61a044e375c85239379d1dee6d4"},"breadcrumb":{"@id":"https:\/\/blogit.gradia.fi\/veerakoivulampi-tdpt2204\/2022\/09\/30\/kudonta-2\/#breadcrumb"},"inLanguage":"fi","potentialAction":[{"@type":"ReadAction","target":["https:\/\/blogit.gradia.fi\/veerakoivulampi-tdpt2204\/2022\/09\/30\/kudonta-2\/"]}]},{"@type":"ImageObject","inLanguage":"fi","@id":"https:\/\/blogit.gradia.fi\/veerakoivulampi-tdpt2204\/2022\/09\/30\/kudonta-2\/#primaryimage","url":"https:\/\/blogit.gradia.fi\/veerakoivulampi-tdpt2204\/wp-content\/uploads\/sites\/301\/2022\/10\/IMG_20221006_112548-scaled.jpg","contentUrl":"https:\/\/blogit.gradia.fi\/veerakoivulampi-tdpt2204\/wp-content\/uploads\/sites\/301\/2022\/10\/IMG_20221006_112548-scaled.jpg","width":1915,"height":2560},{"@type":"BreadcrumbList","@id":"https:\/\/blogit.gradia.fi\/veerakoivulampi-tdpt2204\/2022\/09\/30\/kudonta-2\/#breadcrumb","itemListElement":[{"@type":"ListItem","position":1,"name":"Etusivu","item":"https:\/\/blogit.gradia.fi\/veerakoivulampi-tdpt2204\/"},{"@type":"ListItem","position":2,"name":"Kudonta"}]},{"@type":"WebSite","@id":"https:\/\/blogit.gradia.fi\/veerakoivulampi-tdpt2204\/#website","url":"https:\/\/blogit.gradia.fi\/veerakoivulampi-tdpt2204\/","name":"OPPIMISP\u00c4IV\u00c4KIRJA","description":"Veera Koivulampi, Tekstiiliartesaani opiskelija","potentialAction":[{"@type":"SearchAction","target":{"@type":"EntryPoint","urlTemplate":"https:\/\/blogit.gradia.fi\/veerakoivulampi-tdpt2204\/?s={search_term_string}"},"query-input":{"@type":"PropertyValueSpecification","valueRequired":true,"valueName":"search_term_string"}}],"inLanguage":"fi"},{"@type":"Person","@id":"https:\/\/blogit.gradia.fi\/veerakoivulampi-tdpt2204\/#\/schema\/person\/baebc61a044e375c85239379d1dee6d4","name":"Veera Koivulampi","image":{"@type":"ImageObject","inLanguage":"fi","@id":"https:\/\/secure.gravatar.com\/avatar\/b52b55942ef30ce9c6eebb3a04d006bd59d67a87d516db5e230736e52dc955a3?s=96&d=mm&r=g","url":"https:\/\/secure.gravatar.com\/avatar\/b52b55942ef30ce9c6eebb3a04d006bd59d67a87d516db5e230736e52dc955a3?s=96&d=mm&r=g","contentUrl":"https:\/\/secure.gravatar.com\/avatar\/b52b55942ef30ce9c6eebb3a04d006bd59d67a87d516db5e230736e52dc955a3?s=96&d=mm&r=g","caption":"Veera Koivulampi"},"url":"https:\/\/blogit.gradia.fi\/veerakoivulampi-tdpt2204\/author\/gr277841\/"}]}},"uagb_featured_image_src":{"full":false,"thumbnail":false,"medium":false,"medium_large":false,"large":false,"1536x1536":false,"2048x2048":false,"twentyseventeen-featured-image":false,"twentyseventeen-thumbnail-avatar":false},"uagb_author_info":{"display_name":"Veera Koivulampi","author_link":"https:\/\/blogit.gradia.fi\/veerakoivulampi-tdpt2204\/author\/gr277841\/"},"uagb_comment_info":1,"uagb_excerpt":"Lukukausi alkoi kudonnan kurssilla. Minulla ei ollut mink\u00e4\u00e4nlaista aiempaa kokemusta kangaspuista tai kudonnasta. T\u00e4ss\u00e4 on ensimm\u00e4inen mattokokeiluni, jossa puolet loimilangoista on mustaa ja puolet valkoista. Koko maton tein koululta l\u00f6yt\u00e4mist\u00e4ni j\u00e4m\u00e4 kuteista. P\u00e4\u00e4sin kokeilemaan monia erilaisia kuvioita Toinen mattokokeilu omista kuteista. monia eri kuvioita, lempe\u00e4t v\u00e4rit \u00c4idin matto 200cm x 77cm trikookude, r\u00e4sykude ja moppikude","_links":{"self":[{"href":"https:\/\/blogit.gradia.fi\/veerakoivulampi-tdpt2204\/wp-json\/wp\/v2\/posts\/65","targetHints":{"allow":["GET"]}}],"collection":[{"href":"https:\/\/blogit.gradia.fi\/veerakoivulampi-tdpt2204\/wp-json\/wp\/v2\/posts"}],"about":[{"href":"https:\/\/blogit.gradia.fi\/veerakoivulampi-tdpt2204\/wp-json\/wp\/v2\/types\/post"}],"author":[{"embeddable":true,"href":"https:\/\/blogit.gradia.fi\/veerakoivulampi-tdpt2204\/wp-json\/wp\/v2\/users\/845"}],"replies":[{"embeddable":true,"href":"https:\/\/blogit.gradia.fi\/veerakoivulampi-tdpt2204\/wp-json\/wp\/v2\/comments?post=65"}],"version-history":[{"count":4,"href":"https:\/\/blogit.gradia.fi\/veerakoivulampi-tdpt2204\/wp-json\/wp\/v2\/posts\/65\/revisions"}],"predecessor-version":[{"id":121,"href":"https:\/\/blogit.gradia.fi\/veerakoivulampi-tdpt2204\/wp-json\/wp\/v2\/posts\/65\/revisions\/121"}],"wp:attachment":[{"href":"https:\/\/blogit.gradia.fi\/veerakoivulampi-tdpt2204\/wp-json\/wp\/v2\/media?parent=65"}],"wp:term":[{"taxonomy":"category","embeddable":true,"href":"https:\/\/blogit.gradia.fi\/veerakoivulampi-tdpt2204\/wp-json\/wp\/v2\/categories?post=65"},{"taxonomy":"post_tag","embeddable":true,"href":"https:\/\/blogit.gradia.fi\/veerakoivulampi-tdpt2204\/wp-json\/wp\/v2\/tags?post=65"}],"curies":[{"name":"wp","href":"https:\/\/api.w.org\/{rel}","templated":true}]}}