{"id":6,"date":"2022-09-21T14:18:45","date_gmt":"2022-09-21T11:18:45","guid":{"rendered":"https:\/\/blogit.gradia.fi\/veerakoivulampi-tdpt2204\/?p=6"},"modified":"2023-01-15T13:52:06","modified_gmt":"2023-01-15T11:52:06","slug":"kudonta","status":"publish","type":"post","link":"https:\/\/blogit.gradia.fi\/veerakoivulampi-tdpt2204\/2022\/09\/21\/kudonta\/","title":{"rendered":"Koulun aloitus ja kiertopajat"},"content":{"rendered":"\n<p>Koulun aloitusta odotin innolla ja ensimm\u00e4iset viikot sujuivat paremmin kuin osasin odottaa. Ilmapiiri oli todella mukava ja oli kivaa p\u00e4\u00e4st\u00e4 tutustumaan uusin ihmisiin. Vihdoin tuntui ett\u00e4 olin l\u00f6yt\u00e4nyt oman alani.<\/p>\n\n\n\n<p>Ensimm\u00e4isten viikkojen aikana p\u00e4\u00e4simme tutustumaan omaan ja muihin aloihin kiertopajojen kautta. <\/p>\n\n\n\n<figure class=\"wp-block-image size-large is-resized\"><img loading=\"lazy\" decoding=\"async\" src=\"https:\/\/blogit.gradia.fi\/veerakoivulampi-tdpt2204\/wp-content\/uploads\/sites\/301\/2022\/09\/IMG_20220926_103147-1024x500.jpg\" alt=\"\" class=\"wp-image-54\" width=\"674\" height=\"329\" srcset=\"https:\/\/blogit.gradia.fi\/veerakoivulampi-tdpt2204\/wp-content\/uploads\/sites\/301\/2022\/09\/IMG_20220926_103147-1024x500.jpg 1024w, https:\/\/blogit.gradia.fi\/veerakoivulampi-tdpt2204\/wp-content\/uploads\/sites\/301\/2022\/09\/IMG_20220926_103147-300x147.jpg 300w, https:\/\/blogit.gradia.fi\/veerakoivulampi-tdpt2204\/wp-content\/uploads\/sites\/301\/2022\/09\/IMG_20220926_103147-768x375.jpg 768w, https:\/\/blogit.gradia.fi\/veerakoivulampi-tdpt2204\/wp-content\/uploads\/sites\/301\/2022\/09\/IMG_20220926_103147-1536x751.jpg 1536w, https:\/\/blogit.gradia.fi\/veerakoivulampi-tdpt2204\/wp-content\/uploads\/sites\/301\/2022\/09\/IMG_20220926_103147-2048x1001.jpg 2048w\" sizes=\"auto, (max-width: 674px) 100vw, 674px\" \/><figcaption>Tekstiilipuolen kiertopajassa p\u00e4\u00e4sin kokeilemaan matonkuteiden tekemist\u00e4 ja kutomista.<\/figcaption><\/figure>\n\n\n\n<figure class=\"wp-block-image size-large is-resized\"><img loading=\"lazy\" decoding=\"async\" src=\"https:\/\/blogit.gradia.fi\/veerakoivulampi-tdpt2204\/wp-content\/uploads\/sites\/301\/2022\/09\/Snapchat-1258381936-500x1024.jpg\" alt=\"\" class=\"wp-image-62\" width=\"341\" height=\"698\" srcset=\"https:\/\/blogit.gradia.fi\/veerakoivulampi-tdpt2204\/wp-content\/uploads\/sites\/301\/2022\/09\/Snapchat-1258381936-500x1024.jpg 500w, https:\/\/blogit.gradia.fi\/veerakoivulampi-tdpt2204\/wp-content\/uploads\/sites\/301\/2022\/09\/Snapchat-1258381936-147x300.jpg 147w, https:\/\/blogit.gradia.fi\/veerakoivulampi-tdpt2204\/wp-content\/uploads\/sites\/301\/2022\/09\/Snapchat-1258381936-768x1572.jpg 768w, https:\/\/blogit.gradia.fi\/veerakoivulampi-tdpt2204\/wp-content\/uploads\/sites\/301\/2022\/09\/Snapchat-1258381936-751x1536.jpg 751w, https:\/\/blogit.gradia.fi\/veerakoivulampi-tdpt2204\/wp-content\/uploads\/sites\/301\/2022\/09\/Snapchat-1258381936-1001x2048.jpg 1001w, https:\/\/blogit.gradia.fi\/veerakoivulampi-tdpt2204\/wp-content\/uploads\/sites\/301\/2022\/09\/Snapchat-1258381936.jpg 1080w\" sizes=\"auto, (max-width: 341px) 100vw, 341px\" \/><figcaption>Tekstiilin kiertopajassa kokeilimme my\u00f6s hiilipainantaa. Lopputuloksesta tuli minusta hyvin kaunis.<\/figcaption><\/figure>\n\n\n\n<p><\/p>\n\n\n\n<figure class=\"wp-block-image size-large\"><img loading=\"lazy\" decoding=\"async\" width=\"1024\" height=\"500\" src=\"https:\/\/blogit.gradia.fi\/veerakoivulampi-tdpt2204\/wp-content\/uploads\/sites\/301\/2022\/09\/IMG_20220926_103208-1024x500.jpg\" alt=\"\" class=\"wp-image-49\" srcset=\"https:\/\/blogit.gradia.fi\/veerakoivulampi-tdpt2204\/wp-content\/uploads\/sites\/301\/2022\/09\/IMG_20220926_103208-1024x500.jpg 1024w, https:\/\/blogit.gradia.fi\/veerakoivulampi-tdpt2204\/wp-content\/uploads\/sites\/301\/2022\/09\/IMG_20220926_103208-300x147.jpg 300w, https:\/\/blogit.gradia.fi\/veerakoivulampi-tdpt2204\/wp-content\/uploads\/sites\/301\/2022\/09\/IMG_20220926_103208-768x375.jpg 768w, https:\/\/blogit.gradia.fi\/veerakoivulampi-tdpt2204\/wp-content\/uploads\/sites\/301\/2022\/09\/IMG_20220926_103208-1536x751.jpg 1536w, https:\/\/blogit.gradia.fi\/veerakoivulampi-tdpt2204\/wp-content\/uploads\/sites\/301\/2022\/09\/IMG_20220926_103208-2048x1001.jpg 2048w\" sizes=\"auto, (max-width: 767px) 89vw, (max-width: 1000px) 54vw, (max-width: 1071px) 543px, 580px\" \/><figcaption>Metallipuolen kiertopajassa teht\u00e4v\u00e4ksi annettiin tehd\u00e4 jonkinlainen koru k\u00e4ytt\u00e4m\u00e4ll\u00e4 rautalankaa. Min\u00e4 en innostunut tekem\u00e4\u00e4n korua, mutta sain aikaiseksi tehty\u00e4 siev\u00e4n perhosen ja lukin.<\/figcaption><\/figure>\n\n\n\n<figure class=\"wp-block-image size-large is-resized\"><img loading=\"lazy\" decoding=\"async\" src=\"https:\/\/blogit.gradia.fi\/veerakoivulampi-tdpt2204\/wp-content\/uploads\/sites\/301\/2022\/09\/IMG_20220930_130554-1024x766.jpg\" alt=\"\" class=\"wp-image-63\" width=\"485\" height=\"363\" srcset=\"https:\/\/blogit.gradia.fi\/veerakoivulampi-tdpt2204\/wp-content\/uploads\/sites\/301\/2022\/09\/IMG_20220930_130554-1024x766.jpg 1024w, https:\/\/blogit.gradia.fi\/veerakoivulampi-tdpt2204\/wp-content\/uploads\/sites\/301\/2022\/09\/IMG_20220930_130554-300x224.jpg 300w, https:\/\/blogit.gradia.fi\/veerakoivulampi-tdpt2204\/wp-content\/uploads\/sites\/301\/2022\/09\/IMG_20220930_130554-768x574.jpg 768w, https:\/\/blogit.gradia.fi\/veerakoivulampi-tdpt2204\/wp-content\/uploads\/sites\/301\/2022\/09\/IMG_20220930_130554-1536x1149.jpg 1536w, https:\/\/blogit.gradia.fi\/veerakoivulampi-tdpt2204\/wp-content\/uploads\/sites\/301\/2022\/09\/IMG_20220930_130554-2048x1532.jpg 2048w\" sizes=\"auto, (max-width: 485px) 100vw, 485px\" \/><figcaption>Puupuolen kiertopajassa tein pannunalusen.<\/figcaption><\/figure>\n\n\n\n<p>Kaikki kiertopajat olivat kivoja ja opettajat todella mukavia. Ei her\u00e4nnyt mink\u00e4\u00e4nlaisia ajatuksia ett\u00e4 vaihtaisinkin jollekin muulle alalle. Tekstiiliala on aina ollut ja tulee aina olemaan minun suurin kiinnostukseni.<\/p>\n","protected":false},"excerpt":{"rendered":"<p>Koulun aloitusta odotin innolla ja ensimm\u00e4iset viikot sujuivat paremmin kuin osasin odottaa. Ilmapiiri oli todella mukava ja oli kivaa p\u00e4\u00e4st\u00e4 tutustumaan uusin ihmisiin. Vihdoin tuntui ett\u00e4 olin l\u00f6yt\u00e4nyt oman alani. Ensimm\u00e4isten viikkojen aikana p\u00e4\u00e4simme tutustumaan omaan ja muihin aloihin kiertopajojen kautta. Kaikki kiertopajat olivat kivoja ja opettajat todella mukavia. Ei her\u00e4nnyt mink\u00e4\u00e4nlaisia ajatuksia ett\u00e4 vaihtaisinkin &hellip; <\/p>\n<p class=\"link-more\"><a href=\"https:\/\/blogit.gradia.fi\/veerakoivulampi-tdpt2204\/2022\/09\/21\/kudonta\/\" class=\"more-link\">Jatka lukemista<span class=\"screen-reader-text\"> &#8221;Koulun aloitus ja kiertopajat&#8221;<\/span><\/a><\/p>\n","protected":false},"author":845,"featured_media":0,"comment_status":"open","ping_status":"open","sticky":false,"template":"","format":"standard","meta":{"_uag_custom_page_level_css":"","footnotes":""},"categories":[1],"tags":[],"class_list":["post-6","post","type-post","status-publish","format-standard","hentry","category-yleinen"],"yoast_head":"<!-- This site is optimized with the Yoast SEO plugin v27.5 - https:\/\/yoast.com\/product\/yoast-seo-wordpress\/ -->\n<title>Koulun aloitus ja kiertopajat - OPPIMISP\u00c4IV\u00c4KIRJA<\/title>\n<meta name=\"robots\" content=\"index, follow, max-snippet:-1, max-image-preview:large, max-video-preview:-1\" \/>\n<link rel=\"canonical\" href=\"https:\/\/blogit.gradia.fi\/veerakoivulampi-tdpt2204\/2022\/09\/21\/kudonta\/\" \/>\n<meta property=\"og:locale\" content=\"fi_FI\" \/>\n<meta property=\"og:type\" content=\"article\" \/>\n<meta property=\"og:title\" content=\"Koulun aloitus ja kiertopajat - OPPIMISP\u00c4IV\u00c4KIRJA\" \/>\n<meta property=\"og:description\" content=\"Koulun aloitusta odotin innolla ja ensimm\u00e4iset viikot sujuivat paremmin kuin osasin odottaa. Ilmapiiri oli todella mukava ja oli kivaa p\u00e4\u00e4st\u00e4 tutustumaan uusin ihmisiin. Vihdoin tuntui ett\u00e4 olin l\u00f6yt\u00e4nyt oman alani. Ensimm\u00e4isten viikkojen aikana p\u00e4\u00e4simme tutustumaan omaan ja muihin aloihin kiertopajojen kautta. Kaikki kiertopajat olivat kivoja ja opettajat todella mukavia. Ei her\u00e4nnyt mink\u00e4\u00e4nlaisia ajatuksia ett\u00e4 vaihtaisinkin &hellip; Jatka lukemista &quot;Koulun aloitus ja kiertopajat&quot;\" \/>\n<meta property=\"og:url\" content=\"https:\/\/blogit.gradia.fi\/veerakoivulampi-tdpt2204\/2022\/09\/21\/kudonta\/\" \/>\n<meta property=\"og:site_name\" content=\"OPPIMISP\u00c4IV\u00c4KIRJA\" \/>\n<meta property=\"article:published_time\" content=\"2022-09-21T11:18:45+00:00\" \/>\n<meta property=\"article:modified_time\" content=\"2023-01-15T11:52:06+00:00\" \/>\n<meta property=\"og:image\" content=\"https:\/\/blogit.gradia.fi\/veerakoivulampi-tdpt2204\/wp-content\/uploads\/sites\/301\/2022\/09\/IMG_20220926_103147-1024x500.jpg\" \/>\n<meta name=\"author\" content=\"Veera Koivulampi\" \/>\n<meta name=\"twitter:card\" content=\"summary_large_image\" \/>\n<meta name=\"twitter:label1\" content=\"Kirjoittanut\" \/>\n\t<meta name=\"twitter:data1\" content=\"Veera Koivulampi\" \/>\n\t<meta name=\"twitter:label2\" content=\"Arvioitu lukuaika\" \/>\n\t<meta name=\"twitter:data2\" content=\"2 minuuttia\" \/>\n<script type=\"application\/ld+json\" class=\"yoast-schema-graph\">{\"@context\":\"https:\\\/\\\/schema.org\",\"@graph\":[{\"@type\":\"Article\",\"@id\":\"https:\\\/\\\/blogit.gradia.fi\\\/veerakoivulampi-tdpt2204\\\/2022\\\/09\\\/21\\\/kudonta\\\/#article\",\"isPartOf\":{\"@id\":\"https:\\\/\\\/blogit.gradia.fi\\\/veerakoivulampi-tdpt2204\\\/2022\\\/09\\\/21\\\/kudonta\\\/\"},\"author\":{\"name\":\"Veera Koivulampi\",\"@id\":\"https:\\\/\\\/blogit.gradia.fi\\\/veerakoivulampi-tdpt2204\\\/#\\\/schema\\\/person\\\/baebc61a044e375c85239379d1dee6d4\"},\"headline\":\"Koulun aloitus ja kiertopajat\",\"datePublished\":\"2022-09-21T11:18:45+00:00\",\"dateModified\":\"2023-01-15T11:52:06+00:00\",\"mainEntityOfPage\":{\"@id\":\"https:\\\/\\\/blogit.gradia.fi\\\/veerakoivulampi-tdpt2204\\\/2022\\\/09\\\/21\\\/kudonta\\\/\"},\"wordCount\":134,\"commentCount\":0,\"image\":{\"@id\":\"https:\\\/\\\/blogit.gradia.fi\\\/veerakoivulampi-tdpt2204\\\/2022\\\/09\\\/21\\\/kudonta\\\/#primaryimage\"},\"thumbnailUrl\":\"https:\\\/\\\/blogit.gradia.fi\\\/veerakoivulampi-tdpt2204\\\/wp-content\\\/uploads\\\/sites\\\/301\\\/2022\\\/09\\\/IMG_20220926_103147-1024x500.jpg\",\"inLanguage\":\"fi\",\"potentialAction\":[{\"@type\":\"CommentAction\",\"name\":\"Comment\",\"target\":[\"https:\\\/\\\/blogit.gradia.fi\\\/veerakoivulampi-tdpt2204\\\/2022\\\/09\\\/21\\\/kudonta\\\/#respond\"]}]},{\"@type\":\"WebPage\",\"@id\":\"https:\\\/\\\/blogit.gradia.fi\\\/veerakoivulampi-tdpt2204\\\/2022\\\/09\\\/21\\\/kudonta\\\/\",\"url\":\"https:\\\/\\\/blogit.gradia.fi\\\/veerakoivulampi-tdpt2204\\\/2022\\\/09\\\/21\\\/kudonta\\\/\",\"name\":\"Koulun aloitus ja kiertopajat - OPPIMISP\u00c4IV\u00c4KIRJA\",\"isPartOf\":{\"@id\":\"https:\\\/\\\/blogit.gradia.fi\\\/veerakoivulampi-tdpt2204\\\/#website\"},\"primaryImageOfPage\":{\"@id\":\"https:\\\/\\\/blogit.gradia.fi\\\/veerakoivulampi-tdpt2204\\\/2022\\\/09\\\/21\\\/kudonta\\\/#primaryimage\"},\"image\":{\"@id\":\"https:\\\/\\\/blogit.gradia.fi\\\/veerakoivulampi-tdpt2204\\\/2022\\\/09\\\/21\\\/kudonta\\\/#primaryimage\"},\"thumbnailUrl\":\"https:\\\/\\\/blogit.gradia.fi\\\/veerakoivulampi-tdpt2204\\\/wp-content\\\/uploads\\\/sites\\\/301\\\/2022\\\/09\\\/IMG_20220926_103147-1024x500.jpg\",\"datePublished\":\"2022-09-21T11:18:45+00:00\",\"dateModified\":\"2023-01-15T11:52:06+00:00\",\"author\":{\"@id\":\"https:\\\/\\\/blogit.gradia.fi\\\/veerakoivulampi-tdpt2204\\\/#\\\/schema\\\/person\\\/baebc61a044e375c85239379d1dee6d4\"},\"breadcrumb\":{\"@id\":\"https:\\\/\\\/blogit.gradia.fi\\\/veerakoivulampi-tdpt2204\\\/2022\\\/09\\\/21\\\/kudonta\\\/#breadcrumb\"},\"inLanguage\":\"fi\",\"potentialAction\":[{\"@type\":\"ReadAction\",\"target\":[\"https:\\\/\\\/blogit.gradia.fi\\\/veerakoivulampi-tdpt2204\\\/2022\\\/09\\\/21\\\/kudonta\\\/\"]}]},{\"@type\":\"ImageObject\",\"inLanguage\":\"fi\",\"@id\":\"https:\\\/\\\/blogit.gradia.fi\\\/veerakoivulampi-tdpt2204\\\/2022\\\/09\\\/21\\\/kudonta\\\/#primaryimage\",\"url\":\"https:\\\/\\\/blogit.gradia.fi\\\/veerakoivulampi-tdpt2204\\\/wp-content\\\/uploads\\\/sites\\\/301\\\/2022\\\/09\\\/IMG_20220926_103147.jpg\",\"contentUrl\":\"https:\\\/\\\/blogit.gradia.fi\\\/veerakoivulampi-tdpt2204\\\/wp-content\\\/uploads\\\/sites\\\/301\\\/2022\\\/09\\\/IMG_20220926_103147.jpg\",\"width\":2210,\"height\":1080},{\"@type\":\"BreadcrumbList\",\"@id\":\"https:\\\/\\\/blogit.gradia.fi\\\/veerakoivulampi-tdpt2204\\\/2022\\\/09\\\/21\\\/kudonta\\\/#breadcrumb\",\"itemListElement\":[{\"@type\":\"ListItem\",\"position\":1,\"name\":\"Etusivu\",\"item\":\"https:\\\/\\\/blogit.gradia.fi\\\/veerakoivulampi-tdpt2204\\\/\"},{\"@type\":\"ListItem\",\"position\":2,\"name\":\"Koulun aloitus ja kiertopajat\"}]},{\"@type\":\"WebSite\",\"@id\":\"https:\\\/\\\/blogit.gradia.fi\\\/veerakoivulampi-tdpt2204\\\/#website\",\"url\":\"https:\\\/\\\/blogit.gradia.fi\\\/veerakoivulampi-tdpt2204\\\/\",\"name\":\"OPPIMISP\u00c4IV\u00c4KIRJA\",\"description\":\"Veera Koivulampi, Tekstiiliartesaani opiskelija\",\"potentialAction\":[{\"@type\":\"SearchAction\",\"target\":{\"@type\":\"EntryPoint\",\"urlTemplate\":\"https:\\\/\\\/blogit.gradia.fi\\\/veerakoivulampi-tdpt2204\\\/?s={search_term_string}\"},\"query-input\":{\"@type\":\"PropertyValueSpecification\",\"valueRequired\":true,\"valueName\":\"search_term_string\"}}],\"inLanguage\":\"fi\"},{\"@type\":\"Person\",\"@id\":\"https:\\\/\\\/blogit.gradia.fi\\\/veerakoivulampi-tdpt2204\\\/#\\\/schema\\\/person\\\/baebc61a044e375c85239379d1dee6d4\",\"name\":\"Veera Koivulampi\",\"image\":{\"@type\":\"ImageObject\",\"inLanguage\":\"fi\",\"@id\":\"https:\\\/\\\/secure.gravatar.com\\\/avatar\\\/b52b55942ef30ce9c6eebb3a04d006bd59d67a87d516db5e230736e52dc955a3?s=96&d=mm&r=g\",\"url\":\"https:\\\/\\\/secure.gravatar.com\\\/avatar\\\/b52b55942ef30ce9c6eebb3a04d006bd59d67a87d516db5e230736e52dc955a3?s=96&d=mm&r=g\",\"contentUrl\":\"https:\\\/\\\/secure.gravatar.com\\\/avatar\\\/b52b55942ef30ce9c6eebb3a04d006bd59d67a87d516db5e230736e52dc955a3?s=96&d=mm&r=g\",\"caption\":\"Veera Koivulampi\"},\"url\":\"https:\\\/\\\/blogit.gradia.fi\\\/veerakoivulampi-tdpt2204\\\/author\\\/gr277841\\\/\"}]}<\/script>\n<!-- \/ Yoast SEO plugin. -->","yoast_head_json":{"title":"Koulun aloitus ja kiertopajat - OPPIMISP\u00c4IV\u00c4KIRJA","robots":{"index":"index","follow":"follow","max-snippet":"max-snippet:-1","max-image-preview":"max-image-preview:large","max-video-preview":"max-video-preview:-1"},"canonical":"https:\/\/blogit.gradia.fi\/veerakoivulampi-tdpt2204\/2022\/09\/21\/kudonta\/","og_locale":"fi_FI","og_type":"article","og_title":"Koulun aloitus ja kiertopajat - OPPIMISP\u00c4IV\u00c4KIRJA","og_description":"Koulun aloitusta odotin innolla ja ensimm\u00e4iset viikot sujuivat paremmin kuin osasin odottaa. Ilmapiiri oli todella mukava ja oli kivaa p\u00e4\u00e4st\u00e4 tutustumaan uusin ihmisiin. Vihdoin tuntui ett\u00e4 olin l\u00f6yt\u00e4nyt oman alani. Ensimm\u00e4isten viikkojen aikana p\u00e4\u00e4simme tutustumaan omaan ja muihin aloihin kiertopajojen kautta. Kaikki kiertopajat olivat kivoja ja opettajat todella mukavia. Ei her\u00e4nnyt mink\u00e4\u00e4nlaisia ajatuksia ett\u00e4 vaihtaisinkin &hellip; Jatka lukemista \"Koulun aloitus ja kiertopajat\"","og_url":"https:\/\/blogit.gradia.fi\/veerakoivulampi-tdpt2204\/2022\/09\/21\/kudonta\/","og_site_name":"OPPIMISP\u00c4IV\u00c4KIRJA","article_published_time":"2022-09-21T11:18:45+00:00","article_modified_time":"2023-01-15T11:52:06+00:00","og_image":[{"url":"https:\/\/blogit.gradia.fi\/veerakoivulampi-tdpt2204\/wp-content\/uploads\/sites\/301\/2022\/09\/IMG_20220926_103147-1024x500.jpg","type":"","width":"","height":""}],"author":"Veera Koivulampi","twitter_card":"summary_large_image","twitter_misc":{"Kirjoittanut":"Veera Koivulampi","Arvioitu lukuaika":"2 minuuttia"},"schema":{"@context":"https:\/\/schema.org","@graph":[{"@type":"Article","@id":"https:\/\/blogit.gradia.fi\/veerakoivulampi-tdpt2204\/2022\/09\/21\/kudonta\/#article","isPartOf":{"@id":"https:\/\/blogit.gradia.fi\/veerakoivulampi-tdpt2204\/2022\/09\/21\/kudonta\/"},"author":{"name":"Veera Koivulampi","@id":"https:\/\/blogit.gradia.fi\/veerakoivulampi-tdpt2204\/#\/schema\/person\/baebc61a044e375c85239379d1dee6d4"},"headline":"Koulun aloitus ja kiertopajat","datePublished":"2022-09-21T11:18:45+00:00","dateModified":"2023-01-15T11:52:06+00:00","mainEntityOfPage":{"@id":"https:\/\/blogit.gradia.fi\/veerakoivulampi-tdpt2204\/2022\/09\/21\/kudonta\/"},"wordCount":134,"commentCount":0,"image":{"@id":"https:\/\/blogit.gradia.fi\/veerakoivulampi-tdpt2204\/2022\/09\/21\/kudonta\/#primaryimage"},"thumbnailUrl":"https:\/\/blogit.gradia.fi\/veerakoivulampi-tdpt2204\/wp-content\/uploads\/sites\/301\/2022\/09\/IMG_20220926_103147-1024x500.jpg","inLanguage":"fi","potentialAction":[{"@type":"CommentAction","name":"Comment","target":["https:\/\/blogit.gradia.fi\/veerakoivulampi-tdpt2204\/2022\/09\/21\/kudonta\/#respond"]}]},{"@type":"WebPage","@id":"https:\/\/blogit.gradia.fi\/veerakoivulampi-tdpt2204\/2022\/09\/21\/kudonta\/","url":"https:\/\/blogit.gradia.fi\/veerakoivulampi-tdpt2204\/2022\/09\/21\/kudonta\/","name":"Koulun aloitus ja kiertopajat - OPPIMISP\u00c4IV\u00c4KIRJA","isPartOf":{"@id":"https:\/\/blogit.gradia.fi\/veerakoivulampi-tdpt2204\/#website"},"primaryImageOfPage":{"@id":"https:\/\/blogit.gradia.fi\/veerakoivulampi-tdpt2204\/2022\/09\/21\/kudonta\/#primaryimage"},"image":{"@id":"https:\/\/blogit.gradia.fi\/veerakoivulampi-tdpt2204\/2022\/09\/21\/kudonta\/#primaryimage"},"thumbnailUrl":"https:\/\/blogit.gradia.fi\/veerakoivulampi-tdpt2204\/wp-content\/uploads\/sites\/301\/2022\/09\/IMG_20220926_103147-1024x500.jpg","datePublished":"2022-09-21T11:18:45+00:00","dateModified":"2023-01-15T11:52:06+00:00","author":{"@id":"https:\/\/blogit.gradia.fi\/veerakoivulampi-tdpt2204\/#\/schema\/person\/baebc61a044e375c85239379d1dee6d4"},"breadcrumb":{"@id":"https:\/\/blogit.gradia.fi\/veerakoivulampi-tdpt2204\/2022\/09\/21\/kudonta\/#breadcrumb"},"inLanguage":"fi","potentialAction":[{"@type":"ReadAction","target":["https:\/\/blogit.gradia.fi\/veerakoivulampi-tdpt2204\/2022\/09\/21\/kudonta\/"]}]},{"@type":"ImageObject","inLanguage":"fi","@id":"https:\/\/blogit.gradia.fi\/veerakoivulampi-tdpt2204\/2022\/09\/21\/kudonta\/#primaryimage","url":"https:\/\/blogit.gradia.fi\/veerakoivulampi-tdpt2204\/wp-content\/uploads\/sites\/301\/2022\/09\/IMG_20220926_103147.jpg","contentUrl":"https:\/\/blogit.gradia.fi\/veerakoivulampi-tdpt2204\/wp-content\/uploads\/sites\/301\/2022\/09\/IMG_20220926_103147.jpg","width":2210,"height":1080},{"@type":"BreadcrumbList","@id":"https:\/\/blogit.gradia.fi\/veerakoivulampi-tdpt2204\/2022\/09\/21\/kudonta\/#breadcrumb","itemListElement":[{"@type":"ListItem","position":1,"name":"Etusivu","item":"https:\/\/blogit.gradia.fi\/veerakoivulampi-tdpt2204\/"},{"@type":"ListItem","position":2,"name":"Koulun aloitus ja kiertopajat"}]},{"@type":"WebSite","@id":"https:\/\/blogit.gradia.fi\/veerakoivulampi-tdpt2204\/#website","url":"https:\/\/blogit.gradia.fi\/veerakoivulampi-tdpt2204\/","name":"OPPIMISP\u00c4IV\u00c4KIRJA","description":"Veera Koivulampi, Tekstiiliartesaani opiskelija","potentialAction":[{"@type":"SearchAction","target":{"@type":"EntryPoint","urlTemplate":"https:\/\/blogit.gradia.fi\/veerakoivulampi-tdpt2204\/?s={search_term_string}"},"query-input":{"@type":"PropertyValueSpecification","valueRequired":true,"valueName":"search_term_string"}}],"inLanguage":"fi"},{"@type":"Person","@id":"https:\/\/blogit.gradia.fi\/veerakoivulampi-tdpt2204\/#\/schema\/person\/baebc61a044e375c85239379d1dee6d4","name":"Veera Koivulampi","image":{"@type":"ImageObject","inLanguage":"fi","@id":"https:\/\/secure.gravatar.com\/avatar\/b52b55942ef30ce9c6eebb3a04d006bd59d67a87d516db5e230736e52dc955a3?s=96&d=mm&r=g","url":"https:\/\/secure.gravatar.com\/avatar\/b52b55942ef30ce9c6eebb3a04d006bd59d67a87d516db5e230736e52dc955a3?s=96&d=mm&r=g","contentUrl":"https:\/\/secure.gravatar.com\/avatar\/b52b55942ef30ce9c6eebb3a04d006bd59d67a87d516db5e230736e52dc955a3?s=96&d=mm&r=g","caption":"Veera Koivulampi"},"url":"https:\/\/blogit.gradia.fi\/veerakoivulampi-tdpt2204\/author\/gr277841\/"}]}},"uagb_featured_image_src":{"full":false,"thumbnail":false,"medium":false,"medium_large":false,"large":false,"1536x1536":false,"2048x2048":false,"twentyseventeen-featured-image":false,"twentyseventeen-thumbnail-avatar":false},"uagb_author_info":{"display_name":"Veera Koivulampi","author_link":"https:\/\/blogit.gradia.fi\/veerakoivulampi-tdpt2204\/author\/gr277841\/"},"uagb_comment_info":0,"uagb_excerpt":"Koulun aloitusta odotin innolla ja ensimm\u00e4iset viikot sujuivat paremmin kuin osasin odottaa. Ilmapiiri oli todella mukava ja oli kivaa p\u00e4\u00e4st\u00e4 tutustumaan uusin ihmisiin. Vihdoin tuntui ett\u00e4 olin l\u00f6yt\u00e4nyt oman alani. Ensimm\u00e4isten viikkojen aikana p\u00e4\u00e4simme tutustumaan omaan ja muihin aloihin kiertopajojen kautta. Kaikki kiertopajat olivat kivoja ja opettajat todella mukavia. Ei her\u00e4nnyt mink\u00e4\u00e4nlaisia ajatuksia ett\u00e4 vaihtaisinkin&hellip;","_links":{"self":[{"href":"https:\/\/blogit.gradia.fi\/veerakoivulampi-tdpt2204\/wp-json\/wp\/v2\/posts\/6","targetHints":{"allow":["GET"]}}],"collection":[{"href":"https:\/\/blogit.gradia.fi\/veerakoivulampi-tdpt2204\/wp-json\/wp\/v2\/posts"}],"about":[{"href":"https:\/\/blogit.gradia.fi\/veerakoivulampi-tdpt2204\/wp-json\/wp\/v2\/types\/post"}],"author":[{"embeddable":true,"href":"https:\/\/blogit.gradia.fi\/veerakoivulampi-tdpt2204\/wp-json\/wp\/v2\/users\/845"}],"replies":[{"embeddable":true,"href":"https:\/\/blogit.gradia.fi\/veerakoivulampi-tdpt2204\/wp-json\/wp\/v2\/comments?post=6"}],"version-history":[{"count":7,"href":"https:\/\/blogit.gradia.fi\/veerakoivulampi-tdpt2204\/wp-json\/wp\/v2\/posts\/6\/revisions"}],"predecessor-version":[{"id":83,"href":"https:\/\/blogit.gradia.fi\/veerakoivulampi-tdpt2204\/wp-json\/wp\/v2\/posts\/6\/revisions\/83"}],"wp:attachment":[{"href":"https:\/\/blogit.gradia.fi\/veerakoivulampi-tdpt2204\/wp-json\/wp\/v2\/media?parent=6"}],"wp:term":[{"taxonomy":"category","embeddable":true,"href":"https:\/\/blogit.gradia.fi\/veerakoivulampi-tdpt2204\/wp-json\/wp\/v2\/categories?post=6"},{"taxonomy":"post_tag","embeddable":true,"href":"https:\/\/blogit.gradia.fi\/veerakoivulampi-tdpt2204\/wp-json\/wp\/v2\/tags?post=6"}],"curies":[{"name":"wp","href":"https:\/\/api.w.org\/{rel}","templated":true}]}}