{"id":322,"date":"2024-01-02T14:09:44","date_gmt":"2024-01-02T12:09:44","guid":{"rendered":"https:\/\/blogit.gradia.fi\/veerakoivulampi-tdpt2204\/?p=322"},"modified":"2024-05-04T18:28:57","modified_gmt":"2024-05-04T15:28:57","slug":"tutor-juttuja","status":"publish","type":"post","link":"https:\/\/blogit.gradia.fi\/veerakoivulampi-tdpt2204\/2024\/01\/02\/tutor-juttuja\/","title":{"rendered":"Tutor-toiminta"},"content":{"rendered":"\n<h2 class=\"wp-block-heading\">Tutoreiden haku ja koulutus<\/h2>\n\n\n\n<p>P\u00e4\u00e4tin hakea tutoriksi, koska siin\u00e4 oppii uusia asioita ja ja kokemusta ihmisten kanssa ty\u00f6skentelyst\u00e4. Haluan my\u00f6s n\u00e4ytt\u00e4\u00e4 esimerkki\u00e4 omalla toiminnallani. Jokainen tutor teki hakemuksen ja k\u00e4vi haastattelussa ja minusta se oli hyv\u00e4 idea tutoreiden valinnassa.<\/p>\n\n\n\n<p>Koulutuksia meill\u00e4 oli kaksi ja ne pidettiin Viitaniemell\u00e4. Siell\u00e4 tutustuimme toisiimme ja keksimme ideoita tuleviin tapahtumiin. Koulutuksista j\u00e4i hyv\u00e4 mieli ja tulimme kaikki hyvin toimeen.<\/p>\n\n\n\n<h2 class=\"wp-block-heading\">Ykk\u00f6sten vastaanotto<\/h2>\n\n\n\n<p>Ensimm\u00e4inen p\u00e4iv\u00e4 j\u00e4nnitti, mutta se sujui loppujenlopuksi hyvin. Ohjasin uusia opiskelijoita omiin luokkiinsa ja olin auttamassa Kaisaa turvallisuuskierroksen aikana. Oli kiva saada taloon paljon uusia kasvoja. <\/p>\n\n\n\n<h2 class=\"wp-block-heading\">Ykk\u00f6sten ryhm\u00e4ytymisp\u00e4iv\u00e4<\/h2>\n\n\n\n<p>T\u00e4m\u00e4 p\u00e4iv\u00e4 j\u00e4nnitti ja stressasi minua todella paljon. Olin koko p\u00e4iv\u00e4n hyvin ep\u00e4varma mit\u00e4 minun kuuluisi tehd\u00e4 ja osaanko olla oikeanlainen tuutori. Kes\u00e4ll\u00e4 jo mietinkin ett\u00e4 oliko sittenk\u00e4\u00e4n hyv\u00e4 idea l\u00e4hte\u00e4 tuutoriksi&#8230;minusta en ole siihen hommaan tarpeeksi heitt\u00e4ytyv\u00e4, sosiaalinen ja spontaani. Kaverit onneksi kannustivat minua ja se auttoi selvi\u00e4m\u00e4\u00e4 p\u00e4iv\u00e4st\u00e4.  <\/p>\n\n\n\n<p>Tapahtuman j\u00e4rjestelyn olisi voinut tehd\u00e4 paremmin. Monia asioita j\u00e4i paljon ep\u00e4selv\u00e4ksi esim. min\u00e4 en tiennyt omaa osaani tapahtumassa ja sen takia oloni oli kamala koko p\u00e4iv\u00e4n. Minusta olisi parempi ottaa muutama idea ja panostaa niihin eik\u00e4 yritt\u00e4\u00e4 tehd\u00e4 kaikkea ja sitten mik\u00e4\u00e4n ei suju kunnolla. <\/p>\n\n\n\n<p>P\u00e4iv\u00e4n p\u00e4\u00e4tteeksi ker\u00e4simme ykk\u00f6silt\u00e4 palautetta. En todellakaan osannut odottaa niin positiivista palautetta. Saimme my\u00f6s hyvi\u00e4 parannusehdotuksia joita tulemme varmasti hy\u00f6dynt\u00e4m\u00e4\u00e4n tulevissa tapahtumissa.<\/p>\n\n\n\n<h2 class=\"wp-block-heading\">Vuoden viimeinen tutor-kokous<\/h2>\n\n\n\n<p>Vuoden viimeisess\u00e4 tutor-kokouksessa ei ollut paljon v\u00e4ke\u00e4 paikalla&#8230;min\u00e4, Deme ja tutor opettajat. Toivottavasti seuraavalla kerralla olisi enemm\u00e4n ihmisi\u00e4 paikalla. <\/p>\n\n\n\n<p>Pienest\u00e4 porukasta huolimatta saimme hyvi\u00e4 ideoita loppu lukukauden tutor tapahtumiin. mm pikkujoulut, teemaviikko, yst\u00e4v\u00e4np\u00e4iv\u00e4 ja p\u00e4\u00e4si\u00e4istapahtumaa.<\/p>\n\n\n\n<h2 class=\"wp-block-heading\">Kankaan pikkujoulut<\/h2>\n\n\n\n<p>21.12. pidimme kankaan pikkujoulut. Ohjelmaan kuului mm. pipareiden koristelua, korttipaja ja musiikkia. Sai my\u00f6s pukeutua jouluisasti ja parhain asu palkittiin konvehtirasialla. <\/p>\n\n\n\n<p>Tutoreista min\u00e4 otin ohjat t\u00e4m\u00e4n tapahtuman valmistelusta. Aloitimme hyviss\u00e4 ajoin joten ongelmia ei juuri ilmennyt. Tokin koristeluiden kanssa meinasi tulla v\u00e4h\u00e4n kiire, en tajunnut ett\u00e4 siin\u00e4 menisi niin kauan ja muutama apuk\u00e4si olisi ollut tarpeen.<\/p>\n\n\n\n<figure class=\"wp-block-gallery aligncenter has-nested-images columns-default is-cropped wp-block-gallery-1 is-layout-flex wp-block-gallery-is-layout-flex\">\n<figure class=\"wp-block-image size-large\"><img loading=\"lazy\" decoding=\"async\" width=\"766\" height=\"1024\" data-id=\"535\" src=\"https:\/\/blogit.gradia.fi\/veerakoivulampi-tdpt2204\/wp-content\/uploads\/sites\/301\/2024\/01\/wp-1704196275186-766x1024.jpg\" alt=\"\" class=\"wp-image-535\" srcset=\"https:\/\/blogit.gradia.fi\/veerakoivulampi-tdpt2204\/wp-content\/uploads\/sites\/301\/2024\/01\/wp-1704196275186-766x1024.jpg 766w, https:\/\/blogit.gradia.fi\/veerakoivulampi-tdpt2204\/wp-content\/uploads\/sites\/301\/2024\/01\/wp-1704196275186-224x300.jpg 224w, https:\/\/blogit.gradia.fi\/veerakoivulampi-tdpt2204\/wp-content\/uploads\/sites\/301\/2024\/01\/wp-1704196275186-768x1027.jpg 768w, https:\/\/blogit.gradia.fi\/veerakoivulampi-tdpt2204\/wp-content\/uploads\/sites\/301\/2024\/01\/wp-1704196275186-1149x1536.jpg 1149w, https:\/\/blogit.gradia.fi\/veerakoivulampi-tdpt2204\/wp-content\/uploads\/sites\/301\/2024\/01\/wp-1704196275186-1532x2048.jpg 1532w, https:\/\/blogit.gradia.fi\/veerakoivulampi-tdpt2204\/wp-content\/uploads\/sites\/301\/2024\/01\/wp-1704196275186-scaled.jpg 1915w\" sizes=\"auto, (max-width: 706px) 89vw, (max-width: 767px) 82vw, 740px\" \/><figcaption class=\"wp-element-caption\">Deme teki tapahtumaan hienot julisteet.<\/figcaption><\/figure>\n\n\n\n<figure class=\"wp-block-image size-large\"><img loading=\"lazy\" decoding=\"async\" width=\"1024\" height=\"805\" data-id=\"538\" src=\"https:\/\/blogit.gradia.fi\/veerakoivulampi-tdpt2204\/wp-content\/uploads\/sites\/301\/2024\/01\/wp-1704196413568-1024x805.jpg\" alt=\"\" class=\"wp-image-538\" srcset=\"https:\/\/blogit.gradia.fi\/veerakoivulampi-tdpt2204\/wp-content\/uploads\/sites\/301\/2024\/01\/wp-1704196413568-1024x805.jpg 1024w, https:\/\/blogit.gradia.fi\/veerakoivulampi-tdpt2204\/wp-content\/uploads\/sites\/301\/2024\/01\/wp-1704196413568-300x236.jpg 300w, https:\/\/blogit.gradia.fi\/veerakoivulampi-tdpt2204\/wp-content\/uploads\/sites\/301\/2024\/01\/wp-1704196413568-768x604.jpg 768w, https:\/\/blogit.gradia.fi\/veerakoivulampi-tdpt2204\/wp-content\/uploads\/sites\/301\/2024\/01\/wp-1704196413568.jpg 1080w\" sizes=\"auto, (max-width: 767px) 89vw, (max-width: 1000px) 54vw, (max-width: 1071px) 543px, 580px\" \/><\/figure>\n<\/figure>\n\n\n\n<figure class=\"wp-block-gallery has-nested-images columns-default is-cropped wp-block-gallery-2 is-layout-flex wp-block-gallery-is-layout-flex\">\n<figure class=\"wp-block-image size-large\"><img loading=\"lazy\" decoding=\"async\" width=\"1024\" height=\"766\" data-id=\"533\" src=\"https:\/\/blogit.gradia.fi\/veerakoivulampi-tdpt2204\/wp-content\/uploads\/sites\/301\/2024\/01\/wp-1704195854449-1024x766.jpg\" alt=\"\" class=\"wp-image-533\" srcset=\"https:\/\/blogit.gradia.fi\/veerakoivulampi-tdpt2204\/wp-content\/uploads\/sites\/301\/2024\/01\/wp-1704195854449-1024x766.jpg 1024w, https:\/\/blogit.gradia.fi\/veerakoivulampi-tdpt2204\/wp-content\/uploads\/sites\/301\/2024\/01\/wp-1704195854449-300x224.jpg 300w, https:\/\/blogit.gradia.fi\/veerakoivulampi-tdpt2204\/wp-content\/uploads\/sites\/301\/2024\/01\/wp-1704195854449-768x574.jpg 768w, https:\/\/blogit.gradia.fi\/veerakoivulampi-tdpt2204\/wp-content\/uploads\/sites\/301\/2024\/01\/wp-1704195854449-1536x1149.jpg 1536w, https:\/\/blogit.gradia.fi\/veerakoivulampi-tdpt2204\/wp-content\/uploads\/sites\/301\/2024\/01\/wp-1704195854449-2048x1532.jpg 2048w\" sizes=\"auto, (max-width: 767px) 89vw, (max-width: 1000px) 54vw, (max-width: 1071px) 543px, 580px\" \/><\/figure>\n<\/figure>\n\n\n\n<p>Eevan kanssa p\u00e4hk\u00e4ilimme mist\u00e4 saisimme koristeita ja olisiko aikaa tehd\u00e4 sellaisia. Aloimme kaivamaan varastoja ja Eeva keksi tehd\u00e4 tyhjist\u00e4 lankarullista tonttuja. Innostuimme ideasta ja niit\u00e4 syntyikin aikamoinen lauma mm. m\u00f6rk\u00f6 ja K\u00e4\u00e4rij\u00e4 tonttu. Huopalaatikosta l\u00f6ysimme valmiiksi leikatun kuusen johon lis\u00e4simme vain koristeet.<\/p>\n\n\n\n<figure class=\"wp-block-image size-large is-resized\"><img loading=\"lazy\" decoding=\"async\" width=\"1024\" height=\"801\" src=\"https:\/\/blogit.gradia.fi\/veerakoivulampi-tdpt2204\/wp-content\/uploads\/sites\/301\/2024\/01\/wp-1704196413525-1024x801.jpg\" alt=\"\" class=\"wp-image-536\" style=\"width:502px;height:auto\" srcset=\"https:\/\/blogit.gradia.fi\/veerakoivulampi-tdpt2204\/wp-content\/uploads\/sites\/301\/2024\/01\/wp-1704196413525-1024x801.jpg 1024w, https:\/\/blogit.gradia.fi\/veerakoivulampi-tdpt2204\/wp-content\/uploads\/sites\/301\/2024\/01\/wp-1704196413525-300x235.jpg 300w, https:\/\/blogit.gradia.fi\/veerakoivulampi-tdpt2204\/wp-content\/uploads\/sites\/301\/2024\/01\/wp-1704196413525-768x601.jpg 768w, https:\/\/blogit.gradia.fi\/veerakoivulampi-tdpt2204\/wp-content\/uploads\/sites\/301\/2024\/01\/wp-1704196413525.jpg 1080w\" sizes=\"auto, (max-width: 767px) 89vw, (max-width: 1000px) 54vw, (max-width: 1071px) 543px, 580px\" \/><\/figure>\n\n\n\n<p>Opettajat huolehtivat tarjoilusta, joku kerta olisi hyv\u00e4 opetella ruokien tilaaminen ja noutaminen itse. Gl\u00f6gi ja piparit riittiv\u00e4t ja niit\u00e4 j\u00e4i paljo ylikin, koska saimme ylim\u00e4\u00e4r\u00e4isen piparikuljetuksen.<\/p>\n\n\n\n<figure class=\"wp-block-image size-large is-resized\"><img loading=\"lazy\" decoding=\"async\" width=\"1024\" height=\"800\" src=\"https:\/\/blogit.gradia.fi\/veerakoivulampi-tdpt2204\/wp-content\/uploads\/sites\/301\/2024\/01\/wp-1704196413552-1024x800.jpg\" alt=\"\" class=\"wp-image-537\" style=\"width:496px;height:auto\" srcset=\"https:\/\/blogit.gradia.fi\/veerakoivulampi-tdpt2204\/wp-content\/uploads\/sites\/301\/2024\/01\/wp-1704196413552-1024x800.jpg 1024w, https:\/\/blogit.gradia.fi\/veerakoivulampi-tdpt2204\/wp-content\/uploads\/sites\/301\/2024\/01\/wp-1704196413552-300x234.jpg 300w, https:\/\/blogit.gradia.fi\/veerakoivulampi-tdpt2204\/wp-content\/uploads\/sites\/301\/2024\/01\/wp-1704196413552-768x600.jpg 768w, https:\/\/blogit.gradia.fi\/veerakoivulampi-tdpt2204\/wp-content\/uploads\/sites\/301\/2024\/01\/wp-1704196413552.jpg 1080w\" sizes=\"auto, (max-width: 767px) 89vw, (max-width: 1000px) 54vw, (max-width: 1071px) 543px, 580px\" \/><\/figure>\n\n\n\n<p>Piparien koristelu oli todella suosittu ja siell\u00e4 valmistuikin monen monta hienoa piparia. Musiikki, h\u00e4m\u00e4r\u00e4 valaistus ja jouluvalot toivat tilaan ihanasti tunnelmaa.<\/p>\n\n\n\n<p>Pikkujoulut oli onnistunut tapahtuma ja ilahduin kuinka ihmiset oikeasti osallistuivat asukilpailuun ja piparien koristeluun tai muuten vain tulivat viett\u00e4m\u00e4\u00e4n aikaa tunnelmalliseen tilaan. Minusta t\u00e4m\u00e4 tapahtuma oli hyv\u00e4 esimerkki siit\u00e4 ettei ideoiden tarvitse l\u00e4hte\u00e4 laukalle ja aina ei tarvitse tehd\u00e4 kaikkea. Pienet ja yksinkertaiset asiat ovat riitt\u00e4vi\u00e4 ja niist\u00e4kin saa moni hyv\u00e4n mielen.<\/p>\n\n\n\n<p>Omasta mielest\u00e4ni p\u00e4\u00e4sin t\u00e4ss\u00e4 tapahtumassa hyvin mukaan, aiemmin minulla on ollut Tutor toiminnassa ulkopuolinen ja turha olo ja tuntuu ett\u00e4 en saa ideoitani esille ison ryhm\u00e4n kuullen.<\/p>\n\n\n\n<h2 class=\"wp-block-heading\">Kankaan yst\u00e4v\u00e4np\u00e4iv\u00e4 <\/h2>\n\n\n\n<p>J\u00e4rjestimme Eevan kanssa Yst\u00e4v\u00e4np\u00e4iv\u00e4-tapahtuman. P\u00e4iv\u00e4n ohjelmassa oli Halipassi-paja asiakaspalvelutilassa klo 9-10:45. Paja oli odotettua suositumpi ja venytimme sen aikataulua niin, ett\u00e4 kestikin niin kauan kuin halukkaita oli. Tarjoilimme kaakaota alakerran aulassa, oli kiva huomata kuinka ihmiset tulivat siit\u00e4 hyv\u00e4lle mielelle. Valokuvaus puolen tutoreiden oli tarkoitus j\u00e4rjest\u00e4\u00e4 Kaverikuvaus. Siin\u00e4 oli aluksi jotain ongelmia, mutta lopuksi kuvaus onnistui hyvin. P\u00e4iv\u00e4n teemana oli my\u00f6s pukeutua punaiseen\/vaaleanpunaiseen.<\/p>\n\n\n\n<figure class=\"wp-block-gallery has-nested-images columns-default is-cropped wp-block-gallery-3 is-layout-flex wp-block-gallery-is-layout-flex\">\n<figure class=\"wp-block-image size-large\"><img loading=\"lazy\" decoding=\"async\" width=\"1024\" height=\"766\" data-id=\"698\" src=\"https:\/\/blogit.gradia.fi\/veerakoivulampi-tdpt2204\/wp-content\/uploads\/sites\/301\/2024\/03\/wp-17097098941927823015820132568270-1024x766.jpg\" alt=\"\" class=\"wp-image-698\" srcset=\"https:\/\/blogit.gradia.fi\/veerakoivulampi-tdpt2204\/wp-content\/uploads\/sites\/301\/2024\/03\/wp-17097098941927823015820132568270-1024x766.jpg 1024w, https:\/\/blogit.gradia.fi\/veerakoivulampi-tdpt2204\/wp-content\/uploads\/sites\/301\/2024\/03\/wp-17097098941927823015820132568270-300x224.jpg 300w, https:\/\/blogit.gradia.fi\/veerakoivulampi-tdpt2204\/wp-content\/uploads\/sites\/301\/2024\/03\/wp-17097098941927823015820132568270-768x574.jpg 768w, https:\/\/blogit.gradia.fi\/veerakoivulampi-tdpt2204\/wp-content\/uploads\/sites\/301\/2024\/03\/wp-17097098941927823015820132568270-1536x1149.jpg 1536w, https:\/\/blogit.gradia.fi\/veerakoivulampi-tdpt2204\/wp-content\/uploads\/sites\/301\/2024\/03\/wp-17097098941927823015820132568270.jpg 2000w\" sizes=\"auto, (max-width: 767px) 89vw, (max-width: 1000px) 54vw, (max-width: 1071px) 543px, 580px\" \/><figcaption class=\"wp-element-caption\">Halipassi pohjien suunnittelua ja valmistusta<\/figcaption><\/figure>\n<\/figure>\n\n\n\n<p>Halusimme yst\u00e4v\u00e4np\u00e4iv\u00e4ksi jotain koristeita. Kiertelimme varastossa ja Eeva huomasi pinkit avaimenper\u00e4t ja keksimme tehd\u00e4 niist\u00e4 syd\u00e4mi\u00e4 koristamaan seini\u00e4<\/p>\n\n\n\n<figure class=\"wp-block-gallery has-nested-images columns-default is-cropped wp-block-gallery-4 is-layout-flex wp-block-gallery-is-layout-flex\">\n<figure class=\"wp-block-image size-large\"><img loading=\"lazy\" decoding=\"async\" width=\"1024\" height=\"766\" data-id=\"697\" src=\"https:\/\/blogit.gradia.fi\/veerakoivulampi-tdpt2204\/wp-content\/uploads\/sites\/301\/2024\/03\/wp-1709709894392631201032246032502-1024x766.jpg\" alt=\"\" class=\"wp-image-697\" srcset=\"https:\/\/blogit.gradia.fi\/veerakoivulampi-tdpt2204\/wp-content\/uploads\/sites\/301\/2024\/03\/wp-1709709894392631201032246032502-1024x766.jpg 1024w, https:\/\/blogit.gradia.fi\/veerakoivulampi-tdpt2204\/wp-content\/uploads\/sites\/301\/2024\/03\/wp-1709709894392631201032246032502-300x224.jpg 300w, https:\/\/blogit.gradia.fi\/veerakoivulampi-tdpt2204\/wp-content\/uploads\/sites\/301\/2024\/03\/wp-1709709894392631201032246032502-768x574.jpg 768w, https:\/\/blogit.gradia.fi\/veerakoivulampi-tdpt2204\/wp-content\/uploads\/sites\/301\/2024\/03\/wp-1709709894392631201032246032502-1536x1149.jpg 1536w, https:\/\/blogit.gradia.fi\/veerakoivulampi-tdpt2204\/wp-content\/uploads\/sites\/301\/2024\/03\/wp-1709709894392631201032246032502.jpg 2000w\" sizes=\"auto, (max-width: 767px) 89vw, (max-width: 1000px) 54vw, (max-width: 1071px) 543px, 580px\" \/><figcaption class=\"wp-element-caption\">Kuumaliimasimme palat yhteen<\/figcaption><\/figure>\n\n\n\n<figure class=\"wp-block-image size-large\"><img loading=\"lazy\" decoding=\"async\" width=\"1024\" height=\"766\" data-id=\"674\" src=\"https:\/\/blogit.gradia.fi\/veerakoivulampi-tdpt2204\/wp-content\/uploads\/sites\/301\/2024\/02\/wp-17085216845839151314409673061781-1024x766.jpg\" alt=\"\" class=\"wp-image-674\" srcset=\"https:\/\/blogit.gradia.fi\/veerakoivulampi-tdpt2204\/wp-content\/uploads\/sites\/301\/2024\/02\/wp-17085216845839151314409673061781-1024x766.jpg 1024w, https:\/\/blogit.gradia.fi\/veerakoivulampi-tdpt2204\/wp-content\/uploads\/sites\/301\/2024\/02\/wp-17085216845839151314409673061781-300x224.jpg 300w, https:\/\/blogit.gradia.fi\/veerakoivulampi-tdpt2204\/wp-content\/uploads\/sites\/301\/2024\/02\/wp-17085216845839151314409673061781-768x574.jpg 768w, https:\/\/blogit.gradia.fi\/veerakoivulampi-tdpt2204\/wp-content\/uploads\/sites\/301\/2024\/02\/wp-17085216845839151314409673061781-1536x1149.jpg 1536w, https:\/\/blogit.gradia.fi\/veerakoivulampi-tdpt2204\/wp-content\/uploads\/sites\/301\/2024\/02\/wp-17085216845839151314409673061781.jpg 2000w\" sizes=\"auto, (max-width: 767px) 89vw, (max-width: 1000px) 54vw, (max-width: 1071px) 543px, 580px\" \/><figcaption class=\"wp-element-caption\">syd\u00e4mist\u00e4 tuli kauniita ja ne oli nopea tehd\u00e4<\/figcaption><\/figure>\n<\/figure>\n\n\n\n<figure class=\"wp-block-gallery has-nested-images columns-default is-cropped wp-block-gallery-5 is-layout-flex wp-block-gallery-is-layout-flex\">\n<figure class=\"wp-block-image size-large\"><img loading=\"lazy\" decoding=\"async\" width=\"1024\" height=\"766\" data-id=\"672\" src=\"https:\/\/blogit.gradia.fi\/veerakoivulampi-tdpt2204\/wp-content\/uploads\/sites\/301\/2024\/02\/wp-1708521684773773736137323752968-1024x766.jpg\" alt=\"\" class=\"wp-image-672\" srcset=\"https:\/\/blogit.gradia.fi\/veerakoivulampi-tdpt2204\/wp-content\/uploads\/sites\/301\/2024\/02\/wp-1708521684773773736137323752968-1024x766.jpg 1024w, https:\/\/blogit.gradia.fi\/veerakoivulampi-tdpt2204\/wp-content\/uploads\/sites\/301\/2024\/02\/wp-1708521684773773736137323752968-300x224.jpg 300w, https:\/\/blogit.gradia.fi\/veerakoivulampi-tdpt2204\/wp-content\/uploads\/sites\/301\/2024\/02\/wp-1708521684773773736137323752968-768x574.jpg 768w, https:\/\/blogit.gradia.fi\/veerakoivulampi-tdpt2204\/wp-content\/uploads\/sites\/301\/2024\/02\/wp-1708521684773773736137323752968-1536x1149.jpg 1536w, https:\/\/blogit.gradia.fi\/veerakoivulampi-tdpt2204\/wp-content\/uploads\/sites\/301\/2024\/02\/wp-1708521684773773736137323752968.jpg 2000w\" sizes=\"auto, (max-width: 767px) 89vw, (max-width: 1000px) 54vw, (max-width: 1071px) 543px, 580px\" \/><figcaption class=\"wp-element-caption\">Ty\u00f6tilasta tuli ihanan tunnelmallinen, kun saimme kaikki koristeet ja tavarat paikoilleen. Sein\u00e4vaatteesta tuli juuri sopiva.<\/figcaption><\/figure>\n<\/figure>\n\n\n\n<figure class=\"wp-block-image size-large is-resized\"><img loading=\"lazy\" decoding=\"async\" width=\"766\" height=\"1024\" src=\"https:\/\/blogit.gradia.fi\/veerakoivulampi-tdpt2204\/wp-content\/uploads\/sites\/301\/2024\/03\/wp-17097098940218872862343780624502-766x1024.jpg\" alt=\"\" class=\"wp-image-695\" style=\"width:364px;height:auto\" srcset=\"https:\/\/blogit.gradia.fi\/veerakoivulampi-tdpt2204\/wp-content\/uploads\/sites\/301\/2024\/03\/wp-17097098940218872862343780624502-766x1024.jpg 766w, https:\/\/blogit.gradia.fi\/veerakoivulampi-tdpt2204\/wp-content\/uploads\/sites\/301\/2024\/03\/wp-17097098940218872862343780624502-224x300.jpg 224w, https:\/\/blogit.gradia.fi\/veerakoivulampi-tdpt2204\/wp-content\/uploads\/sites\/301\/2024\/03\/wp-17097098940218872862343780624502-768x1027.jpg 768w, https:\/\/blogit.gradia.fi\/veerakoivulampi-tdpt2204\/wp-content\/uploads\/sites\/301\/2024\/03\/wp-17097098940218872862343780624502-1149x1536.jpg 1149w, https:\/\/blogit.gradia.fi\/veerakoivulampi-tdpt2204\/wp-content\/uploads\/sites\/301\/2024\/03\/wp-17097098940218872862343780624502.jpg 1496w\" sizes=\"auto, (max-width: 706px) 89vw, (max-width: 767px) 82vw, 740px\" \/><\/figure>\n\n\n\n<p>Sein\u00e4vaatteen valmistimme vanhasta lakanasta ja tilkkukankaista leikatuista syd\u00e4mist\u00e4. Kiinnitimme syd\u00e4met nuppineuloilla.<\/p>\n\n\n\n<figure class=\"wp-block-gallery has-nested-images columns-default is-cropped wp-block-gallery-6 is-layout-flex wp-block-gallery-is-layout-flex\">\n<figure class=\"wp-block-image size-large\"><img loading=\"lazy\" decoding=\"async\" width=\"1024\" height=\"766\" data-id=\"671\" src=\"https:\/\/blogit.gradia.fi\/veerakoivulampi-tdpt2204\/wp-content\/uploads\/sites\/301\/2024\/02\/wp-17085216843894420292350251707017-1024x766.jpg\" alt=\"\" class=\"wp-image-671\" srcset=\"https:\/\/blogit.gradia.fi\/veerakoivulampi-tdpt2204\/wp-content\/uploads\/sites\/301\/2024\/02\/wp-17085216843894420292350251707017-1024x766.jpg 1024w, https:\/\/blogit.gradia.fi\/veerakoivulampi-tdpt2204\/wp-content\/uploads\/sites\/301\/2024\/02\/wp-17085216843894420292350251707017-300x224.jpg 300w, https:\/\/blogit.gradia.fi\/veerakoivulampi-tdpt2204\/wp-content\/uploads\/sites\/301\/2024\/02\/wp-17085216843894420292350251707017-768x574.jpg 768w, https:\/\/blogit.gradia.fi\/veerakoivulampi-tdpt2204\/wp-content\/uploads\/sites\/301\/2024\/02\/wp-17085216843894420292350251707017-1536x1149.jpg 1536w, https:\/\/blogit.gradia.fi\/veerakoivulampi-tdpt2204\/wp-content\/uploads\/sites\/301\/2024\/02\/wp-17085216843894420292350251707017.jpg 2000w\" sizes=\"auto, (max-width: 767px) 89vw, (max-width: 1000px) 54vw, (max-width: 1071px) 543px, 580px\" \/><figcaption class=\"wp-element-caption\">Asiakaspalvelutilan ikkunan koristelimme pehmoleluilla &lt;3<\/figcaption><\/figure>\n<\/figure>\n\n\n\n<figure class=\"wp-block-gallery has-nested-images columns-default is-cropped wp-block-gallery-7 is-layout-flex wp-block-gallery-is-layout-flex\">\n<figure class=\"wp-block-image size-large\"><img loading=\"lazy\" decoding=\"async\" width=\"1024\" height=\"766\" data-id=\"673\" src=\"https:\/\/blogit.gradia.fi\/veerakoivulampi-tdpt2204\/wp-content\/uploads\/sites\/301\/2024\/02\/wp-17085216841928014033074536301897-1024x766.jpg\" alt=\"\" class=\"wp-image-673\" srcset=\"https:\/\/blogit.gradia.fi\/veerakoivulampi-tdpt2204\/wp-content\/uploads\/sites\/301\/2024\/02\/wp-17085216841928014033074536301897-1024x766.jpg 1024w, https:\/\/blogit.gradia.fi\/veerakoivulampi-tdpt2204\/wp-content\/uploads\/sites\/301\/2024\/02\/wp-17085216841928014033074536301897-300x224.jpg 300w, https:\/\/blogit.gradia.fi\/veerakoivulampi-tdpt2204\/wp-content\/uploads\/sites\/301\/2024\/02\/wp-17085216841928014033074536301897-768x574.jpg 768w, https:\/\/blogit.gradia.fi\/veerakoivulampi-tdpt2204\/wp-content\/uploads\/sites\/301\/2024\/02\/wp-17085216841928014033074536301897-1536x1149.jpg 1536w, https:\/\/blogit.gradia.fi\/veerakoivulampi-tdpt2204\/wp-content\/uploads\/sites\/301\/2024\/02\/wp-17085216841928014033074536301897.jpg 2000w\" sizes=\"auto, (max-width: 767px) 89vw, (max-width: 1000px) 54vw, (max-width: 1071px) 543px, 580px\" \/><figcaption class=\"wp-element-caption\">Opiskelijoita ty\u00f6n touhussa<\/figcaption><\/figure>\n\n\n\n<figure class=\"wp-block-image size-large\"><img loading=\"lazy\" decoding=\"async\" width=\"766\" height=\"1024\" data-id=\"670\" src=\"https:\/\/blogit.gradia.fi\/veerakoivulampi-tdpt2204\/wp-content\/uploads\/sites\/301\/2024\/02\/wp-17085216839147752298898048631559-766x1024.jpg\" alt=\"\" class=\"wp-image-670\" srcset=\"https:\/\/blogit.gradia.fi\/veerakoivulampi-tdpt2204\/wp-content\/uploads\/sites\/301\/2024\/02\/wp-17085216839147752298898048631559-766x1024.jpg 766w, https:\/\/blogit.gradia.fi\/veerakoivulampi-tdpt2204\/wp-content\/uploads\/sites\/301\/2024\/02\/wp-17085216839147752298898048631559-224x300.jpg 224w, https:\/\/blogit.gradia.fi\/veerakoivulampi-tdpt2204\/wp-content\/uploads\/sites\/301\/2024\/02\/wp-17085216839147752298898048631559-768x1027.jpg 768w, https:\/\/blogit.gradia.fi\/veerakoivulampi-tdpt2204\/wp-content\/uploads\/sites\/301\/2024\/02\/wp-17085216839147752298898048631559-1149x1536.jpg 1149w, https:\/\/blogit.gradia.fi\/veerakoivulampi-tdpt2204\/wp-content\/uploads\/sites\/301\/2024\/02\/wp-17085216839147752298898048631559.jpg 1496w\" sizes=\"auto, (max-width: 706px) 89vw, (max-width: 767px) 82vw, 740px\" \/><\/figure>\n<\/figure>\n\n\n\n<p>Tapahtuma oli kokonaisuudessaan onnistunut. Oli kiva tehd\u00e4 jotain arjesta poikkeavaa ja n\u00e4hd\u00e4 muiden opiskelijoiden ja henkil\u00f6kunnan nauttivan siit\u00e4. Muiden tutoreiden osallisuus j\u00e4i j\u00e4lleen vajaaksi, v\u00e4lill\u00e4 se tuntuu ty\u00f6l\u00e4\u00e4lt\u00e4 tehd\u00e4 kaikki Eevan kanssa kanssa kahdestaan. Onneksi saamme kuitenkin hyv\u00e4\u00e4 palautetta tekem\u00e4st\u00e4mme ty\u00f6st\u00e4. <\/p>\n\n\n\n<h2 class=\"wp-block-heading\">Kankaan p\u00e4\u00e4sinen<\/h2>\n\n\n\n<p>P\u00e4\u00e4si\u00e4is tapahtuman j\u00e4rjestin Eevan kanssa 28.3.2023. P\u00e4iv\u00e4lle suunniteltiin pukeutumista p\u00e4\u00e4si\u00e4isteemaan (pupu, kissa, tipu, kev\u00e4iset v\u00e4rit yms.) Pient\u00e4 tarjoilua yl\u00e4aulassa ja ohjaajaopiskelija Essi piti ihanan paperikukka pajan tekstiility\u00f6salissa. <\/p>\n\n\n\n<p>Tutoreiden oli tarkoitus pukeutua p\u00e4\u00e4si\u00e4ispupuiksi ja k\u00e4yd\u00e4 jakamassa suklaamunia pukeutuneille. Nykyisist\u00e4 tutoreista vain min\u00e4 ja Eeva oltiin pukeuduttu, mutta onneksi tulevat tutorit olivat panostaneet. Oli mukavaa kun muutkin koulun opiskelijat olivat osallistuneet. <\/p>\n\n\n\n<p>V\u00e4ke\u00e4 oli harmittavan v\u00e4h\u00e4n, mutta p\u00e4iv\u00e4 oli silti mukava ja minusta my\u00f6s onnistunut. J\u00e4lleen tuli esille se kuinka muut tutorit eiv\u00e4t panosta yht\u00e4\u00e4n yhteisiin tapahtumiin tai oikeastaan mihink\u00e4\u00e4n tutortoiminnan alla oleviin asioihin. Tulevat tutorit vaikuttavat olevan motivoituneita ja innokkaita, toivottavasti he my\u00f6s sitoutuvat.<\/p>\n\n\n\n<h2 class=\"wp-block-heading\">Kankaan vappu<\/h2>\n\n\n\n<p>Vapputapahtuma pidettiin 30.4.2024. P\u00e4iv\u00e4lle oltiin suunniteltu vapputeemaista pukeutumista, pient\u00e4 tarjoilua, virkkaus- ja naamiopajat ja kaverikuvaa ilmapallokaaren alla. Koristelimme k\u00e4yt\u00e4v\u00e4 ilmapalloilla ja serpentiinill\u00e4. En harmillisesti voinut osallistua tapahtuman j\u00e4rjestelyihin keskener\u00e4isten t\u00f6iden vuoksi. Annoin silti toisille ideoita mm. koristeluun.<\/p>\n\n\n\n<p>P\u00e4iv\u00e4 sujui ihan hyvin, vaikka koululla oli taas aika v\u00e4h\u00e4n opiskelijoita paikalla. Pajat eiv\u00e4t olleet niin suosittuja mit\u00e4 ne ovat aiemmin olleet. Naamiopajassa ei k\u00e4ynyt p\u00e4iv\u00e4n aikana kukaan. Sivusta seuratessa koko pajan j\u00e4rjestely oli hyvin kyseenalaista. Kukaan ei tuntunut ottavan pajaa omalle vastuulle ja sen &#8221;vet\u00e4j\u00e4&#8221; saapui koululle vasta silloin kun pajan olisi pit\u00e4nyt olla jo k\u00e4ynniss\u00e4.<\/p>\n\n\n\n<p>T\u00e4m\u00e4 oli viimeinen tutor tapahtuma miss\u00e4 min\u00e4 ja Eeva olimme mukana. Saa n\u00e4hd\u00e4 mit\u00e4 tuleville tapahtumille k\u00e4y.<\/p>\n","protected":false},"excerpt":{"rendered":"<p>Tutoreiden haku ja koulutus P\u00e4\u00e4tin hakea tutoriksi, koska siin\u00e4 oppii uusia asioita ja ja kokemusta ihmisten kanssa ty\u00f6skentelyst\u00e4. Haluan my\u00f6s n\u00e4ytt\u00e4\u00e4 esimerkki\u00e4 omalla toiminnallani. Jokainen tutor teki hakemuksen ja k\u00e4vi haastattelussa ja minusta se oli hyv\u00e4 idea tutoreiden valinnassa. Koulutuksia meill\u00e4 oli kaksi ja ne pidettiin Viitaniemell\u00e4. Siell\u00e4 tutustuimme toisiimme ja keksimme ideoita tuleviin tapahtumiin. &hellip; <\/p>\n<p class=\"link-more\"><a href=\"https:\/\/blogit.gradia.fi\/veerakoivulampi-tdpt2204\/2024\/01\/02\/tutor-juttuja\/\" class=\"more-link\">Jatka lukemista<span class=\"screen-reader-text\"> &#8221;Tutor-toiminta&#8221;<\/span><\/a><\/p>\n","protected":false},"author":845,"featured_media":0,"comment_status":"open","ping_status":"open","sticky":false,"template":"","format":"standard","meta":{"_uag_custom_page_level_css":"","footnotes":""},"categories":[1],"tags":[],"class_list":["post-322","post","type-post","status-publish","format-standard","hentry","category-yleinen"],"yoast_head":"<!-- This site is optimized with the Yoast SEO plugin v27.5 - https:\/\/yoast.com\/product\/yoast-seo-wordpress\/ -->\n<title>Tutor-toiminta - OPPIMISP\u00c4IV\u00c4KIRJA<\/title>\n<meta name=\"robots\" content=\"index, follow, max-snippet:-1, max-image-preview:large, max-video-preview:-1\" \/>\n<link rel=\"canonical\" href=\"https:\/\/blogit.gradia.fi\/veerakoivulampi-tdpt2204\/2024\/01\/02\/tutor-juttuja\/\" \/>\n<meta property=\"og:locale\" content=\"fi_FI\" \/>\n<meta property=\"og:type\" content=\"article\" \/>\n<meta property=\"og:title\" content=\"Tutor-toiminta - OPPIMISP\u00c4IV\u00c4KIRJA\" \/>\n<meta property=\"og:description\" content=\"Tutoreiden haku ja koulutus P\u00e4\u00e4tin hakea tutoriksi, koska siin\u00e4 oppii uusia asioita ja ja kokemusta ihmisten kanssa ty\u00f6skentelyst\u00e4. Haluan my\u00f6s n\u00e4ytt\u00e4\u00e4 esimerkki\u00e4 omalla toiminnallani. Jokainen tutor teki hakemuksen ja k\u00e4vi haastattelussa ja minusta se oli hyv\u00e4 idea tutoreiden valinnassa. Koulutuksia meill\u00e4 oli kaksi ja ne pidettiin Viitaniemell\u00e4. Siell\u00e4 tutustuimme toisiimme ja keksimme ideoita tuleviin tapahtumiin. &hellip; Jatka lukemista &quot;Tutor-toiminta&quot;\" \/>\n<meta property=\"og:url\" content=\"https:\/\/blogit.gradia.fi\/veerakoivulampi-tdpt2204\/2024\/01\/02\/tutor-juttuja\/\" \/>\n<meta property=\"og:site_name\" content=\"OPPIMISP\u00c4IV\u00c4KIRJA\" \/>\n<meta property=\"article:published_time\" content=\"2024-01-02T12:09:44+00:00\" \/>\n<meta property=\"article:modified_time\" content=\"2024-05-04T15:28:57+00:00\" \/>\n<meta property=\"og:image\" content=\"https:\/\/blogit.gradia.fi\/veerakoivulampi-tdpt2204\/wp-content\/uploads\/sites\/301\/2024\/01\/wp-1704196275186-766x1024.jpg\" \/>\n<meta name=\"author\" content=\"Veera Koivulampi\" \/>\n<meta name=\"twitter:card\" content=\"summary_large_image\" \/>\n<meta name=\"twitter:label1\" content=\"Kirjoittanut\" \/>\n\t<meta name=\"twitter:data1\" content=\"Veera Koivulampi\" \/>\n\t<meta name=\"twitter:label2\" content=\"Arvioitu lukuaika\" \/>\n\t<meta name=\"twitter:data2\" content=\"9 minuuttia\" \/>\n<script type=\"application\/ld+json\" class=\"yoast-schema-graph\">{\"@context\":\"https:\\\/\\\/schema.org\",\"@graph\":[{\"@type\":\"Article\",\"@id\":\"https:\\\/\\\/blogit.gradia.fi\\\/veerakoivulampi-tdpt2204\\\/2024\\\/01\\\/02\\\/tutor-juttuja\\\/#article\",\"isPartOf\":{\"@id\":\"https:\\\/\\\/blogit.gradia.fi\\\/veerakoivulampi-tdpt2204\\\/2024\\\/01\\\/02\\\/tutor-juttuja\\\/\"},\"author\":{\"name\":\"Veera Koivulampi\",\"@id\":\"https:\\\/\\\/blogit.gradia.fi\\\/veerakoivulampi-tdpt2204\\\/#\\\/schema\\\/person\\\/baebc61a044e375c85239379d1dee6d4\"},\"headline\":\"Tutor-toiminta\",\"datePublished\":\"2024-01-02T12:09:44+00:00\",\"dateModified\":\"2024-05-04T15:28:57+00:00\",\"mainEntityOfPage\":{\"@id\":\"https:\\\/\\\/blogit.gradia.fi\\\/veerakoivulampi-tdpt2204\\\/2024\\\/01\\\/02\\\/tutor-juttuja\\\/\"},\"wordCount\":1035,\"commentCount\":0,\"image\":{\"@id\":\"https:\\\/\\\/blogit.gradia.fi\\\/veerakoivulampi-tdpt2204\\\/2024\\\/01\\\/02\\\/tutor-juttuja\\\/#primaryimage\"},\"thumbnailUrl\":\"https:\\\/\\\/blogit.gradia.fi\\\/veerakoivulampi-tdpt2204\\\/wp-content\\\/uploads\\\/sites\\\/301\\\/2024\\\/01\\\/wp-1704196275186-766x1024.jpg\",\"inLanguage\":\"fi\",\"potentialAction\":[{\"@type\":\"CommentAction\",\"name\":\"Comment\",\"target\":[\"https:\\\/\\\/blogit.gradia.fi\\\/veerakoivulampi-tdpt2204\\\/2024\\\/01\\\/02\\\/tutor-juttuja\\\/#respond\"]}]},{\"@type\":\"WebPage\",\"@id\":\"https:\\\/\\\/blogit.gradia.fi\\\/veerakoivulampi-tdpt2204\\\/2024\\\/01\\\/02\\\/tutor-juttuja\\\/\",\"url\":\"https:\\\/\\\/blogit.gradia.fi\\\/veerakoivulampi-tdpt2204\\\/2024\\\/01\\\/02\\\/tutor-juttuja\\\/\",\"name\":\"Tutor-toiminta - OPPIMISP\u00c4IV\u00c4KIRJA\",\"isPartOf\":{\"@id\":\"https:\\\/\\\/blogit.gradia.fi\\\/veerakoivulampi-tdpt2204\\\/#website\"},\"primaryImageOfPage\":{\"@id\":\"https:\\\/\\\/blogit.gradia.fi\\\/veerakoivulampi-tdpt2204\\\/2024\\\/01\\\/02\\\/tutor-juttuja\\\/#primaryimage\"},\"image\":{\"@id\":\"https:\\\/\\\/blogit.gradia.fi\\\/veerakoivulampi-tdpt2204\\\/2024\\\/01\\\/02\\\/tutor-juttuja\\\/#primaryimage\"},\"thumbnailUrl\":\"https:\\\/\\\/blogit.gradia.fi\\\/veerakoivulampi-tdpt2204\\\/wp-content\\\/uploads\\\/sites\\\/301\\\/2024\\\/01\\\/wp-1704196275186-766x1024.jpg\",\"datePublished\":\"2024-01-02T12:09:44+00:00\",\"dateModified\":\"2024-05-04T15:28:57+00:00\",\"author\":{\"@id\":\"https:\\\/\\\/blogit.gradia.fi\\\/veerakoivulampi-tdpt2204\\\/#\\\/schema\\\/person\\\/baebc61a044e375c85239379d1dee6d4\"},\"breadcrumb\":{\"@id\":\"https:\\\/\\\/blogit.gradia.fi\\\/veerakoivulampi-tdpt2204\\\/2024\\\/01\\\/02\\\/tutor-juttuja\\\/#breadcrumb\"},\"inLanguage\":\"fi\",\"potentialAction\":[{\"@type\":\"ReadAction\",\"target\":[\"https:\\\/\\\/blogit.gradia.fi\\\/veerakoivulampi-tdpt2204\\\/2024\\\/01\\\/02\\\/tutor-juttuja\\\/\"]}]},{\"@type\":\"ImageObject\",\"inLanguage\":\"fi\",\"@id\":\"https:\\\/\\\/blogit.gradia.fi\\\/veerakoivulampi-tdpt2204\\\/2024\\\/01\\\/02\\\/tutor-juttuja\\\/#primaryimage\",\"url\":\"https:\\\/\\\/blogit.gradia.fi\\\/veerakoivulampi-tdpt2204\\\/wp-content\\\/uploads\\\/sites\\\/301\\\/2024\\\/01\\\/wp-1704196275186-scaled.jpg\",\"contentUrl\":\"https:\\\/\\\/blogit.gradia.fi\\\/veerakoivulampi-tdpt2204\\\/wp-content\\\/uploads\\\/sites\\\/301\\\/2024\\\/01\\\/wp-1704196275186-scaled.jpg\",\"width\":1915,\"height\":2560},{\"@type\":\"BreadcrumbList\",\"@id\":\"https:\\\/\\\/blogit.gradia.fi\\\/veerakoivulampi-tdpt2204\\\/2024\\\/01\\\/02\\\/tutor-juttuja\\\/#breadcrumb\",\"itemListElement\":[{\"@type\":\"ListItem\",\"position\":1,\"name\":\"Etusivu\",\"item\":\"https:\\\/\\\/blogit.gradia.fi\\\/veerakoivulampi-tdpt2204\\\/\"},{\"@type\":\"ListItem\",\"position\":2,\"name\":\"Tutor-toiminta\"}]},{\"@type\":\"WebSite\",\"@id\":\"https:\\\/\\\/blogit.gradia.fi\\\/veerakoivulampi-tdpt2204\\\/#website\",\"url\":\"https:\\\/\\\/blogit.gradia.fi\\\/veerakoivulampi-tdpt2204\\\/\",\"name\":\"OPPIMISP\u00c4IV\u00c4KIRJA\",\"description\":\"Veera Koivulampi, Tekstiiliartesaani opiskelija\",\"potentialAction\":[{\"@type\":\"SearchAction\",\"target\":{\"@type\":\"EntryPoint\",\"urlTemplate\":\"https:\\\/\\\/blogit.gradia.fi\\\/veerakoivulampi-tdpt2204\\\/?s={search_term_string}\"},\"query-input\":{\"@type\":\"PropertyValueSpecification\",\"valueRequired\":true,\"valueName\":\"search_term_string\"}}],\"inLanguage\":\"fi\"},{\"@type\":\"Person\",\"@id\":\"https:\\\/\\\/blogit.gradia.fi\\\/veerakoivulampi-tdpt2204\\\/#\\\/schema\\\/person\\\/baebc61a044e375c85239379d1dee6d4\",\"name\":\"Veera Koivulampi\",\"image\":{\"@type\":\"ImageObject\",\"inLanguage\":\"fi\",\"@id\":\"https:\\\/\\\/secure.gravatar.com\\\/avatar\\\/b52b55942ef30ce9c6eebb3a04d006bd59d67a87d516db5e230736e52dc955a3?s=96&d=mm&r=g\",\"url\":\"https:\\\/\\\/secure.gravatar.com\\\/avatar\\\/b52b55942ef30ce9c6eebb3a04d006bd59d67a87d516db5e230736e52dc955a3?s=96&d=mm&r=g\",\"contentUrl\":\"https:\\\/\\\/secure.gravatar.com\\\/avatar\\\/b52b55942ef30ce9c6eebb3a04d006bd59d67a87d516db5e230736e52dc955a3?s=96&d=mm&r=g\",\"caption\":\"Veera Koivulampi\"},\"url\":\"https:\\\/\\\/blogit.gradia.fi\\\/veerakoivulampi-tdpt2204\\\/author\\\/gr277841\\\/\"}]}<\/script>\n<!-- \/ Yoast SEO plugin. -->","yoast_head_json":{"title":"Tutor-toiminta - OPPIMISP\u00c4IV\u00c4KIRJA","robots":{"index":"index","follow":"follow","max-snippet":"max-snippet:-1","max-image-preview":"max-image-preview:large","max-video-preview":"max-video-preview:-1"},"canonical":"https:\/\/blogit.gradia.fi\/veerakoivulampi-tdpt2204\/2024\/01\/02\/tutor-juttuja\/","og_locale":"fi_FI","og_type":"article","og_title":"Tutor-toiminta - OPPIMISP\u00c4IV\u00c4KIRJA","og_description":"Tutoreiden haku ja koulutus P\u00e4\u00e4tin hakea tutoriksi, koska siin\u00e4 oppii uusia asioita ja ja kokemusta ihmisten kanssa ty\u00f6skentelyst\u00e4. Haluan my\u00f6s n\u00e4ytt\u00e4\u00e4 esimerkki\u00e4 omalla toiminnallani. Jokainen tutor teki hakemuksen ja k\u00e4vi haastattelussa ja minusta se oli hyv\u00e4 idea tutoreiden valinnassa. Koulutuksia meill\u00e4 oli kaksi ja ne pidettiin Viitaniemell\u00e4. Siell\u00e4 tutustuimme toisiimme ja keksimme ideoita tuleviin tapahtumiin. &hellip; Jatka lukemista \"Tutor-toiminta\"","og_url":"https:\/\/blogit.gradia.fi\/veerakoivulampi-tdpt2204\/2024\/01\/02\/tutor-juttuja\/","og_site_name":"OPPIMISP\u00c4IV\u00c4KIRJA","article_published_time":"2024-01-02T12:09:44+00:00","article_modified_time":"2024-05-04T15:28:57+00:00","og_image":[{"url":"https:\/\/blogit.gradia.fi\/veerakoivulampi-tdpt2204\/wp-content\/uploads\/sites\/301\/2024\/01\/wp-1704196275186-766x1024.jpg","type":"","width":"","height":""}],"author":"Veera Koivulampi","twitter_card":"summary_large_image","twitter_misc":{"Kirjoittanut":"Veera Koivulampi","Arvioitu lukuaika":"9 minuuttia"},"schema":{"@context":"https:\/\/schema.org","@graph":[{"@type":"Article","@id":"https:\/\/blogit.gradia.fi\/veerakoivulampi-tdpt2204\/2024\/01\/02\/tutor-juttuja\/#article","isPartOf":{"@id":"https:\/\/blogit.gradia.fi\/veerakoivulampi-tdpt2204\/2024\/01\/02\/tutor-juttuja\/"},"author":{"name":"Veera Koivulampi","@id":"https:\/\/blogit.gradia.fi\/veerakoivulampi-tdpt2204\/#\/schema\/person\/baebc61a044e375c85239379d1dee6d4"},"headline":"Tutor-toiminta","datePublished":"2024-01-02T12:09:44+00:00","dateModified":"2024-05-04T15:28:57+00:00","mainEntityOfPage":{"@id":"https:\/\/blogit.gradia.fi\/veerakoivulampi-tdpt2204\/2024\/01\/02\/tutor-juttuja\/"},"wordCount":1035,"commentCount":0,"image":{"@id":"https:\/\/blogit.gradia.fi\/veerakoivulampi-tdpt2204\/2024\/01\/02\/tutor-juttuja\/#primaryimage"},"thumbnailUrl":"https:\/\/blogit.gradia.fi\/veerakoivulampi-tdpt2204\/wp-content\/uploads\/sites\/301\/2024\/01\/wp-1704196275186-766x1024.jpg","inLanguage":"fi","potentialAction":[{"@type":"CommentAction","name":"Comment","target":["https:\/\/blogit.gradia.fi\/veerakoivulampi-tdpt2204\/2024\/01\/02\/tutor-juttuja\/#respond"]}]},{"@type":"WebPage","@id":"https:\/\/blogit.gradia.fi\/veerakoivulampi-tdpt2204\/2024\/01\/02\/tutor-juttuja\/","url":"https:\/\/blogit.gradia.fi\/veerakoivulampi-tdpt2204\/2024\/01\/02\/tutor-juttuja\/","name":"Tutor-toiminta - OPPIMISP\u00c4IV\u00c4KIRJA","isPartOf":{"@id":"https:\/\/blogit.gradia.fi\/veerakoivulampi-tdpt2204\/#website"},"primaryImageOfPage":{"@id":"https:\/\/blogit.gradia.fi\/veerakoivulampi-tdpt2204\/2024\/01\/02\/tutor-juttuja\/#primaryimage"},"image":{"@id":"https:\/\/blogit.gradia.fi\/veerakoivulampi-tdpt2204\/2024\/01\/02\/tutor-juttuja\/#primaryimage"},"thumbnailUrl":"https:\/\/blogit.gradia.fi\/veerakoivulampi-tdpt2204\/wp-content\/uploads\/sites\/301\/2024\/01\/wp-1704196275186-766x1024.jpg","datePublished":"2024-01-02T12:09:44+00:00","dateModified":"2024-05-04T15:28:57+00:00","author":{"@id":"https:\/\/blogit.gradia.fi\/veerakoivulampi-tdpt2204\/#\/schema\/person\/baebc61a044e375c85239379d1dee6d4"},"breadcrumb":{"@id":"https:\/\/blogit.gradia.fi\/veerakoivulampi-tdpt2204\/2024\/01\/02\/tutor-juttuja\/#breadcrumb"},"inLanguage":"fi","potentialAction":[{"@type":"ReadAction","target":["https:\/\/blogit.gradia.fi\/veerakoivulampi-tdpt2204\/2024\/01\/02\/tutor-juttuja\/"]}]},{"@type":"ImageObject","inLanguage":"fi","@id":"https:\/\/blogit.gradia.fi\/veerakoivulampi-tdpt2204\/2024\/01\/02\/tutor-juttuja\/#primaryimage","url":"https:\/\/blogit.gradia.fi\/veerakoivulampi-tdpt2204\/wp-content\/uploads\/sites\/301\/2024\/01\/wp-1704196275186-scaled.jpg","contentUrl":"https:\/\/blogit.gradia.fi\/veerakoivulampi-tdpt2204\/wp-content\/uploads\/sites\/301\/2024\/01\/wp-1704196275186-scaled.jpg","width":1915,"height":2560},{"@type":"BreadcrumbList","@id":"https:\/\/blogit.gradia.fi\/veerakoivulampi-tdpt2204\/2024\/01\/02\/tutor-juttuja\/#breadcrumb","itemListElement":[{"@type":"ListItem","position":1,"name":"Etusivu","item":"https:\/\/blogit.gradia.fi\/veerakoivulampi-tdpt2204\/"},{"@type":"ListItem","position":2,"name":"Tutor-toiminta"}]},{"@type":"WebSite","@id":"https:\/\/blogit.gradia.fi\/veerakoivulampi-tdpt2204\/#website","url":"https:\/\/blogit.gradia.fi\/veerakoivulampi-tdpt2204\/","name":"OPPIMISP\u00c4IV\u00c4KIRJA","description":"Veera Koivulampi, Tekstiiliartesaani opiskelija","potentialAction":[{"@type":"SearchAction","target":{"@type":"EntryPoint","urlTemplate":"https:\/\/blogit.gradia.fi\/veerakoivulampi-tdpt2204\/?s={search_term_string}"},"query-input":{"@type":"PropertyValueSpecification","valueRequired":true,"valueName":"search_term_string"}}],"inLanguage":"fi"},{"@type":"Person","@id":"https:\/\/blogit.gradia.fi\/veerakoivulampi-tdpt2204\/#\/schema\/person\/baebc61a044e375c85239379d1dee6d4","name":"Veera Koivulampi","image":{"@type":"ImageObject","inLanguage":"fi","@id":"https:\/\/secure.gravatar.com\/avatar\/b52b55942ef30ce9c6eebb3a04d006bd59d67a87d516db5e230736e52dc955a3?s=96&d=mm&r=g","url":"https:\/\/secure.gravatar.com\/avatar\/b52b55942ef30ce9c6eebb3a04d006bd59d67a87d516db5e230736e52dc955a3?s=96&d=mm&r=g","contentUrl":"https:\/\/secure.gravatar.com\/avatar\/b52b55942ef30ce9c6eebb3a04d006bd59d67a87d516db5e230736e52dc955a3?s=96&d=mm&r=g","caption":"Veera Koivulampi"},"url":"https:\/\/blogit.gradia.fi\/veerakoivulampi-tdpt2204\/author\/gr277841\/"}]}},"uagb_featured_image_src":{"full":false,"thumbnail":false,"medium":false,"medium_large":false,"large":false,"1536x1536":false,"2048x2048":false,"twentyseventeen-featured-image":false,"twentyseventeen-thumbnail-avatar":false},"uagb_author_info":{"display_name":"Veera Koivulampi","author_link":"https:\/\/blogit.gradia.fi\/veerakoivulampi-tdpt2204\/author\/gr277841\/"},"uagb_comment_info":0,"uagb_excerpt":"Tutoreiden haku ja koulutus P\u00e4\u00e4tin hakea tutoriksi, koska siin\u00e4 oppii uusia asioita ja ja kokemusta ihmisten kanssa ty\u00f6skentelyst\u00e4. Haluan my\u00f6s n\u00e4ytt\u00e4\u00e4 esimerkki\u00e4 omalla toiminnallani. Jokainen tutor teki hakemuksen ja k\u00e4vi haastattelussa ja minusta se oli hyv\u00e4 idea tutoreiden valinnassa. Koulutuksia meill\u00e4 oli kaksi ja ne pidettiin Viitaniemell\u00e4. Siell\u00e4 tutustuimme toisiimme ja keksimme ideoita tuleviin tapahtumiin.&hellip;","_links":{"self":[{"href":"https:\/\/blogit.gradia.fi\/veerakoivulampi-tdpt2204\/wp-json\/wp\/v2\/posts\/322","targetHints":{"allow":["GET"]}}],"collection":[{"href":"https:\/\/blogit.gradia.fi\/veerakoivulampi-tdpt2204\/wp-json\/wp\/v2\/posts"}],"about":[{"href":"https:\/\/blogit.gradia.fi\/veerakoivulampi-tdpt2204\/wp-json\/wp\/v2\/types\/post"}],"author":[{"embeddable":true,"href":"https:\/\/blogit.gradia.fi\/veerakoivulampi-tdpt2204\/wp-json\/wp\/v2\/users\/845"}],"replies":[{"embeddable":true,"href":"https:\/\/blogit.gradia.fi\/veerakoivulampi-tdpt2204\/wp-json\/wp\/v2\/comments?post=322"}],"version-history":[{"count":17,"href":"https:\/\/blogit.gradia.fi\/veerakoivulampi-tdpt2204\/wp-json\/wp\/v2\/posts\/322\/revisions"}],"predecessor-version":[{"id":846,"href":"https:\/\/blogit.gradia.fi\/veerakoivulampi-tdpt2204\/wp-json\/wp\/v2\/posts\/322\/revisions\/846"}],"wp:attachment":[{"href":"https:\/\/blogit.gradia.fi\/veerakoivulampi-tdpt2204\/wp-json\/wp\/v2\/media?parent=322"}],"wp:term":[{"taxonomy":"category","embeddable":true,"href":"https:\/\/blogit.gradia.fi\/veerakoivulampi-tdpt2204\/wp-json\/wp\/v2\/categories?post=322"},{"taxonomy":"post_tag","embeddable":true,"href":"https:\/\/blogit.gradia.fi\/veerakoivulampi-tdpt2204\/wp-json\/wp\/v2\/tags?post=322"}],"curies":[{"name":"wp","href":"https:\/\/api.w.org\/{rel}","templated":true}]}}