{"id":238,"date":"2023-04-02T15:31:21","date_gmt":"2023-04-02T12:31:21","guid":{"rendered":"https:\/\/blogit.gradia.fi\/veerakoivulampi-tdpt2204\/?p=238"},"modified":"2024-03-06T10:12:19","modified_gmt":"2024-03-06T08:12:19","slug":"tuotteen-asiakaslahtoinen-suunnittelu-ja-valmistelu","status":"publish","type":"post","link":"https:\/\/blogit.gradia.fi\/veerakoivulampi-tdpt2204\/2023\/04\/02\/tuotteen-asiakaslahtoinen-suunnittelu-ja-valmistelu\/","title":{"rendered":"Tuotteen asiakasl\u00e4ht\u00f6inen suunnittelu ja valmistaminen"},"content":{"rendered":"\n<figure class=\"wp-block-image size-large is-resized\"><img loading=\"lazy\" decoding=\"async\" width=\"766\" height=\"1024\" src=\"https:\/\/blogit.gradia.fi\/veerakoivulampi-tdpt2204\/wp-content\/uploads\/sites\/301\/2023\/03\/IMG_20230316_134023-766x1024.jpg\" alt=\"\" class=\"wp-image-228\" srcset=\"https:\/\/blogit.gradia.fi\/veerakoivulampi-tdpt2204\/wp-content\/uploads\/sites\/301\/2023\/03\/IMG_20230316_134023-766x1024.jpg 766w, https:\/\/blogit.gradia.fi\/veerakoivulampi-tdpt2204\/wp-content\/uploads\/sites\/301\/2023\/03\/IMG_20230316_134023-224x300.jpg 224w, https:\/\/blogit.gradia.fi\/veerakoivulampi-tdpt2204\/wp-content\/uploads\/sites\/301\/2023\/03\/IMG_20230316_134023-768x1027.jpg 768w, https:\/\/blogit.gradia.fi\/veerakoivulampi-tdpt2204\/wp-content\/uploads\/sites\/301\/2023\/03\/IMG_20230316_134023-1149x1536.jpg 1149w, https:\/\/blogit.gradia.fi\/veerakoivulampi-tdpt2204\/wp-content\/uploads\/sites\/301\/2023\/03\/IMG_20230316_134023-1532x2048.jpg 1532w, https:\/\/blogit.gradia.fi\/veerakoivulampi-tdpt2204\/wp-content\/uploads\/sites\/301\/2023\/03\/IMG_20230316_134023-scaled.jpg 1915w\" sizes=\"auto, (max-width: 706px) 89vw, (max-width: 767px) 82vw, 740px\" \/><figcaption class=\"wp-element-caption\">Ensimm\u00e4inen iskuhapsu kokeilu. Materiaalina k\u00e4ytettiin pakkausmuovia ja muurauslankaa.<\/figcaption><\/figure>\n\n\n\n<figure class=\"wp-block-image size-large is-resized\"><img loading=\"lazy\" decoding=\"async\" width=\"766\" height=\"1024\" src=\"https:\/\/blogit.gradia.fi\/veerakoivulampi-tdpt2204\/wp-content\/uploads\/sites\/301\/2023\/03\/IMG_20230316_134110-766x1024.jpg\" alt=\"\" class=\"wp-image-230\" srcset=\"https:\/\/blogit.gradia.fi\/veerakoivulampi-tdpt2204\/wp-content\/uploads\/sites\/301\/2023\/03\/IMG_20230316_134110-766x1024.jpg 766w, https:\/\/blogit.gradia.fi\/veerakoivulampi-tdpt2204\/wp-content\/uploads\/sites\/301\/2023\/03\/IMG_20230316_134110-224x300.jpg 224w, https:\/\/blogit.gradia.fi\/veerakoivulampi-tdpt2204\/wp-content\/uploads\/sites\/301\/2023\/03\/IMG_20230316_134110-768x1027.jpg 768w, https:\/\/blogit.gradia.fi\/veerakoivulampi-tdpt2204\/wp-content\/uploads\/sites\/301\/2023\/03\/IMG_20230316_134110-1149x1536.jpg 1149w, https:\/\/blogit.gradia.fi\/veerakoivulampi-tdpt2204\/wp-content\/uploads\/sites\/301\/2023\/03\/IMG_20230316_134110-1532x2048.jpg 1532w, https:\/\/blogit.gradia.fi\/veerakoivulampi-tdpt2204\/wp-content\/uploads\/sites\/301\/2023\/03\/IMG_20230316_134110-scaled.jpg 1915w\" sizes=\"auto, (max-width: 706px) 89vw, (max-width: 767px) 82vw, 740px\" \/><figcaption class=\"wp-element-caption\">T\u00e4m\u00e4n iskuhapsu kokeilun tein kokonaan muovisiimasta.<\/figcaption><\/figure>\n\n\n\n<figure class=\"wp-block-image size-large is-resized\"><img loading=\"lazy\" decoding=\"async\" width=\"766\" height=\"1024\" src=\"https:\/\/blogit.gradia.fi\/veerakoivulampi-tdpt2204\/wp-content\/uploads\/sites\/301\/2023\/03\/IMG_20230316_133849-766x1024.jpg\" alt=\"\" class=\"wp-image-232\" srcset=\"https:\/\/blogit.gradia.fi\/veerakoivulampi-tdpt2204\/wp-content\/uploads\/sites\/301\/2023\/03\/IMG_20230316_133849-766x1024.jpg 766w, https:\/\/blogit.gradia.fi\/veerakoivulampi-tdpt2204\/wp-content\/uploads\/sites\/301\/2023\/03\/IMG_20230316_133849-224x300.jpg 224w, https:\/\/blogit.gradia.fi\/veerakoivulampi-tdpt2204\/wp-content\/uploads\/sites\/301\/2023\/03\/IMG_20230316_133849-768x1027.jpg 768w, https:\/\/blogit.gradia.fi\/veerakoivulampi-tdpt2204\/wp-content\/uploads\/sites\/301\/2023\/03\/IMG_20230316_133849-1149x1536.jpg 1149w, https:\/\/blogit.gradia.fi\/veerakoivulampi-tdpt2204\/wp-content\/uploads\/sites\/301\/2023\/03\/IMG_20230316_133849-1532x2048.jpg 1532w, https:\/\/blogit.gradia.fi\/veerakoivulampi-tdpt2204\/wp-content\/uploads\/sites\/301\/2023\/03\/IMG_20230316_133849-scaled.jpg 1915w\" sizes=\"auto, (max-width: 706px) 89vw, (max-width: 767px) 82vw, 740px\" \/><figcaption class=\"wp-element-caption\">T\u00e4h\u00e4n iskuhapsu p\u00e4tk\u00e4\u00e4n k\u00e4ytin ohutta verhokangasta ja muovisiimaa. Lopputuloksesta tuli minusta n\u00e4tti ja se sopisi hyvin vaikka h\u00e4\u00e4koristeeksi.<\/figcaption><\/figure>\n\n\n\n<figure class=\"wp-block-image size-large is-resized\"><img loading=\"lazy\" decoding=\"async\" width=\"766\" height=\"1024\" src=\"https:\/\/blogit.gradia.fi\/veerakoivulampi-tdpt2204\/wp-content\/uploads\/sites\/301\/2023\/03\/IMG_20230224_135701-766x1024.jpg\" alt=\"\" class=\"wp-image-191\" srcset=\"https:\/\/blogit.gradia.fi\/veerakoivulampi-tdpt2204\/wp-content\/uploads\/sites\/301\/2023\/03\/IMG_20230224_135701-766x1024.jpg 766w, https:\/\/blogit.gradia.fi\/veerakoivulampi-tdpt2204\/wp-content\/uploads\/sites\/301\/2023\/03\/IMG_20230224_135701-224x300.jpg 224w, https:\/\/blogit.gradia.fi\/veerakoivulampi-tdpt2204\/wp-content\/uploads\/sites\/301\/2023\/03\/IMG_20230224_135701-768x1027.jpg 768w, https:\/\/blogit.gradia.fi\/veerakoivulampi-tdpt2204\/wp-content\/uploads\/sites\/301\/2023\/03\/IMG_20230224_135701-1149x1536.jpg 1149w, https:\/\/blogit.gradia.fi\/veerakoivulampi-tdpt2204\/wp-content\/uploads\/sites\/301\/2023\/03\/IMG_20230224_135701-1532x2048.jpg 1532w, https:\/\/blogit.gradia.fi\/veerakoivulampi-tdpt2204\/wp-content\/uploads\/sites\/301\/2023\/03\/IMG_20230224_135701-scaled.jpg 1915w\" sizes=\"auto, (max-width: 706px) 89vw, (max-width: 767px) 82vw, 740px\" \/><figcaption class=\"wp-element-caption\">Joku luokasta sanoi ett\u00e4 muovinen aurinkopitsi n\u00e4ytt\u00e4\u00e4 ihan meduusan p\u00e4\u00e4lt\u00e4. L\u00e4hdin ty\u00f6st\u00e4m\u00e4\u00e4n ideaa koska halusin tiet\u00e4\u00e4 olisiko sellaista mahdollista tehd\u00e4. Lonkerot tein samasta muovista, osan muovista ny\u00f6ritin pitkiksi ny\u00f6reiksi. Lopputulokseen olen todella tyytyv\u00e4inen.<\/figcaption><\/figure>\n\n\n\n<h2 class=\"wp-block-heading\">Kohina<\/h2>\n\n\n\n<p>T\u00e4ss\u00e4 kuvia omasta panoksestani teoksen valmistuksessa.<\/p>\n\n\n\n<figure class=\"wp-block-gallery has-nested-images columns-default is-cropped wp-block-gallery-1 is-layout-flex wp-block-gallery-is-layout-flex\">\n<figure class=\"wp-block-image size-large\"><img loading=\"lazy\" decoding=\"async\" width=\"1024\" height=\"766\" data-id=\"234\" src=\"https:\/\/blogit.gradia.fi\/veerakoivulampi-tdpt2204\/wp-content\/uploads\/sites\/301\/2023\/03\/IMG_20230316_103338-1024x766.jpg\" alt=\"\" class=\"wp-image-234\" srcset=\"https:\/\/blogit.gradia.fi\/veerakoivulampi-tdpt2204\/wp-content\/uploads\/sites\/301\/2023\/03\/IMG_20230316_103338-1024x766.jpg 1024w, https:\/\/blogit.gradia.fi\/veerakoivulampi-tdpt2204\/wp-content\/uploads\/sites\/301\/2023\/03\/IMG_20230316_103338-300x224.jpg 300w, https:\/\/blogit.gradia.fi\/veerakoivulampi-tdpt2204\/wp-content\/uploads\/sites\/301\/2023\/03\/IMG_20230316_103338-768x574.jpg 768w, https:\/\/blogit.gradia.fi\/veerakoivulampi-tdpt2204\/wp-content\/uploads\/sites\/301\/2023\/03\/IMG_20230316_103338-1536x1149.jpg 1536w, https:\/\/blogit.gradia.fi\/veerakoivulampi-tdpt2204\/wp-content\/uploads\/sites\/301\/2023\/03\/IMG_20230316_103338-2048x1532.jpg 2048w\" sizes=\"auto, (max-width: 767px) 89vw, (max-width: 1000px) 54vw, (max-width: 1071px) 543px, 580px\" \/><figcaption class=\"wp-element-caption\">Pakkausmuovi ja lahjanaru<\/figcaption><\/figure>\n\n\n\n<figure class=\"wp-block-image size-large\"><img loading=\"lazy\" decoding=\"async\" width=\"766\" height=\"1024\" data-id=\"216\" src=\"https:\/\/blogit.gradia.fi\/veerakoivulampi-tdpt2204\/wp-content\/uploads\/sites\/301\/2023\/03\/IMG_20230321_152811-766x1024.jpg\" alt=\"\" class=\"wp-image-216\" srcset=\"https:\/\/blogit.gradia.fi\/veerakoivulampi-tdpt2204\/wp-content\/uploads\/sites\/301\/2023\/03\/IMG_20230321_152811-766x1024.jpg 766w, https:\/\/blogit.gradia.fi\/veerakoivulampi-tdpt2204\/wp-content\/uploads\/sites\/301\/2023\/03\/IMG_20230321_152811-224x300.jpg 224w, https:\/\/blogit.gradia.fi\/veerakoivulampi-tdpt2204\/wp-content\/uploads\/sites\/301\/2023\/03\/IMG_20230321_152811-768x1027.jpg 768w, https:\/\/blogit.gradia.fi\/veerakoivulampi-tdpt2204\/wp-content\/uploads\/sites\/301\/2023\/03\/IMG_20230321_152811-1149x1536.jpg 1149w, https:\/\/blogit.gradia.fi\/veerakoivulampi-tdpt2204\/wp-content\/uploads\/sites\/301\/2023\/03\/IMG_20230321_152811-1532x2048.jpg 1532w, https:\/\/blogit.gradia.fi\/veerakoivulampi-tdpt2204\/wp-content\/uploads\/sites\/301\/2023\/03\/IMG_20230321_152811-scaled.jpg 1915w\" sizes=\"auto, (max-width: 706px) 89vw, (max-width: 767px) 82vw, 740px\" \/><\/figure>\n<\/figure>\n\n\n\n<figure class=\"wp-block-gallery has-nested-images columns-default is-cropped wp-block-gallery-2 is-layout-flex wp-block-gallery-is-layout-flex\">\n<figure class=\"wp-block-image size-large\"><img loading=\"lazy\" decoding=\"async\" width=\"1024\" height=\"766\" data-id=\"224\" src=\"https:\/\/blogit.gradia.fi\/veerakoivulampi-tdpt2204\/wp-content\/uploads\/sites\/301\/2023\/03\/IMG_20230317_104227-1024x766.jpg\" alt=\"\" class=\"wp-image-224\" srcset=\"https:\/\/blogit.gradia.fi\/veerakoivulampi-tdpt2204\/wp-content\/uploads\/sites\/301\/2023\/03\/IMG_20230317_104227-1024x766.jpg 1024w, https:\/\/blogit.gradia.fi\/veerakoivulampi-tdpt2204\/wp-content\/uploads\/sites\/301\/2023\/03\/IMG_20230317_104227-300x224.jpg 300w, https:\/\/blogit.gradia.fi\/veerakoivulampi-tdpt2204\/wp-content\/uploads\/sites\/301\/2023\/03\/IMG_20230317_104227-768x574.jpg 768w, https:\/\/blogit.gradia.fi\/veerakoivulampi-tdpt2204\/wp-content\/uploads\/sites\/301\/2023\/03\/IMG_20230317_104227-1536x1149.jpg 1536w, https:\/\/blogit.gradia.fi\/veerakoivulampi-tdpt2204\/wp-content\/uploads\/sites\/301\/2023\/03\/IMG_20230317_104227-2048x1532.jpg 2048w\" sizes=\"auto, (max-width: 767px) 89vw, (max-width: 1000px) 54vw, (max-width: 1071px) 543px, 580px\" \/><figcaption class=\"wp-element-caption\">Pakkausmuovi ja paalinaru<\/figcaption><\/figure>\n\n\n\n<figure class=\"wp-block-image size-large\"><img loading=\"lazy\" decoding=\"async\" width=\"766\" height=\"1024\" data-id=\"219\" src=\"https:\/\/blogit.gradia.fi\/veerakoivulampi-tdpt2204\/wp-content\/uploads\/sites\/301\/2023\/03\/IMG_20230321_152716-766x1024.jpg\" alt=\"\" class=\"wp-image-219\" srcset=\"https:\/\/blogit.gradia.fi\/veerakoivulampi-tdpt2204\/wp-content\/uploads\/sites\/301\/2023\/03\/IMG_20230321_152716-766x1024.jpg 766w, https:\/\/blogit.gradia.fi\/veerakoivulampi-tdpt2204\/wp-content\/uploads\/sites\/301\/2023\/03\/IMG_20230321_152716-224x300.jpg 224w, https:\/\/blogit.gradia.fi\/veerakoivulampi-tdpt2204\/wp-content\/uploads\/sites\/301\/2023\/03\/IMG_20230321_152716-768x1027.jpg 768w, https:\/\/blogit.gradia.fi\/veerakoivulampi-tdpt2204\/wp-content\/uploads\/sites\/301\/2023\/03\/IMG_20230321_152716-1149x1536.jpg 1149w, https:\/\/blogit.gradia.fi\/veerakoivulampi-tdpt2204\/wp-content\/uploads\/sites\/301\/2023\/03\/IMG_20230321_152716-1532x2048.jpg 1532w, https:\/\/blogit.gradia.fi\/veerakoivulampi-tdpt2204\/wp-content\/uploads\/sites\/301\/2023\/03\/IMG_20230321_152716-scaled.jpg 1915w\" sizes=\"auto, (max-width: 706px) 89vw, (max-width: 767px) 82vw, 740px\" \/><\/figure>\n<\/figure>\n\n\n\n<figure class=\"wp-block-gallery has-nested-images columns-default is-cropped wp-block-gallery-3 is-layout-flex wp-block-gallery-is-layout-flex\">\n<figure class=\"wp-block-image size-large\"><img loading=\"lazy\" decoding=\"async\" width=\"1024\" height=\"766\" data-id=\"218\" src=\"https:\/\/blogit.gradia.fi\/veerakoivulampi-tdpt2204\/wp-content\/uploads\/sites\/301\/2023\/03\/IMG_20230321_150033-1024x766.jpg\" alt=\"\" class=\"wp-image-218\" srcset=\"https:\/\/blogit.gradia.fi\/veerakoivulampi-tdpt2204\/wp-content\/uploads\/sites\/301\/2023\/03\/IMG_20230321_150033-1024x766.jpg 1024w, https:\/\/blogit.gradia.fi\/veerakoivulampi-tdpt2204\/wp-content\/uploads\/sites\/301\/2023\/03\/IMG_20230321_150033-300x224.jpg 300w, https:\/\/blogit.gradia.fi\/veerakoivulampi-tdpt2204\/wp-content\/uploads\/sites\/301\/2023\/03\/IMG_20230321_150033-768x574.jpg 768w, https:\/\/blogit.gradia.fi\/veerakoivulampi-tdpt2204\/wp-content\/uploads\/sites\/301\/2023\/03\/IMG_20230321_150033-1536x1149.jpg 1536w, https:\/\/blogit.gradia.fi\/veerakoivulampi-tdpt2204\/wp-content\/uploads\/sites\/301\/2023\/03\/IMG_20230321_150033-2048x1532.jpg 2048w\" sizes=\"auto, (max-width: 767px) 89vw, (max-width: 1000px) 54vw, (max-width: 1071px) 543px, 580px\" \/><figcaption class=\"wp-element-caption\">Raksamuovi ja matonkude<\/figcaption><\/figure>\n\n\n\n<figure class=\"wp-block-image size-large\"><img loading=\"lazy\" decoding=\"async\" width=\"766\" height=\"1024\" data-id=\"217\" src=\"https:\/\/blogit.gradia.fi\/veerakoivulampi-tdpt2204\/wp-content\/uploads\/sites\/301\/2023\/03\/IMG_20230321_152535-766x1024.jpg\" alt=\"\" class=\"wp-image-217\" srcset=\"https:\/\/blogit.gradia.fi\/veerakoivulampi-tdpt2204\/wp-content\/uploads\/sites\/301\/2023\/03\/IMG_20230321_152535-766x1024.jpg 766w, https:\/\/blogit.gradia.fi\/veerakoivulampi-tdpt2204\/wp-content\/uploads\/sites\/301\/2023\/03\/IMG_20230321_152535-224x300.jpg 224w, https:\/\/blogit.gradia.fi\/veerakoivulampi-tdpt2204\/wp-content\/uploads\/sites\/301\/2023\/03\/IMG_20230321_152535-768x1027.jpg 768w, https:\/\/blogit.gradia.fi\/veerakoivulampi-tdpt2204\/wp-content\/uploads\/sites\/301\/2023\/03\/IMG_20230321_152535-1149x1536.jpg 1149w, https:\/\/blogit.gradia.fi\/veerakoivulampi-tdpt2204\/wp-content\/uploads\/sites\/301\/2023\/03\/IMG_20230321_152535-1532x2048.jpg 1532w, https:\/\/blogit.gradia.fi\/veerakoivulampi-tdpt2204\/wp-content\/uploads\/sites\/301\/2023\/03\/IMG_20230321_152535-scaled.jpg 1915w\" sizes=\"auto, (max-width: 706px) 89vw, (max-width: 767px) 82vw, 740px\" \/><\/figure>\n<\/figure>\n\n\n\n<figure class=\"wp-block-image size-large is-resized\"><img loading=\"lazy\" decoding=\"async\" width=\"574\" height=\"1024\" src=\"https:\/\/blogit.gradia.fi\/veerakoivulampi-tdpt2204\/wp-content\/uploads\/sites\/301\/2023\/03\/IMG-20230321-WA0002-574x1024.jpg\" alt=\"\" class=\"wp-image-214\" style=\"width:506px;height:auto\" srcset=\"https:\/\/blogit.gradia.fi\/veerakoivulampi-tdpt2204\/wp-content\/uploads\/sites\/301\/2023\/03\/IMG-20230321-WA0002-574x1024.jpg 574w, https:\/\/blogit.gradia.fi\/veerakoivulampi-tdpt2204\/wp-content\/uploads\/sites\/301\/2023\/03\/IMG-20230321-WA0002-168x300.jpg 168w, https:\/\/blogit.gradia.fi\/veerakoivulampi-tdpt2204\/wp-content\/uploads\/sites\/301\/2023\/03\/IMG-20230321-WA0002-768x1370.jpg 768w, https:\/\/blogit.gradia.fi\/veerakoivulampi-tdpt2204\/wp-content\/uploads\/sites\/301\/2023\/03\/IMG-20230321-WA0002-861x1536.jpg 861w, https:\/\/blogit.gradia.fi\/veerakoivulampi-tdpt2204\/wp-content\/uploads\/sites\/301\/2023\/03\/IMG-20230321-WA0002.jpg 1144w\" sizes=\"auto, (max-width: 574px) 100vw, 574px\" \/><\/figure>\n\n\n\n<p>Iskuhapsu p\u00e4tk\u00e4t kiinnitettyn\u00e4 metallitankoon. Minusta lopputuloksesta tuli kiva vaikka v\u00e4lill\u00e4 meinasi toivo loppua ja mietinkin v\u00e4lill\u00e4 ettei t\u00e4st\u00e4 tule yht\u00e4\u00e4n mit\u00e4\u00e4n. Odotan innolla milt\u00e4 lopullinen teos n\u00e4ytt\u00e4\u00e4 valaistuna.<\/p>\n\n\n\n<figure class=\"wp-block-gallery has-nested-images columns-default is-cropped wp-block-gallery-4 is-layout-flex wp-block-gallery-is-layout-flex\">\n<figure class=\"wp-block-image size-large\"><img loading=\"lazy\" decoding=\"async\" width=\"1024\" height=\"766\" data-id=\"426\" src=\"https:\/\/blogit.gradia.fi\/veerakoivulampi-tdpt2204\/wp-content\/uploads\/sites\/301\/2023\/12\/wp-1701769584324-1024x766.jpg\" alt=\"\" class=\"wp-image-426\" srcset=\"https:\/\/blogit.gradia.fi\/veerakoivulampi-tdpt2204\/wp-content\/uploads\/sites\/301\/2023\/12\/wp-1701769584324-1024x766.jpg 1024w, https:\/\/blogit.gradia.fi\/veerakoivulampi-tdpt2204\/wp-content\/uploads\/sites\/301\/2023\/12\/wp-1701769584324-300x224.jpg 300w, https:\/\/blogit.gradia.fi\/veerakoivulampi-tdpt2204\/wp-content\/uploads\/sites\/301\/2023\/12\/wp-1701769584324-768x574.jpg 768w, https:\/\/blogit.gradia.fi\/veerakoivulampi-tdpt2204\/wp-content\/uploads\/sites\/301\/2023\/12\/wp-1701769584324-1536x1149.jpg 1536w, https:\/\/blogit.gradia.fi\/veerakoivulampi-tdpt2204\/wp-content\/uploads\/sites\/301\/2023\/12\/wp-1701769584324-2048x1532.jpg 2048w\" sizes=\"auto, (max-width: 767px) 89vw, (max-width: 1000px) 54vw, (max-width: 1071px) 543px, 580px\" \/><figcaption class=\"wp-element-caption\">Kaikki osat valmiina ja valmiina kokoamista varten.<\/figcaption><\/figure>\n<\/figure>\n\n\n\n<figure class=\"wp-block-image size-large is-resized\"><img loading=\"lazy\" decoding=\"async\" width=\"1024\" height=\"766\" src=\"https:\/\/blogit.gradia.fi\/veerakoivulampi-tdpt2204\/wp-content\/uploads\/sites\/301\/2023\/12\/wp-1701769584435-1024x766.jpg\" alt=\"\" class=\"wp-image-428\" style=\"width:675px;height:auto\" srcset=\"https:\/\/blogit.gradia.fi\/veerakoivulampi-tdpt2204\/wp-content\/uploads\/sites\/301\/2023\/12\/wp-1701769584435-1024x766.jpg 1024w, https:\/\/blogit.gradia.fi\/veerakoivulampi-tdpt2204\/wp-content\/uploads\/sites\/301\/2023\/12\/wp-1701769584435-300x224.jpg 300w, https:\/\/blogit.gradia.fi\/veerakoivulampi-tdpt2204\/wp-content\/uploads\/sites\/301\/2023\/12\/wp-1701769584435-768x574.jpg 768w, https:\/\/blogit.gradia.fi\/veerakoivulampi-tdpt2204\/wp-content\/uploads\/sites\/301\/2023\/12\/wp-1701769584435-1536x1149.jpg 1536w, https:\/\/blogit.gradia.fi\/veerakoivulampi-tdpt2204\/wp-content\/uploads\/sites\/301\/2023\/12\/wp-1701769584435-2048x1532.jpg 2048w\" sizes=\"auto, (max-width: 767px) 89vw, (max-width: 1000px) 54vw, (max-width: 1071px) 543px, 580px\" \/><\/figure>\n\n\n\n<p>Teoksen kokoaminen oli minusta mukavaa ja kokonaisuuteen olen hyvin tyytyv\u00e4inen.<\/p>\n\n\n\n<figure class=\"wp-block-image size-large is-resized\"><img loading=\"lazy\" decoding=\"async\" width=\"766\" height=\"1024\" src=\"https:\/\/blogit.gradia.fi\/veerakoivulampi-tdpt2204\/wp-content\/uploads\/sites\/301\/2023\/12\/wp-1701769584626-766x1024.jpg\" alt=\"\" class=\"wp-image-427\" style=\"width:429px;height:auto\" srcset=\"https:\/\/blogit.gradia.fi\/veerakoivulampi-tdpt2204\/wp-content\/uploads\/sites\/301\/2023\/12\/wp-1701769584626-766x1024.jpg 766w, https:\/\/blogit.gradia.fi\/veerakoivulampi-tdpt2204\/wp-content\/uploads\/sites\/301\/2023\/12\/wp-1701769584626-224x300.jpg 224w, https:\/\/blogit.gradia.fi\/veerakoivulampi-tdpt2204\/wp-content\/uploads\/sites\/301\/2023\/12\/wp-1701769584626-768x1027.jpg 768w, https:\/\/blogit.gradia.fi\/veerakoivulampi-tdpt2204\/wp-content\/uploads\/sites\/301\/2023\/12\/wp-1701769584626-1149x1536.jpg 1149w, https:\/\/blogit.gradia.fi\/veerakoivulampi-tdpt2204\/wp-content\/uploads\/sites\/301\/2023\/12\/wp-1701769584626-1532x2048.jpg 1532w, https:\/\/blogit.gradia.fi\/veerakoivulampi-tdpt2204\/wp-content\/uploads\/sites\/301\/2023\/12\/wp-1701769584626-scaled.jpg 1915w\" sizes=\"auto, (max-width: 706px) 89vw, (max-width: 767px) 82vw, 740px\" \/><\/figure>\n\n\n\n<p>Valaistuna teos sai ihan uuden ilmeen. Onnistuimme hyvin luomaan vedenalaisen teeman.<\/p>\n\n\n\n<h2 class=\"wp-block-heading\">Pakkasaamu<\/h2>\n\n\n\n<figure class=\"wp-block-gallery has-nested-images columns-default is-cropped wp-block-gallery-5 is-layout-flex wp-block-gallery-is-layout-flex\">\n<figure class=\"wp-block-image size-large\"><img loading=\"lazy\" decoding=\"async\" width=\"1024\" height=\"766\" data-id=\"231\" src=\"https:\/\/blogit.gradia.fi\/veerakoivulampi-tdpt2204\/wp-content\/uploads\/sites\/301\/2023\/03\/IMG_20230316_173829-1024x766.jpg\" alt=\"\" class=\"wp-image-231\" srcset=\"https:\/\/blogit.gradia.fi\/veerakoivulampi-tdpt2204\/wp-content\/uploads\/sites\/301\/2023\/03\/IMG_20230316_173829-1024x766.jpg 1024w, https:\/\/blogit.gradia.fi\/veerakoivulampi-tdpt2204\/wp-content\/uploads\/sites\/301\/2023\/03\/IMG_20230316_173829-300x224.jpg 300w, https:\/\/blogit.gradia.fi\/veerakoivulampi-tdpt2204\/wp-content\/uploads\/sites\/301\/2023\/03\/IMG_20230316_173829-768x574.jpg 768w, https:\/\/blogit.gradia.fi\/veerakoivulampi-tdpt2204\/wp-content\/uploads\/sites\/301\/2023\/03\/IMG_20230316_173829-1536x1149.jpg 1536w, https:\/\/blogit.gradia.fi\/veerakoivulampi-tdpt2204\/wp-content\/uploads\/sites\/301\/2023\/03\/IMG_20230316_173829-2048x1532.jpg 2048w\" sizes=\"auto, (max-width: 767px) 89vw, (max-width: 1000px) 54vw, (max-width: 1071px) 543px, 580px\" \/><\/figure>\n\n\n\n<figure class=\"wp-block-image size-large\"><img loading=\"lazy\" decoding=\"async\" width=\"1024\" height=\"766\" data-id=\"225\" src=\"https:\/\/blogit.gradia.fi\/veerakoivulampi-tdpt2204\/wp-content\/uploads\/sites\/301\/2023\/03\/IMG_20230316_134744-1024x766.jpg\" alt=\"\" class=\"wp-image-225\" srcset=\"https:\/\/blogit.gradia.fi\/veerakoivulampi-tdpt2204\/wp-content\/uploads\/sites\/301\/2023\/03\/IMG_20230316_134744-1024x766.jpg 1024w, https:\/\/blogit.gradia.fi\/veerakoivulampi-tdpt2204\/wp-content\/uploads\/sites\/301\/2023\/03\/IMG_20230316_134744-300x224.jpg 300w, https:\/\/blogit.gradia.fi\/veerakoivulampi-tdpt2204\/wp-content\/uploads\/sites\/301\/2023\/03\/IMG_20230316_134744-768x574.jpg 768w, https:\/\/blogit.gradia.fi\/veerakoivulampi-tdpt2204\/wp-content\/uploads\/sites\/301\/2023\/03\/IMG_20230316_134744-1536x1149.jpg 1536w, https:\/\/blogit.gradia.fi\/veerakoivulampi-tdpt2204\/wp-content\/uploads\/sites\/301\/2023\/03\/IMG_20230316_134744-2048x1532.jpg 2048w\" sizes=\"auto, (max-width: 767px) 89vw, (max-width: 1000px) 54vw, (max-width: 1071px) 543px, 580px\" \/><figcaption class=\"wp-element-caption\">Toinen kokeilu hieman eri sidonnoilla.<\/figcaption><\/figure>\n<\/figure>\n\n\n\n<p>Ensimm\u00e4inen isompi aurinkopitsi pakkausmuovista. Valmistus oli hankalaa ison koon vuoksi ja materiaalikin oli nihke\u00e4\u00e4 ty\u00f6stett\u00e4v\u00e4\u00e4.<\/p>\n\n\n\n<figure class=\"wp-block-image size-large\"><img loading=\"lazy\" decoding=\"async\" width=\"1024\" height=\"766\" src=\"https:\/\/blogit.gradia.fi\/veerakoivulampi-tdpt2204\/wp-content\/uploads\/sites\/301\/2023\/03\/IMG_20230316_135204-1024x766.jpg\" alt=\"\" class=\"wp-image-223\" srcset=\"https:\/\/blogit.gradia.fi\/veerakoivulampi-tdpt2204\/wp-content\/uploads\/sites\/301\/2023\/03\/IMG_20230316_135204-1024x766.jpg 1024w, https:\/\/blogit.gradia.fi\/veerakoivulampi-tdpt2204\/wp-content\/uploads\/sites\/301\/2023\/03\/IMG_20230316_135204-300x224.jpg 300w, https:\/\/blogit.gradia.fi\/veerakoivulampi-tdpt2204\/wp-content\/uploads\/sites\/301\/2023\/03\/IMG_20230316_135204-768x574.jpg 768w, https:\/\/blogit.gradia.fi\/veerakoivulampi-tdpt2204\/wp-content\/uploads\/sites\/301\/2023\/03\/IMG_20230316_135204-1536x1149.jpg 1536w, https:\/\/blogit.gradia.fi\/veerakoivulampi-tdpt2204\/wp-content\/uploads\/sites\/301\/2023\/03\/IMG_20230316_135204-2048x1532.jpg 2048w\" sizes=\"auto, (max-width: 767px) 89vw, (max-width: 1000px) 54vw, (max-width: 1071px) 543px, 580px\" \/><\/figure>\n\n\n\n<p>Ensimm\u00e4inen iso aurinkopitsi lumihiutale\/kukka. Olen hyvin tyytyv\u00e4inen, ett\u00e4 t\u00e4m\u00e4 tekniikka todella toimii ja lopputuloskin on hyvin kaunis.<\/p>\n\n\n\n<figure class=\"wp-block-image size-large\"><img loading=\"lazy\" decoding=\"async\" width=\"1024\" height=\"766\" src=\"https:\/\/blogit.gradia.fi\/veerakoivulampi-tdpt2204\/wp-content\/uploads\/sites\/301\/2023\/03\/IMG_20230316_134954-1024x766.jpg\" alt=\"\" class=\"wp-image-229\" srcset=\"https:\/\/blogit.gradia.fi\/veerakoivulampi-tdpt2204\/wp-content\/uploads\/sites\/301\/2023\/03\/IMG_20230316_134954-1024x766.jpg 1024w, https:\/\/blogit.gradia.fi\/veerakoivulampi-tdpt2204\/wp-content\/uploads\/sites\/301\/2023\/03\/IMG_20230316_134954-300x224.jpg 300w, https:\/\/blogit.gradia.fi\/veerakoivulampi-tdpt2204\/wp-content\/uploads\/sites\/301\/2023\/03\/IMG_20230316_134954-768x574.jpg 768w, https:\/\/blogit.gradia.fi\/veerakoivulampi-tdpt2204\/wp-content\/uploads\/sites\/301\/2023\/03\/IMG_20230316_134954-1536x1149.jpg 1536w, https:\/\/blogit.gradia.fi\/veerakoivulampi-tdpt2204\/wp-content\/uploads\/sites\/301\/2023\/03\/IMG_20230316_134954-2048x1532.jpg 2048w\" sizes=\"auto, (max-width: 767px) 89vw, (max-width: 1000px) 54vw, (max-width: 1071px) 543px, 580px\" \/><\/figure>\n\n\n\n<p>Testailin muiden kanssa eri sidontoja ja materiaalien lis\u00e4yst\u00e4.<\/p>\n\n\n\n<figure class=\"wp-block-gallery has-nested-images columns-default is-cropped wp-block-gallery-6 is-layout-flex wp-block-gallery-is-layout-flex\">\n<figure class=\"wp-block-image size-large\"><img loading=\"lazy\" decoding=\"async\" width=\"766\" height=\"1024\" data-id=\"242\" src=\"https:\/\/blogit.gradia.fi\/veerakoivulampi-tdpt2204\/wp-content\/uploads\/sites\/301\/2023\/04\/IMG_20230329_142801-766x1024.jpg\" alt=\"\" class=\"wp-image-242\" srcset=\"https:\/\/blogit.gradia.fi\/veerakoivulampi-tdpt2204\/wp-content\/uploads\/sites\/301\/2023\/04\/IMG_20230329_142801-766x1024.jpg 766w, https:\/\/blogit.gradia.fi\/veerakoivulampi-tdpt2204\/wp-content\/uploads\/sites\/301\/2023\/04\/IMG_20230329_142801-224x300.jpg 224w, https:\/\/blogit.gradia.fi\/veerakoivulampi-tdpt2204\/wp-content\/uploads\/sites\/301\/2023\/04\/IMG_20230329_142801-768x1027.jpg 768w, https:\/\/blogit.gradia.fi\/veerakoivulampi-tdpt2204\/wp-content\/uploads\/sites\/301\/2023\/04\/IMG_20230329_142801-1149x1536.jpg 1149w, https:\/\/blogit.gradia.fi\/veerakoivulampi-tdpt2204\/wp-content\/uploads\/sites\/301\/2023\/04\/IMG_20230329_142801-1532x2048.jpg 1532w, https:\/\/blogit.gradia.fi\/veerakoivulampi-tdpt2204\/wp-content\/uploads\/sites\/301\/2023\/04\/IMG_20230329_142801-scaled.jpg 1915w\" sizes=\"auto, (max-width: 706px) 89vw, (max-width: 767px) 82vw, 740px\" \/><\/figure>\n\n\n\n<figure class=\"wp-block-image size-large\"><img loading=\"lazy\" decoding=\"async\" width=\"766\" height=\"1024\" data-id=\"241\" src=\"https:\/\/blogit.gradia.fi\/veerakoivulampi-tdpt2204\/wp-content\/uploads\/sites\/301\/2023\/04\/IMG_20230328_132148-766x1024.jpg\" alt=\"\" class=\"wp-image-241\" srcset=\"https:\/\/blogit.gradia.fi\/veerakoivulampi-tdpt2204\/wp-content\/uploads\/sites\/301\/2023\/04\/IMG_20230328_132148-766x1024.jpg 766w, https:\/\/blogit.gradia.fi\/veerakoivulampi-tdpt2204\/wp-content\/uploads\/sites\/301\/2023\/04\/IMG_20230328_132148-224x300.jpg 224w, https:\/\/blogit.gradia.fi\/veerakoivulampi-tdpt2204\/wp-content\/uploads\/sites\/301\/2023\/04\/IMG_20230328_132148-768x1027.jpg 768w, https:\/\/blogit.gradia.fi\/veerakoivulampi-tdpt2204\/wp-content\/uploads\/sites\/301\/2023\/04\/IMG_20230328_132148-1149x1536.jpg 1149w, https:\/\/blogit.gradia.fi\/veerakoivulampi-tdpt2204\/wp-content\/uploads\/sites\/301\/2023\/04\/IMG_20230328_132148-1532x2048.jpg 1532w, https:\/\/blogit.gradia.fi\/veerakoivulampi-tdpt2204\/wp-content\/uploads\/sites\/301\/2023\/04\/IMG_20230328_132148-scaled.jpg 1915w\" sizes=\"auto, (max-width: 706px) 89vw, (max-width: 767px) 82vw, 740px\" \/><figcaption class=\"wp-element-caption\">T\u00e4ss\u00e4 yksi suosikeistani<\/figcaption><\/figure>\n<\/figure>\n\n\n\n<figure class=\"wp-block-gallery has-nested-images columns-default is-cropped wp-block-gallery-7 is-layout-flex wp-block-gallery-is-layout-flex\">\n<figure class=\"wp-block-image size-large\"><img loading=\"lazy\" decoding=\"async\" width=\"766\" height=\"1024\" data-id=\"270\" src=\"https:\/\/blogit.gradia.fi\/veerakoivulampi-tdpt2204\/wp-content\/uploads\/sites\/301\/2023\/04\/IMG_20230403_143832-766x1024.jpg\" alt=\"\" class=\"wp-image-270\" srcset=\"https:\/\/blogit.gradia.fi\/veerakoivulampi-tdpt2204\/wp-content\/uploads\/sites\/301\/2023\/04\/IMG_20230403_143832-766x1024.jpg 766w, https:\/\/blogit.gradia.fi\/veerakoivulampi-tdpt2204\/wp-content\/uploads\/sites\/301\/2023\/04\/IMG_20230403_143832-224x300.jpg 224w, https:\/\/blogit.gradia.fi\/veerakoivulampi-tdpt2204\/wp-content\/uploads\/sites\/301\/2023\/04\/IMG_20230403_143832-768x1027.jpg 768w, https:\/\/blogit.gradia.fi\/veerakoivulampi-tdpt2204\/wp-content\/uploads\/sites\/301\/2023\/04\/IMG_20230403_143832-1149x1536.jpg 1149w, https:\/\/blogit.gradia.fi\/veerakoivulampi-tdpt2204\/wp-content\/uploads\/sites\/301\/2023\/04\/IMG_20230403_143832-1532x2048.jpg 1532w, https:\/\/blogit.gradia.fi\/veerakoivulampi-tdpt2204\/wp-content\/uploads\/sites\/301\/2023\/04\/IMG_20230403_143832-scaled.jpg 1915w\" sizes=\"auto, (max-width: 706px) 89vw, (max-width: 767px) 82vw, 740px\" \/><\/figure>\n\n\n\n<figure class=\"wp-block-image size-large\"><img loading=\"lazy\" decoding=\"async\" width=\"768\" height=\"1024\" data-id=\"239\" src=\"https:\/\/blogit.gradia.fi\/veerakoivulampi-tdpt2204\/wp-content\/uploads\/sites\/301\/2023\/04\/IMG_20230330_124458-768x1024.jpg\" alt=\"\" class=\"wp-image-239\" srcset=\"https:\/\/blogit.gradia.fi\/veerakoivulampi-tdpt2204\/wp-content\/uploads\/sites\/301\/2023\/04\/IMG_20230330_124458-768x1024.jpg 768w, https:\/\/blogit.gradia.fi\/veerakoivulampi-tdpt2204\/wp-content\/uploads\/sites\/301\/2023\/04\/IMG_20230330_124458-225x300.jpg 225w, https:\/\/blogit.gradia.fi\/veerakoivulampi-tdpt2204\/wp-content\/uploads\/sites\/301\/2023\/04\/IMG_20230330_124458-1152x1536.jpg 1152w, https:\/\/blogit.gradia.fi\/veerakoivulampi-tdpt2204\/wp-content\/uploads\/sites\/301\/2023\/04\/IMG_20230330_124458-1536x2048.jpg 1536w, https:\/\/blogit.gradia.fi\/veerakoivulampi-tdpt2204\/wp-content\/uploads\/sites\/301\/2023\/04\/IMG_20230330_124458-scaled.jpg 1920w\" sizes=\"auto, (max-width: 767px) 89vw, (max-width: 1000px) 54vw, (max-width: 1071px) 543px, 580px\" \/><\/figure>\n<\/figure>\n\n\n\n<p>Aina kun aloitimme uutta meit\u00e4 haastettiin tekem\u00e4\u00e4n seuraavasta edellist\u00e4 suurempi, jotta ne olisivat sein\u00e4ll\u00e4 mahdollisimman n\u00e4ytt\u00e4vi\u00e4. Loppuvaiheesta muovi alkoi k\u00e4yd\u00e4 jo hermoille, koska se ei ollut kaikista mukavin materiaali ty\u00f6st\u00e4\u00e4.<\/p>\n\n\n\n<figure class=\"wp-block-image size-large\"><img loading=\"lazy\" decoding=\"async\" width=\"467\" height=\"1024\" src=\"https:\/\/blogit.gradia.fi\/veerakoivulampi-tdpt2204\/wp-content\/uploads\/sites\/301\/2023\/08\/wp-1692528982736-467x1024.jpg\" alt=\"\" class=\"wp-image-337\" srcset=\"https:\/\/blogit.gradia.fi\/veerakoivulampi-tdpt2204\/wp-content\/uploads\/sites\/301\/2023\/08\/wp-1692528982736-467x1024.jpg 467w, https:\/\/blogit.gradia.fi\/veerakoivulampi-tdpt2204\/wp-content\/uploads\/sites\/301\/2023\/08\/wp-1692528982736-137x300.jpg 137w, https:\/\/blogit.gradia.fi\/veerakoivulampi-tdpt2204\/wp-content\/uploads\/sites\/301\/2023\/08\/wp-1692528982736-768x1684.jpg 768w, https:\/\/blogit.gradia.fi\/veerakoivulampi-tdpt2204\/wp-content\/uploads\/sites\/301\/2023\/08\/wp-1692528982736-700x1536.jpg 700w, https:\/\/blogit.gradia.fi\/veerakoivulampi-tdpt2204\/wp-content\/uploads\/sites\/301\/2023\/08\/wp-1692528982736.jpg 912w\" sizes=\"auto, (max-width: 467px) 100vw, 467px\" \/><\/figure>\n\n\n\n<p>K\u00e4vimme testaamassa milt\u00e4 aurinkopitsit n\u00e4ytt\u00e4v\u00e4t sein\u00e4ll\u00e4. Minusta ne n\u00e4yttiv\u00e4t oikein kivalta.<\/p>\n\n\n\n<figure class=\"wp-block-image size-large\"><img loading=\"lazy\" decoding=\"async\" width=\"1024\" height=\"766\" src=\"https:\/\/blogit.gradia.fi\/veerakoivulampi-tdpt2204\/wp-content\/uploads\/sites\/301\/2023\/08\/wp-1692528985030-1024x766.jpg\" alt=\"\" class=\"wp-image-338\" srcset=\"https:\/\/blogit.gradia.fi\/veerakoivulampi-tdpt2204\/wp-content\/uploads\/sites\/301\/2023\/08\/wp-1692528985030-1024x766.jpg 1024w, https:\/\/blogit.gradia.fi\/veerakoivulampi-tdpt2204\/wp-content\/uploads\/sites\/301\/2023\/08\/wp-1692528985030-300x224.jpg 300w, https:\/\/blogit.gradia.fi\/veerakoivulampi-tdpt2204\/wp-content\/uploads\/sites\/301\/2023\/08\/wp-1692528985030-768x575.jpg 768w, https:\/\/blogit.gradia.fi\/veerakoivulampi-tdpt2204\/wp-content\/uploads\/sites\/301\/2023\/08\/wp-1692528985030.jpg 1080w\" sizes=\"auto, (max-width: 767px) 89vw, (max-width: 1000px) 54vw, (max-width: 1071px) 543px, 580px\" \/><\/figure>\n\n\n\n<p>T\u00e4ss\u00e4 &#8221;lopullinen&#8221; suunnitelma montako aurinkopitsi\u00e4 pit\u00e4\u00e4 tehd\u00e4 ja miten ne asetellaan. En usko, suunnitelmaa noudatetaan t\u00e4sm\u00e4lleen ja sen saa antaakin el\u00e4\u00e4. Valonkaupungissa se n\u00e4hd\u00e4\u00e4n mink\u00e4lainen teoksesta sitten lopulta tuli.<\/p>\n\n\n\n<figure class=\"wp-block-gallery has-nested-images columns-default is-cropped wp-block-gallery-8 is-layout-flex wp-block-gallery-is-layout-flex\">\n<figure class=\"wp-block-image size-large\"><img loading=\"lazy\" decoding=\"async\" width=\"1024\" height=\"766\" data-id=\"429\" src=\"https:\/\/blogit.gradia.fi\/veerakoivulampi-tdpt2204\/wp-content\/uploads\/sites\/301\/2023\/12\/wp-1701769584667-1024x766.jpg\" alt=\"\" class=\"wp-image-429\" srcset=\"https:\/\/blogit.gradia.fi\/veerakoivulampi-tdpt2204\/wp-content\/uploads\/sites\/301\/2023\/12\/wp-1701769584667-1024x766.jpg 1024w, https:\/\/blogit.gradia.fi\/veerakoivulampi-tdpt2204\/wp-content\/uploads\/sites\/301\/2023\/12\/wp-1701769584667-300x224.jpg 300w, https:\/\/blogit.gradia.fi\/veerakoivulampi-tdpt2204\/wp-content\/uploads\/sites\/301\/2023\/12\/wp-1701769584667-768x574.jpg 768w, https:\/\/blogit.gradia.fi\/veerakoivulampi-tdpt2204\/wp-content\/uploads\/sites\/301\/2023\/12\/wp-1701769584667-1536x1149.jpg 1536w, https:\/\/blogit.gradia.fi\/veerakoivulampi-tdpt2204\/wp-content\/uploads\/sites\/301\/2023\/12\/wp-1701769584667-2048x1532.jpg 2048w\" sizes=\"auto, (max-width: 767px) 89vw, (max-width: 1000px) 54vw, (max-width: 1071px) 543px, 580px\" \/><\/figure>\n\n\n\n<figure class=\"wp-block-image size-large\"><img loading=\"lazy\" decoding=\"async\" width=\"1024\" height=\"1006\" data-id=\"422\" src=\"https:\/\/blogit.gradia.fi\/veerakoivulampi-tdpt2204\/wp-content\/uploads\/sites\/301\/2023\/12\/wp-1701769584408-1024x1006.jpg\" alt=\"\" class=\"wp-image-422\" srcset=\"https:\/\/blogit.gradia.fi\/veerakoivulampi-tdpt2204\/wp-content\/uploads\/sites\/301\/2023\/12\/wp-1701769584408-1024x1006.jpg 1024w, https:\/\/blogit.gradia.fi\/veerakoivulampi-tdpt2204\/wp-content\/uploads\/sites\/301\/2023\/12\/wp-1701769584408-300x295.jpg 300w, https:\/\/blogit.gradia.fi\/veerakoivulampi-tdpt2204\/wp-content\/uploads\/sites\/301\/2023\/12\/wp-1701769584408-768x754.jpg 768w, https:\/\/blogit.gradia.fi\/veerakoivulampi-tdpt2204\/wp-content\/uploads\/sites\/301\/2023\/12\/wp-1701769584408.jpg 1080w\" sizes=\"auto, (max-width: 767px) 89vw, (max-width: 1000px) 54vw, (max-width: 1071px) 543px, 580px\" \/><\/figure>\n<\/figure>\n\n\n\n<p>Teoksen rakennus vaihe oli raskasta. Siihen kului paljon aikaa ja voimia. Aluksi tuntui ett\u00e4 teoksen kokoamisesta ei tule mit\u00e4\u00e4n, mutta pikkuhiljaa se alkoi sujua. P\u00e4\u00e4sin henkil\u00f6nostimen kyytiin ja se oli j\u00e4nnitt\u00e4v\u00e4\u00e4. On kiva tunne kun minuun  luotetaan niin paljon, ett\u00e4 p\u00e4\u00e4sen tekem\u00e4\u00e4n erikoisempiakin teht\u00e4vi\u00e4.<\/p>\n\n\n\n<figure class=\"wp-block-image size-large is-resized\"><img loading=\"lazy\" decoding=\"async\" width=\"1024\" height=\"766\" src=\"https:\/\/blogit.gradia.fi\/veerakoivulampi-tdpt2204\/wp-content\/uploads\/sites\/301\/2023\/12\/wp-1701770751529-1024x766.jpg\" alt=\"\" class=\"wp-image-431\" style=\"width:521px;height:auto\" srcset=\"https:\/\/blogit.gradia.fi\/veerakoivulampi-tdpt2204\/wp-content\/uploads\/sites\/301\/2023\/12\/wp-1701770751529-1024x766.jpg 1024w, https:\/\/blogit.gradia.fi\/veerakoivulampi-tdpt2204\/wp-content\/uploads\/sites\/301\/2023\/12\/wp-1701770751529-300x224.jpg 300w, https:\/\/blogit.gradia.fi\/veerakoivulampi-tdpt2204\/wp-content\/uploads\/sites\/301\/2023\/12\/wp-1701770751529-768x574.jpg 768w, https:\/\/blogit.gradia.fi\/veerakoivulampi-tdpt2204\/wp-content\/uploads\/sites\/301\/2023\/12\/wp-1701770751529-1536x1149.jpg 1536w, https:\/\/blogit.gradia.fi\/veerakoivulampi-tdpt2204\/wp-content\/uploads\/sites\/301\/2023\/12\/wp-1701770751529-2048x1532.jpg 2048w\" sizes=\"auto, (max-width: 767px) 89vw, (max-width: 1000px) 54vw, (max-width: 1071px) 543px, 580px\" \/><\/figure>\n\n\n\n<figure class=\"wp-block-image size-large is-resized\"><img loading=\"lazy\" decoding=\"async\" width=\"1024\" height=\"766\" src=\"https:\/\/blogit.gradia.fi\/veerakoivulampi-tdpt2204\/wp-content\/uploads\/sites\/301\/2023\/12\/wp-1701769584565-1024x766.jpg\" alt=\"\" class=\"wp-image-423\" style=\"width:522px;height:auto\" srcset=\"https:\/\/blogit.gradia.fi\/veerakoivulampi-tdpt2204\/wp-content\/uploads\/sites\/301\/2023\/12\/wp-1701769584565-1024x766.jpg 1024w, https:\/\/blogit.gradia.fi\/veerakoivulampi-tdpt2204\/wp-content\/uploads\/sites\/301\/2023\/12\/wp-1701769584565-300x224.jpg 300w, https:\/\/blogit.gradia.fi\/veerakoivulampi-tdpt2204\/wp-content\/uploads\/sites\/301\/2023\/12\/wp-1701769584565-768x574.jpg 768w, https:\/\/blogit.gradia.fi\/veerakoivulampi-tdpt2204\/wp-content\/uploads\/sites\/301\/2023\/12\/wp-1701769584565-1536x1149.jpg 1536w, https:\/\/blogit.gradia.fi\/veerakoivulampi-tdpt2204\/wp-content\/uploads\/sites\/301\/2023\/12\/wp-1701769584565-2048x1532.jpg 2048w\" sizes=\"auto, (max-width: 767px) 89vw, (max-width: 1000px) 54vw, (max-width: 1071px) 543px, 580px\" \/><\/figure>\n\n\n\n<p>Oli hienoa n\u00e4hd\u00e4 teos viimein valmiina sein\u00e4ll\u00e4. Kova ty\u00f6 kannatti.<\/p>\n","protected":false},"excerpt":{"rendered":"<p>Kohina T\u00e4ss\u00e4 kuvia omasta panoksestani teoksen valmistuksessa. Iskuhapsu p\u00e4tk\u00e4t kiinnitettyn\u00e4 metallitankoon. Minusta lopputuloksesta tuli kiva vaikka v\u00e4lill\u00e4 meinasi toivo loppua ja mietinkin v\u00e4lill\u00e4 ettei t\u00e4st\u00e4 tule yht\u00e4\u00e4n mit\u00e4\u00e4n. Odotan innolla milt\u00e4 lopullinen teos n\u00e4ytt\u00e4\u00e4 valaistuna. Teoksen kokoaminen oli minusta mukavaa ja kokonaisuuteen olen hyvin tyytyv\u00e4inen. Valaistuna teos sai ihan uuden ilmeen. Onnistuimme hyvin luomaan vedenalaisen &hellip; <\/p>\n<p class=\"link-more\"><a href=\"https:\/\/blogit.gradia.fi\/veerakoivulampi-tdpt2204\/2023\/04\/02\/tuotteen-asiakaslahtoinen-suunnittelu-ja-valmistelu\/\" class=\"more-link\">Jatka lukemista<span class=\"screen-reader-text\"> &#8221;Tuotteen asiakasl\u00e4ht\u00f6inen suunnittelu ja valmistaminen&#8221;<\/span><\/a><\/p>\n","protected":false},"author":845,"featured_media":0,"comment_status":"open","ping_status":"open","sticky":false,"template":"","format":"standard","meta":{"_uag_custom_page_level_css":"","footnotes":""},"categories":[1],"tags":[],"class_list":["post-238","post","type-post","status-publish","format-standard","hentry","category-yleinen"],"yoast_head":"<!-- This site is optimized with the Yoast SEO plugin v27.5 - https:\/\/yoast.com\/product\/yoast-seo-wordpress\/ -->\n<title>Tuotteen asiakasl\u00e4ht\u00f6inen suunnittelu ja valmistaminen - OPPIMISP\u00c4IV\u00c4KIRJA<\/title>\n<meta name=\"robots\" content=\"index, follow, max-snippet:-1, max-image-preview:large, max-video-preview:-1\" \/>\n<link rel=\"canonical\" href=\"https:\/\/blogit.gradia.fi\/veerakoivulampi-tdpt2204\/2023\/04\/02\/tuotteen-asiakaslahtoinen-suunnittelu-ja-valmistelu\/\" \/>\n<meta property=\"og:locale\" content=\"fi_FI\" \/>\n<meta property=\"og:type\" content=\"article\" \/>\n<meta property=\"og:title\" content=\"Tuotteen asiakasl\u00e4ht\u00f6inen suunnittelu ja valmistaminen - OPPIMISP\u00c4IV\u00c4KIRJA\" \/>\n<meta property=\"og:description\" content=\"Kohina T\u00e4ss\u00e4 kuvia omasta panoksestani teoksen valmistuksessa. Iskuhapsu p\u00e4tk\u00e4t kiinnitettyn\u00e4 metallitankoon. Minusta lopputuloksesta tuli kiva vaikka v\u00e4lill\u00e4 meinasi toivo loppua ja mietinkin v\u00e4lill\u00e4 ettei t\u00e4st\u00e4 tule yht\u00e4\u00e4n mit\u00e4\u00e4n. Odotan innolla milt\u00e4 lopullinen teos n\u00e4ytt\u00e4\u00e4 valaistuna. Teoksen kokoaminen oli minusta mukavaa ja kokonaisuuteen olen hyvin tyytyv\u00e4inen. Valaistuna teos sai ihan uuden ilmeen. Onnistuimme hyvin luomaan vedenalaisen &hellip; Jatka lukemista &quot;Tuotteen asiakasl\u00e4ht\u00f6inen suunnittelu ja valmistaminen&quot;\" \/>\n<meta property=\"og:url\" content=\"https:\/\/blogit.gradia.fi\/veerakoivulampi-tdpt2204\/2023\/04\/02\/tuotteen-asiakaslahtoinen-suunnittelu-ja-valmistelu\/\" \/>\n<meta property=\"og:site_name\" content=\"OPPIMISP\u00c4IV\u00c4KIRJA\" \/>\n<meta property=\"article:published_time\" content=\"2023-04-02T12:31:21+00:00\" \/>\n<meta property=\"article:modified_time\" content=\"2024-03-06T08:12:19+00:00\" \/>\n<meta property=\"og:image\" content=\"https:\/\/blogit.gradia.fi\/veerakoivulampi-tdpt2204\/wp-content\/uploads\/sites\/301\/2023\/03\/IMG_20230316_134023-766x1024.jpg\" \/>\n<meta name=\"author\" content=\"Veera Koivulampi\" \/>\n<meta name=\"twitter:card\" content=\"summary_large_image\" \/>\n<meta name=\"twitter:label1\" content=\"Kirjoittanut\" \/>\n\t<meta name=\"twitter:data1\" content=\"Veera Koivulampi\" \/>\n\t<meta name=\"twitter:label2\" content=\"Arvioitu lukuaika\" \/>\n\t<meta name=\"twitter:data2\" content=\"8 minuuttia\" \/>\n<script type=\"application\/ld+json\" class=\"yoast-schema-graph\">{\"@context\":\"https:\\\/\\\/schema.org\",\"@graph\":[{\"@type\":\"Article\",\"@id\":\"https:\\\/\\\/blogit.gradia.fi\\\/veerakoivulampi-tdpt2204\\\/2023\\\/04\\\/02\\\/tuotteen-asiakaslahtoinen-suunnittelu-ja-valmistelu\\\/#article\",\"isPartOf\":{\"@id\":\"https:\\\/\\\/blogit.gradia.fi\\\/veerakoivulampi-tdpt2204\\\/2023\\\/04\\\/02\\\/tuotteen-asiakaslahtoinen-suunnittelu-ja-valmistelu\\\/\"},\"author\":{\"name\":\"Veera Koivulampi\",\"@id\":\"https:\\\/\\\/blogit.gradia.fi\\\/veerakoivulampi-tdpt2204\\\/#\\\/schema\\\/person\\\/baebc61a044e375c85239379d1dee6d4\"},\"headline\":\"Tuotteen asiakasl\u00e4ht\u00f6inen suunnittelu ja valmistaminen\",\"datePublished\":\"2023-04-02T12:31:21+00:00\",\"dateModified\":\"2024-03-06T08:12:19+00:00\",\"mainEntityOfPage\":{\"@id\":\"https:\\\/\\\/blogit.gradia.fi\\\/veerakoivulampi-tdpt2204\\\/2023\\\/04\\\/02\\\/tuotteen-asiakaslahtoinen-suunnittelu-ja-valmistelu\\\/\"},\"wordCount\":385,\"commentCount\":0,\"image\":{\"@id\":\"https:\\\/\\\/blogit.gradia.fi\\\/veerakoivulampi-tdpt2204\\\/2023\\\/04\\\/02\\\/tuotteen-asiakaslahtoinen-suunnittelu-ja-valmistelu\\\/#primaryimage\"},\"thumbnailUrl\":\"https:\\\/\\\/blogit.gradia.fi\\\/veerakoivulampi-tdpt2204\\\/wp-content\\\/uploads\\\/sites\\\/301\\\/2023\\\/03\\\/IMG_20230316_134023-766x1024.jpg\",\"inLanguage\":\"fi\",\"potentialAction\":[{\"@type\":\"CommentAction\",\"name\":\"Comment\",\"target\":[\"https:\\\/\\\/blogit.gradia.fi\\\/veerakoivulampi-tdpt2204\\\/2023\\\/04\\\/02\\\/tuotteen-asiakaslahtoinen-suunnittelu-ja-valmistelu\\\/#respond\"]}]},{\"@type\":\"WebPage\",\"@id\":\"https:\\\/\\\/blogit.gradia.fi\\\/veerakoivulampi-tdpt2204\\\/2023\\\/04\\\/02\\\/tuotteen-asiakaslahtoinen-suunnittelu-ja-valmistelu\\\/\",\"url\":\"https:\\\/\\\/blogit.gradia.fi\\\/veerakoivulampi-tdpt2204\\\/2023\\\/04\\\/02\\\/tuotteen-asiakaslahtoinen-suunnittelu-ja-valmistelu\\\/\",\"name\":\"Tuotteen asiakasl\u00e4ht\u00f6inen suunnittelu ja valmistaminen - OPPIMISP\u00c4IV\u00c4KIRJA\",\"isPartOf\":{\"@id\":\"https:\\\/\\\/blogit.gradia.fi\\\/veerakoivulampi-tdpt2204\\\/#website\"},\"primaryImageOfPage\":{\"@id\":\"https:\\\/\\\/blogit.gradia.fi\\\/veerakoivulampi-tdpt2204\\\/2023\\\/04\\\/02\\\/tuotteen-asiakaslahtoinen-suunnittelu-ja-valmistelu\\\/#primaryimage\"},\"image\":{\"@id\":\"https:\\\/\\\/blogit.gradia.fi\\\/veerakoivulampi-tdpt2204\\\/2023\\\/04\\\/02\\\/tuotteen-asiakaslahtoinen-suunnittelu-ja-valmistelu\\\/#primaryimage\"},\"thumbnailUrl\":\"https:\\\/\\\/blogit.gradia.fi\\\/veerakoivulampi-tdpt2204\\\/wp-content\\\/uploads\\\/sites\\\/301\\\/2023\\\/03\\\/IMG_20230316_134023-766x1024.jpg\",\"datePublished\":\"2023-04-02T12:31:21+00:00\",\"dateModified\":\"2024-03-06T08:12:19+00:00\",\"author\":{\"@id\":\"https:\\\/\\\/blogit.gradia.fi\\\/veerakoivulampi-tdpt2204\\\/#\\\/schema\\\/person\\\/baebc61a044e375c85239379d1dee6d4\"},\"breadcrumb\":{\"@id\":\"https:\\\/\\\/blogit.gradia.fi\\\/veerakoivulampi-tdpt2204\\\/2023\\\/04\\\/02\\\/tuotteen-asiakaslahtoinen-suunnittelu-ja-valmistelu\\\/#breadcrumb\"},\"inLanguage\":\"fi\",\"potentialAction\":[{\"@type\":\"ReadAction\",\"target\":[\"https:\\\/\\\/blogit.gradia.fi\\\/veerakoivulampi-tdpt2204\\\/2023\\\/04\\\/02\\\/tuotteen-asiakaslahtoinen-suunnittelu-ja-valmistelu\\\/\"]}]},{\"@type\":\"ImageObject\",\"inLanguage\":\"fi\",\"@id\":\"https:\\\/\\\/blogit.gradia.fi\\\/veerakoivulampi-tdpt2204\\\/2023\\\/04\\\/02\\\/tuotteen-asiakaslahtoinen-suunnittelu-ja-valmistelu\\\/#primaryimage\",\"url\":\"https:\\\/\\\/blogit.gradia.fi\\\/veerakoivulampi-tdpt2204\\\/wp-content\\\/uploads\\\/sites\\\/301\\\/2023\\\/03\\\/IMG_20230316_134023-scaled.jpg\",\"contentUrl\":\"https:\\\/\\\/blogit.gradia.fi\\\/veerakoivulampi-tdpt2204\\\/wp-content\\\/uploads\\\/sites\\\/301\\\/2023\\\/03\\\/IMG_20230316_134023-scaled.jpg\",\"width\":1915,\"height\":2560},{\"@type\":\"BreadcrumbList\",\"@id\":\"https:\\\/\\\/blogit.gradia.fi\\\/veerakoivulampi-tdpt2204\\\/2023\\\/04\\\/02\\\/tuotteen-asiakaslahtoinen-suunnittelu-ja-valmistelu\\\/#breadcrumb\",\"itemListElement\":[{\"@type\":\"ListItem\",\"position\":1,\"name\":\"Etusivu\",\"item\":\"https:\\\/\\\/blogit.gradia.fi\\\/veerakoivulampi-tdpt2204\\\/\"},{\"@type\":\"ListItem\",\"position\":2,\"name\":\"Tuotteen asiakasl\u00e4ht\u00f6inen suunnittelu ja valmistaminen\"}]},{\"@type\":\"WebSite\",\"@id\":\"https:\\\/\\\/blogit.gradia.fi\\\/veerakoivulampi-tdpt2204\\\/#website\",\"url\":\"https:\\\/\\\/blogit.gradia.fi\\\/veerakoivulampi-tdpt2204\\\/\",\"name\":\"OPPIMISP\u00c4IV\u00c4KIRJA\",\"description\":\"Veera Koivulampi, Tekstiiliartesaani opiskelija\",\"potentialAction\":[{\"@type\":\"SearchAction\",\"target\":{\"@type\":\"EntryPoint\",\"urlTemplate\":\"https:\\\/\\\/blogit.gradia.fi\\\/veerakoivulampi-tdpt2204\\\/?s={search_term_string}\"},\"query-input\":{\"@type\":\"PropertyValueSpecification\",\"valueRequired\":true,\"valueName\":\"search_term_string\"}}],\"inLanguage\":\"fi\"},{\"@type\":\"Person\",\"@id\":\"https:\\\/\\\/blogit.gradia.fi\\\/veerakoivulampi-tdpt2204\\\/#\\\/schema\\\/person\\\/baebc61a044e375c85239379d1dee6d4\",\"name\":\"Veera Koivulampi\",\"image\":{\"@type\":\"ImageObject\",\"inLanguage\":\"fi\",\"@id\":\"https:\\\/\\\/secure.gravatar.com\\\/avatar\\\/b52b55942ef30ce9c6eebb3a04d006bd59d67a87d516db5e230736e52dc955a3?s=96&d=mm&r=g\",\"url\":\"https:\\\/\\\/secure.gravatar.com\\\/avatar\\\/b52b55942ef30ce9c6eebb3a04d006bd59d67a87d516db5e230736e52dc955a3?s=96&d=mm&r=g\",\"contentUrl\":\"https:\\\/\\\/secure.gravatar.com\\\/avatar\\\/b52b55942ef30ce9c6eebb3a04d006bd59d67a87d516db5e230736e52dc955a3?s=96&d=mm&r=g\",\"caption\":\"Veera Koivulampi\"},\"url\":\"https:\\\/\\\/blogit.gradia.fi\\\/veerakoivulampi-tdpt2204\\\/author\\\/gr277841\\\/\"}]}<\/script>\n<!-- \/ Yoast SEO plugin. -->","yoast_head_json":{"title":"Tuotteen asiakasl\u00e4ht\u00f6inen suunnittelu ja valmistaminen - OPPIMISP\u00c4IV\u00c4KIRJA","robots":{"index":"index","follow":"follow","max-snippet":"max-snippet:-1","max-image-preview":"max-image-preview:large","max-video-preview":"max-video-preview:-1"},"canonical":"https:\/\/blogit.gradia.fi\/veerakoivulampi-tdpt2204\/2023\/04\/02\/tuotteen-asiakaslahtoinen-suunnittelu-ja-valmistelu\/","og_locale":"fi_FI","og_type":"article","og_title":"Tuotteen asiakasl\u00e4ht\u00f6inen suunnittelu ja valmistaminen - OPPIMISP\u00c4IV\u00c4KIRJA","og_description":"Kohina T\u00e4ss\u00e4 kuvia omasta panoksestani teoksen valmistuksessa. Iskuhapsu p\u00e4tk\u00e4t kiinnitettyn\u00e4 metallitankoon. Minusta lopputuloksesta tuli kiva vaikka v\u00e4lill\u00e4 meinasi toivo loppua ja mietinkin v\u00e4lill\u00e4 ettei t\u00e4st\u00e4 tule yht\u00e4\u00e4n mit\u00e4\u00e4n. Odotan innolla milt\u00e4 lopullinen teos n\u00e4ytt\u00e4\u00e4 valaistuna. Teoksen kokoaminen oli minusta mukavaa ja kokonaisuuteen olen hyvin tyytyv\u00e4inen. Valaistuna teos sai ihan uuden ilmeen. Onnistuimme hyvin luomaan vedenalaisen &hellip; Jatka lukemista \"Tuotteen asiakasl\u00e4ht\u00f6inen suunnittelu ja valmistaminen\"","og_url":"https:\/\/blogit.gradia.fi\/veerakoivulampi-tdpt2204\/2023\/04\/02\/tuotteen-asiakaslahtoinen-suunnittelu-ja-valmistelu\/","og_site_name":"OPPIMISP\u00c4IV\u00c4KIRJA","article_published_time":"2023-04-02T12:31:21+00:00","article_modified_time":"2024-03-06T08:12:19+00:00","og_image":[{"url":"https:\/\/blogit.gradia.fi\/veerakoivulampi-tdpt2204\/wp-content\/uploads\/sites\/301\/2023\/03\/IMG_20230316_134023-766x1024.jpg","type":"","width":"","height":""}],"author":"Veera Koivulampi","twitter_card":"summary_large_image","twitter_misc":{"Kirjoittanut":"Veera Koivulampi","Arvioitu lukuaika":"8 minuuttia"},"schema":{"@context":"https:\/\/schema.org","@graph":[{"@type":"Article","@id":"https:\/\/blogit.gradia.fi\/veerakoivulampi-tdpt2204\/2023\/04\/02\/tuotteen-asiakaslahtoinen-suunnittelu-ja-valmistelu\/#article","isPartOf":{"@id":"https:\/\/blogit.gradia.fi\/veerakoivulampi-tdpt2204\/2023\/04\/02\/tuotteen-asiakaslahtoinen-suunnittelu-ja-valmistelu\/"},"author":{"name":"Veera Koivulampi","@id":"https:\/\/blogit.gradia.fi\/veerakoivulampi-tdpt2204\/#\/schema\/person\/baebc61a044e375c85239379d1dee6d4"},"headline":"Tuotteen asiakasl\u00e4ht\u00f6inen suunnittelu ja valmistaminen","datePublished":"2023-04-02T12:31:21+00:00","dateModified":"2024-03-06T08:12:19+00:00","mainEntityOfPage":{"@id":"https:\/\/blogit.gradia.fi\/veerakoivulampi-tdpt2204\/2023\/04\/02\/tuotteen-asiakaslahtoinen-suunnittelu-ja-valmistelu\/"},"wordCount":385,"commentCount":0,"image":{"@id":"https:\/\/blogit.gradia.fi\/veerakoivulampi-tdpt2204\/2023\/04\/02\/tuotteen-asiakaslahtoinen-suunnittelu-ja-valmistelu\/#primaryimage"},"thumbnailUrl":"https:\/\/blogit.gradia.fi\/veerakoivulampi-tdpt2204\/wp-content\/uploads\/sites\/301\/2023\/03\/IMG_20230316_134023-766x1024.jpg","inLanguage":"fi","potentialAction":[{"@type":"CommentAction","name":"Comment","target":["https:\/\/blogit.gradia.fi\/veerakoivulampi-tdpt2204\/2023\/04\/02\/tuotteen-asiakaslahtoinen-suunnittelu-ja-valmistelu\/#respond"]}]},{"@type":"WebPage","@id":"https:\/\/blogit.gradia.fi\/veerakoivulampi-tdpt2204\/2023\/04\/02\/tuotteen-asiakaslahtoinen-suunnittelu-ja-valmistelu\/","url":"https:\/\/blogit.gradia.fi\/veerakoivulampi-tdpt2204\/2023\/04\/02\/tuotteen-asiakaslahtoinen-suunnittelu-ja-valmistelu\/","name":"Tuotteen asiakasl\u00e4ht\u00f6inen suunnittelu ja valmistaminen - OPPIMISP\u00c4IV\u00c4KIRJA","isPartOf":{"@id":"https:\/\/blogit.gradia.fi\/veerakoivulampi-tdpt2204\/#website"},"primaryImageOfPage":{"@id":"https:\/\/blogit.gradia.fi\/veerakoivulampi-tdpt2204\/2023\/04\/02\/tuotteen-asiakaslahtoinen-suunnittelu-ja-valmistelu\/#primaryimage"},"image":{"@id":"https:\/\/blogit.gradia.fi\/veerakoivulampi-tdpt2204\/2023\/04\/02\/tuotteen-asiakaslahtoinen-suunnittelu-ja-valmistelu\/#primaryimage"},"thumbnailUrl":"https:\/\/blogit.gradia.fi\/veerakoivulampi-tdpt2204\/wp-content\/uploads\/sites\/301\/2023\/03\/IMG_20230316_134023-766x1024.jpg","datePublished":"2023-04-02T12:31:21+00:00","dateModified":"2024-03-06T08:12:19+00:00","author":{"@id":"https:\/\/blogit.gradia.fi\/veerakoivulampi-tdpt2204\/#\/schema\/person\/baebc61a044e375c85239379d1dee6d4"},"breadcrumb":{"@id":"https:\/\/blogit.gradia.fi\/veerakoivulampi-tdpt2204\/2023\/04\/02\/tuotteen-asiakaslahtoinen-suunnittelu-ja-valmistelu\/#breadcrumb"},"inLanguage":"fi","potentialAction":[{"@type":"ReadAction","target":["https:\/\/blogit.gradia.fi\/veerakoivulampi-tdpt2204\/2023\/04\/02\/tuotteen-asiakaslahtoinen-suunnittelu-ja-valmistelu\/"]}]},{"@type":"ImageObject","inLanguage":"fi","@id":"https:\/\/blogit.gradia.fi\/veerakoivulampi-tdpt2204\/2023\/04\/02\/tuotteen-asiakaslahtoinen-suunnittelu-ja-valmistelu\/#primaryimage","url":"https:\/\/blogit.gradia.fi\/veerakoivulampi-tdpt2204\/wp-content\/uploads\/sites\/301\/2023\/03\/IMG_20230316_134023-scaled.jpg","contentUrl":"https:\/\/blogit.gradia.fi\/veerakoivulampi-tdpt2204\/wp-content\/uploads\/sites\/301\/2023\/03\/IMG_20230316_134023-scaled.jpg","width":1915,"height":2560},{"@type":"BreadcrumbList","@id":"https:\/\/blogit.gradia.fi\/veerakoivulampi-tdpt2204\/2023\/04\/02\/tuotteen-asiakaslahtoinen-suunnittelu-ja-valmistelu\/#breadcrumb","itemListElement":[{"@type":"ListItem","position":1,"name":"Etusivu","item":"https:\/\/blogit.gradia.fi\/veerakoivulampi-tdpt2204\/"},{"@type":"ListItem","position":2,"name":"Tuotteen asiakasl\u00e4ht\u00f6inen suunnittelu ja valmistaminen"}]},{"@type":"WebSite","@id":"https:\/\/blogit.gradia.fi\/veerakoivulampi-tdpt2204\/#website","url":"https:\/\/blogit.gradia.fi\/veerakoivulampi-tdpt2204\/","name":"OPPIMISP\u00c4IV\u00c4KIRJA","description":"Veera Koivulampi, Tekstiiliartesaani opiskelija","potentialAction":[{"@type":"SearchAction","target":{"@type":"EntryPoint","urlTemplate":"https:\/\/blogit.gradia.fi\/veerakoivulampi-tdpt2204\/?s={search_term_string}"},"query-input":{"@type":"PropertyValueSpecification","valueRequired":true,"valueName":"search_term_string"}}],"inLanguage":"fi"},{"@type":"Person","@id":"https:\/\/blogit.gradia.fi\/veerakoivulampi-tdpt2204\/#\/schema\/person\/baebc61a044e375c85239379d1dee6d4","name":"Veera Koivulampi","image":{"@type":"ImageObject","inLanguage":"fi","@id":"https:\/\/secure.gravatar.com\/avatar\/b52b55942ef30ce9c6eebb3a04d006bd59d67a87d516db5e230736e52dc955a3?s=96&d=mm&r=g","url":"https:\/\/secure.gravatar.com\/avatar\/b52b55942ef30ce9c6eebb3a04d006bd59d67a87d516db5e230736e52dc955a3?s=96&d=mm&r=g","contentUrl":"https:\/\/secure.gravatar.com\/avatar\/b52b55942ef30ce9c6eebb3a04d006bd59d67a87d516db5e230736e52dc955a3?s=96&d=mm&r=g","caption":"Veera Koivulampi"},"url":"https:\/\/blogit.gradia.fi\/veerakoivulampi-tdpt2204\/author\/gr277841\/"}]}},"uagb_featured_image_src":{"full":false,"thumbnail":false,"medium":false,"medium_large":false,"large":false,"1536x1536":false,"2048x2048":false,"twentyseventeen-featured-image":false,"twentyseventeen-thumbnail-avatar":false},"uagb_author_info":{"display_name":"Veera Koivulampi","author_link":"https:\/\/blogit.gradia.fi\/veerakoivulampi-tdpt2204\/author\/gr277841\/"},"uagb_comment_info":0,"uagb_excerpt":"Kohina T\u00e4ss\u00e4 kuvia omasta panoksestani teoksen valmistuksessa. Iskuhapsu p\u00e4tk\u00e4t kiinnitettyn\u00e4 metallitankoon. Minusta lopputuloksesta tuli kiva vaikka v\u00e4lill\u00e4 meinasi toivo loppua ja mietinkin v\u00e4lill\u00e4 ettei t\u00e4st\u00e4 tule yht\u00e4\u00e4n mit\u00e4\u00e4n. Odotan innolla milt\u00e4 lopullinen teos n\u00e4ytt\u00e4\u00e4 valaistuna. Teoksen kokoaminen oli minusta mukavaa ja kokonaisuuteen olen hyvin tyytyv\u00e4inen. Valaistuna teos sai ihan uuden ilmeen. Onnistuimme hyvin luomaan vedenalaisen&hellip;","_links":{"self":[{"href":"https:\/\/blogit.gradia.fi\/veerakoivulampi-tdpt2204\/wp-json\/wp\/v2\/posts\/238","targetHints":{"allow":["GET"]}}],"collection":[{"href":"https:\/\/blogit.gradia.fi\/veerakoivulampi-tdpt2204\/wp-json\/wp\/v2\/posts"}],"about":[{"href":"https:\/\/blogit.gradia.fi\/veerakoivulampi-tdpt2204\/wp-json\/wp\/v2\/types\/post"}],"author":[{"embeddable":true,"href":"https:\/\/blogit.gradia.fi\/veerakoivulampi-tdpt2204\/wp-json\/wp\/v2\/users\/845"}],"replies":[{"embeddable":true,"href":"https:\/\/blogit.gradia.fi\/veerakoivulampi-tdpt2204\/wp-json\/wp\/v2\/comments?post=238"}],"version-history":[{"count":10,"href":"https:\/\/blogit.gradia.fi\/veerakoivulampi-tdpt2204\/wp-json\/wp\/v2\/posts\/238\/revisions"}],"predecessor-version":[{"id":708,"href":"https:\/\/blogit.gradia.fi\/veerakoivulampi-tdpt2204\/wp-json\/wp\/v2\/posts\/238\/revisions\/708"}],"wp:attachment":[{"href":"https:\/\/blogit.gradia.fi\/veerakoivulampi-tdpt2204\/wp-json\/wp\/v2\/media?parent=238"}],"wp:term":[{"taxonomy":"category","embeddable":true,"href":"https:\/\/blogit.gradia.fi\/veerakoivulampi-tdpt2204\/wp-json\/wp\/v2\/categories?post=238"},{"taxonomy":"post_tag","embeddable":true,"href":"https:\/\/blogit.gradia.fi\/veerakoivulampi-tdpt2204\/wp-json\/wp\/v2\/tags?post=238"}],"curies":[{"name":"wp","href":"https:\/\/api.w.org\/{rel}","templated":true}]}}