{"id":125,"date":"2023-01-15T14:14:44","date_gmt":"2023-01-15T12:14:44","guid":{"rendered":"https:\/\/blogit.gradia.fi\/veerakoivulampi-tdpt2204\/?p=125"},"modified":"2023-09-03T20:13:20","modified_gmt":"2023-09-03T17:13:20","slug":"varjays","status":"publish","type":"post","link":"https:\/\/blogit.gradia.fi\/veerakoivulampi-tdpt2204\/2023\/01\/15\/varjays\/","title":{"rendered":"V\u00e4rj\u00e4ys"},"content":{"rendered":"\n<p>Ensimm\u00e4isill\u00e4 tunneilla k\u00e4vimme l\u00e4pi paljon teoriaa v\u00e4rj\u00e4ykseen liittyen mm. v\u00e4rj\u00e4yksen historiaa, ty\u00f6turvallisuutta ja ty\u00f6vaiheista.<\/p>\n\n\n\n<figure class=\"wp-block-image size-large\"><img loading=\"lazy\" decoding=\"async\" width=\"1024\" height=\"576\" src=\"https:\/\/blogit.gradia.fi\/veerakoivulampi-tdpt2204\/wp-content\/uploads\/sites\/301\/2023\/08\/wp-1692862323778-1024x576.jpg\" alt=\"\" class=\"wp-image-355\" srcset=\"https:\/\/blogit.gradia.fi\/veerakoivulampi-tdpt2204\/wp-content\/uploads\/sites\/301\/2023\/08\/wp-1692862323778-1024x576.jpg 1024w, https:\/\/blogit.gradia.fi\/veerakoivulampi-tdpt2204\/wp-content\/uploads\/sites\/301\/2023\/08\/wp-1692862323778-300x169.jpg 300w, https:\/\/blogit.gradia.fi\/veerakoivulampi-tdpt2204\/wp-content\/uploads\/sites\/301\/2023\/08\/wp-1692862323778-768x432.jpg 768w, https:\/\/blogit.gradia.fi\/veerakoivulampi-tdpt2204\/wp-content\/uploads\/sites\/301\/2023\/08\/wp-1692862323778-1536x864.jpg 1536w, https:\/\/blogit.gradia.fi\/veerakoivulampi-tdpt2204\/wp-content\/uploads\/sites\/301\/2023\/08\/wp-1692862323778-2048x1152.jpg 2048w\" sizes=\"auto, (max-width: 767px) 89vw, (max-width: 1000px) 54vw, (max-width: 1071px) 543px, 580px\" \/><\/figure>\n\n\n\n<figure class=\"wp-block-image\"><img loading=\"lazy\" decoding=\"async\" width=\"2560\" height=\"1440\" src=\"https:\/\/blogit.gradia.fi\/veerakoivulampi-tdpt2204\/wp-content\/uploads\/sites\/301\/2023\/01\/wp-1673784035550-scaled.jpg\" alt=\"\" class=\"wp-image-148\" srcset=\"https:\/\/blogit.gradia.fi\/veerakoivulampi-tdpt2204\/wp-content\/uploads\/sites\/301\/2023\/01\/wp-1673784035550-scaled.jpg 2560w, https:\/\/blogit.gradia.fi\/veerakoivulampi-tdpt2204\/wp-content\/uploads\/sites\/301\/2023\/01\/wp-1673784035550-300x169.jpg 300w, https:\/\/blogit.gradia.fi\/veerakoivulampi-tdpt2204\/wp-content\/uploads\/sites\/301\/2023\/01\/wp-1673784035550-1024x576.jpg 1024w, https:\/\/blogit.gradia.fi\/veerakoivulampi-tdpt2204\/wp-content\/uploads\/sites\/301\/2023\/01\/wp-1673784035550-768x432.jpg 768w, https:\/\/blogit.gradia.fi\/veerakoivulampi-tdpt2204\/wp-content\/uploads\/sites\/301\/2023\/01\/wp-1673784035550-1536x864.jpg 1536w, https:\/\/blogit.gradia.fi\/veerakoivulampi-tdpt2204\/wp-content\/uploads\/sites\/301\/2023\/01\/wp-1673784035550-2048x1152.jpg 2048w\" sizes=\"auto, (max-width: 767px) 89vw, (max-width: 1000px) 54vw, (max-width: 1071px) 543px, 580px\" \/><\/figure>\n\n\n\n<p>V\u00e4rj\u00e4tt\u00e4vi\u00e4 kankaita ostin kirpputorilta ja sain mummulta my\u00f6s vanhoja lakanoita. Solmin paljon kankaita solmintav\u00e4rj\u00e4yst\u00e4 eli plangia varten. Solmintaan k\u00e4ytin kalalankaa ja erilaisia puunpaloja.<\/p>\n\n\n\n<figure class=\"wp-block-image\"><img loading=\"lazy\" decoding=\"async\" width=\"2560\" height=\"1440\" src=\"https:\/\/blogit.gradia.fi\/veerakoivulampi-tdpt2204\/wp-content\/uploads\/sites\/301\/2023\/01\/wp-1673784035616-scaled.jpg\" alt=\"\" class=\"wp-image-149\" srcset=\"https:\/\/blogit.gradia.fi\/veerakoivulampi-tdpt2204\/wp-content\/uploads\/sites\/301\/2023\/01\/wp-1673784035616-scaled.jpg 2560w, https:\/\/blogit.gradia.fi\/veerakoivulampi-tdpt2204\/wp-content\/uploads\/sites\/301\/2023\/01\/wp-1673784035616-300x169.jpg 300w, https:\/\/blogit.gradia.fi\/veerakoivulampi-tdpt2204\/wp-content\/uploads\/sites\/301\/2023\/01\/wp-1673784035616-1024x576.jpg 1024w, https:\/\/blogit.gradia.fi\/veerakoivulampi-tdpt2204\/wp-content\/uploads\/sites\/301\/2023\/01\/wp-1673784035616-768x432.jpg 768w, https:\/\/blogit.gradia.fi\/veerakoivulampi-tdpt2204\/wp-content\/uploads\/sites\/301\/2023\/01\/wp-1673784035616-1536x864.jpg 1536w, https:\/\/blogit.gradia.fi\/veerakoivulampi-tdpt2204\/wp-content\/uploads\/sites\/301\/2023\/01\/wp-1673784035616-2048x1152.jpg 2048w\" sizes=\"auto, (max-width: 767px) 89vw, (max-width: 1000px) 54vw, (max-width: 1071px) 543px, 580px\" \/><\/figure>\n\n\n\n<p>Ensiksi v\u00e4rj\u00e4simme reaktiiviv\u00e4reill\u00e4 selluloosakuituisia kankaita. Liemien laskussa tarvitsin paljon harjoitusta, koska numerot ovat aina olleet minulle hankalia. Laskut onnistuivat ja suurimmasta osasta liemist\u00e4 saatiin haluttu tulos.<\/p>\n\n\n\n<figure class=\"wp-block-image\"><img loading=\"lazy\" decoding=\"async\" width=\"2560\" height=\"1440\" src=\"https:\/\/blogit.gradia.fi\/veerakoivulampi-tdpt2204\/wp-content\/uploads\/sites\/301\/2023\/01\/wp-1673784034394-scaled.jpg\" alt=\"\" class=\"wp-image-136\" srcset=\"https:\/\/blogit.gradia.fi\/veerakoivulampi-tdpt2204\/wp-content\/uploads\/sites\/301\/2023\/01\/wp-1673784034394-scaled.jpg 2560w, https:\/\/blogit.gradia.fi\/veerakoivulampi-tdpt2204\/wp-content\/uploads\/sites\/301\/2023\/01\/wp-1673784034394-300x169.jpg 300w, https:\/\/blogit.gradia.fi\/veerakoivulampi-tdpt2204\/wp-content\/uploads\/sites\/301\/2023\/01\/wp-1673784034394-1024x576.jpg 1024w, https:\/\/blogit.gradia.fi\/veerakoivulampi-tdpt2204\/wp-content\/uploads\/sites\/301\/2023\/01\/wp-1673784034394-768x432.jpg 768w, https:\/\/blogit.gradia.fi\/veerakoivulampi-tdpt2204\/wp-content\/uploads\/sites\/301\/2023\/01\/wp-1673784034394-1536x864.jpg 1536w, https:\/\/blogit.gradia.fi\/veerakoivulampi-tdpt2204\/wp-content\/uploads\/sites\/301\/2023\/01\/wp-1673784034394-2048x1152.jpg 2048w\" sizes=\"auto, (max-width: 767px) 89vw, (max-width: 1000px) 54vw, (max-width: 1071px) 543px, 580px\" \/><\/figure>\n\n\n\n<figure class=\"wp-block-image\"><img loading=\"lazy\" decoding=\"async\" width=\"2560\" height=\"1440\" src=\"https:\/\/blogit.gradia.fi\/veerakoivulampi-tdpt2204\/wp-content\/uploads\/sites\/301\/2023\/01\/wp-1673784034270-scaled.jpg\" alt=\"\" class=\"wp-image-135\" srcset=\"https:\/\/blogit.gradia.fi\/veerakoivulampi-tdpt2204\/wp-content\/uploads\/sites\/301\/2023\/01\/wp-1673784034270-scaled.jpg 2560w, https:\/\/blogit.gradia.fi\/veerakoivulampi-tdpt2204\/wp-content\/uploads\/sites\/301\/2023\/01\/wp-1673784034270-300x169.jpg 300w, https:\/\/blogit.gradia.fi\/veerakoivulampi-tdpt2204\/wp-content\/uploads\/sites\/301\/2023\/01\/wp-1673784034270-1024x576.jpg 1024w, https:\/\/blogit.gradia.fi\/veerakoivulampi-tdpt2204\/wp-content\/uploads\/sites\/301\/2023\/01\/wp-1673784034270-768x432.jpg 768w, https:\/\/blogit.gradia.fi\/veerakoivulampi-tdpt2204\/wp-content\/uploads\/sites\/301\/2023\/01\/wp-1673784034270-1536x864.jpg 1536w, https:\/\/blogit.gradia.fi\/veerakoivulampi-tdpt2204\/wp-content\/uploads\/sites\/301\/2023\/01\/wp-1673784034270-2048x1152.jpg 2048w\" sizes=\"auto, (max-width: 767px) 89vw, (max-width: 1000px) 54vw, (max-width: 1071px) 543px, 580px\" \/><\/figure>\n\n\n\n<p>Kankaita tuli v\u00e4rj\u00e4tty\u00e4 aika paljon, on ainakin materiaalia seuraaville kursseille. N\u00e4ist\u00e4 kuvista pid\u00e4n erityisen paljon. <\/p>\n\n\n\n<figure class=\"wp-block-image size-large is-resized\"><img loading=\"lazy\" decoding=\"async\" src=\"https:\/\/blogit.gradia.fi\/veerakoivulampi-tdpt2204\/wp-content\/uploads\/sites\/301\/2023\/08\/wp-1692862481494-802x1024.jpg\" alt=\"\" class=\"wp-image-357\" width=\"631\" height=\"805\" srcset=\"https:\/\/blogit.gradia.fi\/veerakoivulampi-tdpt2204\/wp-content\/uploads\/sites\/301\/2023\/08\/wp-1692862481494-802x1024.jpg 802w, https:\/\/blogit.gradia.fi\/veerakoivulampi-tdpt2204\/wp-content\/uploads\/sites\/301\/2023\/08\/wp-1692862481494-235x300.jpg 235w, https:\/\/blogit.gradia.fi\/veerakoivulampi-tdpt2204\/wp-content\/uploads\/sites\/301\/2023\/08\/wp-1692862481494-768x981.jpg 768w, https:\/\/blogit.gradia.fi\/veerakoivulampi-tdpt2204\/wp-content\/uploads\/sites\/301\/2023\/08\/wp-1692862481494-1203x1536.jpg 1203w, https:\/\/blogit.gradia.fi\/veerakoivulampi-tdpt2204\/wp-content\/uploads\/sites\/301\/2023\/08\/wp-1692862481494-1603x2048.jpg 1603w, https:\/\/blogit.gradia.fi\/veerakoivulampi-tdpt2204\/wp-content\/uploads\/sites\/301\/2023\/08\/wp-1692862481494-scaled.jpg 2004w\" sizes=\"auto, (max-width: 631px) 100vw, 631px\" \/><\/figure>\n\n\n\n<p>Seuraavaksi v\u00e4rj\u00e4simme villaa happov\u00e4reill\u00e4. Minulla oli kotona paljon iso\u00e4itieni vanhoja lankoja joita oli hyv\u00e4 k\u00e4ytt\u00e4\u00e4 v\u00e4rj\u00e4ykseen. Halusin kokeilla v\u00e4rj\u00e4t\u00e4 eris\u00e4vyisi\u00e4 lankoja ja katsoa miten ne muuttuvat v\u00e4rj\u00e4yksen aikana.<\/p>\n\n\n\n<figure class=\"wp-block-image\"><img loading=\"lazy\" decoding=\"async\" width=\"2560\" height=\"1440\" src=\"https:\/\/blogit.gradia.fi\/veerakoivulampi-tdpt2204\/wp-content\/uploads\/sites\/301\/2023\/01\/wp-1673784035254-scaled.jpg\" alt=\"\" class=\"wp-image-155\" srcset=\"https:\/\/blogit.gradia.fi\/veerakoivulampi-tdpt2204\/wp-content\/uploads\/sites\/301\/2023\/01\/wp-1673784035254-scaled.jpg 2560w, https:\/\/blogit.gradia.fi\/veerakoivulampi-tdpt2204\/wp-content\/uploads\/sites\/301\/2023\/01\/wp-1673784035254-300x169.jpg 300w, https:\/\/blogit.gradia.fi\/veerakoivulampi-tdpt2204\/wp-content\/uploads\/sites\/301\/2023\/01\/wp-1673784035254-1024x576.jpg 1024w, https:\/\/blogit.gradia.fi\/veerakoivulampi-tdpt2204\/wp-content\/uploads\/sites\/301\/2023\/01\/wp-1673784035254-768x432.jpg 768w, https:\/\/blogit.gradia.fi\/veerakoivulampi-tdpt2204\/wp-content\/uploads\/sites\/301\/2023\/01\/wp-1673784035254-1536x864.jpg 1536w, https:\/\/blogit.gradia.fi\/veerakoivulampi-tdpt2204\/wp-content\/uploads\/sites\/301\/2023\/01\/wp-1673784035254-2048x1152.jpg 2048w\" sizes=\"auto, (max-width: 767px) 89vw, (max-width: 1000px) 54vw, (max-width: 1071px) 543px, 580px\" \/><\/figure>\n\n\n\n<p>Oli kivaa seurata kuinka v\u00e4riliemi kirkastui prosessin aikana.<\/p>\n\n\n\n<figure class=\"wp-block-image\"><img loading=\"lazy\" decoding=\"async\" width=\"2560\" height=\"1440\" src=\"https:\/\/blogit.gradia.fi\/veerakoivulampi-tdpt2204\/wp-content\/uploads\/sites\/301\/2023\/01\/wp-1673784035327-scaled.jpg\" alt=\"\" class=\"wp-image-152\" srcset=\"https:\/\/blogit.gradia.fi\/veerakoivulampi-tdpt2204\/wp-content\/uploads\/sites\/301\/2023\/01\/wp-1673784035327-scaled.jpg 2560w, https:\/\/blogit.gradia.fi\/veerakoivulampi-tdpt2204\/wp-content\/uploads\/sites\/301\/2023\/01\/wp-1673784035327-300x169.jpg 300w, https:\/\/blogit.gradia.fi\/veerakoivulampi-tdpt2204\/wp-content\/uploads\/sites\/301\/2023\/01\/wp-1673784035327-1024x576.jpg 1024w, https:\/\/blogit.gradia.fi\/veerakoivulampi-tdpt2204\/wp-content\/uploads\/sites\/301\/2023\/01\/wp-1673784035327-768x432.jpg 768w, https:\/\/blogit.gradia.fi\/veerakoivulampi-tdpt2204\/wp-content\/uploads\/sites\/301\/2023\/01\/wp-1673784035327-1536x864.jpg 1536w, https:\/\/blogit.gradia.fi\/veerakoivulampi-tdpt2204\/wp-content\/uploads\/sites\/301\/2023\/01\/wp-1673784035327-2048x1152.jpg 2048w\" sizes=\"auto, (max-width: 767px) 89vw, (max-width: 1000px) 54vw, (max-width: 1071px) 543px, 580px\" \/><\/figure>\n\n\n\n<figure class=\"wp-block-image\"><img loading=\"lazy\" decoding=\"async\" width=\"2560\" height=\"1440\" src=\"https:\/\/blogit.gradia.fi\/veerakoivulampi-tdpt2204\/wp-content\/uploads\/sites\/301\/2023\/01\/wp-1673784034459-scaled.jpg\" alt=\"\" class=\"wp-image-138\" srcset=\"https:\/\/blogit.gradia.fi\/veerakoivulampi-tdpt2204\/wp-content\/uploads\/sites\/301\/2023\/01\/wp-1673784034459-scaled.jpg 2560w, https:\/\/blogit.gradia.fi\/veerakoivulampi-tdpt2204\/wp-content\/uploads\/sites\/301\/2023\/01\/wp-1673784034459-300x169.jpg 300w, https:\/\/blogit.gradia.fi\/veerakoivulampi-tdpt2204\/wp-content\/uploads\/sites\/301\/2023\/01\/wp-1673784034459-1024x576.jpg 1024w, https:\/\/blogit.gradia.fi\/veerakoivulampi-tdpt2204\/wp-content\/uploads\/sites\/301\/2023\/01\/wp-1673784034459-768x432.jpg 768w, https:\/\/blogit.gradia.fi\/veerakoivulampi-tdpt2204\/wp-content\/uploads\/sites\/301\/2023\/01\/wp-1673784034459-1536x864.jpg 1536w, https:\/\/blogit.gradia.fi\/veerakoivulampi-tdpt2204\/wp-content\/uploads\/sites\/301\/2023\/01\/wp-1673784034459-2048x1152.jpg 2048w\" sizes=\"auto, (max-width: 767px) 89vw, (max-width: 1000px) 54vw, (max-width: 1071px) 543px, 580px\" \/><\/figure>\n\n\n\n<figure class=\"wp-block-image\"><img loading=\"lazy\" decoding=\"async\" width=\"2560\" height=\"1440\" src=\"https:\/\/blogit.gradia.fi\/veerakoivulampi-tdpt2204\/wp-content\/uploads\/sites\/301\/2023\/01\/wp-1673784034990-scaled.jpg\" alt=\"\" class=\"wp-image-139\" srcset=\"https:\/\/blogit.gradia.fi\/veerakoivulampi-tdpt2204\/wp-content\/uploads\/sites\/301\/2023\/01\/wp-1673784034990-scaled.jpg 2560w, https:\/\/blogit.gradia.fi\/veerakoivulampi-tdpt2204\/wp-content\/uploads\/sites\/301\/2023\/01\/wp-1673784034990-300x169.jpg 300w, https:\/\/blogit.gradia.fi\/veerakoivulampi-tdpt2204\/wp-content\/uploads\/sites\/301\/2023\/01\/wp-1673784034990-1024x576.jpg 1024w, https:\/\/blogit.gradia.fi\/veerakoivulampi-tdpt2204\/wp-content\/uploads\/sites\/301\/2023\/01\/wp-1673784034990-768x432.jpg 768w, https:\/\/blogit.gradia.fi\/veerakoivulampi-tdpt2204\/wp-content\/uploads\/sites\/301\/2023\/01\/wp-1673784034990-1536x864.jpg 1536w, https:\/\/blogit.gradia.fi\/veerakoivulampi-tdpt2204\/wp-content\/uploads\/sites\/301\/2023\/01\/wp-1673784034990-2048x1152.jpg 2048w\" sizes=\"auto, (max-width: 767px) 89vw, (max-width: 1000px) 54vw, (max-width: 1071px) 543px, 580px\" \/><\/figure>\n\n\n\n<p>Kaikki purppurat (ja vaaleanpunainen) langat olivat samassa liemess\u00e4, langat olivat eri s\u00e4vyisi\u00e4 ja materiaaleja.<\/p>\n\n\n\n<figure class=\"wp-block-image size-large\"><img loading=\"lazy\" decoding=\"async\" width=\"1024\" height=\"576\" src=\"https:\/\/blogit.gradia.fi\/veerakoivulampi-tdpt2204\/wp-content\/uploads\/sites\/301\/2023\/01\/wp-1673784034905-1024x576.jpg\" alt=\"\" class=\"wp-image-142\" srcset=\"https:\/\/blogit.gradia.fi\/veerakoivulampi-tdpt2204\/wp-content\/uploads\/sites\/301\/2023\/01\/wp-1673784034905-1024x576.jpg 1024w, https:\/\/blogit.gradia.fi\/veerakoivulampi-tdpt2204\/wp-content\/uploads\/sites\/301\/2023\/01\/wp-1673784034905-300x169.jpg 300w, https:\/\/blogit.gradia.fi\/veerakoivulampi-tdpt2204\/wp-content\/uploads\/sites\/301\/2023\/01\/wp-1673784034905-768x432.jpg 768w, https:\/\/blogit.gradia.fi\/veerakoivulampi-tdpt2204\/wp-content\/uploads\/sites\/301\/2023\/01\/wp-1673784034905-1536x864.jpg 1536w, https:\/\/blogit.gradia.fi\/veerakoivulampi-tdpt2204\/wp-content\/uploads\/sites\/301\/2023\/01\/wp-1673784034905-2048x1152.jpg 2048w\" sizes=\"auto, (max-width: 767px) 89vw, (max-width: 1000px) 54vw, (max-width: 1071px) 543px, 580px\" \/><\/figure>\n\n\n\n<figure class=\"wp-block-image\"><img loading=\"lazy\" decoding=\"async\" width=\"2560\" height=\"1440\" src=\"https:\/\/blogit.gradia.fi\/veerakoivulampi-tdpt2204\/wp-content\/uploads\/sites\/301\/2023\/01\/wp-1673784035183-1-scaled.jpg\" alt=\"\" class=\"wp-image-156\" srcset=\"https:\/\/blogit.gradia.fi\/veerakoivulampi-tdpt2204\/wp-content\/uploads\/sites\/301\/2023\/01\/wp-1673784035183-1-scaled.jpg 2560w, https:\/\/blogit.gradia.fi\/veerakoivulampi-tdpt2204\/wp-content\/uploads\/sites\/301\/2023\/01\/wp-1673784035183-1-300x169.jpg 300w, https:\/\/blogit.gradia.fi\/veerakoivulampi-tdpt2204\/wp-content\/uploads\/sites\/301\/2023\/01\/wp-1673784035183-1-1024x576.jpg 1024w, https:\/\/blogit.gradia.fi\/veerakoivulampi-tdpt2204\/wp-content\/uploads\/sites\/301\/2023\/01\/wp-1673784035183-1-768x432.jpg 768w, https:\/\/blogit.gradia.fi\/veerakoivulampi-tdpt2204\/wp-content\/uploads\/sites\/301\/2023\/01\/wp-1673784035183-1-1536x864.jpg 1536w, https:\/\/blogit.gradia.fi\/veerakoivulampi-tdpt2204\/wp-content\/uploads\/sites\/301\/2023\/01\/wp-1673784035183-1-2048x1152.jpg 2048w\" sizes=\"auto, (max-width: 767px) 89vw, (max-width: 1000px) 54vw, (max-width: 1071px) 543px, 580px\" \/><\/figure>\n\n\n\n<p>Moniv\u00e4risist\u00e4 langoista tuli aivan ihanat.<\/p>\n\n\n\n<figure class=\"wp-block-image size-large\"><img loading=\"lazy\" decoding=\"async\" width=\"1024\" height=\"719\" src=\"https:\/\/blogit.gradia.fi\/veerakoivulampi-tdpt2204\/wp-content\/uploads\/sites\/301\/2023\/08\/wp-1692862786996-1024x719.jpg\" alt=\"\" class=\"wp-image-362\" srcset=\"https:\/\/blogit.gradia.fi\/veerakoivulampi-tdpt2204\/wp-content\/uploads\/sites\/301\/2023\/08\/wp-1692862786996-1024x719.jpg 1024w, https:\/\/blogit.gradia.fi\/veerakoivulampi-tdpt2204\/wp-content\/uploads\/sites\/301\/2023\/08\/wp-1692862786996-300x211.jpg 300w, https:\/\/blogit.gradia.fi\/veerakoivulampi-tdpt2204\/wp-content\/uploads\/sites\/301\/2023\/08\/wp-1692862786996-768x540.jpg 768w, https:\/\/blogit.gradia.fi\/veerakoivulampi-tdpt2204\/wp-content\/uploads\/sites\/301\/2023\/08\/wp-1692862786996-1536x1079.jpg 1536w, https:\/\/blogit.gradia.fi\/veerakoivulampi-tdpt2204\/wp-content\/uploads\/sites\/301\/2023\/08\/wp-1692862786996-2048x1439.jpg 2048w\" sizes=\"auto, (max-width: 767px) 89vw, (max-width: 1000px) 54vw, (max-width: 1071px) 543px, 580px\" \/><\/figure>\n\n\n\n<p>Pidin &#8211; kovasti ja halusin tehd\u00e4 samanlaisen uudestaan, mutta toisilla v\u00e4reill\u00e4. V\u00e4rein\u00e4 k\u00e4ytin keltaista ja turkoosia.<\/p>\n\n\n\n<figure class=\"wp-block-image size-large\"><img loading=\"lazy\" decoding=\"async\" width=\"1024\" height=\"576\" src=\"https:\/\/blogit.gradia.fi\/veerakoivulampi-tdpt2204\/wp-content\/uploads\/sites\/301\/2023\/03\/IMG_20230116_135603-1024x576.jpg\" alt=\"\" class=\"wp-image-183\" srcset=\"https:\/\/blogit.gradia.fi\/veerakoivulampi-tdpt2204\/wp-content\/uploads\/sites\/301\/2023\/03\/IMG_20230116_135603-1024x576.jpg 1024w, https:\/\/blogit.gradia.fi\/veerakoivulampi-tdpt2204\/wp-content\/uploads\/sites\/301\/2023\/03\/IMG_20230116_135603-300x169.jpg 300w, https:\/\/blogit.gradia.fi\/veerakoivulampi-tdpt2204\/wp-content\/uploads\/sites\/301\/2023\/03\/IMG_20230116_135603-768x432.jpg 768w, https:\/\/blogit.gradia.fi\/veerakoivulampi-tdpt2204\/wp-content\/uploads\/sites\/301\/2023\/03\/IMG_20230116_135603-1536x864.jpg 1536w, https:\/\/blogit.gradia.fi\/veerakoivulampi-tdpt2204\/wp-content\/uploads\/sites\/301\/2023\/03\/IMG_20230116_135603-2048x1152.jpg 2048w\" sizes=\"auto, (max-width: 767px) 89vw, (max-width: 1000px) 54vw, (max-width: 1071px) 543px, 580px\" \/><\/figure>\n\n\n\n<p>Keltainen ja turkoosi sekoittuivat ihanasti ja lopputuloksesta tuli kiva.<\/p>\n\n\n\n<figure class=\"wp-block-image size-large\"><img loading=\"lazy\" decoding=\"async\" width=\"801\" height=\"1024\" src=\"https:\/\/blogit.gradia.fi\/veerakoivulampi-tdpt2204\/wp-content\/uploads\/sites\/301\/2023\/08\/wp-1692862786955-801x1024.jpg\" alt=\"\" class=\"wp-image-359\" srcset=\"https:\/\/blogit.gradia.fi\/veerakoivulampi-tdpt2204\/wp-content\/uploads\/sites\/301\/2023\/08\/wp-1692862786955-801x1024.jpg 801w, https:\/\/blogit.gradia.fi\/veerakoivulampi-tdpt2204\/wp-content\/uploads\/sites\/301\/2023\/08\/wp-1692862786955-235x300.jpg 235w, https:\/\/blogit.gradia.fi\/veerakoivulampi-tdpt2204\/wp-content\/uploads\/sites\/301\/2023\/08\/wp-1692862786955-768x982.jpg 768w, https:\/\/blogit.gradia.fi\/veerakoivulampi-tdpt2204\/wp-content\/uploads\/sites\/301\/2023\/08\/wp-1692862786955-1201x1536.jpg 1201w, https:\/\/blogit.gradia.fi\/veerakoivulampi-tdpt2204\/wp-content\/uploads\/sites\/301\/2023\/08\/wp-1692862786955-1601x2048.jpg 1601w, https:\/\/blogit.gradia.fi\/veerakoivulampi-tdpt2204\/wp-content\/uploads\/sites\/301\/2023\/08\/wp-1692862786955-scaled.jpg 2001w\" sizes=\"auto, (max-width: 767px) 89vw, (max-width: 1000px) 54vw, (max-width: 1071px) 543px, 580px\" \/><\/figure>\n\n\n\n<p>Sukistakin tuli hienot, annoin ne lahjaksi yst\u00e4v\u00e4lleni.<\/p>\n\n\n\n<figure class=\"wp-block-image size-large\"><img loading=\"lazy\" decoding=\"async\" width=\"576\" height=\"1024\" src=\"https:\/\/blogit.gradia.fi\/veerakoivulampi-tdpt2204\/wp-content\/uploads\/sites\/301\/2023\/01\/wp-1673784034027-576x1024.jpg\" alt=\"\" class=\"wp-image-128\" srcset=\"https:\/\/blogit.gradia.fi\/veerakoivulampi-tdpt2204\/wp-content\/uploads\/sites\/301\/2023\/01\/wp-1673784034027-576x1024.jpg 576w, https:\/\/blogit.gradia.fi\/veerakoivulampi-tdpt2204\/wp-content\/uploads\/sites\/301\/2023\/01\/wp-1673784034027-169x300.jpg 169w, https:\/\/blogit.gradia.fi\/veerakoivulampi-tdpt2204\/wp-content\/uploads\/sites\/301\/2023\/01\/wp-1673784034027-768x1365.jpg 768w, https:\/\/blogit.gradia.fi\/veerakoivulampi-tdpt2204\/wp-content\/uploads\/sites\/301\/2023\/01\/wp-1673784034027-864x1536.jpg 864w, https:\/\/blogit.gradia.fi\/veerakoivulampi-tdpt2204\/wp-content\/uploads\/sites\/301\/2023\/01\/wp-1673784034027-1152x2048.jpg 1152w, https:\/\/blogit.gradia.fi\/veerakoivulampi-tdpt2204\/wp-content\/uploads\/sites\/301\/2023\/01\/wp-1673784034027-scaled.jpg 1440w\" sizes=\"auto, (max-width: 576px) 100vw, 576px\" \/><\/figure>\n\n\n\n<p>Lankojakin sain v\u00e4rj\u00e4tty\u00e4 paljon, oli kiva antaa &#8221;tyls\u00e4n&#8221; v\u00e4risille langoille muodonmuutos.<\/p>\n\n\n\n<figure class=\"wp-block-image\"><img loading=\"lazy\" decoding=\"async\" width=\"1440\" height=\"2560\" src=\"https:\/\/blogit.gradia.fi\/veerakoivulampi-tdpt2204\/wp-content\/uploads\/sites\/301\/2023\/01\/wp-1673784034598-scaled.jpg\" alt=\"\" class=\"wp-image-131\" srcset=\"https:\/\/blogit.gradia.fi\/veerakoivulampi-tdpt2204\/wp-content\/uploads\/sites\/301\/2023\/01\/wp-1673784034598-scaled.jpg 1440w, https:\/\/blogit.gradia.fi\/veerakoivulampi-tdpt2204\/wp-content\/uploads\/sites\/301\/2023\/01\/wp-1673784034598-169x300.jpg 169w, https:\/\/blogit.gradia.fi\/veerakoivulampi-tdpt2204\/wp-content\/uploads\/sites\/301\/2023\/01\/wp-1673784034598-576x1024.jpg 576w, https:\/\/blogit.gradia.fi\/veerakoivulampi-tdpt2204\/wp-content\/uploads\/sites\/301\/2023\/01\/wp-1673784034598-768x1365.jpg 768w, https:\/\/blogit.gradia.fi\/veerakoivulampi-tdpt2204\/wp-content\/uploads\/sites\/301\/2023\/01\/wp-1673784034598-864x1536.jpg 864w, https:\/\/blogit.gradia.fi\/veerakoivulampi-tdpt2204\/wp-content\/uploads\/sites\/301\/2023\/01\/wp-1673784034598-1152x2048.jpg 1152w\" sizes=\"auto, (max-width: 767px) 89vw, (max-width: 1000px) 54vw, (max-width: 1071px) 543px, 580px\" \/><\/figure>\n\n\n\n<p>Kun olimme harjoitelleet tarpeeksi villan v\u00e4rj\u00e4yst\u00e4 oli aika v\u00e4rj\u00e4t\u00e4 ensimm\u00e4isell\u00e4 kurssilla kutomat huivit. V\u00e4rj\u00e4sin huivin \u00e4idilleni ja h\u00e4n halusi siit\u00e4 joulunpunaisen.<\/p>\n\n\n\n<figure class=\"wp-block-image is-resized\"><img loading=\"lazy\" decoding=\"async\" src=\"https:\/\/blogit.gradia.fi\/veerakoivulampi-tdpt2204\/wp-content\/uploads\/sites\/301\/2023\/01\/wp-1673784034837-scaled.jpg\" alt=\"\" class=\"wp-image-137\" width=\"592\" height=\"1052\" srcset=\"https:\/\/blogit.gradia.fi\/veerakoivulampi-tdpt2204\/wp-content\/uploads\/sites\/301\/2023\/01\/wp-1673784034837-scaled.jpg 1440w, https:\/\/blogit.gradia.fi\/veerakoivulampi-tdpt2204\/wp-content\/uploads\/sites\/301\/2023\/01\/wp-1673784034837-169x300.jpg 169w, https:\/\/blogit.gradia.fi\/veerakoivulampi-tdpt2204\/wp-content\/uploads\/sites\/301\/2023\/01\/wp-1673784034837-576x1024.jpg 576w, https:\/\/blogit.gradia.fi\/veerakoivulampi-tdpt2204\/wp-content\/uploads\/sites\/301\/2023\/01\/wp-1673784034837-768x1365.jpg 768w, https:\/\/blogit.gradia.fi\/veerakoivulampi-tdpt2204\/wp-content\/uploads\/sites\/301\/2023\/01\/wp-1673784034837-864x1536.jpg 864w, https:\/\/blogit.gradia.fi\/veerakoivulampi-tdpt2204\/wp-content\/uploads\/sites\/301\/2023\/01\/wp-1673784034837-1152x2048.jpg 1152w\" sizes=\"auto, (max-width: 592px) 100vw, 592px\" \/><\/figure>\n\n\n\n<p>V\u00e4rj\u00e4ys onnistui hyvin ja v\u00e4rist\u00e4 tuli juuri oikeanlainen. Kudoin huivin eri v\u00e4risill\u00e4 j\u00e4m\u00e4 langoilla ja niiden avulla sain huiviin eri punaisen s\u00e4vyj\u00e4.<\/p>\n\n\n\n<figure class=\"wp-block-image size-large is-resized\"><img loading=\"lazy\" decoding=\"async\" src=\"https:\/\/blogit.gradia.fi\/veerakoivulampi-tdpt2204\/wp-content\/uploads\/sites\/301\/2023\/08\/wp-1692862786873-764x1024.jpg\" alt=\"\" class=\"wp-image-360\" width=\"591\" height=\"792\" srcset=\"https:\/\/blogit.gradia.fi\/veerakoivulampi-tdpt2204\/wp-content\/uploads\/sites\/301\/2023\/08\/wp-1692862786873-764x1024.jpg 764w, https:\/\/blogit.gradia.fi\/veerakoivulampi-tdpt2204\/wp-content\/uploads\/sites\/301\/2023\/08\/wp-1692862786873-224x300.jpg 224w, https:\/\/blogit.gradia.fi\/veerakoivulampi-tdpt2204\/wp-content\/uploads\/sites\/301\/2023\/08\/wp-1692862786873-768x1030.jpg 768w, https:\/\/blogit.gradia.fi\/veerakoivulampi-tdpt2204\/wp-content\/uploads\/sites\/301\/2023\/08\/wp-1692862786873-1146x1536.jpg 1146w, https:\/\/blogit.gradia.fi\/veerakoivulampi-tdpt2204\/wp-content\/uploads\/sites\/301\/2023\/08\/wp-1692862786873-1527x2048.jpg 1527w, https:\/\/blogit.gradia.fi\/veerakoivulampi-tdpt2204\/wp-content\/uploads\/sites\/301\/2023\/08\/wp-1692862786873.jpg 1687w\" sizes=\"auto, (max-width: 591px) 100vw, 591px\" \/><\/figure>\n\n\n\n<p>\u00c4iti halusi ett\u00e4 v\u00e4rj\u00e4isin h\u00e4nen hameensa. H\u00e4n ei tyk\u00e4nnyt hameen alkuper\u00e4isest\u00e4 v\u00e4rist\u00e4 joka oli harmaan beige. Hame oli valmistettu viskoosista, joka v\u00e4rj\u00e4ytyi helposti.<\/p>\n","protected":false},"excerpt":{"rendered":"<p>Ensimm\u00e4isill\u00e4 tunneilla k\u00e4vimme l\u00e4pi paljon teoriaa v\u00e4rj\u00e4ykseen liittyen mm. v\u00e4rj\u00e4yksen historiaa, ty\u00f6turvallisuutta ja ty\u00f6vaiheista. V\u00e4rj\u00e4tt\u00e4vi\u00e4 kankaita ostin kirpputorilta ja sain mummulta my\u00f6s vanhoja lakanoita. Solmin paljon kankaita solmintav\u00e4rj\u00e4yst\u00e4 eli plangia varten. Solmintaan k\u00e4ytin kalalankaa ja erilaisia puunpaloja. Ensiksi v\u00e4rj\u00e4simme reaktiiviv\u00e4reill\u00e4 selluloosakuituisia kankaita. Liemien laskussa tarvitsin paljon harjoitusta, koska numerot ovat aina olleet minulle hankalia. Laskut &hellip; <\/p>\n<p class=\"link-more\"><a href=\"https:\/\/blogit.gradia.fi\/veerakoivulampi-tdpt2204\/2023\/01\/15\/varjays\/\" class=\"more-link\">Jatka lukemista<span class=\"screen-reader-text\"> &#8221;V\u00e4rj\u00e4ys&#8221;<\/span><\/a><\/p>\n","protected":false},"author":845,"featured_media":0,"comment_status":"open","ping_status":"open","sticky":false,"template":"","format":"standard","meta":{"_uag_custom_page_level_css":"","footnotes":""},"categories":[1],"tags":[],"class_list":["post-125","post","type-post","status-publish","format-standard","hentry","category-yleinen"],"yoast_head":"<!-- This site is optimized with the Yoast SEO plugin v27.5 - https:\/\/yoast.com\/product\/yoast-seo-wordpress\/ -->\n<title>V\u00e4rj\u00e4ys - OPPIMISP\u00c4IV\u00c4KIRJA<\/title>\n<meta name=\"robots\" content=\"index, follow, max-snippet:-1, max-image-preview:large, max-video-preview:-1\" \/>\n<link rel=\"canonical\" href=\"https:\/\/blogit.gradia.fi\/veerakoivulampi-tdpt2204\/2023\/01\/15\/varjays\/\" \/>\n<meta property=\"og:locale\" content=\"fi_FI\" \/>\n<meta property=\"og:type\" content=\"article\" \/>\n<meta property=\"og:title\" content=\"V\u00e4rj\u00e4ys - OPPIMISP\u00c4IV\u00c4KIRJA\" \/>\n<meta property=\"og:description\" content=\"Ensimm\u00e4isill\u00e4 tunneilla k\u00e4vimme l\u00e4pi paljon teoriaa v\u00e4rj\u00e4ykseen liittyen mm. v\u00e4rj\u00e4yksen historiaa, ty\u00f6turvallisuutta ja ty\u00f6vaiheista. V\u00e4rj\u00e4tt\u00e4vi\u00e4 kankaita ostin kirpputorilta ja sain mummulta my\u00f6s vanhoja lakanoita. Solmin paljon kankaita solmintav\u00e4rj\u00e4yst\u00e4 eli plangia varten. Solmintaan k\u00e4ytin kalalankaa ja erilaisia puunpaloja. Ensiksi v\u00e4rj\u00e4simme reaktiiviv\u00e4reill\u00e4 selluloosakuituisia kankaita. Liemien laskussa tarvitsin paljon harjoitusta, koska numerot ovat aina olleet minulle hankalia. Laskut &hellip; Jatka lukemista &quot;V\u00e4rj\u00e4ys&quot;\" \/>\n<meta property=\"og:url\" content=\"https:\/\/blogit.gradia.fi\/veerakoivulampi-tdpt2204\/2023\/01\/15\/varjays\/\" \/>\n<meta property=\"og:site_name\" content=\"OPPIMISP\u00c4IV\u00c4KIRJA\" \/>\n<meta property=\"article:published_time\" content=\"2023-01-15T12:14:44+00:00\" \/>\n<meta property=\"article:modified_time\" content=\"2023-09-03T17:13:20+00:00\" \/>\n<meta property=\"og:image\" content=\"https:\/\/blogit.gradia.fi\/veerakoivulampi-tdpt2204\/wp-content\/uploads\/sites\/301\/2023\/08\/wp-1692862323778-1024x576.jpg\" \/>\n<meta name=\"author\" content=\"Veera Koivulampi\" \/>\n<meta name=\"twitter:card\" content=\"summary_large_image\" \/>\n<meta name=\"twitter:label1\" content=\"Kirjoittanut\" \/>\n\t<meta name=\"twitter:data1\" content=\"Veera Koivulampi\" \/>\n\t<meta name=\"twitter:label2\" content=\"Arvioitu lukuaika\" \/>\n\t<meta name=\"twitter:data2\" content=\"6 minuuttia\" \/>\n<script type=\"application\/ld+json\" class=\"yoast-schema-graph\">{\"@context\":\"https:\\\/\\\/schema.org\",\"@graph\":[{\"@type\":\"Article\",\"@id\":\"https:\\\/\\\/blogit.gradia.fi\\\/veerakoivulampi-tdpt2204\\\/2023\\\/01\\\/15\\\/varjays\\\/#article\",\"isPartOf\":{\"@id\":\"https:\\\/\\\/blogit.gradia.fi\\\/veerakoivulampi-tdpt2204\\\/2023\\\/01\\\/15\\\/varjays\\\/\"},\"author\":{\"name\":\"Veera Koivulampi\",\"@id\":\"https:\\\/\\\/blogit.gradia.fi\\\/veerakoivulampi-tdpt2204\\\/#\\\/schema\\\/person\\\/baebc61a044e375c85239379d1dee6d4\"},\"headline\":\"V\u00e4rj\u00e4ys\",\"datePublished\":\"2023-01-15T12:14:44+00:00\",\"dateModified\":\"2023-09-03T17:13:20+00:00\",\"mainEntityOfPage\":{\"@id\":\"https:\\\/\\\/blogit.gradia.fi\\\/veerakoivulampi-tdpt2204\\\/2023\\\/01\\\/15\\\/varjays\\\/\"},\"wordCount\":315,\"commentCount\":0,\"image\":{\"@id\":\"https:\\\/\\\/blogit.gradia.fi\\\/veerakoivulampi-tdpt2204\\\/2023\\\/01\\\/15\\\/varjays\\\/#primaryimage\"},\"thumbnailUrl\":\"https:\\\/\\\/blogit.gradia.fi\\\/veerakoivulampi-tdpt2204\\\/wp-content\\\/uploads\\\/sites\\\/301\\\/2023\\\/08\\\/wp-1692862323778-1024x576.jpg\",\"inLanguage\":\"fi\",\"potentialAction\":[{\"@type\":\"CommentAction\",\"name\":\"Comment\",\"target\":[\"https:\\\/\\\/blogit.gradia.fi\\\/veerakoivulampi-tdpt2204\\\/2023\\\/01\\\/15\\\/varjays\\\/#respond\"]}]},{\"@type\":\"WebPage\",\"@id\":\"https:\\\/\\\/blogit.gradia.fi\\\/veerakoivulampi-tdpt2204\\\/2023\\\/01\\\/15\\\/varjays\\\/\",\"url\":\"https:\\\/\\\/blogit.gradia.fi\\\/veerakoivulampi-tdpt2204\\\/2023\\\/01\\\/15\\\/varjays\\\/\",\"name\":\"V\u00e4rj\u00e4ys - OPPIMISP\u00c4IV\u00c4KIRJA\",\"isPartOf\":{\"@id\":\"https:\\\/\\\/blogit.gradia.fi\\\/veerakoivulampi-tdpt2204\\\/#website\"},\"primaryImageOfPage\":{\"@id\":\"https:\\\/\\\/blogit.gradia.fi\\\/veerakoivulampi-tdpt2204\\\/2023\\\/01\\\/15\\\/varjays\\\/#primaryimage\"},\"image\":{\"@id\":\"https:\\\/\\\/blogit.gradia.fi\\\/veerakoivulampi-tdpt2204\\\/2023\\\/01\\\/15\\\/varjays\\\/#primaryimage\"},\"thumbnailUrl\":\"https:\\\/\\\/blogit.gradia.fi\\\/veerakoivulampi-tdpt2204\\\/wp-content\\\/uploads\\\/sites\\\/301\\\/2023\\\/08\\\/wp-1692862323778-1024x576.jpg\",\"datePublished\":\"2023-01-15T12:14:44+00:00\",\"dateModified\":\"2023-09-03T17:13:20+00:00\",\"author\":{\"@id\":\"https:\\\/\\\/blogit.gradia.fi\\\/veerakoivulampi-tdpt2204\\\/#\\\/schema\\\/person\\\/baebc61a044e375c85239379d1dee6d4\"},\"breadcrumb\":{\"@id\":\"https:\\\/\\\/blogit.gradia.fi\\\/veerakoivulampi-tdpt2204\\\/2023\\\/01\\\/15\\\/varjays\\\/#breadcrumb\"},\"inLanguage\":\"fi\",\"potentialAction\":[{\"@type\":\"ReadAction\",\"target\":[\"https:\\\/\\\/blogit.gradia.fi\\\/veerakoivulampi-tdpt2204\\\/2023\\\/01\\\/15\\\/varjays\\\/\"]}]},{\"@type\":\"ImageObject\",\"inLanguage\":\"fi\",\"@id\":\"https:\\\/\\\/blogit.gradia.fi\\\/veerakoivulampi-tdpt2204\\\/2023\\\/01\\\/15\\\/varjays\\\/#primaryimage\",\"url\":\"https:\\\/\\\/blogit.gradia.fi\\\/veerakoivulampi-tdpt2204\\\/wp-content\\\/uploads\\\/sites\\\/301\\\/2023\\\/08\\\/wp-1692862323778-scaled.jpg\",\"contentUrl\":\"https:\\\/\\\/blogit.gradia.fi\\\/veerakoivulampi-tdpt2204\\\/wp-content\\\/uploads\\\/sites\\\/301\\\/2023\\\/08\\\/wp-1692862323778-scaled.jpg\",\"width\":2560,\"height\":1440},{\"@type\":\"BreadcrumbList\",\"@id\":\"https:\\\/\\\/blogit.gradia.fi\\\/veerakoivulampi-tdpt2204\\\/2023\\\/01\\\/15\\\/varjays\\\/#breadcrumb\",\"itemListElement\":[{\"@type\":\"ListItem\",\"position\":1,\"name\":\"Etusivu\",\"item\":\"https:\\\/\\\/blogit.gradia.fi\\\/veerakoivulampi-tdpt2204\\\/\"},{\"@type\":\"ListItem\",\"position\":2,\"name\":\"V\u00e4rj\u00e4ys\"}]},{\"@type\":\"WebSite\",\"@id\":\"https:\\\/\\\/blogit.gradia.fi\\\/veerakoivulampi-tdpt2204\\\/#website\",\"url\":\"https:\\\/\\\/blogit.gradia.fi\\\/veerakoivulampi-tdpt2204\\\/\",\"name\":\"OPPIMISP\u00c4IV\u00c4KIRJA\",\"description\":\"Veera Koivulampi, Tekstiiliartesaani opiskelija\",\"potentialAction\":[{\"@type\":\"SearchAction\",\"target\":{\"@type\":\"EntryPoint\",\"urlTemplate\":\"https:\\\/\\\/blogit.gradia.fi\\\/veerakoivulampi-tdpt2204\\\/?s={search_term_string}\"},\"query-input\":{\"@type\":\"PropertyValueSpecification\",\"valueRequired\":true,\"valueName\":\"search_term_string\"}}],\"inLanguage\":\"fi\"},{\"@type\":\"Person\",\"@id\":\"https:\\\/\\\/blogit.gradia.fi\\\/veerakoivulampi-tdpt2204\\\/#\\\/schema\\\/person\\\/baebc61a044e375c85239379d1dee6d4\",\"name\":\"Veera Koivulampi\",\"image\":{\"@type\":\"ImageObject\",\"inLanguage\":\"fi\",\"@id\":\"https:\\\/\\\/secure.gravatar.com\\\/avatar\\\/b52b55942ef30ce9c6eebb3a04d006bd59d67a87d516db5e230736e52dc955a3?s=96&d=mm&r=g\",\"url\":\"https:\\\/\\\/secure.gravatar.com\\\/avatar\\\/b52b55942ef30ce9c6eebb3a04d006bd59d67a87d516db5e230736e52dc955a3?s=96&d=mm&r=g\",\"contentUrl\":\"https:\\\/\\\/secure.gravatar.com\\\/avatar\\\/b52b55942ef30ce9c6eebb3a04d006bd59d67a87d516db5e230736e52dc955a3?s=96&d=mm&r=g\",\"caption\":\"Veera Koivulampi\"},\"url\":\"https:\\\/\\\/blogit.gradia.fi\\\/veerakoivulampi-tdpt2204\\\/author\\\/gr277841\\\/\"}]}<\/script>\n<!-- \/ Yoast SEO plugin. -->","yoast_head_json":{"title":"V\u00e4rj\u00e4ys - OPPIMISP\u00c4IV\u00c4KIRJA","robots":{"index":"index","follow":"follow","max-snippet":"max-snippet:-1","max-image-preview":"max-image-preview:large","max-video-preview":"max-video-preview:-1"},"canonical":"https:\/\/blogit.gradia.fi\/veerakoivulampi-tdpt2204\/2023\/01\/15\/varjays\/","og_locale":"fi_FI","og_type":"article","og_title":"V\u00e4rj\u00e4ys - OPPIMISP\u00c4IV\u00c4KIRJA","og_description":"Ensimm\u00e4isill\u00e4 tunneilla k\u00e4vimme l\u00e4pi paljon teoriaa v\u00e4rj\u00e4ykseen liittyen mm. v\u00e4rj\u00e4yksen historiaa, ty\u00f6turvallisuutta ja ty\u00f6vaiheista. V\u00e4rj\u00e4tt\u00e4vi\u00e4 kankaita ostin kirpputorilta ja sain mummulta my\u00f6s vanhoja lakanoita. Solmin paljon kankaita solmintav\u00e4rj\u00e4yst\u00e4 eli plangia varten. Solmintaan k\u00e4ytin kalalankaa ja erilaisia puunpaloja. Ensiksi v\u00e4rj\u00e4simme reaktiiviv\u00e4reill\u00e4 selluloosakuituisia kankaita. Liemien laskussa tarvitsin paljon harjoitusta, koska numerot ovat aina olleet minulle hankalia. Laskut &hellip; Jatka lukemista \"V\u00e4rj\u00e4ys\"","og_url":"https:\/\/blogit.gradia.fi\/veerakoivulampi-tdpt2204\/2023\/01\/15\/varjays\/","og_site_name":"OPPIMISP\u00c4IV\u00c4KIRJA","article_published_time":"2023-01-15T12:14:44+00:00","article_modified_time":"2023-09-03T17:13:20+00:00","og_image":[{"url":"https:\/\/blogit.gradia.fi\/veerakoivulampi-tdpt2204\/wp-content\/uploads\/sites\/301\/2023\/08\/wp-1692862323778-1024x576.jpg","type":"","width":"","height":""}],"author":"Veera Koivulampi","twitter_card":"summary_large_image","twitter_misc":{"Kirjoittanut":"Veera Koivulampi","Arvioitu lukuaika":"6 minuuttia"},"schema":{"@context":"https:\/\/schema.org","@graph":[{"@type":"Article","@id":"https:\/\/blogit.gradia.fi\/veerakoivulampi-tdpt2204\/2023\/01\/15\/varjays\/#article","isPartOf":{"@id":"https:\/\/blogit.gradia.fi\/veerakoivulampi-tdpt2204\/2023\/01\/15\/varjays\/"},"author":{"name":"Veera Koivulampi","@id":"https:\/\/blogit.gradia.fi\/veerakoivulampi-tdpt2204\/#\/schema\/person\/baebc61a044e375c85239379d1dee6d4"},"headline":"V\u00e4rj\u00e4ys","datePublished":"2023-01-15T12:14:44+00:00","dateModified":"2023-09-03T17:13:20+00:00","mainEntityOfPage":{"@id":"https:\/\/blogit.gradia.fi\/veerakoivulampi-tdpt2204\/2023\/01\/15\/varjays\/"},"wordCount":315,"commentCount":0,"image":{"@id":"https:\/\/blogit.gradia.fi\/veerakoivulampi-tdpt2204\/2023\/01\/15\/varjays\/#primaryimage"},"thumbnailUrl":"https:\/\/blogit.gradia.fi\/veerakoivulampi-tdpt2204\/wp-content\/uploads\/sites\/301\/2023\/08\/wp-1692862323778-1024x576.jpg","inLanguage":"fi","potentialAction":[{"@type":"CommentAction","name":"Comment","target":["https:\/\/blogit.gradia.fi\/veerakoivulampi-tdpt2204\/2023\/01\/15\/varjays\/#respond"]}]},{"@type":"WebPage","@id":"https:\/\/blogit.gradia.fi\/veerakoivulampi-tdpt2204\/2023\/01\/15\/varjays\/","url":"https:\/\/blogit.gradia.fi\/veerakoivulampi-tdpt2204\/2023\/01\/15\/varjays\/","name":"V\u00e4rj\u00e4ys - OPPIMISP\u00c4IV\u00c4KIRJA","isPartOf":{"@id":"https:\/\/blogit.gradia.fi\/veerakoivulampi-tdpt2204\/#website"},"primaryImageOfPage":{"@id":"https:\/\/blogit.gradia.fi\/veerakoivulampi-tdpt2204\/2023\/01\/15\/varjays\/#primaryimage"},"image":{"@id":"https:\/\/blogit.gradia.fi\/veerakoivulampi-tdpt2204\/2023\/01\/15\/varjays\/#primaryimage"},"thumbnailUrl":"https:\/\/blogit.gradia.fi\/veerakoivulampi-tdpt2204\/wp-content\/uploads\/sites\/301\/2023\/08\/wp-1692862323778-1024x576.jpg","datePublished":"2023-01-15T12:14:44+00:00","dateModified":"2023-09-03T17:13:20+00:00","author":{"@id":"https:\/\/blogit.gradia.fi\/veerakoivulampi-tdpt2204\/#\/schema\/person\/baebc61a044e375c85239379d1dee6d4"},"breadcrumb":{"@id":"https:\/\/blogit.gradia.fi\/veerakoivulampi-tdpt2204\/2023\/01\/15\/varjays\/#breadcrumb"},"inLanguage":"fi","potentialAction":[{"@type":"ReadAction","target":["https:\/\/blogit.gradia.fi\/veerakoivulampi-tdpt2204\/2023\/01\/15\/varjays\/"]}]},{"@type":"ImageObject","inLanguage":"fi","@id":"https:\/\/blogit.gradia.fi\/veerakoivulampi-tdpt2204\/2023\/01\/15\/varjays\/#primaryimage","url":"https:\/\/blogit.gradia.fi\/veerakoivulampi-tdpt2204\/wp-content\/uploads\/sites\/301\/2023\/08\/wp-1692862323778-scaled.jpg","contentUrl":"https:\/\/blogit.gradia.fi\/veerakoivulampi-tdpt2204\/wp-content\/uploads\/sites\/301\/2023\/08\/wp-1692862323778-scaled.jpg","width":2560,"height":1440},{"@type":"BreadcrumbList","@id":"https:\/\/blogit.gradia.fi\/veerakoivulampi-tdpt2204\/2023\/01\/15\/varjays\/#breadcrumb","itemListElement":[{"@type":"ListItem","position":1,"name":"Etusivu","item":"https:\/\/blogit.gradia.fi\/veerakoivulampi-tdpt2204\/"},{"@type":"ListItem","position":2,"name":"V\u00e4rj\u00e4ys"}]},{"@type":"WebSite","@id":"https:\/\/blogit.gradia.fi\/veerakoivulampi-tdpt2204\/#website","url":"https:\/\/blogit.gradia.fi\/veerakoivulampi-tdpt2204\/","name":"OPPIMISP\u00c4IV\u00c4KIRJA","description":"Veera Koivulampi, Tekstiiliartesaani opiskelija","potentialAction":[{"@type":"SearchAction","target":{"@type":"EntryPoint","urlTemplate":"https:\/\/blogit.gradia.fi\/veerakoivulampi-tdpt2204\/?s={search_term_string}"},"query-input":{"@type":"PropertyValueSpecification","valueRequired":true,"valueName":"search_term_string"}}],"inLanguage":"fi"},{"@type":"Person","@id":"https:\/\/blogit.gradia.fi\/veerakoivulampi-tdpt2204\/#\/schema\/person\/baebc61a044e375c85239379d1dee6d4","name":"Veera Koivulampi","image":{"@type":"ImageObject","inLanguage":"fi","@id":"https:\/\/secure.gravatar.com\/avatar\/b52b55942ef30ce9c6eebb3a04d006bd59d67a87d516db5e230736e52dc955a3?s=96&d=mm&r=g","url":"https:\/\/secure.gravatar.com\/avatar\/b52b55942ef30ce9c6eebb3a04d006bd59d67a87d516db5e230736e52dc955a3?s=96&d=mm&r=g","contentUrl":"https:\/\/secure.gravatar.com\/avatar\/b52b55942ef30ce9c6eebb3a04d006bd59d67a87d516db5e230736e52dc955a3?s=96&d=mm&r=g","caption":"Veera Koivulampi"},"url":"https:\/\/blogit.gradia.fi\/veerakoivulampi-tdpt2204\/author\/gr277841\/"}]}},"uagb_featured_image_src":{"full":false,"thumbnail":false,"medium":false,"medium_large":false,"large":false,"1536x1536":false,"2048x2048":false,"twentyseventeen-featured-image":false,"twentyseventeen-thumbnail-avatar":false},"uagb_author_info":{"display_name":"Veera Koivulampi","author_link":"https:\/\/blogit.gradia.fi\/veerakoivulampi-tdpt2204\/author\/gr277841\/"},"uagb_comment_info":0,"uagb_excerpt":"Ensimm\u00e4isill\u00e4 tunneilla k\u00e4vimme l\u00e4pi paljon teoriaa v\u00e4rj\u00e4ykseen liittyen mm. v\u00e4rj\u00e4yksen historiaa, ty\u00f6turvallisuutta ja ty\u00f6vaiheista. V\u00e4rj\u00e4tt\u00e4vi\u00e4 kankaita ostin kirpputorilta ja sain mummulta my\u00f6s vanhoja lakanoita. Solmin paljon kankaita solmintav\u00e4rj\u00e4yst\u00e4 eli plangia varten. Solmintaan k\u00e4ytin kalalankaa ja erilaisia puunpaloja. Ensiksi v\u00e4rj\u00e4simme reaktiiviv\u00e4reill\u00e4 selluloosakuituisia kankaita. Liemien laskussa tarvitsin paljon harjoitusta, koska numerot ovat aina olleet minulle hankalia. Laskut&hellip;","_links":{"self":[{"href":"https:\/\/blogit.gradia.fi\/veerakoivulampi-tdpt2204\/wp-json\/wp\/v2\/posts\/125","targetHints":{"allow":["GET"]}}],"collection":[{"href":"https:\/\/blogit.gradia.fi\/veerakoivulampi-tdpt2204\/wp-json\/wp\/v2\/posts"}],"about":[{"href":"https:\/\/blogit.gradia.fi\/veerakoivulampi-tdpt2204\/wp-json\/wp\/v2\/types\/post"}],"author":[{"embeddable":true,"href":"https:\/\/blogit.gradia.fi\/veerakoivulampi-tdpt2204\/wp-json\/wp\/v2\/users\/845"}],"replies":[{"embeddable":true,"href":"https:\/\/blogit.gradia.fi\/veerakoivulampi-tdpt2204\/wp-json\/wp\/v2\/comments?post=125"}],"version-history":[{"count":9,"href":"https:\/\/blogit.gradia.fi\/veerakoivulampi-tdpt2204\/wp-json\/wp\/v2\/posts\/125\/revisions"}],"predecessor-version":[{"id":372,"href":"https:\/\/blogit.gradia.fi\/veerakoivulampi-tdpt2204\/wp-json\/wp\/v2\/posts\/125\/revisions\/372"}],"wp:attachment":[{"href":"https:\/\/blogit.gradia.fi\/veerakoivulampi-tdpt2204\/wp-json\/wp\/v2\/media?parent=125"}],"wp:term":[{"taxonomy":"category","embeddable":true,"href":"https:\/\/blogit.gradia.fi\/veerakoivulampi-tdpt2204\/wp-json\/wp\/v2\/categories?post=125"},{"taxonomy":"post_tag","embeddable":true,"href":"https:\/\/blogit.gradia.fi\/veerakoivulampi-tdpt2204\/wp-json\/wp\/v2\/tags?post=125"}],"curies":[{"name":"wp","href":"https:\/\/api.w.org\/{rel}","templated":true}]}}