{"id":253,"date":"2021-09-14T12:40:31","date_gmt":"2021-09-14T09:40:31","guid":{"rendered":"https:\/\/blogit.gradia.fi\/tyte\/?p=253"},"modified":"2021-09-14T12:40:33","modified_gmt":"2021-09-14T09:40:33","slug":"uudistettu-tivi-tutkinto-ja-digitutorit-oppilaitoksessa","status":"publish","type":"post","link":"https:\/\/blogit.gradia.fi\/tyte\/2021\/09\/14\/uudistettu-tivi-tutkinto-ja-digitutorit-oppilaitoksessa\/","title":{"rendered":"Uudistettu TiVi tutkinto ja digitutorit oppilaitoksessa"},"content":{"rendered":"\n<p>Tieto- ja viestint\u00e4tekniikan ammattilaisten ja perusosaajien tutkintoon johtava 2.asteen ammatillinen koulutusohjelma on uudistunut vuodesta 2020 alkaen kts. <a href=\"https:\/\/eur03.safelinks.protection.outlook.com\/?url=https%3A%2F%2Feperusteet.opintopolku.fi%2F%23%2Ffi%2Fesitys%2F6779583%2Freformi%2Ftiedot&amp;data=04%7C01%7Csari.paunonen%40gradia.fi%7Cd6e719746507445b52fa08d976b29fa1%7C4e1441812f68401faa869ec9e400e6b3%7C0%7C0%7C637671331822338561%7CUnknown%7CTWFpbGZsb3d8eyJWIjoiMC4wLjAwMDAiLCJQIjoiV2luMzIiLCJBTiI6Ik1haWwiLCJXVCI6Mn0%3D%7C1000&amp;sdata=MP9kgaWKF6onZvlryAAokGk93mKtJSYaqqY4%2FBAsM5s%3D&amp;reserved=0\">ePerusteet (opintopolku.fi)<\/a>. Koulutusohjelmasta voi ty\u00f6llisty\u00e4 elektroniikka-, hyvinvointiteknologia tai tietoverkkoasentajaksi. Lis\u00e4ksi vaihtoehtona on suuntautua IT-tukihenkil\u00f6ksi tai ohjelmistokehitt\u00e4j\u00e4ksi. Lapin koulutuskeskus REDUssa on suuntautumisvaihtoehdoiksi valittu IT-tukihenkil\u00f6, tietoverkkoasentaja ja ohjelmistokehitt\u00e4j\u00e4. Alalle hakijam\u00e4\u00e4r\u00e4t on nousseet, kun koulutustarjontaa on laajennettu.<\/p>\n\n\n\n<p>Tieto- ja viestint\u00e4tekniikan teht\u00e4viss\u00e4 edellytet\u00e4\u00e4n ammattitaitoa ja osaamista toimia yhteisty\u00f6kykyisesti tieto- ja viestint\u00e4teknisess\u00e4 ymp\u00e4rist\u00f6ss\u00e4 ja my\u00f6s avustaa muita digitaalisten laitteiden, ohjelmien\/sovellusten sek\u00e4 verkkopalveluiden k\u00e4yt\u00f6ss\u00e4. Siihen on kehitetty Opetushallituksen digihankkeiden puitteissa (Ty\u00f6el\u00e4m\u00e4\u00e4 ja teknologiaa) k\u00e4yt\u00e4nn\u00f6nl\u00e4heist\u00e4 digitutor -toimintaa, jolloin yhdess\u00e4 opettajat, opiskelijat ja my\u00f6s ty\u00f6paikkaohjaavat hy\u00f6dynt\u00e4v\u00e4t digitaalisuutta ja avustavat my\u00f6s muita sen k\u00e4yt\u00f6ss\u00e4. REDUssa on toteutettu nk. digitukea siten, ett\u00e4 opiskelijat toimivat vuorollaan digitutoreina avustaen opettajia, muita opiskelijoita sek\u00e4 muuta henkil\u00f6kuntaa oppilaitoksen sis\u00e4ll\u00e4 ja tiloissa. Tarvittaessa digitutor jalkautuu my\u00f6s ty\u00f6paikoille tai toimivat et\u00e4yhteydell\u00e4 digitukena. T\u00e4st\u00e4 on muodostunut uusi k\u00e4yt\u00e4nt\u00f6 ja toimintatapa, joka on nimetty oppilaitoksen Digitueksi. Opettaja, opiskelijat ja ty\u00f6paikkaohjaajat voivat pyyt\u00e4\u00e4 apua digiongelmiin palvelupyynn\u00f6ill\u00e4 (s\u00e4hk\u00f6posti, puhelin, verkkopalvelu). N\u00e4in voidaan alan opiskelijoille saada k\u00e4yt\u00e4nn\u00f6nl\u00e4heist\u00e4 kokemusta tieto- ja viestint\u00e4tekniikan asiakaspalvelusta ja siin\u00e4 vaadittavaa yhteisty\u00f6kyky\u00e4 erilaisten asiakkaiden kanssa. Varsinkin IT-tukipalveluissa tarvitaan jatkuvasti digitukea henkil\u00f6st\u00f6lle, kouluttamaan ja opastamaan digilaitteiden ja -sovellusten k\u00e4ytt\u00f6\u00f6n. Perinteinen, pelkk\u00e4 tietokoneiden ja ohjelmien asennus ei riit\u00e4, vaan tarvitaan jatkuvaa tukea digilaitteiden ja palveluiden k\u00e4yt\u00f6ss\u00e4.<\/p>\n\n\n\n<p><strong>Jyrki Niskanen<\/strong><\/p>\n\n\n\n<p>Tieto- ja viestint\u00e4tekniikan lehtori<\/p>\n","protected":false},"excerpt":{"rendered":"<p>Tieto- ja viestint\u00e4tekniikan ammattilaisten ja perusosaajien tutkintoon johtava 2.asteen ammatillinen koulutusohjelma on uudistunut vuodesta 2020 alkaen kts. ePerusteet (opintopolku.fi). Koulutusohjelmasta voi ty\u00f6llisty\u00e4 elektroniikka-, hyvinvointiteknologia tai tietoverkkoasentajaksi. Lis\u00e4ksi vaihtoehtona on suuntautua IT-tukihenkil\u00f6ksi tai ohjelmistokehitt\u00e4j\u00e4ksi. Lapin koulutuskeskus REDUssa on suuntautumisvaihtoehdoiksi valittu IT-tukihenkil\u00f6, tietoverkkoasentaja ja ohjelmistokehitt\u00e4j\u00e4. Alalle hakijam\u00e4\u00e4r\u00e4t on nousseet, kun koulutustarjontaa on laajennettu. Tieto- ja viestint\u00e4tekniikan teht\u00e4viss\u00e4 &#8230; <a title=\"Uudistettu TiVi tutkinto ja digitutorit oppilaitoksessa\" class=\"read-more\" href=\"https:\/\/blogit.gradia.fi\/tyte\/2021\/09\/14\/uudistettu-tivi-tutkinto-ja-digitutorit-oppilaitoksessa\/\" aria-label=\"Lue lis\u00e4\u00e4 aiheesta Uudistettu TiVi tutkinto ja digitutorit oppilaitoksessa\">Lue lis\u00e4\u00e4<\/a><\/p>\n","protected":false},"author":680,"featured_media":0,"comment_status":"open","ping_status":"open","sticky":false,"template":"","format":"standard","meta":{"_uag_custom_page_level_css":"","footnotes":""},"categories":[1],"tags":[],"class_list":["post-253","post","type-post","status-publish","format-standard","hentry","category-yleinen"],"yoast_head":"<!-- This site is optimized with the Yoast SEO plugin v27.5 - https:\/\/yoast.com\/product\/yoast-seo-wordpress\/ -->\n<title>Uudistettu TiVi tutkinto ja digitutorit oppilaitoksessa - Ty\u00f6el\u00e4m\u00e4 ja teknologia-hanke<\/title>\n<meta name=\"robots\" content=\"index, follow, max-snippet:-1, max-image-preview:large, max-video-preview:-1\" \/>\n<link rel=\"canonical\" href=\"https:\/\/blogit.gradia.fi\/tyte\/2021\/09\/14\/uudistettu-tivi-tutkinto-ja-digitutorit-oppilaitoksessa\/\" \/>\n<meta property=\"og:locale\" content=\"fi_FI\" \/>\n<meta property=\"og:type\" content=\"article\" \/>\n<meta property=\"og:title\" content=\"Uudistettu TiVi tutkinto ja digitutorit oppilaitoksessa - Ty\u00f6el\u00e4m\u00e4 ja teknologia-hanke\" \/>\n<meta property=\"og:description\" content=\"Tieto- ja viestint\u00e4tekniikan ammattilaisten ja perusosaajien tutkintoon johtava 2.asteen ammatillinen koulutusohjelma on uudistunut vuodesta 2020 alkaen kts. ePerusteet (opintopolku.fi). Koulutusohjelmasta voi ty\u00f6llisty\u00e4 elektroniikka-, hyvinvointiteknologia tai tietoverkkoasentajaksi. Lis\u00e4ksi vaihtoehtona on suuntautua IT-tukihenkil\u00f6ksi tai ohjelmistokehitt\u00e4j\u00e4ksi. Lapin koulutuskeskus REDUssa on suuntautumisvaihtoehdoiksi valittu IT-tukihenkil\u00f6, tietoverkkoasentaja ja ohjelmistokehitt\u00e4j\u00e4. Alalle hakijam\u00e4\u00e4r\u00e4t on nousseet, kun koulutustarjontaa on laajennettu. Tieto- ja viestint\u00e4tekniikan teht\u00e4viss\u00e4 ... Lue lis\u00e4\u00e4\" \/>\n<meta property=\"og:url\" content=\"https:\/\/blogit.gradia.fi\/tyte\/2021\/09\/14\/uudistettu-tivi-tutkinto-ja-digitutorit-oppilaitoksessa\/\" \/>\n<meta property=\"og:site_name\" content=\"Ty\u00f6el\u00e4m\u00e4 ja teknologia-hanke\" \/>\n<meta property=\"article:published_time\" content=\"2021-09-14T09:40:31+00:00\" \/>\n<meta property=\"article:modified_time\" content=\"2021-09-14T09:40:33+00:00\" \/>\n<meta name=\"author\" content=\"paunosar\" \/>\n<meta name=\"twitter:card\" content=\"summary_large_image\" \/>\n<meta name=\"twitter:label1\" content=\"Kirjoittanut\" \/>\n\t<meta name=\"twitter:data1\" content=\"paunosar\" \/>\n\t<meta name=\"twitter:label2\" content=\"Arvioitu lukuaika\" \/>\n\t<meta name=\"twitter:data2\" content=\"1 minuutti\" \/>\n<script type=\"application\/ld+json\" class=\"yoast-schema-graph\">{\"@context\":\"https:\\\/\\\/schema.org\",\"@graph\":[{\"@type\":\"Article\",\"@id\":\"https:\\\/\\\/blogit.gradia.fi\\\/tyte\\\/2021\\\/09\\\/14\\\/uudistettu-tivi-tutkinto-ja-digitutorit-oppilaitoksessa\\\/#article\",\"isPartOf\":{\"@id\":\"https:\\\/\\\/blogit.gradia.fi\\\/tyte\\\/2021\\\/09\\\/14\\\/uudistettu-tivi-tutkinto-ja-digitutorit-oppilaitoksessa\\\/\"},\"author\":{\"name\":\"paunosar\",\"@id\":\"https:\\\/\\\/blogit.gradia.fi\\\/tyte\\\/#\\\/schema\\\/person\\\/70753b75df637bc46e8d4759f8e41077\"},\"headline\":\"Uudistettu TiVi tutkinto ja digitutorit oppilaitoksessa\",\"datePublished\":\"2021-09-14T09:40:31+00:00\",\"dateModified\":\"2021-09-14T09:40:33+00:00\",\"mainEntityOfPage\":{\"@id\":\"https:\\\/\\\/blogit.gradia.fi\\\/tyte\\\/2021\\\/09\\\/14\\\/uudistettu-tivi-tutkinto-ja-digitutorit-oppilaitoksessa\\\/\"},\"wordCount\":276,\"commentCount\":0,\"publisher\":{\"@id\":\"https:\\\/\\\/blogit.gradia.fi\\\/tyte\\\/#organization\"},\"inLanguage\":\"fi\",\"potentialAction\":[{\"@type\":\"CommentAction\",\"name\":\"Comment\",\"target\":[\"https:\\\/\\\/blogit.gradia.fi\\\/tyte\\\/2021\\\/09\\\/14\\\/uudistettu-tivi-tutkinto-ja-digitutorit-oppilaitoksessa\\\/#respond\"]}]},{\"@type\":\"WebPage\",\"@id\":\"https:\\\/\\\/blogit.gradia.fi\\\/tyte\\\/2021\\\/09\\\/14\\\/uudistettu-tivi-tutkinto-ja-digitutorit-oppilaitoksessa\\\/\",\"url\":\"https:\\\/\\\/blogit.gradia.fi\\\/tyte\\\/2021\\\/09\\\/14\\\/uudistettu-tivi-tutkinto-ja-digitutorit-oppilaitoksessa\\\/\",\"name\":\"Uudistettu TiVi tutkinto ja digitutorit oppilaitoksessa - Ty\u00f6el\u00e4m\u00e4 ja teknologia-hanke\",\"isPartOf\":{\"@id\":\"https:\\\/\\\/blogit.gradia.fi\\\/tyte\\\/#website\"},\"datePublished\":\"2021-09-14T09:40:31+00:00\",\"dateModified\":\"2021-09-14T09:40:33+00:00\",\"breadcrumb\":{\"@id\":\"https:\\\/\\\/blogit.gradia.fi\\\/tyte\\\/2021\\\/09\\\/14\\\/uudistettu-tivi-tutkinto-ja-digitutorit-oppilaitoksessa\\\/#breadcrumb\"},\"inLanguage\":\"fi\",\"potentialAction\":[{\"@type\":\"ReadAction\",\"target\":[\"https:\\\/\\\/blogit.gradia.fi\\\/tyte\\\/2021\\\/09\\\/14\\\/uudistettu-tivi-tutkinto-ja-digitutorit-oppilaitoksessa\\\/\"]}]},{\"@type\":\"BreadcrumbList\",\"@id\":\"https:\\\/\\\/blogit.gradia.fi\\\/tyte\\\/2021\\\/09\\\/14\\\/uudistettu-tivi-tutkinto-ja-digitutorit-oppilaitoksessa\\\/#breadcrumb\",\"itemListElement\":[{\"@type\":\"ListItem\",\"position\":1,\"name\":\"Home\",\"item\":\"https:\\\/\\\/blogit.gradia.fi\\\/tyte\\\/\"},{\"@type\":\"ListItem\",\"position\":2,\"name\":\"Uudistettu TiVi tutkinto ja digitutorit oppilaitoksessa\"}]},{\"@type\":\"WebSite\",\"@id\":\"https:\\\/\\\/blogit.gradia.fi\\\/tyte\\\/#website\",\"url\":\"https:\\\/\\\/blogit.gradia.fi\\\/tyte\\\/\",\"name\":\"Ty\u00f6el\u00e4m\u00e4 ja teknologia-hanke\",\"description\":\"\",\"publisher\":{\"@id\":\"https:\\\/\\\/blogit.gradia.fi\\\/tyte\\\/#organization\"},\"potentialAction\":[{\"@type\":\"SearchAction\",\"target\":{\"@type\":\"EntryPoint\",\"urlTemplate\":\"https:\\\/\\\/blogit.gradia.fi\\\/tyte\\\/?s={search_term_string}\"},\"query-input\":{\"@type\":\"PropertyValueSpecification\",\"valueRequired\":true,\"valueName\":\"search_term_string\"}}],\"inLanguage\":\"fi\"},{\"@type\":\"Organization\",\"@id\":\"https:\\\/\\\/blogit.gradia.fi\\\/tyte\\\/#organization\",\"name\":\"Ty\u00f6el\u00e4m\u00e4 ja teknologia-hanke\",\"url\":\"https:\\\/\\\/blogit.gradia.fi\\\/tyte\\\/\",\"logo\":{\"@type\":\"ImageObject\",\"inLanguage\":\"fi\",\"@id\":\"https:\\\/\\\/blogit.gradia.fi\\\/tyte\\\/#\\\/schema\\\/logo\\\/image\\\/\",\"url\":\"https:\\\/\\\/blogit.gradia.fi\\\/tyte\\\/wp-content\\\/uploads\\\/sites\\\/157\\\/2020\\\/03\\\/cropped-DigitutorOsaaAuttaa_logo-150x150-1.jpg\",\"contentUrl\":\"https:\\\/\\\/blogit.gradia.fi\\\/tyte\\\/wp-content\\\/uploads\\\/sites\\\/157\\\/2020\\\/03\\\/cropped-DigitutorOsaaAuttaa_logo-150x150-1.jpg\",\"width\":150,\"height\":150,\"caption\":\"Ty\u00f6el\u00e4m\u00e4 ja teknologia-hanke\"},\"image\":{\"@id\":\"https:\\\/\\\/blogit.gradia.fi\\\/tyte\\\/#\\\/schema\\\/logo\\\/image\\\/\"}},{\"@type\":\"Person\",\"@id\":\"https:\\\/\\\/blogit.gradia.fi\\\/tyte\\\/#\\\/schema\\\/person\\\/70753b75df637bc46e8d4759f8e41077\",\"name\":\"paunosar\",\"image\":{\"@type\":\"ImageObject\",\"inLanguage\":\"fi\",\"@id\":\"https:\\\/\\\/secure.gravatar.com\\\/avatar\\\/494e16bd46ccabeca0cfba41470c2a2163d9d795cba0114b2c151e76c6a57460?s=96&d=mm&r=g\",\"url\":\"https:\\\/\\\/secure.gravatar.com\\\/avatar\\\/494e16bd46ccabeca0cfba41470c2a2163d9d795cba0114b2c151e76c6a57460?s=96&d=mm&r=g\",\"contentUrl\":\"https:\\\/\\\/secure.gravatar.com\\\/avatar\\\/494e16bd46ccabeca0cfba41470c2a2163d9d795cba0114b2c151e76c6a57460?s=96&d=mm&r=g\",\"caption\":\"paunosar\"},\"url\":\"https:\\\/\\\/blogit.gradia.fi\\\/tyte\\\/author\\\/paunosar\\\/\"}]}<\/script>\n<!-- \/ Yoast SEO plugin. -->","yoast_head_json":{"title":"Uudistettu TiVi tutkinto ja digitutorit oppilaitoksessa - Ty\u00f6el\u00e4m\u00e4 ja teknologia-hanke","robots":{"index":"index","follow":"follow","max-snippet":"max-snippet:-1","max-image-preview":"max-image-preview:large","max-video-preview":"max-video-preview:-1"},"canonical":"https:\/\/blogit.gradia.fi\/tyte\/2021\/09\/14\/uudistettu-tivi-tutkinto-ja-digitutorit-oppilaitoksessa\/","og_locale":"fi_FI","og_type":"article","og_title":"Uudistettu TiVi tutkinto ja digitutorit oppilaitoksessa - Ty\u00f6el\u00e4m\u00e4 ja teknologia-hanke","og_description":"Tieto- ja viestint\u00e4tekniikan ammattilaisten ja perusosaajien tutkintoon johtava 2.asteen ammatillinen koulutusohjelma on uudistunut vuodesta 2020 alkaen kts. ePerusteet (opintopolku.fi). Koulutusohjelmasta voi ty\u00f6llisty\u00e4 elektroniikka-, hyvinvointiteknologia tai tietoverkkoasentajaksi. Lis\u00e4ksi vaihtoehtona on suuntautua IT-tukihenkil\u00f6ksi tai ohjelmistokehitt\u00e4j\u00e4ksi. Lapin koulutuskeskus REDUssa on suuntautumisvaihtoehdoiksi valittu IT-tukihenkil\u00f6, tietoverkkoasentaja ja ohjelmistokehitt\u00e4j\u00e4. Alalle hakijam\u00e4\u00e4r\u00e4t on nousseet, kun koulutustarjontaa on laajennettu. Tieto- ja viestint\u00e4tekniikan teht\u00e4viss\u00e4 ... Lue lis\u00e4\u00e4","og_url":"https:\/\/blogit.gradia.fi\/tyte\/2021\/09\/14\/uudistettu-tivi-tutkinto-ja-digitutorit-oppilaitoksessa\/","og_site_name":"Ty\u00f6el\u00e4m\u00e4 ja teknologia-hanke","article_published_time":"2021-09-14T09:40:31+00:00","article_modified_time":"2021-09-14T09:40:33+00:00","author":"paunosar","twitter_card":"summary_large_image","twitter_misc":{"Kirjoittanut":"paunosar","Arvioitu lukuaika":"1 minuutti"},"schema":{"@context":"https:\/\/schema.org","@graph":[{"@type":"Article","@id":"https:\/\/blogit.gradia.fi\/tyte\/2021\/09\/14\/uudistettu-tivi-tutkinto-ja-digitutorit-oppilaitoksessa\/#article","isPartOf":{"@id":"https:\/\/blogit.gradia.fi\/tyte\/2021\/09\/14\/uudistettu-tivi-tutkinto-ja-digitutorit-oppilaitoksessa\/"},"author":{"name":"paunosar","@id":"https:\/\/blogit.gradia.fi\/tyte\/#\/schema\/person\/70753b75df637bc46e8d4759f8e41077"},"headline":"Uudistettu TiVi tutkinto ja digitutorit oppilaitoksessa","datePublished":"2021-09-14T09:40:31+00:00","dateModified":"2021-09-14T09:40:33+00:00","mainEntityOfPage":{"@id":"https:\/\/blogit.gradia.fi\/tyte\/2021\/09\/14\/uudistettu-tivi-tutkinto-ja-digitutorit-oppilaitoksessa\/"},"wordCount":276,"commentCount":0,"publisher":{"@id":"https:\/\/blogit.gradia.fi\/tyte\/#organization"},"inLanguage":"fi","potentialAction":[{"@type":"CommentAction","name":"Comment","target":["https:\/\/blogit.gradia.fi\/tyte\/2021\/09\/14\/uudistettu-tivi-tutkinto-ja-digitutorit-oppilaitoksessa\/#respond"]}]},{"@type":"WebPage","@id":"https:\/\/blogit.gradia.fi\/tyte\/2021\/09\/14\/uudistettu-tivi-tutkinto-ja-digitutorit-oppilaitoksessa\/","url":"https:\/\/blogit.gradia.fi\/tyte\/2021\/09\/14\/uudistettu-tivi-tutkinto-ja-digitutorit-oppilaitoksessa\/","name":"Uudistettu TiVi tutkinto ja digitutorit oppilaitoksessa - Ty\u00f6el\u00e4m\u00e4 ja teknologia-hanke","isPartOf":{"@id":"https:\/\/blogit.gradia.fi\/tyte\/#website"},"datePublished":"2021-09-14T09:40:31+00:00","dateModified":"2021-09-14T09:40:33+00:00","breadcrumb":{"@id":"https:\/\/blogit.gradia.fi\/tyte\/2021\/09\/14\/uudistettu-tivi-tutkinto-ja-digitutorit-oppilaitoksessa\/#breadcrumb"},"inLanguage":"fi","potentialAction":[{"@type":"ReadAction","target":["https:\/\/blogit.gradia.fi\/tyte\/2021\/09\/14\/uudistettu-tivi-tutkinto-ja-digitutorit-oppilaitoksessa\/"]}]},{"@type":"BreadcrumbList","@id":"https:\/\/blogit.gradia.fi\/tyte\/2021\/09\/14\/uudistettu-tivi-tutkinto-ja-digitutorit-oppilaitoksessa\/#breadcrumb","itemListElement":[{"@type":"ListItem","position":1,"name":"Home","item":"https:\/\/blogit.gradia.fi\/tyte\/"},{"@type":"ListItem","position":2,"name":"Uudistettu TiVi tutkinto ja digitutorit oppilaitoksessa"}]},{"@type":"WebSite","@id":"https:\/\/blogit.gradia.fi\/tyte\/#website","url":"https:\/\/blogit.gradia.fi\/tyte\/","name":"Ty\u00f6el\u00e4m\u00e4 ja teknologia-hanke","description":"","publisher":{"@id":"https:\/\/blogit.gradia.fi\/tyte\/#organization"},"potentialAction":[{"@type":"SearchAction","target":{"@type":"EntryPoint","urlTemplate":"https:\/\/blogit.gradia.fi\/tyte\/?s={search_term_string}"},"query-input":{"@type":"PropertyValueSpecification","valueRequired":true,"valueName":"search_term_string"}}],"inLanguage":"fi"},{"@type":"Organization","@id":"https:\/\/blogit.gradia.fi\/tyte\/#organization","name":"Ty\u00f6el\u00e4m\u00e4 ja teknologia-hanke","url":"https:\/\/blogit.gradia.fi\/tyte\/","logo":{"@type":"ImageObject","inLanguage":"fi","@id":"https:\/\/blogit.gradia.fi\/tyte\/#\/schema\/logo\/image\/","url":"https:\/\/blogit.gradia.fi\/tyte\/wp-content\/uploads\/sites\/157\/2020\/03\/cropped-DigitutorOsaaAuttaa_logo-150x150-1.jpg","contentUrl":"https:\/\/blogit.gradia.fi\/tyte\/wp-content\/uploads\/sites\/157\/2020\/03\/cropped-DigitutorOsaaAuttaa_logo-150x150-1.jpg","width":150,"height":150,"caption":"Ty\u00f6el\u00e4m\u00e4 ja teknologia-hanke"},"image":{"@id":"https:\/\/blogit.gradia.fi\/tyte\/#\/schema\/logo\/image\/"}},{"@type":"Person","@id":"https:\/\/blogit.gradia.fi\/tyte\/#\/schema\/person\/70753b75df637bc46e8d4759f8e41077","name":"paunosar","image":{"@type":"ImageObject","inLanguage":"fi","@id":"https:\/\/secure.gravatar.com\/avatar\/494e16bd46ccabeca0cfba41470c2a2163d9d795cba0114b2c151e76c6a57460?s=96&d=mm&r=g","url":"https:\/\/secure.gravatar.com\/avatar\/494e16bd46ccabeca0cfba41470c2a2163d9d795cba0114b2c151e76c6a57460?s=96&d=mm&r=g","contentUrl":"https:\/\/secure.gravatar.com\/avatar\/494e16bd46ccabeca0cfba41470c2a2163d9d795cba0114b2c151e76c6a57460?s=96&d=mm&r=g","caption":"paunosar"},"url":"https:\/\/blogit.gradia.fi\/tyte\/author\/paunosar\/"}]}},"uagb_featured_image_src":{"full":false,"thumbnail":false,"medium":false,"medium_large":false,"large":false,"1536x1536":false,"2048x2048":false},"uagb_author_info":{"display_name":"paunosar","author_link":"https:\/\/blogit.gradia.fi\/tyte\/author\/paunosar\/"},"uagb_comment_info":0,"uagb_excerpt":"Tieto- ja viestint\u00e4tekniikan ammattilaisten ja perusosaajien tutkintoon johtava 2.asteen ammatillinen koulutusohjelma on uudistunut vuodesta 2020 alkaen kts. ePerusteet (opintopolku.fi). Koulutusohjelmasta voi ty\u00f6llisty\u00e4 elektroniikka-, hyvinvointiteknologia tai tietoverkkoasentajaksi. Lis\u00e4ksi vaihtoehtona on suuntautua IT-tukihenkil\u00f6ksi tai ohjelmistokehitt\u00e4j\u00e4ksi. Lapin koulutuskeskus REDUssa on suuntautumisvaihtoehdoiksi valittu IT-tukihenkil\u00f6, tietoverkkoasentaja ja ohjelmistokehitt\u00e4j\u00e4. Alalle hakijam\u00e4\u00e4r\u00e4t on nousseet, kun koulutustarjontaa on laajennettu. Tieto- ja viestint\u00e4tekniikan teht\u00e4viss\u00e4&hellip;","_links":{"self":[{"href":"https:\/\/blogit.gradia.fi\/tyte\/wp-json\/wp\/v2\/posts\/253","targetHints":{"allow":["GET"]}}],"collection":[{"href":"https:\/\/blogit.gradia.fi\/tyte\/wp-json\/wp\/v2\/posts"}],"about":[{"href":"https:\/\/blogit.gradia.fi\/tyte\/wp-json\/wp\/v2\/types\/post"}],"author":[{"embeddable":true,"href":"https:\/\/blogit.gradia.fi\/tyte\/wp-json\/wp\/v2\/users\/680"}],"replies":[{"embeddable":true,"href":"https:\/\/blogit.gradia.fi\/tyte\/wp-json\/wp\/v2\/comments?post=253"}],"version-history":[{"count":2,"href":"https:\/\/blogit.gradia.fi\/tyte\/wp-json\/wp\/v2\/posts\/253\/revisions"}],"predecessor-version":[{"id":318,"href":"https:\/\/blogit.gradia.fi\/tyte\/wp-json\/wp\/v2\/posts\/253\/revisions\/318"}],"wp:attachment":[{"href":"https:\/\/blogit.gradia.fi\/tyte\/wp-json\/wp\/v2\/media?parent=253"}],"wp:term":[{"taxonomy":"category","embeddable":true,"href":"https:\/\/blogit.gradia.fi\/tyte\/wp-json\/wp\/v2\/categories?post=253"},{"taxonomy":"post_tag","embeddable":true,"href":"https:\/\/blogit.gradia.fi\/tyte\/wp-json\/wp\/v2\/tags?post=253"}],"curies":[{"name":"wp","href":"https:\/\/api.w.org\/{rel}","templated":true}]}}