{"id":229,"date":"2021-03-10T09:41:53","date_gmt":"2021-03-10T07:41:53","guid":{"rendered":"https:\/\/blogit.gradia.fi\/tyte\/?p=229"},"modified":"2021-03-10T09:41:55","modified_gmt":"2021-03-10T07:41:55","slug":"mobiltai","status":"publish","type":"post","link":"https:\/\/blogit.gradia.fi\/tyte\/2021\/03\/10\/mobiltai\/","title":{"rendered":"MobilTAI"},"content":{"rendered":"\n<p><em>Tuike Kankare ke 24.2.2021<\/em><\/p>\n\n\n\n<p><\/p>\n\n\n\n<p>MobilTAI on ty\u00f6kalu ty\u00f6el\u00e4m\u00e4ss\u00e4 oppimisen seurantaan.<\/p>\n\n\n\n<p><br>MobilTAIn k\u00e4ytt\u00f6\u00f6notto aloitettiin Turun ammatti-instituutissa syyskuussa 2020. Tulevaisuudessa TAIn kaikki opiskelijat saavat ratkaisun k\u00e4ytt\u00f6\u00f6ns\u00e4. MobilTAI on TAIn ohjausalusta. Se on ty\u00f6kalu ty\u00f6el\u00e4m\u00e4ss\u00e4 oppimisen<br>seurantaan, ohjaukseen ja dokumentointiin.<\/p>\n\n\n\n<p><br>MobilTAIssa on mahdollista my\u00f6s arvioida opiskelijan osaamista n\u00e4yt\u00f6iss\u00e4.<\/p>\n\n\n\n<p><br>MobilTAI kehitettiin ty\u00f6el\u00e4m\u00e4ss\u00e4 oppimisen ohjaamisen tueksi. Opettajan, opiskelijan ja ty\u00f6paikkaohjaajan on helppo olla yhteydess\u00e4 ja l\u00e4hett\u00e4\u00e4 toisilleen viestej\u00e4, \u00e4\u00e4nitteit\u00e4, kuvia tai videoita. My\u00f6s videopalaverit ovat mahdollisia.<br>MobilTAIn yksi vahvuuksista on se, ett\u00e4 se toimii kaikilla laitteilla, joten sit\u00e4 on helppo k\u00e4ytt\u00e4\u00e4 \u00e4lypuhelimella, tabletilla ja tietokoneella miss\u00e4 ja milloin vain.<\/p>\n","protected":false},"excerpt":{"rendered":"<p>Tuike Kankare ke 24.2.2021 MobilTAI on ty\u00f6kalu ty\u00f6el\u00e4m\u00e4ss\u00e4 oppimisen seurantaan. MobilTAIn k\u00e4ytt\u00f6\u00f6notto aloitettiin Turun ammatti-instituutissa syyskuussa 2020. Tulevaisuudessa TAIn kaikki opiskelijat saavat ratkaisun k\u00e4ytt\u00f6\u00f6ns\u00e4. MobilTAI on TAIn ohjausalusta. Se on ty\u00f6kalu ty\u00f6el\u00e4m\u00e4ss\u00e4 oppimisenseurantaan, ohjaukseen ja dokumentointiin. MobilTAIssa on mahdollista my\u00f6s arvioida opiskelijan osaamista n\u00e4yt\u00f6iss\u00e4. MobilTAI kehitettiin ty\u00f6el\u00e4m\u00e4ss\u00e4 oppimisen ohjaamisen tueksi. Opettajan, opiskelijan ja ty\u00f6paikkaohjaajan on &#8230; <a title=\"MobilTAI\" class=\"read-more\" href=\"https:\/\/blogit.gradia.fi\/tyte\/2021\/03\/10\/mobiltai\/\" aria-label=\"Lue lis\u00e4\u00e4 aiheesta MobilTAI\">Lue lis\u00e4\u00e4<\/a><\/p>\n","protected":false},"author":714,"featured_media":0,"comment_status":"open","ping_status":"open","sticky":false,"template":"","format":"standard","meta":{"_uag_custom_page_level_css":"","footnotes":""},"categories":[1],"tags":[],"class_list":["post-229","post","type-post","status-publish","format-standard","hentry","category-yleinen"],"yoast_head":"<!-- This site is optimized with the Yoast SEO plugin v27.5 - https:\/\/yoast.com\/product\/yoast-seo-wordpress\/ -->\n<title>MobilTAI - Ty\u00f6el\u00e4m\u00e4 ja teknologia-hanke<\/title>\n<meta name=\"robots\" content=\"index, follow, max-snippet:-1, max-image-preview:large, max-video-preview:-1\" \/>\n<link rel=\"canonical\" href=\"https:\/\/blogit.gradia.fi\/tyte\/2021\/03\/10\/mobiltai\/\" \/>\n<meta property=\"og:locale\" content=\"fi_FI\" \/>\n<meta property=\"og:type\" content=\"article\" \/>\n<meta property=\"og:title\" content=\"MobilTAI - Ty\u00f6el\u00e4m\u00e4 ja teknologia-hanke\" \/>\n<meta property=\"og:description\" content=\"Tuike Kankare ke 24.2.2021 MobilTAI on ty\u00f6kalu ty\u00f6el\u00e4m\u00e4ss\u00e4 oppimisen seurantaan. MobilTAIn k\u00e4ytt\u00f6\u00f6notto aloitettiin Turun ammatti-instituutissa syyskuussa 2020. Tulevaisuudessa TAIn kaikki opiskelijat saavat ratkaisun k\u00e4ytt\u00f6\u00f6ns\u00e4. MobilTAI on TAIn ohjausalusta. Se on ty\u00f6kalu ty\u00f6el\u00e4m\u00e4ss\u00e4 oppimisenseurantaan, ohjaukseen ja dokumentointiin. MobilTAIssa on mahdollista my\u00f6s arvioida opiskelijan osaamista n\u00e4yt\u00f6iss\u00e4. MobilTAI kehitettiin ty\u00f6el\u00e4m\u00e4ss\u00e4 oppimisen ohjaamisen tueksi. Opettajan, opiskelijan ja ty\u00f6paikkaohjaajan on ... Lue lis\u00e4\u00e4\" \/>\n<meta property=\"og:url\" content=\"https:\/\/blogit.gradia.fi\/tyte\/2021\/03\/10\/mobiltai\/\" \/>\n<meta property=\"og:site_name\" content=\"Ty\u00f6el\u00e4m\u00e4 ja teknologia-hanke\" \/>\n<meta property=\"article:published_time\" content=\"2021-03-10T07:41:53+00:00\" \/>\n<meta property=\"article:modified_time\" content=\"2021-03-10T07:41:55+00:00\" \/>\n<meta name=\"author\" content=\"jylanhei\" \/>\n<meta name=\"twitter:card\" content=\"summary_large_image\" \/>\n<meta name=\"twitter:label1\" content=\"Kirjoittanut\" \/>\n\t<meta name=\"twitter:data1\" content=\"jylanhei\" \/>\n\t<meta name=\"twitter:label2\" content=\"Arvioitu lukuaika\" \/>\n\t<meta name=\"twitter:data2\" content=\"1 minuutti\" \/>\n<script type=\"application\/ld+json\" class=\"yoast-schema-graph\">{\"@context\":\"https:\\\/\\\/schema.org\",\"@graph\":[{\"@type\":\"Article\",\"@id\":\"https:\\\/\\\/blogit.gradia.fi\\\/tyte\\\/2021\\\/03\\\/10\\\/mobiltai\\\/#article\",\"isPartOf\":{\"@id\":\"https:\\\/\\\/blogit.gradia.fi\\\/tyte\\\/2021\\\/03\\\/10\\\/mobiltai\\\/\"},\"author\":{\"name\":\"jylanhei\",\"@id\":\"https:\\\/\\\/blogit.gradia.fi\\\/tyte\\\/#\\\/schema\\\/person\\\/2baffaccc10d42aa9370eb65b07e2763\"},\"headline\":\"MobilTAI\",\"datePublished\":\"2021-03-10T07:41:53+00:00\",\"dateModified\":\"2021-03-10T07:41:55+00:00\",\"mainEntityOfPage\":{\"@id\":\"https:\\\/\\\/blogit.gradia.fi\\\/tyte\\\/2021\\\/03\\\/10\\\/mobiltai\\\/\"},\"wordCount\":114,\"commentCount\":0,\"publisher\":{\"@id\":\"https:\\\/\\\/blogit.gradia.fi\\\/tyte\\\/#organization\"},\"inLanguage\":\"fi\",\"potentialAction\":[{\"@type\":\"CommentAction\",\"name\":\"Comment\",\"target\":[\"https:\\\/\\\/blogit.gradia.fi\\\/tyte\\\/2021\\\/03\\\/10\\\/mobiltai\\\/#respond\"]}]},{\"@type\":\"WebPage\",\"@id\":\"https:\\\/\\\/blogit.gradia.fi\\\/tyte\\\/2021\\\/03\\\/10\\\/mobiltai\\\/\",\"url\":\"https:\\\/\\\/blogit.gradia.fi\\\/tyte\\\/2021\\\/03\\\/10\\\/mobiltai\\\/\",\"name\":\"MobilTAI - Ty\u00f6el\u00e4m\u00e4 ja teknologia-hanke\",\"isPartOf\":{\"@id\":\"https:\\\/\\\/blogit.gradia.fi\\\/tyte\\\/#website\"},\"datePublished\":\"2021-03-10T07:41:53+00:00\",\"dateModified\":\"2021-03-10T07:41:55+00:00\",\"breadcrumb\":{\"@id\":\"https:\\\/\\\/blogit.gradia.fi\\\/tyte\\\/2021\\\/03\\\/10\\\/mobiltai\\\/#breadcrumb\"},\"inLanguage\":\"fi\",\"potentialAction\":[{\"@type\":\"ReadAction\",\"target\":[\"https:\\\/\\\/blogit.gradia.fi\\\/tyte\\\/2021\\\/03\\\/10\\\/mobiltai\\\/\"]}]},{\"@type\":\"BreadcrumbList\",\"@id\":\"https:\\\/\\\/blogit.gradia.fi\\\/tyte\\\/2021\\\/03\\\/10\\\/mobiltai\\\/#breadcrumb\",\"itemListElement\":[{\"@type\":\"ListItem\",\"position\":1,\"name\":\"Home\",\"item\":\"https:\\\/\\\/blogit.gradia.fi\\\/tyte\\\/\"},{\"@type\":\"ListItem\",\"position\":2,\"name\":\"MobilTAI\"}]},{\"@type\":\"WebSite\",\"@id\":\"https:\\\/\\\/blogit.gradia.fi\\\/tyte\\\/#website\",\"url\":\"https:\\\/\\\/blogit.gradia.fi\\\/tyte\\\/\",\"name\":\"Ty\u00f6el\u00e4m\u00e4 ja teknologia-hanke\",\"description\":\"\",\"publisher\":{\"@id\":\"https:\\\/\\\/blogit.gradia.fi\\\/tyte\\\/#organization\"},\"potentialAction\":[{\"@type\":\"SearchAction\",\"target\":{\"@type\":\"EntryPoint\",\"urlTemplate\":\"https:\\\/\\\/blogit.gradia.fi\\\/tyte\\\/?s={search_term_string}\"},\"query-input\":{\"@type\":\"PropertyValueSpecification\",\"valueRequired\":true,\"valueName\":\"search_term_string\"}}],\"inLanguage\":\"fi\"},{\"@type\":\"Organization\",\"@id\":\"https:\\\/\\\/blogit.gradia.fi\\\/tyte\\\/#organization\",\"name\":\"Ty\u00f6el\u00e4m\u00e4 ja teknologia-hanke\",\"url\":\"https:\\\/\\\/blogit.gradia.fi\\\/tyte\\\/\",\"logo\":{\"@type\":\"ImageObject\",\"inLanguage\":\"fi\",\"@id\":\"https:\\\/\\\/blogit.gradia.fi\\\/tyte\\\/#\\\/schema\\\/logo\\\/image\\\/\",\"url\":\"https:\\\/\\\/blogit.gradia.fi\\\/tyte\\\/wp-content\\\/uploads\\\/sites\\\/157\\\/2020\\\/03\\\/cropped-DigitutorOsaaAuttaa_logo-150x150-1.jpg\",\"contentUrl\":\"https:\\\/\\\/blogit.gradia.fi\\\/tyte\\\/wp-content\\\/uploads\\\/sites\\\/157\\\/2020\\\/03\\\/cropped-DigitutorOsaaAuttaa_logo-150x150-1.jpg\",\"width\":150,\"height\":150,\"caption\":\"Ty\u00f6el\u00e4m\u00e4 ja teknologia-hanke\"},\"image\":{\"@id\":\"https:\\\/\\\/blogit.gradia.fi\\\/tyte\\\/#\\\/schema\\\/logo\\\/image\\\/\"}},{\"@type\":\"Person\",\"@id\":\"https:\\\/\\\/blogit.gradia.fi\\\/tyte\\\/#\\\/schema\\\/person\\\/2baffaccc10d42aa9370eb65b07e2763\",\"name\":\"jylanhei\",\"image\":{\"@type\":\"ImageObject\",\"inLanguage\":\"fi\",\"@id\":\"https:\\\/\\\/secure.gravatar.com\\\/avatar\\\/5ee8a96165ea77baeaf9a1bde71663b2b6b67d16ab91e9663146651833b34ab0?s=96&d=mm&r=g\",\"url\":\"https:\\\/\\\/secure.gravatar.com\\\/avatar\\\/5ee8a96165ea77baeaf9a1bde71663b2b6b67d16ab91e9663146651833b34ab0?s=96&d=mm&r=g\",\"contentUrl\":\"https:\\\/\\\/secure.gravatar.com\\\/avatar\\\/5ee8a96165ea77baeaf9a1bde71663b2b6b67d16ab91e9663146651833b34ab0?s=96&d=mm&r=g\",\"caption\":\"jylanhei\"},\"url\":\"https:\\\/\\\/blogit.gradia.fi\\\/tyte\\\/author\\\/jylanhei\\\/\"}]}<\/script>\n<!-- \/ Yoast SEO plugin. -->","yoast_head_json":{"title":"MobilTAI - Ty\u00f6el\u00e4m\u00e4 ja teknologia-hanke","robots":{"index":"index","follow":"follow","max-snippet":"max-snippet:-1","max-image-preview":"max-image-preview:large","max-video-preview":"max-video-preview:-1"},"canonical":"https:\/\/blogit.gradia.fi\/tyte\/2021\/03\/10\/mobiltai\/","og_locale":"fi_FI","og_type":"article","og_title":"MobilTAI - Ty\u00f6el\u00e4m\u00e4 ja teknologia-hanke","og_description":"Tuike Kankare ke 24.2.2021 MobilTAI on ty\u00f6kalu ty\u00f6el\u00e4m\u00e4ss\u00e4 oppimisen seurantaan. MobilTAIn k\u00e4ytt\u00f6\u00f6notto aloitettiin Turun ammatti-instituutissa syyskuussa 2020. Tulevaisuudessa TAIn kaikki opiskelijat saavat ratkaisun k\u00e4ytt\u00f6\u00f6ns\u00e4. MobilTAI on TAIn ohjausalusta. Se on ty\u00f6kalu ty\u00f6el\u00e4m\u00e4ss\u00e4 oppimisenseurantaan, ohjaukseen ja dokumentointiin. MobilTAIssa on mahdollista my\u00f6s arvioida opiskelijan osaamista n\u00e4yt\u00f6iss\u00e4. MobilTAI kehitettiin ty\u00f6el\u00e4m\u00e4ss\u00e4 oppimisen ohjaamisen tueksi. Opettajan, opiskelijan ja ty\u00f6paikkaohjaajan on ... Lue lis\u00e4\u00e4","og_url":"https:\/\/blogit.gradia.fi\/tyte\/2021\/03\/10\/mobiltai\/","og_site_name":"Ty\u00f6el\u00e4m\u00e4 ja teknologia-hanke","article_published_time":"2021-03-10T07:41:53+00:00","article_modified_time":"2021-03-10T07:41:55+00:00","author":"jylanhei","twitter_card":"summary_large_image","twitter_misc":{"Kirjoittanut":"jylanhei","Arvioitu lukuaika":"1 minuutti"},"schema":{"@context":"https:\/\/schema.org","@graph":[{"@type":"Article","@id":"https:\/\/blogit.gradia.fi\/tyte\/2021\/03\/10\/mobiltai\/#article","isPartOf":{"@id":"https:\/\/blogit.gradia.fi\/tyte\/2021\/03\/10\/mobiltai\/"},"author":{"name":"jylanhei","@id":"https:\/\/blogit.gradia.fi\/tyte\/#\/schema\/person\/2baffaccc10d42aa9370eb65b07e2763"},"headline":"MobilTAI","datePublished":"2021-03-10T07:41:53+00:00","dateModified":"2021-03-10T07:41:55+00:00","mainEntityOfPage":{"@id":"https:\/\/blogit.gradia.fi\/tyte\/2021\/03\/10\/mobiltai\/"},"wordCount":114,"commentCount":0,"publisher":{"@id":"https:\/\/blogit.gradia.fi\/tyte\/#organization"},"inLanguage":"fi","potentialAction":[{"@type":"CommentAction","name":"Comment","target":["https:\/\/blogit.gradia.fi\/tyte\/2021\/03\/10\/mobiltai\/#respond"]}]},{"@type":"WebPage","@id":"https:\/\/blogit.gradia.fi\/tyte\/2021\/03\/10\/mobiltai\/","url":"https:\/\/blogit.gradia.fi\/tyte\/2021\/03\/10\/mobiltai\/","name":"MobilTAI - Ty\u00f6el\u00e4m\u00e4 ja teknologia-hanke","isPartOf":{"@id":"https:\/\/blogit.gradia.fi\/tyte\/#website"},"datePublished":"2021-03-10T07:41:53+00:00","dateModified":"2021-03-10T07:41:55+00:00","breadcrumb":{"@id":"https:\/\/blogit.gradia.fi\/tyte\/2021\/03\/10\/mobiltai\/#breadcrumb"},"inLanguage":"fi","potentialAction":[{"@type":"ReadAction","target":["https:\/\/blogit.gradia.fi\/tyte\/2021\/03\/10\/mobiltai\/"]}]},{"@type":"BreadcrumbList","@id":"https:\/\/blogit.gradia.fi\/tyte\/2021\/03\/10\/mobiltai\/#breadcrumb","itemListElement":[{"@type":"ListItem","position":1,"name":"Home","item":"https:\/\/blogit.gradia.fi\/tyte\/"},{"@type":"ListItem","position":2,"name":"MobilTAI"}]},{"@type":"WebSite","@id":"https:\/\/blogit.gradia.fi\/tyte\/#website","url":"https:\/\/blogit.gradia.fi\/tyte\/","name":"Ty\u00f6el\u00e4m\u00e4 ja teknologia-hanke","description":"","publisher":{"@id":"https:\/\/blogit.gradia.fi\/tyte\/#organization"},"potentialAction":[{"@type":"SearchAction","target":{"@type":"EntryPoint","urlTemplate":"https:\/\/blogit.gradia.fi\/tyte\/?s={search_term_string}"},"query-input":{"@type":"PropertyValueSpecification","valueRequired":true,"valueName":"search_term_string"}}],"inLanguage":"fi"},{"@type":"Organization","@id":"https:\/\/blogit.gradia.fi\/tyte\/#organization","name":"Ty\u00f6el\u00e4m\u00e4 ja teknologia-hanke","url":"https:\/\/blogit.gradia.fi\/tyte\/","logo":{"@type":"ImageObject","inLanguage":"fi","@id":"https:\/\/blogit.gradia.fi\/tyte\/#\/schema\/logo\/image\/","url":"https:\/\/blogit.gradia.fi\/tyte\/wp-content\/uploads\/sites\/157\/2020\/03\/cropped-DigitutorOsaaAuttaa_logo-150x150-1.jpg","contentUrl":"https:\/\/blogit.gradia.fi\/tyte\/wp-content\/uploads\/sites\/157\/2020\/03\/cropped-DigitutorOsaaAuttaa_logo-150x150-1.jpg","width":150,"height":150,"caption":"Ty\u00f6el\u00e4m\u00e4 ja teknologia-hanke"},"image":{"@id":"https:\/\/blogit.gradia.fi\/tyte\/#\/schema\/logo\/image\/"}},{"@type":"Person","@id":"https:\/\/blogit.gradia.fi\/tyte\/#\/schema\/person\/2baffaccc10d42aa9370eb65b07e2763","name":"jylanhei","image":{"@type":"ImageObject","inLanguage":"fi","@id":"https:\/\/secure.gravatar.com\/avatar\/5ee8a96165ea77baeaf9a1bde71663b2b6b67d16ab91e9663146651833b34ab0?s=96&d=mm&r=g","url":"https:\/\/secure.gravatar.com\/avatar\/5ee8a96165ea77baeaf9a1bde71663b2b6b67d16ab91e9663146651833b34ab0?s=96&d=mm&r=g","contentUrl":"https:\/\/secure.gravatar.com\/avatar\/5ee8a96165ea77baeaf9a1bde71663b2b6b67d16ab91e9663146651833b34ab0?s=96&d=mm&r=g","caption":"jylanhei"},"url":"https:\/\/blogit.gradia.fi\/tyte\/author\/jylanhei\/"}]}},"uagb_featured_image_src":{"full":false,"thumbnail":false,"medium":false,"medium_large":false,"large":false,"1536x1536":false,"2048x2048":false},"uagb_author_info":{"display_name":"jylanhei","author_link":"https:\/\/blogit.gradia.fi\/tyte\/author\/jylanhei\/"},"uagb_comment_info":1,"uagb_excerpt":"Tuike Kankare ke 24.2.2021 MobilTAI on ty\u00f6kalu ty\u00f6el\u00e4m\u00e4ss\u00e4 oppimisen seurantaan. MobilTAIn k\u00e4ytt\u00f6\u00f6notto aloitettiin Turun ammatti-instituutissa syyskuussa 2020. Tulevaisuudessa TAIn kaikki opiskelijat saavat ratkaisun k\u00e4ytt\u00f6\u00f6ns\u00e4. MobilTAI on TAIn ohjausalusta. Se on ty\u00f6kalu ty\u00f6el\u00e4m\u00e4ss\u00e4 oppimisenseurantaan, ohjaukseen ja dokumentointiin. MobilTAIssa on mahdollista my\u00f6s arvioida opiskelijan osaamista n\u00e4yt\u00f6iss\u00e4. MobilTAI kehitettiin ty\u00f6el\u00e4m\u00e4ss\u00e4 oppimisen ohjaamisen tueksi. Opettajan, opiskelijan ja ty\u00f6paikkaohjaajan on&hellip;","_links":{"self":[{"href":"https:\/\/blogit.gradia.fi\/tyte\/wp-json\/wp\/v2\/posts\/229","targetHints":{"allow":["GET"]}}],"collection":[{"href":"https:\/\/blogit.gradia.fi\/tyte\/wp-json\/wp\/v2\/posts"}],"about":[{"href":"https:\/\/blogit.gradia.fi\/tyte\/wp-json\/wp\/v2\/types\/post"}],"author":[{"embeddable":true,"href":"https:\/\/blogit.gradia.fi\/tyte\/wp-json\/wp\/v2\/users\/714"}],"replies":[{"embeddable":true,"href":"https:\/\/blogit.gradia.fi\/tyte\/wp-json\/wp\/v2\/comments?post=229"}],"version-history":[{"count":2,"href":"https:\/\/blogit.gradia.fi\/tyte\/wp-json\/wp\/v2\/posts\/229\/revisions"}],"predecessor-version":[{"id":314,"href":"https:\/\/blogit.gradia.fi\/tyte\/wp-json\/wp\/v2\/posts\/229\/revisions\/314"}],"wp:attachment":[{"href":"https:\/\/blogit.gradia.fi\/tyte\/wp-json\/wp\/v2\/media?parent=229"}],"wp:term":[{"taxonomy":"category","embeddable":true,"href":"https:\/\/blogit.gradia.fi\/tyte\/wp-json\/wp\/v2\/categories?post=229"},{"taxonomy":"post_tag","embeddable":true,"href":"https:\/\/blogit.gradia.fi\/tyte\/wp-json\/wp\/v2\/tags?post=229"}],"curies":[{"name":"wp","href":"https:\/\/api.w.org\/{rel}","templated":true}]}}