{"id":1,"date":"2020-01-13T09:31:48","date_gmt":"2020-01-13T07:31:48","guid":{"rendered":"https:\/\/blogit.gradia.fi\/tyte\/?p=1"},"modified":"2020-10-08T13:18:46","modified_gmt":"2020-10-08T10:18:46","slug":"etusivu","status":"publish","type":"post","link":"https:\/\/blogit.gradia.fi\/tyte\/2020\/01\/13\/etusivu\/","title":{"rendered":"Ajankohtaisia hankekuulumisia"},"content":{"rendered":"\n<p>Jaana Virtanen ma 27.4.2020:<\/p>\n\n\n\n<p>Hanke on siirtynyt koronan my\u00f6t\u00e4 et\u00e4ty\u00f6aikaan. Alussa et\u00e4ty\u00f6skentelyyn siirrytt\u00e4ess\u00e4 tuntui, ett\u00e4 mit\u00e4 ihmett\u00e4 me teemme? Miten et\u00e4n\u00e4 voidaan antaa ohjausta &#8211; opiskelijat ovat kotona, eiv\u00e4t ty\u00f6paikoilla, kirjastoissa, sairaalalla tms. tutuissa ohjauspaikoissa. Oppilaitoksetkin suljettiin. Emme ehtineet suunnitella t\u00e4t\u00e4 toimintaa oppilaitoksen l\u00e4hiopetuksen aikana &#8211; vaan t\u00e4m\u00e4 l\u00e4hti tarpeesta. <\/p>\n\n\n\n<p>Mutta pikku hiljaa n\u00e4it\u00e4 uusia ideoita mietimme, digitukea opettajille? Rehtoriltamme Pirjo Kauhaselta ja Digipalvelujen p\u00e4\u00e4llik\u00f6lt\u00e4 Hanna Rajalalta saimme idea: opiskelijat tarvitsevat tukea et\u00e4opetuksessa. <\/p>\n\n\n\n<p>Yhdess\u00e4 opiskelijoiden ja opettajien kanssa p\u00e4\u00e4timme tarttua haasteeseen. Ne opiskelijat, jotka olivat aiemmin toimineet datataitureina, Moodletaitureina tai j\u00e4\u00e4neet ilman koulutussopimuspaikkaa, ker\u00e4simme nimet ja kartoitimme halukkaat. Opiskelijat harjoittelivat TEAMSin k\u00e4ytt\u00f6\u00e4 useiden p\u00e4ivien ajan. Opiskelivat itsen\u00e4isesti verkossa verkkokursseilla ja tutkivat ohjelmaa. Mik\u00e4p\u00e4 sen paremmin datanomien toimintaan olisi sopinut.<\/p>\n\n\n\n<p>Niinp\u00e4 esimerkiksi me Gradiassa l\u00e4hdimme tarjoamaan digitukea opiskelijoille. Miten p\u00e4\u00e4sen TEAMSiin, miten kirjaudun TEAMSiin, MOODLEen, O365:seen? Niit\u00e4 kysymyksi\u00e4 on nyt viime p\u00e4ivin\u00e4 tullut opiskelijoiden perustamaan s\u00e4hk\u00f6postiin, jossa opiskelija vastaa opiskelijalle &#8211; digiapua antaen. Digituki on l\u00e4htenyt hienosti k\u00e4yntiin. Kehitett\u00e4v\u00e4\u00e4 varmasti on, mutta pienin askelin p\u00e4\u00e4simme k\u00e4yntiin. Digitutoreilla on oma s\u00e4hk\u00f6postiosoite, jonne he saavat tukipyynn\u00f6t. Ohjaus tapahtuu joko s\u00e4hk\u00f6postilla tai TEAMSill\u00e4. Hieno avaus opiskelijatukeen &#8211; ja t\u00e4t\u00e4 me jatkamme my\u00f6s koronan j\u00e4lkeisess\u00e4 ajassa. <\/p>\n\n\n\n<p><\/p>\n\n\n\n<p>13.1.2020<\/p>\n\n\n\n<p>Hankkeen tavoitteena on jalkauttaa ja juurruttaa ty\u00f6el\u00e4m\u00e4n Digitutor-mallia uusille koulutusaloille ja uusien koulutuksenj\u00e4rjest\u00e4jien k\u00e4ytt\u00f6\u00f6n ja vied\u00e4 digiosaamista opiskelijoiden avulla ty\u00f6el\u00e4m\u00e4\u00e4n, oppilaitoksiin, yhdistyksiin, seuroihin yms. Ty\u00f6el\u00e4m\u00e4n digitutor-mallin avulla vahvistetaan ty\u00f6el\u00e4m\u00e4n ja koulutuksenj\u00e4rjest\u00e4j\u00e4n yhteisty\u00f6t\u00e4 ja osallistetaan ty\u00f6el\u00e4m\u00e4\u00e4 jatkokehitt\u00e4m\u00e4\u00e4n digitutor-mallia ja uudenlaisia oppimisymp\u00e4rist\u00f6j\u00e4. Tulevaisuudessa Digitutorit ja digitutor-mallin k\u00e4yneet opiskelijat voisivat olla apu digitaalisten kansalaistaitojen kehitt\u00e4miseen ja he voisivat antaa erilaisten digisovellusten kuten Skypen, whatsapp-videopuhelun tai muun v\u00e4lineen avulla apua kenelle tahansa opiskelupaikastaan riippumatta. N\u00e4in useammalla digiv\u00e4lineit\u00e4 tai -ohjelmia k\u00e4ytt\u00e4v\u00e4ll\u00e4 ja apua tarvitsevalla olisi mahdollisuus oppia esimerkiksi hoitamaan viranomaisasiointinsa ajasta ja paikasta riippumattomilla s\u00e4hk\u00f6isill\u00e4 palveluilla. Jo nyt kauempana haja-asutusalueilla asuvat ja ik\u00e4\u00e4ntyv\u00e4mpi v\u00e4est\u00f6 tarvitsee apua ja digitukea s\u00e4hk\u00f6isten palveluiden kuten viranomaispalvelut, pankkiasioinnit kanssa. &nbsp;<\/p>\n","protected":false},"excerpt":{"rendered":"<p>Jaana Virtanen ma 27.4.2020: Hanke on siirtynyt koronan my\u00f6t\u00e4 et\u00e4ty\u00f6aikaan. Alussa et\u00e4ty\u00f6skentelyyn siirrytt\u00e4ess\u00e4 tuntui, ett\u00e4 mit\u00e4 ihmett\u00e4 me teemme? Miten et\u00e4n\u00e4 voidaan antaa ohjausta &#8211; opiskelijat ovat kotona, eiv\u00e4t ty\u00f6paikoilla, kirjastoissa, sairaalalla tms. tutuissa ohjauspaikoissa. Oppilaitoksetkin suljettiin. Emme ehtineet suunnitella t\u00e4t\u00e4 toimintaa oppilaitoksen l\u00e4hiopetuksen aikana &#8211; vaan t\u00e4m\u00e4 l\u00e4hti tarpeesta. Mutta pikku hiljaa n\u00e4it\u00e4 uusia &#8230; <a title=\"Ajankohtaisia hankekuulumisia\" class=\"read-more\" href=\"https:\/\/blogit.gradia.fi\/tyte\/2020\/01\/13\/etusivu\/\" aria-label=\"Lue lis\u00e4\u00e4 aiheesta Ajankohtaisia hankekuulumisia\">Lue lis\u00e4\u00e4<\/a><\/p>\n","protected":false},"author":43,"featured_media":0,"comment_status":"closed","ping_status":"open","sticky":false,"template":"","format":"standard","meta":{"_uag_custom_page_level_css":"","footnotes":""},"categories":[1],"tags":[],"class_list":["post-1","post","type-post","status-publish","format-standard","hentry","category-yleinen"],"yoast_head":"<!-- This site is optimized with the Yoast SEO plugin v27.5 - https:\/\/yoast.com\/product\/yoast-seo-wordpress\/ -->\n<title>Ajankohtaisia hankekuulumisia - Ty\u00f6el\u00e4m\u00e4 ja teknologia-hanke<\/title>\n<meta name=\"robots\" content=\"index, follow, max-snippet:-1, max-image-preview:large, max-video-preview:-1\" \/>\n<link rel=\"canonical\" href=\"https:\/\/blogit.gradia.fi\/tyte\/2020\/01\/13\/etusivu\/\" \/>\n<meta property=\"og:locale\" content=\"fi_FI\" \/>\n<meta property=\"og:type\" content=\"article\" \/>\n<meta property=\"og:title\" content=\"Ajankohtaisia hankekuulumisia - Ty\u00f6el\u00e4m\u00e4 ja teknologia-hanke\" \/>\n<meta property=\"og:description\" content=\"Jaana Virtanen ma 27.4.2020: Hanke on siirtynyt koronan my\u00f6t\u00e4 et\u00e4ty\u00f6aikaan. Alussa et\u00e4ty\u00f6skentelyyn siirrytt\u00e4ess\u00e4 tuntui, ett\u00e4 mit\u00e4 ihmett\u00e4 me teemme? Miten et\u00e4n\u00e4 voidaan antaa ohjausta &#8211; opiskelijat ovat kotona, eiv\u00e4t ty\u00f6paikoilla, kirjastoissa, sairaalalla tms. tutuissa ohjauspaikoissa. Oppilaitoksetkin suljettiin. Emme ehtineet suunnitella t\u00e4t\u00e4 toimintaa oppilaitoksen l\u00e4hiopetuksen aikana &#8211; vaan t\u00e4m\u00e4 l\u00e4hti tarpeesta. Mutta pikku hiljaa n\u00e4it\u00e4 uusia ... Lue lis\u00e4\u00e4\" \/>\n<meta property=\"og:url\" content=\"https:\/\/blogit.gradia.fi\/tyte\/2020\/01\/13\/etusivu\/\" \/>\n<meta property=\"og:site_name\" content=\"Ty\u00f6el\u00e4m\u00e4 ja teknologia-hanke\" \/>\n<meta property=\"article:published_time\" content=\"2020-01-13T07:31:48+00:00\" \/>\n<meta property=\"article:modified_time\" content=\"2020-10-08T10:18:46+00:00\" \/>\n<meta name=\"author\" content=\"Jaana Virtanen\" \/>\n<meta name=\"twitter:card\" content=\"summary_large_image\" \/>\n<meta name=\"twitter:label1\" content=\"Kirjoittanut\" \/>\n\t<meta name=\"twitter:data1\" content=\"Jaana Virtanen\" \/>\n\t<meta name=\"twitter:label2\" content=\"Arvioitu lukuaika\" \/>\n\t<meta name=\"twitter:data2\" content=\"2 minuuttia\" \/>\n<script type=\"application\/ld+json\" class=\"yoast-schema-graph\">{\"@context\":\"https:\\\/\\\/schema.org\",\"@graph\":[{\"@type\":\"Article\",\"@id\":\"https:\\\/\\\/blogit.gradia.fi\\\/tyte\\\/2020\\\/01\\\/13\\\/etusivu\\\/#article\",\"isPartOf\":{\"@id\":\"https:\\\/\\\/blogit.gradia.fi\\\/tyte\\\/2020\\\/01\\\/13\\\/etusivu\\\/\"},\"author\":{\"name\":\"Jaana Virtanen\",\"@id\":\"https:\\\/\\\/blogit.gradia.fi\\\/tyte\\\/#\\\/schema\\\/person\\\/6a664ae8841b21eaa9f77e2305722c5f\"},\"headline\":\"Ajankohtaisia hankekuulumisia\",\"datePublished\":\"2020-01-13T07:31:48+00:00\",\"dateModified\":\"2020-10-08T10:18:46+00:00\",\"mainEntityOfPage\":{\"@id\":\"https:\\\/\\\/blogit.gradia.fi\\\/tyte\\\/2020\\\/01\\\/13\\\/etusivu\\\/\"},\"wordCount\":386,\"publisher\":{\"@id\":\"https:\\\/\\\/blogit.gradia.fi\\\/tyte\\\/#organization\"},\"inLanguage\":\"fi\"},{\"@type\":\"WebPage\",\"@id\":\"https:\\\/\\\/blogit.gradia.fi\\\/tyte\\\/2020\\\/01\\\/13\\\/etusivu\\\/\",\"url\":\"https:\\\/\\\/blogit.gradia.fi\\\/tyte\\\/2020\\\/01\\\/13\\\/etusivu\\\/\",\"name\":\"Ajankohtaisia hankekuulumisia - Ty\u00f6el\u00e4m\u00e4 ja teknologia-hanke\",\"isPartOf\":{\"@id\":\"https:\\\/\\\/blogit.gradia.fi\\\/tyte\\\/#website\"},\"datePublished\":\"2020-01-13T07:31:48+00:00\",\"dateModified\":\"2020-10-08T10:18:46+00:00\",\"breadcrumb\":{\"@id\":\"https:\\\/\\\/blogit.gradia.fi\\\/tyte\\\/2020\\\/01\\\/13\\\/etusivu\\\/#breadcrumb\"},\"inLanguage\":\"fi\",\"potentialAction\":[{\"@type\":\"ReadAction\",\"target\":[\"https:\\\/\\\/blogit.gradia.fi\\\/tyte\\\/2020\\\/01\\\/13\\\/etusivu\\\/\"]}]},{\"@type\":\"BreadcrumbList\",\"@id\":\"https:\\\/\\\/blogit.gradia.fi\\\/tyte\\\/2020\\\/01\\\/13\\\/etusivu\\\/#breadcrumb\",\"itemListElement\":[{\"@type\":\"ListItem\",\"position\":1,\"name\":\"Home\",\"item\":\"https:\\\/\\\/blogit.gradia.fi\\\/tyte\\\/\"},{\"@type\":\"ListItem\",\"position\":2,\"name\":\"Ajankohtaisia hankekuulumisia\"}]},{\"@type\":\"WebSite\",\"@id\":\"https:\\\/\\\/blogit.gradia.fi\\\/tyte\\\/#website\",\"url\":\"https:\\\/\\\/blogit.gradia.fi\\\/tyte\\\/\",\"name\":\"Ty\u00f6el\u00e4m\u00e4 ja teknologia-hanke\",\"description\":\"\",\"publisher\":{\"@id\":\"https:\\\/\\\/blogit.gradia.fi\\\/tyte\\\/#organization\"},\"potentialAction\":[{\"@type\":\"SearchAction\",\"target\":{\"@type\":\"EntryPoint\",\"urlTemplate\":\"https:\\\/\\\/blogit.gradia.fi\\\/tyte\\\/?s={search_term_string}\"},\"query-input\":{\"@type\":\"PropertyValueSpecification\",\"valueRequired\":true,\"valueName\":\"search_term_string\"}}],\"inLanguage\":\"fi\"},{\"@type\":\"Organization\",\"@id\":\"https:\\\/\\\/blogit.gradia.fi\\\/tyte\\\/#organization\",\"name\":\"Ty\u00f6el\u00e4m\u00e4 ja teknologia-hanke\",\"url\":\"https:\\\/\\\/blogit.gradia.fi\\\/tyte\\\/\",\"logo\":{\"@type\":\"ImageObject\",\"inLanguage\":\"fi\",\"@id\":\"https:\\\/\\\/blogit.gradia.fi\\\/tyte\\\/#\\\/schema\\\/logo\\\/image\\\/\",\"url\":\"https:\\\/\\\/blogit.gradia.fi\\\/tyte\\\/wp-content\\\/uploads\\\/sites\\\/157\\\/2020\\\/03\\\/cropped-DigitutorOsaaAuttaa_logo-150x150-1.jpg\",\"contentUrl\":\"https:\\\/\\\/blogit.gradia.fi\\\/tyte\\\/wp-content\\\/uploads\\\/sites\\\/157\\\/2020\\\/03\\\/cropped-DigitutorOsaaAuttaa_logo-150x150-1.jpg\",\"width\":150,\"height\":150,\"caption\":\"Ty\u00f6el\u00e4m\u00e4 ja teknologia-hanke\"},\"image\":{\"@id\":\"https:\\\/\\\/blogit.gradia.fi\\\/tyte\\\/#\\\/schema\\\/logo\\\/image\\\/\"}},{\"@type\":\"Person\",\"@id\":\"https:\\\/\\\/blogit.gradia.fi\\\/tyte\\\/#\\\/schema\\\/person\\\/6a664ae8841b21eaa9f77e2305722c5f\",\"name\":\"Jaana Virtanen\",\"image\":{\"@type\":\"ImageObject\",\"inLanguage\":\"fi\",\"@id\":\"https:\\\/\\\/secure.gravatar.com\\\/avatar\\\/7c1949f2c48118d32b0b865851f61b787476061e93f5ce55a2afc7ee811b502c?s=96&d=mm&r=g\",\"url\":\"https:\\\/\\\/secure.gravatar.com\\\/avatar\\\/7c1949f2c48118d32b0b865851f61b787476061e93f5ce55a2afc7ee811b502c?s=96&d=mm&r=g\",\"contentUrl\":\"https:\\\/\\\/secure.gravatar.com\\\/avatar\\\/7c1949f2c48118d32b0b865851f61b787476061e93f5ce55a2afc7ee811b502c?s=96&d=mm&r=g\",\"caption\":\"Jaana Virtanen\"},\"url\":\"https:\\\/\\\/blogit.gradia.fi\\\/tyte\\\/author\\\/virtajaa\\\/\"}]}<\/script>\n<!-- \/ Yoast SEO plugin. -->","yoast_head_json":{"title":"Ajankohtaisia hankekuulumisia - Ty\u00f6el\u00e4m\u00e4 ja teknologia-hanke","robots":{"index":"index","follow":"follow","max-snippet":"max-snippet:-1","max-image-preview":"max-image-preview:large","max-video-preview":"max-video-preview:-1"},"canonical":"https:\/\/blogit.gradia.fi\/tyte\/2020\/01\/13\/etusivu\/","og_locale":"fi_FI","og_type":"article","og_title":"Ajankohtaisia hankekuulumisia - Ty\u00f6el\u00e4m\u00e4 ja teknologia-hanke","og_description":"Jaana Virtanen ma 27.4.2020: Hanke on siirtynyt koronan my\u00f6t\u00e4 et\u00e4ty\u00f6aikaan. Alussa et\u00e4ty\u00f6skentelyyn siirrytt\u00e4ess\u00e4 tuntui, ett\u00e4 mit\u00e4 ihmett\u00e4 me teemme? Miten et\u00e4n\u00e4 voidaan antaa ohjausta &#8211; opiskelijat ovat kotona, eiv\u00e4t ty\u00f6paikoilla, kirjastoissa, sairaalalla tms. tutuissa ohjauspaikoissa. Oppilaitoksetkin suljettiin. Emme ehtineet suunnitella t\u00e4t\u00e4 toimintaa oppilaitoksen l\u00e4hiopetuksen aikana &#8211; vaan t\u00e4m\u00e4 l\u00e4hti tarpeesta. Mutta pikku hiljaa n\u00e4it\u00e4 uusia ... Lue lis\u00e4\u00e4","og_url":"https:\/\/blogit.gradia.fi\/tyte\/2020\/01\/13\/etusivu\/","og_site_name":"Ty\u00f6el\u00e4m\u00e4 ja teknologia-hanke","article_published_time":"2020-01-13T07:31:48+00:00","article_modified_time":"2020-10-08T10:18:46+00:00","author":"Jaana Virtanen","twitter_card":"summary_large_image","twitter_misc":{"Kirjoittanut":"Jaana Virtanen","Arvioitu lukuaika":"2 minuuttia"},"schema":{"@context":"https:\/\/schema.org","@graph":[{"@type":"Article","@id":"https:\/\/blogit.gradia.fi\/tyte\/2020\/01\/13\/etusivu\/#article","isPartOf":{"@id":"https:\/\/blogit.gradia.fi\/tyte\/2020\/01\/13\/etusivu\/"},"author":{"name":"Jaana Virtanen","@id":"https:\/\/blogit.gradia.fi\/tyte\/#\/schema\/person\/6a664ae8841b21eaa9f77e2305722c5f"},"headline":"Ajankohtaisia hankekuulumisia","datePublished":"2020-01-13T07:31:48+00:00","dateModified":"2020-10-08T10:18:46+00:00","mainEntityOfPage":{"@id":"https:\/\/blogit.gradia.fi\/tyte\/2020\/01\/13\/etusivu\/"},"wordCount":386,"publisher":{"@id":"https:\/\/blogit.gradia.fi\/tyte\/#organization"},"inLanguage":"fi"},{"@type":"WebPage","@id":"https:\/\/blogit.gradia.fi\/tyte\/2020\/01\/13\/etusivu\/","url":"https:\/\/blogit.gradia.fi\/tyte\/2020\/01\/13\/etusivu\/","name":"Ajankohtaisia hankekuulumisia - Ty\u00f6el\u00e4m\u00e4 ja teknologia-hanke","isPartOf":{"@id":"https:\/\/blogit.gradia.fi\/tyte\/#website"},"datePublished":"2020-01-13T07:31:48+00:00","dateModified":"2020-10-08T10:18:46+00:00","breadcrumb":{"@id":"https:\/\/blogit.gradia.fi\/tyte\/2020\/01\/13\/etusivu\/#breadcrumb"},"inLanguage":"fi","potentialAction":[{"@type":"ReadAction","target":["https:\/\/blogit.gradia.fi\/tyte\/2020\/01\/13\/etusivu\/"]}]},{"@type":"BreadcrumbList","@id":"https:\/\/blogit.gradia.fi\/tyte\/2020\/01\/13\/etusivu\/#breadcrumb","itemListElement":[{"@type":"ListItem","position":1,"name":"Home","item":"https:\/\/blogit.gradia.fi\/tyte\/"},{"@type":"ListItem","position":2,"name":"Ajankohtaisia hankekuulumisia"}]},{"@type":"WebSite","@id":"https:\/\/blogit.gradia.fi\/tyte\/#website","url":"https:\/\/blogit.gradia.fi\/tyte\/","name":"Ty\u00f6el\u00e4m\u00e4 ja teknologia-hanke","description":"","publisher":{"@id":"https:\/\/blogit.gradia.fi\/tyte\/#organization"},"potentialAction":[{"@type":"SearchAction","target":{"@type":"EntryPoint","urlTemplate":"https:\/\/blogit.gradia.fi\/tyte\/?s={search_term_string}"},"query-input":{"@type":"PropertyValueSpecification","valueRequired":true,"valueName":"search_term_string"}}],"inLanguage":"fi"},{"@type":"Organization","@id":"https:\/\/blogit.gradia.fi\/tyte\/#organization","name":"Ty\u00f6el\u00e4m\u00e4 ja teknologia-hanke","url":"https:\/\/blogit.gradia.fi\/tyte\/","logo":{"@type":"ImageObject","inLanguage":"fi","@id":"https:\/\/blogit.gradia.fi\/tyte\/#\/schema\/logo\/image\/","url":"https:\/\/blogit.gradia.fi\/tyte\/wp-content\/uploads\/sites\/157\/2020\/03\/cropped-DigitutorOsaaAuttaa_logo-150x150-1.jpg","contentUrl":"https:\/\/blogit.gradia.fi\/tyte\/wp-content\/uploads\/sites\/157\/2020\/03\/cropped-DigitutorOsaaAuttaa_logo-150x150-1.jpg","width":150,"height":150,"caption":"Ty\u00f6el\u00e4m\u00e4 ja teknologia-hanke"},"image":{"@id":"https:\/\/blogit.gradia.fi\/tyte\/#\/schema\/logo\/image\/"}},{"@type":"Person","@id":"https:\/\/blogit.gradia.fi\/tyte\/#\/schema\/person\/6a664ae8841b21eaa9f77e2305722c5f","name":"Jaana Virtanen","image":{"@type":"ImageObject","inLanguage":"fi","@id":"https:\/\/secure.gravatar.com\/avatar\/7c1949f2c48118d32b0b865851f61b787476061e93f5ce55a2afc7ee811b502c?s=96&d=mm&r=g","url":"https:\/\/secure.gravatar.com\/avatar\/7c1949f2c48118d32b0b865851f61b787476061e93f5ce55a2afc7ee811b502c?s=96&d=mm&r=g","contentUrl":"https:\/\/secure.gravatar.com\/avatar\/7c1949f2c48118d32b0b865851f61b787476061e93f5ce55a2afc7ee811b502c?s=96&d=mm&r=g","caption":"Jaana Virtanen"},"url":"https:\/\/blogit.gradia.fi\/tyte\/author\/virtajaa\/"}]}},"uagb_featured_image_src":{"full":false,"thumbnail":false,"medium":false,"medium_large":false,"large":false,"1536x1536":false,"2048x2048":false},"uagb_author_info":{"display_name":"Jaana Virtanen","author_link":"https:\/\/blogit.gradia.fi\/tyte\/author\/virtajaa\/"},"uagb_comment_info":0,"uagb_excerpt":"Jaana Virtanen ma 27.4.2020: Hanke on siirtynyt koronan my\u00f6t\u00e4 et\u00e4ty\u00f6aikaan. Alussa et\u00e4ty\u00f6skentelyyn siirrytt\u00e4ess\u00e4 tuntui, ett\u00e4 mit\u00e4 ihmett\u00e4 me teemme? Miten et\u00e4n\u00e4 voidaan antaa ohjausta &#8211; opiskelijat ovat kotona, eiv\u00e4t ty\u00f6paikoilla, kirjastoissa, sairaalalla tms. tutuissa ohjauspaikoissa. Oppilaitoksetkin suljettiin. Emme ehtineet suunnitella t\u00e4t\u00e4 toimintaa oppilaitoksen l\u00e4hiopetuksen aikana &#8211; vaan t\u00e4m\u00e4 l\u00e4hti tarpeesta. Mutta pikku hiljaa n\u00e4it\u00e4 uusia&hellip;","_links":{"self":[{"href":"https:\/\/blogit.gradia.fi\/tyte\/wp-json\/wp\/v2\/posts\/1","targetHints":{"allow":["GET"]}}],"collection":[{"href":"https:\/\/blogit.gradia.fi\/tyte\/wp-json\/wp\/v2\/posts"}],"about":[{"href":"https:\/\/blogit.gradia.fi\/tyte\/wp-json\/wp\/v2\/types\/post"}],"author":[{"embeddable":true,"href":"https:\/\/blogit.gradia.fi\/tyte\/wp-json\/wp\/v2\/users\/43"}],"replies":[{"embeddable":true,"href":"https:\/\/blogit.gradia.fi\/tyte\/wp-json\/wp\/v2\/comments?post=1"}],"version-history":[{"count":11,"href":"https:\/\/blogit.gradia.fi\/tyte\/wp-json\/wp\/v2\/posts\/1\/revisions"}],"predecessor-version":[{"id":219,"href":"https:\/\/blogit.gradia.fi\/tyte\/wp-json\/wp\/v2\/posts\/1\/revisions\/219"}],"wp:attachment":[{"href":"https:\/\/blogit.gradia.fi\/tyte\/wp-json\/wp\/v2\/media?parent=1"}],"wp:term":[{"taxonomy":"category","embeddable":true,"href":"https:\/\/blogit.gradia.fi\/tyte\/wp-json\/wp\/v2\/categories?post=1"},{"taxonomy":"post_tag","embeddable":true,"href":"https:\/\/blogit.gradia.fi\/tyte\/wp-json\/wp\/v2\/tags?post=1"}],"curies":[{"name":"wp","href":"https:\/\/api.w.org\/{rel}","templated":true}]}}