{"id":95,"date":"2014-05-15T10:11:29","date_gmt":"2014-05-15T07:11:29","guid":{"rendered":"https:\/\/blogit.gradia.fi\/topmerkonomi\/?p=95"},"modified":"2014-05-06T14:15:32","modified_gmt":"2014-05-06T11:15:32","slug":"nayteikkunan-rakentaminen-15-5-2014","status":"publish","type":"post","link":"https:\/\/blogit.gradia.fi\/topmerkonomi\/2014\/05\/15\/nayteikkunan-rakentaminen-15-5-2014\/","title":{"rendered":"N\u00e4yteikkunan rakentaminen 15.5.2014"},"content":{"rendered":"<p><strong>Teht\u00e4v\u00e4n\u00e4nne on rakentaa n\u00e4yteikkuna annettuun teemaan.<\/strong><\/p>\n<p>TEEMA : kev\u00e4\u00e4n juhla,<\/p>\n<p>Kohderyhm\u00e4: ammattiin valmistuva nuori tai uusi ylioppilas.<\/p>\n<p>P\u00e4\u00e4tt\u00e4k\u00e4\u00e4 liike\/myym\u00e4l\u00e4, jolle ikkunan rakennatte ja valitkaa sen perusteella ikkunaan tulevat tuotteet.<\/p>\n<p>Tehk\u00e4\u00e4 paperille alustava sommitelma ikkunasta.<\/p>\n<ol>\n<li>Tyhjent\u00e4k\u00e4\u00e4 ikkuna ja viek\u00e4\u00e4 ikkunassa olevat tuotteet, tapetit ym. paikoilleen<\/li>\n<li>Valitkaa tausta ja leikatkaa se mittaansa.<\/li>\n<li>Sijoittakaa tausta- ja lattiamateriaalit paikoilleen<\/li>\n<li>Sommitelkaa juliste\/markkinointimateriaali paikoilleen.<\/li>\n<li>Sijoitelkaa valitsemanne tuotteet oikeille paikoilleen.<\/li>\n<li>Tehk\u00e4\u00e4 sopivat hintamerkint\u00e4 (-merkinn\u00e4t)<\/li>\n<li>Suunnatkaa valot<\/li>\n<li>Puhdistakaa lasit<\/li>\n<li>Tarkasta lopputulos, valokuvaa ikkuna ja vie blogiisi<\/li>\n<\/ol>\n","protected":false},"excerpt":{"rendered":"<p>Teht\u00e4v\u00e4n\u00e4nne on rakentaa n\u00e4yteikkuna annettuun teemaan. TEEMA : kev\u00e4\u00e4n juhla, Kohderyhm\u00e4: ammattiin valmistuva nuori tai uusi ylioppilas. P\u00e4\u00e4tt\u00e4k\u00e4\u00e4 liike\/myym\u00e4l\u00e4, jolle ikkunan rakennatte ja valitkaa sen perusteella ikkunaan tulevat tuotteet. Tehk\u00e4\u00e4 paperille alustava sommitelma ikkunasta. Tyhjent\u00e4k\u00e4\u00e4 ikkuna ja viek\u00e4\u00e4 ikkunassa olevat tuotteet, tapetit ym. paikoilleen Valitkaa tausta ja leikatkaa se mittaansa. Sijoittakaa tausta- ja lattiamateriaalit paikoilleen &hellip; <a href=\"https:\/\/blogit.gradia.fi\/topmerkonomi\/2014\/05\/15\/nayteikkunan-rakentaminen-15-5-2014\/\" class=\"more-link\">Jatka lukemista <span class=\"screen-reader-text\">N\u00e4yteikkunan rakentaminen 15.5.2014<\/span> <span class=\"meta-nav\">&rarr;<\/span><\/a><\/p>\n","protected":false},"author":165,"featured_media":0,"comment_status":"open","ping_status":"open","sticky":false,"template":"","format":"standard","meta":{"_uag_custom_page_level_css":"","footnotes":""},"categories":[3],"tags":[],"class_list":["post-95","post","type-post","status-publish","format-standard","hentry","category-visu"],"yoast_head":"<!-- This site is optimized with the Yoast SEO plugin v27.5 - https:\/\/yoast.com\/product\/yoast-seo-wordpress\/ -->\n<title>N\u00e4yteikkunan rakentaminen 15.5.2014 - Topmerkonomi<\/title>\n<meta name=\"robots\" content=\"index, follow, max-snippet:-1, max-image-preview:large, max-video-preview:-1\" \/>\n<link rel=\"canonical\" href=\"https:\/\/blogit.gradia.fi\/topmerkonomi\/2014\/05\/15\/nayteikkunan-rakentaminen-15-5-2014\/\" \/>\n<meta property=\"og:locale\" content=\"fi_FI\" \/>\n<meta property=\"og:type\" content=\"article\" \/>\n<meta property=\"og:title\" content=\"N\u00e4yteikkunan rakentaminen 15.5.2014 - Topmerkonomi\" \/>\n<meta property=\"og:description\" content=\"Teht\u00e4v\u00e4n\u00e4nne on rakentaa n\u00e4yteikkuna annettuun teemaan. TEEMA : kev\u00e4\u00e4n juhla, Kohderyhm\u00e4: ammattiin valmistuva nuori tai uusi ylioppilas. P\u00e4\u00e4tt\u00e4k\u00e4\u00e4 liike\/myym\u00e4l\u00e4, jolle ikkunan rakennatte ja valitkaa sen perusteella ikkunaan tulevat tuotteet. Tehk\u00e4\u00e4 paperille alustava sommitelma ikkunasta. Tyhjent\u00e4k\u00e4\u00e4 ikkuna ja viek\u00e4\u00e4 ikkunassa olevat tuotteet, tapetit ym. paikoilleen Valitkaa tausta ja leikatkaa se mittaansa. Sijoittakaa tausta- ja lattiamateriaalit paikoilleen &hellip; Jatka lukemista N\u00e4yteikkunan rakentaminen 15.5.2014 &rarr;\" \/>\n<meta property=\"og:url\" content=\"https:\/\/blogit.gradia.fi\/topmerkonomi\/2014\/05\/15\/nayteikkunan-rakentaminen-15-5-2014\/\" \/>\n<meta property=\"og:site_name\" content=\"Topmerkonomi\" \/>\n<meta property=\"article:published_time\" content=\"2014-05-15T07:11:29+00:00\" \/>\n<meta name=\"author\" content=\"Heini Pennanen\" \/>\n<meta name=\"twitter:card\" content=\"summary_large_image\" \/>\n<meta name=\"twitter:label1\" content=\"Kirjoittanut\" \/>\n\t<meta name=\"twitter:data1\" content=\"Heini Pennanen\" \/>\n<script type=\"application\/ld+json\" class=\"yoast-schema-graph\">{\"@context\":\"https:\\\/\\\/schema.org\",\"@graph\":[{\"@type\":\"Article\",\"@id\":\"https:\\\/\\\/blogit.gradia.fi\\\/topmerkonomi\\\/2014\\\/05\\\/15\\\/nayteikkunan-rakentaminen-15-5-2014\\\/#article\",\"isPartOf\":{\"@id\":\"https:\\\/\\\/blogit.gradia.fi\\\/topmerkonomi\\\/2014\\\/05\\\/15\\\/nayteikkunan-rakentaminen-15-5-2014\\\/\"},\"author\":{\"name\":\"Heini Pennanen\",\"@id\":\"https:\\\/\\\/blogit.gradia.fi\\\/topmerkonomi\\\/#\\\/schema\\\/person\\\/d0b1cfd74c104683772b3edeac4e49ee\"},\"headline\":\"N\u00e4yteikkunan rakentaminen 15.5.2014\",\"datePublished\":\"2014-05-15T07:11:29+00:00\",\"mainEntityOfPage\":{\"@id\":\"https:\\\/\\\/blogit.gradia.fi\\\/topmerkonomi\\\/2014\\\/05\\\/15\\\/nayteikkunan-rakentaminen-15-5-2014\\\/\"},\"wordCount\":92,\"commentCount\":0,\"articleSection\":[\"Visuaalinen myyntity\u00f6\"],\"inLanguage\":\"fi\",\"potentialAction\":[{\"@type\":\"CommentAction\",\"name\":\"Comment\",\"target\":[\"https:\\\/\\\/blogit.gradia.fi\\\/topmerkonomi\\\/2014\\\/05\\\/15\\\/nayteikkunan-rakentaminen-15-5-2014\\\/#respond\"]}]},{\"@type\":\"WebPage\",\"@id\":\"https:\\\/\\\/blogit.gradia.fi\\\/topmerkonomi\\\/2014\\\/05\\\/15\\\/nayteikkunan-rakentaminen-15-5-2014\\\/\",\"url\":\"https:\\\/\\\/blogit.gradia.fi\\\/topmerkonomi\\\/2014\\\/05\\\/15\\\/nayteikkunan-rakentaminen-15-5-2014\\\/\",\"name\":\"N\u00e4yteikkunan rakentaminen 15.5.2014 - Topmerkonomi\",\"isPartOf\":{\"@id\":\"https:\\\/\\\/blogit.gradia.fi\\\/topmerkonomi\\\/#website\"},\"datePublished\":\"2014-05-15T07:11:29+00:00\",\"author\":{\"@id\":\"https:\\\/\\\/blogit.gradia.fi\\\/topmerkonomi\\\/#\\\/schema\\\/person\\\/d0b1cfd74c104683772b3edeac4e49ee\"},\"inLanguage\":\"fi\",\"potentialAction\":[{\"@type\":\"ReadAction\",\"target\":[\"https:\\\/\\\/blogit.gradia.fi\\\/topmerkonomi\\\/2014\\\/05\\\/15\\\/nayteikkunan-rakentaminen-15-5-2014\\\/\"]}]},{\"@type\":\"WebSite\",\"@id\":\"https:\\\/\\\/blogit.gradia.fi\\\/topmerkonomi\\\/#website\",\"url\":\"https:\\\/\\\/blogit.gradia.fi\\\/topmerkonomi\\\/\",\"name\":\"Topmerkonomi\",\"description\":\"Tarinaa ty\u00f6ss\u00e4oppimispainotteisen luokan opintojen etenemisest\u00e4\",\"potentialAction\":[{\"@type\":\"SearchAction\",\"target\":{\"@type\":\"EntryPoint\",\"urlTemplate\":\"https:\\\/\\\/blogit.gradia.fi\\\/topmerkonomi\\\/?s={search_term_string}\"},\"query-input\":{\"@type\":\"PropertyValueSpecification\",\"valueRequired\":true,\"valueName\":\"search_term_string\"}}],\"inLanguage\":\"fi\"},{\"@type\":\"Person\",\"@id\":\"https:\\\/\\\/blogit.gradia.fi\\\/topmerkonomi\\\/#\\\/schema\\\/person\\\/d0b1cfd74c104683772b3edeac4e49ee\",\"name\":\"Heini Pennanen\",\"image\":{\"@type\":\"ImageObject\",\"inLanguage\":\"fi\",\"@id\":\"https:\\\/\\\/secure.gravatar.com\\\/avatar\\\/3df99d3b29e3db1417790cce1fb1d33fa9a76bb7f8318326848fa7c14b5a086a?s=96&d=mm&r=g\",\"url\":\"https:\\\/\\\/secure.gravatar.com\\\/avatar\\\/3df99d3b29e3db1417790cce1fb1d33fa9a76bb7f8318326848fa7c14b5a086a?s=96&d=mm&r=g\",\"contentUrl\":\"https:\\\/\\\/secure.gravatar.com\\\/avatar\\\/3df99d3b29e3db1417790cce1fb1d33fa9a76bb7f8318326848fa7c14b5a086a?s=96&d=mm&r=g\",\"caption\":\"Heini Pennanen\"},\"url\":\"https:\\\/\\\/blogit.gradia.fi\\\/topmerkonomi\\\/author\\\/pennahei\\\/\"}]}<\/script>\n<!-- \/ Yoast SEO plugin. -->","yoast_head_json":{"title":"N\u00e4yteikkunan rakentaminen 15.5.2014 - Topmerkonomi","robots":{"index":"index","follow":"follow","max-snippet":"max-snippet:-1","max-image-preview":"max-image-preview:large","max-video-preview":"max-video-preview:-1"},"canonical":"https:\/\/blogit.gradia.fi\/topmerkonomi\/2014\/05\/15\/nayteikkunan-rakentaminen-15-5-2014\/","og_locale":"fi_FI","og_type":"article","og_title":"N\u00e4yteikkunan rakentaminen 15.5.2014 - Topmerkonomi","og_description":"Teht\u00e4v\u00e4n\u00e4nne on rakentaa n\u00e4yteikkuna annettuun teemaan. TEEMA : kev\u00e4\u00e4n juhla, Kohderyhm\u00e4: ammattiin valmistuva nuori tai uusi ylioppilas. P\u00e4\u00e4tt\u00e4k\u00e4\u00e4 liike\/myym\u00e4l\u00e4, jolle ikkunan rakennatte ja valitkaa sen perusteella ikkunaan tulevat tuotteet. Tehk\u00e4\u00e4 paperille alustava sommitelma ikkunasta. Tyhjent\u00e4k\u00e4\u00e4 ikkuna ja viek\u00e4\u00e4 ikkunassa olevat tuotteet, tapetit ym. paikoilleen Valitkaa tausta ja leikatkaa se mittaansa. Sijoittakaa tausta- ja lattiamateriaalit paikoilleen &hellip; Jatka lukemista N\u00e4yteikkunan rakentaminen 15.5.2014 &rarr;","og_url":"https:\/\/blogit.gradia.fi\/topmerkonomi\/2014\/05\/15\/nayteikkunan-rakentaminen-15-5-2014\/","og_site_name":"Topmerkonomi","article_published_time":"2014-05-15T07:11:29+00:00","author":"Heini Pennanen","twitter_card":"summary_large_image","twitter_misc":{"Kirjoittanut":"Heini Pennanen"},"schema":{"@context":"https:\/\/schema.org","@graph":[{"@type":"Article","@id":"https:\/\/blogit.gradia.fi\/topmerkonomi\/2014\/05\/15\/nayteikkunan-rakentaminen-15-5-2014\/#article","isPartOf":{"@id":"https:\/\/blogit.gradia.fi\/topmerkonomi\/2014\/05\/15\/nayteikkunan-rakentaminen-15-5-2014\/"},"author":{"name":"Heini Pennanen","@id":"https:\/\/blogit.gradia.fi\/topmerkonomi\/#\/schema\/person\/d0b1cfd74c104683772b3edeac4e49ee"},"headline":"N\u00e4yteikkunan rakentaminen 15.5.2014","datePublished":"2014-05-15T07:11:29+00:00","mainEntityOfPage":{"@id":"https:\/\/blogit.gradia.fi\/topmerkonomi\/2014\/05\/15\/nayteikkunan-rakentaminen-15-5-2014\/"},"wordCount":92,"commentCount":0,"articleSection":["Visuaalinen myyntity\u00f6"],"inLanguage":"fi","potentialAction":[{"@type":"CommentAction","name":"Comment","target":["https:\/\/blogit.gradia.fi\/topmerkonomi\/2014\/05\/15\/nayteikkunan-rakentaminen-15-5-2014\/#respond"]}]},{"@type":"WebPage","@id":"https:\/\/blogit.gradia.fi\/topmerkonomi\/2014\/05\/15\/nayteikkunan-rakentaminen-15-5-2014\/","url":"https:\/\/blogit.gradia.fi\/topmerkonomi\/2014\/05\/15\/nayteikkunan-rakentaminen-15-5-2014\/","name":"N\u00e4yteikkunan rakentaminen 15.5.2014 - Topmerkonomi","isPartOf":{"@id":"https:\/\/blogit.gradia.fi\/topmerkonomi\/#website"},"datePublished":"2014-05-15T07:11:29+00:00","author":{"@id":"https:\/\/blogit.gradia.fi\/topmerkonomi\/#\/schema\/person\/d0b1cfd74c104683772b3edeac4e49ee"},"inLanguage":"fi","potentialAction":[{"@type":"ReadAction","target":["https:\/\/blogit.gradia.fi\/topmerkonomi\/2014\/05\/15\/nayteikkunan-rakentaminen-15-5-2014\/"]}]},{"@type":"WebSite","@id":"https:\/\/blogit.gradia.fi\/topmerkonomi\/#website","url":"https:\/\/blogit.gradia.fi\/topmerkonomi\/","name":"Topmerkonomi","description":"Tarinaa ty\u00f6ss\u00e4oppimispainotteisen luokan opintojen etenemisest\u00e4","potentialAction":[{"@type":"SearchAction","target":{"@type":"EntryPoint","urlTemplate":"https:\/\/blogit.gradia.fi\/topmerkonomi\/?s={search_term_string}"},"query-input":{"@type":"PropertyValueSpecification","valueRequired":true,"valueName":"search_term_string"}}],"inLanguage":"fi"},{"@type":"Person","@id":"https:\/\/blogit.gradia.fi\/topmerkonomi\/#\/schema\/person\/d0b1cfd74c104683772b3edeac4e49ee","name":"Heini Pennanen","image":{"@type":"ImageObject","inLanguage":"fi","@id":"https:\/\/secure.gravatar.com\/avatar\/3df99d3b29e3db1417790cce1fb1d33fa9a76bb7f8318326848fa7c14b5a086a?s=96&d=mm&r=g","url":"https:\/\/secure.gravatar.com\/avatar\/3df99d3b29e3db1417790cce1fb1d33fa9a76bb7f8318326848fa7c14b5a086a?s=96&d=mm&r=g","contentUrl":"https:\/\/secure.gravatar.com\/avatar\/3df99d3b29e3db1417790cce1fb1d33fa9a76bb7f8318326848fa7c14b5a086a?s=96&d=mm&r=g","caption":"Heini Pennanen"},"url":"https:\/\/blogit.gradia.fi\/topmerkonomi\/author\/pennahei\/"}]}},"uagb_featured_image_src":{"full":false,"thumbnail":false,"medium":false,"medium_large":false,"large":false,"1536x1536":false,"2048x2048":false,"post-thumbnail":false},"uagb_author_info":{"display_name":"Heini Pennanen","author_link":"https:\/\/blogit.gradia.fi\/topmerkonomi\/author\/pennahei\/"},"uagb_comment_info":13,"uagb_excerpt":"Teht\u00e4v\u00e4n\u00e4nne on rakentaa n\u00e4yteikkuna annettuun teemaan. TEEMA : kev\u00e4\u00e4n juhla, Kohderyhm\u00e4: ammattiin valmistuva nuori tai uusi ylioppilas. P\u00e4\u00e4tt\u00e4k\u00e4\u00e4 liike\/myym\u00e4l\u00e4, jolle ikkunan rakennatte ja valitkaa sen perusteella ikkunaan tulevat tuotteet. Tehk\u00e4\u00e4 paperille alustava sommitelma ikkunasta. Tyhjent\u00e4k\u00e4\u00e4 ikkuna ja viek\u00e4\u00e4 ikkunassa olevat tuotteet, tapetit ym. paikoilleen Valitkaa tausta ja leikatkaa se mittaansa. Sijoittakaa tausta- ja lattiamateriaalit paikoilleen&hellip;","_links":{"self":[{"href":"https:\/\/blogit.gradia.fi\/topmerkonomi\/wp-json\/wp\/v2\/posts\/95","targetHints":{"allow":["GET"]}}],"collection":[{"href":"https:\/\/blogit.gradia.fi\/topmerkonomi\/wp-json\/wp\/v2\/posts"}],"about":[{"href":"https:\/\/blogit.gradia.fi\/topmerkonomi\/wp-json\/wp\/v2\/types\/post"}],"author":[{"embeddable":true,"href":"https:\/\/blogit.gradia.fi\/topmerkonomi\/wp-json\/wp\/v2\/users\/165"}],"replies":[{"embeddable":true,"href":"https:\/\/blogit.gradia.fi\/topmerkonomi\/wp-json\/wp\/v2\/comments?post=95"}],"version-history":[{"count":0,"href":"https:\/\/blogit.gradia.fi\/topmerkonomi\/wp-json\/wp\/v2\/posts\/95\/revisions"}],"wp:attachment":[{"href":"https:\/\/blogit.gradia.fi\/topmerkonomi\/wp-json\/wp\/v2\/media?parent=95"}],"wp:term":[{"taxonomy":"category","embeddable":true,"href":"https:\/\/blogit.gradia.fi\/topmerkonomi\/wp-json\/wp\/v2\/categories?post=95"},{"taxonomy":"post_tag","embeddable":true,"href":"https:\/\/blogit.gradia.fi\/topmerkonomi\/wp-json\/wp\/v2\/tags?post=95"}],"curies":[{"name":"wp","href":"https:\/\/api.w.org\/{rel}","templated":true}]}}