{"id":85,"date":"2014-04-25T11:19:50","date_gmt":"2014-04-25T08:19:50","guid":{"rendered":"https:\/\/blogit.gradia.fi\/topmerkonomi\/?p=85"},"modified":"2014-04-25T11:22:14","modified_gmt":"2014-04-25T08:22:14","slug":"nuorissa-on-voimaa","status":"publish","type":"post","link":"https:\/\/blogit.gradia.fi\/topmerkonomi\/2014\/04\/25\/nuorissa-on-voimaa\/","title":{"rendered":"Nuorissa on voimaa!"},"content":{"rendered":"<p>Kurssimme sai vastuullisen teht\u00e4v\u00e4n suunnitella Jyv\u00e4skyl\u00e4n Synergia -areenalla 20.5.2014 j\u00e4rjestett\u00e4v\u00e4n &#8221;nuorissa on voimaa&#8221; tapahtuman visuaalista ilmett\u00e4 sek\u00e4 messup\u00f6ytien ym. Tilaan tulevien elementtien sijoittelua.<\/p>\n<p>Alustavia pohjapiirustuksia on nyt alustavasti ty\u00f6stetty ja laitettu organisaatiossa eteen p\u00e4in hyv\u00e4ksytt\u00e4v\u00e4ksi.<\/p>\n<p>Mainosmateriaalin ja roll-up:ien visuaalisen ulkoasun suunnittelivat painoviestinn\u00e4n opiskelijat ja kaupan puolen t\u00e4ll\u00e4 hetkell\u00e4 myyntity\u00f6t\u00e4 opiskelevat oppilaat markkinoivat kyseist\u00e4 tapahtumaa eri kampuksilla. <\/p>\n<p>Teht\u00e4v\u00e4 jatkuu ja innolla odotamme, miten suunnitelmamme otetaan vastaan toimeksiantajan taholla. <\/p>\n<p>T\u00e4\u00e4lt\u00e4 linkist\u00e4 l\u00f6yd\u00e4t yhden alustavan materiaalin, jonka painonpuoli on suunnitellut <a href=\"http:\/\/materiaali\">https:\/\/docs.google.com\/file\/d\/0BxNPyd72m6z4MEh0ZFJmenl1T3M\/edit?usp=docslist_api<\/a><\/p>\n<p><a href=\"https:\/\/blogit.gradia.fi\/topmerkonomi\/wp-content\/uploads\/sites\/130\/2014\/04\/20140425-112109.jpg\"><img decoding=\"async\" src=\"https:\/\/blogit.gradia.fi\/topmerkonomi\/wp-content\/uploads\/sites\/130\/2014\/04\/20140425-112109.jpg\" alt=\"20140425-112109.jpg\" class=\"alignnone size-full\" \/><\/a><\/p>\n","protected":false},"excerpt":{"rendered":"<p>Kurssimme sai vastuullisen teht\u00e4v\u00e4n suunnitella Jyv\u00e4skyl\u00e4n Synergia -areenalla 20.5.2014 j\u00e4rjestett\u00e4v\u00e4n &#8221;nuorissa on voimaa&#8221; tapahtuman visuaalista ilmett\u00e4 sek\u00e4 messup\u00f6ytien ym. Tilaan tulevien elementtien sijoittelua. Alustavia pohjapiirustuksia on nyt alustavasti ty\u00f6stetty ja laitettu organisaatiossa eteen p\u00e4in hyv\u00e4ksytt\u00e4v\u00e4ksi. Mainosmateriaalin ja roll-up:ien visuaalisen ulkoasun suunnittelivat painoviestinn\u00e4n opiskelijat ja kaupan puolen t\u00e4ll\u00e4 hetkell\u00e4 myyntity\u00f6t\u00e4 opiskelevat oppilaat markkinoivat kyseist\u00e4 tapahtumaa eri &hellip; <a href=\"https:\/\/blogit.gradia.fi\/topmerkonomi\/2014\/04\/25\/nuorissa-on-voimaa\/\" class=\"more-link\">Jatka lukemista <span class=\"screen-reader-text\">Nuorissa on voimaa!<\/span> <span class=\"meta-nav\">&rarr;<\/span><\/a><\/p>\n","protected":false},"author":165,"featured_media":0,"comment_status":"open","ping_status":"open","sticky":false,"template":"","format":"standard","meta":{"_uag_custom_page_level_css":"","footnotes":""},"categories":[1],"tags":[],"class_list":["post-85","post","type-post","status-publish","format-standard","hentry","category-yleinen"],"yoast_head":"<!-- This site is optimized with the Yoast SEO plugin v27.5 - https:\/\/yoast.com\/product\/yoast-seo-wordpress\/ -->\n<title>Nuorissa on voimaa! - Topmerkonomi<\/title>\n<meta name=\"robots\" content=\"index, follow, max-snippet:-1, max-image-preview:large, max-video-preview:-1\" \/>\n<link rel=\"canonical\" href=\"https:\/\/blogit.gradia.fi\/topmerkonomi\/2014\/04\/25\/nuorissa-on-voimaa\/\" \/>\n<meta property=\"og:locale\" content=\"fi_FI\" \/>\n<meta property=\"og:type\" content=\"article\" \/>\n<meta property=\"og:title\" content=\"Nuorissa on voimaa! - Topmerkonomi\" \/>\n<meta property=\"og:description\" content=\"Kurssimme sai vastuullisen teht\u00e4v\u00e4n suunnitella Jyv\u00e4skyl\u00e4n Synergia -areenalla 20.5.2014 j\u00e4rjestett\u00e4v\u00e4n &#8221;nuorissa on voimaa&#8221; tapahtuman visuaalista ilmett\u00e4 sek\u00e4 messup\u00f6ytien ym. Tilaan tulevien elementtien sijoittelua. Alustavia pohjapiirustuksia on nyt alustavasti ty\u00f6stetty ja laitettu organisaatiossa eteen p\u00e4in hyv\u00e4ksytt\u00e4v\u00e4ksi. Mainosmateriaalin ja roll-up:ien visuaalisen ulkoasun suunnittelivat painoviestinn\u00e4n opiskelijat ja kaupan puolen t\u00e4ll\u00e4 hetkell\u00e4 myyntity\u00f6t\u00e4 opiskelevat oppilaat markkinoivat kyseist\u00e4 tapahtumaa eri &hellip; Jatka lukemista Nuorissa on voimaa! &rarr;\" \/>\n<meta property=\"og:url\" content=\"https:\/\/blogit.gradia.fi\/topmerkonomi\/2014\/04\/25\/nuorissa-on-voimaa\/\" \/>\n<meta property=\"og:site_name\" content=\"Topmerkonomi\" \/>\n<meta property=\"article:published_time\" content=\"2014-04-25T08:19:50+00:00\" \/>\n<meta property=\"article:modified_time\" content=\"2014-04-25T08:22:14+00:00\" \/>\n<meta property=\"og:image\" content=\"https:\/\/blogit.gradia.fi\/topmerkonomi\/wp-content\/uploads\/sites\/130\/2014\/04\/20140425-112109.jpg\" \/>\n<meta name=\"author\" content=\"Heini Pennanen\" \/>\n<meta name=\"twitter:card\" content=\"summary_large_image\" \/>\n<meta name=\"twitter:label1\" content=\"Kirjoittanut\" \/>\n\t<meta name=\"twitter:data1\" content=\"Heini Pennanen\" \/>\n\t<meta name=\"twitter:label2\" content=\"Arvioitu lukuaika\" \/>\n\t<meta name=\"twitter:data2\" content=\"1 minuutti\" \/>\n<script type=\"application\/ld+json\" class=\"yoast-schema-graph\">{\"@context\":\"https:\\\/\\\/schema.org\",\"@graph\":[{\"@type\":\"Article\",\"@id\":\"https:\\\/\\\/blogit.gradia.fi\\\/topmerkonomi\\\/2014\\\/04\\\/25\\\/nuorissa-on-voimaa\\\/#article\",\"isPartOf\":{\"@id\":\"https:\\\/\\\/blogit.gradia.fi\\\/topmerkonomi\\\/2014\\\/04\\\/25\\\/nuorissa-on-voimaa\\\/\"},\"author\":{\"name\":\"Heini Pennanen\",\"@id\":\"https:\\\/\\\/blogit.gradia.fi\\\/topmerkonomi\\\/#\\\/schema\\\/person\\\/d0b1cfd74c104683772b3edeac4e49ee\"},\"headline\":\"Nuorissa on voimaa!\",\"datePublished\":\"2014-04-25T08:19:50+00:00\",\"dateModified\":\"2014-04-25T08:22:14+00:00\",\"mainEntityOfPage\":{\"@id\":\"https:\\\/\\\/blogit.gradia.fi\\\/topmerkonomi\\\/2014\\\/04\\\/25\\\/nuorissa-on-voimaa\\\/\"},\"wordCount\":117,\"commentCount\":0,\"image\":{\"@id\":\"https:\\\/\\\/blogit.gradia.fi\\\/topmerkonomi\\\/2014\\\/04\\\/25\\\/nuorissa-on-voimaa\\\/#primaryimage\"},\"thumbnailUrl\":\"https:\\\/\\\/blogit.gradia.fi\\\/topmerkonomi\\\/wp-content\\\/uploads\\\/sites\\\/130\\\/2014\\\/04\\\/20140425-112109.jpg\",\"inLanguage\":\"fi\",\"potentialAction\":[{\"@type\":\"CommentAction\",\"name\":\"Comment\",\"target\":[\"https:\\\/\\\/blogit.gradia.fi\\\/topmerkonomi\\\/2014\\\/04\\\/25\\\/nuorissa-on-voimaa\\\/#respond\"]}]},{\"@type\":\"WebPage\",\"@id\":\"https:\\\/\\\/blogit.gradia.fi\\\/topmerkonomi\\\/2014\\\/04\\\/25\\\/nuorissa-on-voimaa\\\/\",\"url\":\"https:\\\/\\\/blogit.gradia.fi\\\/topmerkonomi\\\/2014\\\/04\\\/25\\\/nuorissa-on-voimaa\\\/\",\"name\":\"Nuorissa on voimaa! - Topmerkonomi\",\"isPartOf\":{\"@id\":\"https:\\\/\\\/blogit.gradia.fi\\\/topmerkonomi\\\/#website\"},\"primaryImageOfPage\":{\"@id\":\"https:\\\/\\\/blogit.gradia.fi\\\/topmerkonomi\\\/2014\\\/04\\\/25\\\/nuorissa-on-voimaa\\\/#primaryimage\"},\"image\":{\"@id\":\"https:\\\/\\\/blogit.gradia.fi\\\/topmerkonomi\\\/2014\\\/04\\\/25\\\/nuorissa-on-voimaa\\\/#primaryimage\"},\"thumbnailUrl\":\"https:\\\/\\\/blogit.gradia.fi\\\/topmerkonomi\\\/wp-content\\\/uploads\\\/sites\\\/130\\\/2014\\\/04\\\/20140425-112109.jpg\",\"datePublished\":\"2014-04-25T08:19:50+00:00\",\"dateModified\":\"2014-04-25T08:22:14+00:00\",\"author\":{\"@id\":\"https:\\\/\\\/blogit.gradia.fi\\\/topmerkonomi\\\/#\\\/schema\\\/person\\\/d0b1cfd74c104683772b3edeac4e49ee\"},\"inLanguage\":\"fi\",\"potentialAction\":[{\"@type\":\"ReadAction\",\"target\":[\"https:\\\/\\\/blogit.gradia.fi\\\/topmerkonomi\\\/2014\\\/04\\\/25\\\/nuorissa-on-voimaa\\\/\"]}]},{\"@type\":\"ImageObject\",\"inLanguage\":\"fi\",\"@id\":\"https:\\\/\\\/blogit.gradia.fi\\\/topmerkonomi\\\/2014\\\/04\\\/25\\\/nuorissa-on-voimaa\\\/#primaryimage\",\"url\":\"https:\\\/\\\/blogit.gradia.fi\\\/topmerkonomi\\\/wp-content\\\/uploads\\\/sites\\\/130\\\/2014\\\/04\\\/20140425-112109.jpg\",\"contentUrl\":\"https:\\\/\\\/blogit.gradia.fi\\\/topmerkonomi\\\/wp-content\\\/uploads\\\/sites\\\/130\\\/2014\\\/04\\\/20140425-112109.jpg\",\"width\":113,\"height\":150},{\"@type\":\"WebSite\",\"@id\":\"https:\\\/\\\/blogit.gradia.fi\\\/topmerkonomi\\\/#website\",\"url\":\"https:\\\/\\\/blogit.gradia.fi\\\/topmerkonomi\\\/\",\"name\":\"Topmerkonomi\",\"description\":\"Tarinaa ty\u00f6ss\u00e4oppimispainotteisen luokan opintojen etenemisest\u00e4\",\"potentialAction\":[{\"@type\":\"SearchAction\",\"target\":{\"@type\":\"EntryPoint\",\"urlTemplate\":\"https:\\\/\\\/blogit.gradia.fi\\\/topmerkonomi\\\/?s={search_term_string}\"},\"query-input\":{\"@type\":\"PropertyValueSpecification\",\"valueRequired\":true,\"valueName\":\"search_term_string\"}}],\"inLanguage\":\"fi\"},{\"@type\":\"Person\",\"@id\":\"https:\\\/\\\/blogit.gradia.fi\\\/topmerkonomi\\\/#\\\/schema\\\/person\\\/d0b1cfd74c104683772b3edeac4e49ee\",\"name\":\"Heini Pennanen\",\"image\":{\"@type\":\"ImageObject\",\"inLanguage\":\"fi\",\"@id\":\"https:\\\/\\\/secure.gravatar.com\\\/avatar\\\/3df99d3b29e3db1417790cce1fb1d33fa9a76bb7f8318326848fa7c14b5a086a?s=96&d=mm&r=g\",\"url\":\"https:\\\/\\\/secure.gravatar.com\\\/avatar\\\/3df99d3b29e3db1417790cce1fb1d33fa9a76bb7f8318326848fa7c14b5a086a?s=96&d=mm&r=g\",\"contentUrl\":\"https:\\\/\\\/secure.gravatar.com\\\/avatar\\\/3df99d3b29e3db1417790cce1fb1d33fa9a76bb7f8318326848fa7c14b5a086a?s=96&d=mm&r=g\",\"caption\":\"Heini Pennanen\"},\"url\":\"https:\\\/\\\/blogit.gradia.fi\\\/topmerkonomi\\\/author\\\/pennahei\\\/\"}]}<\/script>\n<!-- \/ Yoast SEO plugin. -->","yoast_head_json":{"title":"Nuorissa on voimaa! - Topmerkonomi","robots":{"index":"index","follow":"follow","max-snippet":"max-snippet:-1","max-image-preview":"max-image-preview:large","max-video-preview":"max-video-preview:-1"},"canonical":"https:\/\/blogit.gradia.fi\/topmerkonomi\/2014\/04\/25\/nuorissa-on-voimaa\/","og_locale":"fi_FI","og_type":"article","og_title":"Nuorissa on voimaa! - Topmerkonomi","og_description":"Kurssimme sai vastuullisen teht\u00e4v\u00e4n suunnitella Jyv\u00e4skyl\u00e4n Synergia -areenalla 20.5.2014 j\u00e4rjestett\u00e4v\u00e4n &#8221;nuorissa on voimaa&#8221; tapahtuman visuaalista ilmett\u00e4 sek\u00e4 messup\u00f6ytien ym. Tilaan tulevien elementtien sijoittelua. Alustavia pohjapiirustuksia on nyt alustavasti ty\u00f6stetty ja laitettu organisaatiossa eteen p\u00e4in hyv\u00e4ksytt\u00e4v\u00e4ksi. Mainosmateriaalin ja roll-up:ien visuaalisen ulkoasun suunnittelivat painoviestinn\u00e4n opiskelijat ja kaupan puolen t\u00e4ll\u00e4 hetkell\u00e4 myyntity\u00f6t\u00e4 opiskelevat oppilaat markkinoivat kyseist\u00e4 tapahtumaa eri &hellip; Jatka lukemista Nuorissa on voimaa! &rarr;","og_url":"https:\/\/blogit.gradia.fi\/topmerkonomi\/2014\/04\/25\/nuorissa-on-voimaa\/","og_site_name":"Topmerkonomi","article_published_time":"2014-04-25T08:19:50+00:00","article_modified_time":"2014-04-25T08:22:14+00:00","og_image":[{"url":"https:\/\/blogit.gradia.fi\/topmerkonomi\/wp-content\/uploads\/sites\/130\/2014\/04\/20140425-112109.jpg","type":"","width":"","height":""}],"author":"Heini Pennanen","twitter_card":"summary_large_image","twitter_misc":{"Kirjoittanut":"Heini Pennanen","Arvioitu lukuaika":"1 minuutti"},"schema":{"@context":"https:\/\/schema.org","@graph":[{"@type":"Article","@id":"https:\/\/blogit.gradia.fi\/topmerkonomi\/2014\/04\/25\/nuorissa-on-voimaa\/#article","isPartOf":{"@id":"https:\/\/blogit.gradia.fi\/topmerkonomi\/2014\/04\/25\/nuorissa-on-voimaa\/"},"author":{"name":"Heini Pennanen","@id":"https:\/\/blogit.gradia.fi\/topmerkonomi\/#\/schema\/person\/d0b1cfd74c104683772b3edeac4e49ee"},"headline":"Nuorissa on voimaa!","datePublished":"2014-04-25T08:19:50+00:00","dateModified":"2014-04-25T08:22:14+00:00","mainEntityOfPage":{"@id":"https:\/\/blogit.gradia.fi\/topmerkonomi\/2014\/04\/25\/nuorissa-on-voimaa\/"},"wordCount":117,"commentCount":0,"image":{"@id":"https:\/\/blogit.gradia.fi\/topmerkonomi\/2014\/04\/25\/nuorissa-on-voimaa\/#primaryimage"},"thumbnailUrl":"https:\/\/blogit.gradia.fi\/topmerkonomi\/wp-content\/uploads\/sites\/130\/2014\/04\/20140425-112109.jpg","inLanguage":"fi","potentialAction":[{"@type":"CommentAction","name":"Comment","target":["https:\/\/blogit.gradia.fi\/topmerkonomi\/2014\/04\/25\/nuorissa-on-voimaa\/#respond"]}]},{"@type":"WebPage","@id":"https:\/\/blogit.gradia.fi\/topmerkonomi\/2014\/04\/25\/nuorissa-on-voimaa\/","url":"https:\/\/blogit.gradia.fi\/topmerkonomi\/2014\/04\/25\/nuorissa-on-voimaa\/","name":"Nuorissa on voimaa! - Topmerkonomi","isPartOf":{"@id":"https:\/\/blogit.gradia.fi\/topmerkonomi\/#website"},"primaryImageOfPage":{"@id":"https:\/\/blogit.gradia.fi\/topmerkonomi\/2014\/04\/25\/nuorissa-on-voimaa\/#primaryimage"},"image":{"@id":"https:\/\/blogit.gradia.fi\/topmerkonomi\/2014\/04\/25\/nuorissa-on-voimaa\/#primaryimage"},"thumbnailUrl":"https:\/\/blogit.gradia.fi\/topmerkonomi\/wp-content\/uploads\/sites\/130\/2014\/04\/20140425-112109.jpg","datePublished":"2014-04-25T08:19:50+00:00","dateModified":"2014-04-25T08:22:14+00:00","author":{"@id":"https:\/\/blogit.gradia.fi\/topmerkonomi\/#\/schema\/person\/d0b1cfd74c104683772b3edeac4e49ee"},"inLanguage":"fi","potentialAction":[{"@type":"ReadAction","target":["https:\/\/blogit.gradia.fi\/topmerkonomi\/2014\/04\/25\/nuorissa-on-voimaa\/"]}]},{"@type":"ImageObject","inLanguage":"fi","@id":"https:\/\/blogit.gradia.fi\/topmerkonomi\/2014\/04\/25\/nuorissa-on-voimaa\/#primaryimage","url":"https:\/\/blogit.gradia.fi\/topmerkonomi\/wp-content\/uploads\/sites\/130\/2014\/04\/20140425-112109.jpg","contentUrl":"https:\/\/blogit.gradia.fi\/topmerkonomi\/wp-content\/uploads\/sites\/130\/2014\/04\/20140425-112109.jpg","width":113,"height":150},{"@type":"WebSite","@id":"https:\/\/blogit.gradia.fi\/topmerkonomi\/#website","url":"https:\/\/blogit.gradia.fi\/topmerkonomi\/","name":"Topmerkonomi","description":"Tarinaa ty\u00f6ss\u00e4oppimispainotteisen luokan opintojen etenemisest\u00e4","potentialAction":[{"@type":"SearchAction","target":{"@type":"EntryPoint","urlTemplate":"https:\/\/blogit.gradia.fi\/topmerkonomi\/?s={search_term_string}"},"query-input":{"@type":"PropertyValueSpecification","valueRequired":true,"valueName":"search_term_string"}}],"inLanguage":"fi"},{"@type":"Person","@id":"https:\/\/blogit.gradia.fi\/topmerkonomi\/#\/schema\/person\/d0b1cfd74c104683772b3edeac4e49ee","name":"Heini Pennanen","image":{"@type":"ImageObject","inLanguage":"fi","@id":"https:\/\/secure.gravatar.com\/avatar\/3df99d3b29e3db1417790cce1fb1d33fa9a76bb7f8318326848fa7c14b5a086a?s=96&d=mm&r=g","url":"https:\/\/secure.gravatar.com\/avatar\/3df99d3b29e3db1417790cce1fb1d33fa9a76bb7f8318326848fa7c14b5a086a?s=96&d=mm&r=g","contentUrl":"https:\/\/secure.gravatar.com\/avatar\/3df99d3b29e3db1417790cce1fb1d33fa9a76bb7f8318326848fa7c14b5a086a?s=96&d=mm&r=g","caption":"Heini Pennanen"},"url":"https:\/\/blogit.gradia.fi\/topmerkonomi\/author\/pennahei\/"}]}},"uagb_featured_image_src":{"full":false,"thumbnail":false,"medium":false,"medium_large":false,"large":false,"1536x1536":false,"2048x2048":false,"post-thumbnail":false},"uagb_author_info":{"display_name":"Heini Pennanen","author_link":"https:\/\/blogit.gradia.fi\/topmerkonomi\/author\/pennahei\/"},"uagb_comment_info":6,"uagb_excerpt":"Kurssimme sai vastuullisen teht\u00e4v\u00e4n suunnitella Jyv\u00e4skyl\u00e4n Synergia -areenalla 20.5.2014 j\u00e4rjestett\u00e4v\u00e4n &#8221;nuorissa on voimaa&#8221; tapahtuman visuaalista ilmett\u00e4 sek\u00e4 messup\u00f6ytien ym. Tilaan tulevien elementtien sijoittelua. Alustavia pohjapiirustuksia on nyt alustavasti ty\u00f6stetty ja laitettu organisaatiossa eteen p\u00e4in hyv\u00e4ksytt\u00e4v\u00e4ksi. Mainosmateriaalin ja roll-up:ien visuaalisen ulkoasun suunnittelivat painoviestinn\u00e4n opiskelijat ja kaupan puolen t\u00e4ll\u00e4 hetkell\u00e4 myyntity\u00f6t\u00e4 opiskelevat oppilaat markkinoivat kyseist\u00e4 tapahtumaa eri&hellip;","_links":{"self":[{"href":"https:\/\/blogit.gradia.fi\/topmerkonomi\/wp-json\/wp\/v2\/posts\/85","targetHints":{"allow":["GET"]}}],"collection":[{"href":"https:\/\/blogit.gradia.fi\/topmerkonomi\/wp-json\/wp\/v2\/posts"}],"about":[{"href":"https:\/\/blogit.gradia.fi\/topmerkonomi\/wp-json\/wp\/v2\/types\/post"}],"author":[{"embeddable":true,"href":"https:\/\/blogit.gradia.fi\/topmerkonomi\/wp-json\/wp\/v2\/users\/165"}],"replies":[{"embeddable":true,"href":"https:\/\/blogit.gradia.fi\/topmerkonomi\/wp-json\/wp\/v2\/comments?post=85"}],"version-history":[{"count":0,"href":"https:\/\/blogit.gradia.fi\/topmerkonomi\/wp-json\/wp\/v2\/posts\/85\/revisions"}],"wp:attachment":[{"href":"https:\/\/blogit.gradia.fi\/topmerkonomi\/wp-json\/wp\/v2\/media?parent=85"}],"wp:term":[{"taxonomy":"category","embeddable":true,"href":"https:\/\/blogit.gradia.fi\/topmerkonomi\/wp-json\/wp\/v2\/categories?post=85"},{"taxonomy":"post_tag","embeddable":true,"href":"https:\/\/blogit.gradia.fi\/topmerkonomi\/wp-json\/wp\/v2\/tags?post=85"}],"curies":[{"name":"wp","href":"https:\/\/api.w.org\/{rel}","templated":true}]}}