{"id":78,"date":"2014-03-13T15:11:41","date_gmt":"2014-03-13T13:11:41","guid":{"rendered":"https:\/\/blogit.gradia.fi\/topmerkonomi\/?p=78"},"modified":"2014-03-13T15:11:41","modified_gmt":"2014-03-13T13:11:41","slug":"7-visun-top-tehtava-esillepanon-jatai-kampanjan-tekeminen","status":"publish","type":"post","link":"https:\/\/blogit.gradia.fi\/topmerkonomi\/2014\/03\/13\/7-visun-top-tehtava-esillepanon-jatai-kampanjan-tekeminen\/","title":{"rendered":"7. Visun TOP teht\u00e4v\u00e4: Esillepanon ja\/tai kampanjan tekeminen"},"content":{"rendered":"<p>Nyt olet ollut jo ty\u00f6harjoittelussa useamman viikon ja oma osaamisesi on jo kasvanut alusta. Tunnet jo ty\u00f6paikkasi tapoja ja osaat toteuttaa heid\u00e4n ohjeistuksensa mukaista visuaalista ilmett\u00e4.<\/p>\n<p>Kerro ty\u00f6paikalla tekem\u00e4si kampanjan tai esillepanon toteutus vaiheittain?<\/p>\n<p>Kerro omaan blogiisi mahdollisimman havainnollisesti, kuinka toteutit esillepanon ja mik\u00e4 oli oma panoksesi toteutuksessa. Pyri kuvaamaan mahdollisimman kattavasti omaa osaamistasi asiassa.<\/p>\n<p><i>T\u00e4h\u00e4n yhteyteen kannattaa tuoda kuvia.<\/i> T\u00e4rke\u00e4\u00e4 on, ett\u00e4 selit\u00e4t, mik\u00e4 oli l\u00e4ht\u00f6tilanne ja mitk\u00e4 kuvissa n\u00e4kyvist\u00e4 asioista ovat sinun tekemi\u00e4. Muista tuoda esille oma osaamisesi.<\/p>\n","protected":false},"excerpt":{"rendered":"<p>Nyt olet ollut jo ty\u00f6harjoittelussa useamman viikon ja oma osaamisesi on jo kasvanut alusta. Tunnet jo ty\u00f6paikkasi tapoja ja osaat toteuttaa heid\u00e4n ohjeistuksensa mukaista visuaalista ilmett\u00e4. Kerro ty\u00f6paikalla tekem\u00e4si kampanjan tai esillepanon toteutus vaiheittain? Kerro omaan blogiisi mahdollisimman havainnollisesti, kuinka toteutit esillepanon ja mik\u00e4 oli oma panoksesi toteutuksessa. Pyri kuvaamaan mahdollisimman kattavasti omaa osaamistasi asiassa. &hellip; <a href=\"https:\/\/blogit.gradia.fi\/topmerkonomi\/2014\/03\/13\/7-visun-top-tehtava-esillepanon-jatai-kampanjan-tekeminen\/\" class=\"more-link\">Jatka lukemista <span class=\"screen-reader-text\">7. Visun TOP teht\u00e4v\u00e4: Esillepanon ja\/tai kampanjan tekeminen<\/span> <span class=\"meta-nav\">&rarr;<\/span><\/a><\/p>\n","protected":false},"author":163,"featured_media":0,"comment_status":"open","ping_status":"open","sticky":false,"template":"","format":"standard","meta":{"_uag_custom_page_level_css":"","footnotes":""},"categories":[7,3],"tags":[],"class_list":["post-78","post","type-post","status-publish","format-standard","hentry","category-top-tehtavat","category-visu"],"yoast_head":"<!-- This site is optimized with the Yoast SEO plugin v27.5 - https:\/\/yoast.com\/product\/yoast-seo-wordpress\/ -->\n<title>7. Visun TOP teht\u00e4v\u00e4: Esillepanon ja\/tai kampanjan tekeminen - Topmerkonomi<\/title>\n<meta name=\"robots\" content=\"index, follow, max-snippet:-1, max-image-preview:large, max-video-preview:-1\" \/>\n<link rel=\"canonical\" href=\"https:\/\/blogit.gradia.fi\/topmerkonomi\/2014\/03\/13\/7-visun-top-tehtava-esillepanon-jatai-kampanjan-tekeminen\/\" \/>\n<meta property=\"og:locale\" content=\"fi_FI\" \/>\n<meta property=\"og:type\" content=\"article\" \/>\n<meta property=\"og:title\" content=\"7. Visun TOP teht\u00e4v\u00e4: Esillepanon ja\/tai kampanjan tekeminen - Topmerkonomi\" \/>\n<meta property=\"og:description\" content=\"Nyt olet ollut jo ty\u00f6harjoittelussa useamman viikon ja oma osaamisesi on jo kasvanut alusta. Tunnet jo ty\u00f6paikkasi tapoja ja osaat toteuttaa heid\u00e4n ohjeistuksensa mukaista visuaalista ilmett\u00e4. Kerro ty\u00f6paikalla tekem\u00e4si kampanjan tai esillepanon toteutus vaiheittain? Kerro omaan blogiisi mahdollisimman havainnollisesti, kuinka toteutit esillepanon ja mik\u00e4 oli oma panoksesi toteutuksessa. Pyri kuvaamaan mahdollisimman kattavasti omaa osaamistasi asiassa. &hellip; Jatka lukemista 7. Visun TOP teht\u00e4v\u00e4: Esillepanon ja\/tai kampanjan tekeminen &rarr;\" \/>\n<meta property=\"og:url\" content=\"https:\/\/blogit.gradia.fi\/topmerkonomi\/2014\/03\/13\/7-visun-top-tehtava-esillepanon-jatai-kampanjan-tekeminen\/\" \/>\n<meta property=\"og:site_name\" content=\"Topmerkonomi\" \/>\n<meta property=\"article:published_time\" content=\"2014-03-13T13:11:41+00:00\" \/>\n<meta name=\"author\" content=\"Henna-Liisa Maljonen\" \/>\n<meta name=\"twitter:card\" content=\"summary_large_image\" \/>\n<meta name=\"twitter:label1\" content=\"Kirjoittanut\" \/>\n\t<meta name=\"twitter:data1\" content=\"Henna-Liisa Maljonen\" \/>\n<script type=\"application\/ld+json\" class=\"yoast-schema-graph\">{\"@context\":\"https:\\\/\\\/schema.org\",\"@graph\":[{\"@type\":\"Article\",\"@id\":\"https:\\\/\\\/blogit.gradia.fi\\\/topmerkonomi\\\/2014\\\/03\\\/13\\\/7-visun-top-tehtava-esillepanon-jatai-kampanjan-tekeminen\\\/#article\",\"isPartOf\":{\"@id\":\"https:\\\/\\\/blogit.gradia.fi\\\/topmerkonomi\\\/2014\\\/03\\\/13\\\/7-visun-top-tehtava-esillepanon-jatai-kampanjan-tekeminen\\\/\"},\"author\":{\"name\":\"Henna-Liisa Maljonen\",\"@id\":\"https:\\\/\\\/blogit.gradia.fi\\\/topmerkonomi\\\/#\\\/schema\\\/person\\\/2af3d7f8b09506dacfb1224eef2c6478\"},\"headline\":\"7. Visun TOP teht\u00e4v\u00e4: Esillepanon ja\\\/tai kampanjan tekeminen\",\"datePublished\":\"2014-03-13T13:11:41+00:00\",\"mainEntityOfPage\":{\"@id\":\"https:\\\/\\\/blogit.gradia.fi\\\/topmerkonomi\\\/2014\\\/03\\\/13\\\/7-visun-top-tehtava-esillepanon-jatai-kampanjan-tekeminen\\\/\"},\"wordCount\":101,\"commentCount\":0,\"articleSection\":[\"Top -teht\u00e4v\u00e4t\",\"Visuaalinen myyntity\u00f6\"],\"inLanguage\":\"fi\",\"potentialAction\":[{\"@type\":\"CommentAction\",\"name\":\"Comment\",\"target\":[\"https:\\\/\\\/blogit.gradia.fi\\\/topmerkonomi\\\/2014\\\/03\\\/13\\\/7-visun-top-tehtava-esillepanon-jatai-kampanjan-tekeminen\\\/#respond\"]}]},{\"@type\":\"WebPage\",\"@id\":\"https:\\\/\\\/blogit.gradia.fi\\\/topmerkonomi\\\/2014\\\/03\\\/13\\\/7-visun-top-tehtava-esillepanon-jatai-kampanjan-tekeminen\\\/\",\"url\":\"https:\\\/\\\/blogit.gradia.fi\\\/topmerkonomi\\\/2014\\\/03\\\/13\\\/7-visun-top-tehtava-esillepanon-jatai-kampanjan-tekeminen\\\/\",\"name\":\"7. Visun TOP teht\u00e4v\u00e4: Esillepanon ja\\\/tai kampanjan tekeminen - Topmerkonomi\",\"isPartOf\":{\"@id\":\"https:\\\/\\\/blogit.gradia.fi\\\/topmerkonomi\\\/#website\"},\"datePublished\":\"2014-03-13T13:11:41+00:00\",\"author\":{\"@id\":\"https:\\\/\\\/blogit.gradia.fi\\\/topmerkonomi\\\/#\\\/schema\\\/person\\\/2af3d7f8b09506dacfb1224eef2c6478\"},\"inLanguage\":\"fi\",\"potentialAction\":[{\"@type\":\"ReadAction\",\"target\":[\"https:\\\/\\\/blogit.gradia.fi\\\/topmerkonomi\\\/2014\\\/03\\\/13\\\/7-visun-top-tehtava-esillepanon-jatai-kampanjan-tekeminen\\\/\"]}]},{\"@type\":\"WebSite\",\"@id\":\"https:\\\/\\\/blogit.gradia.fi\\\/topmerkonomi\\\/#website\",\"url\":\"https:\\\/\\\/blogit.gradia.fi\\\/topmerkonomi\\\/\",\"name\":\"Topmerkonomi\",\"description\":\"Tarinaa ty\u00f6ss\u00e4oppimispainotteisen luokan opintojen etenemisest\u00e4\",\"potentialAction\":[{\"@type\":\"SearchAction\",\"target\":{\"@type\":\"EntryPoint\",\"urlTemplate\":\"https:\\\/\\\/blogit.gradia.fi\\\/topmerkonomi\\\/?s={search_term_string}\"},\"query-input\":{\"@type\":\"PropertyValueSpecification\",\"valueRequired\":true,\"valueName\":\"search_term_string\"}}],\"inLanguage\":\"fi\"},{\"@type\":\"Person\",\"@id\":\"https:\\\/\\\/blogit.gradia.fi\\\/topmerkonomi\\\/#\\\/schema\\\/person\\\/2af3d7f8b09506dacfb1224eef2c6478\",\"name\":\"Henna-Liisa Maljonen\",\"image\":{\"@type\":\"ImageObject\",\"inLanguage\":\"fi\",\"@id\":\"https:\\\/\\\/secure.gravatar.com\\\/avatar\\\/9edabe42a88cf1825dcf2bb1038b105de35ff17a6f576fade817dacd8643f030?s=96&d=mm&r=g\",\"url\":\"https:\\\/\\\/secure.gravatar.com\\\/avatar\\\/9edabe42a88cf1825dcf2bb1038b105de35ff17a6f576fade817dacd8643f030?s=96&d=mm&r=g\",\"contentUrl\":\"https:\\\/\\\/secure.gravatar.com\\\/avatar\\\/9edabe42a88cf1825dcf2bb1038b105de35ff17a6f576fade817dacd8643f030?s=96&d=mm&r=g\",\"caption\":\"Henna-Liisa Maljonen\"},\"url\":\"https:\\\/\\\/blogit.gradia.fi\\\/topmerkonomi\\\/author\\\/maljohen\\\/\"}]}<\/script>\n<!-- \/ Yoast SEO plugin. -->","yoast_head_json":{"title":"7. Visun TOP teht\u00e4v\u00e4: Esillepanon ja\/tai kampanjan tekeminen - Topmerkonomi","robots":{"index":"index","follow":"follow","max-snippet":"max-snippet:-1","max-image-preview":"max-image-preview:large","max-video-preview":"max-video-preview:-1"},"canonical":"https:\/\/blogit.gradia.fi\/topmerkonomi\/2014\/03\/13\/7-visun-top-tehtava-esillepanon-jatai-kampanjan-tekeminen\/","og_locale":"fi_FI","og_type":"article","og_title":"7. Visun TOP teht\u00e4v\u00e4: Esillepanon ja\/tai kampanjan tekeminen - Topmerkonomi","og_description":"Nyt olet ollut jo ty\u00f6harjoittelussa useamman viikon ja oma osaamisesi on jo kasvanut alusta. Tunnet jo ty\u00f6paikkasi tapoja ja osaat toteuttaa heid\u00e4n ohjeistuksensa mukaista visuaalista ilmett\u00e4. Kerro ty\u00f6paikalla tekem\u00e4si kampanjan tai esillepanon toteutus vaiheittain? Kerro omaan blogiisi mahdollisimman havainnollisesti, kuinka toteutit esillepanon ja mik\u00e4 oli oma panoksesi toteutuksessa. Pyri kuvaamaan mahdollisimman kattavasti omaa osaamistasi asiassa. &hellip; Jatka lukemista 7. Visun TOP teht\u00e4v\u00e4: Esillepanon ja\/tai kampanjan tekeminen &rarr;","og_url":"https:\/\/blogit.gradia.fi\/topmerkonomi\/2014\/03\/13\/7-visun-top-tehtava-esillepanon-jatai-kampanjan-tekeminen\/","og_site_name":"Topmerkonomi","article_published_time":"2014-03-13T13:11:41+00:00","author":"Henna-Liisa Maljonen","twitter_card":"summary_large_image","twitter_misc":{"Kirjoittanut":"Henna-Liisa Maljonen"},"schema":{"@context":"https:\/\/schema.org","@graph":[{"@type":"Article","@id":"https:\/\/blogit.gradia.fi\/topmerkonomi\/2014\/03\/13\/7-visun-top-tehtava-esillepanon-jatai-kampanjan-tekeminen\/#article","isPartOf":{"@id":"https:\/\/blogit.gradia.fi\/topmerkonomi\/2014\/03\/13\/7-visun-top-tehtava-esillepanon-jatai-kampanjan-tekeminen\/"},"author":{"name":"Henna-Liisa Maljonen","@id":"https:\/\/blogit.gradia.fi\/topmerkonomi\/#\/schema\/person\/2af3d7f8b09506dacfb1224eef2c6478"},"headline":"7. Visun TOP teht\u00e4v\u00e4: Esillepanon ja\/tai kampanjan tekeminen","datePublished":"2014-03-13T13:11:41+00:00","mainEntityOfPage":{"@id":"https:\/\/blogit.gradia.fi\/topmerkonomi\/2014\/03\/13\/7-visun-top-tehtava-esillepanon-jatai-kampanjan-tekeminen\/"},"wordCount":101,"commentCount":0,"articleSection":["Top -teht\u00e4v\u00e4t","Visuaalinen myyntity\u00f6"],"inLanguage":"fi","potentialAction":[{"@type":"CommentAction","name":"Comment","target":["https:\/\/blogit.gradia.fi\/topmerkonomi\/2014\/03\/13\/7-visun-top-tehtava-esillepanon-jatai-kampanjan-tekeminen\/#respond"]}]},{"@type":"WebPage","@id":"https:\/\/blogit.gradia.fi\/topmerkonomi\/2014\/03\/13\/7-visun-top-tehtava-esillepanon-jatai-kampanjan-tekeminen\/","url":"https:\/\/blogit.gradia.fi\/topmerkonomi\/2014\/03\/13\/7-visun-top-tehtava-esillepanon-jatai-kampanjan-tekeminen\/","name":"7. Visun TOP teht\u00e4v\u00e4: Esillepanon ja\/tai kampanjan tekeminen - Topmerkonomi","isPartOf":{"@id":"https:\/\/blogit.gradia.fi\/topmerkonomi\/#website"},"datePublished":"2014-03-13T13:11:41+00:00","author":{"@id":"https:\/\/blogit.gradia.fi\/topmerkonomi\/#\/schema\/person\/2af3d7f8b09506dacfb1224eef2c6478"},"inLanguage":"fi","potentialAction":[{"@type":"ReadAction","target":["https:\/\/blogit.gradia.fi\/topmerkonomi\/2014\/03\/13\/7-visun-top-tehtava-esillepanon-jatai-kampanjan-tekeminen\/"]}]},{"@type":"WebSite","@id":"https:\/\/blogit.gradia.fi\/topmerkonomi\/#website","url":"https:\/\/blogit.gradia.fi\/topmerkonomi\/","name":"Topmerkonomi","description":"Tarinaa ty\u00f6ss\u00e4oppimispainotteisen luokan opintojen etenemisest\u00e4","potentialAction":[{"@type":"SearchAction","target":{"@type":"EntryPoint","urlTemplate":"https:\/\/blogit.gradia.fi\/topmerkonomi\/?s={search_term_string}"},"query-input":{"@type":"PropertyValueSpecification","valueRequired":true,"valueName":"search_term_string"}}],"inLanguage":"fi"},{"@type":"Person","@id":"https:\/\/blogit.gradia.fi\/topmerkonomi\/#\/schema\/person\/2af3d7f8b09506dacfb1224eef2c6478","name":"Henna-Liisa Maljonen","image":{"@type":"ImageObject","inLanguage":"fi","@id":"https:\/\/secure.gravatar.com\/avatar\/9edabe42a88cf1825dcf2bb1038b105de35ff17a6f576fade817dacd8643f030?s=96&d=mm&r=g","url":"https:\/\/secure.gravatar.com\/avatar\/9edabe42a88cf1825dcf2bb1038b105de35ff17a6f576fade817dacd8643f030?s=96&d=mm&r=g","contentUrl":"https:\/\/secure.gravatar.com\/avatar\/9edabe42a88cf1825dcf2bb1038b105de35ff17a6f576fade817dacd8643f030?s=96&d=mm&r=g","caption":"Henna-Liisa Maljonen"},"url":"https:\/\/blogit.gradia.fi\/topmerkonomi\/author\/maljohen\/"}]}},"uagb_featured_image_src":{"full":false,"thumbnail":false,"medium":false,"medium_large":false,"large":false,"1536x1536":false,"2048x2048":false,"post-thumbnail":false},"uagb_author_info":{"display_name":"Henna-Liisa Maljonen","author_link":"https:\/\/blogit.gradia.fi\/topmerkonomi\/author\/maljohen\/"},"uagb_comment_info":10,"uagb_excerpt":"Nyt olet ollut jo ty\u00f6harjoittelussa useamman viikon ja oma osaamisesi on jo kasvanut alusta. Tunnet jo ty\u00f6paikkasi tapoja ja osaat toteuttaa heid\u00e4n ohjeistuksensa mukaista visuaalista ilmett\u00e4. Kerro ty\u00f6paikalla tekem\u00e4si kampanjan tai esillepanon toteutus vaiheittain? Kerro omaan blogiisi mahdollisimman havainnollisesti, kuinka toteutit esillepanon ja mik\u00e4 oli oma panoksesi toteutuksessa. Pyri kuvaamaan mahdollisimman kattavasti omaa osaamistasi asiassa.&hellip;","_links":{"self":[{"href":"https:\/\/blogit.gradia.fi\/topmerkonomi\/wp-json\/wp\/v2\/posts\/78","targetHints":{"allow":["GET"]}}],"collection":[{"href":"https:\/\/blogit.gradia.fi\/topmerkonomi\/wp-json\/wp\/v2\/posts"}],"about":[{"href":"https:\/\/blogit.gradia.fi\/topmerkonomi\/wp-json\/wp\/v2\/types\/post"}],"author":[{"embeddable":true,"href":"https:\/\/blogit.gradia.fi\/topmerkonomi\/wp-json\/wp\/v2\/users\/163"}],"replies":[{"embeddable":true,"href":"https:\/\/blogit.gradia.fi\/topmerkonomi\/wp-json\/wp\/v2\/comments?post=78"}],"version-history":[{"count":0,"href":"https:\/\/blogit.gradia.fi\/topmerkonomi\/wp-json\/wp\/v2\/posts\/78\/revisions"}],"wp:attachment":[{"href":"https:\/\/blogit.gradia.fi\/topmerkonomi\/wp-json\/wp\/v2\/media?parent=78"}],"wp:term":[{"taxonomy":"category","embeddable":true,"href":"https:\/\/blogit.gradia.fi\/topmerkonomi\/wp-json\/wp\/v2\/categories?post=78"},{"taxonomy":"post_tag","embeddable":true,"href":"https:\/\/blogit.gradia.fi\/topmerkonomi\/wp-json\/wp\/v2\/tags?post=78"}],"curies":[{"name":"wp","href":"https:\/\/api.w.org\/{rel}","templated":true}]}}