{"id":66,"date":"2014-03-13T15:08:02","date_gmt":"2014-03-13T13:08:02","guid":{"rendered":"https:\/\/blogit.gradia.fi\/topmerkonomi\/?p=66"},"modified":"2014-03-13T15:08:02","modified_gmt":"2014-03-13T13:08:02","slug":"2-visun-top-tehtava-myymalailmeen-yllapito-ja-seuranta","status":"publish","type":"post","link":"https:\/\/blogit.gradia.fi\/topmerkonomi\/2014\/03\/13\/2-visun-top-tehtava-myymalailmeen-yllapito-ja-seuranta\/","title":{"rendered":"2. Visun TOP teht\u00e4v\u00e4: Myym\u00e4l\u00e4ilmeen yll\u00e4pito ja seuranta"},"content":{"rendered":"<p><b><\/b><\/p>\n<p>Kuvaile, miten osallistut top \u2013paikkasi myym\u00e4l\u00e4ilmeen yll\u00e4pitoon ja seurantaan p\u00e4ivitt\u00e4in.<\/p>\n<p>Mihin kiinnitet\u00e4\u00e4n erityisesti huomiota?<\/p>\n","protected":false},"excerpt":{"rendered":"<p>Kuvaile, miten osallistut top \u2013paikkasi myym\u00e4l\u00e4ilmeen yll\u00e4pitoon ja seurantaan p\u00e4ivitt\u00e4in. Mihin kiinnitet\u00e4\u00e4n erityisesti huomiota?<\/p>\n","protected":false},"author":163,"featured_media":0,"comment_status":"open","ping_status":"open","sticky":false,"template":"","format":"standard","meta":{"_uag_custom_page_level_css":"","footnotes":""},"categories":[7,3],"tags":[],"class_list":["post-66","post","type-post","status-publish","format-standard","hentry","category-top-tehtavat","category-visu"],"yoast_head":"<!-- This site is optimized with the Yoast SEO plugin v27.5 - https:\/\/yoast.com\/product\/yoast-seo-wordpress\/ -->\n<title>2. Visun TOP teht\u00e4v\u00e4: Myym\u00e4l\u00e4ilmeen yll\u00e4pito ja seuranta - Topmerkonomi<\/title>\n<meta name=\"robots\" content=\"index, follow, max-snippet:-1, max-image-preview:large, max-video-preview:-1\" \/>\n<link rel=\"canonical\" href=\"https:\/\/blogit.gradia.fi\/topmerkonomi\/2014\/03\/13\/2-visun-top-tehtava-myymalailmeen-yllapito-ja-seuranta\/\" \/>\n<meta property=\"og:locale\" content=\"fi_FI\" \/>\n<meta property=\"og:type\" content=\"article\" \/>\n<meta property=\"og:title\" content=\"2. Visun TOP teht\u00e4v\u00e4: Myym\u00e4l\u00e4ilmeen yll\u00e4pito ja seuranta - Topmerkonomi\" \/>\n<meta property=\"og:description\" content=\"Kuvaile, miten osallistut top \u2013paikkasi myym\u00e4l\u00e4ilmeen yll\u00e4pitoon ja seurantaan p\u00e4ivitt\u00e4in. Mihin kiinnitet\u00e4\u00e4n erityisesti huomiota?\" \/>\n<meta property=\"og:url\" content=\"https:\/\/blogit.gradia.fi\/topmerkonomi\/2014\/03\/13\/2-visun-top-tehtava-myymalailmeen-yllapito-ja-seuranta\/\" \/>\n<meta property=\"og:site_name\" content=\"Topmerkonomi\" \/>\n<meta property=\"article:published_time\" content=\"2014-03-13T13:08:02+00:00\" \/>\n<meta name=\"author\" content=\"Henna-Liisa Maljonen\" \/>\n<meta name=\"twitter:card\" content=\"summary_large_image\" \/>\n<meta name=\"twitter:label1\" content=\"Kirjoittanut\" \/>\n\t<meta name=\"twitter:data1\" content=\"Henna-Liisa Maljonen\" \/>\n<script type=\"application\/ld+json\" class=\"yoast-schema-graph\">{\"@context\":\"https:\\\/\\\/schema.org\",\"@graph\":[{\"@type\":\"Article\",\"@id\":\"https:\\\/\\\/blogit.gradia.fi\\\/topmerkonomi\\\/2014\\\/03\\\/13\\\/2-visun-top-tehtava-myymalailmeen-yllapito-ja-seuranta\\\/#article\",\"isPartOf\":{\"@id\":\"https:\\\/\\\/blogit.gradia.fi\\\/topmerkonomi\\\/2014\\\/03\\\/13\\\/2-visun-top-tehtava-myymalailmeen-yllapito-ja-seuranta\\\/\"},\"author\":{\"name\":\"Henna-Liisa Maljonen\",\"@id\":\"https:\\\/\\\/blogit.gradia.fi\\\/topmerkonomi\\\/#\\\/schema\\\/person\\\/2af3d7f8b09506dacfb1224eef2c6478\"},\"headline\":\"2. Visun TOP teht\u00e4v\u00e4: Myym\u00e4l\u00e4ilmeen yll\u00e4pito ja seuranta\",\"datePublished\":\"2014-03-13T13:08:02+00:00\",\"mainEntityOfPage\":{\"@id\":\"https:\\\/\\\/blogit.gradia.fi\\\/topmerkonomi\\\/2014\\\/03\\\/13\\\/2-visun-top-tehtava-myymalailmeen-yllapito-ja-seuranta\\\/\"},\"wordCount\":31,\"commentCount\":0,\"articleSection\":[\"Top -teht\u00e4v\u00e4t\",\"Visuaalinen myyntity\u00f6\"],\"inLanguage\":\"fi\",\"potentialAction\":[{\"@type\":\"CommentAction\",\"name\":\"Comment\",\"target\":[\"https:\\\/\\\/blogit.gradia.fi\\\/topmerkonomi\\\/2014\\\/03\\\/13\\\/2-visun-top-tehtava-myymalailmeen-yllapito-ja-seuranta\\\/#respond\"]}]},{\"@type\":\"WebPage\",\"@id\":\"https:\\\/\\\/blogit.gradia.fi\\\/topmerkonomi\\\/2014\\\/03\\\/13\\\/2-visun-top-tehtava-myymalailmeen-yllapito-ja-seuranta\\\/\",\"url\":\"https:\\\/\\\/blogit.gradia.fi\\\/topmerkonomi\\\/2014\\\/03\\\/13\\\/2-visun-top-tehtava-myymalailmeen-yllapito-ja-seuranta\\\/\",\"name\":\"2. Visun TOP teht\u00e4v\u00e4: Myym\u00e4l\u00e4ilmeen yll\u00e4pito ja seuranta - Topmerkonomi\",\"isPartOf\":{\"@id\":\"https:\\\/\\\/blogit.gradia.fi\\\/topmerkonomi\\\/#website\"},\"datePublished\":\"2014-03-13T13:08:02+00:00\",\"author\":{\"@id\":\"https:\\\/\\\/blogit.gradia.fi\\\/topmerkonomi\\\/#\\\/schema\\\/person\\\/2af3d7f8b09506dacfb1224eef2c6478\"},\"inLanguage\":\"fi\",\"potentialAction\":[{\"@type\":\"ReadAction\",\"target\":[\"https:\\\/\\\/blogit.gradia.fi\\\/topmerkonomi\\\/2014\\\/03\\\/13\\\/2-visun-top-tehtava-myymalailmeen-yllapito-ja-seuranta\\\/\"]}]},{\"@type\":\"WebSite\",\"@id\":\"https:\\\/\\\/blogit.gradia.fi\\\/topmerkonomi\\\/#website\",\"url\":\"https:\\\/\\\/blogit.gradia.fi\\\/topmerkonomi\\\/\",\"name\":\"Topmerkonomi\",\"description\":\"Tarinaa ty\u00f6ss\u00e4oppimispainotteisen luokan opintojen etenemisest\u00e4\",\"potentialAction\":[{\"@type\":\"SearchAction\",\"target\":{\"@type\":\"EntryPoint\",\"urlTemplate\":\"https:\\\/\\\/blogit.gradia.fi\\\/topmerkonomi\\\/?s={search_term_string}\"},\"query-input\":{\"@type\":\"PropertyValueSpecification\",\"valueRequired\":true,\"valueName\":\"search_term_string\"}}],\"inLanguage\":\"fi\"},{\"@type\":\"Person\",\"@id\":\"https:\\\/\\\/blogit.gradia.fi\\\/topmerkonomi\\\/#\\\/schema\\\/person\\\/2af3d7f8b09506dacfb1224eef2c6478\",\"name\":\"Henna-Liisa Maljonen\",\"image\":{\"@type\":\"ImageObject\",\"inLanguage\":\"fi\",\"@id\":\"https:\\\/\\\/secure.gravatar.com\\\/avatar\\\/9edabe42a88cf1825dcf2bb1038b105de35ff17a6f576fade817dacd8643f030?s=96&d=mm&r=g\",\"url\":\"https:\\\/\\\/secure.gravatar.com\\\/avatar\\\/9edabe42a88cf1825dcf2bb1038b105de35ff17a6f576fade817dacd8643f030?s=96&d=mm&r=g\",\"contentUrl\":\"https:\\\/\\\/secure.gravatar.com\\\/avatar\\\/9edabe42a88cf1825dcf2bb1038b105de35ff17a6f576fade817dacd8643f030?s=96&d=mm&r=g\",\"caption\":\"Henna-Liisa Maljonen\"},\"url\":\"https:\\\/\\\/blogit.gradia.fi\\\/topmerkonomi\\\/author\\\/maljohen\\\/\"}]}<\/script>\n<!-- \/ Yoast SEO plugin. -->","yoast_head_json":{"title":"2. Visun TOP teht\u00e4v\u00e4: Myym\u00e4l\u00e4ilmeen yll\u00e4pito ja seuranta - Topmerkonomi","robots":{"index":"index","follow":"follow","max-snippet":"max-snippet:-1","max-image-preview":"max-image-preview:large","max-video-preview":"max-video-preview:-1"},"canonical":"https:\/\/blogit.gradia.fi\/topmerkonomi\/2014\/03\/13\/2-visun-top-tehtava-myymalailmeen-yllapito-ja-seuranta\/","og_locale":"fi_FI","og_type":"article","og_title":"2. Visun TOP teht\u00e4v\u00e4: Myym\u00e4l\u00e4ilmeen yll\u00e4pito ja seuranta - Topmerkonomi","og_description":"Kuvaile, miten osallistut top \u2013paikkasi myym\u00e4l\u00e4ilmeen yll\u00e4pitoon ja seurantaan p\u00e4ivitt\u00e4in. Mihin kiinnitet\u00e4\u00e4n erityisesti huomiota?","og_url":"https:\/\/blogit.gradia.fi\/topmerkonomi\/2014\/03\/13\/2-visun-top-tehtava-myymalailmeen-yllapito-ja-seuranta\/","og_site_name":"Topmerkonomi","article_published_time":"2014-03-13T13:08:02+00:00","author":"Henna-Liisa Maljonen","twitter_card":"summary_large_image","twitter_misc":{"Kirjoittanut":"Henna-Liisa Maljonen"},"schema":{"@context":"https:\/\/schema.org","@graph":[{"@type":"Article","@id":"https:\/\/blogit.gradia.fi\/topmerkonomi\/2014\/03\/13\/2-visun-top-tehtava-myymalailmeen-yllapito-ja-seuranta\/#article","isPartOf":{"@id":"https:\/\/blogit.gradia.fi\/topmerkonomi\/2014\/03\/13\/2-visun-top-tehtava-myymalailmeen-yllapito-ja-seuranta\/"},"author":{"name":"Henna-Liisa Maljonen","@id":"https:\/\/blogit.gradia.fi\/topmerkonomi\/#\/schema\/person\/2af3d7f8b09506dacfb1224eef2c6478"},"headline":"2. Visun TOP teht\u00e4v\u00e4: Myym\u00e4l\u00e4ilmeen yll\u00e4pito ja seuranta","datePublished":"2014-03-13T13:08:02+00:00","mainEntityOfPage":{"@id":"https:\/\/blogit.gradia.fi\/topmerkonomi\/2014\/03\/13\/2-visun-top-tehtava-myymalailmeen-yllapito-ja-seuranta\/"},"wordCount":31,"commentCount":0,"articleSection":["Top -teht\u00e4v\u00e4t","Visuaalinen myyntity\u00f6"],"inLanguage":"fi","potentialAction":[{"@type":"CommentAction","name":"Comment","target":["https:\/\/blogit.gradia.fi\/topmerkonomi\/2014\/03\/13\/2-visun-top-tehtava-myymalailmeen-yllapito-ja-seuranta\/#respond"]}]},{"@type":"WebPage","@id":"https:\/\/blogit.gradia.fi\/topmerkonomi\/2014\/03\/13\/2-visun-top-tehtava-myymalailmeen-yllapito-ja-seuranta\/","url":"https:\/\/blogit.gradia.fi\/topmerkonomi\/2014\/03\/13\/2-visun-top-tehtava-myymalailmeen-yllapito-ja-seuranta\/","name":"2. Visun TOP teht\u00e4v\u00e4: Myym\u00e4l\u00e4ilmeen yll\u00e4pito ja seuranta - Topmerkonomi","isPartOf":{"@id":"https:\/\/blogit.gradia.fi\/topmerkonomi\/#website"},"datePublished":"2014-03-13T13:08:02+00:00","author":{"@id":"https:\/\/blogit.gradia.fi\/topmerkonomi\/#\/schema\/person\/2af3d7f8b09506dacfb1224eef2c6478"},"inLanguage":"fi","potentialAction":[{"@type":"ReadAction","target":["https:\/\/blogit.gradia.fi\/topmerkonomi\/2014\/03\/13\/2-visun-top-tehtava-myymalailmeen-yllapito-ja-seuranta\/"]}]},{"@type":"WebSite","@id":"https:\/\/blogit.gradia.fi\/topmerkonomi\/#website","url":"https:\/\/blogit.gradia.fi\/topmerkonomi\/","name":"Topmerkonomi","description":"Tarinaa ty\u00f6ss\u00e4oppimispainotteisen luokan opintojen etenemisest\u00e4","potentialAction":[{"@type":"SearchAction","target":{"@type":"EntryPoint","urlTemplate":"https:\/\/blogit.gradia.fi\/topmerkonomi\/?s={search_term_string}"},"query-input":{"@type":"PropertyValueSpecification","valueRequired":true,"valueName":"search_term_string"}}],"inLanguage":"fi"},{"@type":"Person","@id":"https:\/\/blogit.gradia.fi\/topmerkonomi\/#\/schema\/person\/2af3d7f8b09506dacfb1224eef2c6478","name":"Henna-Liisa Maljonen","image":{"@type":"ImageObject","inLanguage":"fi","@id":"https:\/\/secure.gravatar.com\/avatar\/9edabe42a88cf1825dcf2bb1038b105de35ff17a6f576fade817dacd8643f030?s=96&d=mm&r=g","url":"https:\/\/secure.gravatar.com\/avatar\/9edabe42a88cf1825dcf2bb1038b105de35ff17a6f576fade817dacd8643f030?s=96&d=mm&r=g","contentUrl":"https:\/\/secure.gravatar.com\/avatar\/9edabe42a88cf1825dcf2bb1038b105de35ff17a6f576fade817dacd8643f030?s=96&d=mm&r=g","caption":"Henna-Liisa Maljonen"},"url":"https:\/\/blogit.gradia.fi\/topmerkonomi\/author\/maljohen\/"}]}},"uagb_featured_image_src":{"full":false,"thumbnail":false,"medium":false,"medium_large":false,"large":false,"1536x1536":false,"2048x2048":false,"post-thumbnail":false},"uagb_author_info":{"display_name":"Henna-Liisa Maljonen","author_link":"https:\/\/blogit.gradia.fi\/topmerkonomi\/author\/maljohen\/"},"uagb_comment_info":0,"uagb_excerpt":"Kuvaile, miten osallistut top \u2013paikkasi myym\u00e4l\u00e4ilmeen yll\u00e4pitoon ja seurantaan p\u00e4ivitt\u00e4in. Mihin kiinnitet\u00e4\u00e4n erityisesti huomiota?","_links":{"self":[{"href":"https:\/\/blogit.gradia.fi\/topmerkonomi\/wp-json\/wp\/v2\/posts\/66","targetHints":{"allow":["GET"]}}],"collection":[{"href":"https:\/\/blogit.gradia.fi\/topmerkonomi\/wp-json\/wp\/v2\/posts"}],"about":[{"href":"https:\/\/blogit.gradia.fi\/topmerkonomi\/wp-json\/wp\/v2\/types\/post"}],"author":[{"embeddable":true,"href":"https:\/\/blogit.gradia.fi\/topmerkonomi\/wp-json\/wp\/v2\/users\/163"}],"replies":[{"embeddable":true,"href":"https:\/\/blogit.gradia.fi\/topmerkonomi\/wp-json\/wp\/v2\/comments?post=66"}],"version-history":[{"count":0,"href":"https:\/\/blogit.gradia.fi\/topmerkonomi\/wp-json\/wp\/v2\/posts\/66\/revisions"}],"wp:attachment":[{"href":"https:\/\/blogit.gradia.fi\/topmerkonomi\/wp-json\/wp\/v2\/media?parent=66"}],"wp:term":[{"taxonomy":"category","embeddable":true,"href":"https:\/\/blogit.gradia.fi\/topmerkonomi\/wp-json\/wp\/v2\/categories?post=66"},{"taxonomy":"post_tag","embeddable":true,"href":"https:\/\/blogit.gradia.fi\/topmerkonomi\/wp-json\/wp\/v2\/tags?post=66"}],"curies":[{"name":"wp","href":"https:\/\/api.w.org\/{rel}","templated":true}]}}