{"id":287,"date":"2015-03-26T09:06:39","date_gmt":"2015-03-26T07:06:39","guid":{"rendered":"https:\/\/blogit.gradia.fi\/topmerkonomi\/?p=287"},"modified":"2015-03-26T09:06:39","modified_gmt":"2015-03-26T07:06:39","slug":"kttn-top-tehtava-10-yrityksen-yhteiskuntavastuu","status":"publish","type":"post","link":"https:\/\/blogit.gradia.fi\/topmerkonomi\/2015\/03\/26\/kttn-top-tehtava-10-yrityksen-yhteiskuntavastuu\/","title":{"rendered":"KTT:n top-teht\u00e4v\u00e4 10 &#8211; Yrityksen yhteiskuntavastuu"},"content":{"rendered":"<p>Yrityksen yhteiskuntavastuu jaettiin kolmeen osaan; sosiaaliseen, taloudelliseen ja ymp\u00e4rist\u00f6vastuuseen.<\/p>\n<p>Kerro lyhyesti, mit\u00e4 n\u00e4m\u00e4 tarkoittivat ja kerro, kuinka omassa top-paikassasi kyseisist\u00e4 asioista on huolehdittu. T\u00e4m\u00e4 valmistaa sinua n\u00e4ytt\u00f6keskusteluun.<\/p>\n","protected":false},"excerpt":{"rendered":"<p>Yrityksen yhteiskuntavastuu jaettiin kolmeen osaan; sosiaaliseen, taloudelliseen ja ymp\u00e4rist\u00f6vastuuseen. Kerro lyhyesti, mit\u00e4 n\u00e4m\u00e4 tarkoittivat ja kerro, kuinka omassa top-paikassasi kyseisist\u00e4 asioista on huolehdittu. T\u00e4m\u00e4 valmistaa sinua n\u00e4ytt\u00f6keskusteluun.<\/p>\n","protected":false},"author":165,"featured_media":0,"comment_status":"open","ping_status":"open","sticky":false,"template":"","format":"standard","meta":{"_uag_custom_page_level_css":"","footnotes":""},"categories":[2,7],"tags":[],"class_list":["post-287","post","type-post","status-publish","format-standard","hentry","category-kpm","category-top-tehtavat"],"yoast_head":"<!-- This site is optimized with the Yoast SEO plugin v27.5 - https:\/\/yoast.com\/product\/yoast-seo-wordpress\/ -->\n<title>KTT:n top-teht\u00e4v\u00e4 10 - Yrityksen yhteiskuntavastuu - Topmerkonomi<\/title>\n<meta name=\"robots\" content=\"index, follow, max-snippet:-1, max-image-preview:large, max-video-preview:-1\" \/>\n<link rel=\"canonical\" href=\"https:\/\/blogit.gradia.fi\/topmerkonomi\/2015\/03\/26\/kttn-top-tehtava-10-yrityksen-yhteiskuntavastuu\/\" \/>\n<meta property=\"og:locale\" content=\"fi_FI\" \/>\n<meta property=\"og:type\" content=\"article\" \/>\n<meta property=\"og:title\" content=\"KTT:n top-teht\u00e4v\u00e4 10 - Yrityksen yhteiskuntavastuu - Topmerkonomi\" \/>\n<meta property=\"og:description\" content=\"Yrityksen yhteiskuntavastuu jaettiin kolmeen osaan; sosiaaliseen, taloudelliseen ja ymp\u00e4rist\u00f6vastuuseen. Kerro lyhyesti, mit\u00e4 n\u00e4m\u00e4 tarkoittivat ja kerro, kuinka omassa top-paikassasi kyseisist\u00e4 asioista on huolehdittu. T\u00e4m\u00e4 valmistaa sinua n\u00e4ytt\u00f6keskusteluun.\" \/>\n<meta property=\"og:url\" content=\"https:\/\/blogit.gradia.fi\/topmerkonomi\/2015\/03\/26\/kttn-top-tehtava-10-yrityksen-yhteiskuntavastuu\/\" \/>\n<meta property=\"og:site_name\" content=\"Topmerkonomi\" \/>\n<meta property=\"article:published_time\" content=\"2015-03-26T07:06:39+00:00\" \/>\n<meta name=\"author\" content=\"Heini Pennanen\" \/>\n<meta name=\"twitter:card\" content=\"summary_large_image\" \/>\n<meta name=\"twitter:label1\" content=\"Kirjoittanut\" \/>\n\t<meta name=\"twitter:data1\" content=\"Heini Pennanen\" \/>\n<script type=\"application\/ld+json\" class=\"yoast-schema-graph\">{\"@context\":\"https:\\\/\\\/schema.org\",\"@graph\":[{\"@type\":\"Article\",\"@id\":\"https:\\\/\\\/blogit.gradia.fi\\\/topmerkonomi\\\/2015\\\/03\\\/26\\\/kttn-top-tehtava-10-yrityksen-yhteiskuntavastuu\\\/#article\",\"isPartOf\":{\"@id\":\"https:\\\/\\\/blogit.gradia.fi\\\/topmerkonomi\\\/2015\\\/03\\\/26\\\/kttn-top-tehtava-10-yrityksen-yhteiskuntavastuu\\\/\"},\"author\":{\"name\":\"Heini Pennanen\",\"@id\":\"https:\\\/\\\/blogit.gradia.fi\\\/topmerkonomi\\\/#\\\/schema\\\/person\\\/d0b1cfd74c104683772b3edeac4e49ee\"},\"headline\":\"KTT:n top-teht\u00e4v\u00e4 10 &#8211; Yrityksen yhteiskuntavastuu\",\"datePublished\":\"2015-03-26T07:06:39+00:00\",\"mainEntityOfPage\":{\"@id\":\"https:\\\/\\\/blogit.gradia.fi\\\/topmerkonomi\\\/2015\\\/03\\\/26\\\/kttn-top-tehtava-10-yrityksen-yhteiskuntavastuu\\\/\"},\"wordCount\":40,\"commentCount\":0,\"articleSection\":[\"Kaupan palvelu ja myyntity\u00f6\",\"Top -teht\u00e4v\u00e4t\"],\"inLanguage\":\"fi\",\"potentialAction\":[{\"@type\":\"CommentAction\",\"name\":\"Comment\",\"target\":[\"https:\\\/\\\/blogit.gradia.fi\\\/topmerkonomi\\\/2015\\\/03\\\/26\\\/kttn-top-tehtava-10-yrityksen-yhteiskuntavastuu\\\/#respond\"]}]},{\"@type\":\"WebPage\",\"@id\":\"https:\\\/\\\/blogit.gradia.fi\\\/topmerkonomi\\\/2015\\\/03\\\/26\\\/kttn-top-tehtava-10-yrityksen-yhteiskuntavastuu\\\/\",\"url\":\"https:\\\/\\\/blogit.gradia.fi\\\/topmerkonomi\\\/2015\\\/03\\\/26\\\/kttn-top-tehtava-10-yrityksen-yhteiskuntavastuu\\\/\",\"name\":\"KTT:n top-teht\u00e4v\u00e4 10 - Yrityksen yhteiskuntavastuu - Topmerkonomi\",\"isPartOf\":{\"@id\":\"https:\\\/\\\/blogit.gradia.fi\\\/topmerkonomi\\\/#website\"},\"datePublished\":\"2015-03-26T07:06:39+00:00\",\"author\":{\"@id\":\"https:\\\/\\\/blogit.gradia.fi\\\/topmerkonomi\\\/#\\\/schema\\\/person\\\/d0b1cfd74c104683772b3edeac4e49ee\"},\"inLanguage\":\"fi\",\"potentialAction\":[{\"@type\":\"ReadAction\",\"target\":[\"https:\\\/\\\/blogit.gradia.fi\\\/topmerkonomi\\\/2015\\\/03\\\/26\\\/kttn-top-tehtava-10-yrityksen-yhteiskuntavastuu\\\/\"]}]},{\"@type\":\"WebSite\",\"@id\":\"https:\\\/\\\/blogit.gradia.fi\\\/topmerkonomi\\\/#website\",\"url\":\"https:\\\/\\\/blogit.gradia.fi\\\/topmerkonomi\\\/\",\"name\":\"Topmerkonomi\",\"description\":\"Tarinaa ty\u00f6ss\u00e4oppimispainotteisen luokan opintojen etenemisest\u00e4\",\"potentialAction\":[{\"@type\":\"SearchAction\",\"target\":{\"@type\":\"EntryPoint\",\"urlTemplate\":\"https:\\\/\\\/blogit.gradia.fi\\\/topmerkonomi\\\/?s={search_term_string}\"},\"query-input\":{\"@type\":\"PropertyValueSpecification\",\"valueRequired\":true,\"valueName\":\"search_term_string\"}}],\"inLanguage\":\"fi\"},{\"@type\":\"Person\",\"@id\":\"https:\\\/\\\/blogit.gradia.fi\\\/topmerkonomi\\\/#\\\/schema\\\/person\\\/d0b1cfd74c104683772b3edeac4e49ee\",\"name\":\"Heini Pennanen\",\"image\":{\"@type\":\"ImageObject\",\"inLanguage\":\"fi\",\"@id\":\"https:\\\/\\\/secure.gravatar.com\\\/avatar\\\/3df99d3b29e3db1417790cce1fb1d33fa9a76bb7f8318326848fa7c14b5a086a?s=96&d=mm&r=g\",\"url\":\"https:\\\/\\\/secure.gravatar.com\\\/avatar\\\/3df99d3b29e3db1417790cce1fb1d33fa9a76bb7f8318326848fa7c14b5a086a?s=96&d=mm&r=g\",\"contentUrl\":\"https:\\\/\\\/secure.gravatar.com\\\/avatar\\\/3df99d3b29e3db1417790cce1fb1d33fa9a76bb7f8318326848fa7c14b5a086a?s=96&d=mm&r=g\",\"caption\":\"Heini Pennanen\"},\"url\":\"https:\\\/\\\/blogit.gradia.fi\\\/topmerkonomi\\\/author\\\/pennahei\\\/\"}]}<\/script>\n<!-- \/ Yoast SEO plugin. -->","yoast_head_json":{"title":"KTT:n top-teht\u00e4v\u00e4 10 - Yrityksen yhteiskuntavastuu - Topmerkonomi","robots":{"index":"index","follow":"follow","max-snippet":"max-snippet:-1","max-image-preview":"max-image-preview:large","max-video-preview":"max-video-preview:-1"},"canonical":"https:\/\/blogit.gradia.fi\/topmerkonomi\/2015\/03\/26\/kttn-top-tehtava-10-yrityksen-yhteiskuntavastuu\/","og_locale":"fi_FI","og_type":"article","og_title":"KTT:n top-teht\u00e4v\u00e4 10 - Yrityksen yhteiskuntavastuu - Topmerkonomi","og_description":"Yrityksen yhteiskuntavastuu jaettiin kolmeen osaan; sosiaaliseen, taloudelliseen ja ymp\u00e4rist\u00f6vastuuseen. Kerro lyhyesti, mit\u00e4 n\u00e4m\u00e4 tarkoittivat ja kerro, kuinka omassa top-paikassasi kyseisist\u00e4 asioista on huolehdittu. T\u00e4m\u00e4 valmistaa sinua n\u00e4ytt\u00f6keskusteluun.","og_url":"https:\/\/blogit.gradia.fi\/topmerkonomi\/2015\/03\/26\/kttn-top-tehtava-10-yrityksen-yhteiskuntavastuu\/","og_site_name":"Topmerkonomi","article_published_time":"2015-03-26T07:06:39+00:00","author":"Heini Pennanen","twitter_card":"summary_large_image","twitter_misc":{"Kirjoittanut":"Heini Pennanen"},"schema":{"@context":"https:\/\/schema.org","@graph":[{"@type":"Article","@id":"https:\/\/blogit.gradia.fi\/topmerkonomi\/2015\/03\/26\/kttn-top-tehtava-10-yrityksen-yhteiskuntavastuu\/#article","isPartOf":{"@id":"https:\/\/blogit.gradia.fi\/topmerkonomi\/2015\/03\/26\/kttn-top-tehtava-10-yrityksen-yhteiskuntavastuu\/"},"author":{"name":"Heini Pennanen","@id":"https:\/\/blogit.gradia.fi\/topmerkonomi\/#\/schema\/person\/d0b1cfd74c104683772b3edeac4e49ee"},"headline":"KTT:n top-teht\u00e4v\u00e4 10 &#8211; Yrityksen yhteiskuntavastuu","datePublished":"2015-03-26T07:06:39+00:00","mainEntityOfPage":{"@id":"https:\/\/blogit.gradia.fi\/topmerkonomi\/2015\/03\/26\/kttn-top-tehtava-10-yrityksen-yhteiskuntavastuu\/"},"wordCount":40,"commentCount":0,"articleSection":["Kaupan palvelu ja myyntity\u00f6","Top -teht\u00e4v\u00e4t"],"inLanguage":"fi","potentialAction":[{"@type":"CommentAction","name":"Comment","target":["https:\/\/blogit.gradia.fi\/topmerkonomi\/2015\/03\/26\/kttn-top-tehtava-10-yrityksen-yhteiskuntavastuu\/#respond"]}]},{"@type":"WebPage","@id":"https:\/\/blogit.gradia.fi\/topmerkonomi\/2015\/03\/26\/kttn-top-tehtava-10-yrityksen-yhteiskuntavastuu\/","url":"https:\/\/blogit.gradia.fi\/topmerkonomi\/2015\/03\/26\/kttn-top-tehtava-10-yrityksen-yhteiskuntavastuu\/","name":"KTT:n top-teht\u00e4v\u00e4 10 - Yrityksen yhteiskuntavastuu - Topmerkonomi","isPartOf":{"@id":"https:\/\/blogit.gradia.fi\/topmerkonomi\/#website"},"datePublished":"2015-03-26T07:06:39+00:00","author":{"@id":"https:\/\/blogit.gradia.fi\/topmerkonomi\/#\/schema\/person\/d0b1cfd74c104683772b3edeac4e49ee"},"inLanguage":"fi","potentialAction":[{"@type":"ReadAction","target":["https:\/\/blogit.gradia.fi\/topmerkonomi\/2015\/03\/26\/kttn-top-tehtava-10-yrityksen-yhteiskuntavastuu\/"]}]},{"@type":"WebSite","@id":"https:\/\/blogit.gradia.fi\/topmerkonomi\/#website","url":"https:\/\/blogit.gradia.fi\/topmerkonomi\/","name":"Topmerkonomi","description":"Tarinaa ty\u00f6ss\u00e4oppimispainotteisen luokan opintojen etenemisest\u00e4","potentialAction":[{"@type":"SearchAction","target":{"@type":"EntryPoint","urlTemplate":"https:\/\/blogit.gradia.fi\/topmerkonomi\/?s={search_term_string}"},"query-input":{"@type":"PropertyValueSpecification","valueRequired":true,"valueName":"search_term_string"}}],"inLanguage":"fi"},{"@type":"Person","@id":"https:\/\/blogit.gradia.fi\/topmerkonomi\/#\/schema\/person\/d0b1cfd74c104683772b3edeac4e49ee","name":"Heini Pennanen","image":{"@type":"ImageObject","inLanguage":"fi","@id":"https:\/\/secure.gravatar.com\/avatar\/3df99d3b29e3db1417790cce1fb1d33fa9a76bb7f8318326848fa7c14b5a086a?s=96&d=mm&r=g","url":"https:\/\/secure.gravatar.com\/avatar\/3df99d3b29e3db1417790cce1fb1d33fa9a76bb7f8318326848fa7c14b5a086a?s=96&d=mm&r=g","contentUrl":"https:\/\/secure.gravatar.com\/avatar\/3df99d3b29e3db1417790cce1fb1d33fa9a76bb7f8318326848fa7c14b5a086a?s=96&d=mm&r=g","caption":"Heini Pennanen"},"url":"https:\/\/blogit.gradia.fi\/topmerkonomi\/author\/pennahei\/"}]}},"uagb_featured_image_src":{"full":false,"thumbnail":false,"medium":false,"medium_large":false,"large":false,"1536x1536":false,"2048x2048":false,"post-thumbnail":false},"uagb_author_info":{"display_name":"Heini Pennanen","author_link":"https:\/\/blogit.gradia.fi\/topmerkonomi\/author\/pennahei\/"},"uagb_comment_info":2,"uagb_excerpt":"Yrityksen yhteiskuntavastuu jaettiin kolmeen osaan; sosiaaliseen, taloudelliseen ja ymp\u00e4rist\u00f6vastuuseen. Kerro lyhyesti, mit\u00e4 n\u00e4m\u00e4 tarkoittivat ja kerro, kuinka omassa top-paikassasi kyseisist\u00e4 asioista on huolehdittu. T\u00e4m\u00e4 valmistaa sinua n\u00e4ytt\u00f6keskusteluun.","_links":{"self":[{"href":"https:\/\/blogit.gradia.fi\/topmerkonomi\/wp-json\/wp\/v2\/posts\/287","targetHints":{"allow":["GET"]}}],"collection":[{"href":"https:\/\/blogit.gradia.fi\/topmerkonomi\/wp-json\/wp\/v2\/posts"}],"about":[{"href":"https:\/\/blogit.gradia.fi\/topmerkonomi\/wp-json\/wp\/v2\/types\/post"}],"author":[{"embeddable":true,"href":"https:\/\/blogit.gradia.fi\/topmerkonomi\/wp-json\/wp\/v2\/users\/165"}],"replies":[{"embeddable":true,"href":"https:\/\/blogit.gradia.fi\/topmerkonomi\/wp-json\/wp\/v2\/comments?post=287"}],"version-history":[{"count":0,"href":"https:\/\/blogit.gradia.fi\/topmerkonomi\/wp-json\/wp\/v2\/posts\/287\/revisions"}],"wp:attachment":[{"href":"https:\/\/blogit.gradia.fi\/topmerkonomi\/wp-json\/wp\/v2\/media?parent=287"}],"wp:term":[{"taxonomy":"category","embeddable":true,"href":"https:\/\/blogit.gradia.fi\/topmerkonomi\/wp-json\/wp\/v2\/categories?post=287"},{"taxonomy":"post_tag","embeddable":true,"href":"https:\/\/blogit.gradia.fi\/topmerkonomi\/wp-json\/wp\/v2\/tags?post=287"}],"curies":[{"name":"wp","href":"https:\/\/api.w.org\/{rel}","templated":true}]}}