{"id":152,"date":"2014-08-21T13:12:30","date_gmt":"2014-08-21T10:12:30","guid":{"rendered":"https:\/\/blogit.gradia.fi\/topmerkonomi\/?p=152"},"modified":"2014-08-21T13:12:30","modified_gmt":"2014-08-21T10:12:30","slug":"kaupan-tyota-ja-toimintaa-21-8-14","status":"publish","type":"post","link":"https:\/\/blogit.gradia.fi\/topmerkonomi\/2014\/08\/21\/kaupan-tyota-ja-toimintaa-21-8-14\/","title":{"rendered":"Kaupan ty\u00f6t\u00e4 ja toimintaa 21.8.14"},"content":{"rendered":"<p>Aamu alkoi varsin sateisissa merkeiss\u00e4, mutta keskustelu virisi kuitenkin k\u00e4yntiin h\u00e4vikki\u00e4 pohdittaessa. Kaivelimme esimerkkej\u00e4 ty\u00f6paikoilta h\u00e4vikin eri muodoista ja pohdimme kuinka niit\u00e4 ehk\u00e4ist\u00e4isiin.<\/p>\n<p>T\u00e4m\u00e4n lis\u00e4ksi sukelsimme kaupan rakenteiden maailmaan pohtimaan erilaisia tukkukauppoja sek\u00e4 v\u00e4hitt\u00e4istavarakauppoja.<\/p>\n","protected":false},"excerpt":{"rendered":"<p>Aamu alkoi varsin sateisissa merkeiss\u00e4, mutta keskustelu virisi kuitenkin k\u00e4yntiin h\u00e4vikki\u00e4 pohdittaessa. Kaivelimme esimerkkej\u00e4 ty\u00f6paikoilta h\u00e4vikin eri muodoista ja pohdimme kuinka niit\u00e4 ehk\u00e4ist\u00e4isiin. T\u00e4m\u00e4n lis\u00e4ksi sukelsimme kaupan rakenteiden maailmaan pohtimaan erilaisia tukkukauppoja sek\u00e4 v\u00e4hitt\u00e4istavarakauppoja.<\/p>\n","protected":false},"author":165,"featured_media":0,"comment_status":"open","ping_status":"open","sticky":false,"template":"","format":"standard","meta":{"_uag_custom_page_level_css":"","footnotes":""},"categories":[1],"tags":[],"class_list":["post-152","post","type-post","status-publish","format-standard","hentry","category-yleinen"],"yoast_head":"<!-- This site is optimized with the Yoast SEO plugin v27.5 - https:\/\/yoast.com\/product\/yoast-seo-wordpress\/ -->\n<title>Kaupan ty\u00f6t\u00e4 ja toimintaa 21.8.14 - Topmerkonomi<\/title>\n<meta name=\"robots\" content=\"index, follow, max-snippet:-1, max-image-preview:large, max-video-preview:-1\" \/>\n<link rel=\"canonical\" href=\"https:\/\/blogit.gradia.fi\/topmerkonomi\/2014\/08\/21\/kaupan-tyota-ja-toimintaa-21-8-14\/\" \/>\n<meta property=\"og:locale\" content=\"fi_FI\" \/>\n<meta property=\"og:type\" content=\"article\" \/>\n<meta property=\"og:title\" content=\"Kaupan ty\u00f6t\u00e4 ja toimintaa 21.8.14 - Topmerkonomi\" \/>\n<meta property=\"og:description\" content=\"Aamu alkoi varsin sateisissa merkeiss\u00e4, mutta keskustelu virisi kuitenkin k\u00e4yntiin h\u00e4vikki\u00e4 pohdittaessa. Kaivelimme esimerkkej\u00e4 ty\u00f6paikoilta h\u00e4vikin eri muodoista ja pohdimme kuinka niit\u00e4 ehk\u00e4ist\u00e4isiin. T\u00e4m\u00e4n lis\u00e4ksi sukelsimme kaupan rakenteiden maailmaan pohtimaan erilaisia tukkukauppoja sek\u00e4 v\u00e4hitt\u00e4istavarakauppoja.\" \/>\n<meta property=\"og:url\" content=\"https:\/\/blogit.gradia.fi\/topmerkonomi\/2014\/08\/21\/kaupan-tyota-ja-toimintaa-21-8-14\/\" \/>\n<meta property=\"og:site_name\" content=\"Topmerkonomi\" \/>\n<meta property=\"article:published_time\" content=\"2014-08-21T10:12:30+00:00\" \/>\n<meta name=\"author\" content=\"Heini Pennanen\" \/>\n<meta name=\"twitter:card\" content=\"summary_large_image\" \/>\n<meta name=\"twitter:label1\" content=\"Kirjoittanut\" \/>\n\t<meta name=\"twitter:data1\" content=\"Heini Pennanen\" \/>\n<script type=\"application\/ld+json\" class=\"yoast-schema-graph\">{\"@context\":\"https:\\\/\\\/schema.org\",\"@graph\":[{\"@type\":\"Article\",\"@id\":\"https:\\\/\\\/blogit.gradia.fi\\\/topmerkonomi\\\/2014\\\/08\\\/21\\\/kaupan-tyota-ja-toimintaa-21-8-14\\\/#article\",\"isPartOf\":{\"@id\":\"https:\\\/\\\/blogit.gradia.fi\\\/topmerkonomi\\\/2014\\\/08\\\/21\\\/kaupan-tyota-ja-toimintaa-21-8-14\\\/\"},\"author\":{\"name\":\"Heini Pennanen\",\"@id\":\"https:\\\/\\\/blogit.gradia.fi\\\/topmerkonomi\\\/#\\\/schema\\\/person\\\/d0b1cfd74c104683772b3edeac4e49ee\"},\"headline\":\"Kaupan ty\u00f6t\u00e4 ja toimintaa 21.8.14\",\"datePublished\":\"2014-08-21T10:12:30+00:00\",\"mainEntityOfPage\":{\"@id\":\"https:\\\/\\\/blogit.gradia.fi\\\/topmerkonomi\\\/2014\\\/08\\\/21\\\/kaupan-tyota-ja-toimintaa-21-8-14\\\/\"},\"wordCount\":50,\"commentCount\":0,\"inLanguage\":\"fi\",\"potentialAction\":[{\"@type\":\"CommentAction\",\"name\":\"Comment\",\"target\":[\"https:\\\/\\\/blogit.gradia.fi\\\/topmerkonomi\\\/2014\\\/08\\\/21\\\/kaupan-tyota-ja-toimintaa-21-8-14\\\/#respond\"]}]},{\"@type\":\"WebPage\",\"@id\":\"https:\\\/\\\/blogit.gradia.fi\\\/topmerkonomi\\\/2014\\\/08\\\/21\\\/kaupan-tyota-ja-toimintaa-21-8-14\\\/\",\"url\":\"https:\\\/\\\/blogit.gradia.fi\\\/topmerkonomi\\\/2014\\\/08\\\/21\\\/kaupan-tyota-ja-toimintaa-21-8-14\\\/\",\"name\":\"Kaupan ty\u00f6t\u00e4 ja toimintaa 21.8.14 - Topmerkonomi\",\"isPartOf\":{\"@id\":\"https:\\\/\\\/blogit.gradia.fi\\\/topmerkonomi\\\/#website\"},\"datePublished\":\"2014-08-21T10:12:30+00:00\",\"author\":{\"@id\":\"https:\\\/\\\/blogit.gradia.fi\\\/topmerkonomi\\\/#\\\/schema\\\/person\\\/d0b1cfd74c104683772b3edeac4e49ee\"},\"inLanguage\":\"fi\",\"potentialAction\":[{\"@type\":\"ReadAction\",\"target\":[\"https:\\\/\\\/blogit.gradia.fi\\\/topmerkonomi\\\/2014\\\/08\\\/21\\\/kaupan-tyota-ja-toimintaa-21-8-14\\\/\"]}]},{\"@type\":\"WebSite\",\"@id\":\"https:\\\/\\\/blogit.gradia.fi\\\/topmerkonomi\\\/#website\",\"url\":\"https:\\\/\\\/blogit.gradia.fi\\\/topmerkonomi\\\/\",\"name\":\"Topmerkonomi\",\"description\":\"Tarinaa ty\u00f6ss\u00e4oppimispainotteisen luokan opintojen etenemisest\u00e4\",\"potentialAction\":[{\"@type\":\"SearchAction\",\"target\":{\"@type\":\"EntryPoint\",\"urlTemplate\":\"https:\\\/\\\/blogit.gradia.fi\\\/topmerkonomi\\\/?s={search_term_string}\"},\"query-input\":{\"@type\":\"PropertyValueSpecification\",\"valueRequired\":true,\"valueName\":\"search_term_string\"}}],\"inLanguage\":\"fi\"},{\"@type\":\"Person\",\"@id\":\"https:\\\/\\\/blogit.gradia.fi\\\/topmerkonomi\\\/#\\\/schema\\\/person\\\/d0b1cfd74c104683772b3edeac4e49ee\",\"name\":\"Heini Pennanen\",\"image\":{\"@type\":\"ImageObject\",\"inLanguage\":\"fi\",\"@id\":\"https:\\\/\\\/secure.gravatar.com\\\/avatar\\\/3df99d3b29e3db1417790cce1fb1d33fa9a76bb7f8318326848fa7c14b5a086a?s=96&d=mm&r=g\",\"url\":\"https:\\\/\\\/secure.gravatar.com\\\/avatar\\\/3df99d3b29e3db1417790cce1fb1d33fa9a76bb7f8318326848fa7c14b5a086a?s=96&d=mm&r=g\",\"contentUrl\":\"https:\\\/\\\/secure.gravatar.com\\\/avatar\\\/3df99d3b29e3db1417790cce1fb1d33fa9a76bb7f8318326848fa7c14b5a086a?s=96&d=mm&r=g\",\"caption\":\"Heini Pennanen\"},\"url\":\"https:\\\/\\\/blogit.gradia.fi\\\/topmerkonomi\\\/author\\\/pennahei\\\/\"}]}<\/script>\n<!-- \/ Yoast SEO plugin. -->","yoast_head_json":{"title":"Kaupan ty\u00f6t\u00e4 ja toimintaa 21.8.14 - Topmerkonomi","robots":{"index":"index","follow":"follow","max-snippet":"max-snippet:-1","max-image-preview":"max-image-preview:large","max-video-preview":"max-video-preview:-1"},"canonical":"https:\/\/blogit.gradia.fi\/topmerkonomi\/2014\/08\/21\/kaupan-tyota-ja-toimintaa-21-8-14\/","og_locale":"fi_FI","og_type":"article","og_title":"Kaupan ty\u00f6t\u00e4 ja toimintaa 21.8.14 - Topmerkonomi","og_description":"Aamu alkoi varsin sateisissa merkeiss\u00e4, mutta keskustelu virisi kuitenkin k\u00e4yntiin h\u00e4vikki\u00e4 pohdittaessa. Kaivelimme esimerkkej\u00e4 ty\u00f6paikoilta h\u00e4vikin eri muodoista ja pohdimme kuinka niit\u00e4 ehk\u00e4ist\u00e4isiin. T\u00e4m\u00e4n lis\u00e4ksi sukelsimme kaupan rakenteiden maailmaan pohtimaan erilaisia tukkukauppoja sek\u00e4 v\u00e4hitt\u00e4istavarakauppoja.","og_url":"https:\/\/blogit.gradia.fi\/topmerkonomi\/2014\/08\/21\/kaupan-tyota-ja-toimintaa-21-8-14\/","og_site_name":"Topmerkonomi","article_published_time":"2014-08-21T10:12:30+00:00","author":"Heini Pennanen","twitter_card":"summary_large_image","twitter_misc":{"Kirjoittanut":"Heini Pennanen"},"schema":{"@context":"https:\/\/schema.org","@graph":[{"@type":"Article","@id":"https:\/\/blogit.gradia.fi\/topmerkonomi\/2014\/08\/21\/kaupan-tyota-ja-toimintaa-21-8-14\/#article","isPartOf":{"@id":"https:\/\/blogit.gradia.fi\/topmerkonomi\/2014\/08\/21\/kaupan-tyota-ja-toimintaa-21-8-14\/"},"author":{"name":"Heini Pennanen","@id":"https:\/\/blogit.gradia.fi\/topmerkonomi\/#\/schema\/person\/d0b1cfd74c104683772b3edeac4e49ee"},"headline":"Kaupan ty\u00f6t\u00e4 ja toimintaa 21.8.14","datePublished":"2014-08-21T10:12:30+00:00","mainEntityOfPage":{"@id":"https:\/\/blogit.gradia.fi\/topmerkonomi\/2014\/08\/21\/kaupan-tyota-ja-toimintaa-21-8-14\/"},"wordCount":50,"commentCount":0,"inLanguage":"fi","potentialAction":[{"@type":"CommentAction","name":"Comment","target":["https:\/\/blogit.gradia.fi\/topmerkonomi\/2014\/08\/21\/kaupan-tyota-ja-toimintaa-21-8-14\/#respond"]}]},{"@type":"WebPage","@id":"https:\/\/blogit.gradia.fi\/topmerkonomi\/2014\/08\/21\/kaupan-tyota-ja-toimintaa-21-8-14\/","url":"https:\/\/blogit.gradia.fi\/topmerkonomi\/2014\/08\/21\/kaupan-tyota-ja-toimintaa-21-8-14\/","name":"Kaupan ty\u00f6t\u00e4 ja toimintaa 21.8.14 - Topmerkonomi","isPartOf":{"@id":"https:\/\/blogit.gradia.fi\/topmerkonomi\/#website"},"datePublished":"2014-08-21T10:12:30+00:00","author":{"@id":"https:\/\/blogit.gradia.fi\/topmerkonomi\/#\/schema\/person\/d0b1cfd74c104683772b3edeac4e49ee"},"inLanguage":"fi","potentialAction":[{"@type":"ReadAction","target":["https:\/\/blogit.gradia.fi\/topmerkonomi\/2014\/08\/21\/kaupan-tyota-ja-toimintaa-21-8-14\/"]}]},{"@type":"WebSite","@id":"https:\/\/blogit.gradia.fi\/topmerkonomi\/#website","url":"https:\/\/blogit.gradia.fi\/topmerkonomi\/","name":"Topmerkonomi","description":"Tarinaa ty\u00f6ss\u00e4oppimispainotteisen luokan opintojen etenemisest\u00e4","potentialAction":[{"@type":"SearchAction","target":{"@type":"EntryPoint","urlTemplate":"https:\/\/blogit.gradia.fi\/topmerkonomi\/?s={search_term_string}"},"query-input":{"@type":"PropertyValueSpecification","valueRequired":true,"valueName":"search_term_string"}}],"inLanguage":"fi"},{"@type":"Person","@id":"https:\/\/blogit.gradia.fi\/topmerkonomi\/#\/schema\/person\/d0b1cfd74c104683772b3edeac4e49ee","name":"Heini Pennanen","image":{"@type":"ImageObject","inLanguage":"fi","@id":"https:\/\/secure.gravatar.com\/avatar\/3df99d3b29e3db1417790cce1fb1d33fa9a76bb7f8318326848fa7c14b5a086a?s=96&d=mm&r=g","url":"https:\/\/secure.gravatar.com\/avatar\/3df99d3b29e3db1417790cce1fb1d33fa9a76bb7f8318326848fa7c14b5a086a?s=96&d=mm&r=g","contentUrl":"https:\/\/secure.gravatar.com\/avatar\/3df99d3b29e3db1417790cce1fb1d33fa9a76bb7f8318326848fa7c14b5a086a?s=96&d=mm&r=g","caption":"Heini Pennanen"},"url":"https:\/\/blogit.gradia.fi\/topmerkonomi\/author\/pennahei\/"}]}},"uagb_featured_image_src":{"full":false,"thumbnail":false,"medium":false,"medium_large":false,"large":false,"1536x1536":false,"2048x2048":false,"post-thumbnail":false},"uagb_author_info":{"display_name":"Heini Pennanen","author_link":"https:\/\/blogit.gradia.fi\/topmerkonomi\/author\/pennahei\/"},"uagb_comment_info":0,"uagb_excerpt":"Aamu alkoi varsin sateisissa merkeiss\u00e4, mutta keskustelu virisi kuitenkin k\u00e4yntiin h\u00e4vikki\u00e4 pohdittaessa. Kaivelimme esimerkkej\u00e4 ty\u00f6paikoilta h\u00e4vikin eri muodoista ja pohdimme kuinka niit\u00e4 ehk\u00e4ist\u00e4isiin. T\u00e4m\u00e4n lis\u00e4ksi sukelsimme kaupan rakenteiden maailmaan pohtimaan erilaisia tukkukauppoja sek\u00e4 v\u00e4hitt\u00e4istavarakauppoja.","_links":{"self":[{"href":"https:\/\/blogit.gradia.fi\/topmerkonomi\/wp-json\/wp\/v2\/posts\/152","targetHints":{"allow":["GET"]}}],"collection":[{"href":"https:\/\/blogit.gradia.fi\/topmerkonomi\/wp-json\/wp\/v2\/posts"}],"about":[{"href":"https:\/\/blogit.gradia.fi\/topmerkonomi\/wp-json\/wp\/v2\/types\/post"}],"author":[{"embeddable":true,"href":"https:\/\/blogit.gradia.fi\/topmerkonomi\/wp-json\/wp\/v2\/users\/165"}],"replies":[{"embeddable":true,"href":"https:\/\/blogit.gradia.fi\/topmerkonomi\/wp-json\/wp\/v2\/comments?post=152"}],"version-history":[{"count":0,"href":"https:\/\/blogit.gradia.fi\/topmerkonomi\/wp-json\/wp\/v2\/posts\/152\/revisions"}],"wp:attachment":[{"href":"https:\/\/blogit.gradia.fi\/topmerkonomi\/wp-json\/wp\/v2\/media?parent=152"}],"wp:term":[{"taxonomy":"category","embeddable":true,"href":"https:\/\/blogit.gradia.fi\/topmerkonomi\/wp-json\/wp\/v2\/categories?post=152"},{"taxonomy":"post_tag","embeddable":true,"href":"https:\/\/blogit.gradia.fi\/topmerkonomi\/wp-json\/wp\/v2\/tags?post=152"}],"curies":[{"name":"wp","href":"https:\/\/api.w.org\/{rel}","templated":true}]}}