{"id":46,"date":"2016-02-22T15:59:11","date_gmt":"2016-02-22T13:59:11","guid":{"rendered":"https:\/\/blogit.gradia.fi\/soteammattilaiset\/?p=46"},"modified":"2016-02-22T15:59:11","modified_gmt":"2016-02-22T13:59:11","slug":"vanhustyon-erikoisammattitutkinto","status":"publish","type":"post","link":"https:\/\/blogit.gradia.fi\/soteammattilaiset\/2016\/02\/22\/vanhustyon-erikoisammattitutkinto\/","title":{"rendered":"Vanhusty\u00f6n erikoisammattitutkinto"},"content":{"rendered":"<p><em>Jyv\u00e4skyl\u00e4n aikuisopistossa vanhusty\u00f6n erikoisammattitutkintoa opiskellaan ns. non-stop -menetelm\u00e4ll\u00e4, opinnot voi aloittaa puolivuosittain. N\u00e4in ryhm\u00e4ss\u00e4 on aina erivaiheessa olevia tutkinnon suorittajia. He ovat kaikki vanhusty\u00f6n ammattilasia. T\u00e4ss\u00e4 kuuden opiskelijan pohdintoja helmikuun l\u00e4hiopiskelup\u00e4iv\u00e4n\u00e4:<\/em><\/p>\n<p>L\u00e4hdimme opiskelemaan vanhusty\u00f6n erikoisammattitutkintoa, jotta saisimme avaimia ty\u00f6n ja ty\u00f6paikan kehitt\u00e4misen tueksi. T\u00e4n\u00e4\u00e4n esimerkiksi meille oli luennoimassa Tuija Koivisto SOTE 2010 -hankkeesta, SOTE:n tavoitteet ja tulevaisuus selveniv\u00e4t meille. T\u00e4t\u00e4 tietoa viemme ty\u00f6yhteis\u00f6\u00f6n.<\/p>\n<p>T\u00e4m\u00e4 tutkinto on haastava, mutta antoisa. Osa meist\u00e4 opiskelee oppisopimuksella osa omaehtoisesti. Kolme valmistuu kev\u00e4\u00e4ll\u00e4 2016. Valmistuvien opinnot alkoivat syksyll\u00e4 2014. Paljon on opittu uutta, t\u00e4m\u00e4 tutkinnon osa (vanhusty\u00f6ss\u00e4 vastuuhenkil\u00f6n\u00e4 toimiminen) on varmasti haastavin. Loput jatkavat opintoja, uusia opiskelijoita liittyy mukaa puolivuosittain.<\/p>\n<p>.<a href=\"https:\/\/blogit.gradia.fi\/soteammattilaiset\/wp-content\/uploads\/sites\/103\/2016\/02\/WP_20160210_14_04_09_Pro.jpg\" rel=\"attachment wp-att-47\"><img loading=\"lazy\" decoding=\"async\" class=\"alignnone size-medium wp-image-47\" src=\"https:\/\/blogit.gradia.fi\/soteammattilaiset\/wp-content\/uploads\/sites\/103\/2016\/02\/WP_20160210_14_04_09_Pro-300x169.jpg\" alt=\"WP_20160210_14_04_09_Pro\" width=\"300\" height=\"169\" srcset=\"https:\/\/blogit.gradia.fi\/soteammattilaiset\/wp-content\/uploads\/sites\/103\/2016\/02\/WP_20160210_14_04_09_Pro-300x169.jpg 300w, https:\/\/blogit.gradia.fi\/soteammattilaiset\/wp-content\/uploads\/sites\/103\/2016\/02\/WP_20160210_14_04_09_Pro-768x432.jpg 768w, https:\/\/blogit.gradia.fi\/soteammattilaiset\/wp-content\/uploads\/sites\/103\/2016\/02\/WP_20160210_14_04_09_Pro-1024x576.jpg 1024w, https:\/\/blogit.gradia.fi\/soteammattilaiset\/wp-content\/uploads\/sites\/103\/2016\/02\/WP_20160210_14_04_09_Pro.jpg 1632w\" sizes=\"auto, (max-width: 300px) 100vw, 300px\" \/><\/a><\/p>\n<p>Opiskelu on avannut omat ja ty\u00f6yhteis\u00f6n silm\u00e4t n\u00e4kem\u00e4\u00e4n, ett\u00e4 vanhustenhoito on muutakin kuin hyv\u00e4\u00e4 perushoitoa. Opiskeluun liittyy k\u00e4yt\u00e4nn\u00f6n tarpeista nousevia omaa ty\u00f6yhteis\u00f6\u00e4 kehitt\u00e4vi\u00e4 teht\u00e4vi\u00e4. N\u00e4iss\u00e4 korostuu asiakasl\u00e4ht\u00f6isyys ja moniammatillisessa ty\u00f6yhteis\u00f6ss\u00e4 toimiminen.<\/p>\n<p>Nyt alkaneessa tutkinnon osassa, vanhusty\u00f6ss\u00e4 vastuuhenkil\u00f6n\u00e4 toimiminen, on sis\u00e4lt\u00f6in\u00e4 mm. vanhusty\u00f6n s\u00e4\u00e4d\u00f6kset, m\u00e4\u00e4r\u00e4ykset ja ohjeet, tiimity\u00f6, vanhusty\u00f6ss\u00e4 tarvittavan ammattitaidon arvioiminen, opiskelijoiden ja ty\u00f6kavereiden perehdytt\u00e4minen ja ohjaaminen sek\u00e4 taloudellisuus. My\u00f6s oman ja ty\u00f6yhteis\u00f6n hyvinvoinnin edist\u00e4minen on t\u00e4rke\u00e4\u00e4.<\/p>\n<p>T\u00e4n\u00e4 kev\u00e4\u00e4n\u00e4 opimme entist\u00e4 paremmin perustelemaan toimintaamme ja p\u00e4\u00e4t\u00f6ksi\u00e4mme sek\u00e4 toimimaan lains\u00e4\u00e4d\u00e4nn\u00f6n puitteissa. Tietoa hy\u00f6dynn\u00e4mme vanhusten ja omaisten ohjaamisessa.<\/p>\n<p><em>Mietteit\u00e4 kirjasivat VEAT-opiskelijat: P\u00e4ivi Heinovirta, Minna Mustola, Tuula Simonen, Mia Stylman-Lehtinen, Katja Taimola ja Anne Tanttu <\/em><\/p>\n<p><strong>\u00a0<\/strong><\/p>\n","protected":false},"excerpt":{"rendered":"<p>Jyv\u00e4skyl\u00e4n aikuisopistossa vanhusty\u00f6n erikoisammattitutkintoa opiskellaan ns. non-stop -menetelm\u00e4ll\u00e4, opinnot voi aloittaa puolivuosittain. N\u00e4in ryhm\u00e4ss\u00e4 on aina erivaiheessa olevia tutkinnon suorittajia. He ovat kaikki vanhusty\u00f6n ammattilasia. T\u00e4ss\u00e4 kuuden opiskelijan pohdintoja helmikuun l\u00e4hiopiskelup\u00e4iv\u00e4n\u00e4: L\u00e4hdimme opiskelemaan vanhusty\u00f6n erikoisammattitutkintoa, jotta saisimme avaimia ty\u00f6n ja ty\u00f6paikan kehitt\u00e4misen tueksi. T\u00e4n\u00e4\u00e4n esimerkiksi meille oli luennoimassa Tuija Koivisto SOTE 2010 -hankkeesta, SOTE:n tavoitteet &hellip; <a href=\"https:\/\/blogit.gradia.fi\/soteammattilaiset\/2016\/02\/22\/vanhustyon-erikoisammattitutkinto\/\" class=\"more-link\">Jatka lukemista <span class=\"screen-reader-text\">Vanhusty\u00f6n erikoisammattitutkinto<\/span> <span class=\"meta-nav\">&rarr;<\/span><\/a><\/p>\n","protected":false},"author":1131,"featured_media":0,"comment_status":"open","ping_status":"open","sticky":false,"template":"","format":"standard","meta":{"_uag_custom_page_level_css":"","footnotes":""},"categories":[1],"tags":[3,4],"class_list":["post-46","post","type-post","status-publish","format-standard","hentry","category-yleinen","tag-vanhustyo","tag-vanhustyon-erikoisammattitutkinto"],"yoast_head":"<!-- This site is optimized with the Yoast SEO plugin v27.5 - https:\/\/yoast.com\/product\/yoast-seo-wordpress\/ -->\n<title>Vanhusty\u00f6n erikoisammattitutkinto - Sote ammattilaiset<\/title>\n<meta name=\"robots\" content=\"index, follow, max-snippet:-1, max-image-preview:large, max-video-preview:-1\" \/>\n<link rel=\"canonical\" href=\"https:\/\/blogit.gradia.fi\/soteammattilaiset\/2016\/02\/22\/vanhustyon-erikoisammattitutkinto\/\" \/>\n<meta property=\"og:locale\" content=\"fi_FI\" \/>\n<meta property=\"og:type\" content=\"article\" \/>\n<meta property=\"og:title\" content=\"Vanhusty\u00f6n erikoisammattitutkinto - Sote ammattilaiset\" \/>\n<meta property=\"og:description\" content=\"Jyv\u00e4skyl\u00e4n aikuisopistossa vanhusty\u00f6n erikoisammattitutkintoa opiskellaan ns. non-stop -menetelm\u00e4ll\u00e4, opinnot voi aloittaa puolivuosittain. N\u00e4in ryhm\u00e4ss\u00e4 on aina erivaiheessa olevia tutkinnon suorittajia. He ovat kaikki vanhusty\u00f6n ammattilasia. T\u00e4ss\u00e4 kuuden opiskelijan pohdintoja helmikuun l\u00e4hiopiskelup\u00e4iv\u00e4n\u00e4: L\u00e4hdimme opiskelemaan vanhusty\u00f6n erikoisammattitutkintoa, jotta saisimme avaimia ty\u00f6n ja ty\u00f6paikan kehitt\u00e4misen tueksi. T\u00e4n\u00e4\u00e4n esimerkiksi meille oli luennoimassa Tuija Koivisto SOTE 2010 -hankkeesta, SOTE:n tavoitteet &hellip; Jatka lukemista Vanhusty\u00f6n erikoisammattitutkinto &rarr;\" \/>\n<meta property=\"og:url\" content=\"https:\/\/blogit.gradia.fi\/soteammattilaiset\/2016\/02\/22\/vanhustyon-erikoisammattitutkinto\/\" \/>\n<meta property=\"og:site_name\" content=\"Sote ammattilaiset\" \/>\n<meta property=\"article:published_time\" content=\"2016-02-22T13:59:11+00:00\" \/>\n<meta property=\"og:image\" content=\"https:\/\/blogit.gradia.fi\/soteammattilaiset\/wp-content\/uploads\/sites\/103\/2016\/02\/WP_20160210_14_04_09_Pro.jpg\" \/>\n\t<meta property=\"og:image:width\" content=\"1632\" \/>\n\t<meta property=\"og:image:height\" content=\"918\" \/>\n\t<meta property=\"og:image:type\" content=\"image\/jpeg\" \/>\n<meta name=\"author\" content=\"arkistoija\" \/>\n<meta name=\"twitter:card\" content=\"summary_large_image\" \/>\n<meta name=\"twitter:label1\" content=\"Kirjoittanut\" \/>\n\t<meta name=\"twitter:data1\" content=\"arkistoija\" \/>\n\t<meta name=\"twitter:label2\" content=\"Arvioitu lukuaika\" \/>\n\t<meta name=\"twitter:data2\" content=\"1 minuutti\" \/>\n<script type=\"application\/ld+json\" class=\"yoast-schema-graph\">{\"@context\":\"https:\\\/\\\/schema.org\",\"@graph\":[{\"@type\":\"Article\",\"@id\":\"https:\\\/\\\/blogit.gradia.fi\\\/soteammattilaiset\\\/2016\\\/02\\\/22\\\/vanhustyon-erikoisammattitutkinto\\\/#article\",\"isPartOf\":{\"@id\":\"https:\\\/\\\/blogit.gradia.fi\\\/soteammattilaiset\\\/2016\\\/02\\\/22\\\/vanhustyon-erikoisammattitutkinto\\\/\"},\"author\":{\"name\":\"arkistoija\",\"@id\":\"https:\\\/\\\/blogit.gradia.fi\\\/soteammattilaiset\\\/#\\\/schema\\\/person\\\/7c0f9369c55e66511d89304e30dff7fc\"},\"headline\":\"Vanhusty\u00f6n erikoisammattitutkinto\",\"datePublished\":\"2016-02-22T13:59:11+00:00\",\"mainEntityOfPage\":{\"@id\":\"https:\\\/\\\/blogit.gradia.fi\\\/soteammattilaiset\\\/2016\\\/02\\\/22\\\/vanhustyon-erikoisammattitutkinto\\\/\"},\"wordCount\":279,\"commentCount\":0,\"image\":{\"@id\":\"https:\\\/\\\/blogit.gradia.fi\\\/soteammattilaiset\\\/2016\\\/02\\\/22\\\/vanhustyon-erikoisammattitutkinto\\\/#primaryimage\"},\"thumbnailUrl\":\"https:\\\/\\\/blogit.gradia.fi\\\/soteammattilaiset\\\/wp-content\\\/uploads\\\/sites\\\/103\\\/2016\\\/02\\\/WP_20160210_14_04_09_Pro-300x169.jpg\",\"keywords\":[\"vanhusty\u00f6\",\"vanhusty\u00f6n erikoisammattitutkinto\"],\"inLanguage\":\"fi\",\"potentialAction\":[{\"@type\":\"CommentAction\",\"name\":\"Comment\",\"target\":[\"https:\\\/\\\/blogit.gradia.fi\\\/soteammattilaiset\\\/2016\\\/02\\\/22\\\/vanhustyon-erikoisammattitutkinto\\\/#respond\"]}]},{\"@type\":\"WebPage\",\"@id\":\"https:\\\/\\\/blogit.gradia.fi\\\/soteammattilaiset\\\/2016\\\/02\\\/22\\\/vanhustyon-erikoisammattitutkinto\\\/\",\"url\":\"https:\\\/\\\/blogit.gradia.fi\\\/soteammattilaiset\\\/2016\\\/02\\\/22\\\/vanhustyon-erikoisammattitutkinto\\\/\",\"name\":\"Vanhusty\u00f6n erikoisammattitutkinto - Sote ammattilaiset\",\"isPartOf\":{\"@id\":\"https:\\\/\\\/blogit.gradia.fi\\\/soteammattilaiset\\\/#website\"},\"primaryImageOfPage\":{\"@id\":\"https:\\\/\\\/blogit.gradia.fi\\\/soteammattilaiset\\\/2016\\\/02\\\/22\\\/vanhustyon-erikoisammattitutkinto\\\/#primaryimage\"},\"image\":{\"@id\":\"https:\\\/\\\/blogit.gradia.fi\\\/soteammattilaiset\\\/2016\\\/02\\\/22\\\/vanhustyon-erikoisammattitutkinto\\\/#primaryimage\"},\"thumbnailUrl\":\"https:\\\/\\\/blogit.gradia.fi\\\/soteammattilaiset\\\/wp-content\\\/uploads\\\/sites\\\/103\\\/2016\\\/02\\\/WP_20160210_14_04_09_Pro-300x169.jpg\",\"datePublished\":\"2016-02-22T13:59:11+00:00\",\"author\":{\"@id\":\"https:\\\/\\\/blogit.gradia.fi\\\/soteammattilaiset\\\/#\\\/schema\\\/person\\\/7c0f9369c55e66511d89304e30dff7fc\"},\"inLanguage\":\"fi\",\"potentialAction\":[{\"@type\":\"ReadAction\",\"target\":[\"https:\\\/\\\/blogit.gradia.fi\\\/soteammattilaiset\\\/2016\\\/02\\\/22\\\/vanhustyon-erikoisammattitutkinto\\\/\"]}]},{\"@type\":\"ImageObject\",\"inLanguage\":\"fi\",\"@id\":\"https:\\\/\\\/blogit.gradia.fi\\\/soteammattilaiset\\\/2016\\\/02\\\/22\\\/vanhustyon-erikoisammattitutkinto\\\/#primaryimage\",\"url\":\"https:\\\/\\\/blogit.gradia.fi\\\/soteammattilaiset\\\/wp-content\\\/uploads\\\/sites\\\/103\\\/2016\\\/02\\\/WP_20160210_14_04_09_Pro.jpg\",\"contentUrl\":\"https:\\\/\\\/blogit.gradia.fi\\\/soteammattilaiset\\\/wp-content\\\/uploads\\\/sites\\\/103\\\/2016\\\/02\\\/WP_20160210_14_04_09_Pro.jpg\",\"width\":1632,\"height\":918},{\"@type\":\"WebSite\",\"@id\":\"https:\\\/\\\/blogit.gradia.fi\\\/soteammattilaiset\\\/#website\",\"url\":\"https:\\\/\\\/blogit.gradia.fi\\\/soteammattilaiset\\\/\",\"name\":\"Sote ammattilaiset\",\"description\":\"Gradia Jyv\u00e4skyl\u00e4 \\\/ Osallisuus ja ohjaaminen palvelut ammatti- ja erikoisammattitutkinnot\",\"potentialAction\":[{\"@type\":\"SearchAction\",\"target\":{\"@type\":\"EntryPoint\",\"urlTemplate\":\"https:\\\/\\\/blogit.gradia.fi\\\/soteammattilaiset\\\/?s={search_term_string}\"},\"query-input\":{\"@type\":\"PropertyValueSpecification\",\"valueRequired\":true,\"valueName\":\"search_term_string\"}}],\"inLanguage\":\"fi\"},{\"@type\":\"Person\",\"@id\":\"https:\\\/\\\/blogit.gradia.fi\\\/soteammattilaiset\\\/#\\\/schema\\\/person\\\/7c0f9369c55e66511d89304e30dff7fc\",\"name\":\"arkistoija\",\"image\":{\"@type\":\"ImageObject\",\"inLanguage\":\"fi\",\"@id\":\"https:\\\/\\\/secure.gravatar.com\\\/avatar\\\/42e8c66b081268e60e8dd6fe8562e547e1a2a5e488c322818ec35170458cb1af?s=96&d=mm&r=g\",\"url\":\"https:\\\/\\\/secure.gravatar.com\\\/avatar\\\/42e8c66b081268e60e8dd6fe8562e547e1a2a5e488c322818ec35170458cb1af?s=96&d=mm&r=g\",\"contentUrl\":\"https:\\\/\\\/secure.gravatar.com\\\/avatar\\\/42e8c66b081268e60e8dd6fe8562e547e1a2a5e488c322818ec35170458cb1af?s=96&d=mm&r=g\",\"caption\":\"arkistoija\"},\"url\":\"https:\\\/\\\/blogit.gradia.fi\\\/soteammattilaiset\\\/author\\\/arkistoija\\\/\"}]}<\/script>\n<!-- \/ Yoast SEO plugin. -->","yoast_head_json":{"title":"Vanhusty\u00f6n erikoisammattitutkinto - Sote ammattilaiset","robots":{"index":"index","follow":"follow","max-snippet":"max-snippet:-1","max-image-preview":"max-image-preview:large","max-video-preview":"max-video-preview:-1"},"canonical":"https:\/\/blogit.gradia.fi\/soteammattilaiset\/2016\/02\/22\/vanhustyon-erikoisammattitutkinto\/","og_locale":"fi_FI","og_type":"article","og_title":"Vanhusty\u00f6n erikoisammattitutkinto - Sote ammattilaiset","og_description":"Jyv\u00e4skyl\u00e4n aikuisopistossa vanhusty\u00f6n erikoisammattitutkintoa opiskellaan ns. non-stop -menetelm\u00e4ll\u00e4, opinnot voi aloittaa puolivuosittain. N\u00e4in ryhm\u00e4ss\u00e4 on aina erivaiheessa olevia tutkinnon suorittajia. He ovat kaikki vanhusty\u00f6n ammattilasia. T\u00e4ss\u00e4 kuuden opiskelijan pohdintoja helmikuun l\u00e4hiopiskelup\u00e4iv\u00e4n\u00e4: L\u00e4hdimme opiskelemaan vanhusty\u00f6n erikoisammattitutkintoa, jotta saisimme avaimia ty\u00f6n ja ty\u00f6paikan kehitt\u00e4misen tueksi. T\u00e4n\u00e4\u00e4n esimerkiksi meille oli luennoimassa Tuija Koivisto SOTE 2010 -hankkeesta, SOTE:n tavoitteet &hellip; Jatka lukemista Vanhusty\u00f6n erikoisammattitutkinto &rarr;","og_url":"https:\/\/blogit.gradia.fi\/soteammattilaiset\/2016\/02\/22\/vanhustyon-erikoisammattitutkinto\/","og_site_name":"Sote ammattilaiset","article_published_time":"2016-02-22T13:59:11+00:00","og_image":[{"width":1632,"height":918,"url":"https:\/\/blogit.gradia.fi\/soteammattilaiset\/wp-content\/uploads\/sites\/103\/2016\/02\/WP_20160210_14_04_09_Pro.jpg","type":"image\/jpeg"}],"author":"arkistoija","twitter_card":"summary_large_image","twitter_misc":{"Kirjoittanut":"arkistoija","Arvioitu lukuaika":"1 minuutti"},"schema":{"@context":"https:\/\/schema.org","@graph":[{"@type":"Article","@id":"https:\/\/blogit.gradia.fi\/soteammattilaiset\/2016\/02\/22\/vanhustyon-erikoisammattitutkinto\/#article","isPartOf":{"@id":"https:\/\/blogit.gradia.fi\/soteammattilaiset\/2016\/02\/22\/vanhustyon-erikoisammattitutkinto\/"},"author":{"name":"arkistoija","@id":"https:\/\/blogit.gradia.fi\/soteammattilaiset\/#\/schema\/person\/7c0f9369c55e66511d89304e30dff7fc"},"headline":"Vanhusty\u00f6n erikoisammattitutkinto","datePublished":"2016-02-22T13:59:11+00:00","mainEntityOfPage":{"@id":"https:\/\/blogit.gradia.fi\/soteammattilaiset\/2016\/02\/22\/vanhustyon-erikoisammattitutkinto\/"},"wordCount":279,"commentCount":0,"image":{"@id":"https:\/\/blogit.gradia.fi\/soteammattilaiset\/2016\/02\/22\/vanhustyon-erikoisammattitutkinto\/#primaryimage"},"thumbnailUrl":"https:\/\/blogit.gradia.fi\/soteammattilaiset\/wp-content\/uploads\/sites\/103\/2016\/02\/WP_20160210_14_04_09_Pro-300x169.jpg","keywords":["vanhusty\u00f6","vanhusty\u00f6n erikoisammattitutkinto"],"inLanguage":"fi","potentialAction":[{"@type":"CommentAction","name":"Comment","target":["https:\/\/blogit.gradia.fi\/soteammattilaiset\/2016\/02\/22\/vanhustyon-erikoisammattitutkinto\/#respond"]}]},{"@type":"WebPage","@id":"https:\/\/blogit.gradia.fi\/soteammattilaiset\/2016\/02\/22\/vanhustyon-erikoisammattitutkinto\/","url":"https:\/\/blogit.gradia.fi\/soteammattilaiset\/2016\/02\/22\/vanhustyon-erikoisammattitutkinto\/","name":"Vanhusty\u00f6n erikoisammattitutkinto - Sote ammattilaiset","isPartOf":{"@id":"https:\/\/blogit.gradia.fi\/soteammattilaiset\/#website"},"primaryImageOfPage":{"@id":"https:\/\/blogit.gradia.fi\/soteammattilaiset\/2016\/02\/22\/vanhustyon-erikoisammattitutkinto\/#primaryimage"},"image":{"@id":"https:\/\/blogit.gradia.fi\/soteammattilaiset\/2016\/02\/22\/vanhustyon-erikoisammattitutkinto\/#primaryimage"},"thumbnailUrl":"https:\/\/blogit.gradia.fi\/soteammattilaiset\/wp-content\/uploads\/sites\/103\/2016\/02\/WP_20160210_14_04_09_Pro-300x169.jpg","datePublished":"2016-02-22T13:59:11+00:00","author":{"@id":"https:\/\/blogit.gradia.fi\/soteammattilaiset\/#\/schema\/person\/7c0f9369c55e66511d89304e30dff7fc"},"inLanguage":"fi","potentialAction":[{"@type":"ReadAction","target":["https:\/\/blogit.gradia.fi\/soteammattilaiset\/2016\/02\/22\/vanhustyon-erikoisammattitutkinto\/"]}]},{"@type":"ImageObject","inLanguage":"fi","@id":"https:\/\/blogit.gradia.fi\/soteammattilaiset\/2016\/02\/22\/vanhustyon-erikoisammattitutkinto\/#primaryimage","url":"https:\/\/blogit.gradia.fi\/soteammattilaiset\/wp-content\/uploads\/sites\/103\/2016\/02\/WP_20160210_14_04_09_Pro.jpg","contentUrl":"https:\/\/blogit.gradia.fi\/soteammattilaiset\/wp-content\/uploads\/sites\/103\/2016\/02\/WP_20160210_14_04_09_Pro.jpg","width":1632,"height":918},{"@type":"WebSite","@id":"https:\/\/blogit.gradia.fi\/soteammattilaiset\/#website","url":"https:\/\/blogit.gradia.fi\/soteammattilaiset\/","name":"Sote ammattilaiset","description":"Gradia Jyv\u00e4skyl\u00e4 \/ Osallisuus ja ohjaaminen palvelut ammatti- ja erikoisammattitutkinnot","potentialAction":[{"@type":"SearchAction","target":{"@type":"EntryPoint","urlTemplate":"https:\/\/blogit.gradia.fi\/soteammattilaiset\/?s={search_term_string}"},"query-input":{"@type":"PropertyValueSpecification","valueRequired":true,"valueName":"search_term_string"}}],"inLanguage":"fi"},{"@type":"Person","@id":"https:\/\/blogit.gradia.fi\/soteammattilaiset\/#\/schema\/person\/7c0f9369c55e66511d89304e30dff7fc","name":"arkistoija","image":{"@type":"ImageObject","inLanguage":"fi","@id":"https:\/\/secure.gravatar.com\/avatar\/42e8c66b081268e60e8dd6fe8562e547e1a2a5e488c322818ec35170458cb1af?s=96&d=mm&r=g","url":"https:\/\/secure.gravatar.com\/avatar\/42e8c66b081268e60e8dd6fe8562e547e1a2a5e488c322818ec35170458cb1af?s=96&d=mm&r=g","contentUrl":"https:\/\/secure.gravatar.com\/avatar\/42e8c66b081268e60e8dd6fe8562e547e1a2a5e488c322818ec35170458cb1af?s=96&d=mm&r=g","caption":"arkistoija"},"url":"https:\/\/blogit.gradia.fi\/soteammattilaiset\/author\/arkistoija\/"}]}},"uagb_featured_image_src":{"full":false,"thumbnail":false,"medium":false,"medium_large":false,"large":false,"1536x1536":false,"2048x2048":false,"post-thumbnail":false},"uagb_author_info":{"display_name":"arkistoija","author_link":"https:\/\/blogit.gradia.fi\/soteammattilaiset\/author\/arkistoija\/"},"uagb_comment_info":7,"uagb_excerpt":"Jyv\u00e4skyl\u00e4n aikuisopistossa vanhusty\u00f6n erikoisammattitutkintoa opiskellaan ns. non-stop -menetelm\u00e4ll\u00e4, opinnot voi aloittaa puolivuosittain. N\u00e4in ryhm\u00e4ss\u00e4 on aina erivaiheessa olevia tutkinnon suorittajia. He ovat kaikki vanhusty\u00f6n ammattilasia. T\u00e4ss\u00e4 kuuden opiskelijan pohdintoja helmikuun l\u00e4hiopiskelup\u00e4iv\u00e4n\u00e4: L\u00e4hdimme opiskelemaan vanhusty\u00f6n erikoisammattitutkintoa, jotta saisimme avaimia ty\u00f6n ja ty\u00f6paikan kehitt\u00e4misen tueksi. T\u00e4n\u00e4\u00e4n esimerkiksi meille oli luennoimassa Tuija Koivisto SOTE 2010 -hankkeesta, SOTE:n tavoitteet&hellip;","_links":{"self":[{"href":"https:\/\/blogit.gradia.fi\/soteammattilaiset\/wp-json\/wp\/v2\/posts\/46","targetHints":{"allow":["GET"]}}],"collection":[{"href":"https:\/\/blogit.gradia.fi\/soteammattilaiset\/wp-json\/wp\/v2\/posts"}],"about":[{"href":"https:\/\/blogit.gradia.fi\/soteammattilaiset\/wp-json\/wp\/v2\/types\/post"}],"author":[{"embeddable":true,"href":"https:\/\/blogit.gradia.fi\/soteammattilaiset\/wp-json\/wp\/v2\/users\/1131"}],"replies":[{"embeddable":true,"href":"https:\/\/blogit.gradia.fi\/soteammattilaiset\/wp-json\/wp\/v2\/comments?post=46"}],"version-history":[{"count":0,"href":"https:\/\/blogit.gradia.fi\/soteammattilaiset\/wp-json\/wp\/v2\/posts\/46\/revisions"}],"wp:attachment":[{"href":"https:\/\/blogit.gradia.fi\/soteammattilaiset\/wp-json\/wp\/v2\/media?parent=46"}],"wp:term":[{"taxonomy":"category","embeddable":true,"href":"https:\/\/blogit.gradia.fi\/soteammattilaiset\/wp-json\/wp\/v2\/categories?post=46"},{"taxonomy":"post_tag","embeddable":true,"href":"https:\/\/blogit.gradia.fi\/soteammattilaiset\/wp-json\/wp\/v2\/tags?post=46"}],"curies":[{"name":"wp","href":"https:\/\/api.w.org\/{rel}","templated":true}]}}