{"id":383,"date":"2018-10-31T20:08:03","date_gmt":"2018-10-31T18:08:03","guid":{"rendered":"https:\/\/blogit.gradia.fi\/soteammattilaiset\/?p=383"},"modified":"2018-10-31T20:09:57","modified_gmt":"2018-10-31T18:09:57","slug":"kamera-ja-kuva","status":"publish","type":"post","link":"https:\/\/blogit.gradia.fi\/soteammattilaiset\/2018\/10\/31\/kamera-ja-kuva\/","title":{"rendered":"Kamera ja kuva &#8211; katse maailmaan ja itseen"},"content":{"rendered":"<p>Olen mielenterveys- ja p\u00e4ihdety\u00f6n ammattitutkinnon aikuisopiskelija Jyv\u00e4skyl\u00e4n Gradiasta ja suoritin Vaajakosken Suvanto Ry:n p\u00e4iv\u00e4keskuksessa kaksi tutkinnon osan ty\u00f6ss\u00e4oppimista sek\u00e4 n\u00e4ytt\u00f6\u00e4. Yhdistyksen tavoitteena on j\u00e4rjest\u00e4\u00e4 aktivoivaa p\u00e4iv\u00e4toimintaa ehk\u00e4isem\u00e4\u00e4n p\u00e4ihde-ja syrj\u00e4ytymishaittoja. P\u00e4iv\u00e4keskus antaa opiskelijalle hyv\u00e4t mahdollisuudet kokeilla erilaista toimintaa ja sainkin toteuttaa ideoitani sek\u00e4 hy\u00f6dynt\u00e4\u00e4 omaa osaamistani mm. valokuvaamisen saralta.<\/p>\n<p>Syyskuun alkup\u00e4iviin sijoittuvaan n\u00e4ytt\u00f6\u00f6n sis\u00e4llytin p\u00e4iv\u00e4n, jolloin halukkaat asiakkaat saivat tutustua digitaalisen j\u00e4rjestelm\u00e4kameran ja valokuvauksen kiehtovaan maailmaan. Oman kamerani lis\u00e4ksi vapaaehtoisty\u00f6ntekij\u00e4n omistamalla valokuvauskalustolla saimme kasattua tarvittavat ty\u00f6v\u00e4lineet ja siten k\u00e4yt\u00f6ss\u00e4mme oli seitsem\u00e4n kameraa pienill\u00e4 zoom-objektiiveilla sek\u00e4 mahdollisuus kokeilla my\u00f6s 55-250mm objektiivia. Omat pokkarikamerat sek\u00e4 k\u00e4nnyk\u00e4t olivat kuitenkin tervetullut lis\u00e4 j\u00e4re\u00e4mpien kameroiden joukkoon.<\/p>\n<p>Kuvausp\u00e4iv\u00e4 oli harmaa, mutta valon pehmeys juuri sopiva kuvaamiseen. Vuorotellen pieniss\u00e4 ryhmiss\u00e4 ja kamerat kaulassa l\u00e4hdimme tutustumaan Varassaaren maisemiin, rakennuksiin ja yksityiskohtiin. Aihe oli vapaa ja kuvattavaa l\u00f6ytyikin runsaasti, niin veneist\u00e4 vanhoihin autoihin, kuin linnunsulista silkkiuikun lentoonl\u00e4ht\u00f6\u00f6n. Oma roolini oli opastaa v\u00e4lineiden k\u00e4ytt\u00f6\u00e4 ja antaa muutamia vinkkej\u00e4 mm. kuvakulmiin ja rajauksiin liittyen, mutta muuten kuvaajat saivat luoda oman \u201dmaailmansa\u201d kameran takana toimien. Ja taisihan siin\u00e4 moni olla kameran edess\u00e4kin, mutta hyv\u00e4ss\u00e4 hengess\u00e4 ja luvan kanssa.<\/p>\n<p>Kuvia kertyi kiitett\u00e4v\u00e4 m\u00e4\u00e4r\u00e4 ja seuraavalle p\u00e4iv\u00e4lle sovimme yhteisen tuokion, jolloin n\u00e4ytin isolta ruudulta diaesityksen\u00e4 valitsemani kuvat, joten my\u00f6s muut saivat n\u00e4hd\u00e4 ne hetket, kun kuvaaja pys\u00e4htyy ja taltioi juuri sen, mik\u00e4 on her\u00e4tt\u00e4nyt h\u00e4nen huomionsa. Kaikki kuvat olisivat olleet n\u00e4ytt\u00e4misen arvoisia, mutta valitettavasti siihen ei olisi riitt\u00e4nyt aika, joten valitsin jokaiselta muutaman kuvan esitykseen ja sanonta \u201dkuvat puhukoot puolestaan\u201d on hyvin osuva t\u00e4h\u00e4n tilanteeseen. Asiakkaiden kanssa k\u00e4vin heid\u00e4n omat kuvansa l\u00e4pi ja keskustelimme, mik\u00e4 onnistui tai miten olisi voinut kuvan ottaa toisin sek\u00e4 tietysti my\u00f6s, mitk\u00e4 kuvat olivat heille mieluisimpia. T\u00e4rkeint\u00e4 oli, ett\u00e4 asiakas sai toteuttaa omaa n\u00e4kemyst\u00e4\u00e4n ja huomata osaavansa jotain sellaista, mit\u00e4 ei ole tullut ehk\u00e4 edes ajatelleeksikaan.<\/p>\n<p><a href=\"https:\/\/blogit.gradia.fi\/soteammattilaiset\/wp-content\/uploads\/sites\/103\/2018\/10\/IMG_8807-4.jpg\"><img loading=\"lazy\" decoding=\"async\" src=\"https:\/\/blogit.gradia.fi\/soteammattilaiset\/wp-content\/uploads\/sites\/103\/2018\/10\/IMG_8807-4-1024x682.jpg\" alt=\"\" width=\"604\" height=\"402\" class=\"aligncenter size-large wp-image-371\" srcset=\"https:\/\/blogit.gradia.fi\/soteammattilaiset\/wp-content\/uploads\/sites\/103\/2018\/10\/IMG_8807-4-1024x682.jpg 1024w, https:\/\/blogit.gradia.fi\/soteammattilaiset\/wp-content\/uploads\/sites\/103\/2018\/10\/IMG_8807-4-300x200.jpg 300w, https:\/\/blogit.gradia.fi\/soteammattilaiset\/wp-content\/uploads\/sites\/103\/2018\/10\/IMG_8807-4-768x512.jpg 768w, https:\/\/blogit.gradia.fi\/soteammattilaiset\/wp-content\/uploads\/sites\/103\/2018\/10\/IMG_8807-4.jpg 2000w\" sizes=\"auto, (max-width: 604px) 100vw, 604px\" \/><\/a><\/p>\n<p>Jos aikaa olisi ollut enemm\u00e4n, olisimme kokeilleet kuvank\u00e4sittely\u00e4 ja ty\u00f6st\u00e4neet kuvia eri tarkoituksiin. Muutamia kuvia muutimme mustavalkoisiksi n\u00e4hd\u00e4ksemme, miten kuvan luonne muuttuu yhdell\u00e4 klikkauksella ja miten pienill\u00e4 teoilla voi saada aikaan suuriakin vaikutuksia ja muutoksia. Asiakkaat kokivat t\u00e4m\u00e4n koko toiminnan mielekk\u00e4\u00e4n\u00e4 ja monelle se antoi toiveita ja tavoitteita ehk\u00e4 jopa oman kameran hankkimisesta. Kuka suunnitteli k\u00e4ytt\u00e4v\u00e4ns\u00e4 kuvia taulujen maalaamiseen, toinen mietti, miten mahtavaa olisi saada ottaa kunnon kuvia esim. urheilutapahtumassa ja joillekin ajatus j\u00e4i kytem\u00e4\u00e4n kotimatkallekin \u201dmiten hieno kuva t\u00e4st\u00e4kin tulisi\u201d-tyyliin.<\/p>\n<p>Mit\u00e4 t\u00e4m\u00e4 p\u00e4iv\u00e4 sitten antoi meille, niiden satojen kuvien lis\u00e4ksi? Mukavaa yhdess\u00e4oloa, onnistumisen iloa, hersyv\u00e4\u00e4 naurua ja rentoutumista raikkaassa ilmassa. Tarvittiin my\u00f6s rauhoittumista ja keskittymist\u00e4 ja se loi pohjan vakavien ja kipeiden asioiden k\u00e4sittelemiseen ja niist\u00e4 kertomiseen. Miten paljon helpompaa onkaan puhua vaikeista asioista, kun asiakkaan ja ty\u00f6ntekij\u00e4n v\u00e4lill\u00e4 ei ole p\u00f6yt\u00e4\u00e4, vaan voi samalla katsella ymp\u00e4r\u00f6iv\u00e4\u00e4 maailmaa ja ehk\u00e4 ottaa jokunen kuvakin? Pohdimme my\u00f6s yhdess\u00e4, millainen vaikutus etenkin j\u00e4rjestelm\u00e4kameralla kuvaamisella on, kuinka kamera ja tiivis kuva rajaavat muun maailman pois eli on vain \u201dMin\u00e4, Kamera ja Kohde\u201d. Kuva kertoo kohteen lis\u00e4ksi hyvin paljon my\u00f6s kuvaajasta itsest\u00e4\u00e4n ja h\u00e4nen tavastaan n\u00e4hd\u00e4 maailmaa kameran l\u00e4pi. Mik\u00e4 h\u00e4nt\u00e4 kiinnostaa? Mitk\u00e4 h\u00e4nen tunteensa ovat? Mik\u00e4 on h\u00e4nelle t\u00e4rke\u00e4\u00e4? Rosoinen ja ehk\u00e4 v\u00e4h\u00e4n vinksallaankin oleva kuva voi olla aivan yht\u00e4 mieleenpainuva ja kaunis kuin hieno otos j\u00e4rvimaisemasta ja auringonlaskustakin.<\/p>\n<p>              &#8221;Kaikki se kuuluu el\u00e4m\u00e4\u00e4n&#8221;<br \/>\n<a href=\"https:\/\/blogit.gradia.fi\/soteammattilaiset\/wp-content\/uploads\/sites\/103\/2018\/10\/uusi-vene.jpg\"><img loading=\"lazy\" decoding=\"async\" src=\"https:\/\/blogit.gradia.fi\/soteammattilaiset\/wp-content\/uploads\/sites\/103\/2018\/10\/uusi-vene-1024x682.jpg\" alt=\"\" width=\"604\" height=\"402\" class=\"aligncenter size-large wp-image-373\" srcset=\"https:\/\/blogit.gradia.fi\/soteammattilaiset\/wp-content\/uploads\/sites\/103\/2018\/10\/uusi-vene-1024x682.jpg 1024w, https:\/\/blogit.gradia.fi\/soteammattilaiset\/wp-content\/uploads\/sites\/103\/2018\/10\/uusi-vene-300x200.jpg 300w, https:\/\/blogit.gradia.fi\/soteammattilaiset\/wp-content\/uploads\/sites\/103\/2018\/10\/uusi-vene-768x512.jpg 768w, https:\/\/blogit.gradia.fi\/soteammattilaiset\/wp-content\/uploads\/sites\/103\/2018\/10\/uusi-vene.jpg 2000w\" sizes=\"auto, (max-width: 604px) 100vw, 604px\" \/><\/a><\/p>\n<p>Teija Tikkanen <\/p>\n","protected":false},"excerpt":{"rendered":"<p>Olen mielenterveys- ja p\u00e4ihdety\u00f6n ammattitutkinnon aikuisopiskelija Jyv\u00e4skyl\u00e4n Gradiasta ja suoritin Vaajakosken Suvanto Ry:n p\u00e4iv\u00e4keskuksessa kaksi tutkinnon osan ty\u00f6ss\u00e4oppimista sek\u00e4 n\u00e4ytt\u00f6\u00e4. Yhdistyksen tavoitteena on j\u00e4rjest\u00e4\u00e4 aktivoivaa p\u00e4iv\u00e4toimintaa ehk\u00e4isem\u00e4\u00e4n p\u00e4ihde-ja syrj\u00e4ytymishaittoja. P\u00e4iv\u00e4keskus antaa opiskelijalle hyv\u00e4t mahdollisuudet kokeilla erilaista toimintaa ja sainkin toteuttaa ideoitani sek\u00e4 hy\u00f6dynt\u00e4\u00e4 omaa osaamistani mm. valokuvaamisen saralta. Syyskuun alkup\u00e4iviin sijoittuvaan n\u00e4ytt\u00f6\u00f6n sis\u00e4llytin p\u00e4iv\u00e4n, jolloin &hellip; <a href=\"https:\/\/blogit.gradia.fi\/soteammattilaiset\/2018\/10\/31\/kamera-ja-kuva\/\" class=\"more-link\">Jatka lukemista <span class=\"screen-reader-text\">Kamera ja kuva &#8211; katse maailmaan ja itseen<\/span> <span class=\"meta-nav\">&rarr;<\/span><\/a><\/p>\n","protected":false},"author":1131,"featured_media":387,"comment_status":"open","ping_status":"open","sticky":false,"template":"","format":"standard","meta":{"_uag_custom_page_level_css":"","footnotes":""},"categories":[1],"tags":[],"class_list":["post-383","post","type-post","status-publish","format-standard","has-post-thumbnail","hentry","category-yleinen"],"yoast_head":"<!-- This site is optimized with the Yoast SEO plugin v27.5 - https:\/\/yoast.com\/product\/yoast-seo-wordpress\/ -->\n<title>Kamera ja kuva - katse maailmaan ja itseen - Sote ammattilaiset<\/title>\n<meta name=\"robots\" content=\"index, follow, max-snippet:-1, max-image-preview:large, max-video-preview:-1\" \/>\n<link rel=\"canonical\" href=\"https:\/\/blogit.gradia.fi\/soteammattilaiset\/2018\/10\/31\/kamera-ja-kuva\/\" \/>\n<meta property=\"og:locale\" content=\"fi_FI\" \/>\n<meta property=\"og:type\" content=\"article\" \/>\n<meta property=\"og:title\" content=\"Kamera ja kuva - katse maailmaan ja itseen - Sote ammattilaiset\" \/>\n<meta property=\"og:description\" content=\"Olen mielenterveys- ja p\u00e4ihdety\u00f6n ammattitutkinnon aikuisopiskelija Jyv\u00e4skyl\u00e4n Gradiasta ja suoritin Vaajakosken Suvanto Ry:n p\u00e4iv\u00e4keskuksessa kaksi tutkinnon osan ty\u00f6ss\u00e4oppimista sek\u00e4 n\u00e4ytt\u00f6\u00e4. Yhdistyksen tavoitteena on j\u00e4rjest\u00e4\u00e4 aktivoivaa p\u00e4iv\u00e4toimintaa ehk\u00e4isem\u00e4\u00e4n p\u00e4ihde-ja syrj\u00e4ytymishaittoja. P\u00e4iv\u00e4keskus antaa opiskelijalle hyv\u00e4t mahdollisuudet kokeilla erilaista toimintaa ja sainkin toteuttaa ideoitani sek\u00e4 hy\u00f6dynt\u00e4\u00e4 omaa osaamistani mm. valokuvaamisen saralta. Syyskuun alkup\u00e4iviin sijoittuvaan n\u00e4ytt\u00f6\u00f6n sis\u00e4llytin p\u00e4iv\u00e4n, jolloin &hellip; Jatka lukemista Kamera ja kuva &#8211; katse maailmaan ja itseen &rarr;\" \/>\n<meta property=\"og:url\" content=\"https:\/\/blogit.gradia.fi\/soteammattilaiset\/2018\/10\/31\/kamera-ja-kuva\/\" \/>\n<meta property=\"og:site_name\" content=\"Sote ammattilaiset\" \/>\n<meta property=\"article:published_time\" content=\"2018-10-31T18:08:03+00:00\" \/>\n<meta property=\"article:modified_time\" content=\"2018-10-31T18:09:57+00:00\" \/>\n<meta property=\"og:image\" content=\"https:\/\/blogit.gradia.fi\/soteammattilaiset\/wp-content\/uploads\/sites\/103\/2018\/10\/20180906_102801-1-767x1024.jpg\" \/>\n\t<meta property=\"og:image:width\" content=\"767\" \/>\n\t<meta property=\"og:image:height\" content=\"1024\" \/>\n\t<meta property=\"og:image:type\" content=\"image\/jpeg\" \/>\n<meta name=\"author\" content=\"arkistoija\" \/>\n<meta name=\"twitter:card\" content=\"summary_large_image\" \/>\n<meta name=\"twitter:label1\" content=\"Kirjoittanut\" \/>\n\t<meta name=\"twitter:data1\" content=\"arkistoija\" \/>\n\t<meta name=\"twitter:label2\" content=\"Arvioitu lukuaika\" \/>\n\t<meta name=\"twitter:data2\" content=\"3 minuuttia\" \/>\n<script type=\"application\/ld+json\" class=\"yoast-schema-graph\">{\"@context\":\"https:\\\/\\\/schema.org\",\"@graph\":[{\"@type\":\"Article\",\"@id\":\"https:\\\/\\\/blogit.gradia.fi\\\/soteammattilaiset\\\/2018\\\/10\\\/31\\\/kamera-ja-kuva\\\/#article\",\"isPartOf\":{\"@id\":\"https:\\\/\\\/blogit.gradia.fi\\\/soteammattilaiset\\\/2018\\\/10\\\/31\\\/kamera-ja-kuva\\\/\"},\"author\":{\"name\":\"arkistoija\",\"@id\":\"https:\\\/\\\/blogit.gradia.fi\\\/soteammattilaiset\\\/#\\\/schema\\\/person\\\/7c0f9369c55e66511d89304e30dff7fc\"},\"headline\":\"Kamera ja kuva &#8211; katse maailmaan ja itseen\",\"datePublished\":\"2018-10-31T18:08:03+00:00\",\"dateModified\":\"2018-10-31T18:09:57+00:00\",\"mainEntityOfPage\":{\"@id\":\"https:\\\/\\\/blogit.gradia.fi\\\/soteammattilaiset\\\/2018\\\/10\\\/31\\\/kamera-ja-kuva\\\/\"},\"wordCount\":639,\"commentCount\":0,\"image\":{\"@id\":\"https:\\\/\\\/blogit.gradia.fi\\\/soteammattilaiset\\\/2018\\\/10\\\/31\\\/kamera-ja-kuva\\\/#primaryimage\"},\"thumbnailUrl\":\"https:\\\/\\\/blogit.gradia.fi\\\/soteammattilaiset\\\/wp-content\\\/uploads\\\/sites\\\/103\\\/2018\\\/10\\\/20180906_102801-1.jpg\",\"inLanguage\":\"fi\",\"potentialAction\":[{\"@type\":\"CommentAction\",\"name\":\"Comment\",\"target\":[\"https:\\\/\\\/blogit.gradia.fi\\\/soteammattilaiset\\\/2018\\\/10\\\/31\\\/kamera-ja-kuva\\\/#respond\"]}]},{\"@type\":\"WebPage\",\"@id\":\"https:\\\/\\\/blogit.gradia.fi\\\/soteammattilaiset\\\/2018\\\/10\\\/31\\\/kamera-ja-kuva\\\/\",\"url\":\"https:\\\/\\\/blogit.gradia.fi\\\/soteammattilaiset\\\/2018\\\/10\\\/31\\\/kamera-ja-kuva\\\/\",\"name\":\"Kamera ja kuva - katse maailmaan ja itseen - Sote ammattilaiset\",\"isPartOf\":{\"@id\":\"https:\\\/\\\/blogit.gradia.fi\\\/soteammattilaiset\\\/#website\"},\"primaryImageOfPage\":{\"@id\":\"https:\\\/\\\/blogit.gradia.fi\\\/soteammattilaiset\\\/2018\\\/10\\\/31\\\/kamera-ja-kuva\\\/#primaryimage\"},\"image\":{\"@id\":\"https:\\\/\\\/blogit.gradia.fi\\\/soteammattilaiset\\\/2018\\\/10\\\/31\\\/kamera-ja-kuva\\\/#primaryimage\"},\"thumbnailUrl\":\"https:\\\/\\\/blogit.gradia.fi\\\/soteammattilaiset\\\/wp-content\\\/uploads\\\/sites\\\/103\\\/2018\\\/10\\\/20180906_102801-1.jpg\",\"datePublished\":\"2018-10-31T18:08:03+00:00\",\"dateModified\":\"2018-10-31T18:09:57+00:00\",\"author\":{\"@id\":\"https:\\\/\\\/blogit.gradia.fi\\\/soteammattilaiset\\\/#\\\/schema\\\/person\\\/7c0f9369c55e66511d89304e30dff7fc\"},\"inLanguage\":\"fi\",\"potentialAction\":[{\"@type\":\"ReadAction\",\"target\":[\"https:\\\/\\\/blogit.gradia.fi\\\/soteammattilaiset\\\/2018\\\/10\\\/31\\\/kamera-ja-kuva\\\/\"]}]},{\"@type\":\"ImageObject\",\"inLanguage\":\"fi\",\"@id\":\"https:\\\/\\\/blogit.gradia.fi\\\/soteammattilaiset\\\/2018\\\/10\\\/31\\\/kamera-ja-kuva\\\/#primaryimage\",\"url\":\"https:\\\/\\\/blogit.gradia.fi\\\/soteammattilaiset\\\/wp-content\\\/uploads\\\/sites\\\/103\\\/2018\\\/10\\\/20180906_102801-1.jpg\",\"contentUrl\":\"https:\\\/\\\/blogit.gradia.fi\\\/soteammattilaiset\\\/wp-content\\\/uploads\\\/sites\\\/103\\\/2018\\\/10\\\/20180906_102801-1.jpg\",\"width\":1499,\"height\":2000},{\"@type\":\"WebSite\",\"@id\":\"https:\\\/\\\/blogit.gradia.fi\\\/soteammattilaiset\\\/#website\",\"url\":\"https:\\\/\\\/blogit.gradia.fi\\\/soteammattilaiset\\\/\",\"name\":\"Sote ammattilaiset\",\"description\":\"Gradia Jyv\u00e4skyl\u00e4 \\\/ Osallisuus ja ohjaaminen palvelut ammatti- ja erikoisammattitutkinnot\",\"potentialAction\":[{\"@type\":\"SearchAction\",\"target\":{\"@type\":\"EntryPoint\",\"urlTemplate\":\"https:\\\/\\\/blogit.gradia.fi\\\/soteammattilaiset\\\/?s={search_term_string}\"},\"query-input\":{\"@type\":\"PropertyValueSpecification\",\"valueRequired\":true,\"valueName\":\"search_term_string\"}}],\"inLanguage\":\"fi\"},{\"@type\":\"Person\",\"@id\":\"https:\\\/\\\/blogit.gradia.fi\\\/soteammattilaiset\\\/#\\\/schema\\\/person\\\/7c0f9369c55e66511d89304e30dff7fc\",\"name\":\"arkistoija\",\"image\":{\"@type\":\"ImageObject\",\"inLanguage\":\"fi\",\"@id\":\"https:\\\/\\\/secure.gravatar.com\\\/avatar\\\/42e8c66b081268e60e8dd6fe8562e547e1a2a5e488c322818ec35170458cb1af?s=96&d=mm&r=g\",\"url\":\"https:\\\/\\\/secure.gravatar.com\\\/avatar\\\/42e8c66b081268e60e8dd6fe8562e547e1a2a5e488c322818ec35170458cb1af?s=96&d=mm&r=g\",\"contentUrl\":\"https:\\\/\\\/secure.gravatar.com\\\/avatar\\\/42e8c66b081268e60e8dd6fe8562e547e1a2a5e488c322818ec35170458cb1af?s=96&d=mm&r=g\",\"caption\":\"arkistoija\"},\"url\":\"https:\\\/\\\/blogit.gradia.fi\\\/soteammattilaiset\\\/author\\\/arkistoija\\\/\"}]}<\/script>\n<!-- \/ Yoast SEO plugin. -->","yoast_head_json":{"title":"Kamera ja kuva - katse maailmaan ja itseen - Sote ammattilaiset","robots":{"index":"index","follow":"follow","max-snippet":"max-snippet:-1","max-image-preview":"max-image-preview:large","max-video-preview":"max-video-preview:-1"},"canonical":"https:\/\/blogit.gradia.fi\/soteammattilaiset\/2018\/10\/31\/kamera-ja-kuva\/","og_locale":"fi_FI","og_type":"article","og_title":"Kamera ja kuva - katse maailmaan ja itseen - Sote ammattilaiset","og_description":"Olen mielenterveys- ja p\u00e4ihdety\u00f6n ammattitutkinnon aikuisopiskelija Jyv\u00e4skyl\u00e4n Gradiasta ja suoritin Vaajakosken Suvanto Ry:n p\u00e4iv\u00e4keskuksessa kaksi tutkinnon osan ty\u00f6ss\u00e4oppimista sek\u00e4 n\u00e4ytt\u00f6\u00e4. Yhdistyksen tavoitteena on j\u00e4rjest\u00e4\u00e4 aktivoivaa p\u00e4iv\u00e4toimintaa ehk\u00e4isem\u00e4\u00e4n p\u00e4ihde-ja syrj\u00e4ytymishaittoja. P\u00e4iv\u00e4keskus antaa opiskelijalle hyv\u00e4t mahdollisuudet kokeilla erilaista toimintaa ja sainkin toteuttaa ideoitani sek\u00e4 hy\u00f6dynt\u00e4\u00e4 omaa osaamistani mm. valokuvaamisen saralta. Syyskuun alkup\u00e4iviin sijoittuvaan n\u00e4ytt\u00f6\u00f6n sis\u00e4llytin p\u00e4iv\u00e4n, jolloin &hellip; Jatka lukemista Kamera ja kuva &#8211; katse maailmaan ja itseen &rarr;","og_url":"https:\/\/blogit.gradia.fi\/soteammattilaiset\/2018\/10\/31\/kamera-ja-kuva\/","og_site_name":"Sote ammattilaiset","article_published_time":"2018-10-31T18:08:03+00:00","article_modified_time":"2018-10-31T18:09:57+00:00","og_image":[{"width":767,"height":1024,"url":"https:\/\/blogit.gradia.fi\/soteammattilaiset\/wp-content\/uploads\/sites\/103\/2018\/10\/20180906_102801-1-767x1024.jpg","type":"image\/jpeg"}],"author":"arkistoija","twitter_card":"summary_large_image","twitter_misc":{"Kirjoittanut":"arkistoija","Arvioitu lukuaika":"3 minuuttia"},"schema":{"@context":"https:\/\/schema.org","@graph":[{"@type":"Article","@id":"https:\/\/blogit.gradia.fi\/soteammattilaiset\/2018\/10\/31\/kamera-ja-kuva\/#article","isPartOf":{"@id":"https:\/\/blogit.gradia.fi\/soteammattilaiset\/2018\/10\/31\/kamera-ja-kuva\/"},"author":{"name":"arkistoija","@id":"https:\/\/blogit.gradia.fi\/soteammattilaiset\/#\/schema\/person\/7c0f9369c55e66511d89304e30dff7fc"},"headline":"Kamera ja kuva &#8211; katse maailmaan ja itseen","datePublished":"2018-10-31T18:08:03+00:00","dateModified":"2018-10-31T18:09:57+00:00","mainEntityOfPage":{"@id":"https:\/\/blogit.gradia.fi\/soteammattilaiset\/2018\/10\/31\/kamera-ja-kuva\/"},"wordCount":639,"commentCount":0,"image":{"@id":"https:\/\/blogit.gradia.fi\/soteammattilaiset\/2018\/10\/31\/kamera-ja-kuva\/#primaryimage"},"thumbnailUrl":"https:\/\/blogit.gradia.fi\/soteammattilaiset\/wp-content\/uploads\/sites\/103\/2018\/10\/20180906_102801-1.jpg","inLanguage":"fi","potentialAction":[{"@type":"CommentAction","name":"Comment","target":["https:\/\/blogit.gradia.fi\/soteammattilaiset\/2018\/10\/31\/kamera-ja-kuva\/#respond"]}]},{"@type":"WebPage","@id":"https:\/\/blogit.gradia.fi\/soteammattilaiset\/2018\/10\/31\/kamera-ja-kuva\/","url":"https:\/\/blogit.gradia.fi\/soteammattilaiset\/2018\/10\/31\/kamera-ja-kuva\/","name":"Kamera ja kuva - katse maailmaan ja itseen - Sote ammattilaiset","isPartOf":{"@id":"https:\/\/blogit.gradia.fi\/soteammattilaiset\/#website"},"primaryImageOfPage":{"@id":"https:\/\/blogit.gradia.fi\/soteammattilaiset\/2018\/10\/31\/kamera-ja-kuva\/#primaryimage"},"image":{"@id":"https:\/\/blogit.gradia.fi\/soteammattilaiset\/2018\/10\/31\/kamera-ja-kuva\/#primaryimage"},"thumbnailUrl":"https:\/\/blogit.gradia.fi\/soteammattilaiset\/wp-content\/uploads\/sites\/103\/2018\/10\/20180906_102801-1.jpg","datePublished":"2018-10-31T18:08:03+00:00","dateModified":"2018-10-31T18:09:57+00:00","author":{"@id":"https:\/\/blogit.gradia.fi\/soteammattilaiset\/#\/schema\/person\/7c0f9369c55e66511d89304e30dff7fc"},"inLanguage":"fi","potentialAction":[{"@type":"ReadAction","target":["https:\/\/blogit.gradia.fi\/soteammattilaiset\/2018\/10\/31\/kamera-ja-kuva\/"]}]},{"@type":"ImageObject","inLanguage":"fi","@id":"https:\/\/blogit.gradia.fi\/soteammattilaiset\/2018\/10\/31\/kamera-ja-kuva\/#primaryimage","url":"https:\/\/blogit.gradia.fi\/soteammattilaiset\/wp-content\/uploads\/sites\/103\/2018\/10\/20180906_102801-1.jpg","contentUrl":"https:\/\/blogit.gradia.fi\/soteammattilaiset\/wp-content\/uploads\/sites\/103\/2018\/10\/20180906_102801-1.jpg","width":1499,"height":2000},{"@type":"WebSite","@id":"https:\/\/blogit.gradia.fi\/soteammattilaiset\/#website","url":"https:\/\/blogit.gradia.fi\/soteammattilaiset\/","name":"Sote ammattilaiset","description":"Gradia Jyv\u00e4skyl\u00e4 \/ Osallisuus ja ohjaaminen palvelut ammatti- ja erikoisammattitutkinnot","potentialAction":[{"@type":"SearchAction","target":{"@type":"EntryPoint","urlTemplate":"https:\/\/blogit.gradia.fi\/soteammattilaiset\/?s={search_term_string}"},"query-input":{"@type":"PropertyValueSpecification","valueRequired":true,"valueName":"search_term_string"}}],"inLanguage":"fi"},{"@type":"Person","@id":"https:\/\/blogit.gradia.fi\/soteammattilaiset\/#\/schema\/person\/7c0f9369c55e66511d89304e30dff7fc","name":"arkistoija","image":{"@type":"ImageObject","inLanguage":"fi","@id":"https:\/\/secure.gravatar.com\/avatar\/42e8c66b081268e60e8dd6fe8562e547e1a2a5e488c322818ec35170458cb1af?s=96&d=mm&r=g","url":"https:\/\/secure.gravatar.com\/avatar\/42e8c66b081268e60e8dd6fe8562e547e1a2a5e488c322818ec35170458cb1af?s=96&d=mm&r=g","contentUrl":"https:\/\/secure.gravatar.com\/avatar\/42e8c66b081268e60e8dd6fe8562e547e1a2a5e488c322818ec35170458cb1af?s=96&d=mm&r=g","caption":"arkistoija"},"url":"https:\/\/blogit.gradia.fi\/soteammattilaiset\/author\/arkistoija\/"}]}},"uagb_featured_image_src":{"full":["https:\/\/blogit.gradia.fi\/soteammattilaiset\/wp-content\/uploads\/sites\/103\/2018\/10\/20180906_102801-1.jpg",1499,2000,false],"thumbnail":["https:\/\/blogit.gradia.fi\/soteammattilaiset\/wp-content\/uploads\/sites\/103\/2018\/10\/20180906_102801-1-150x150.jpg",150,150,true],"medium":["https:\/\/blogit.gradia.fi\/soteammattilaiset\/wp-content\/uploads\/sites\/103\/2018\/10\/20180906_102801-1-225x300.jpg",225,300,true],"medium_large":["https:\/\/blogit.gradia.fi\/soteammattilaiset\/wp-content\/uploads\/sites\/103\/2018\/10\/20180906_102801-1-768x1025.jpg",604,806,true],"large":["https:\/\/blogit.gradia.fi\/soteammattilaiset\/wp-content\/uploads\/sites\/103\/2018\/10\/20180906_102801-1-767x1024.jpg",604,806,true],"1536x1536":["https:\/\/blogit.gradia.fi\/soteammattilaiset\/wp-content\/uploads\/sites\/103\/2018\/10\/20180906_102801-1.jpg",1151,1536,false],"2048x2048":["https:\/\/blogit.gradia.fi\/soteammattilaiset\/wp-content\/uploads\/sites\/103\/2018\/10\/20180906_102801-1.jpg",1499,2000,false],"post-thumbnail":["https:\/\/blogit.gradia.fi\/soteammattilaiset\/wp-content\/uploads\/sites\/103\/2018\/10\/20180906_102801-1-604x270.jpg",604,270,true]},"uagb_author_info":{"display_name":"arkistoija","author_link":"https:\/\/blogit.gradia.fi\/soteammattilaiset\/author\/arkistoija\/"},"uagb_comment_info":4,"uagb_excerpt":"Olen mielenterveys- ja p\u00e4ihdety\u00f6n ammattitutkinnon aikuisopiskelija Jyv\u00e4skyl\u00e4n Gradiasta ja suoritin Vaajakosken Suvanto Ry:n p\u00e4iv\u00e4keskuksessa kaksi tutkinnon osan ty\u00f6ss\u00e4oppimista sek\u00e4 n\u00e4ytt\u00f6\u00e4. Yhdistyksen tavoitteena on j\u00e4rjest\u00e4\u00e4 aktivoivaa p\u00e4iv\u00e4toimintaa ehk\u00e4isem\u00e4\u00e4n p\u00e4ihde-ja syrj\u00e4ytymishaittoja. P\u00e4iv\u00e4keskus antaa opiskelijalle hyv\u00e4t mahdollisuudet kokeilla erilaista toimintaa ja sainkin toteuttaa ideoitani sek\u00e4 hy\u00f6dynt\u00e4\u00e4 omaa osaamistani mm. valokuvaamisen saralta. Syyskuun alkup\u00e4iviin sijoittuvaan n\u00e4ytt\u00f6\u00f6n sis\u00e4llytin p\u00e4iv\u00e4n, jolloin&hellip;","_links":{"self":[{"href":"https:\/\/blogit.gradia.fi\/soteammattilaiset\/wp-json\/wp\/v2\/posts\/383","targetHints":{"allow":["GET"]}}],"collection":[{"href":"https:\/\/blogit.gradia.fi\/soteammattilaiset\/wp-json\/wp\/v2\/posts"}],"about":[{"href":"https:\/\/blogit.gradia.fi\/soteammattilaiset\/wp-json\/wp\/v2\/types\/post"}],"author":[{"embeddable":true,"href":"https:\/\/blogit.gradia.fi\/soteammattilaiset\/wp-json\/wp\/v2\/users\/1131"}],"replies":[{"embeddable":true,"href":"https:\/\/blogit.gradia.fi\/soteammattilaiset\/wp-json\/wp\/v2\/comments?post=383"}],"version-history":[{"count":0,"href":"https:\/\/blogit.gradia.fi\/soteammattilaiset\/wp-json\/wp\/v2\/posts\/383\/revisions"}],"wp:featuredmedia":[{"embeddable":true,"href":"https:\/\/blogit.gradia.fi\/soteammattilaiset\/wp-json\/wp\/v2\/media\/387"}],"wp:attachment":[{"href":"https:\/\/blogit.gradia.fi\/soteammattilaiset\/wp-json\/wp\/v2\/media?parent=383"}],"wp:term":[{"taxonomy":"category","embeddable":true,"href":"https:\/\/blogit.gradia.fi\/soteammattilaiset\/wp-json\/wp\/v2\/categories?post=383"},{"taxonomy":"post_tag","embeddable":true,"href":"https:\/\/blogit.gradia.fi\/soteammattilaiset\/wp-json\/wp\/v2\/tags?post=383"}],"curies":[{"name":"wp","href":"https:\/\/api.w.org\/{rel}","templated":true}]}}