{"id":342,"date":"2018-04-20T10:16:19","date_gmt":"2018-04-20T07:16:19","guid":{"rendered":"https:\/\/blogit.gradia.fi\/soteammattilaiset\/?p=342"},"modified":"2018-04-20T10:17:01","modified_gmt":"2018-04-20T07:17:01","slug":"yhteistyota-yli-erikoisalarajojen-toimiiko-se","status":"publish","type":"post","link":"https:\/\/blogit.gradia.fi\/soteammattilaiset\/2018\/04\/20\/yhteistyota-yli-erikoisalarajojen-toimiiko-se\/","title":{"rendered":"Yhteisty\u00f6t\u00e4 yli erikoisalarajojen \u2013 toimiiko se?"},"content":{"rendered":"<p>Syksyll\u00e4 2016 kaksi somaattisen puolen sairaanhoitajaa aloitti opinnot Gradia Jyv\u00e4skyl\u00e4ss\u00e4  (silloisessa Jyv\u00e4skyl\u00e4n aikuisopistossa ) Mielenterveys- ja p\u00e4ihdety\u00f6n erikois-ammattitutkinnossa. Erityisesti mielenterveyshoitoty\u00f6n opiskelu tuntui aluksi haastavalta; <\/p>\n<p>\u201dEih\u00e4n sit\u00e4 somaattisen puolen hoitaja mit\u00e4\u00e4n tied\u00e4 ja osaanko min\u00e4 oikeasti mit\u00e4\u00e4n, huomaanko asioita potilaan parhaaksi. Osaanko auttaa ihmist\u00e4, kun mieli j\u00e4rkkyy?\u201d.<\/p>\n<p>Ty\u00f6pisteen\u00e4 meill\u00e4 on Keski-Suomen Keskussairaalassa 41 paikkainen p\u00e4ivystys- ja infektio-osasto, miss\u00e4 vastuualueena p\u00e4ihdeseuranta.. Kaikilla osastolle tulevilla potilailla on somaattinen tulosyy. <\/p>\n<p>Kuluneen reilun vuoden aikana tietoa on tullut paljon ja sanonta \u201dTieto lis\u00e4\u00e4 tuskaa\u201d pit\u00e4nee paikkansa.  Pikkuhiljaa tiedon karttuessa, huomasimme, ett\u00e4 oikeasti me ihmiset olemme psyko-fyysis-sosiaalinen kokonaisuus. Meid\u00e4n mieli ja somaattiset vaivat todellakin kulkevat k\u00e4si k\u00e4dess\u00e4 kokonaisuutena. Miksi sitten palveluj\u00e4rjestelm\u00e4ss\u00e4mme ihminen \u201dpilkotaan\u201d esimerkiksi somaattisen vaivan, p\u00e4ihdeongelman ja mielenterveyden ongelmiksi? Miten voisimme turvata oikeasti sit\u00e4 paljon puhuttua yhden luukun periaatetta, niin ett\u00e4 ihmist\u00e4 ei juoksuteta paikasta toiseen.<\/p>\n<p>Keski-Suomen keskussairaalan psykiatrinen akuuttity\u00f6ryhm\u00e4 on hieno yhteisty\u00f6kumppani meid\u00e4n moniammatillisessa hoitotiimiss\u00e4. Olemme p\u00e4\u00e4sseet kertomaan p\u00e4ivystys- ja infektio-osaston p\u00e4ihdetiimist\u00e4 ja sen toimintatavoista. Vastaavasti olemme saaneet arvokasta tietoa akuutti psykiatriselta tiimilt\u00e4 potilaan hoidosta ja hoitoon ohjaamisesta psykiatrian n\u00e4k\u00f6kulmasta. Iloksemme huomasimme, ett\u00e4 puolin ja toisin haluaisimme k\u00e4yd\u00e4 \u201dvarjostamassa\u201d toistemme ty\u00f6t\u00e4. Lis\u00e4ksi yhteisty\u00f6 sosiaality\u00f6n kanssa on tiivist\u00e4. Uusimpana parannuksena sosiaality\u00f6ntekij\u00e4 on tavattavissa osastolla my\u00f6s iltavuoroissa ja viikonloppuisin \u2013 ei siis ainoastaan virka-aikaan. <\/p>\n<p>Uuteen sairaalaan Jyv\u00e4skyl\u00e4\u00e4n on suunnitteilla seitsem\u00e4n paikkainen p\u00e4ihdeyksikk\u00f6. Iso haave olisi, ett\u00e4 siell\u00e4 <a href=\"https:\/\/blogit.gradia.fi\/soteammattilaiset\/wp-content\/uploads\/sites\/103\/2018\/04\/team-building-3329287_960_720.png\"><img loading=\"lazy\" decoding=\"async\" src=\"https:\/\/blogit.gradia.fi\/soteammattilaiset\/wp-content\/uploads\/sites\/103\/2018\/04\/team-building-3329287_960_720-300x199.png\" alt=\"\" width=\"300\" height=\"199\" class=\"alignright size-medium wp-image-343\" srcset=\"https:\/\/blogit.gradia.fi\/soteammattilaiset\/wp-content\/uploads\/sites\/103\/2018\/04\/team-building-3329287_960_720-300x199.png 300w, https:\/\/blogit.gradia.fi\/soteammattilaiset\/wp-content\/uploads\/sites\/103\/2018\/04\/team-building-3329287_960_720-768x510.png 768w, https:\/\/blogit.gradia.fi\/soteammattilaiset\/wp-content\/uploads\/sites\/103\/2018\/04\/team-building-3329287_960_720.png 960w\" sizes=\"auto, (max-width: 300px) 100vw, 300px\" \/><\/a>ty\u00f6skentelisi rinta rinnan psykiatrinen sairaanhoitaja, sosiaality\u00f6ntekij\u00e4 ja me, somaattisen puolen hoitajat. Pystyisimme auttamaan potilasta kokonaisvaltaisesti ihmisen\u00e4, ei dg: rintakipuisena, dg: mielenterveyspotilaana, jolla on dg: p\u00e4ihdeongelma.<\/p>\n<p>Mielenterveys- ja p\u00e4ihdety\u00f6n erikoisammattitutkinnon opiskelijat<\/p>\n<p>Miia &amp; Tiina<\/p>\n","protected":false},"excerpt":{"rendered":"<p>Syksyll\u00e4 2016 kaksi somaattisen puolen sairaanhoitajaa aloitti opinnot Gradia Jyv\u00e4skyl\u00e4ss\u00e4 (silloisessa Jyv\u00e4skyl\u00e4n aikuisopistossa ) Mielenterveys- ja p\u00e4ihdety\u00f6n erikois-ammattitutkinnossa. Erityisesti mielenterveyshoitoty\u00f6n opiskelu tuntui aluksi haastavalta; \u201dEih\u00e4n sit\u00e4 somaattisen puolen hoitaja mit\u00e4\u00e4n tied\u00e4 ja osaanko min\u00e4 oikeasti mit\u00e4\u00e4n, huomaanko asioita potilaan parhaaksi. Osaanko auttaa ihmist\u00e4, kun mieli j\u00e4rkkyy?\u201d. Ty\u00f6pisteen\u00e4 meill\u00e4 on Keski-Suomen Keskussairaalassa 41 paikkainen p\u00e4ivystys- ja &hellip; <a href=\"https:\/\/blogit.gradia.fi\/soteammattilaiset\/2018\/04\/20\/yhteistyota-yli-erikoisalarajojen-toimiiko-se\/\" class=\"more-link\">Jatka lukemista <span class=\"screen-reader-text\">Yhteisty\u00f6t\u00e4 yli erikoisalarajojen \u2013 toimiiko se?<\/span> <span class=\"meta-nav\">&rarr;<\/span><\/a><\/p>\n","protected":false},"author":1131,"featured_media":0,"comment_status":"open","ping_status":"open","sticky":false,"template":"","format":"standard","meta":{"_uag_custom_page_level_css":"","footnotes":""},"categories":[1],"tags":[],"class_list":["post-342","post","type-post","status-publish","format-standard","hentry","category-yleinen"],"yoast_head":"<!-- This site is optimized with the Yoast SEO plugin v27.5 - https:\/\/yoast.com\/product\/yoast-seo-wordpress\/ -->\n<title>Yhteisty\u00f6t\u00e4 yli erikoisalarajojen \u2013 toimiiko se? - Sote ammattilaiset<\/title>\n<meta name=\"robots\" content=\"index, follow, max-snippet:-1, max-image-preview:large, max-video-preview:-1\" \/>\n<link rel=\"canonical\" href=\"https:\/\/blogit.gradia.fi\/soteammattilaiset\/2018\/04\/20\/yhteistyota-yli-erikoisalarajojen-toimiiko-se\/\" \/>\n<meta property=\"og:locale\" content=\"fi_FI\" \/>\n<meta property=\"og:type\" content=\"article\" \/>\n<meta property=\"og:title\" content=\"Yhteisty\u00f6t\u00e4 yli erikoisalarajojen \u2013 toimiiko se? - Sote ammattilaiset\" \/>\n<meta property=\"og:description\" content=\"Syksyll\u00e4 2016 kaksi somaattisen puolen sairaanhoitajaa aloitti opinnot Gradia Jyv\u00e4skyl\u00e4ss\u00e4 (silloisessa Jyv\u00e4skyl\u00e4n aikuisopistossa ) Mielenterveys- ja p\u00e4ihdety\u00f6n erikois-ammattitutkinnossa. Erityisesti mielenterveyshoitoty\u00f6n opiskelu tuntui aluksi haastavalta; \u201dEih\u00e4n sit\u00e4 somaattisen puolen hoitaja mit\u00e4\u00e4n tied\u00e4 ja osaanko min\u00e4 oikeasti mit\u00e4\u00e4n, huomaanko asioita potilaan parhaaksi. Osaanko auttaa ihmist\u00e4, kun mieli j\u00e4rkkyy?\u201d. Ty\u00f6pisteen\u00e4 meill\u00e4 on Keski-Suomen Keskussairaalassa 41 paikkainen p\u00e4ivystys- ja &hellip; Jatka lukemista Yhteisty\u00f6t\u00e4 yli erikoisalarajojen \u2013 toimiiko se? &rarr;\" \/>\n<meta property=\"og:url\" content=\"https:\/\/blogit.gradia.fi\/soteammattilaiset\/2018\/04\/20\/yhteistyota-yli-erikoisalarajojen-toimiiko-se\/\" \/>\n<meta property=\"og:site_name\" content=\"Sote ammattilaiset\" \/>\n<meta property=\"article:published_time\" content=\"2018-04-20T07:16:19+00:00\" \/>\n<meta property=\"article:modified_time\" content=\"2018-04-20T07:17:01+00:00\" \/>\n<meta property=\"og:image\" content=\"https:\/\/blogit.gradia.fi\/soteammattilaiset\/wp-content\/uploads\/sites\/103\/2018\/04\/team-building-3329287_960_720.png\" \/>\n\t<meta property=\"og:image:width\" content=\"960\" \/>\n\t<meta property=\"og:image:height\" content=\"637\" \/>\n\t<meta property=\"og:image:type\" content=\"image\/png\" \/>\n<meta name=\"author\" content=\"arkistoija\" \/>\n<meta name=\"twitter:card\" content=\"summary_large_image\" \/>\n<meta name=\"twitter:label1\" content=\"Kirjoittanut\" \/>\n\t<meta name=\"twitter:data1\" content=\"arkistoija\" \/>\n\t<meta name=\"twitter:label2\" content=\"Arvioitu lukuaika\" \/>\n\t<meta name=\"twitter:data2\" content=\"1 minuutti\" \/>\n<script type=\"application\/ld+json\" class=\"yoast-schema-graph\">{\"@context\":\"https:\\\/\\\/schema.org\",\"@graph\":[{\"@type\":\"Article\",\"@id\":\"https:\\\/\\\/blogit.gradia.fi\\\/soteammattilaiset\\\/2018\\\/04\\\/20\\\/yhteistyota-yli-erikoisalarajojen-toimiiko-se\\\/#article\",\"isPartOf\":{\"@id\":\"https:\\\/\\\/blogit.gradia.fi\\\/soteammattilaiset\\\/2018\\\/04\\\/20\\\/yhteistyota-yli-erikoisalarajojen-toimiiko-se\\\/\"},\"author\":{\"name\":\"arkistoija\",\"@id\":\"https:\\\/\\\/blogit.gradia.fi\\\/soteammattilaiset\\\/#\\\/schema\\\/person\\\/7c0f9369c55e66511d89304e30dff7fc\"},\"headline\":\"Yhteisty\u00f6t\u00e4 yli erikoisalarajojen \u2013 toimiiko se?\",\"datePublished\":\"2018-04-20T07:16:19+00:00\",\"dateModified\":\"2018-04-20T07:17:01+00:00\",\"mainEntityOfPage\":{\"@id\":\"https:\\\/\\\/blogit.gradia.fi\\\/soteammattilaiset\\\/2018\\\/04\\\/20\\\/yhteistyota-yli-erikoisalarajojen-toimiiko-se\\\/\"},\"wordCount\":291,\"commentCount\":0,\"image\":{\"@id\":\"https:\\\/\\\/blogit.gradia.fi\\\/soteammattilaiset\\\/2018\\\/04\\\/20\\\/yhteistyota-yli-erikoisalarajojen-toimiiko-se\\\/#primaryimage\"},\"thumbnailUrl\":\"https:\\\/\\\/blogit.gradia.fi\\\/soteammattilaiset\\\/wp-content\\\/uploads\\\/sites\\\/103\\\/2018\\\/04\\\/team-building-3329287_960_720-300x199.png\",\"inLanguage\":\"fi\",\"potentialAction\":[{\"@type\":\"CommentAction\",\"name\":\"Comment\",\"target\":[\"https:\\\/\\\/blogit.gradia.fi\\\/soteammattilaiset\\\/2018\\\/04\\\/20\\\/yhteistyota-yli-erikoisalarajojen-toimiiko-se\\\/#respond\"]}]},{\"@type\":\"WebPage\",\"@id\":\"https:\\\/\\\/blogit.gradia.fi\\\/soteammattilaiset\\\/2018\\\/04\\\/20\\\/yhteistyota-yli-erikoisalarajojen-toimiiko-se\\\/\",\"url\":\"https:\\\/\\\/blogit.gradia.fi\\\/soteammattilaiset\\\/2018\\\/04\\\/20\\\/yhteistyota-yli-erikoisalarajojen-toimiiko-se\\\/\",\"name\":\"Yhteisty\u00f6t\u00e4 yli erikoisalarajojen \u2013 toimiiko se? - Sote ammattilaiset\",\"isPartOf\":{\"@id\":\"https:\\\/\\\/blogit.gradia.fi\\\/soteammattilaiset\\\/#website\"},\"primaryImageOfPage\":{\"@id\":\"https:\\\/\\\/blogit.gradia.fi\\\/soteammattilaiset\\\/2018\\\/04\\\/20\\\/yhteistyota-yli-erikoisalarajojen-toimiiko-se\\\/#primaryimage\"},\"image\":{\"@id\":\"https:\\\/\\\/blogit.gradia.fi\\\/soteammattilaiset\\\/2018\\\/04\\\/20\\\/yhteistyota-yli-erikoisalarajojen-toimiiko-se\\\/#primaryimage\"},\"thumbnailUrl\":\"https:\\\/\\\/blogit.gradia.fi\\\/soteammattilaiset\\\/wp-content\\\/uploads\\\/sites\\\/103\\\/2018\\\/04\\\/team-building-3329287_960_720-300x199.png\",\"datePublished\":\"2018-04-20T07:16:19+00:00\",\"dateModified\":\"2018-04-20T07:17:01+00:00\",\"author\":{\"@id\":\"https:\\\/\\\/blogit.gradia.fi\\\/soteammattilaiset\\\/#\\\/schema\\\/person\\\/7c0f9369c55e66511d89304e30dff7fc\"},\"inLanguage\":\"fi\",\"potentialAction\":[{\"@type\":\"ReadAction\",\"target\":[\"https:\\\/\\\/blogit.gradia.fi\\\/soteammattilaiset\\\/2018\\\/04\\\/20\\\/yhteistyota-yli-erikoisalarajojen-toimiiko-se\\\/\"]}]},{\"@type\":\"ImageObject\",\"inLanguage\":\"fi\",\"@id\":\"https:\\\/\\\/blogit.gradia.fi\\\/soteammattilaiset\\\/2018\\\/04\\\/20\\\/yhteistyota-yli-erikoisalarajojen-toimiiko-se\\\/#primaryimage\",\"url\":\"https:\\\/\\\/blogit.gradia.fi\\\/soteammattilaiset\\\/wp-content\\\/uploads\\\/sites\\\/103\\\/2018\\\/04\\\/team-building-3329287_960_720.png\",\"contentUrl\":\"https:\\\/\\\/blogit.gradia.fi\\\/soteammattilaiset\\\/wp-content\\\/uploads\\\/sites\\\/103\\\/2018\\\/04\\\/team-building-3329287_960_720.png\",\"width\":960,\"height\":637},{\"@type\":\"WebSite\",\"@id\":\"https:\\\/\\\/blogit.gradia.fi\\\/soteammattilaiset\\\/#website\",\"url\":\"https:\\\/\\\/blogit.gradia.fi\\\/soteammattilaiset\\\/\",\"name\":\"Sote ammattilaiset\",\"description\":\"Gradia Jyv\u00e4skyl\u00e4 \\\/ Osallisuus ja ohjaaminen palvelut ammatti- ja erikoisammattitutkinnot\",\"potentialAction\":[{\"@type\":\"SearchAction\",\"target\":{\"@type\":\"EntryPoint\",\"urlTemplate\":\"https:\\\/\\\/blogit.gradia.fi\\\/soteammattilaiset\\\/?s={search_term_string}\"},\"query-input\":{\"@type\":\"PropertyValueSpecification\",\"valueRequired\":true,\"valueName\":\"search_term_string\"}}],\"inLanguage\":\"fi\"},{\"@type\":\"Person\",\"@id\":\"https:\\\/\\\/blogit.gradia.fi\\\/soteammattilaiset\\\/#\\\/schema\\\/person\\\/7c0f9369c55e66511d89304e30dff7fc\",\"name\":\"arkistoija\",\"image\":{\"@type\":\"ImageObject\",\"inLanguage\":\"fi\",\"@id\":\"https:\\\/\\\/secure.gravatar.com\\\/avatar\\\/42e8c66b081268e60e8dd6fe8562e547e1a2a5e488c322818ec35170458cb1af?s=96&d=mm&r=g\",\"url\":\"https:\\\/\\\/secure.gravatar.com\\\/avatar\\\/42e8c66b081268e60e8dd6fe8562e547e1a2a5e488c322818ec35170458cb1af?s=96&d=mm&r=g\",\"contentUrl\":\"https:\\\/\\\/secure.gravatar.com\\\/avatar\\\/42e8c66b081268e60e8dd6fe8562e547e1a2a5e488c322818ec35170458cb1af?s=96&d=mm&r=g\",\"caption\":\"arkistoija\"},\"url\":\"https:\\\/\\\/blogit.gradia.fi\\\/soteammattilaiset\\\/author\\\/arkistoija\\\/\"}]}<\/script>\n<!-- \/ Yoast SEO plugin. -->","yoast_head_json":{"title":"Yhteisty\u00f6t\u00e4 yli erikoisalarajojen \u2013 toimiiko se? - Sote ammattilaiset","robots":{"index":"index","follow":"follow","max-snippet":"max-snippet:-1","max-image-preview":"max-image-preview:large","max-video-preview":"max-video-preview:-1"},"canonical":"https:\/\/blogit.gradia.fi\/soteammattilaiset\/2018\/04\/20\/yhteistyota-yli-erikoisalarajojen-toimiiko-se\/","og_locale":"fi_FI","og_type":"article","og_title":"Yhteisty\u00f6t\u00e4 yli erikoisalarajojen \u2013 toimiiko se? - Sote ammattilaiset","og_description":"Syksyll\u00e4 2016 kaksi somaattisen puolen sairaanhoitajaa aloitti opinnot Gradia Jyv\u00e4skyl\u00e4ss\u00e4 (silloisessa Jyv\u00e4skyl\u00e4n aikuisopistossa ) Mielenterveys- ja p\u00e4ihdety\u00f6n erikois-ammattitutkinnossa. Erityisesti mielenterveyshoitoty\u00f6n opiskelu tuntui aluksi haastavalta; \u201dEih\u00e4n sit\u00e4 somaattisen puolen hoitaja mit\u00e4\u00e4n tied\u00e4 ja osaanko min\u00e4 oikeasti mit\u00e4\u00e4n, huomaanko asioita potilaan parhaaksi. Osaanko auttaa ihmist\u00e4, kun mieli j\u00e4rkkyy?\u201d. Ty\u00f6pisteen\u00e4 meill\u00e4 on Keski-Suomen Keskussairaalassa 41 paikkainen p\u00e4ivystys- ja &hellip; Jatka lukemista Yhteisty\u00f6t\u00e4 yli erikoisalarajojen \u2013 toimiiko se? &rarr;","og_url":"https:\/\/blogit.gradia.fi\/soteammattilaiset\/2018\/04\/20\/yhteistyota-yli-erikoisalarajojen-toimiiko-se\/","og_site_name":"Sote ammattilaiset","article_published_time":"2018-04-20T07:16:19+00:00","article_modified_time":"2018-04-20T07:17:01+00:00","og_image":[{"width":960,"height":637,"url":"https:\/\/blogit.gradia.fi\/soteammattilaiset\/wp-content\/uploads\/sites\/103\/2018\/04\/team-building-3329287_960_720.png","type":"image\/png"}],"author":"arkistoija","twitter_card":"summary_large_image","twitter_misc":{"Kirjoittanut":"arkistoija","Arvioitu lukuaika":"1 minuutti"},"schema":{"@context":"https:\/\/schema.org","@graph":[{"@type":"Article","@id":"https:\/\/blogit.gradia.fi\/soteammattilaiset\/2018\/04\/20\/yhteistyota-yli-erikoisalarajojen-toimiiko-se\/#article","isPartOf":{"@id":"https:\/\/blogit.gradia.fi\/soteammattilaiset\/2018\/04\/20\/yhteistyota-yli-erikoisalarajojen-toimiiko-se\/"},"author":{"name":"arkistoija","@id":"https:\/\/blogit.gradia.fi\/soteammattilaiset\/#\/schema\/person\/7c0f9369c55e66511d89304e30dff7fc"},"headline":"Yhteisty\u00f6t\u00e4 yli erikoisalarajojen \u2013 toimiiko se?","datePublished":"2018-04-20T07:16:19+00:00","dateModified":"2018-04-20T07:17:01+00:00","mainEntityOfPage":{"@id":"https:\/\/blogit.gradia.fi\/soteammattilaiset\/2018\/04\/20\/yhteistyota-yli-erikoisalarajojen-toimiiko-se\/"},"wordCount":291,"commentCount":0,"image":{"@id":"https:\/\/blogit.gradia.fi\/soteammattilaiset\/2018\/04\/20\/yhteistyota-yli-erikoisalarajojen-toimiiko-se\/#primaryimage"},"thumbnailUrl":"https:\/\/blogit.gradia.fi\/soteammattilaiset\/wp-content\/uploads\/sites\/103\/2018\/04\/team-building-3329287_960_720-300x199.png","inLanguage":"fi","potentialAction":[{"@type":"CommentAction","name":"Comment","target":["https:\/\/blogit.gradia.fi\/soteammattilaiset\/2018\/04\/20\/yhteistyota-yli-erikoisalarajojen-toimiiko-se\/#respond"]}]},{"@type":"WebPage","@id":"https:\/\/blogit.gradia.fi\/soteammattilaiset\/2018\/04\/20\/yhteistyota-yli-erikoisalarajojen-toimiiko-se\/","url":"https:\/\/blogit.gradia.fi\/soteammattilaiset\/2018\/04\/20\/yhteistyota-yli-erikoisalarajojen-toimiiko-se\/","name":"Yhteisty\u00f6t\u00e4 yli erikoisalarajojen \u2013 toimiiko se? - Sote ammattilaiset","isPartOf":{"@id":"https:\/\/blogit.gradia.fi\/soteammattilaiset\/#website"},"primaryImageOfPage":{"@id":"https:\/\/blogit.gradia.fi\/soteammattilaiset\/2018\/04\/20\/yhteistyota-yli-erikoisalarajojen-toimiiko-se\/#primaryimage"},"image":{"@id":"https:\/\/blogit.gradia.fi\/soteammattilaiset\/2018\/04\/20\/yhteistyota-yli-erikoisalarajojen-toimiiko-se\/#primaryimage"},"thumbnailUrl":"https:\/\/blogit.gradia.fi\/soteammattilaiset\/wp-content\/uploads\/sites\/103\/2018\/04\/team-building-3329287_960_720-300x199.png","datePublished":"2018-04-20T07:16:19+00:00","dateModified":"2018-04-20T07:17:01+00:00","author":{"@id":"https:\/\/blogit.gradia.fi\/soteammattilaiset\/#\/schema\/person\/7c0f9369c55e66511d89304e30dff7fc"},"inLanguage":"fi","potentialAction":[{"@type":"ReadAction","target":["https:\/\/blogit.gradia.fi\/soteammattilaiset\/2018\/04\/20\/yhteistyota-yli-erikoisalarajojen-toimiiko-se\/"]}]},{"@type":"ImageObject","inLanguage":"fi","@id":"https:\/\/blogit.gradia.fi\/soteammattilaiset\/2018\/04\/20\/yhteistyota-yli-erikoisalarajojen-toimiiko-se\/#primaryimage","url":"https:\/\/blogit.gradia.fi\/soteammattilaiset\/wp-content\/uploads\/sites\/103\/2018\/04\/team-building-3329287_960_720.png","contentUrl":"https:\/\/blogit.gradia.fi\/soteammattilaiset\/wp-content\/uploads\/sites\/103\/2018\/04\/team-building-3329287_960_720.png","width":960,"height":637},{"@type":"WebSite","@id":"https:\/\/blogit.gradia.fi\/soteammattilaiset\/#website","url":"https:\/\/blogit.gradia.fi\/soteammattilaiset\/","name":"Sote ammattilaiset","description":"Gradia Jyv\u00e4skyl\u00e4 \/ Osallisuus ja ohjaaminen palvelut ammatti- ja erikoisammattitutkinnot","potentialAction":[{"@type":"SearchAction","target":{"@type":"EntryPoint","urlTemplate":"https:\/\/blogit.gradia.fi\/soteammattilaiset\/?s={search_term_string}"},"query-input":{"@type":"PropertyValueSpecification","valueRequired":true,"valueName":"search_term_string"}}],"inLanguage":"fi"},{"@type":"Person","@id":"https:\/\/blogit.gradia.fi\/soteammattilaiset\/#\/schema\/person\/7c0f9369c55e66511d89304e30dff7fc","name":"arkistoija","image":{"@type":"ImageObject","inLanguage":"fi","@id":"https:\/\/secure.gravatar.com\/avatar\/42e8c66b081268e60e8dd6fe8562e547e1a2a5e488c322818ec35170458cb1af?s=96&d=mm&r=g","url":"https:\/\/secure.gravatar.com\/avatar\/42e8c66b081268e60e8dd6fe8562e547e1a2a5e488c322818ec35170458cb1af?s=96&d=mm&r=g","contentUrl":"https:\/\/secure.gravatar.com\/avatar\/42e8c66b081268e60e8dd6fe8562e547e1a2a5e488c322818ec35170458cb1af?s=96&d=mm&r=g","caption":"arkistoija"},"url":"https:\/\/blogit.gradia.fi\/soteammattilaiset\/author\/arkistoija\/"}]}},"uagb_featured_image_src":{"full":false,"thumbnail":false,"medium":false,"medium_large":false,"large":false,"1536x1536":false,"2048x2048":false,"post-thumbnail":false},"uagb_author_info":{"display_name":"arkistoija","author_link":"https:\/\/blogit.gradia.fi\/soteammattilaiset\/author\/arkistoija\/"},"uagb_comment_info":1,"uagb_excerpt":"Syksyll\u00e4 2016 kaksi somaattisen puolen sairaanhoitajaa aloitti opinnot Gradia Jyv\u00e4skyl\u00e4ss\u00e4 (silloisessa Jyv\u00e4skyl\u00e4n aikuisopistossa ) Mielenterveys- ja p\u00e4ihdety\u00f6n erikois-ammattitutkinnossa. Erityisesti mielenterveyshoitoty\u00f6n opiskelu tuntui aluksi haastavalta; \u201dEih\u00e4n sit\u00e4 somaattisen puolen hoitaja mit\u00e4\u00e4n tied\u00e4 ja osaanko min\u00e4 oikeasti mit\u00e4\u00e4n, huomaanko asioita potilaan parhaaksi. Osaanko auttaa ihmist\u00e4, kun mieli j\u00e4rkkyy?\u201d. Ty\u00f6pisteen\u00e4 meill\u00e4 on Keski-Suomen Keskussairaalassa 41 paikkainen p\u00e4ivystys- ja&hellip;","_links":{"self":[{"href":"https:\/\/blogit.gradia.fi\/soteammattilaiset\/wp-json\/wp\/v2\/posts\/342","targetHints":{"allow":["GET"]}}],"collection":[{"href":"https:\/\/blogit.gradia.fi\/soteammattilaiset\/wp-json\/wp\/v2\/posts"}],"about":[{"href":"https:\/\/blogit.gradia.fi\/soteammattilaiset\/wp-json\/wp\/v2\/types\/post"}],"author":[{"embeddable":true,"href":"https:\/\/blogit.gradia.fi\/soteammattilaiset\/wp-json\/wp\/v2\/users\/1131"}],"replies":[{"embeddable":true,"href":"https:\/\/blogit.gradia.fi\/soteammattilaiset\/wp-json\/wp\/v2\/comments?post=342"}],"version-history":[{"count":0,"href":"https:\/\/blogit.gradia.fi\/soteammattilaiset\/wp-json\/wp\/v2\/posts\/342\/revisions"}],"wp:attachment":[{"href":"https:\/\/blogit.gradia.fi\/soteammattilaiset\/wp-json\/wp\/v2\/media?parent=342"}],"wp:term":[{"taxonomy":"category","embeddable":true,"href":"https:\/\/blogit.gradia.fi\/soteammattilaiset\/wp-json\/wp\/v2\/categories?post=342"},{"taxonomy":"post_tag","embeddable":true,"href":"https:\/\/blogit.gradia.fi\/soteammattilaiset\/wp-json\/wp\/v2\/tags?post=342"}],"curies":[{"name":"wp","href":"https:\/\/api.w.org\/{rel}","templated":true}]}}