{"id":322,"date":"2018-03-07T07:29:34","date_gmt":"2018-03-07T05:29:34","guid":{"rendered":"https:\/\/blogit.gradia.fi\/soteammattilaiset\/?p=322"},"modified":"2018-03-07T07:29:34","modified_gmt":"2018-03-07T05:29:34","slug":"asennetta-paihdetyohon","status":"publish","type":"post","link":"https:\/\/blogit.gradia.fi\/soteammattilaiset\/2018\/03\/07\/asennetta-paihdetyohon\/","title":{"rendered":"Asennetta p\u00e4ihdety\u00f6h\u00f6n"},"content":{"rendered":"<p>Sosiaali- ja terveysalalla toimivan ty\u00f6ntekij\u00e4n tulee kohdata ja kohdella kaikkia asiakkaita ja potilaita samanarvoisina. Kunnioittava, yst\u00e4v\u00e4llinen ja asiallinen k\u00e4yt\u00f6s tulisi olla kaikilla ammattilaisilla itsest\u00e4\u00e4n selvyys. Onko kuitenkaan aina n\u00e4in, kun kohdataan p\u00e4ihteiden k\u00e4ytt\u00e4j\u00e4? Osaammeko me alan ammattilaisina kohdata ihmisen oikein?<\/p>\n<p>P\u00e4ihteiden liiallista k\u00e4ytt\u00f6\u00e4 ei aina miellet\u00e4 sairaudeksi ja koetaan, ett\u00e4 ongelma poistuu, kun asiakas\/potilas vain ymm\u00e4rt\u00e4\u00e4 lopettaa p\u00e4ihteiden k\u00e4ytt\u00e4misen. Kuitenkin tiedet\u00e4\u00e4n, ett\u00e4 p\u00e4ihderiippuvuus on psyykkinen, fyysinen ja sosiaalinen sairaus, josta parantuminen voi olla hyvinkin pitk\u00e4 prosessi \u2013 joillakin se kest\u00e4\u00e4 koko el\u00e4m\u00e4n ajan.<br \/>\nP\u00e4ihderiippuvuus aiheuttaa ihmisess\u00e4 h\u00e4pe\u00e4n ja arvottomuuden tunnetta ja jos asiakas\/potilas on hoitoon hakeutuessaan jo valmiiksi h\u00e4peiss\u00e4\u00e4n omasta tilanteestaan, voi mietti\u00e4 tarvitseeko ammattilaisen t\u00e4t\u00e4 haavoittunutta olotilaa viel\u00e4 lietsoa entisest\u00e4\u00e4n vai voisiko ihmist\u00e4 yritt\u00e4\u00e4 tukea ja auttaa silloin, kun h\u00e4n eniten apua tarvitsee. Syyllist\u00e4minen ja komentaminen eiv\u00e4t kuulu ty\u00f6ntekij\u00e4n teht\u00e4viin.<\/p>\n<p><a href=\"https:\/\/blogit.gradia.fi\/soteammattilaiset\/wp-content\/uploads\/sites\/103\/2018\/03\/umbrella-1588167__340.jpg\"><img loading=\"lazy\" decoding=\"async\" src=\"https:\/\/blogit.gradia.fi\/soteammattilaiset\/wp-content\/uploads\/sites\/103\/2018\/03\/umbrella-1588167__340-300x200.jpg\" alt=\"\" width=\"300\" height=\"200\" class=\"aligncenter size-medium wp-image-323\" srcset=\"https:\/\/blogit.gradia.fi\/soteammattilaiset\/wp-content\/uploads\/sites\/103\/2018\/03\/umbrella-1588167__340-300x200.jpg 300w, https:\/\/blogit.gradia.fi\/soteammattilaiset\/wp-content\/uploads\/sites\/103\/2018\/03\/umbrella-1588167__340.jpg 510w\" sizes=\"auto, (max-width: 300px) 100vw, 300px\" \/><\/a><br \/>\nTukeminen ja auttaminen eiv\u00e4t tarkoita sinisilm\u00e4isyytt\u00e4 tai \u201dhyys\u00e4\u00e4mist\u00e4\u201d, vaan on aivan tavallista ammattimaista k\u00e4yt\u00f6st\u00e4.  Vaatii hoitajalta rohkeutta olla asiakkaan\/potilaan puolella ja omalta osaltaan v\u00e4hent\u00e4\u00e4 yhteiskunnassa vallitsevaa negatiivista asennetta p\u00e4ihdeongelmaisia kohtaan.<br \/>\nJokaisen ty\u00f6ntekij\u00e4n on vastattava omasta ammatillisuudestaan mutta samalla tulee huolehtia, ett\u00e4 ty\u00f6yhteis\u00f6ss\u00e4 noudatetaan hyv\u00e4\u00e4 ammattietiikkaa.<br \/>\nMielenterveys- ja p\u00e4ihdety\u00f6n erikoisammattitutkinto-opiskelijat<br \/>\nMiia ja Saija<\/p>\n","protected":false},"excerpt":{"rendered":"<p>Sosiaali- ja terveysalalla toimivan ty\u00f6ntekij\u00e4n tulee kohdata ja kohdella kaikkia asiakkaita ja potilaita samanarvoisina. Kunnioittava, yst\u00e4v\u00e4llinen ja asiallinen k\u00e4yt\u00f6s tulisi olla kaikilla ammattilaisilla itsest\u00e4\u00e4n selvyys. Onko kuitenkaan aina n\u00e4in, kun kohdataan p\u00e4ihteiden k\u00e4ytt\u00e4j\u00e4? Osaammeko me alan ammattilaisina kohdata ihmisen oikein? P\u00e4ihteiden liiallista k\u00e4ytt\u00f6\u00e4 ei aina miellet\u00e4 sairaudeksi ja koetaan, ett\u00e4 ongelma poistuu, kun asiakas\/potilas vain &hellip; <a href=\"https:\/\/blogit.gradia.fi\/soteammattilaiset\/2018\/03\/07\/asennetta-paihdetyohon\/\" class=\"more-link\">Jatka lukemista <span class=\"screen-reader-text\">Asennetta p\u00e4ihdety\u00f6h\u00f6n<\/span> <span class=\"meta-nav\">&rarr;<\/span><\/a><\/p>\n","protected":false},"author":1131,"featured_media":0,"comment_status":"open","ping_status":"open","sticky":false,"template":"","format":"standard","meta":{"_uag_custom_page_level_css":"","footnotes":""},"categories":[1],"tags":[],"class_list":["post-322","post","type-post","status-publish","format-standard","hentry","category-yleinen"],"yoast_head":"<!-- This site is optimized with the Yoast SEO plugin v27.5 - https:\/\/yoast.com\/product\/yoast-seo-wordpress\/ -->\n<title>Asennetta p\u00e4ihdety\u00f6h\u00f6n - Sote ammattilaiset<\/title>\n<meta name=\"robots\" content=\"index, follow, max-snippet:-1, max-image-preview:large, max-video-preview:-1\" \/>\n<link rel=\"canonical\" href=\"https:\/\/blogit.gradia.fi\/soteammattilaiset\/2018\/03\/07\/asennetta-paihdetyohon\/\" \/>\n<meta property=\"og:locale\" content=\"fi_FI\" \/>\n<meta property=\"og:type\" content=\"article\" \/>\n<meta property=\"og:title\" content=\"Asennetta p\u00e4ihdety\u00f6h\u00f6n - Sote ammattilaiset\" \/>\n<meta property=\"og:description\" content=\"Sosiaali- ja terveysalalla toimivan ty\u00f6ntekij\u00e4n tulee kohdata ja kohdella kaikkia asiakkaita ja potilaita samanarvoisina. Kunnioittava, yst\u00e4v\u00e4llinen ja asiallinen k\u00e4yt\u00f6s tulisi olla kaikilla ammattilaisilla itsest\u00e4\u00e4n selvyys. Onko kuitenkaan aina n\u00e4in, kun kohdataan p\u00e4ihteiden k\u00e4ytt\u00e4j\u00e4? Osaammeko me alan ammattilaisina kohdata ihmisen oikein? P\u00e4ihteiden liiallista k\u00e4ytt\u00f6\u00e4 ei aina miellet\u00e4 sairaudeksi ja koetaan, ett\u00e4 ongelma poistuu, kun asiakas\/potilas vain &hellip; Jatka lukemista Asennetta p\u00e4ihdety\u00f6h\u00f6n &rarr;\" \/>\n<meta property=\"og:url\" content=\"https:\/\/blogit.gradia.fi\/soteammattilaiset\/2018\/03\/07\/asennetta-paihdetyohon\/\" \/>\n<meta property=\"og:site_name\" content=\"Sote ammattilaiset\" \/>\n<meta property=\"article:published_time\" content=\"2018-03-07T05:29:34+00:00\" \/>\n<meta property=\"og:image\" content=\"https:\/\/blogit.gradia.fi\/soteammattilaiset\/wp-content\/uploads\/sites\/103\/2018\/03\/umbrella-1588167__340.jpg\" \/>\n\t<meta property=\"og:image:width\" content=\"510\" \/>\n\t<meta property=\"og:image:height\" content=\"340\" \/>\n\t<meta property=\"og:image:type\" content=\"image\/jpeg\" \/>\n<meta name=\"author\" content=\"arkistoija\" \/>\n<meta name=\"twitter:card\" content=\"summary_large_image\" \/>\n<meta name=\"twitter:label1\" content=\"Kirjoittanut\" \/>\n\t<meta name=\"twitter:data1\" content=\"arkistoija\" \/>\n\t<meta name=\"twitter:label2\" content=\"Arvioitu lukuaika\" \/>\n\t<meta name=\"twitter:data2\" content=\"1 minuutti\" \/>\n<script type=\"application\/ld+json\" class=\"yoast-schema-graph\">{\"@context\":\"https:\\\/\\\/schema.org\",\"@graph\":[{\"@type\":\"Article\",\"@id\":\"https:\\\/\\\/blogit.gradia.fi\\\/soteammattilaiset\\\/2018\\\/03\\\/07\\\/asennetta-paihdetyohon\\\/#article\",\"isPartOf\":{\"@id\":\"https:\\\/\\\/blogit.gradia.fi\\\/soteammattilaiset\\\/2018\\\/03\\\/07\\\/asennetta-paihdetyohon\\\/\"},\"author\":{\"name\":\"arkistoija\",\"@id\":\"https:\\\/\\\/blogit.gradia.fi\\\/soteammattilaiset\\\/#\\\/schema\\\/person\\\/7c0f9369c55e66511d89304e30dff7fc\"},\"headline\":\"Asennetta p\u00e4ihdety\u00f6h\u00f6n\",\"datePublished\":\"2018-03-07T05:29:34+00:00\",\"mainEntityOfPage\":{\"@id\":\"https:\\\/\\\/blogit.gradia.fi\\\/soteammattilaiset\\\/2018\\\/03\\\/07\\\/asennetta-paihdetyohon\\\/\"},\"wordCount\":237,\"commentCount\":0,\"image\":{\"@id\":\"https:\\\/\\\/blogit.gradia.fi\\\/soteammattilaiset\\\/2018\\\/03\\\/07\\\/asennetta-paihdetyohon\\\/#primaryimage\"},\"thumbnailUrl\":\"https:\\\/\\\/blogit.gradia.fi\\\/soteammattilaiset\\\/wp-content\\\/uploads\\\/sites\\\/103\\\/2018\\\/03\\\/umbrella-1588167__340-300x200.jpg\",\"inLanguage\":\"fi\",\"potentialAction\":[{\"@type\":\"CommentAction\",\"name\":\"Comment\",\"target\":[\"https:\\\/\\\/blogit.gradia.fi\\\/soteammattilaiset\\\/2018\\\/03\\\/07\\\/asennetta-paihdetyohon\\\/#respond\"]}]},{\"@type\":\"WebPage\",\"@id\":\"https:\\\/\\\/blogit.gradia.fi\\\/soteammattilaiset\\\/2018\\\/03\\\/07\\\/asennetta-paihdetyohon\\\/\",\"url\":\"https:\\\/\\\/blogit.gradia.fi\\\/soteammattilaiset\\\/2018\\\/03\\\/07\\\/asennetta-paihdetyohon\\\/\",\"name\":\"Asennetta p\u00e4ihdety\u00f6h\u00f6n - Sote ammattilaiset\",\"isPartOf\":{\"@id\":\"https:\\\/\\\/blogit.gradia.fi\\\/soteammattilaiset\\\/#website\"},\"primaryImageOfPage\":{\"@id\":\"https:\\\/\\\/blogit.gradia.fi\\\/soteammattilaiset\\\/2018\\\/03\\\/07\\\/asennetta-paihdetyohon\\\/#primaryimage\"},\"image\":{\"@id\":\"https:\\\/\\\/blogit.gradia.fi\\\/soteammattilaiset\\\/2018\\\/03\\\/07\\\/asennetta-paihdetyohon\\\/#primaryimage\"},\"thumbnailUrl\":\"https:\\\/\\\/blogit.gradia.fi\\\/soteammattilaiset\\\/wp-content\\\/uploads\\\/sites\\\/103\\\/2018\\\/03\\\/umbrella-1588167__340-300x200.jpg\",\"datePublished\":\"2018-03-07T05:29:34+00:00\",\"author\":{\"@id\":\"https:\\\/\\\/blogit.gradia.fi\\\/soteammattilaiset\\\/#\\\/schema\\\/person\\\/7c0f9369c55e66511d89304e30dff7fc\"},\"inLanguage\":\"fi\",\"potentialAction\":[{\"@type\":\"ReadAction\",\"target\":[\"https:\\\/\\\/blogit.gradia.fi\\\/soteammattilaiset\\\/2018\\\/03\\\/07\\\/asennetta-paihdetyohon\\\/\"]}]},{\"@type\":\"ImageObject\",\"inLanguage\":\"fi\",\"@id\":\"https:\\\/\\\/blogit.gradia.fi\\\/soteammattilaiset\\\/2018\\\/03\\\/07\\\/asennetta-paihdetyohon\\\/#primaryimage\",\"url\":\"https:\\\/\\\/blogit.gradia.fi\\\/soteammattilaiset\\\/wp-content\\\/uploads\\\/sites\\\/103\\\/2018\\\/03\\\/umbrella-1588167__340.jpg\",\"contentUrl\":\"https:\\\/\\\/blogit.gradia.fi\\\/soteammattilaiset\\\/wp-content\\\/uploads\\\/sites\\\/103\\\/2018\\\/03\\\/umbrella-1588167__340.jpg\",\"width\":510,\"height\":340},{\"@type\":\"WebSite\",\"@id\":\"https:\\\/\\\/blogit.gradia.fi\\\/soteammattilaiset\\\/#website\",\"url\":\"https:\\\/\\\/blogit.gradia.fi\\\/soteammattilaiset\\\/\",\"name\":\"Sote ammattilaiset\",\"description\":\"Gradia Jyv\u00e4skyl\u00e4 \\\/ Osallisuus ja ohjaaminen palvelut ammatti- ja erikoisammattitutkinnot\",\"potentialAction\":[{\"@type\":\"SearchAction\",\"target\":{\"@type\":\"EntryPoint\",\"urlTemplate\":\"https:\\\/\\\/blogit.gradia.fi\\\/soteammattilaiset\\\/?s={search_term_string}\"},\"query-input\":{\"@type\":\"PropertyValueSpecification\",\"valueRequired\":true,\"valueName\":\"search_term_string\"}}],\"inLanguage\":\"fi\"},{\"@type\":\"Person\",\"@id\":\"https:\\\/\\\/blogit.gradia.fi\\\/soteammattilaiset\\\/#\\\/schema\\\/person\\\/7c0f9369c55e66511d89304e30dff7fc\",\"name\":\"arkistoija\",\"image\":{\"@type\":\"ImageObject\",\"inLanguage\":\"fi\",\"@id\":\"https:\\\/\\\/secure.gravatar.com\\\/avatar\\\/42e8c66b081268e60e8dd6fe8562e547e1a2a5e488c322818ec35170458cb1af?s=96&d=mm&r=g\",\"url\":\"https:\\\/\\\/secure.gravatar.com\\\/avatar\\\/42e8c66b081268e60e8dd6fe8562e547e1a2a5e488c322818ec35170458cb1af?s=96&d=mm&r=g\",\"contentUrl\":\"https:\\\/\\\/secure.gravatar.com\\\/avatar\\\/42e8c66b081268e60e8dd6fe8562e547e1a2a5e488c322818ec35170458cb1af?s=96&d=mm&r=g\",\"caption\":\"arkistoija\"},\"url\":\"https:\\\/\\\/blogit.gradia.fi\\\/soteammattilaiset\\\/author\\\/arkistoija\\\/\"}]}<\/script>\n<!-- \/ Yoast SEO plugin. -->","yoast_head_json":{"title":"Asennetta p\u00e4ihdety\u00f6h\u00f6n - Sote ammattilaiset","robots":{"index":"index","follow":"follow","max-snippet":"max-snippet:-1","max-image-preview":"max-image-preview:large","max-video-preview":"max-video-preview:-1"},"canonical":"https:\/\/blogit.gradia.fi\/soteammattilaiset\/2018\/03\/07\/asennetta-paihdetyohon\/","og_locale":"fi_FI","og_type":"article","og_title":"Asennetta p\u00e4ihdety\u00f6h\u00f6n - Sote ammattilaiset","og_description":"Sosiaali- ja terveysalalla toimivan ty\u00f6ntekij\u00e4n tulee kohdata ja kohdella kaikkia asiakkaita ja potilaita samanarvoisina. Kunnioittava, yst\u00e4v\u00e4llinen ja asiallinen k\u00e4yt\u00f6s tulisi olla kaikilla ammattilaisilla itsest\u00e4\u00e4n selvyys. Onko kuitenkaan aina n\u00e4in, kun kohdataan p\u00e4ihteiden k\u00e4ytt\u00e4j\u00e4? Osaammeko me alan ammattilaisina kohdata ihmisen oikein? P\u00e4ihteiden liiallista k\u00e4ytt\u00f6\u00e4 ei aina miellet\u00e4 sairaudeksi ja koetaan, ett\u00e4 ongelma poistuu, kun asiakas\/potilas vain &hellip; Jatka lukemista Asennetta p\u00e4ihdety\u00f6h\u00f6n &rarr;","og_url":"https:\/\/blogit.gradia.fi\/soteammattilaiset\/2018\/03\/07\/asennetta-paihdetyohon\/","og_site_name":"Sote ammattilaiset","article_published_time":"2018-03-07T05:29:34+00:00","og_image":[{"width":510,"height":340,"url":"https:\/\/blogit.gradia.fi\/soteammattilaiset\/wp-content\/uploads\/sites\/103\/2018\/03\/umbrella-1588167__340.jpg","type":"image\/jpeg"}],"author":"arkistoija","twitter_card":"summary_large_image","twitter_misc":{"Kirjoittanut":"arkistoija","Arvioitu lukuaika":"1 minuutti"},"schema":{"@context":"https:\/\/schema.org","@graph":[{"@type":"Article","@id":"https:\/\/blogit.gradia.fi\/soteammattilaiset\/2018\/03\/07\/asennetta-paihdetyohon\/#article","isPartOf":{"@id":"https:\/\/blogit.gradia.fi\/soteammattilaiset\/2018\/03\/07\/asennetta-paihdetyohon\/"},"author":{"name":"arkistoija","@id":"https:\/\/blogit.gradia.fi\/soteammattilaiset\/#\/schema\/person\/7c0f9369c55e66511d89304e30dff7fc"},"headline":"Asennetta p\u00e4ihdety\u00f6h\u00f6n","datePublished":"2018-03-07T05:29:34+00:00","mainEntityOfPage":{"@id":"https:\/\/blogit.gradia.fi\/soteammattilaiset\/2018\/03\/07\/asennetta-paihdetyohon\/"},"wordCount":237,"commentCount":0,"image":{"@id":"https:\/\/blogit.gradia.fi\/soteammattilaiset\/2018\/03\/07\/asennetta-paihdetyohon\/#primaryimage"},"thumbnailUrl":"https:\/\/blogit.gradia.fi\/soteammattilaiset\/wp-content\/uploads\/sites\/103\/2018\/03\/umbrella-1588167__340-300x200.jpg","inLanguage":"fi","potentialAction":[{"@type":"CommentAction","name":"Comment","target":["https:\/\/blogit.gradia.fi\/soteammattilaiset\/2018\/03\/07\/asennetta-paihdetyohon\/#respond"]}]},{"@type":"WebPage","@id":"https:\/\/blogit.gradia.fi\/soteammattilaiset\/2018\/03\/07\/asennetta-paihdetyohon\/","url":"https:\/\/blogit.gradia.fi\/soteammattilaiset\/2018\/03\/07\/asennetta-paihdetyohon\/","name":"Asennetta p\u00e4ihdety\u00f6h\u00f6n - Sote ammattilaiset","isPartOf":{"@id":"https:\/\/blogit.gradia.fi\/soteammattilaiset\/#website"},"primaryImageOfPage":{"@id":"https:\/\/blogit.gradia.fi\/soteammattilaiset\/2018\/03\/07\/asennetta-paihdetyohon\/#primaryimage"},"image":{"@id":"https:\/\/blogit.gradia.fi\/soteammattilaiset\/2018\/03\/07\/asennetta-paihdetyohon\/#primaryimage"},"thumbnailUrl":"https:\/\/blogit.gradia.fi\/soteammattilaiset\/wp-content\/uploads\/sites\/103\/2018\/03\/umbrella-1588167__340-300x200.jpg","datePublished":"2018-03-07T05:29:34+00:00","author":{"@id":"https:\/\/blogit.gradia.fi\/soteammattilaiset\/#\/schema\/person\/7c0f9369c55e66511d89304e30dff7fc"},"inLanguage":"fi","potentialAction":[{"@type":"ReadAction","target":["https:\/\/blogit.gradia.fi\/soteammattilaiset\/2018\/03\/07\/asennetta-paihdetyohon\/"]}]},{"@type":"ImageObject","inLanguage":"fi","@id":"https:\/\/blogit.gradia.fi\/soteammattilaiset\/2018\/03\/07\/asennetta-paihdetyohon\/#primaryimage","url":"https:\/\/blogit.gradia.fi\/soteammattilaiset\/wp-content\/uploads\/sites\/103\/2018\/03\/umbrella-1588167__340.jpg","contentUrl":"https:\/\/blogit.gradia.fi\/soteammattilaiset\/wp-content\/uploads\/sites\/103\/2018\/03\/umbrella-1588167__340.jpg","width":510,"height":340},{"@type":"WebSite","@id":"https:\/\/blogit.gradia.fi\/soteammattilaiset\/#website","url":"https:\/\/blogit.gradia.fi\/soteammattilaiset\/","name":"Sote ammattilaiset","description":"Gradia Jyv\u00e4skyl\u00e4 \/ Osallisuus ja ohjaaminen palvelut ammatti- ja erikoisammattitutkinnot","potentialAction":[{"@type":"SearchAction","target":{"@type":"EntryPoint","urlTemplate":"https:\/\/blogit.gradia.fi\/soteammattilaiset\/?s={search_term_string}"},"query-input":{"@type":"PropertyValueSpecification","valueRequired":true,"valueName":"search_term_string"}}],"inLanguage":"fi"},{"@type":"Person","@id":"https:\/\/blogit.gradia.fi\/soteammattilaiset\/#\/schema\/person\/7c0f9369c55e66511d89304e30dff7fc","name":"arkistoija","image":{"@type":"ImageObject","inLanguage":"fi","@id":"https:\/\/secure.gravatar.com\/avatar\/42e8c66b081268e60e8dd6fe8562e547e1a2a5e488c322818ec35170458cb1af?s=96&d=mm&r=g","url":"https:\/\/secure.gravatar.com\/avatar\/42e8c66b081268e60e8dd6fe8562e547e1a2a5e488c322818ec35170458cb1af?s=96&d=mm&r=g","contentUrl":"https:\/\/secure.gravatar.com\/avatar\/42e8c66b081268e60e8dd6fe8562e547e1a2a5e488c322818ec35170458cb1af?s=96&d=mm&r=g","caption":"arkistoija"},"url":"https:\/\/blogit.gradia.fi\/soteammattilaiset\/author\/arkistoija\/"}]}},"uagb_featured_image_src":{"full":false,"thumbnail":false,"medium":false,"medium_large":false,"large":false,"1536x1536":false,"2048x2048":false,"post-thumbnail":false},"uagb_author_info":{"display_name":"arkistoija","author_link":"https:\/\/blogit.gradia.fi\/soteammattilaiset\/author\/arkistoija\/"},"uagb_comment_info":2,"uagb_excerpt":"Sosiaali- ja terveysalalla toimivan ty\u00f6ntekij\u00e4n tulee kohdata ja kohdella kaikkia asiakkaita ja potilaita samanarvoisina. Kunnioittava, yst\u00e4v\u00e4llinen ja asiallinen k\u00e4yt\u00f6s tulisi olla kaikilla ammattilaisilla itsest\u00e4\u00e4n selvyys. Onko kuitenkaan aina n\u00e4in, kun kohdataan p\u00e4ihteiden k\u00e4ytt\u00e4j\u00e4? Osaammeko me alan ammattilaisina kohdata ihmisen oikein? P\u00e4ihteiden liiallista k\u00e4ytt\u00f6\u00e4 ei aina miellet\u00e4 sairaudeksi ja koetaan, ett\u00e4 ongelma poistuu, kun asiakas\/potilas vain&hellip;","_links":{"self":[{"href":"https:\/\/blogit.gradia.fi\/soteammattilaiset\/wp-json\/wp\/v2\/posts\/322","targetHints":{"allow":["GET"]}}],"collection":[{"href":"https:\/\/blogit.gradia.fi\/soteammattilaiset\/wp-json\/wp\/v2\/posts"}],"about":[{"href":"https:\/\/blogit.gradia.fi\/soteammattilaiset\/wp-json\/wp\/v2\/types\/post"}],"author":[{"embeddable":true,"href":"https:\/\/blogit.gradia.fi\/soteammattilaiset\/wp-json\/wp\/v2\/users\/1131"}],"replies":[{"embeddable":true,"href":"https:\/\/blogit.gradia.fi\/soteammattilaiset\/wp-json\/wp\/v2\/comments?post=322"}],"version-history":[{"count":0,"href":"https:\/\/blogit.gradia.fi\/soteammattilaiset\/wp-json\/wp\/v2\/posts\/322\/revisions"}],"wp:attachment":[{"href":"https:\/\/blogit.gradia.fi\/soteammattilaiset\/wp-json\/wp\/v2\/media?parent=322"}],"wp:term":[{"taxonomy":"category","embeddable":true,"href":"https:\/\/blogit.gradia.fi\/soteammattilaiset\/wp-json\/wp\/v2\/categories?post=322"},{"taxonomy":"post_tag","embeddable":true,"href":"https:\/\/blogit.gradia.fi\/soteammattilaiset\/wp-json\/wp\/v2\/tags?post=322"}],"curies":[{"name":"wp","href":"https:\/\/api.w.org\/{rel}","templated":true}]}}