{"id":317,"date":"2018-02-21T12:58:30","date_gmt":"2018-02-21T10:58:30","guid":{"rendered":"https:\/\/blogit.gradia.fi\/soteammattilaiset\/?p=317"},"modified":"2018-02-21T12:58:30","modified_gmt":"2018-02-21T10:58:30","slug":"itsemaaraamisoikeus-mita-se-on","status":"publish","type":"post","link":"https:\/\/blogit.gradia.fi\/soteammattilaiset\/2018\/02\/21\/itsemaaraamisoikeus-mita-se-on\/","title":{"rendered":"Itsem\u00e4\u00e4r\u00e4\u00e4misoikeus &#8211; mit\u00e4 se on?"},"content":{"rendered":"<p>Itsem\u00e4\u00e4r\u00e4\u00e4misoikeus on asia, jonka pit\u00e4isi olla meille kaikille itsest\u00e4\u00e4n selv\u00e4 asia. Meill\u00e4 jokaisella on itsem\u00e4\u00e4r\u00e4\u00e4misoikeus. Sosiaali- ja terveysalan ammattilaisina meille on itsest\u00e4\u00e4n selv\u00e4\u00e4 noudattaa asiakkaan itsem\u00e4\u00e4r\u00e4\u00e4misoikeutta. Vai onko sittenk\u00e4\u00e4n? Rajoittaminen ja velvoittaminen koetaan itsem\u00e4\u00e4r\u00e4\u00e4misoi-keutta loukkaavana, jollei sit\u00e4 ole perusteltu tai asiakas ei ymm\u00e4rr\u00e4 perusteluja.<br \/>\nItsem\u00e4\u00e4r\u00e4\u00e4misoikeus voidaan m\u00e4\u00e4ritell\u00e4 yksil\u00f6n kyvyksi tehd\u00e4 valintoja ja p\u00e4\u00e4t\u00f6ksi\u00e4 sek\u00e4 taitoa toimia niiden mukaan. T\u00e4m\u00e4n m\u00e4\u00e4ritelm\u00e4n mukaan meid\u00e4n jokaisen itsem\u00e4\u00e4r\u00e4\u00e4misoikeutta voitaisiin kyseenalaistaa. Jokainen tiet\u00e4\u00e4 mit\u00e4 terveellinen sy\u00f6minen tarkoittaa. Ani harva kuitenkaan sy\u00f6 niin kuin sanotaan, vaan k\u00e4ytt\u00e4\u00e4 itsem\u00e4\u00e4r\u00e4\u00e4misoikeuttaan ja sy\u00f6 kuten mieli tekee.<br \/>\nKuinka sitten rajoittaa asiakkaan tahtoa, jos itsek\u00e4\u00e4n ei pysty noudattamaan perusteltuja asioita? Merkitt\u00e4v\u00e4n\u00e4 erona voi olla todellinen tietoisuus p\u00e4\u00e4t\u00f6ksen vaikutuksesta. Ymm\u00e4rrys siit\u00e4, mitk\u00e4 ovat p\u00e4\u00e4t\u00f6ksen seuraukset. Ymm\u00e4rr\u00e4n, mit\u00e4 huono ruokavalio tekee terveydelleni, mutta asiakkaan psykoottinen mieli ei v\u00e4ltt\u00e4m\u00e4tt\u00e4 ymm\u00e4rr\u00e4 oman valintansa seurauksia. P\u00e4\u00e4t\u00f6ksentekoon tarvittava tieto ei v\u00e4ltt\u00e4m\u00e4tt\u00e4 ohjeistuksesta ja perusteluista huolimatta ole riitt\u00e4v\u00e4\u00e4. P\u00e4\u00e4t\u00f6s perustuu harhamaailmaan, eik\u00e4 todelliseen tietoon. My\u00f6s esim. kehitysvammaisella voi olla vaikeuksia hahmottaa tekemiens\u00e4 ratkaisuiden todellisia seurauksia.<\/p>\n<p>Ammattilaisella on haasteena tiet\u00e4\u00e4, milloin asiakkaan kyky on riitt\u00e4v\u00e4 p\u00e4\u00e4t\u00f6ksenteon pohjaksi. Milloin taas on kyse itsem\u00e4\u00e4r\u00e4\u00e4misoikeuden varjolla tehty heitteillej\u00e4tt\u00f6, jolloin henkil\u00f6kunta siirt\u00e4\u00e4 heille kuuluvan vastuun asiakkaalle ja hylk\u00e4\u00e4 avun tarpeessa olevan henkil\u00f6n. Avun tarpeessa oleva ei aina tunnista omaa palveluntarvettaan esim. psykoottisen oireilun tai kehitysvamman vuoksi. Asiakkaan ep\u00e4realistiset mielipiteet voinnista tai selviytymisest\u00e4 tulee realisoida h\u00e4nelle. Se on ty\u00f6ntekij\u00e4n velvollisuus, ei oikeus. T\u00e4ll\u00f6in voi tarvittaessa tulla kysymykseen itsem\u00e4\u00e4r\u00e4\u00e4misoikeuden rajaaminen. On olemassa tilanteita, jolloin asiakkaalla on oikeus olla hoidettavana ja on tilanteita, milloin ty\u00f6ntekij\u00e4ll\u00e4 on velvollisuus hoitaa ja tehd\u00e4 ratkaisuja. Tavoitteena on kuitenkin ihmisen mahdollisimman suuri itsem\u00e4\u00e4r\u00e4\u00e4minen ja voimaantuminen. Asiakkaalla on aina oikeus saada tarvitsemansa tieto p\u00e4\u00e4t\u00f6ksens\u00e4 tueksi.<br \/>\nItsem\u00e4\u00e4r\u00e4\u00e4misoikeus ei ole rajaton tai absoluuttinen, koska p\u00e4\u00e4t\u00f6kset ja toiminta vaikuttavat my\u00f6s muihin ihmisiin. T\u00e4t\u00e4 taustaa vasten tuntuu hyv\u00e4ksytt\u00e4v\u00e4lt\u00e4 asettaa tiettyj\u00e4 s\u00e4\u00e4nt\u00f6j\u00e4 ja rajoituksia esim. asun-tolassa asumiseen. Onko kuitenkaan perusteltua vaatia asiakasta noudattamaan n\u00e4it\u00e4 s\u00e4\u00e4nt\u00f6j\u00e4 my\u00f6s muualla lomalla olleessaan. Meist\u00e4 itse kukin taitaa viett\u00e4\u00e4 lomaa noudattamatta arjen rutiineja ja s\u00e4\u00e4nt\u00f6j\u00e4.<br \/>\n<a href=\"https:\/\/blogit.gradia.fi\/soteammattilaiset\/wp-content\/uploads\/sites\/103\/2018\/02\/mpeatkuva.jpg\"><img loading=\"lazy\" decoding=\"async\" src=\"https:\/\/blogit.gradia.fi\/soteammattilaiset\/wp-content\/uploads\/sites\/103\/2018\/02\/mpeatkuva-300x169.jpg\" alt=\"\" width=\"300\" height=\"169\" class=\"aligncenter size-medium wp-image-314\" srcset=\"https:\/\/blogit.gradia.fi\/soteammattilaiset\/wp-content\/uploads\/sites\/103\/2018\/02\/mpeatkuva-300x169.jpg 300w, https:\/\/blogit.gradia.fi\/soteammattilaiset\/wp-content\/uploads\/sites\/103\/2018\/02\/mpeatkuva.jpg 463w\" sizes=\"auto, (max-width: 300px) 100vw, 300px\" \/><\/a><br \/>\nMielenterveys- ja p\u00e4ihdety\u00f6n erikoisammattitutkinnon opiskelijat: Paolo, Orvokki, P\u00e4ivi, Hannele ja Leena<\/p>\n","protected":false},"excerpt":{"rendered":"<p>Itsem\u00e4\u00e4r\u00e4\u00e4misoikeus on asia, jonka pit\u00e4isi olla meille kaikille itsest\u00e4\u00e4n selv\u00e4 asia. Meill\u00e4 jokaisella on itsem\u00e4\u00e4r\u00e4\u00e4misoikeus. Sosiaali- ja terveysalan ammattilaisina meille on itsest\u00e4\u00e4n selv\u00e4\u00e4 noudattaa asiakkaan itsem\u00e4\u00e4r\u00e4\u00e4misoikeutta. Vai onko sittenk\u00e4\u00e4n? Rajoittaminen ja velvoittaminen koetaan itsem\u00e4\u00e4r\u00e4\u00e4misoi-keutta loukkaavana, jollei sit\u00e4 ole perusteltu tai asiakas ei ymm\u00e4rr\u00e4 perusteluja. Itsem\u00e4\u00e4r\u00e4\u00e4misoikeus voidaan m\u00e4\u00e4ritell\u00e4 yksil\u00f6n kyvyksi tehd\u00e4 valintoja ja p\u00e4\u00e4t\u00f6ksi\u00e4 sek\u00e4 taitoa &hellip; <a href=\"https:\/\/blogit.gradia.fi\/soteammattilaiset\/2018\/02\/21\/itsemaaraamisoikeus-mita-se-on\/\" class=\"more-link\">Jatka lukemista <span class=\"screen-reader-text\">Itsem\u00e4\u00e4r\u00e4\u00e4misoikeus &#8211; mit\u00e4 se on?<\/span> <span class=\"meta-nav\">&rarr;<\/span><\/a><\/p>\n","protected":false},"author":1131,"featured_media":0,"comment_status":"open","ping_status":"open","sticky":false,"template":"","format":"standard","meta":{"_uag_custom_page_level_css":"","footnotes":""},"categories":[1],"tags":[],"class_list":["post-317","post","type-post","status-publish","format-standard","hentry","category-yleinen"],"yoast_head":"<!-- This site is optimized with the Yoast SEO plugin v27.5 - https:\/\/yoast.com\/product\/yoast-seo-wordpress\/ -->\n<title>Itsem\u00e4\u00e4r\u00e4\u00e4misoikeus - mit\u00e4 se on? - Sote ammattilaiset<\/title>\n<meta name=\"robots\" content=\"index, follow, max-snippet:-1, max-image-preview:large, max-video-preview:-1\" \/>\n<link rel=\"canonical\" href=\"https:\/\/blogit.gradia.fi\/soteammattilaiset\/2018\/02\/21\/itsemaaraamisoikeus-mita-se-on\/\" \/>\n<meta property=\"og:locale\" content=\"fi_FI\" \/>\n<meta property=\"og:type\" content=\"article\" \/>\n<meta property=\"og:title\" content=\"Itsem\u00e4\u00e4r\u00e4\u00e4misoikeus - mit\u00e4 se on? - Sote ammattilaiset\" \/>\n<meta property=\"og:description\" content=\"Itsem\u00e4\u00e4r\u00e4\u00e4misoikeus on asia, jonka pit\u00e4isi olla meille kaikille itsest\u00e4\u00e4n selv\u00e4 asia. Meill\u00e4 jokaisella on itsem\u00e4\u00e4r\u00e4\u00e4misoikeus. Sosiaali- ja terveysalan ammattilaisina meille on itsest\u00e4\u00e4n selv\u00e4\u00e4 noudattaa asiakkaan itsem\u00e4\u00e4r\u00e4\u00e4misoikeutta. Vai onko sittenk\u00e4\u00e4n? Rajoittaminen ja velvoittaminen koetaan itsem\u00e4\u00e4r\u00e4\u00e4misoi-keutta loukkaavana, jollei sit\u00e4 ole perusteltu tai asiakas ei ymm\u00e4rr\u00e4 perusteluja. Itsem\u00e4\u00e4r\u00e4\u00e4misoikeus voidaan m\u00e4\u00e4ritell\u00e4 yksil\u00f6n kyvyksi tehd\u00e4 valintoja ja p\u00e4\u00e4t\u00f6ksi\u00e4 sek\u00e4 taitoa &hellip; Jatka lukemista Itsem\u00e4\u00e4r\u00e4\u00e4misoikeus &#8211; mit\u00e4 se on? &rarr;\" \/>\n<meta property=\"og:url\" content=\"https:\/\/blogit.gradia.fi\/soteammattilaiset\/2018\/02\/21\/itsemaaraamisoikeus-mita-se-on\/\" \/>\n<meta property=\"og:site_name\" content=\"Sote ammattilaiset\" \/>\n<meta property=\"article:published_time\" content=\"2018-02-21T10:58:30+00:00\" \/>\n<meta property=\"og:image\" content=\"https:\/\/blogit.gradia.fi\/soteammattilaiset\/wp-content\/uploads\/sites\/103\/2018\/02\/mpeatkuva.jpg\" \/>\n\t<meta property=\"og:image:width\" content=\"463\" \/>\n\t<meta property=\"og:image:height\" content=\"261\" \/>\n\t<meta property=\"og:image:type\" content=\"image\/jpeg\" \/>\n<meta name=\"author\" content=\"arkistoija\" \/>\n<meta name=\"twitter:card\" content=\"summary_large_image\" \/>\n<meta name=\"twitter:label1\" content=\"Kirjoittanut\" \/>\n\t<meta name=\"twitter:data1\" content=\"arkistoija\" \/>\n\t<meta name=\"twitter:label2\" content=\"Arvioitu lukuaika\" \/>\n\t<meta name=\"twitter:data2\" content=\"2 minuuttia\" \/>\n<script type=\"application\/ld+json\" class=\"yoast-schema-graph\">{\"@context\":\"https:\\\/\\\/schema.org\",\"@graph\":[{\"@type\":\"Article\",\"@id\":\"https:\\\/\\\/blogit.gradia.fi\\\/soteammattilaiset\\\/2018\\\/02\\\/21\\\/itsemaaraamisoikeus-mita-se-on\\\/#article\",\"isPartOf\":{\"@id\":\"https:\\\/\\\/blogit.gradia.fi\\\/soteammattilaiset\\\/2018\\\/02\\\/21\\\/itsemaaraamisoikeus-mita-se-on\\\/\"},\"author\":{\"name\":\"arkistoija\",\"@id\":\"https:\\\/\\\/blogit.gradia.fi\\\/soteammattilaiset\\\/#\\\/schema\\\/person\\\/7c0f9369c55e66511d89304e30dff7fc\"},\"headline\":\"Itsem\u00e4\u00e4r\u00e4\u00e4misoikeus &#8211; mit\u00e4 se on?\",\"datePublished\":\"2018-02-21T10:58:30+00:00\",\"mainEntityOfPage\":{\"@id\":\"https:\\\/\\\/blogit.gradia.fi\\\/soteammattilaiset\\\/2018\\\/02\\\/21\\\/itsemaaraamisoikeus-mita-se-on\\\/\"},\"wordCount\":426,\"commentCount\":0,\"image\":{\"@id\":\"https:\\\/\\\/blogit.gradia.fi\\\/soteammattilaiset\\\/2018\\\/02\\\/21\\\/itsemaaraamisoikeus-mita-se-on\\\/#primaryimage\"},\"thumbnailUrl\":\"https:\\\/\\\/blogit.gradia.fi\\\/soteammattilaiset\\\/wp-content\\\/uploads\\\/sites\\\/103\\\/2018\\\/02\\\/mpeatkuva-300x169.jpg\",\"inLanguage\":\"fi\",\"potentialAction\":[{\"@type\":\"CommentAction\",\"name\":\"Comment\",\"target\":[\"https:\\\/\\\/blogit.gradia.fi\\\/soteammattilaiset\\\/2018\\\/02\\\/21\\\/itsemaaraamisoikeus-mita-se-on\\\/#respond\"]}]},{\"@type\":\"WebPage\",\"@id\":\"https:\\\/\\\/blogit.gradia.fi\\\/soteammattilaiset\\\/2018\\\/02\\\/21\\\/itsemaaraamisoikeus-mita-se-on\\\/\",\"url\":\"https:\\\/\\\/blogit.gradia.fi\\\/soteammattilaiset\\\/2018\\\/02\\\/21\\\/itsemaaraamisoikeus-mita-se-on\\\/\",\"name\":\"Itsem\u00e4\u00e4r\u00e4\u00e4misoikeus - mit\u00e4 se on? - Sote ammattilaiset\",\"isPartOf\":{\"@id\":\"https:\\\/\\\/blogit.gradia.fi\\\/soteammattilaiset\\\/#website\"},\"primaryImageOfPage\":{\"@id\":\"https:\\\/\\\/blogit.gradia.fi\\\/soteammattilaiset\\\/2018\\\/02\\\/21\\\/itsemaaraamisoikeus-mita-se-on\\\/#primaryimage\"},\"image\":{\"@id\":\"https:\\\/\\\/blogit.gradia.fi\\\/soteammattilaiset\\\/2018\\\/02\\\/21\\\/itsemaaraamisoikeus-mita-se-on\\\/#primaryimage\"},\"thumbnailUrl\":\"https:\\\/\\\/blogit.gradia.fi\\\/soteammattilaiset\\\/wp-content\\\/uploads\\\/sites\\\/103\\\/2018\\\/02\\\/mpeatkuva-300x169.jpg\",\"datePublished\":\"2018-02-21T10:58:30+00:00\",\"author\":{\"@id\":\"https:\\\/\\\/blogit.gradia.fi\\\/soteammattilaiset\\\/#\\\/schema\\\/person\\\/7c0f9369c55e66511d89304e30dff7fc\"},\"inLanguage\":\"fi\",\"potentialAction\":[{\"@type\":\"ReadAction\",\"target\":[\"https:\\\/\\\/blogit.gradia.fi\\\/soteammattilaiset\\\/2018\\\/02\\\/21\\\/itsemaaraamisoikeus-mita-se-on\\\/\"]}]},{\"@type\":\"ImageObject\",\"inLanguage\":\"fi\",\"@id\":\"https:\\\/\\\/blogit.gradia.fi\\\/soteammattilaiset\\\/2018\\\/02\\\/21\\\/itsemaaraamisoikeus-mita-se-on\\\/#primaryimage\",\"url\":\"https:\\\/\\\/blogit.gradia.fi\\\/soteammattilaiset\\\/wp-content\\\/uploads\\\/sites\\\/103\\\/2018\\\/02\\\/mpeatkuva.jpg\",\"contentUrl\":\"https:\\\/\\\/blogit.gradia.fi\\\/soteammattilaiset\\\/wp-content\\\/uploads\\\/sites\\\/103\\\/2018\\\/02\\\/mpeatkuva.jpg\",\"width\":463,\"height\":261},{\"@type\":\"WebSite\",\"@id\":\"https:\\\/\\\/blogit.gradia.fi\\\/soteammattilaiset\\\/#website\",\"url\":\"https:\\\/\\\/blogit.gradia.fi\\\/soteammattilaiset\\\/\",\"name\":\"Sote ammattilaiset\",\"description\":\"Gradia Jyv\u00e4skyl\u00e4 \\\/ Osallisuus ja ohjaaminen palvelut ammatti- ja erikoisammattitutkinnot\",\"potentialAction\":[{\"@type\":\"SearchAction\",\"target\":{\"@type\":\"EntryPoint\",\"urlTemplate\":\"https:\\\/\\\/blogit.gradia.fi\\\/soteammattilaiset\\\/?s={search_term_string}\"},\"query-input\":{\"@type\":\"PropertyValueSpecification\",\"valueRequired\":true,\"valueName\":\"search_term_string\"}}],\"inLanguage\":\"fi\"},{\"@type\":\"Person\",\"@id\":\"https:\\\/\\\/blogit.gradia.fi\\\/soteammattilaiset\\\/#\\\/schema\\\/person\\\/7c0f9369c55e66511d89304e30dff7fc\",\"name\":\"arkistoija\",\"image\":{\"@type\":\"ImageObject\",\"inLanguage\":\"fi\",\"@id\":\"https:\\\/\\\/secure.gravatar.com\\\/avatar\\\/42e8c66b081268e60e8dd6fe8562e547e1a2a5e488c322818ec35170458cb1af?s=96&d=mm&r=g\",\"url\":\"https:\\\/\\\/secure.gravatar.com\\\/avatar\\\/42e8c66b081268e60e8dd6fe8562e547e1a2a5e488c322818ec35170458cb1af?s=96&d=mm&r=g\",\"contentUrl\":\"https:\\\/\\\/secure.gravatar.com\\\/avatar\\\/42e8c66b081268e60e8dd6fe8562e547e1a2a5e488c322818ec35170458cb1af?s=96&d=mm&r=g\",\"caption\":\"arkistoija\"},\"url\":\"https:\\\/\\\/blogit.gradia.fi\\\/soteammattilaiset\\\/author\\\/arkistoija\\\/\"}]}<\/script>\n<!-- \/ Yoast SEO plugin. -->","yoast_head_json":{"title":"Itsem\u00e4\u00e4r\u00e4\u00e4misoikeus - mit\u00e4 se on? - Sote ammattilaiset","robots":{"index":"index","follow":"follow","max-snippet":"max-snippet:-1","max-image-preview":"max-image-preview:large","max-video-preview":"max-video-preview:-1"},"canonical":"https:\/\/blogit.gradia.fi\/soteammattilaiset\/2018\/02\/21\/itsemaaraamisoikeus-mita-se-on\/","og_locale":"fi_FI","og_type":"article","og_title":"Itsem\u00e4\u00e4r\u00e4\u00e4misoikeus - mit\u00e4 se on? - Sote ammattilaiset","og_description":"Itsem\u00e4\u00e4r\u00e4\u00e4misoikeus on asia, jonka pit\u00e4isi olla meille kaikille itsest\u00e4\u00e4n selv\u00e4 asia. Meill\u00e4 jokaisella on itsem\u00e4\u00e4r\u00e4\u00e4misoikeus. Sosiaali- ja terveysalan ammattilaisina meille on itsest\u00e4\u00e4n selv\u00e4\u00e4 noudattaa asiakkaan itsem\u00e4\u00e4r\u00e4\u00e4misoikeutta. Vai onko sittenk\u00e4\u00e4n? Rajoittaminen ja velvoittaminen koetaan itsem\u00e4\u00e4r\u00e4\u00e4misoi-keutta loukkaavana, jollei sit\u00e4 ole perusteltu tai asiakas ei ymm\u00e4rr\u00e4 perusteluja. Itsem\u00e4\u00e4r\u00e4\u00e4misoikeus voidaan m\u00e4\u00e4ritell\u00e4 yksil\u00f6n kyvyksi tehd\u00e4 valintoja ja p\u00e4\u00e4t\u00f6ksi\u00e4 sek\u00e4 taitoa &hellip; Jatka lukemista Itsem\u00e4\u00e4r\u00e4\u00e4misoikeus &#8211; mit\u00e4 se on? &rarr;","og_url":"https:\/\/blogit.gradia.fi\/soteammattilaiset\/2018\/02\/21\/itsemaaraamisoikeus-mita-se-on\/","og_site_name":"Sote ammattilaiset","article_published_time":"2018-02-21T10:58:30+00:00","og_image":[{"width":463,"height":261,"url":"https:\/\/blogit.gradia.fi\/soteammattilaiset\/wp-content\/uploads\/sites\/103\/2018\/02\/mpeatkuva.jpg","type":"image\/jpeg"}],"author":"arkistoija","twitter_card":"summary_large_image","twitter_misc":{"Kirjoittanut":"arkistoija","Arvioitu lukuaika":"2 minuuttia"},"schema":{"@context":"https:\/\/schema.org","@graph":[{"@type":"Article","@id":"https:\/\/blogit.gradia.fi\/soteammattilaiset\/2018\/02\/21\/itsemaaraamisoikeus-mita-se-on\/#article","isPartOf":{"@id":"https:\/\/blogit.gradia.fi\/soteammattilaiset\/2018\/02\/21\/itsemaaraamisoikeus-mita-se-on\/"},"author":{"name":"arkistoija","@id":"https:\/\/blogit.gradia.fi\/soteammattilaiset\/#\/schema\/person\/7c0f9369c55e66511d89304e30dff7fc"},"headline":"Itsem\u00e4\u00e4r\u00e4\u00e4misoikeus &#8211; mit\u00e4 se on?","datePublished":"2018-02-21T10:58:30+00:00","mainEntityOfPage":{"@id":"https:\/\/blogit.gradia.fi\/soteammattilaiset\/2018\/02\/21\/itsemaaraamisoikeus-mita-se-on\/"},"wordCount":426,"commentCount":0,"image":{"@id":"https:\/\/blogit.gradia.fi\/soteammattilaiset\/2018\/02\/21\/itsemaaraamisoikeus-mita-se-on\/#primaryimage"},"thumbnailUrl":"https:\/\/blogit.gradia.fi\/soteammattilaiset\/wp-content\/uploads\/sites\/103\/2018\/02\/mpeatkuva-300x169.jpg","inLanguage":"fi","potentialAction":[{"@type":"CommentAction","name":"Comment","target":["https:\/\/blogit.gradia.fi\/soteammattilaiset\/2018\/02\/21\/itsemaaraamisoikeus-mita-se-on\/#respond"]}]},{"@type":"WebPage","@id":"https:\/\/blogit.gradia.fi\/soteammattilaiset\/2018\/02\/21\/itsemaaraamisoikeus-mita-se-on\/","url":"https:\/\/blogit.gradia.fi\/soteammattilaiset\/2018\/02\/21\/itsemaaraamisoikeus-mita-se-on\/","name":"Itsem\u00e4\u00e4r\u00e4\u00e4misoikeus - mit\u00e4 se on? - Sote ammattilaiset","isPartOf":{"@id":"https:\/\/blogit.gradia.fi\/soteammattilaiset\/#website"},"primaryImageOfPage":{"@id":"https:\/\/blogit.gradia.fi\/soteammattilaiset\/2018\/02\/21\/itsemaaraamisoikeus-mita-se-on\/#primaryimage"},"image":{"@id":"https:\/\/blogit.gradia.fi\/soteammattilaiset\/2018\/02\/21\/itsemaaraamisoikeus-mita-se-on\/#primaryimage"},"thumbnailUrl":"https:\/\/blogit.gradia.fi\/soteammattilaiset\/wp-content\/uploads\/sites\/103\/2018\/02\/mpeatkuva-300x169.jpg","datePublished":"2018-02-21T10:58:30+00:00","author":{"@id":"https:\/\/blogit.gradia.fi\/soteammattilaiset\/#\/schema\/person\/7c0f9369c55e66511d89304e30dff7fc"},"inLanguage":"fi","potentialAction":[{"@type":"ReadAction","target":["https:\/\/blogit.gradia.fi\/soteammattilaiset\/2018\/02\/21\/itsemaaraamisoikeus-mita-se-on\/"]}]},{"@type":"ImageObject","inLanguage":"fi","@id":"https:\/\/blogit.gradia.fi\/soteammattilaiset\/2018\/02\/21\/itsemaaraamisoikeus-mita-se-on\/#primaryimage","url":"https:\/\/blogit.gradia.fi\/soteammattilaiset\/wp-content\/uploads\/sites\/103\/2018\/02\/mpeatkuva.jpg","contentUrl":"https:\/\/blogit.gradia.fi\/soteammattilaiset\/wp-content\/uploads\/sites\/103\/2018\/02\/mpeatkuva.jpg","width":463,"height":261},{"@type":"WebSite","@id":"https:\/\/blogit.gradia.fi\/soteammattilaiset\/#website","url":"https:\/\/blogit.gradia.fi\/soteammattilaiset\/","name":"Sote ammattilaiset","description":"Gradia Jyv\u00e4skyl\u00e4 \/ Osallisuus ja ohjaaminen palvelut ammatti- ja erikoisammattitutkinnot","potentialAction":[{"@type":"SearchAction","target":{"@type":"EntryPoint","urlTemplate":"https:\/\/blogit.gradia.fi\/soteammattilaiset\/?s={search_term_string}"},"query-input":{"@type":"PropertyValueSpecification","valueRequired":true,"valueName":"search_term_string"}}],"inLanguage":"fi"},{"@type":"Person","@id":"https:\/\/blogit.gradia.fi\/soteammattilaiset\/#\/schema\/person\/7c0f9369c55e66511d89304e30dff7fc","name":"arkistoija","image":{"@type":"ImageObject","inLanguage":"fi","@id":"https:\/\/secure.gravatar.com\/avatar\/42e8c66b081268e60e8dd6fe8562e547e1a2a5e488c322818ec35170458cb1af?s=96&d=mm&r=g","url":"https:\/\/secure.gravatar.com\/avatar\/42e8c66b081268e60e8dd6fe8562e547e1a2a5e488c322818ec35170458cb1af?s=96&d=mm&r=g","contentUrl":"https:\/\/secure.gravatar.com\/avatar\/42e8c66b081268e60e8dd6fe8562e547e1a2a5e488c322818ec35170458cb1af?s=96&d=mm&r=g","caption":"arkistoija"},"url":"https:\/\/blogit.gradia.fi\/soteammattilaiset\/author\/arkistoija\/"}]}},"uagb_featured_image_src":{"full":false,"thumbnail":false,"medium":false,"medium_large":false,"large":false,"1536x1536":false,"2048x2048":false,"post-thumbnail":false},"uagb_author_info":{"display_name":"arkistoija","author_link":"https:\/\/blogit.gradia.fi\/soteammattilaiset\/author\/arkistoija\/"},"uagb_comment_info":1,"uagb_excerpt":"Itsem\u00e4\u00e4r\u00e4\u00e4misoikeus on asia, jonka pit\u00e4isi olla meille kaikille itsest\u00e4\u00e4n selv\u00e4 asia. Meill\u00e4 jokaisella on itsem\u00e4\u00e4r\u00e4\u00e4misoikeus. Sosiaali- ja terveysalan ammattilaisina meille on itsest\u00e4\u00e4n selv\u00e4\u00e4 noudattaa asiakkaan itsem\u00e4\u00e4r\u00e4\u00e4misoikeutta. Vai onko sittenk\u00e4\u00e4n? Rajoittaminen ja velvoittaminen koetaan itsem\u00e4\u00e4r\u00e4\u00e4misoi-keutta loukkaavana, jollei sit\u00e4 ole perusteltu tai asiakas ei ymm\u00e4rr\u00e4 perusteluja. Itsem\u00e4\u00e4r\u00e4\u00e4misoikeus voidaan m\u00e4\u00e4ritell\u00e4 yksil\u00f6n kyvyksi tehd\u00e4 valintoja ja p\u00e4\u00e4t\u00f6ksi\u00e4 sek\u00e4 taitoa&hellip;","_links":{"self":[{"href":"https:\/\/blogit.gradia.fi\/soteammattilaiset\/wp-json\/wp\/v2\/posts\/317","targetHints":{"allow":["GET"]}}],"collection":[{"href":"https:\/\/blogit.gradia.fi\/soteammattilaiset\/wp-json\/wp\/v2\/posts"}],"about":[{"href":"https:\/\/blogit.gradia.fi\/soteammattilaiset\/wp-json\/wp\/v2\/types\/post"}],"author":[{"embeddable":true,"href":"https:\/\/blogit.gradia.fi\/soteammattilaiset\/wp-json\/wp\/v2\/users\/1131"}],"replies":[{"embeddable":true,"href":"https:\/\/blogit.gradia.fi\/soteammattilaiset\/wp-json\/wp\/v2\/comments?post=317"}],"version-history":[{"count":0,"href":"https:\/\/blogit.gradia.fi\/soteammattilaiset\/wp-json\/wp\/v2\/posts\/317\/revisions"}],"wp:attachment":[{"href":"https:\/\/blogit.gradia.fi\/soteammattilaiset\/wp-json\/wp\/v2\/media?parent=317"}],"wp:term":[{"taxonomy":"category","embeddable":true,"href":"https:\/\/blogit.gradia.fi\/soteammattilaiset\/wp-json\/wp\/v2\/categories?post=317"},{"taxonomy":"post_tag","embeddable":true,"href":"https:\/\/blogit.gradia.fi\/soteammattilaiset\/wp-json\/wp\/v2\/tags?post=317"}],"curies":[{"name":"wp","href":"https:\/\/api.w.org\/{rel}","templated":true}]}}