{"id":300,"date":"2017-11-17T08:50:31","date_gmt":"2017-11-17T06:50:31","guid":{"rendered":"https:\/\/blogit.gradia.fi\/soteammattilaiset\/?p=300"},"modified":"2017-11-17T08:50:31","modified_gmt":"2017-11-17T06:50:31","slug":"ei-elamasta-selvia-hengissa-juice-leskinen-seka-mulla-jano-pave-maijanen-biiseja-kuunnellen-ja-miettien-sotea","status":"publish","type":"post","link":"https:\/\/blogit.gradia.fi\/soteammattilaiset\/2017\/11\/17\/ei-elamasta-selvia-hengissa-juice-leskinen-seka-mulla-jano-pave-maijanen-biiseja-kuunnellen-ja-miettien-sotea\/","title":{"rendered":"\u201dEi el\u00e4m\u00e4st\u00e4 selvi\u00e4 hengiss\u00e4\u201d (Juice Leskinen) sek\u00e4 \u201dMulla jano\u201d (Pave Maijanen) biisej\u00e4 kuunnellen ja miettien Sotea"},"content":{"rendered":"<p><strong>Kas Sote-tie se kaikkein haasteellisinta lie, jee jee<\/strong><br \/>\nSote- suunnittelu ja sen eteenp\u00e4in vienti ei ole sujunut sill\u00e4 tavalla kuin alun perin oletettiin. Monta mutkaa ja haastetta on ollut sek\u00e4 takapakkia tullut. Haasteellista Sote- suunnittelussa ovat olleet perustuslailliset ongelmat, joihin hallitus on t\u00f6rm\u00e4nnyt useamman kerran. Tuntuu uskomattomalta, ett\u00e4 Sotea on suunniteltu jo vuosia ja valmisteluty\u00f6 on j\u00e4\u00e4nyt puutteelliseksi. Mieleen her\u00e4\u00e4 v\u00e4ist\u00e4m\u00e4tt\u00e4 ajatus siit\u00e4, ett\u00e4 Sotea suunnittelevat virkamiehetk\u00e4\u00e4n eiv\u00e4t tied\u00e4, miss\u00e4 maali on. Sotea on suunniteltu terveyspalvelut edell\u00e4 ja sosiaalipalvelut kaikkine lakikiemuroineen ovat j\u00e4\u00e4neet taka-alalle velipuolen asemaan.<br \/>\n<strong><br \/>\nMul&#8217; on jono, valvira uhkaa, valuuko sote hukkaan?<\/strong><br \/>\nViimeisen vuoden ajan kunnissa on kiivaasti kehitetty toimintaa. On laadittu perhekeskusmalleja, on oltu THL: n tiloissa palavereissa maakunnallisina edustajina, on pidetty Jyv\u00e4skyl\u00e4ss\u00e4 kokouksia ja valittua edustajia ty\u00f6ryhmiin, moniin erilaisiin. On kehitetty oppilashuoltoa ja asenteita, lapsiyst\u00e4v\u00e4llisyyden huomioonottamista kaikessa kuntien toiminnassa. Kukoistava kotihoito-hanke on toinen hallituksen ykk\u00f6shanke, jossa mukana oleminen on vienyt kotihoidon esimiesten aikaa. Palvelusetelitoimintaa on kehitetty vanhuspalveluissa. Aikuissosiaality\u00f6ss\u00e4 on menty mukaan ty\u00f6toiminnan kehitt\u00e4mishankkeisiin. Asiakaspalvelua on kehitetty, hankety\u00f6ntekij\u00f6it\u00e4 rekrytoitu. Tuloksia on tullut, asiakaspalvelu parantunut, tyytyv\u00e4isyys lis\u00e4\u00e4ntynyt. Mutta mit\u00e4 sitten, kun n\u00e4m\u00e4 hankkeet loppuvat? <\/p>\n<p><strong>Esimiehen\u00e4 voit heilua jengiss\u00e4, mut selvi\u00e4tk\u00f6 Sote:sta hengiss\u00e4, jeejee<\/strong><br \/>\nKaiken kiireen keskell\u00e4 esimiehen\u00e4 on oltava ajan tasalla Soteen liittyvist\u00e4 asioita, ett\u00e4 voit esitt\u00e4\u00e4 asiaa henkil\u00f6st\u00f6lle ja vied\u00e4 asioita eteenp\u00e4in. Kaupungissamme esimiehet ehtiv\u00e4t juuri pit\u00e4\u00e4 henkil\u00f6st\u00f6lle infoa Soten maakunnan liikelaitoksen yhti\u00f6itt\u00e4misest\u00e4 ja hups! muutaman viikon p\u00e4\u00e4st\u00e4 tuli tieto, ettei niin tehd\u00e4k\u00e4\u00e4n. Lis\u00e4ksi tuli tieto, ett\u00e4 siirret\u00e4\u00e4n Sotea viel\u00e4 vuodella eteenp\u00e4in. T\u00e4m\u00e4 lis\u00e4aikap\u00e4\u00e4t\u00f6s on ehk\u00e4 paras p\u00e4\u00e4t\u00f6s t\u00e4h\u00e4n menness\u00e4 Soteen liittyen.<br \/>\n<strong><\/p>\n<p>Sua Sipil\u00e4n hallitus ohjaa lakeineen, ajaako hallitus sut satimeen, d\u00e4ng d\u00e4ng<\/strong><br \/>\nSoteen liittyvist\u00e4 p\u00e4\u00e4t\u00f6ksist\u00e4 tulevat tiedot ovat ristiriitaisia ja muuttuvat jatkuvasti. Tulee tunne, ett\u00e4 tuleekohan t\u00e4st\u00e4 mit\u00e4\u00e4n. Ja jos tulee jotain, niin mit\u00e4?<br \/>\n<strong><a href=\"https:\/\/blogit.gradia.fi\/soteammattilaiset\/wp-content\/uploads\/sites\/103\/2017\/11\/sote-blogi.jpg\"><img loading=\"lazy\" decoding=\"async\" src=\"https:\/\/blogit.gradia.fi\/soteammattilaiset\/wp-content\/uploads\/sites\/103\/2017\/11\/sote-blogi-169x300.jpg\" alt=\"\" width=\"169\" height=\"300\" class=\"aligncenter size-medium wp-image-301\" srcset=\"https:\/\/blogit.gradia.fi\/soteammattilaiset\/wp-content\/uploads\/sites\/103\/2017\/11\/sote-blogi-169x300.jpg 169w, https:\/\/blogit.gradia.fi\/soteammattilaiset\/wp-content\/uploads\/sites\/103\/2017\/11\/sote-blogi-576x1024.jpg 576w, https:\/\/blogit.gradia.fi\/soteammattilaiset\/wp-content\/uploads\/sites\/103\/2017\/11\/sote-blogi.jpg 720w\" sizes=\"auto, (max-width: 169px) 100vw, 169px\" \/><\/a><br \/>\nMaakuntalaitos istuu Sote -tuolissaan, palvelusetelill\u00e4 ohjaa sun toimintaa, d\u00e4ng d\u00e4ng<\/strong><br \/>\nMaakunta on antanut julkisen palvelulupauksen alueensa asukkaille. T\u00e4m\u00e4n lupauksen tarkoituksena on kertoa, miten palvelut maakunnassa toteutetaan. Palvelusetelill\u00e4 on tarkoitus tarjota tiettyj\u00e4 sosiaali- ja terveyspalveluita, mutta kuinka tasapuolisesti n\u00e4it\u00e4 palveluita maakunnassa pystyt\u00e4\u00e4n tarjoamaan ja onko palveluntuottajia tarpeeksi maakunnallisesti eri alueilla.<br \/>\nVoiko uudessa Sote -mallissa rikas ja rahakas silti ostaa ekstraa palvelusetelin lis\u00e4ksi, muuttuuko siis mik\u00e4\u00e4n? Toteutuuko siltik\u00e4\u00e4n tavoite, ett\u00e4 samat palvelut taataan kaikille? Pahimmassa tapauksessa saamme yhden byrokratiavaiheen lis\u00e4\u00e4, jossa palkkaamamme ty\u00f6ntekij\u00e4 ottamaa vastaan asiakkaan valinnanvapauden my\u00f6t\u00e4 h\u00e4nen toiveensa palvelunj\u00e4rjest\u00e4j\u00e4st\u00e4 ja palvelusetelin my\u00f6nt\u00e4misest\u00e4. Vaatiiko t\u00e4m\u00e4kin viranhaltijap\u00e4\u00e4t\u00f6ksen?<\/p>\n<p><strong>Sosiaali- ja terveysalan Johtamisen erikoisammattitutkinnon opiskelijat,<br \/>\nLAPE-ryhm\u00e4: Kirsi Autonen-Honkonen, Sirpa Karisto, Jarkko Nauha, Anne Puukilainen ja Leena Sepp\u00e4l\u00e4<\/strong><\/p>\n","protected":false},"excerpt":{"rendered":"<p>Kas Sote-tie se kaikkein haasteellisinta lie, jee jee Sote- suunnittelu ja sen eteenp\u00e4in vienti ei ole sujunut sill\u00e4 tavalla kuin alun perin oletettiin. Monta mutkaa ja haastetta on ollut sek\u00e4 takapakkia tullut. Haasteellista Sote- suunnittelussa ovat olleet perustuslailliset ongelmat, joihin hallitus on t\u00f6rm\u00e4nnyt useamman kerran. Tuntuu uskomattomalta, ett\u00e4 Sotea on suunniteltu jo vuosia ja valmisteluty\u00f6 &hellip; <a href=\"https:\/\/blogit.gradia.fi\/soteammattilaiset\/2017\/11\/17\/ei-elamasta-selvia-hengissa-juice-leskinen-seka-mulla-jano-pave-maijanen-biiseja-kuunnellen-ja-miettien-sotea\/\" class=\"more-link\">Jatka lukemista <span class=\"screen-reader-text\">\u201dEi el\u00e4m\u00e4st\u00e4 selvi\u00e4 hengiss\u00e4\u201d (Juice Leskinen) sek\u00e4 \u201dMulla jano\u201d (Pave Maijanen) biisej\u00e4 kuunnellen ja miettien Sotea<\/span> <span class=\"meta-nav\">&rarr;<\/span><\/a><\/p>\n","protected":false},"author":1131,"featured_media":0,"comment_status":"open","ping_status":"open","sticky":false,"template":"","format":"standard","meta":{"_uag_custom_page_level_css":"","footnotes":""},"categories":[1],"tags":[18,17,16,19,15],"class_list":["post-300","post","type-post","status-publish","format-standard","hentry","category-yleinen","tag-ei-elamassa-selvia-hengissa","tag-leskinen","tag-maijanen","tag-mul-on-jano","tag-sote-uudistus"],"yoast_head":"<!-- This site is optimized with the Yoast SEO plugin v27.5 - https:\/\/yoast.com\/product\/yoast-seo-wordpress\/ -->\n<title>\u201dEi el\u00e4m\u00e4st\u00e4 selvi\u00e4 hengiss\u00e4\u201d (Juice Leskinen) sek\u00e4 \u201dMulla jano\u201d (Pave Maijanen) biisej\u00e4 kuunnellen ja miettien Sotea - Sote ammattilaiset<\/title>\n<meta name=\"robots\" content=\"index, follow, max-snippet:-1, max-image-preview:large, max-video-preview:-1\" \/>\n<link rel=\"canonical\" href=\"https:\/\/blogit.gradia.fi\/soteammattilaiset\/2017\/11\/17\/ei-elamasta-selvia-hengissa-juice-leskinen-seka-mulla-jano-pave-maijanen-biiseja-kuunnellen-ja-miettien-sotea\/\" \/>\n<meta property=\"og:locale\" content=\"fi_FI\" \/>\n<meta property=\"og:type\" content=\"article\" \/>\n<meta property=\"og:title\" content=\"\u201dEi el\u00e4m\u00e4st\u00e4 selvi\u00e4 hengiss\u00e4\u201d (Juice Leskinen) sek\u00e4 \u201dMulla jano\u201d (Pave Maijanen) biisej\u00e4 kuunnellen ja miettien Sotea - Sote ammattilaiset\" \/>\n<meta property=\"og:description\" content=\"Kas Sote-tie se kaikkein haasteellisinta lie, jee jee Sote- suunnittelu ja sen eteenp\u00e4in vienti ei ole sujunut sill\u00e4 tavalla kuin alun perin oletettiin. Monta mutkaa ja haastetta on ollut sek\u00e4 takapakkia tullut. Haasteellista Sote- suunnittelussa ovat olleet perustuslailliset ongelmat, joihin hallitus on t\u00f6rm\u00e4nnyt useamman kerran. Tuntuu uskomattomalta, ett\u00e4 Sotea on suunniteltu jo vuosia ja valmisteluty\u00f6 &hellip; Jatka lukemista \u201dEi el\u00e4m\u00e4st\u00e4 selvi\u00e4 hengiss\u00e4\u201d (Juice Leskinen) sek\u00e4 \u201dMulla jano\u201d (Pave Maijanen) biisej\u00e4 kuunnellen ja miettien Sotea &rarr;\" \/>\n<meta property=\"og:url\" content=\"https:\/\/blogit.gradia.fi\/soteammattilaiset\/2017\/11\/17\/ei-elamasta-selvia-hengissa-juice-leskinen-seka-mulla-jano-pave-maijanen-biiseja-kuunnellen-ja-miettien-sotea\/\" \/>\n<meta property=\"og:site_name\" content=\"Sote ammattilaiset\" \/>\n<meta property=\"article:published_time\" content=\"2017-11-17T06:50:31+00:00\" \/>\n<meta property=\"og:image\" content=\"https:\/\/blogit.gradia.fi\/soteammattilaiset\/wp-content\/uploads\/sites\/103\/2017\/11\/sote-blogi.jpg\" \/>\n\t<meta property=\"og:image:width\" content=\"720\" \/>\n\t<meta property=\"og:image:height\" content=\"1280\" \/>\n\t<meta property=\"og:image:type\" content=\"image\/jpeg\" \/>\n<meta name=\"author\" content=\"arkistoija\" \/>\n<meta name=\"twitter:card\" content=\"summary_large_image\" \/>\n<meta name=\"twitter:label1\" content=\"Kirjoittanut\" \/>\n\t<meta name=\"twitter:data1\" content=\"arkistoija\" \/>\n\t<meta name=\"twitter:label2\" content=\"Arvioitu lukuaika\" \/>\n\t<meta name=\"twitter:data2\" content=\"2 minuuttia\" \/>\n<script type=\"application\/ld+json\" class=\"yoast-schema-graph\">{\"@context\":\"https:\\\/\\\/schema.org\",\"@graph\":[{\"@type\":\"Article\",\"@id\":\"https:\\\/\\\/blogit.gradia.fi\\\/soteammattilaiset\\\/2017\\\/11\\\/17\\\/ei-elamasta-selvia-hengissa-juice-leskinen-seka-mulla-jano-pave-maijanen-biiseja-kuunnellen-ja-miettien-sotea\\\/#article\",\"isPartOf\":{\"@id\":\"https:\\\/\\\/blogit.gradia.fi\\\/soteammattilaiset\\\/2017\\\/11\\\/17\\\/ei-elamasta-selvia-hengissa-juice-leskinen-seka-mulla-jano-pave-maijanen-biiseja-kuunnellen-ja-miettien-sotea\\\/\"},\"author\":{\"name\":\"arkistoija\",\"@id\":\"https:\\\/\\\/blogit.gradia.fi\\\/soteammattilaiset\\\/#\\\/schema\\\/person\\\/7c0f9369c55e66511d89304e30dff7fc\"},\"headline\":\"\u201dEi el\u00e4m\u00e4st\u00e4 selvi\u00e4 hengiss\u00e4\u201d (Juice Leskinen) sek\u00e4 \u201dMulla jano\u201d (Pave Maijanen) biisej\u00e4 kuunnellen ja miettien Sotea\",\"datePublished\":\"2017-11-17T06:50:31+00:00\",\"mainEntityOfPage\":{\"@id\":\"https:\\\/\\\/blogit.gradia.fi\\\/soteammattilaiset\\\/2017\\\/11\\\/17\\\/ei-elamasta-selvia-hengissa-juice-leskinen-seka-mulla-jano-pave-maijanen-biiseja-kuunnellen-ja-miettien-sotea\\\/\"},\"wordCount\":486,\"commentCount\":0,\"image\":{\"@id\":\"https:\\\/\\\/blogit.gradia.fi\\\/soteammattilaiset\\\/2017\\\/11\\\/17\\\/ei-elamasta-selvia-hengissa-juice-leskinen-seka-mulla-jano-pave-maijanen-biiseja-kuunnellen-ja-miettien-sotea\\\/#primaryimage\"},\"thumbnailUrl\":\"https:\\\/\\\/blogit.gradia.fi\\\/soteammattilaiset\\\/wp-content\\\/uploads\\\/sites\\\/103\\\/2017\\\/11\\\/sote-blogi-169x300.jpg\",\"keywords\":[\"Ei el\u00e4m\u00e4ss\u00e4 selvi\u00e4 hengiss\u00e4\",\"Leskinen\",\"Maijanen\",\"Mul on jano\",\"Sote -uudistus\"],\"inLanguage\":\"fi\",\"potentialAction\":[{\"@type\":\"CommentAction\",\"name\":\"Comment\",\"target\":[\"https:\\\/\\\/blogit.gradia.fi\\\/soteammattilaiset\\\/2017\\\/11\\\/17\\\/ei-elamasta-selvia-hengissa-juice-leskinen-seka-mulla-jano-pave-maijanen-biiseja-kuunnellen-ja-miettien-sotea\\\/#respond\"]}]},{\"@type\":\"WebPage\",\"@id\":\"https:\\\/\\\/blogit.gradia.fi\\\/soteammattilaiset\\\/2017\\\/11\\\/17\\\/ei-elamasta-selvia-hengissa-juice-leskinen-seka-mulla-jano-pave-maijanen-biiseja-kuunnellen-ja-miettien-sotea\\\/\",\"url\":\"https:\\\/\\\/blogit.gradia.fi\\\/soteammattilaiset\\\/2017\\\/11\\\/17\\\/ei-elamasta-selvia-hengissa-juice-leskinen-seka-mulla-jano-pave-maijanen-biiseja-kuunnellen-ja-miettien-sotea\\\/\",\"name\":\"\u201dEi el\u00e4m\u00e4st\u00e4 selvi\u00e4 hengiss\u00e4\u201d (Juice Leskinen) sek\u00e4 \u201dMulla jano\u201d (Pave Maijanen) biisej\u00e4 kuunnellen ja miettien Sotea - Sote ammattilaiset\",\"isPartOf\":{\"@id\":\"https:\\\/\\\/blogit.gradia.fi\\\/soteammattilaiset\\\/#website\"},\"primaryImageOfPage\":{\"@id\":\"https:\\\/\\\/blogit.gradia.fi\\\/soteammattilaiset\\\/2017\\\/11\\\/17\\\/ei-elamasta-selvia-hengissa-juice-leskinen-seka-mulla-jano-pave-maijanen-biiseja-kuunnellen-ja-miettien-sotea\\\/#primaryimage\"},\"image\":{\"@id\":\"https:\\\/\\\/blogit.gradia.fi\\\/soteammattilaiset\\\/2017\\\/11\\\/17\\\/ei-elamasta-selvia-hengissa-juice-leskinen-seka-mulla-jano-pave-maijanen-biiseja-kuunnellen-ja-miettien-sotea\\\/#primaryimage\"},\"thumbnailUrl\":\"https:\\\/\\\/blogit.gradia.fi\\\/soteammattilaiset\\\/wp-content\\\/uploads\\\/sites\\\/103\\\/2017\\\/11\\\/sote-blogi-169x300.jpg\",\"datePublished\":\"2017-11-17T06:50:31+00:00\",\"author\":{\"@id\":\"https:\\\/\\\/blogit.gradia.fi\\\/soteammattilaiset\\\/#\\\/schema\\\/person\\\/7c0f9369c55e66511d89304e30dff7fc\"},\"inLanguage\":\"fi\",\"potentialAction\":[{\"@type\":\"ReadAction\",\"target\":[\"https:\\\/\\\/blogit.gradia.fi\\\/soteammattilaiset\\\/2017\\\/11\\\/17\\\/ei-elamasta-selvia-hengissa-juice-leskinen-seka-mulla-jano-pave-maijanen-biiseja-kuunnellen-ja-miettien-sotea\\\/\"]}]},{\"@type\":\"ImageObject\",\"inLanguage\":\"fi\",\"@id\":\"https:\\\/\\\/blogit.gradia.fi\\\/soteammattilaiset\\\/2017\\\/11\\\/17\\\/ei-elamasta-selvia-hengissa-juice-leskinen-seka-mulla-jano-pave-maijanen-biiseja-kuunnellen-ja-miettien-sotea\\\/#primaryimage\",\"url\":\"https:\\\/\\\/blogit.gradia.fi\\\/soteammattilaiset\\\/wp-content\\\/uploads\\\/sites\\\/103\\\/2017\\\/11\\\/sote-blogi.jpg\",\"contentUrl\":\"https:\\\/\\\/blogit.gradia.fi\\\/soteammattilaiset\\\/wp-content\\\/uploads\\\/sites\\\/103\\\/2017\\\/11\\\/sote-blogi.jpg\",\"width\":720,\"height\":1280},{\"@type\":\"WebSite\",\"@id\":\"https:\\\/\\\/blogit.gradia.fi\\\/soteammattilaiset\\\/#website\",\"url\":\"https:\\\/\\\/blogit.gradia.fi\\\/soteammattilaiset\\\/\",\"name\":\"Sote ammattilaiset\",\"description\":\"Gradia Jyv\u00e4skyl\u00e4 \\\/ Osallisuus ja ohjaaminen palvelut ammatti- ja erikoisammattitutkinnot\",\"potentialAction\":[{\"@type\":\"SearchAction\",\"target\":{\"@type\":\"EntryPoint\",\"urlTemplate\":\"https:\\\/\\\/blogit.gradia.fi\\\/soteammattilaiset\\\/?s={search_term_string}\"},\"query-input\":{\"@type\":\"PropertyValueSpecification\",\"valueRequired\":true,\"valueName\":\"search_term_string\"}}],\"inLanguage\":\"fi\"},{\"@type\":\"Person\",\"@id\":\"https:\\\/\\\/blogit.gradia.fi\\\/soteammattilaiset\\\/#\\\/schema\\\/person\\\/7c0f9369c55e66511d89304e30dff7fc\",\"name\":\"arkistoija\",\"image\":{\"@type\":\"ImageObject\",\"inLanguage\":\"fi\",\"@id\":\"https:\\\/\\\/secure.gravatar.com\\\/avatar\\\/42e8c66b081268e60e8dd6fe8562e547e1a2a5e488c322818ec35170458cb1af?s=96&d=mm&r=g\",\"url\":\"https:\\\/\\\/secure.gravatar.com\\\/avatar\\\/42e8c66b081268e60e8dd6fe8562e547e1a2a5e488c322818ec35170458cb1af?s=96&d=mm&r=g\",\"contentUrl\":\"https:\\\/\\\/secure.gravatar.com\\\/avatar\\\/42e8c66b081268e60e8dd6fe8562e547e1a2a5e488c322818ec35170458cb1af?s=96&d=mm&r=g\",\"caption\":\"arkistoija\"},\"url\":\"https:\\\/\\\/blogit.gradia.fi\\\/soteammattilaiset\\\/author\\\/arkistoija\\\/\"}]}<\/script>\n<!-- \/ Yoast SEO plugin. -->","yoast_head_json":{"title":"\u201dEi el\u00e4m\u00e4st\u00e4 selvi\u00e4 hengiss\u00e4\u201d (Juice Leskinen) sek\u00e4 \u201dMulla jano\u201d (Pave Maijanen) biisej\u00e4 kuunnellen ja miettien Sotea - Sote ammattilaiset","robots":{"index":"index","follow":"follow","max-snippet":"max-snippet:-1","max-image-preview":"max-image-preview:large","max-video-preview":"max-video-preview:-1"},"canonical":"https:\/\/blogit.gradia.fi\/soteammattilaiset\/2017\/11\/17\/ei-elamasta-selvia-hengissa-juice-leskinen-seka-mulla-jano-pave-maijanen-biiseja-kuunnellen-ja-miettien-sotea\/","og_locale":"fi_FI","og_type":"article","og_title":"\u201dEi el\u00e4m\u00e4st\u00e4 selvi\u00e4 hengiss\u00e4\u201d (Juice Leskinen) sek\u00e4 \u201dMulla jano\u201d (Pave Maijanen) biisej\u00e4 kuunnellen ja miettien Sotea - Sote ammattilaiset","og_description":"Kas Sote-tie se kaikkein haasteellisinta lie, jee jee Sote- suunnittelu ja sen eteenp\u00e4in vienti ei ole sujunut sill\u00e4 tavalla kuin alun perin oletettiin. Monta mutkaa ja haastetta on ollut sek\u00e4 takapakkia tullut. Haasteellista Sote- suunnittelussa ovat olleet perustuslailliset ongelmat, joihin hallitus on t\u00f6rm\u00e4nnyt useamman kerran. Tuntuu uskomattomalta, ett\u00e4 Sotea on suunniteltu jo vuosia ja valmisteluty\u00f6 &hellip; Jatka lukemista \u201dEi el\u00e4m\u00e4st\u00e4 selvi\u00e4 hengiss\u00e4\u201d (Juice Leskinen) sek\u00e4 \u201dMulla jano\u201d (Pave Maijanen) biisej\u00e4 kuunnellen ja miettien Sotea &rarr;","og_url":"https:\/\/blogit.gradia.fi\/soteammattilaiset\/2017\/11\/17\/ei-elamasta-selvia-hengissa-juice-leskinen-seka-mulla-jano-pave-maijanen-biiseja-kuunnellen-ja-miettien-sotea\/","og_site_name":"Sote ammattilaiset","article_published_time":"2017-11-17T06:50:31+00:00","og_image":[{"width":720,"height":1280,"url":"https:\/\/blogit.gradia.fi\/soteammattilaiset\/wp-content\/uploads\/sites\/103\/2017\/11\/sote-blogi.jpg","type":"image\/jpeg"}],"author":"arkistoija","twitter_card":"summary_large_image","twitter_misc":{"Kirjoittanut":"arkistoija","Arvioitu lukuaika":"2 minuuttia"},"schema":{"@context":"https:\/\/schema.org","@graph":[{"@type":"Article","@id":"https:\/\/blogit.gradia.fi\/soteammattilaiset\/2017\/11\/17\/ei-elamasta-selvia-hengissa-juice-leskinen-seka-mulla-jano-pave-maijanen-biiseja-kuunnellen-ja-miettien-sotea\/#article","isPartOf":{"@id":"https:\/\/blogit.gradia.fi\/soteammattilaiset\/2017\/11\/17\/ei-elamasta-selvia-hengissa-juice-leskinen-seka-mulla-jano-pave-maijanen-biiseja-kuunnellen-ja-miettien-sotea\/"},"author":{"name":"arkistoija","@id":"https:\/\/blogit.gradia.fi\/soteammattilaiset\/#\/schema\/person\/7c0f9369c55e66511d89304e30dff7fc"},"headline":"\u201dEi el\u00e4m\u00e4st\u00e4 selvi\u00e4 hengiss\u00e4\u201d (Juice Leskinen) sek\u00e4 \u201dMulla jano\u201d (Pave Maijanen) biisej\u00e4 kuunnellen ja miettien Sotea","datePublished":"2017-11-17T06:50:31+00:00","mainEntityOfPage":{"@id":"https:\/\/blogit.gradia.fi\/soteammattilaiset\/2017\/11\/17\/ei-elamasta-selvia-hengissa-juice-leskinen-seka-mulla-jano-pave-maijanen-biiseja-kuunnellen-ja-miettien-sotea\/"},"wordCount":486,"commentCount":0,"image":{"@id":"https:\/\/blogit.gradia.fi\/soteammattilaiset\/2017\/11\/17\/ei-elamasta-selvia-hengissa-juice-leskinen-seka-mulla-jano-pave-maijanen-biiseja-kuunnellen-ja-miettien-sotea\/#primaryimage"},"thumbnailUrl":"https:\/\/blogit.gradia.fi\/soteammattilaiset\/wp-content\/uploads\/sites\/103\/2017\/11\/sote-blogi-169x300.jpg","keywords":["Ei el\u00e4m\u00e4ss\u00e4 selvi\u00e4 hengiss\u00e4","Leskinen","Maijanen","Mul on jano","Sote -uudistus"],"inLanguage":"fi","potentialAction":[{"@type":"CommentAction","name":"Comment","target":["https:\/\/blogit.gradia.fi\/soteammattilaiset\/2017\/11\/17\/ei-elamasta-selvia-hengissa-juice-leskinen-seka-mulla-jano-pave-maijanen-biiseja-kuunnellen-ja-miettien-sotea\/#respond"]}]},{"@type":"WebPage","@id":"https:\/\/blogit.gradia.fi\/soteammattilaiset\/2017\/11\/17\/ei-elamasta-selvia-hengissa-juice-leskinen-seka-mulla-jano-pave-maijanen-biiseja-kuunnellen-ja-miettien-sotea\/","url":"https:\/\/blogit.gradia.fi\/soteammattilaiset\/2017\/11\/17\/ei-elamasta-selvia-hengissa-juice-leskinen-seka-mulla-jano-pave-maijanen-biiseja-kuunnellen-ja-miettien-sotea\/","name":"\u201dEi el\u00e4m\u00e4st\u00e4 selvi\u00e4 hengiss\u00e4\u201d (Juice Leskinen) sek\u00e4 \u201dMulla jano\u201d (Pave Maijanen) biisej\u00e4 kuunnellen ja miettien Sotea - Sote ammattilaiset","isPartOf":{"@id":"https:\/\/blogit.gradia.fi\/soteammattilaiset\/#website"},"primaryImageOfPage":{"@id":"https:\/\/blogit.gradia.fi\/soteammattilaiset\/2017\/11\/17\/ei-elamasta-selvia-hengissa-juice-leskinen-seka-mulla-jano-pave-maijanen-biiseja-kuunnellen-ja-miettien-sotea\/#primaryimage"},"image":{"@id":"https:\/\/blogit.gradia.fi\/soteammattilaiset\/2017\/11\/17\/ei-elamasta-selvia-hengissa-juice-leskinen-seka-mulla-jano-pave-maijanen-biiseja-kuunnellen-ja-miettien-sotea\/#primaryimage"},"thumbnailUrl":"https:\/\/blogit.gradia.fi\/soteammattilaiset\/wp-content\/uploads\/sites\/103\/2017\/11\/sote-blogi-169x300.jpg","datePublished":"2017-11-17T06:50:31+00:00","author":{"@id":"https:\/\/blogit.gradia.fi\/soteammattilaiset\/#\/schema\/person\/7c0f9369c55e66511d89304e30dff7fc"},"inLanguage":"fi","potentialAction":[{"@type":"ReadAction","target":["https:\/\/blogit.gradia.fi\/soteammattilaiset\/2017\/11\/17\/ei-elamasta-selvia-hengissa-juice-leskinen-seka-mulla-jano-pave-maijanen-biiseja-kuunnellen-ja-miettien-sotea\/"]}]},{"@type":"ImageObject","inLanguage":"fi","@id":"https:\/\/blogit.gradia.fi\/soteammattilaiset\/2017\/11\/17\/ei-elamasta-selvia-hengissa-juice-leskinen-seka-mulla-jano-pave-maijanen-biiseja-kuunnellen-ja-miettien-sotea\/#primaryimage","url":"https:\/\/blogit.gradia.fi\/soteammattilaiset\/wp-content\/uploads\/sites\/103\/2017\/11\/sote-blogi.jpg","contentUrl":"https:\/\/blogit.gradia.fi\/soteammattilaiset\/wp-content\/uploads\/sites\/103\/2017\/11\/sote-blogi.jpg","width":720,"height":1280},{"@type":"WebSite","@id":"https:\/\/blogit.gradia.fi\/soteammattilaiset\/#website","url":"https:\/\/blogit.gradia.fi\/soteammattilaiset\/","name":"Sote ammattilaiset","description":"Gradia Jyv\u00e4skyl\u00e4 \/ Osallisuus ja ohjaaminen palvelut ammatti- ja erikoisammattitutkinnot","potentialAction":[{"@type":"SearchAction","target":{"@type":"EntryPoint","urlTemplate":"https:\/\/blogit.gradia.fi\/soteammattilaiset\/?s={search_term_string}"},"query-input":{"@type":"PropertyValueSpecification","valueRequired":true,"valueName":"search_term_string"}}],"inLanguage":"fi"},{"@type":"Person","@id":"https:\/\/blogit.gradia.fi\/soteammattilaiset\/#\/schema\/person\/7c0f9369c55e66511d89304e30dff7fc","name":"arkistoija","image":{"@type":"ImageObject","inLanguage":"fi","@id":"https:\/\/secure.gravatar.com\/avatar\/42e8c66b081268e60e8dd6fe8562e547e1a2a5e488c322818ec35170458cb1af?s=96&d=mm&r=g","url":"https:\/\/secure.gravatar.com\/avatar\/42e8c66b081268e60e8dd6fe8562e547e1a2a5e488c322818ec35170458cb1af?s=96&d=mm&r=g","contentUrl":"https:\/\/secure.gravatar.com\/avatar\/42e8c66b081268e60e8dd6fe8562e547e1a2a5e488c322818ec35170458cb1af?s=96&d=mm&r=g","caption":"arkistoija"},"url":"https:\/\/blogit.gradia.fi\/soteammattilaiset\/author\/arkistoija\/"}]}},"uagb_featured_image_src":{"full":false,"thumbnail":false,"medium":false,"medium_large":false,"large":false,"1536x1536":false,"2048x2048":false,"post-thumbnail":false},"uagb_author_info":{"display_name":"arkistoija","author_link":"https:\/\/blogit.gradia.fi\/soteammattilaiset\/author\/arkistoija\/"},"uagb_comment_info":7,"uagb_excerpt":"Kas Sote-tie se kaikkein haasteellisinta lie, jee jee Sote- suunnittelu ja sen eteenp\u00e4in vienti ei ole sujunut sill\u00e4 tavalla kuin alun perin oletettiin. Monta mutkaa ja haastetta on ollut sek\u00e4 takapakkia tullut. Haasteellista Sote- suunnittelussa ovat olleet perustuslailliset ongelmat, joihin hallitus on t\u00f6rm\u00e4nnyt useamman kerran. Tuntuu uskomattomalta, ett\u00e4 Sotea on suunniteltu jo vuosia ja valmisteluty\u00f6&hellip;","_links":{"self":[{"href":"https:\/\/blogit.gradia.fi\/soteammattilaiset\/wp-json\/wp\/v2\/posts\/300","targetHints":{"allow":["GET"]}}],"collection":[{"href":"https:\/\/blogit.gradia.fi\/soteammattilaiset\/wp-json\/wp\/v2\/posts"}],"about":[{"href":"https:\/\/blogit.gradia.fi\/soteammattilaiset\/wp-json\/wp\/v2\/types\/post"}],"author":[{"embeddable":true,"href":"https:\/\/blogit.gradia.fi\/soteammattilaiset\/wp-json\/wp\/v2\/users\/1131"}],"replies":[{"embeddable":true,"href":"https:\/\/blogit.gradia.fi\/soteammattilaiset\/wp-json\/wp\/v2\/comments?post=300"}],"version-history":[{"count":0,"href":"https:\/\/blogit.gradia.fi\/soteammattilaiset\/wp-json\/wp\/v2\/posts\/300\/revisions"}],"wp:attachment":[{"href":"https:\/\/blogit.gradia.fi\/soteammattilaiset\/wp-json\/wp\/v2\/media?parent=300"}],"wp:term":[{"taxonomy":"category","embeddable":true,"href":"https:\/\/blogit.gradia.fi\/soteammattilaiset\/wp-json\/wp\/v2\/categories?post=300"},{"taxonomy":"post_tag","embeddable":true,"href":"https:\/\/blogit.gradia.fi\/soteammattilaiset\/wp-json\/wp\/v2\/tags?post=300"}],"curies":[{"name":"wp","href":"https:\/\/api.w.org\/{rel}","templated":true}]}}